{"id":38110,"date":"2018-10-23T02:22:54","date_gmt":"2018-10-23T02:22:54","guid":{"rendered":"http:\/\/www.celttv.com.ar\/?p=38110"},"modified":"2018-10-23T02:22:54","modified_gmt":"2018-10-23T02:22:54","slug":"confirmaron-las-fechas-de-las-paso-y-las-elecciones-generales-de-2019","status":"publish","type":"post","link":"https:\/\/www.celttv.com.ar\/index.php\/2018\/10\/23\/confirmaron-las-fechas-de-las-paso-y-las-elecciones-generales-de-2019\/","title":{"rendered":"Confirmaron las fechas de las PASO y las elecciones generales de 2019"},"content":{"rendered":"<p>El Gobierno nacional confirm\u00f3 hoy el cronograma electoral de 2019, que iniciar\u00e1 con las Primarias, Abiertas, Simult\u00e1neas y Obligatorias (PASO) el 11 de agosto.<br \/>\nEn tanto, el 27 de octubre se celebrar\u00e1n las elecciones generales en la \u00a0que se elegir\u00e1 Presidente de la Naci\u00f3n y, en caso de ser necesario, el 24 de noviembre se realizar\u00e1 la segunda vuelta electoral.<br \/>\nEl cronograma fue publicado por la Direcci\u00f3n Nacional Electoral, donde se ratific\u00f3 que en las elecciones nacionales de 2019 continuar\u00e1 vigente el esquema que mantiene PASO, elecciones generales y un eventual balotaje.<br \/>\nAdem\u00e1s, la informaci\u00f3n difundida detall\u00f3 fechas a tener en cuenta por los partidos pol\u00edticos que aspiren a presentar candidatos en las elecciones nacionales y aquellas provincias que unifiquen sus comicios internos con los del pa\u00eds.<br \/>\n<strong>Lo m\u00e1s destacado del cronograma<\/strong><br \/>\n*30 de abril: cierre del padr\u00f3n provisorio e fecha l\u00edmite para la inclusi\u00f3n de novedades registrales<br \/>\n*10 de mayo: vence el plazo para la apertura del registro de empresas de encuestas y sondeos de opini\u00f3n para las PASO.<br \/>\n*25 de mayo: vece el plazo para que los electores realicen reclamos vinculados al padr\u00f3n provisorio.<br \/>\n*22 de junio: vence el plazo para la presentaci\u00f3n de las listas de precandidatos para las PASO ante la Junta Electoral Partidaria.<br \/>\n*7\u00a0de julio: vence el plazo para el sorteo p\u00fablico de asignaci\u00f3n de Espacios de Publicidad Electoral.<br \/>\n*12 de julio: empieza la campa\u00f1a electoral.<br \/>\n*27 de julio: publicaci\u00f3n de lugares y mesas de votaci\u00f3n.<br \/>\n*11 de agosto: elecciones Primarias, Abiertas, Simult\u00e1neas y Obligatorias (PASO).<br \/>\n*13 de septiembre: convocatoria al debate presidencial obligatorio.<br \/>\n*22 de septiembre: inicio de la campa\u00f1a electoral para las elecciones generales.<br \/>\n*27 de septiembre: publicaci\u00f3n del padr\u00f3n definitivo.<br \/>\n*2\u00a0de octubre: inicio de la campa\u00f1a electoral en servicios de Comunicaci\u00f3n Audiovisual.<br \/>\n*12 de octubre: inicio de la prohibici\u00f3n de la publicidad de los actos de gobierno susceptibles de promover la captaci\u00f3n del voto.<br \/>\n*19 de octubre: prohibici\u00f3n de publicaci\u00f3n de encuestas y pron\u00f3sticos electorales.<br \/>\n*27 de octubre: elecciones generales.<br \/>\n*24 de noviembre: segunda vuelta electoral (elecci\u00f3n a presidente y vice entre las f\u00f3rmulas m\u00e1s votadas en las elecciones generales en caso de que ninguna de ellas hubiera alcanzado las mayor\u00edas necesarias)\u00a0(NA, \u00c1mbito y La Nueva.)<br \/>\n&nbsp;<br \/>\n<a href=\"http:\/\/www.celttv.com.ar\/?attachment_id=38111\" rel=\"attachment wp-att-38111\"><img loading=\"lazy\" decoding=\"async\" class=\"alignleft size-medium wp-image-38111\" src=\"http:\/\/www.celttv.com.ar\/wp-content\/uploads\/2018\/10\/urna-1-780x517.jpg\" alt=\"\" width=\"780\" height=\"517\" \/><\/a><\/p>\n","protected":false},"excerpt":{"rendered":"<p>El Gobierno nacional confirm\u00f3 hoy el cronograma electoral de 2019, que iniciar\u00e1 con las Primarias, Abiertas, Simult\u00e1neas y Obligatorias (PASO) el 11 de agosto. En tanto, el 27 de octubre se celebrar\u00e1n las elecciones generales en la \u00a0que se elegir\u00e1 Presidente de la Naci\u00f3n y, en caso de ser necesario, el 24 de noviembre se [&hellip;]<\/p>\n","protected":false},"author":1,"featured_media":38111,"comment_status":"closed","ping_status":"open","sticky":false,"template":"","format":"standard","meta":{"footnotes":""},"categories":[51,52,53],"tags":[],"class_list":["post-38110","post","type-post","status-publish","format-standard","has-post-thumbnail","hentry","category-comunidad","category-destacadas","category-politica"],"yoast_head":"<!-- This site is optimized with the Yoast SEO plugin v19.7.1 - https:\/\/yoast.com\/wordpress\/plugins\/seo\/ -->\n<title>Confirmaron las fechas de las PASO y las elecciones generales de 2019 - CELTTV<\/title>\n<meta name=\"description\" content=\"Sitio web de noticias de la localidad de Tornquist, provincia de Buenos Aires, Rep\u00fablica Argentina. Contenido propio originado por periodistas de CELTTV, el canal de TV local de la Cooperativa El\u00e9ctrica de Tornquist. Turismo, Pol\u00edtica, Sociedad, Deporte, Cultura y todo el contenido de inter\u00e9s general que la gente del pueblo y la regi\u00f3n debe conocer.\" \/>\n<meta name=\"robots\" content=\"index, follow, max-snippet:-1, max-image-preview:large, max-video-preview:-1\" \/>\n<link rel=\"canonical\" href=\"https:\/\/www.celttv.com.ar\/index.php\/2018\/10\/23\/confirmaron-las-fechas-de-las-paso-y-las-elecciones-generales-de-2019\/\" \/>\n<meta property=\"og:locale\" content=\"es_ES\" \/>\n<meta property=\"og:type\" content=\"article\" \/>\n<meta property=\"og:title\" content=\"Confirmaron las fechas de las PASO y las elecciones generales de 2019 - CELTTV\" \/>\n<meta property=\"og:description\" content=\"Sitio web de noticias de la localidad de Tornquist, provincia de Buenos Aires, Rep\u00fablica Argentina. Contenido propio originado por periodistas de CELTTV, el canal de TV local de la Cooperativa El\u00e9ctrica de Tornquist. Turismo, Pol\u00edtica, Sociedad, Deporte, Cultura y todo el contenido de inter\u00e9s general que la gente del pueblo y la regi\u00f3n debe conocer.\" \/>\n<meta property=\"og:url\" content=\"https:\/\/www.celttv.com.ar\/index.php\/2018\/10\/23\/confirmaron-las-fechas-de-las-paso-y-las-elecciones-generales-de-2019\/\" \/>\n<meta property=\"og:site_name\" content=\"CELTTV\" \/>\n<meta property=\"article:publisher\" content=\"https:\/\/www.facebook.com\/celtTV\/\" \/>\n<meta property=\"article:published_time\" content=\"2018-10-23T02:22:54+00:00\" \/>\n<meta property=\"og:image\" content=\"https:\/\/www.celttv.com.ar\/wp-content\/uploads\/2018\/10\/urna-1.jpg\" \/>\n\t<meta property=\"og:image:width\" content=\"798\" \/>\n\t<meta property=\"og:image:height\" content=\"529\" \/>\n\t<meta property=\"og:image:type\" content=\"image\/jpeg\" \/>\n<meta name=\"author\" content=\"ulises\" \/>\n<meta name=\"twitter:card\" content=\"summary_large_image\" \/>\n<meta name=\"twitter:label1\" content=\"Escrito por\" \/>\n\t<meta name=\"twitter:data1\" content=\"ulises\" \/>\n\t<meta name=\"twitter:label2\" content=\"Tiempo de lectura\" \/>\n\t<meta name=\"twitter:data2\" content=\"2 minutos\" \/>\n<script type=\"application\/ld+json\" class=\"yoast-schema-graph\">{\"@context\":\"https:\/\/schema.org\",\"@graph\":[{\"@type\":\"NewsArticle\",\"@id\":\"https:\/\/www.celttv.com.ar\/index.php\/2018\/10\/23\/confirmaron-las-fechas-de-las-paso-y-las-elecciones-generales-de-2019\/#article\",\"isPartOf\":{\"@id\":\"https:\/\/www.celttv.com.ar\/index.php\/2018\/10\/23\/confirmaron-las-fechas-de-las-paso-y-las-elecciones-generales-de-2019\/\"},\"author\":{\"name\":\"ulises\",\"@id\":\"https:\/\/www.celttv.com.ar\/#\/schema\/person\/6d99c072dba59953809c81446e9d0ace\"},\"headline\":\"Confirmaron las fechas de las PASO y las elecciones generales de 2019\",\"datePublished\":\"2018-10-23T02:22:54+00:00\",\"dateModified\":\"2018-10-23T02:22:54+00:00\",\"mainEntityOfPage\":{\"@id\":\"https:\/\/www.celttv.com.ar\/index.php\/2018\/10\/23\/confirmaron-las-fechas-de-las-paso-y-las-elecciones-generales-de-2019\/\"},\"wordCount\":393,\"publisher\":{\"@id\":\"https:\/\/www.celttv.com.ar\/#organization\"},\"articleSection\":[\"Comunidad\",\"Destacadas\",\"Pol\u00edtica\"],\"inLanguage\":\"es\"},{\"@type\":\"WebPage\",\"@id\":\"https:\/\/www.celttv.com.ar\/index.php\/2018\/10\/23\/confirmaron-las-fechas-de-las-paso-y-las-elecciones-generales-de-2019\/\",\"url\":\"https:\/\/www.celttv.com.ar\/index.php\/2018\/10\/23\/confirmaron-las-fechas-de-las-paso-y-las-elecciones-generales-de-2019\/\",\"name\":\"Confirmaron las fechas de las PASO y las elecciones generales de 2019 - CELTTV\",\"isPartOf\":{\"@id\":\"https:\/\/www.celttv.com.ar\/#website\"},\"datePublished\":\"2018-10-23T02:22:54+00:00\",\"dateModified\":\"2018-10-23T02:22:54+00:00\",\"description\":\"Sitio web de noticias de la localidad de Tornquist, provincia de Buenos Aires, Rep\u00fablica Argentina. Contenido propio originado por periodistas de CELTTV, el canal de TV local de la Cooperativa El\u00e9ctrica de Tornquist. Turismo, Pol\u00edtica, Sociedad, Deporte, Cultura y todo el contenido de inter\u00e9s general que la gente del pueblo y la regi\u00f3n debe conocer.\",\"breadcrumb\":{\"@id\":\"https:\/\/www.celttv.com.ar\/index.php\/2018\/10\/23\/confirmaron-las-fechas-de-las-paso-y-las-elecciones-generales-de-2019\/#breadcrumb\"},\"inLanguage\":\"es\",\"potentialAction\":[{\"@type\":\"ReadAction\",\"target\":[\"https:\/\/www.celttv.com.ar\/index.php\/2018\/10\/23\/confirmaron-las-fechas-de-las-paso-y-las-elecciones-generales-de-2019\/\"]}]},{\"@type\":\"BreadcrumbList\",\"@id\":\"https:\/\/www.celttv.com.ar\/index.php\/2018\/10\/23\/confirmaron-las-fechas-de-las-paso-y-las-elecciones-generales-de-2019\/#breadcrumb\",\"itemListElement\":[{\"@type\":\"ListItem\",\"position\":1,\"name\":\"Inicio\",\"item\":\"https:\/\/www.celttv.com.ar\/\"},{\"@type\":\"ListItem\",\"position\":2,\"name\":\"Confirmaron las fechas de las PASO y las elecciones generales de 2019\"}]},{\"@type\":\"WebSite\",\"@id\":\"https:\/\/www.celttv.com.ar\/#website\",\"url\":\"https:\/\/www.celttv.com.ar\/\",\"name\":\"CELTTV\",\"description\":\"Cooperativa El\u00e9ctrica de Tornquist\",\"publisher\":{\"@id\":\"https:\/\/www.celttv.com.ar\/#organization\"},\"potentialAction\":[{\"@type\":\"SearchAction\",\"target\":{\"@type\":\"EntryPoint\",\"urlTemplate\":\"https:\/\/www.celttv.com.ar\/?s={search_term_string}\"},\"query-input\":\"required name=search_term_string\"}],\"inLanguage\":\"es\"},{\"@type\":\"Organization\",\"@id\":\"https:\/\/www.celttv.com.ar\/#organization\",\"name\":\"CELTTV\",\"url\":\"https:\/\/www.celttv.com.ar\/\",\"sameAs\":[\"https:\/\/www.youtube.com\/channel\/UCz_oIt8Hig64Ub-EmcNPIhg\",\"https:\/\/www.facebook.com\/celtTV\/\"],\"logo\":{\"@type\":\"ImageObject\",\"inLanguage\":\"es\",\"@id\":\"https:\/\/www.celttv.com.ar\/#\/schema\/logo\/image\/\",\"url\":\"http:\/\/www.celttv.com.ar\/wp-content\/uploads\/2022\/08\/logo-1.png\",\"contentUrl\":\"http:\/\/www.celttv.com.ar\/wp-content\/uploads\/2022\/08\/logo-1.png\",\"width\":461,\"height\":159,\"caption\":\"CELTTV\"},\"image\":{\"@id\":\"https:\/\/www.celttv.com.ar\/#\/schema\/logo\/image\/\"}},{\"@type\":\"Person\",\"@id\":\"https:\/\/www.celttv.com.ar\/#\/schema\/person\/6d99c072dba59953809c81446e9d0ace\",\"name\":\"ulises\",\"image\":{\"@type\":\"ImageObject\",\"inLanguage\":\"es\",\"@id\":\"https:\/\/www.celttv.com.ar\/#\/schema\/person\/image\/\",\"url\":\"https:\/\/secure.gravatar.com\/avatar\/7f2c48bdc33b30088f941fb6082e555f2874c98e20cb159d7b92b50eadfce793?s=96&d=mm&r=g\",\"contentUrl\":\"https:\/\/secure.gravatar.com\/avatar\/7f2c48bdc33b30088f941fb6082e555f2874c98e20cb159d7b92b50eadfce793?s=96&d=mm&r=g\",\"caption\":\"ulises\"},\"sameAs\":[\"http:\/\/www.celttv.com.ar\"]}]}<\/script>\n<!-- \/ Yoast SEO plugin. -->","yoast_head_json":{"title":"Confirmaron las fechas de las PASO y las elecciones generales de 2019 - CELTTV","description":"Sitio web de noticias de la localidad de Tornquist, provincia de Buenos Aires, Rep\u00fablica Argentina. Contenido propio originado por periodistas de CELTTV, el canal de TV local de la Cooperativa El\u00e9ctrica de Tornquist. Turismo, Pol\u00edtica, Sociedad, Deporte, Cultura y todo el contenido de inter\u00e9s general que la gente del pueblo y la regi\u00f3n debe conocer.","robots":{"index":"index","follow":"follow","max-snippet":"max-snippet:-1","max-image-preview":"max-image-preview:large","max-video-preview":"max-video-preview:-1"},"canonical":"https:\/\/www.celttv.com.ar\/index.php\/2018\/10\/23\/confirmaron-las-fechas-de-las-paso-y-las-elecciones-generales-de-2019\/","og_locale":"es_ES","og_type":"article","og_title":"Confirmaron las fechas de las PASO y las elecciones generales de 2019 - CELTTV","og_description":"Sitio web de noticias de la localidad de Tornquist, provincia de Buenos Aires, Rep\u00fablica Argentina. Contenido propio originado por periodistas de CELTTV, el canal de TV local de la Cooperativa El\u00e9ctrica de Tornquist. Turismo, Pol\u00edtica, Sociedad, Deporte, Cultura y todo el contenido de inter\u00e9s general que la gente del pueblo y la regi\u00f3n debe conocer.","og_url":"https:\/\/www.celttv.com.ar\/index.php\/2018\/10\/23\/confirmaron-las-fechas-de-las-paso-y-las-elecciones-generales-de-2019\/","og_site_name":"CELTTV","article_publisher":"https:\/\/www.facebook.com\/celtTV\/","article_published_time":"2018-10-23T02:22:54+00:00","og_image":[{"width":798,"height":529,"url":"https:\/\/www.celttv.com.ar\/wp-content\/uploads\/2018\/10\/urna-1.jpg","type":"image\/jpeg"}],"author":"ulises","twitter_card":"summary_large_image","twitter_misc":{"Escrito por":"ulises","Tiempo de lectura":"2 minutos"},"schema":{"@context":"https:\/\/schema.org","@graph":[{"@type":"NewsArticle","@id":"https:\/\/www.celttv.com.ar\/index.php\/2018\/10\/23\/confirmaron-las-fechas-de-las-paso-y-las-elecciones-generales-de-2019\/#article","isPartOf":{"@id":"https:\/\/www.celttv.com.ar\/index.php\/2018\/10\/23\/confirmaron-las-fechas-de-las-paso-y-las-elecciones-generales-de-2019\/"},"author":{"name":"ulises","@id":"https:\/\/www.celttv.com.ar\/#\/schema\/person\/6d99c072dba59953809c81446e9d0ace"},"headline":"Confirmaron las fechas de las PASO y las elecciones generales de 2019","datePublished":"2018-10-23T02:22:54+00:00","dateModified":"2018-10-23T02:22:54+00:00","mainEntityOfPage":{"@id":"https:\/\/www.celttv.com.ar\/index.php\/2018\/10\/23\/confirmaron-las-fechas-de-las-paso-y-las-elecciones-generales-de-2019\/"},"wordCount":393,"publisher":{"@id":"https:\/\/www.celttv.com.ar\/#organization"},"articleSection":["Comunidad","Destacadas","Pol\u00edtica"],"inLanguage":"es"},{"@type":"WebPage","@id":"https:\/\/www.celttv.com.ar\/index.php\/2018\/10\/23\/confirmaron-las-fechas-de-las-paso-y-las-elecciones-generales-de-2019\/","url":"https:\/\/www.celttv.com.ar\/index.php\/2018\/10\/23\/confirmaron-las-fechas-de-las-paso-y-las-elecciones-generales-de-2019\/","name":"Confirmaron las fechas de las PASO y las elecciones generales de 2019 - CELTTV","isPartOf":{"@id":"https:\/\/www.celttv.com.ar\/#website"},"datePublished":"2018-10-23T02:22:54+00:00","dateModified":"2018-10-23T02:22:54+00:00","description":"Sitio web de noticias de la localidad de Tornquist, provincia de Buenos Aires, Rep\u00fablica Argentina. Contenido propio originado por periodistas de CELTTV, el canal de TV local de la Cooperativa El\u00e9ctrica de Tornquist. Turismo, Pol\u00edtica, Sociedad, Deporte, Cultura y todo el contenido de inter\u00e9s general que la gente del pueblo y la regi\u00f3n debe conocer.","breadcrumb":{"@id":"https:\/\/www.celttv.com.ar\/index.php\/2018\/10\/23\/confirmaron-las-fechas-de-las-paso-y-las-elecciones-generales-de-2019\/#breadcrumb"},"inLanguage":"es","potentialAction":[{"@type":"ReadAction","target":["https:\/\/www.celttv.com.ar\/index.php\/2018\/10\/23\/confirmaron-las-fechas-de-las-paso-y-las-elecciones-generales-de-2019\/"]}]},{"@type":"BreadcrumbList","@id":"https:\/\/www.celttv.com.ar\/index.php\/2018\/10\/23\/confirmaron-las-fechas-de-las-paso-y-las-elecciones-generales-de-2019\/#breadcrumb","itemListElement":[{"@type":"ListItem","position":1,"name":"Inicio","item":"https:\/\/www.celttv.com.ar\/"},{"@type":"ListItem","position":2,"name":"Confirmaron las fechas de las PASO y las elecciones generales de 2019"}]},{"@type":"WebSite","@id":"https:\/\/www.celttv.com.ar\/#website","url":"https:\/\/www.celttv.com.ar\/","name":"CELTTV","description":"Cooperativa El\u00e9ctrica de Tornquist","publisher":{"@id":"https:\/\/www.celttv.com.ar\/#organization"},"potentialAction":[{"@type":"SearchAction","target":{"@type":"EntryPoint","urlTemplate":"https:\/\/www.celttv.com.ar\/?s={search_term_string}"},"query-input":"required name=search_term_string"}],"inLanguage":"es"},{"@type":"Organization","@id":"https:\/\/www.celttv.com.ar\/#organization","name":"CELTTV","url":"https:\/\/www.celttv.com.ar\/","sameAs":["https:\/\/www.youtube.com\/channel\/UCz_oIt8Hig64Ub-EmcNPIhg","https:\/\/www.facebook.com\/celtTV\/"],"logo":{"@type":"ImageObject","inLanguage":"es","@id":"https:\/\/www.celttv.com.ar\/#\/schema\/logo\/image\/","url":"http:\/\/www.celttv.com.ar\/wp-content\/uploads\/2022\/08\/logo-1.png","contentUrl":"http:\/\/www.celttv.com.ar\/wp-content\/uploads\/2022\/08\/logo-1.png","width":461,"height":159,"caption":"CELTTV"},"image":{"@id":"https:\/\/www.celttv.com.ar\/#\/schema\/logo\/image\/"}},{"@type":"Person","@id":"https:\/\/www.celttv.com.ar\/#\/schema\/person\/6d99c072dba59953809c81446e9d0ace","name":"ulises","image":{"@type":"ImageObject","inLanguage":"es","@id":"https:\/\/www.celttv.com.ar\/#\/schema\/person\/image\/","url":"https:\/\/secure.gravatar.com\/avatar\/7f2c48bdc33b30088f941fb6082e555f2874c98e20cb159d7b92b50eadfce793?s=96&d=mm&r=g","contentUrl":"https:\/\/secure.gravatar.com\/avatar\/7f2c48bdc33b30088f941fb6082e555f2874c98e20cb159d7b92b50eadfce793?s=96&d=mm&r=g","caption":"ulises"},"sameAs":["http:\/\/www.celttv.com.ar"]}]}},"_links":{"self":[{"href":"https:\/\/www.celttv.com.ar\/index.php\/wp-json\/wp\/v2\/posts\/38110","targetHints":{"allow":["GET"]}}],"collection":[{"href":"https:\/\/www.celttv.com.ar\/index.php\/wp-json\/wp\/v2\/posts"}],"about":[{"href":"https:\/\/www.celttv.com.ar\/index.php\/wp-json\/wp\/v2\/types\/post"}],"author":[{"embeddable":true,"href":"https:\/\/www.celttv.com.ar\/index.php\/wp-json\/wp\/v2\/users\/1"}],"replies":[{"embeddable":true,"href":"https:\/\/www.celttv.com.ar\/index.php\/wp-json\/wp\/v2\/comments?post=38110"}],"version-history":[{"count":0,"href":"https:\/\/www.celttv.com.ar\/index.php\/wp-json\/wp\/v2\/posts\/38110\/revisions"}],"wp:featuredmedia":[{"embeddable":true,"href":"https:\/\/www.celttv.com.ar\/index.php\/wp-json\/wp\/v2\/media\/38111"}],"wp:attachment":[{"href":"https:\/\/www.celttv.com.ar\/index.php\/wp-json\/wp\/v2\/media?parent=38110"}],"wp:term":[{"taxonomy":"category","embeddable":true,"href":"https:\/\/www.celttv.com.ar\/index.php\/wp-json\/wp\/v2\/categories?post=38110"},{"taxonomy":"post_tag","embeddable":true,"href":"https:\/\/www.celttv.com.ar\/index.php\/wp-json\/wp\/v2\/tags?post=38110"}],"curies":[{"name":"wp","href":"https:\/\/api.w.org\/{rel}","templated":true}]}}