{"id":38121,"date":"2018-10-23T13:25:48","date_gmt":"2018-10-23T13:25:48","guid":{"rendered":"http:\/\/www.celttv.com.ar\/?p=38121"},"modified":"2018-10-23T13:25:48","modified_gmt":"2018-10-23T13:25:48","slug":"murio-lito-fruet-uno-de-los-simbolos-del-basquet-de-bahia-informe-de-la-nueva","status":"publish","type":"post","link":"https:\/\/www.celttv.com.ar\/index.php\/2018\/10\/23\/murio-lito-fruet-uno-de-los-simbolos-del-basquet-de-bahia-informe-de-la-nueva\/","title":{"rendered":"Muri\u00f3 Lito Fruet, uno de los s\u00edmbolos del b\u00e1squet de Bah\u00eda (INFORME DE LA NUEVA)"},"content":{"rendered":"<p>El hist\u00f3rico basquetbolista bahiense Atilio Jos\u00e9 Fruet falleci\u00f3 esta madrugada a los 76 a\u00f1os a ra\u00edz de una larga enfermedad.<br \/>\n&#8220;Lito&#8221;, como era conocido por todos, estaba internado desde varios d\u00edas en un hospital.<br \/>\n<img decoding=\"async\" src=\"https:\/\/px.cdn.lanueva.com\/102018\/1540291495365.JPG\" width=\"100%\" height=\"auto\" \/><br \/>\nFruet junto con\u00a0Alberto Pedro Cabrera y Jos\u00e9 Ignacio De Lizaso form\u00f3 la famosa trilog\u00eda para que Bah\u00eda se transformara en uno de los \u00edconos de ese deporte en el pa\u00eds. Fue durante los a\u00f1os 60 y 70.<br \/>\nUltimamente <a href=\"https:\/\/www.lanueva.com\/nota\/2017-12-6-17-0-7-cual-es-la-alternativa-para-que-el-museo-del-deporte-siga-donde-esta\">era integrante de la Asociaci\u00f3n de Amigos del Museo del Deporte donde despu\u00e9s de varias luchas consiguieron que\u00a0el Museo del Deporte se mantenga en el edificio de la peatonal Drago<\/a>.<br \/>\nHace dos a\u00f1os, presentaron en Monte Hermoso el documental &#8220;Lito Fruet: garra y coraz\u00f3n&#8221; en homenaje al tambi\u00e9n exdirigente del club Independiente.<br \/>\n<img decoding=\"async\" src=\"https:\/\/px.cdn.lanueva.com\/102018\/1540293870781.JPG\" width=\"100%\" height=\"auto\" \/><br \/>\nAl exbasquetbolista lo velan en la sala 2 de la casa velatoria de mitre\u00a0al 400 desde las 8.<\/p>\n<h3>\u00a0 <b>Una leyenda ganadora<\/b><\/h3>\n<p><strong>\u00a0 *<\/strong>\u00a0<strong>Jug\u00f3 14 torneos locales de Primera y gan\u00f3 11<\/strong>: uno con Independiente y 10 con Olimpo. Adem\u00e1s tiene un campeonato de Tercera y dos de Segunda.<br \/>\n* Estuvo en <strong>215 partidos<\/strong> de la divisi\u00f3n superior de los torneos bahienses y anot\u00f3 4.745 puntos (22,07 por juego). En la temporada 1969, con la camiseta de Olimpo, tuvo su mejor promedio: 29,17.<br \/>\n* Fue <strong>campe\u00f3n en ocho campeonatos Provinciales<\/strong>: 1960 en San Nicol\u00e1s, 1964 en Olavarr\u00eda, 1965 en Mar del Plata, 1966 en Luj\u00e1n, 1967 en Pergamino, 1968 en Jun\u00edn, 1969 en Bah\u00eda Blanca y 1970 en Punta Alta.<br \/>\n* <strong>Gan\u00f3 seis cert\u00e1menes\u00a0Argentinos<\/strong>: 1966 en Jujuy, 1967 en Paran\u00e1, 1969 en San Luis, 1970 en Catamarca, 1971 en Corrientes y 1972 en Buenos Aires.<br \/>\n* <strong>Jug\u00f3 los Mundiales de 1963<\/strong> en Brasil y <strong>1967<\/strong> en Uruguay.<br \/>\n*\u00a0El 4 de marzo de <strong>1959 debut\u00f3 en la selecci\u00f3n bahiense<\/strong>, con nueve\u00a0puntos en la ca\u00edda ante\u00a0Buenos Aires por 63 a 59.<br \/>\n* El 9 de enero de 1968, jugando por Olimpo, <strong>hizo 62 tantos<\/strong> en el triunfo frente a Sportivo Bahiense por 102 a 30. Un r\u00e9cord que se mantuvo por 12 a\u00f1os.<br \/>\n* El <strong>8 de febrero de 1974 jug\u00f3 su \u00faltimo partido<\/strong>. Fue\u00a0en la victoria de Olimpo ante Estudiantes por 52 a 50, en la final del torneo de 1973 que le dio un tricampeonato al aurinegro. Hizo 18 puntos, incluyendo el doble decisivo.<br \/>\nFUENTE: LA NUEVA<\/p>\n","protected":false},"excerpt":{"rendered":"<p>El hist\u00f3rico basquetbolista bahiense Atilio Jos\u00e9 Fruet falleci\u00f3 esta madrugada a los 76 a\u00f1os a ra\u00edz de una larga enfermedad. &#8220;Lito&#8221;, como era conocido por todos, estaba internado desde varios d\u00edas en un hospital. Fruet junto con\u00a0Alberto Pedro Cabrera y Jos\u00e9 Ignacio De Lizaso form\u00f3 la famosa trilog\u00eda para que Bah\u00eda se transformara en uno [&hellip;]<\/p>\n","protected":false},"author":1,"featured_media":38122,"comment_status":"closed","ping_status":"open","sticky":false,"template":"","format":"standard","meta":{"footnotes":""},"categories":[55,60,52,63],"tags":[],"class_list":["post-38121","post","type-post","status-publish","format-standard","has-post-thumbnail","hentry","category-celt-tv-noticias","category-deporte","category-destacadas","category-magazine-sport"],"yoast_head":"<!-- This site is optimized with the Yoast SEO plugin v19.7.1 - https:\/\/yoast.com\/wordpress\/plugins\/seo\/ -->\n<title>Muri\u00f3 Lito Fruet, uno de los s\u00edmbolos del b\u00e1squet de Bah\u00eda (INFORME DE LA NUEVA) - CELTTV<\/title>\n<meta name=\"description\" content=\"Sitio web de noticias de la localidad de Tornquist, provincia de Buenos Aires, Rep\u00fablica Argentina. Contenido propio originado por periodistas de CELTTV, el canal de TV local de la Cooperativa El\u00e9ctrica de Tornquist. Turismo, Pol\u00edtica, Sociedad, Deporte, Cultura y todo el contenido de inter\u00e9s general que la gente del pueblo y la regi\u00f3n debe conocer.\" \/>\n<meta name=\"robots\" content=\"index, follow, max-snippet:-1, max-image-preview:large, max-video-preview:-1\" \/>\n<link rel=\"canonical\" href=\"https:\/\/www.celttv.com.ar\/index.php\/2018\/10\/23\/murio-lito-fruet-uno-de-los-simbolos-del-basquet-de-bahia-informe-de-la-nueva\/\" \/>\n<meta property=\"og:locale\" content=\"es_ES\" \/>\n<meta property=\"og:type\" content=\"article\" \/>\n<meta property=\"og:title\" content=\"Muri\u00f3 Lito Fruet, uno de los s\u00edmbolos del b\u00e1squet de Bah\u00eda (INFORME DE LA NUEVA) - CELTTV\" \/>\n<meta property=\"og:description\" content=\"Sitio web de noticias de la localidad de Tornquist, provincia de Buenos Aires, Rep\u00fablica Argentina. Contenido propio originado por periodistas de CELTTV, el canal de TV local de la Cooperativa El\u00e9ctrica de Tornquist. Turismo, Pol\u00edtica, Sociedad, Deporte, Cultura y todo el contenido de inter\u00e9s general que la gente del pueblo y la regi\u00f3n debe conocer.\" \/>\n<meta property=\"og:url\" content=\"https:\/\/www.celttv.com.ar\/index.php\/2018\/10\/23\/murio-lito-fruet-uno-de-los-simbolos-del-basquet-de-bahia-informe-de-la-nueva\/\" \/>\n<meta property=\"og:site_name\" content=\"CELTTV\" \/>\n<meta property=\"article:publisher\" content=\"https:\/\/www.facebook.com\/celtTV\/\" \/>\n<meta property=\"article:published_time\" content=\"2018-10-23T13:25:48+00:00\" \/>\n<meta property=\"og:image\" content=\"https:\/\/www.celttv.com.ar\/wp-content\/uploads\/2018\/10\/1540290677921.jpg\" \/>\n\t<meta property=\"og:image:width\" content=\"790\" \/>\n\t<meta property=\"og:image:height\" content=\"482\" \/>\n\t<meta property=\"og:image:type\" content=\"image\/jpeg\" \/>\n<meta name=\"author\" content=\"ulises\" \/>\n<meta name=\"twitter:card\" content=\"summary_large_image\" \/>\n<meta name=\"twitter:label1\" content=\"Escrito por\" \/>\n\t<meta name=\"twitter:data1\" content=\"ulises\" \/>\n\t<meta name=\"twitter:label2\" content=\"Tiempo de lectura\" \/>\n\t<meta name=\"twitter:data2\" content=\"2 minutos\" \/>\n<script type=\"application\/ld+json\" class=\"yoast-schema-graph\">{\"@context\":\"https:\/\/schema.org\",\"@graph\":[{\"@type\":\"NewsArticle\",\"@id\":\"https:\/\/www.celttv.com.ar\/index.php\/2018\/10\/23\/murio-lito-fruet-uno-de-los-simbolos-del-basquet-de-bahia-informe-de-la-nueva\/#article\",\"isPartOf\":{\"@id\":\"https:\/\/www.celttv.com.ar\/index.php\/2018\/10\/23\/murio-lito-fruet-uno-de-los-simbolos-del-basquet-de-bahia-informe-de-la-nueva\/\"},\"author\":{\"name\":\"ulises\",\"@id\":\"https:\/\/www.celttv.com.ar\/#\/schema\/person\/6d99c072dba59953809c81446e9d0ace\"},\"headline\":\"Muri\u00f3 Lito Fruet, uno de los s\u00edmbolos del b\u00e1squet de Bah\u00eda (INFORME DE LA NUEVA)\",\"datePublished\":\"2018-10-23T13:25:48+00:00\",\"dateModified\":\"2018-10-23T13:25:48+00:00\",\"mainEntityOfPage\":{\"@id\":\"https:\/\/www.celttv.com.ar\/index.php\/2018\/10\/23\/murio-lito-fruet-uno-de-los-simbolos-del-basquet-de-bahia-informe-de-la-nueva\/\"},\"wordCount\":378,\"publisher\":{\"@id\":\"https:\/\/www.celttv.com.ar\/#organization\"},\"articleSection\":[\"Celt TV Noticias\",\"Deporte\",\"Destacadas\",\"Magazine Sport\"],\"inLanguage\":\"es\"},{\"@type\":\"WebPage\",\"@id\":\"https:\/\/www.celttv.com.ar\/index.php\/2018\/10\/23\/murio-lito-fruet-uno-de-los-simbolos-del-basquet-de-bahia-informe-de-la-nueva\/\",\"url\":\"https:\/\/www.celttv.com.ar\/index.php\/2018\/10\/23\/murio-lito-fruet-uno-de-los-simbolos-del-basquet-de-bahia-informe-de-la-nueva\/\",\"name\":\"Muri\u00f3 Lito Fruet, uno de los s\u00edmbolos del b\u00e1squet de Bah\u00eda (INFORME DE LA NUEVA) - CELTTV\",\"isPartOf\":{\"@id\":\"https:\/\/www.celttv.com.ar\/#website\"},\"datePublished\":\"2018-10-23T13:25:48+00:00\",\"dateModified\":\"2018-10-23T13:25:48+00:00\",\"description\":\"Sitio web de noticias de la localidad de Tornquist, provincia de Buenos Aires, Rep\u00fablica Argentina. Contenido propio originado por periodistas de CELTTV, el canal de TV local de la Cooperativa El\u00e9ctrica de Tornquist. Turismo, Pol\u00edtica, Sociedad, Deporte, Cultura y todo el contenido de inter\u00e9s general que la gente del pueblo y la regi\u00f3n debe conocer.\",\"breadcrumb\":{\"@id\":\"https:\/\/www.celttv.com.ar\/index.php\/2018\/10\/23\/murio-lito-fruet-uno-de-los-simbolos-del-basquet-de-bahia-informe-de-la-nueva\/#breadcrumb\"},\"inLanguage\":\"es\",\"potentialAction\":[{\"@type\":\"ReadAction\",\"target\":[\"https:\/\/www.celttv.com.ar\/index.php\/2018\/10\/23\/murio-lito-fruet-uno-de-los-simbolos-del-basquet-de-bahia-informe-de-la-nueva\/\"]}]},{\"@type\":\"BreadcrumbList\",\"@id\":\"https:\/\/www.celttv.com.ar\/index.php\/2018\/10\/23\/murio-lito-fruet-uno-de-los-simbolos-del-basquet-de-bahia-informe-de-la-nueva\/#breadcrumb\",\"itemListElement\":[{\"@type\":\"ListItem\",\"position\":1,\"name\":\"Inicio\",\"item\":\"https:\/\/www.celttv.com.ar\/\"},{\"@type\":\"ListItem\",\"position\":2,\"name\":\"Muri\u00f3 Lito Fruet, uno de los s\u00edmbolos del b\u00e1squet de Bah\u00eda (INFORME DE LA NUEVA)\"}]},{\"@type\":\"WebSite\",\"@id\":\"https:\/\/www.celttv.com.ar\/#website\",\"url\":\"https:\/\/www.celttv.com.ar\/\",\"name\":\"CELTTV\",\"description\":\"Cooperativa El\u00e9ctrica de Tornquist\",\"publisher\":{\"@id\":\"https:\/\/www.celttv.com.ar\/#organization\"},\"potentialAction\":[{\"@type\":\"SearchAction\",\"target\":{\"@type\":\"EntryPoint\",\"urlTemplate\":\"https:\/\/www.celttv.com.ar\/?s={search_term_string}\"},\"query-input\":\"required name=search_term_string\"}],\"inLanguage\":\"es\"},{\"@type\":\"Organization\",\"@id\":\"https:\/\/www.celttv.com.ar\/#organization\",\"name\":\"CELTTV\",\"url\":\"https:\/\/www.celttv.com.ar\/\",\"sameAs\":[\"https:\/\/www.youtube.com\/channel\/UCz_oIt8Hig64Ub-EmcNPIhg\",\"https:\/\/www.facebook.com\/celtTV\/\"],\"logo\":{\"@type\":\"ImageObject\",\"inLanguage\":\"es\",\"@id\":\"https:\/\/www.celttv.com.ar\/#\/schema\/logo\/image\/\",\"url\":\"http:\/\/www.celttv.com.ar\/wp-content\/uploads\/2022\/08\/logo-1.png\",\"contentUrl\":\"http:\/\/www.celttv.com.ar\/wp-content\/uploads\/2022\/08\/logo-1.png\",\"width\":461,\"height\":159,\"caption\":\"CELTTV\"},\"image\":{\"@id\":\"https:\/\/www.celttv.com.ar\/#\/schema\/logo\/image\/\"}},{\"@type\":\"Person\",\"@id\":\"https:\/\/www.celttv.com.ar\/#\/schema\/person\/6d99c072dba59953809c81446e9d0ace\",\"name\":\"ulises\",\"image\":{\"@type\":\"ImageObject\",\"inLanguage\":\"es\",\"@id\":\"https:\/\/www.celttv.com.ar\/#\/schema\/person\/image\/\",\"url\":\"https:\/\/secure.gravatar.com\/avatar\/7f2c48bdc33b30088f941fb6082e555f2874c98e20cb159d7b92b50eadfce793?s=96&d=mm&r=g\",\"contentUrl\":\"https:\/\/secure.gravatar.com\/avatar\/7f2c48bdc33b30088f941fb6082e555f2874c98e20cb159d7b92b50eadfce793?s=96&d=mm&r=g\",\"caption\":\"ulises\"},\"sameAs\":[\"http:\/\/www.celttv.com.ar\"]}]}<\/script>\n<!-- \/ Yoast SEO plugin. -->","yoast_head_json":{"title":"Muri\u00f3 Lito Fruet, uno de los s\u00edmbolos del b\u00e1squet de Bah\u00eda (INFORME DE LA NUEVA) - CELTTV","description":"Sitio web de noticias de la localidad de Tornquist, provincia de Buenos Aires, Rep\u00fablica Argentina. Contenido propio originado por periodistas de CELTTV, el canal de TV local de la Cooperativa El\u00e9ctrica de Tornquist. Turismo, Pol\u00edtica, Sociedad, Deporte, Cultura y todo el contenido de inter\u00e9s general que la gente del pueblo y la regi\u00f3n debe conocer.","robots":{"index":"index","follow":"follow","max-snippet":"max-snippet:-1","max-image-preview":"max-image-preview:large","max-video-preview":"max-video-preview:-1"},"canonical":"https:\/\/www.celttv.com.ar\/index.php\/2018\/10\/23\/murio-lito-fruet-uno-de-los-simbolos-del-basquet-de-bahia-informe-de-la-nueva\/","og_locale":"es_ES","og_type":"article","og_title":"Muri\u00f3 Lito Fruet, uno de los s\u00edmbolos del b\u00e1squet de Bah\u00eda (INFORME DE LA NUEVA) - CELTTV","og_description":"Sitio web de noticias de la localidad de Tornquist, provincia de Buenos Aires, Rep\u00fablica Argentina. Contenido propio originado por periodistas de CELTTV, el canal de TV local de la Cooperativa El\u00e9ctrica de Tornquist. Turismo, Pol\u00edtica, Sociedad, Deporte, Cultura y todo el contenido de inter\u00e9s general que la gente del pueblo y la regi\u00f3n debe conocer.","og_url":"https:\/\/www.celttv.com.ar\/index.php\/2018\/10\/23\/murio-lito-fruet-uno-de-los-simbolos-del-basquet-de-bahia-informe-de-la-nueva\/","og_site_name":"CELTTV","article_publisher":"https:\/\/www.facebook.com\/celtTV\/","article_published_time":"2018-10-23T13:25:48+00:00","og_image":[{"width":790,"height":482,"url":"https:\/\/www.celttv.com.ar\/wp-content\/uploads\/2018\/10\/1540290677921.jpg","type":"image\/jpeg"}],"author":"ulises","twitter_card":"summary_large_image","twitter_misc":{"Escrito por":"ulises","Tiempo de lectura":"2 minutos"},"schema":{"@context":"https:\/\/schema.org","@graph":[{"@type":"NewsArticle","@id":"https:\/\/www.celttv.com.ar\/index.php\/2018\/10\/23\/murio-lito-fruet-uno-de-los-simbolos-del-basquet-de-bahia-informe-de-la-nueva\/#article","isPartOf":{"@id":"https:\/\/www.celttv.com.ar\/index.php\/2018\/10\/23\/murio-lito-fruet-uno-de-los-simbolos-del-basquet-de-bahia-informe-de-la-nueva\/"},"author":{"name":"ulises","@id":"https:\/\/www.celttv.com.ar\/#\/schema\/person\/6d99c072dba59953809c81446e9d0ace"},"headline":"Muri\u00f3 Lito Fruet, uno de los s\u00edmbolos del b\u00e1squet de Bah\u00eda (INFORME DE LA NUEVA)","datePublished":"2018-10-23T13:25:48+00:00","dateModified":"2018-10-23T13:25:48+00:00","mainEntityOfPage":{"@id":"https:\/\/www.celttv.com.ar\/index.php\/2018\/10\/23\/murio-lito-fruet-uno-de-los-simbolos-del-basquet-de-bahia-informe-de-la-nueva\/"},"wordCount":378,"publisher":{"@id":"https:\/\/www.celttv.com.ar\/#organization"},"articleSection":["Celt TV Noticias","Deporte","Destacadas","Magazine Sport"],"inLanguage":"es"},{"@type":"WebPage","@id":"https:\/\/www.celttv.com.ar\/index.php\/2018\/10\/23\/murio-lito-fruet-uno-de-los-simbolos-del-basquet-de-bahia-informe-de-la-nueva\/","url":"https:\/\/www.celttv.com.ar\/index.php\/2018\/10\/23\/murio-lito-fruet-uno-de-los-simbolos-del-basquet-de-bahia-informe-de-la-nueva\/","name":"Muri\u00f3 Lito Fruet, uno de los s\u00edmbolos del b\u00e1squet de Bah\u00eda (INFORME DE LA NUEVA) - CELTTV","isPartOf":{"@id":"https:\/\/www.celttv.com.ar\/#website"},"datePublished":"2018-10-23T13:25:48+00:00","dateModified":"2018-10-23T13:25:48+00:00","description":"Sitio web de noticias de la localidad de Tornquist, provincia de Buenos Aires, Rep\u00fablica Argentina. Contenido propio originado por periodistas de CELTTV, el canal de TV local de la Cooperativa El\u00e9ctrica de Tornquist. Turismo, Pol\u00edtica, Sociedad, Deporte, Cultura y todo el contenido de inter\u00e9s general que la gente del pueblo y la regi\u00f3n debe conocer.","breadcrumb":{"@id":"https:\/\/www.celttv.com.ar\/index.php\/2018\/10\/23\/murio-lito-fruet-uno-de-los-simbolos-del-basquet-de-bahia-informe-de-la-nueva\/#breadcrumb"},"inLanguage":"es","potentialAction":[{"@type":"ReadAction","target":["https:\/\/www.celttv.com.ar\/index.php\/2018\/10\/23\/murio-lito-fruet-uno-de-los-simbolos-del-basquet-de-bahia-informe-de-la-nueva\/"]}]},{"@type":"BreadcrumbList","@id":"https:\/\/www.celttv.com.ar\/index.php\/2018\/10\/23\/murio-lito-fruet-uno-de-los-simbolos-del-basquet-de-bahia-informe-de-la-nueva\/#breadcrumb","itemListElement":[{"@type":"ListItem","position":1,"name":"Inicio","item":"https:\/\/www.celttv.com.ar\/"},{"@type":"ListItem","position":2,"name":"Muri\u00f3 Lito Fruet, uno de los s\u00edmbolos del b\u00e1squet de Bah\u00eda (INFORME DE LA NUEVA)"}]},{"@type":"WebSite","@id":"https:\/\/www.celttv.com.ar\/#website","url":"https:\/\/www.celttv.com.ar\/","name":"CELTTV","description":"Cooperativa El\u00e9ctrica de Tornquist","publisher":{"@id":"https:\/\/www.celttv.com.ar\/#organization"},"potentialAction":[{"@type":"SearchAction","target":{"@type":"EntryPoint","urlTemplate":"https:\/\/www.celttv.com.ar\/?s={search_term_string}"},"query-input":"required name=search_term_string"}],"inLanguage":"es"},{"@type":"Organization","@id":"https:\/\/www.celttv.com.ar\/#organization","name":"CELTTV","url":"https:\/\/www.celttv.com.ar\/","sameAs":["https:\/\/www.youtube.com\/channel\/UCz_oIt8Hig64Ub-EmcNPIhg","https:\/\/www.facebook.com\/celtTV\/"],"logo":{"@type":"ImageObject","inLanguage":"es","@id":"https:\/\/www.celttv.com.ar\/#\/schema\/logo\/image\/","url":"http:\/\/www.celttv.com.ar\/wp-content\/uploads\/2022\/08\/logo-1.png","contentUrl":"http:\/\/www.celttv.com.ar\/wp-content\/uploads\/2022\/08\/logo-1.png","width":461,"height":159,"caption":"CELTTV"},"image":{"@id":"https:\/\/www.celttv.com.ar\/#\/schema\/logo\/image\/"}},{"@type":"Person","@id":"https:\/\/www.celttv.com.ar\/#\/schema\/person\/6d99c072dba59953809c81446e9d0ace","name":"ulises","image":{"@type":"ImageObject","inLanguage":"es","@id":"https:\/\/www.celttv.com.ar\/#\/schema\/person\/image\/","url":"https:\/\/secure.gravatar.com\/avatar\/7f2c48bdc33b30088f941fb6082e555f2874c98e20cb159d7b92b50eadfce793?s=96&d=mm&r=g","contentUrl":"https:\/\/secure.gravatar.com\/avatar\/7f2c48bdc33b30088f941fb6082e555f2874c98e20cb159d7b92b50eadfce793?s=96&d=mm&r=g","caption":"ulises"},"sameAs":["http:\/\/www.celttv.com.ar"]}]}},"_links":{"self":[{"href":"https:\/\/www.celttv.com.ar\/index.php\/wp-json\/wp\/v2\/posts\/38121","targetHints":{"allow":["GET"]}}],"collection":[{"href":"https:\/\/www.celttv.com.ar\/index.php\/wp-json\/wp\/v2\/posts"}],"about":[{"href":"https:\/\/www.celttv.com.ar\/index.php\/wp-json\/wp\/v2\/types\/post"}],"author":[{"embeddable":true,"href":"https:\/\/www.celttv.com.ar\/index.php\/wp-json\/wp\/v2\/users\/1"}],"replies":[{"embeddable":true,"href":"https:\/\/www.celttv.com.ar\/index.php\/wp-json\/wp\/v2\/comments?post=38121"}],"version-history":[{"count":0,"href":"https:\/\/www.celttv.com.ar\/index.php\/wp-json\/wp\/v2\/posts\/38121\/revisions"}],"wp:featuredmedia":[{"embeddable":true,"href":"https:\/\/www.celttv.com.ar\/index.php\/wp-json\/wp\/v2\/media\/38122"}],"wp:attachment":[{"href":"https:\/\/www.celttv.com.ar\/index.php\/wp-json\/wp\/v2\/media?parent=38121"}],"wp:term":[{"taxonomy":"category","embeddable":true,"href":"https:\/\/www.celttv.com.ar\/index.php\/wp-json\/wp\/v2\/categories?post=38121"},{"taxonomy":"post_tag","embeddable":true,"href":"https:\/\/www.celttv.com.ar\/index.php\/wp-json\/wp\/v2\/tags?post=38121"}],"curies":[{"name":"wp","href":"https:\/\/api.w.org\/{rel}","templated":true}]}}