{"id":38141,"date":"2018-10-24T14:25:16","date_gmt":"2018-10-24T14:25:16","guid":{"rendered":"http:\/\/www.celttv.com.ar\/?p=38141"},"modified":"2018-10-24T14:25:16","modified_gmt":"2018-10-24T14:25:16","slug":"la-8-division-de-automoto-se-quedo-con-el-apertura-notas-a-los-protagonistas","status":"publish","type":"post","link":"https:\/\/www.celttv.com.ar\/index.php\/2018\/10\/24\/la-8-division-de-automoto-se-quedo-con-el-apertura-notas-a-los-protagonistas\/","title":{"rendered":"LA 8\u00b0 DIVISI\u00d3N DE AUTOMOTO SE QUED\u00d3 CON EL APERTURA (NOTAS A LOS PROTAGONISTAS)"},"content":{"rendered":"<p><strong>CELTTV&#8212;<\/strong> Con una gran campa\u00f1a a lo largo de todo el a\u00f1o, la <strong>8\u00b0 divisi\u00f3n del Club Automoto<\/strong> obtuvo el campeonato apertura de la Liga Regional de F\u00fatbol de Coronel Su\u00e1rez.<br \/>\n<strong>MAGAZINE SPORT<\/strong> visit\u00f3 el entrenamiento azulgrana para dialogar con algunos de los protagonistas de dicho plantel, tras la obtenci\u00f3n del t\u00edtulo.<br \/>\nEl director t\u00e9cnico <strong>Juan Salazar<\/strong> y los jugadores <strong>Ger\u00f3nimo Kugler<\/strong>, <strong>Rafael Molinero<\/strong> y <strong>Maximiliano Nievas<\/strong>, fueron quienes se refirieron a la campa\u00f1a que realiz\u00f3 dicho plantel para obtener el t\u00edtulo.<\/p>\n<div class=\"jeg_video_container jeg_video_content\"><iframe loading=\"lazy\" title=\"2018 10 23 \/\/ MAGAZINE SPORT: JUAN SALAZAR (8\u00b0 DE AUTOMOTO CAMPEON)\" width=\"500\" height=\"375\" src=\"https:\/\/www.youtube.com\/embed\/avaqwafqPoI?start=21&#038;feature=oembed\" frameborder=\"0\" allow=\"accelerometer; autoplay; clipboard-write; encrypted-media; gyroscope; picture-in-picture; web-share\" referrerpolicy=\"strict-origin-when-cross-origin\" allowfullscreen><\/iframe><\/div>\n<div class=\"jeg_video_container jeg_video_content\"><iframe loading=\"lazy\" title=\"2018 10 23 \/\/ MAGAZINE SPORT: GER\u00d3NIMO KUGLER (8\u00b0 DE AUTOMOTO CAMPEON)\" width=\"500\" height=\"375\" src=\"https:\/\/www.youtube.com\/embed\/lVLpeJa7e_c?start=1&#038;feature=oembed\" frameborder=\"0\" allow=\"accelerometer; autoplay; clipboard-write; encrypted-media; gyroscope; picture-in-picture; web-share\" referrerpolicy=\"strict-origin-when-cross-origin\" allowfullscreen><\/iframe><\/div>\n<div class=\"jeg_video_container jeg_video_content\"><iframe loading=\"lazy\" title=\"2018 10 23 \/\/ MAGAZINE SPORT: RAFAEL MOLINERO (8\u00b0 DE AUTOMOTO CAMPEON)\" width=\"500\" height=\"375\" src=\"https:\/\/www.youtube.com\/embed\/NMuUhnlTieM?start=40&#038;feature=oembed\" frameborder=\"0\" allow=\"accelerometer; autoplay; clipboard-write; encrypted-media; gyroscope; picture-in-picture; web-share\" referrerpolicy=\"strict-origin-when-cross-origin\" allowfullscreen><\/iframe><\/div>\n<div class=\"jeg_video_container jeg_video_content\"><iframe loading=\"lazy\" title=\"2018 10 23 \/\/ MAGAZINE SPORT: MAXIMILIANO NIEVAS (8\u00b0 DE AUTOMOTO CAMPEON)\" width=\"500\" height=\"375\" src=\"https:\/\/www.youtube.com\/embed\/CEF68f58op0?start=22&#038;feature=oembed\" frameborder=\"0\" allow=\"accelerometer; autoplay; clipboard-write; encrypted-media; gyroscope; picture-in-picture; web-share\" referrerpolicy=\"strict-origin-when-cross-origin\" allowfullscreen><\/iframe><\/div>\n","protected":false},"excerpt":{"rendered":"<p>CELTTV&#8212; Con una gran campa\u00f1a a lo largo de todo el a\u00f1o, la 8\u00b0 divisi\u00f3n del Club Automoto obtuvo el campeonato apertura de la Liga Regional de F\u00fatbol de Coronel Su\u00e1rez. MAGAZINE SPORT visit\u00f3 el entrenamiento azulgrana para dialogar con algunos de los protagonistas de dicho plantel, tras la obtenci\u00f3n del t\u00edtulo. El director t\u00e9cnico [&hellip;]<\/p>\n","protected":false},"author":1,"featured_media":38142,"comment_status":"closed","ping_status":"open","sticky":false,"template":"","format":"standard","meta":{"footnotes":""},"categories":[55,60,52,63],"tags":[],"class_list":["post-38141","post","type-post","status-publish","format-standard","has-post-thumbnail","hentry","category-celt-tv-noticias","category-deporte","category-destacadas","category-magazine-sport"],"yoast_head":"<!-- This site is optimized with the Yoast SEO plugin v19.7.1 - https:\/\/yoast.com\/wordpress\/plugins\/seo\/ -->\n<title>LA 8\u00b0 DIVISI\u00d3N DE AUTOMOTO SE QUED\u00d3 CON EL APERTURA (NOTAS A LOS PROTAGONISTAS) - CELTTV<\/title>\n<meta name=\"description\" content=\"Sitio web de noticias de la localidad de Tornquist, provincia de Buenos Aires, Rep\u00fablica Argentina. Contenido propio originado por periodistas de CELTTV, el canal de TV local de la Cooperativa El\u00e9ctrica de Tornquist. Turismo, Pol\u00edtica, Sociedad, Deporte, Cultura y todo el contenido de inter\u00e9s general que la gente del pueblo y la regi\u00f3n debe conocer.\" \/>\n<meta name=\"robots\" content=\"index, follow, max-snippet:-1, max-image-preview:large, max-video-preview:-1\" \/>\n<link rel=\"canonical\" href=\"https:\/\/www.celttv.com.ar\/index.php\/2018\/10\/24\/la-8-division-de-automoto-se-quedo-con-el-apertura-notas-a-los-protagonistas\/\" \/>\n<meta property=\"og:locale\" content=\"es_ES\" \/>\n<meta property=\"og:type\" content=\"article\" \/>\n<meta property=\"og:title\" content=\"LA 8\u00b0 DIVISI\u00d3N DE AUTOMOTO SE QUED\u00d3 CON EL APERTURA (NOTAS A LOS PROTAGONISTAS) - CELTTV\" \/>\n<meta property=\"og:description\" content=\"Sitio web de noticias de la localidad de Tornquist, provincia de Buenos Aires, Rep\u00fablica Argentina. Contenido propio originado por periodistas de CELTTV, el canal de TV local de la Cooperativa El\u00e9ctrica de Tornquist. Turismo, Pol\u00edtica, Sociedad, Deporte, Cultura y todo el contenido de inter\u00e9s general que la gente del pueblo y la regi\u00f3n debe conocer.\" \/>\n<meta property=\"og:url\" content=\"https:\/\/www.celttv.com.ar\/index.php\/2018\/10\/24\/la-8-division-de-automoto-se-quedo-con-el-apertura-notas-a-los-protagonistas\/\" \/>\n<meta property=\"og:site_name\" content=\"CELTTV\" \/>\n<meta property=\"article:publisher\" content=\"https:\/\/www.facebook.com\/celtTV\/\" \/>\n<meta property=\"article:published_time\" content=\"2018-10-24T14:25:16+00:00\" \/>\n<meta property=\"og:image\" content=\"https:\/\/www.celttv.com.ar\/wp-content\/uploads\/2018\/10\/44358920_2094035563949772_7060471470601797632_n.jpg\" \/>\n\t<meta property=\"og:image:width\" content=\"960\" \/>\n\t<meta property=\"og:image:height\" content=\"598\" \/>\n\t<meta property=\"og:image:type\" content=\"image\/jpeg\" \/>\n<meta name=\"author\" content=\"ulises\" \/>\n<meta name=\"twitter:card\" content=\"summary_large_image\" \/>\n<meta name=\"twitter:label1\" content=\"Escrito por\" \/>\n\t<meta name=\"twitter:data1\" content=\"ulises\" \/>\n\t<meta name=\"twitter:label2\" content=\"Tiempo de lectura\" \/>\n\t<meta name=\"twitter:data2\" content=\"1 minuto\" \/>\n<script type=\"application\/ld+json\" class=\"yoast-schema-graph\">{\"@context\":\"https:\/\/schema.org\",\"@graph\":[{\"@type\":\"NewsArticle\",\"@id\":\"https:\/\/www.celttv.com.ar\/index.php\/2018\/10\/24\/la-8-division-de-automoto-se-quedo-con-el-apertura-notas-a-los-protagonistas\/#article\",\"isPartOf\":{\"@id\":\"https:\/\/www.celttv.com.ar\/index.php\/2018\/10\/24\/la-8-division-de-automoto-se-quedo-con-el-apertura-notas-a-los-protagonistas\/\"},\"author\":{\"name\":\"ulises\",\"@id\":\"https:\/\/www.celttv.com.ar\/#\/schema\/person\/6d99c072dba59953809c81446e9d0ace\"},\"headline\":\"LA 8\u00b0 DIVISI\u00d3N DE AUTOMOTO SE QUED\u00d3 CON EL APERTURA (NOTAS A LOS PROTAGONISTAS)\",\"datePublished\":\"2018-10-24T14:25:16+00:00\",\"dateModified\":\"2018-10-24T14:25:16+00:00\",\"mainEntityOfPage\":{\"@id\":\"https:\/\/www.celttv.com.ar\/index.php\/2018\/10\/24\/la-8-division-de-automoto-se-quedo-con-el-apertura-notas-a-los-protagonistas\/\"},\"wordCount\":150,\"publisher\":{\"@id\":\"https:\/\/www.celttv.com.ar\/#organization\"},\"articleSection\":[\"Celt TV Noticias\",\"Deporte\",\"Destacadas\",\"Magazine Sport\"],\"inLanguage\":\"es\"},{\"@type\":\"WebPage\",\"@id\":\"https:\/\/www.celttv.com.ar\/index.php\/2018\/10\/24\/la-8-division-de-automoto-se-quedo-con-el-apertura-notas-a-los-protagonistas\/\",\"url\":\"https:\/\/www.celttv.com.ar\/index.php\/2018\/10\/24\/la-8-division-de-automoto-se-quedo-con-el-apertura-notas-a-los-protagonistas\/\",\"name\":\"LA 8\u00b0 DIVISI\u00d3N DE AUTOMOTO SE QUED\u00d3 CON EL APERTURA (NOTAS A LOS PROTAGONISTAS) - CELTTV\",\"isPartOf\":{\"@id\":\"https:\/\/www.celttv.com.ar\/#website\"},\"datePublished\":\"2018-10-24T14:25:16+00:00\",\"dateModified\":\"2018-10-24T14:25:16+00:00\",\"description\":\"Sitio web de noticias de la localidad de Tornquist, provincia de Buenos Aires, Rep\u00fablica Argentina. Contenido propio originado por periodistas de CELTTV, el canal de TV local de la Cooperativa El\u00e9ctrica de Tornquist. Turismo, Pol\u00edtica, Sociedad, Deporte, Cultura y todo el contenido de inter\u00e9s general que la gente del pueblo y la regi\u00f3n debe conocer.\",\"breadcrumb\":{\"@id\":\"https:\/\/www.celttv.com.ar\/index.php\/2018\/10\/24\/la-8-division-de-automoto-se-quedo-con-el-apertura-notas-a-los-protagonistas\/#breadcrumb\"},\"inLanguage\":\"es\",\"potentialAction\":[{\"@type\":\"ReadAction\",\"target\":[\"https:\/\/www.celttv.com.ar\/index.php\/2018\/10\/24\/la-8-division-de-automoto-se-quedo-con-el-apertura-notas-a-los-protagonistas\/\"]}]},{\"@type\":\"BreadcrumbList\",\"@id\":\"https:\/\/www.celttv.com.ar\/index.php\/2018\/10\/24\/la-8-division-de-automoto-se-quedo-con-el-apertura-notas-a-los-protagonistas\/#breadcrumb\",\"itemListElement\":[{\"@type\":\"ListItem\",\"position\":1,\"name\":\"Inicio\",\"item\":\"https:\/\/www.celttv.com.ar\/\"},{\"@type\":\"ListItem\",\"position\":2,\"name\":\"LA 8\u00b0 DIVISI\u00d3N DE AUTOMOTO SE QUED\u00d3 CON EL APERTURA (NOTAS A LOS PROTAGONISTAS)\"}]},{\"@type\":\"WebSite\",\"@id\":\"https:\/\/www.celttv.com.ar\/#website\",\"url\":\"https:\/\/www.celttv.com.ar\/\",\"name\":\"CELTTV\",\"description\":\"Cooperativa El\u00e9ctrica de Tornquist\",\"publisher\":{\"@id\":\"https:\/\/www.celttv.com.ar\/#organization\"},\"potentialAction\":[{\"@type\":\"SearchAction\",\"target\":{\"@type\":\"EntryPoint\",\"urlTemplate\":\"https:\/\/www.celttv.com.ar\/?s={search_term_string}\"},\"query-input\":\"required name=search_term_string\"}],\"inLanguage\":\"es\"},{\"@type\":\"Organization\",\"@id\":\"https:\/\/www.celttv.com.ar\/#organization\",\"name\":\"CELTTV\",\"url\":\"https:\/\/www.celttv.com.ar\/\",\"sameAs\":[\"https:\/\/www.youtube.com\/channel\/UCz_oIt8Hig64Ub-EmcNPIhg\",\"https:\/\/www.facebook.com\/celtTV\/\"],\"logo\":{\"@type\":\"ImageObject\",\"inLanguage\":\"es\",\"@id\":\"https:\/\/www.celttv.com.ar\/#\/schema\/logo\/image\/\",\"url\":\"http:\/\/www.celttv.com.ar\/wp-content\/uploads\/2022\/08\/logo-1.png\",\"contentUrl\":\"http:\/\/www.celttv.com.ar\/wp-content\/uploads\/2022\/08\/logo-1.png\",\"width\":461,\"height\":159,\"caption\":\"CELTTV\"},\"image\":{\"@id\":\"https:\/\/www.celttv.com.ar\/#\/schema\/logo\/image\/\"}},{\"@type\":\"Person\",\"@id\":\"https:\/\/www.celttv.com.ar\/#\/schema\/person\/6d99c072dba59953809c81446e9d0ace\",\"name\":\"ulises\",\"image\":{\"@type\":\"ImageObject\",\"inLanguage\":\"es\",\"@id\":\"https:\/\/www.celttv.com.ar\/#\/schema\/person\/image\/\",\"url\":\"https:\/\/secure.gravatar.com\/avatar\/7f2c48bdc33b30088f941fb6082e555f2874c98e20cb159d7b92b50eadfce793?s=96&d=mm&r=g\",\"contentUrl\":\"https:\/\/secure.gravatar.com\/avatar\/7f2c48bdc33b30088f941fb6082e555f2874c98e20cb159d7b92b50eadfce793?s=96&d=mm&r=g\",\"caption\":\"ulises\"},\"sameAs\":[\"http:\/\/www.celttv.com.ar\"]}]}<\/script>\n<!-- \/ Yoast SEO plugin. -->","yoast_head_json":{"title":"LA 8\u00b0 DIVISI\u00d3N DE AUTOMOTO SE QUED\u00d3 CON EL APERTURA (NOTAS A LOS PROTAGONISTAS) - CELTTV","description":"Sitio web de noticias de la localidad de Tornquist, provincia de Buenos Aires, Rep\u00fablica Argentina. Contenido propio originado por periodistas de CELTTV, el canal de TV local de la Cooperativa El\u00e9ctrica de Tornquist. Turismo, Pol\u00edtica, Sociedad, Deporte, Cultura y todo el contenido de inter\u00e9s general que la gente del pueblo y la regi\u00f3n debe conocer.","robots":{"index":"index","follow":"follow","max-snippet":"max-snippet:-1","max-image-preview":"max-image-preview:large","max-video-preview":"max-video-preview:-1"},"canonical":"https:\/\/www.celttv.com.ar\/index.php\/2018\/10\/24\/la-8-division-de-automoto-se-quedo-con-el-apertura-notas-a-los-protagonistas\/","og_locale":"es_ES","og_type":"article","og_title":"LA 8\u00b0 DIVISI\u00d3N DE AUTOMOTO SE QUED\u00d3 CON EL APERTURA (NOTAS A LOS PROTAGONISTAS) - CELTTV","og_description":"Sitio web de noticias de la localidad de Tornquist, provincia de Buenos Aires, Rep\u00fablica Argentina. Contenido propio originado por periodistas de CELTTV, el canal de TV local de la Cooperativa El\u00e9ctrica de Tornquist. Turismo, Pol\u00edtica, Sociedad, Deporte, Cultura y todo el contenido de inter\u00e9s general que la gente del pueblo y la regi\u00f3n debe conocer.","og_url":"https:\/\/www.celttv.com.ar\/index.php\/2018\/10\/24\/la-8-division-de-automoto-se-quedo-con-el-apertura-notas-a-los-protagonistas\/","og_site_name":"CELTTV","article_publisher":"https:\/\/www.facebook.com\/celtTV\/","article_published_time":"2018-10-24T14:25:16+00:00","og_image":[{"width":960,"height":598,"url":"https:\/\/www.celttv.com.ar\/wp-content\/uploads\/2018\/10\/44358920_2094035563949772_7060471470601797632_n.jpg","type":"image\/jpeg"}],"author":"ulises","twitter_card":"summary_large_image","twitter_misc":{"Escrito por":"ulises","Tiempo de lectura":"1 minuto"},"schema":{"@context":"https:\/\/schema.org","@graph":[{"@type":"NewsArticle","@id":"https:\/\/www.celttv.com.ar\/index.php\/2018\/10\/24\/la-8-division-de-automoto-se-quedo-con-el-apertura-notas-a-los-protagonistas\/#article","isPartOf":{"@id":"https:\/\/www.celttv.com.ar\/index.php\/2018\/10\/24\/la-8-division-de-automoto-se-quedo-con-el-apertura-notas-a-los-protagonistas\/"},"author":{"name":"ulises","@id":"https:\/\/www.celttv.com.ar\/#\/schema\/person\/6d99c072dba59953809c81446e9d0ace"},"headline":"LA 8\u00b0 DIVISI\u00d3N DE AUTOMOTO SE QUED\u00d3 CON EL APERTURA (NOTAS A LOS PROTAGONISTAS)","datePublished":"2018-10-24T14:25:16+00:00","dateModified":"2018-10-24T14:25:16+00:00","mainEntityOfPage":{"@id":"https:\/\/www.celttv.com.ar\/index.php\/2018\/10\/24\/la-8-division-de-automoto-se-quedo-con-el-apertura-notas-a-los-protagonistas\/"},"wordCount":150,"publisher":{"@id":"https:\/\/www.celttv.com.ar\/#organization"},"articleSection":["Celt TV Noticias","Deporte","Destacadas","Magazine Sport"],"inLanguage":"es"},{"@type":"WebPage","@id":"https:\/\/www.celttv.com.ar\/index.php\/2018\/10\/24\/la-8-division-de-automoto-se-quedo-con-el-apertura-notas-a-los-protagonistas\/","url":"https:\/\/www.celttv.com.ar\/index.php\/2018\/10\/24\/la-8-division-de-automoto-se-quedo-con-el-apertura-notas-a-los-protagonistas\/","name":"LA 8\u00b0 DIVISI\u00d3N DE AUTOMOTO SE QUED\u00d3 CON EL APERTURA (NOTAS A LOS PROTAGONISTAS) - CELTTV","isPartOf":{"@id":"https:\/\/www.celttv.com.ar\/#website"},"datePublished":"2018-10-24T14:25:16+00:00","dateModified":"2018-10-24T14:25:16+00:00","description":"Sitio web de noticias de la localidad de Tornquist, provincia de Buenos Aires, Rep\u00fablica Argentina. Contenido propio originado por periodistas de CELTTV, el canal de TV local de la Cooperativa El\u00e9ctrica de Tornquist. Turismo, Pol\u00edtica, Sociedad, Deporte, Cultura y todo el contenido de inter\u00e9s general que la gente del pueblo y la regi\u00f3n debe conocer.","breadcrumb":{"@id":"https:\/\/www.celttv.com.ar\/index.php\/2018\/10\/24\/la-8-division-de-automoto-se-quedo-con-el-apertura-notas-a-los-protagonistas\/#breadcrumb"},"inLanguage":"es","potentialAction":[{"@type":"ReadAction","target":["https:\/\/www.celttv.com.ar\/index.php\/2018\/10\/24\/la-8-division-de-automoto-se-quedo-con-el-apertura-notas-a-los-protagonistas\/"]}]},{"@type":"BreadcrumbList","@id":"https:\/\/www.celttv.com.ar\/index.php\/2018\/10\/24\/la-8-division-de-automoto-se-quedo-con-el-apertura-notas-a-los-protagonistas\/#breadcrumb","itemListElement":[{"@type":"ListItem","position":1,"name":"Inicio","item":"https:\/\/www.celttv.com.ar\/"},{"@type":"ListItem","position":2,"name":"LA 8\u00b0 DIVISI\u00d3N DE AUTOMOTO SE QUED\u00d3 CON EL APERTURA (NOTAS A LOS PROTAGONISTAS)"}]},{"@type":"WebSite","@id":"https:\/\/www.celttv.com.ar\/#website","url":"https:\/\/www.celttv.com.ar\/","name":"CELTTV","description":"Cooperativa El\u00e9ctrica de Tornquist","publisher":{"@id":"https:\/\/www.celttv.com.ar\/#organization"},"potentialAction":[{"@type":"SearchAction","target":{"@type":"EntryPoint","urlTemplate":"https:\/\/www.celttv.com.ar\/?s={search_term_string}"},"query-input":"required name=search_term_string"}],"inLanguage":"es"},{"@type":"Organization","@id":"https:\/\/www.celttv.com.ar\/#organization","name":"CELTTV","url":"https:\/\/www.celttv.com.ar\/","sameAs":["https:\/\/www.youtube.com\/channel\/UCz_oIt8Hig64Ub-EmcNPIhg","https:\/\/www.facebook.com\/celtTV\/"],"logo":{"@type":"ImageObject","inLanguage":"es","@id":"https:\/\/www.celttv.com.ar\/#\/schema\/logo\/image\/","url":"http:\/\/www.celttv.com.ar\/wp-content\/uploads\/2022\/08\/logo-1.png","contentUrl":"http:\/\/www.celttv.com.ar\/wp-content\/uploads\/2022\/08\/logo-1.png","width":461,"height":159,"caption":"CELTTV"},"image":{"@id":"https:\/\/www.celttv.com.ar\/#\/schema\/logo\/image\/"}},{"@type":"Person","@id":"https:\/\/www.celttv.com.ar\/#\/schema\/person\/6d99c072dba59953809c81446e9d0ace","name":"ulises","image":{"@type":"ImageObject","inLanguage":"es","@id":"https:\/\/www.celttv.com.ar\/#\/schema\/person\/image\/","url":"https:\/\/secure.gravatar.com\/avatar\/7f2c48bdc33b30088f941fb6082e555f2874c98e20cb159d7b92b50eadfce793?s=96&d=mm&r=g","contentUrl":"https:\/\/secure.gravatar.com\/avatar\/7f2c48bdc33b30088f941fb6082e555f2874c98e20cb159d7b92b50eadfce793?s=96&d=mm&r=g","caption":"ulises"},"sameAs":["http:\/\/www.celttv.com.ar"]}]}},"_links":{"self":[{"href":"https:\/\/www.celttv.com.ar\/index.php\/wp-json\/wp\/v2\/posts\/38141","targetHints":{"allow":["GET"]}}],"collection":[{"href":"https:\/\/www.celttv.com.ar\/index.php\/wp-json\/wp\/v2\/posts"}],"about":[{"href":"https:\/\/www.celttv.com.ar\/index.php\/wp-json\/wp\/v2\/types\/post"}],"author":[{"embeddable":true,"href":"https:\/\/www.celttv.com.ar\/index.php\/wp-json\/wp\/v2\/users\/1"}],"replies":[{"embeddable":true,"href":"https:\/\/www.celttv.com.ar\/index.php\/wp-json\/wp\/v2\/comments?post=38141"}],"version-history":[{"count":0,"href":"https:\/\/www.celttv.com.ar\/index.php\/wp-json\/wp\/v2\/posts\/38141\/revisions"}],"wp:featuredmedia":[{"embeddable":true,"href":"https:\/\/www.celttv.com.ar\/index.php\/wp-json\/wp\/v2\/media\/38142"}],"wp:attachment":[{"href":"https:\/\/www.celttv.com.ar\/index.php\/wp-json\/wp\/v2\/media?parent=38141"}],"wp:term":[{"taxonomy":"category","embeddable":true,"href":"https:\/\/www.celttv.com.ar\/index.php\/wp-json\/wp\/v2\/categories?post=38141"},{"taxonomy":"post_tag","embeddable":true,"href":"https:\/\/www.celttv.com.ar\/index.php\/wp-json\/wp\/v2\/tags?post=38141"}],"curies":[{"name":"wp","href":"https:\/\/api.w.org\/{rel}","templated":true}]}}