{"id":38145,"date":"2018-10-25T12:46:18","date_gmt":"2018-10-25T12:46:18","guid":{"rendered":"http:\/\/www.celttv.com.ar\/?p=38145"},"modified":"2018-10-25T12:46:18","modified_gmt":"2018-10-25T12:46:18","slug":"el-comandante-de-bomberos-de-tornquist-convocado-por-la-academia-nacional","status":"publish","type":"post","link":"https:\/\/www.celttv.com.ar\/index.php\/2018\/10\/25\/el-comandante-de-bomberos-de-tornquist-convocado-por-la-academia-nacional\/","title":{"rendered":"El Comandante de bomberos de Tornquist convocado por la Academia Nacional"},"content":{"rendered":"<p>Convocado por la Academia Nacional de Bomberos Voluntarios de Argentina, del 22 al 26 de Octubre, se desarrolla en la Federaci\u00f3n Santafesina de Bomberos Voluntarios un\u00a0\u00a0Curso de &#8220;Gesti\u00f3n Operativo de Comando&#8221;, dictado por Andre Lopez, Stephane Gonzalez y Jean Claude Commes, Instructores enviados por el Servicio de Seguridad Interior de la Embajada de Francia en Buenos Aires, en el marco de Cooperaci\u00f3n T\u00e9cnica entre nuestros pa\u00edses e Instituciones.<\/p>\n<div>\nEn el Acto de apertura estuvieron presente el Director de la Academia Nacional, Comandante General Daniel Iglesias y el Director de Escuela Provincial de Santa Fe el Oficial Inspector Daniel Virelaude.\n<\/div>\n<p>&nbsp;<\/p>\n<div>Participan de las Jornadas de Capacitaci\u00f3n del Curso de &#8220;Gesti\u00f3n Operativo de Comando&#8221;,\u00a0<b>Mart\u00edn Haag, de la Asociaci\u00f3n Bomberos Voluntarios de Tornquist<\/b>\u00a0<b>(Fed. Centro Sur de Asoc. de Bomberos Voluntarios)<\/b>, Luis Varas, de la Asociaci\u00f3n de Echenaguc\u00eda (Fed. Bonaerense), Antonio Bozzani, de la Asociaci\u00f3n de Gualeguaychu (Fed. Entre R\u00edos), Walter Guerrero, de la Asociaci\u00f3n de Dalmacio Velez (Fed. C\u00f3rdoba), Walter Corsetti y Hector Van Valssenhof de la Asociaci\u00f3n de Ca\u00f1ada de Gomez (Fed. Santafesina).<\/div>\n<div><\/div>\n<div><\/div>\n<div id='gallery_1' class='gallery galleryid-38145 gallery-columns-3 gallery-size-medium'><figure class='gallery-item'>\n            <div class='gallery-icon landscape'>\n                <a href='https:\/\/www.celttv.com.ar\/wp-content\/uploads\/2018\/10\/ACADEMIA-BOMBEROS.jpg'><img loading=\"lazy\" decoding=\"async\" width=\"300\" height=\"225\" src=\"\" class=\"attachment-medium size-medium lazyload\" alt=\"\" data-src=\"https:\/\/www.celttv.com.ar\/wp-content\/uploads\/2018\/10\/ACADEMIA-BOMBEROS-300x225.jpg\" data-sizes=\"auto\" data-srcset=\"https:\/\/www.celttv.com.ar\/wp-content\/uploads\/2018\/10\/ACADEMIA-BOMBEROS-300x225.jpg 300w, https:\/\/www.celttv.com.ar\/wp-content\/uploads\/2018\/10\/ACADEMIA-BOMBEROS-1024x768.jpg 1024w, https:\/\/www.celttv.com.ar\/wp-content\/uploads\/2018\/10\/ACADEMIA-BOMBEROS-768x576.jpg 768w, https:\/\/www.celttv.com.ar\/wp-content\/uploads\/2018\/10\/ACADEMIA-BOMBEROS-750x563.jpg 750w, https:\/\/www.celttv.com.ar\/wp-content\/uploads\/2018\/10\/ACADEMIA-BOMBEROS-1140x855.jpg 1140w, https:\/\/www.celttv.com.ar\/wp-content\/uploads\/2018\/10\/ACADEMIA-BOMBEROS.jpg 1280w\" data-expand=\"700\" \/><\/a>\n            <\/div><\/figure><figure class='gallery-item'>\n            <div class='gallery-icon landscape'>\n                <a href='https:\/\/www.celttv.com.ar\/wp-content\/uploads\/2018\/10\/IMG-20181023-WA0007.jpg'><img loading=\"lazy\" decoding=\"async\" width=\"300\" height=\"225\" src=\"\" class=\"attachment-medium size-medium lazyload\" alt=\"\" data-src=\"https:\/\/www.celttv.com.ar\/wp-content\/uploads\/2018\/10\/IMG-20181023-WA0007-300x225.jpg\" data-sizes=\"auto\" data-srcset=\"https:\/\/www.celttv.com.ar\/wp-content\/uploads\/2018\/10\/IMG-20181023-WA0007-300x225.jpg 300w, https:\/\/www.celttv.com.ar\/wp-content\/uploads\/2018\/10\/IMG-20181023-WA0007-1024x768.jpg 1024w, https:\/\/www.celttv.com.ar\/wp-content\/uploads\/2018\/10\/IMG-20181023-WA0007-768x576.jpg 768w, https:\/\/www.celttv.com.ar\/wp-content\/uploads\/2018\/10\/IMG-20181023-WA0007-750x563.jpg 750w, https:\/\/www.celttv.com.ar\/wp-content\/uploads\/2018\/10\/IMG-20181023-WA0007-1140x855.jpg 1140w, https:\/\/www.celttv.com.ar\/wp-content\/uploads\/2018\/10\/IMG-20181023-WA0007.jpg 1280w\" data-expand=\"700\" \/><\/a>\n            <\/div><\/figure><figure class='gallery-item'>\n            <div class='gallery-icon landscape'>\n                <a href='https:\/\/www.celttv.com.ar\/wp-content\/uploads\/2018\/10\/IMG-20181023-WA0008.jpg'><img loading=\"lazy\" decoding=\"async\" width=\"300\" height=\"225\" src=\"\" class=\"attachment-medium size-medium lazyload\" alt=\"\" data-src=\"https:\/\/www.celttv.com.ar\/wp-content\/uploads\/2018\/10\/IMG-20181023-WA0008-300x225.jpg\" data-sizes=\"auto\" data-srcset=\"https:\/\/www.celttv.com.ar\/wp-content\/uploads\/2018\/10\/IMG-20181023-WA0008-300x225.jpg 300w, https:\/\/www.celttv.com.ar\/wp-content\/uploads\/2018\/10\/IMG-20181023-WA0008-1024x768.jpg 1024w, https:\/\/www.celttv.com.ar\/wp-content\/uploads\/2018\/10\/IMG-20181023-WA0008-768x576.jpg 768w, https:\/\/www.celttv.com.ar\/wp-content\/uploads\/2018\/10\/IMG-20181023-WA0008-750x563.jpg 750w, https:\/\/www.celttv.com.ar\/wp-content\/uploads\/2018\/10\/IMG-20181023-WA0008-1140x855.jpg 1140w, https:\/\/www.celttv.com.ar\/wp-content\/uploads\/2018\/10\/IMG-20181023-WA0008.jpg 1280w\" data-expand=\"700\" \/><\/a>\n            <\/div><\/figure><br style=\"clear: both\" \/><figure class='gallery-item'>\n            <div class='gallery-icon landscape'>\n                <a href='https:\/\/www.celttv.com.ar\/wp-content\/uploads\/2018\/10\/IMG-20181023-WA0010.jpg'><img loading=\"lazy\" decoding=\"async\" width=\"300\" height=\"225\" src=\"\" class=\"attachment-medium size-medium lazyload\" alt=\"\" data-src=\"https:\/\/www.celttv.com.ar\/wp-content\/uploads\/2018\/10\/IMG-20181023-WA0010-300x225.jpg\" data-sizes=\"auto\" data-srcset=\"https:\/\/www.celttv.com.ar\/wp-content\/uploads\/2018\/10\/IMG-20181023-WA0010-300x225.jpg 300w, https:\/\/www.celttv.com.ar\/wp-content\/uploads\/2018\/10\/IMG-20181023-WA0010-1024x768.jpg 1024w, https:\/\/www.celttv.com.ar\/wp-content\/uploads\/2018\/10\/IMG-20181023-WA0010-768x576.jpg 768w, https:\/\/www.celttv.com.ar\/wp-content\/uploads\/2018\/10\/IMG-20181023-WA0010-750x563.jpg 750w, https:\/\/www.celttv.com.ar\/wp-content\/uploads\/2018\/10\/IMG-20181023-WA0010-1140x855.jpg 1140w, https:\/\/www.celttv.com.ar\/wp-content\/uploads\/2018\/10\/IMG-20181023-WA0010.jpg 1280w\" data-expand=\"700\" \/><\/a>\n            <\/div><\/figure><figure class='gallery-item'>\n            <div class='gallery-icon landscape'>\n                <a href='https:\/\/www.celttv.com.ar\/wp-content\/uploads\/2018\/10\/IMG-20181023-WA0011.jpg'><img loading=\"lazy\" decoding=\"async\" width=\"300\" height=\"225\" src=\"\" class=\"attachment-medium size-medium lazyload\" alt=\"\" data-src=\"https:\/\/www.celttv.com.ar\/wp-content\/uploads\/2018\/10\/IMG-20181023-WA0011-300x225.jpg\" data-sizes=\"auto\" data-srcset=\"https:\/\/www.celttv.com.ar\/wp-content\/uploads\/2018\/10\/IMG-20181023-WA0011-300x225.jpg 300w, https:\/\/www.celttv.com.ar\/wp-content\/uploads\/2018\/10\/IMG-20181023-WA0011-1024x768.jpg 1024w, https:\/\/www.celttv.com.ar\/wp-content\/uploads\/2018\/10\/IMG-20181023-WA0011-768x576.jpg 768w, https:\/\/www.celttv.com.ar\/wp-content\/uploads\/2018\/10\/IMG-20181023-WA0011-750x563.jpg 750w, https:\/\/www.celttv.com.ar\/wp-content\/uploads\/2018\/10\/IMG-20181023-WA0011-1140x855.jpg 1140w, https:\/\/www.celttv.com.ar\/wp-content\/uploads\/2018\/10\/IMG-20181023-WA0011.jpg 1280w\" data-expand=\"700\" \/><\/a>\n            <\/div><\/figure><figure class='gallery-item'>\n            <div class='gallery-icon landscape'>\n                <a href='https:\/\/www.celttv.com.ar\/wp-content\/uploads\/2018\/10\/IMG-20181023-WA0045.jpg'><img loading=\"lazy\" decoding=\"async\" width=\"300\" height=\"225\" src=\"\" class=\"attachment-medium size-medium lazyload\" alt=\"\" data-src=\"https:\/\/www.celttv.com.ar\/wp-content\/uploads\/2018\/10\/IMG-20181023-WA0045-300x225.jpg\" data-sizes=\"auto\" data-srcset=\"https:\/\/www.celttv.com.ar\/wp-content\/uploads\/2018\/10\/IMG-20181023-WA0045-300x225.jpg 300w, https:\/\/www.celttv.com.ar\/wp-content\/uploads\/2018\/10\/IMG-20181023-WA0045-1024x768.jpg 1024w, https:\/\/www.celttv.com.ar\/wp-content\/uploads\/2018\/10\/IMG-20181023-WA0045-768x576.jpg 768w, https:\/\/www.celttv.com.ar\/wp-content\/uploads\/2018\/10\/IMG-20181023-WA0045-750x563.jpg 750w, https:\/\/www.celttv.com.ar\/wp-content\/uploads\/2018\/10\/IMG-20181023-WA0045-1140x855.jpg 1140w, https:\/\/www.celttv.com.ar\/wp-content\/uploads\/2018\/10\/IMG-20181023-WA0045.jpg 1280w\" data-expand=\"700\" \/><\/a>\n            <\/div><\/figure><br style=\"clear: both\" \/><figure class='gallery-item'>\n            <div class='gallery-icon landscape'>\n                <a href='https:\/\/www.celttv.com.ar\/wp-content\/uploads\/2018\/10\/IMG-20181023-WA0046.jpg'><img loading=\"lazy\" decoding=\"async\" width=\"300\" height=\"225\" src=\"\" class=\"attachment-medium size-medium lazyload\" alt=\"\" data-src=\"https:\/\/www.celttv.com.ar\/wp-content\/uploads\/2018\/10\/IMG-20181023-WA0046-300x225.jpg\" data-sizes=\"auto\" data-srcset=\"https:\/\/www.celttv.com.ar\/wp-content\/uploads\/2018\/10\/IMG-20181023-WA0046-300x225.jpg 300w, https:\/\/www.celttv.com.ar\/wp-content\/uploads\/2018\/10\/IMG-20181023-WA0046-1024x768.jpg 1024w, https:\/\/www.celttv.com.ar\/wp-content\/uploads\/2018\/10\/IMG-20181023-WA0046-768x576.jpg 768w, https:\/\/www.celttv.com.ar\/wp-content\/uploads\/2018\/10\/IMG-20181023-WA0046-750x563.jpg 750w, https:\/\/www.celttv.com.ar\/wp-content\/uploads\/2018\/10\/IMG-20181023-WA0046-1140x855.jpg 1140w, https:\/\/www.celttv.com.ar\/wp-content\/uploads\/2018\/10\/IMG-20181023-WA0046.jpg 1280w\" data-expand=\"700\" \/><\/a>\n            <\/div><\/figure>\n            <br style='clear: both' \/>\n        <\/div>\n\n","protected":false},"excerpt":{"rendered":"<p>Convocado por la Academia Nacional de Bomberos Voluntarios de Argentina, del 22 al 26 de Octubre, se desarrolla en la Federaci\u00f3n Santafesina de Bomberos Voluntarios un\u00a0\u00a0Curso de &#8220;Gesti\u00f3n Operativo de Comando&#8221;, dictado por Andre Lopez, Stephane Gonzalez y Jean Claude Commes, Instructores enviados por el Servicio de Seguridad Interior de la Embajada de Francia en [&hellip;]<\/p>\n","protected":false},"author":1,"featured_media":38146,"comment_status":"closed","ping_status":"open","sticky":false,"template":"","format":"standard","meta":{"footnotes":""},"categories":[51,52],"tags":[],"class_list":["post-38145","post","type-post","status-publish","format-standard","has-post-thumbnail","hentry","category-comunidad","category-destacadas"],"yoast_head":"<!-- This site is optimized with the Yoast SEO plugin v19.7.1 - https:\/\/yoast.com\/wordpress\/plugins\/seo\/ -->\n<title>El Comandante de bomberos de Tornquist convocado por la Academia Nacional - CELTTV<\/title>\n<meta name=\"description\" content=\"Sitio web de noticias de la localidad de Tornquist, provincia de Buenos Aires, Rep\u00fablica Argentina. Contenido propio originado por periodistas de CELTTV, el canal de TV local de la Cooperativa El\u00e9ctrica de Tornquist. Turismo, Pol\u00edtica, Sociedad, Deporte, Cultura y todo el contenido de inter\u00e9s general que la gente del pueblo y la regi\u00f3n debe conocer.\" \/>\n<meta name=\"robots\" content=\"index, follow, max-snippet:-1, max-image-preview:large, max-video-preview:-1\" \/>\n<link rel=\"canonical\" href=\"https:\/\/www.celttv.com.ar\/index.php\/2018\/10\/25\/el-comandante-de-bomberos-de-tornquist-convocado-por-la-academia-nacional\/\" \/>\n<meta property=\"og:locale\" content=\"es_ES\" \/>\n<meta property=\"og:type\" content=\"article\" \/>\n<meta property=\"og:title\" content=\"El Comandante de bomberos de Tornquist convocado por la Academia Nacional - CELTTV\" \/>\n<meta property=\"og:description\" content=\"Sitio web de noticias de la localidad de Tornquist, provincia de Buenos Aires, Rep\u00fablica Argentina. Contenido propio originado por periodistas de CELTTV, el canal de TV local de la Cooperativa El\u00e9ctrica de Tornquist. Turismo, Pol\u00edtica, Sociedad, Deporte, Cultura y todo el contenido de inter\u00e9s general que la gente del pueblo y la regi\u00f3n debe conocer.\" \/>\n<meta property=\"og:url\" content=\"https:\/\/www.celttv.com.ar\/index.php\/2018\/10\/25\/el-comandante-de-bomberos-de-tornquist-convocado-por-la-academia-nacional\/\" \/>\n<meta property=\"og:site_name\" content=\"CELTTV\" \/>\n<meta property=\"article:publisher\" content=\"https:\/\/www.facebook.com\/celtTV\/\" \/>\n<meta property=\"article:published_time\" content=\"2018-10-25T12:46:18+00:00\" \/>\n<meta property=\"og:image\" content=\"https:\/\/www.celttv.com.ar\/wp-content\/uploads\/2018\/10\/ACADEMIA-BOMBEROS.jpg\" \/>\n\t<meta property=\"og:image:width\" content=\"1280\" \/>\n\t<meta property=\"og:image:height\" content=\"960\" \/>\n\t<meta property=\"og:image:type\" content=\"image\/jpeg\" \/>\n<meta name=\"author\" content=\"ulises\" \/>\n<meta name=\"twitter:card\" content=\"summary_large_image\" \/>\n<meta name=\"twitter:label1\" content=\"Escrito por\" \/>\n\t<meta name=\"twitter:data1\" content=\"ulises\" \/>\n\t<meta name=\"twitter:label2\" content=\"Tiempo de lectura\" \/>\n\t<meta name=\"twitter:data2\" content=\"1 minuto\" \/>\n<script type=\"application\/ld+json\" class=\"yoast-schema-graph\">{\"@context\":\"https:\/\/schema.org\",\"@graph\":[{\"@type\":\"NewsArticle\",\"@id\":\"https:\/\/www.celttv.com.ar\/index.php\/2018\/10\/25\/el-comandante-de-bomberos-de-tornquist-convocado-por-la-academia-nacional\/#article\",\"isPartOf\":{\"@id\":\"https:\/\/www.celttv.com.ar\/index.php\/2018\/10\/25\/el-comandante-de-bomberos-de-tornquist-convocado-por-la-academia-nacional\/\"},\"author\":{\"name\":\"ulises\",\"@id\":\"https:\/\/www.celttv.com.ar\/#\/schema\/person\/6d99c072dba59953809c81446e9d0ace\"},\"headline\":\"El Comandante de bomberos de Tornquist convocado por la Academia Nacional\",\"datePublished\":\"2018-10-25T12:46:18+00:00\",\"dateModified\":\"2018-10-25T12:46:18+00:00\",\"mainEntityOfPage\":{\"@id\":\"https:\/\/www.celttv.com.ar\/index.php\/2018\/10\/25\/el-comandante-de-bomberos-de-tornquist-convocado-por-la-academia-nacional\/\"},\"wordCount\":205,\"publisher\":{\"@id\":\"https:\/\/www.celttv.com.ar\/#organization\"},\"articleSection\":[\"Comunidad\",\"Destacadas\"],\"inLanguage\":\"es\"},{\"@type\":\"WebPage\",\"@id\":\"https:\/\/www.celttv.com.ar\/index.php\/2018\/10\/25\/el-comandante-de-bomberos-de-tornquist-convocado-por-la-academia-nacional\/\",\"url\":\"https:\/\/www.celttv.com.ar\/index.php\/2018\/10\/25\/el-comandante-de-bomberos-de-tornquist-convocado-por-la-academia-nacional\/\",\"name\":\"El Comandante de bomberos de Tornquist convocado por la Academia Nacional - CELTTV\",\"isPartOf\":{\"@id\":\"https:\/\/www.celttv.com.ar\/#website\"},\"datePublished\":\"2018-10-25T12:46:18+00:00\",\"dateModified\":\"2018-10-25T12:46:18+00:00\",\"description\":\"Sitio web de noticias de la localidad de Tornquist, provincia de Buenos Aires, Rep\u00fablica Argentina. Contenido propio originado por periodistas de CELTTV, el canal de TV local de la Cooperativa El\u00e9ctrica de Tornquist. Turismo, Pol\u00edtica, Sociedad, Deporte, Cultura y todo el contenido de inter\u00e9s general que la gente del pueblo y la regi\u00f3n debe conocer.\",\"breadcrumb\":{\"@id\":\"https:\/\/www.celttv.com.ar\/index.php\/2018\/10\/25\/el-comandante-de-bomberos-de-tornquist-convocado-por-la-academia-nacional\/#breadcrumb\"},\"inLanguage\":\"es\",\"potentialAction\":[{\"@type\":\"ReadAction\",\"target\":[\"https:\/\/www.celttv.com.ar\/index.php\/2018\/10\/25\/el-comandante-de-bomberos-de-tornquist-convocado-por-la-academia-nacional\/\"]}]},{\"@type\":\"BreadcrumbList\",\"@id\":\"https:\/\/www.celttv.com.ar\/index.php\/2018\/10\/25\/el-comandante-de-bomberos-de-tornquist-convocado-por-la-academia-nacional\/#breadcrumb\",\"itemListElement\":[{\"@type\":\"ListItem\",\"position\":1,\"name\":\"Inicio\",\"item\":\"https:\/\/www.celttv.com.ar\/\"},{\"@type\":\"ListItem\",\"position\":2,\"name\":\"El Comandante de bomberos de Tornquist convocado por la Academia Nacional\"}]},{\"@type\":\"WebSite\",\"@id\":\"https:\/\/www.celttv.com.ar\/#website\",\"url\":\"https:\/\/www.celttv.com.ar\/\",\"name\":\"CELTTV\",\"description\":\"Cooperativa El\u00e9ctrica de Tornquist\",\"publisher\":{\"@id\":\"https:\/\/www.celttv.com.ar\/#organization\"},\"potentialAction\":[{\"@type\":\"SearchAction\",\"target\":{\"@type\":\"EntryPoint\",\"urlTemplate\":\"https:\/\/www.celttv.com.ar\/?s={search_term_string}\"},\"query-input\":\"required name=search_term_string\"}],\"inLanguage\":\"es\"},{\"@type\":\"Organization\",\"@id\":\"https:\/\/www.celttv.com.ar\/#organization\",\"name\":\"CELTTV\",\"url\":\"https:\/\/www.celttv.com.ar\/\",\"sameAs\":[\"https:\/\/www.youtube.com\/channel\/UCz_oIt8Hig64Ub-EmcNPIhg\",\"https:\/\/www.facebook.com\/celtTV\/\"],\"logo\":{\"@type\":\"ImageObject\",\"inLanguage\":\"es\",\"@id\":\"https:\/\/www.celttv.com.ar\/#\/schema\/logo\/image\/\",\"url\":\"http:\/\/www.celttv.com.ar\/wp-content\/uploads\/2022\/08\/logo-1.png\",\"contentUrl\":\"http:\/\/www.celttv.com.ar\/wp-content\/uploads\/2022\/08\/logo-1.png\",\"width\":461,\"height\":159,\"caption\":\"CELTTV\"},\"image\":{\"@id\":\"https:\/\/www.celttv.com.ar\/#\/schema\/logo\/image\/\"}},{\"@type\":\"Person\",\"@id\":\"https:\/\/www.celttv.com.ar\/#\/schema\/person\/6d99c072dba59953809c81446e9d0ace\",\"name\":\"ulises\",\"image\":{\"@type\":\"ImageObject\",\"inLanguage\":\"es\",\"@id\":\"https:\/\/www.celttv.com.ar\/#\/schema\/person\/image\/\",\"url\":\"https:\/\/secure.gravatar.com\/avatar\/7f2c48bdc33b30088f941fb6082e555f2874c98e20cb159d7b92b50eadfce793?s=96&d=mm&r=g\",\"contentUrl\":\"https:\/\/secure.gravatar.com\/avatar\/7f2c48bdc33b30088f941fb6082e555f2874c98e20cb159d7b92b50eadfce793?s=96&d=mm&r=g\",\"caption\":\"ulises\"},\"sameAs\":[\"http:\/\/www.celttv.com.ar\"]}]}<\/script>\n<!-- \/ Yoast SEO plugin. -->","yoast_head_json":{"title":"El Comandante de bomberos de Tornquist convocado por la Academia Nacional - CELTTV","description":"Sitio web de noticias de la localidad de Tornquist, provincia de Buenos Aires, Rep\u00fablica Argentina. Contenido propio originado por periodistas de CELTTV, el canal de TV local de la Cooperativa El\u00e9ctrica de Tornquist. Turismo, Pol\u00edtica, Sociedad, Deporte, Cultura y todo el contenido de inter\u00e9s general que la gente del pueblo y la regi\u00f3n debe conocer.","robots":{"index":"index","follow":"follow","max-snippet":"max-snippet:-1","max-image-preview":"max-image-preview:large","max-video-preview":"max-video-preview:-1"},"canonical":"https:\/\/www.celttv.com.ar\/index.php\/2018\/10\/25\/el-comandante-de-bomberos-de-tornquist-convocado-por-la-academia-nacional\/","og_locale":"es_ES","og_type":"article","og_title":"El Comandante de bomberos de Tornquist convocado por la Academia Nacional - CELTTV","og_description":"Sitio web de noticias de la localidad de Tornquist, provincia de Buenos Aires, Rep\u00fablica Argentina. Contenido propio originado por periodistas de CELTTV, el canal de TV local de la Cooperativa El\u00e9ctrica de Tornquist. Turismo, Pol\u00edtica, Sociedad, Deporte, Cultura y todo el contenido de inter\u00e9s general que la gente del pueblo y la regi\u00f3n debe conocer.","og_url":"https:\/\/www.celttv.com.ar\/index.php\/2018\/10\/25\/el-comandante-de-bomberos-de-tornquist-convocado-por-la-academia-nacional\/","og_site_name":"CELTTV","article_publisher":"https:\/\/www.facebook.com\/celtTV\/","article_published_time":"2018-10-25T12:46:18+00:00","og_image":[{"width":1280,"height":960,"url":"https:\/\/www.celttv.com.ar\/wp-content\/uploads\/2018\/10\/ACADEMIA-BOMBEROS.jpg","type":"image\/jpeg"}],"author":"ulises","twitter_card":"summary_large_image","twitter_misc":{"Escrito por":"ulises","Tiempo de lectura":"1 minuto"},"schema":{"@context":"https:\/\/schema.org","@graph":[{"@type":"NewsArticle","@id":"https:\/\/www.celttv.com.ar\/index.php\/2018\/10\/25\/el-comandante-de-bomberos-de-tornquist-convocado-por-la-academia-nacional\/#article","isPartOf":{"@id":"https:\/\/www.celttv.com.ar\/index.php\/2018\/10\/25\/el-comandante-de-bomberos-de-tornquist-convocado-por-la-academia-nacional\/"},"author":{"name":"ulises","@id":"https:\/\/www.celttv.com.ar\/#\/schema\/person\/6d99c072dba59953809c81446e9d0ace"},"headline":"El Comandante de bomberos de Tornquist convocado por la Academia Nacional","datePublished":"2018-10-25T12:46:18+00:00","dateModified":"2018-10-25T12:46:18+00:00","mainEntityOfPage":{"@id":"https:\/\/www.celttv.com.ar\/index.php\/2018\/10\/25\/el-comandante-de-bomberos-de-tornquist-convocado-por-la-academia-nacional\/"},"wordCount":205,"publisher":{"@id":"https:\/\/www.celttv.com.ar\/#organization"},"articleSection":["Comunidad","Destacadas"],"inLanguage":"es"},{"@type":"WebPage","@id":"https:\/\/www.celttv.com.ar\/index.php\/2018\/10\/25\/el-comandante-de-bomberos-de-tornquist-convocado-por-la-academia-nacional\/","url":"https:\/\/www.celttv.com.ar\/index.php\/2018\/10\/25\/el-comandante-de-bomberos-de-tornquist-convocado-por-la-academia-nacional\/","name":"El Comandante de bomberos de Tornquist convocado por la Academia Nacional - CELTTV","isPartOf":{"@id":"https:\/\/www.celttv.com.ar\/#website"},"datePublished":"2018-10-25T12:46:18+00:00","dateModified":"2018-10-25T12:46:18+00:00","description":"Sitio web de noticias de la localidad de Tornquist, provincia de Buenos Aires, Rep\u00fablica Argentina. Contenido propio originado por periodistas de CELTTV, el canal de TV local de la Cooperativa El\u00e9ctrica de Tornquist. Turismo, Pol\u00edtica, Sociedad, Deporte, Cultura y todo el contenido de inter\u00e9s general que la gente del pueblo y la regi\u00f3n debe conocer.","breadcrumb":{"@id":"https:\/\/www.celttv.com.ar\/index.php\/2018\/10\/25\/el-comandante-de-bomberos-de-tornquist-convocado-por-la-academia-nacional\/#breadcrumb"},"inLanguage":"es","potentialAction":[{"@type":"ReadAction","target":["https:\/\/www.celttv.com.ar\/index.php\/2018\/10\/25\/el-comandante-de-bomberos-de-tornquist-convocado-por-la-academia-nacional\/"]}]},{"@type":"BreadcrumbList","@id":"https:\/\/www.celttv.com.ar\/index.php\/2018\/10\/25\/el-comandante-de-bomberos-de-tornquist-convocado-por-la-academia-nacional\/#breadcrumb","itemListElement":[{"@type":"ListItem","position":1,"name":"Inicio","item":"https:\/\/www.celttv.com.ar\/"},{"@type":"ListItem","position":2,"name":"El Comandante de bomberos de Tornquist convocado por la Academia Nacional"}]},{"@type":"WebSite","@id":"https:\/\/www.celttv.com.ar\/#website","url":"https:\/\/www.celttv.com.ar\/","name":"CELTTV","description":"Cooperativa El\u00e9ctrica de Tornquist","publisher":{"@id":"https:\/\/www.celttv.com.ar\/#organization"},"potentialAction":[{"@type":"SearchAction","target":{"@type":"EntryPoint","urlTemplate":"https:\/\/www.celttv.com.ar\/?s={search_term_string}"},"query-input":"required name=search_term_string"}],"inLanguage":"es"},{"@type":"Organization","@id":"https:\/\/www.celttv.com.ar\/#organization","name":"CELTTV","url":"https:\/\/www.celttv.com.ar\/","sameAs":["https:\/\/www.youtube.com\/channel\/UCz_oIt8Hig64Ub-EmcNPIhg","https:\/\/www.facebook.com\/celtTV\/"],"logo":{"@type":"ImageObject","inLanguage":"es","@id":"https:\/\/www.celttv.com.ar\/#\/schema\/logo\/image\/","url":"http:\/\/www.celttv.com.ar\/wp-content\/uploads\/2022\/08\/logo-1.png","contentUrl":"http:\/\/www.celttv.com.ar\/wp-content\/uploads\/2022\/08\/logo-1.png","width":461,"height":159,"caption":"CELTTV"},"image":{"@id":"https:\/\/www.celttv.com.ar\/#\/schema\/logo\/image\/"}},{"@type":"Person","@id":"https:\/\/www.celttv.com.ar\/#\/schema\/person\/6d99c072dba59953809c81446e9d0ace","name":"ulises","image":{"@type":"ImageObject","inLanguage":"es","@id":"https:\/\/www.celttv.com.ar\/#\/schema\/person\/image\/","url":"https:\/\/secure.gravatar.com\/avatar\/7f2c48bdc33b30088f941fb6082e555f2874c98e20cb159d7b92b50eadfce793?s=96&d=mm&r=g","contentUrl":"https:\/\/secure.gravatar.com\/avatar\/7f2c48bdc33b30088f941fb6082e555f2874c98e20cb159d7b92b50eadfce793?s=96&d=mm&r=g","caption":"ulises"},"sameAs":["http:\/\/www.celttv.com.ar"]}]}},"_links":{"self":[{"href":"https:\/\/www.celttv.com.ar\/index.php\/wp-json\/wp\/v2\/posts\/38145","targetHints":{"allow":["GET"]}}],"collection":[{"href":"https:\/\/www.celttv.com.ar\/index.php\/wp-json\/wp\/v2\/posts"}],"about":[{"href":"https:\/\/www.celttv.com.ar\/index.php\/wp-json\/wp\/v2\/types\/post"}],"author":[{"embeddable":true,"href":"https:\/\/www.celttv.com.ar\/index.php\/wp-json\/wp\/v2\/users\/1"}],"replies":[{"embeddable":true,"href":"https:\/\/www.celttv.com.ar\/index.php\/wp-json\/wp\/v2\/comments?post=38145"}],"version-history":[{"count":0,"href":"https:\/\/www.celttv.com.ar\/index.php\/wp-json\/wp\/v2\/posts\/38145\/revisions"}],"wp:featuredmedia":[{"embeddable":true,"href":"https:\/\/www.celttv.com.ar\/index.php\/wp-json\/wp\/v2\/media\/38146"}],"wp:attachment":[{"href":"https:\/\/www.celttv.com.ar\/index.php\/wp-json\/wp\/v2\/media?parent=38145"}],"wp:term":[{"taxonomy":"category","embeddable":true,"href":"https:\/\/www.celttv.com.ar\/index.php\/wp-json\/wp\/v2\/categories?post=38145"},{"taxonomy":"post_tag","embeddable":true,"href":"https:\/\/www.celttv.com.ar\/index.php\/wp-json\/wp\/v2\/tags?post=38145"}],"curies":[{"name":"wp","href":"https:\/\/api.w.org\/{rel}","templated":true}]}}