{"id":38154,"date":"2018-10-25T13:11:49","date_gmt":"2018-10-25T13:11:49","guid":{"rendered":"http:\/\/www.celttv.com.ar\/?p=38154"},"modified":"2018-10-25T13:11:49","modified_gmt":"2018-10-25T13:11:49","slug":"reconocimiento-a-alumnos-y-docentes-que-representaron-al-distrito-en-la-pre-cumbre-regional-del-g-20","status":"publish","type":"post","link":"https:\/\/www.celttv.com.ar\/index.php\/2018\/10\/25\/reconocimiento-a-alumnos-y-docentes-que-representaron-al-distrito-en-la-pre-cumbre-regional-del-g-20\/","title":{"rendered":"RECONOCIMIENTO A ALUMNOS Y DOCENTES QUE REPRESENTARON AL DISTRITO EN LA PRE-CUMBRE REGIONAL DEL G 20"},"content":{"rendered":"<p>La Inspectora Jefe Distritaly los Inspectores de Ense\u00f1anzadesean felicitar a alumnos y docentes que participaron de la Pre- Cumbre Regional del G 20, compuesta por Regiones 22 y 23, llevada a cabo el d\u00eda martes 23 de Octubre en el Distrito de Coronel Rosales, en la Base Naval Puerto Belgrano de Punta Alta.<br \/>\n<strong><u>Alumnos:<\/u><\/strong><br \/>\n<strong>E.E.S N\u00ba1: <\/strong>Terrugi, Constanza; Pollio, Milagros; Garc\u00eda, Lourdes y Bartolini, Ludmila.<br \/>\n<strong>E.E.S N\u00ba2<\/strong>: Becher, B\u00e1rbara; Savisky, Sabrina y Ju\u00e1rez, Luc\u00eda.<br \/>\n<strong>E.E.S N\u00ba3:<\/strong>Segura, Luc\u00eda; Mart\u00ednez, Morena; MarianiOriani, Melisa y Minuj\u00edn,\u00a0 Martina.<br \/>\n<strong>E.E.S N\u00ba4:<\/strong> Mart\u00ednez Agostina.<br \/>\n<strong>E.E.S.T N\u00ba1:<\/strong> M\u00fcller, Tob\u00edas; \u00a0Garrido, Braian; Ricommi, Tob\u00edas y Urriaga, Nahuel,<br \/>\n<strong>Instituto Fort\u00edn Pav\u00f3n: <\/strong>Gutierrez,Santina; Hubichi, Gonzalo y Barrag\u00e1n, Emanuel.<br \/>\n&nbsp;<br \/>\n<strong><u>Docentes<\/u><\/strong>:<br \/>\n<strong>EET N\u00ba 1:<\/strong>GustavoTrankels; Luc\u00eda Rodr\u00edguez;<br \/>\n<strong>EESN\u00ba 1:<\/strong>Santiago Sep\u00falveda, Vanesa Ag\u00fcero y Gerardo Bucchi;<br \/>\n<strong>EES N\u00ba 2:<\/strong> M. Estela Misquinich<br \/>\n<strong>EES N\u00ba 3:<\/strong> Silvina Raitzin y Roc\u00edo Barreto;<br \/>\n<strong>EES N\u00ba 4:<\/strong> Rebeca Casas y M. Eugenia Fittipaldi<br \/>\n<strong>Fort\u00edn Pav\u00f3n:<\/strong>Rosana, Olgiati;\u00a0 Vanesa Weigandt y Emilia Gabriela Ruiz.<br \/>\n&nbsp;<br \/>\nQueremos destacar el esfuerzo, la dedicaci\u00f3n y la responsabilidad con la que nos representaron. A ellos nuestras Felicitaciones!!!<br \/>\n&nbsp;<br \/>\nEl Programa Simulador Estudiantil G20, es una experiencia educativa de consenso, que aborda tem\u00e1ticas diversas, de amplio alcance, particularmente en el aspecto econ\u00f3mico\/financiero, aportando las diferentes miradas y posturas en el marco de las particularidades de cada pa\u00eds integrante del G20.<br \/>\nLos delegados distritales en reuni\u00f3n con sus pares de otros distritos realizaron un intercambio tendiente a la redacci\u00f3n de las recomendaciones de cada pa\u00eds sobre la Infraestructura de Conectividad.<br \/>\nLuego eligieron democr\u00e1ticamente qui\u00e9n deb\u00eda exponer la recomendaci\u00f3n redactada previamente, junto a<br \/>\nun suplente. Por \u00faltimo, luego de las exposiciones\u00a0 se eligieron a los representantes de las Regiones<br \/>\neducativas 22 y 23 que abarcan a los partidos de Bah\u00eda Blanca, Patagones, Coronel rosales, Monte Hermoso,<br \/>\nVillarino, Tornquist, Adolfo Alsina, Coronel Su\u00e1rez, Daireaux, General La Madrid, Guamin\u00ed, Puan y Saavedra<br \/>\nque participar\u00e1n en la instancia provincial a desarrollarse en la ciudad de La Plata el pr\u00f3ximo 7 de<br \/>\nnoviembre.<br \/>\nPara dicha instancia representar\u00e1n a nuestro Distrito los siguientes alumnos:<br \/>\n<strong>\u00a0<\/strong><br \/>\n<strong><u>Titulares<\/u><\/strong><strong>:<\/strong><br \/>\n&nbsp;<br \/>\n<strong>Por\u00a0\u00a0 <u>Federaci\u00f3n Rusa<\/u>: Tob\u00edas Ricommi de EET N\u00ba 1<\/strong><br \/>\n<strong>Por\u00a0 <u>\u00a0Australia<\/u>: Gonzalo Hubichidel Fort\u00edn Pav\u00f3n<\/strong><br \/>\n&nbsp;<br \/>\n<strong><u>Suplentes<\/u><\/strong><strong>:<\/strong><br \/>\n<strong>Por <u>Turqu\u00eda<\/u>: Terrugi Constanza de EES N\u00ba1<\/strong><br \/>\n<strong>Por <u>Gran Breta\u00f1a<\/u>: Lourdes Garc\u00eda de EES N\u00ba 1<\/strong><br \/>\n<strong>Por <u>Francia<\/u>: Sabrina Savisky de EES N\u00ba 2<\/strong><br \/>\n<strong>Por <u>EEUU<\/u>: B\u00e1rbara Becher de EES N\u00ba 2<\/strong><br \/>\n<strong>Por <u>Arabia Saudita<\/u>: Martina Minuj\u00edn de EES N\u00ba 3<\/strong><br \/>\n<strong>\u00a0<\/strong><br \/>\n<div id='gallery_1' class='gallery galleryid-38154 gallery-columns-3 gallery-size-medium'><figure class='gallery-item'>\n            <div class='gallery-icon landscape'>\n                <a href='https:\/\/www.celttv.com.ar\/wp-content\/uploads\/2018\/10\/WhatsApp-Image-2018-10-24-at-09.46.44.jpeg'><img loading=\"lazy\" decoding=\"async\" width=\"300\" height=\"225\" src=\"\" class=\"attachment-medium size-medium lazyload\" alt=\"\" data-src=\"https:\/\/www.celttv.com.ar\/wp-content\/uploads\/2018\/10\/WhatsApp-Image-2018-10-24-at-09.46.44-300x225.jpeg\" data-sizes=\"auto\" data-srcset=\"https:\/\/www.celttv.com.ar\/wp-content\/uploads\/2018\/10\/WhatsApp-Image-2018-10-24-at-09.46.44-300x225.jpeg 300w, https:\/\/www.celttv.com.ar\/wp-content\/uploads\/2018\/10\/WhatsApp-Image-2018-10-24-at-09.46.44-1024x768.jpeg 1024w, https:\/\/www.celttv.com.ar\/wp-content\/uploads\/2018\/10\/WhatsApp-Image-2018-10-24-at-09.46.44-768x576.jpeg 768w, https:\/\/www.celttv.com.ar\/wp-content\/uploads\/2018\/10\/WhatsApp-Image-2018-10-24-at-09.46.44-750x563.jpeg 750w, https:\/\/www.celttv.com.ar\/wp-content\/uploads\/2018\/10\/WhatsApp-Image-2018-10-24-at-09.46.44-1140x855.jpeg 1140w, https:\/\/www.celttv.com.ar\/wp-content\/uploads\/2018\/10\/WhatsApp-Image-2018-10-24-at-09.46.44.jpeg 1280w\" data-expand=\"700\" \/><\/a>\n            <\/div><\/figure><figure class='gallery-item'>\n            <div class='gallery-icon landscape'>\n                <a href='https:\/\/www.celttv.com.ar\/wp-content\/uploads\/2018\/10\/WhatsApp-Image-2018-10-24-at-09.46.42.jpeg'><img loading=\"lazy\" decoding=\"async\" width=\"300\" height=\"225\" src=\"\" class=\"attachment-medium size-medium lazyload\" alt=\"\" data-src=\"https:\/\/www.celttv.com.ar\/wp-content\/uploads\/2018\/10\/WhatsApp-Image-2018-10-24-at-09.46.42-300x225.jpeg\" data-sizes=\"auto\" data-srcset=\"https:\/\/www.celttv.com.ar\/wp-content\/uploads\/2018\/10\/WhatsApp-Image-2018-10-24-at-09.46.42-300x225.jpeg 300w, https:\/\/www.celttv.com.ar\/wp-content\/uploads\/2018\/10\/WhatsApp-Image-2018-10-24-at-09.46.42-1024x768.jpeg 1024w, https:\/\/www.celttv.com.ar\/wp-content\/uploads\/2018\/10\/WhatsApp-Image-2018-10-24-at-09.46.42-768x576.jpeg 768w, https:\/\/www.celttv.com.ar\/wp-content\/uploads\/2018\/10\/WhatsApp-Image-2018-10-24-at-09.46.42-750x563.jpeg 750w, https:\/\/www.celttv.com.ar\/wp-content\/uploads\/2018\/10\/WhatsApp-Image-2018-10-24-at-09.46.42.jpeg 1032w\" data-expand=\"700\" \/><\/a>\n            <\/div><\/figure><figure class='gallery-item'>\n            <div class='gallery-icon landscape'>\n                <a href='https:\/\/www.celttv.com.ar\/wp-content\/uploads\/2018\/10\/WhatsApp-Image-2018-10-24-at-09.46.42-1.jpeg'><img loading=\"lazy\" decoding=\"async\" width=\"300\" height=\"225\" src=\"\" class=\"attachment-medium size-medium lazyload\" alt=\"\" data-src=\"https:\/\/www.celttv.com.ar\/wp-content\/uploads\/2018\/10\/WhatsApp-Image-2018-10-24-at-09.46.42-1-300x225.jpeg\" data-sizes=\"auto\" data-srcset=\"https:\/\/www.celttv.com.ar\/wp-content\/uploads\/2018\/10\/WhatsApp-Image-2018-10-24-at-09.46.42-1-300x225.jpeg 300w, https:\/\/www.celttv.com.ar\/wp-content\/uploads\/2018\/10\/WhatsApp-Image-2018-10-24-at-09.46.42-1-1024x768.jpeg 1024w, https:\/\/www.celttv.com.ar\/wp-content\/uploads\/2018\/10\/WhatsApp-Image-2018-10-24-at-09.46.42-1-768x576.jpeg 768w, https:\/\/www.celttv.com.ar\/wp-content\/uploads\/2018\/10\/WhatsApp-Image-2018-10-24-at-09.46.42-1-750x563.jpeg 750w, https:\/\/www.celttv.com.ar\/wp-content\/uploads\/2018\/10\/WhatsApp-Image-2018-10-24-at-09.46.42-1.jpeg 1032w\" data-expand=\"700\" \/><\/a>\n            <\/div><\/figure><br style=\"clear: both\" \/><figure class='gallery-item'>\n            <div class='gallery-icon landscape'>\n                <a href='https:\/\/www.celttv.com.ar\/wp-content\/uploads\/2018\/10\/prensa-educacion.jpeg'><img loading=\"lazy\" decoding=\"async\" width=\"300\" height=\"225\" src=\"\" class=\"attachment-medium size-medium lazyload\" alt=\"\" data-src=\"https:\/\/www.celttv.com.ar\/wp-content\/uploads\/2018\/10\/prensa-educacion-300x225.jpeg\" data-sizes=\"auto\" data-srcset=\"https:\/\/www.celttv.com.ar\/wp-content\/uploads\/2018\/10\/prensa-educacion-300x225.jpeg 300w, https:\/\/www.celttv.com.ar\/wp-content\/uploads\/2018\/10\/prensa-educacion-1024x768.jpeg 1024w, https:\/\/www.celttv.com.ar\/wp-content\/uploads\/2018\/10\/prensa-educacion-768x576.jpeg 768w, https:\/\/www.celttv.com.ar\/wp-content\/uploads\/2018\/10\/prensa-educacion-750x563.jpeg 750w, https:\/\/www.celttv.com.ar\/wp-content\/uploads\/2018\/10\/prensa-educacion-1140x855.jpeg 1140w, https:\/\/www.celttv.com.ar\/wp-content\/uploads\/2018\/10\/prensa-educacion.jpeg 1280w\" data-expand=\"700\" \/><\/a>\n            <\/div><\/figure><figure class='gallery-item'>\n            <div class='gallery-icon landscape'>\n                <a href='https:\/\/www.celttv.com.ar\/wp-content\/uploads\/2018\/10\/WhatsApp-Image-2018-10-24-at-09.46.39.jpeg'><img loading=\"lazy\" decoding=\"async\" width=\"300\" height=\"225\" src=\"\" class=\"attachment-medium size-medium lazyload\" alt=\"\" data-src=\"https:\/\/www.celttv.com.ar\/wp-content\/uploads\/2018\/10\/WhatsApp-Image-2018-10-24-at-09.46.39-300x225.jpeg\" data-sizes=\"auto\" data-srcset=\"https:\/\/www.celttv.com.ar\/wp-content\/uploads\/2018\/10\/WhatsApp-Image-2018-10-24-at-09.46.39-300x225.jpeg 300w, https:\/\/www.celttv.com.ar\/wp-content\/uploads\/2018\/10\/WhatsApp-Image-2018-10-24-at-09.46.39-1024x768.jpeg 1024w, https:\/\/www.celttv.com.ar\/wp-content\/uploads\/2018\/10\/WhatsApp-Image-2018-10-24-at-09.46.39-768x576.jpeg 768w, https:\/\/www.celttv.com.ar\/wp-content\/uploads\/2018\/10\/WhatsApp-Image-2018-10-24-at-09.46.39-750x563.jpeg 750w, https:\/\/www.celttv.com.ar\/wp-content\/uploads\/2018\/10\/WhatsApp-Image-2018-10-24-at-09.46.39.jpeg 1032w\" data-expand=\"700\" \/><\/a>\n            <\/div><\/figure><figure class='gallery-item'>\n            <div class='gallery-icon landscape'>\n                <a href='https:\/\/www.celttv.com.ar\/wp-content\/uploads\/2018\/10\/WhatsApp-Image-2018-10-24-at-09.44.56.jpeg'><img loading=\"lazy\" decoding=\"async\" width=\"300\" height=\"225\" src=\"\" class=\"attachment-medium size-medium lazyload\" alt=\"\" data-src=\"https:\/\/www.celttv.com.ar\/wp-content\/uploads\/2018\/10\/WhatsApp-Image-2018-10-24-at-09.44.56-300x225.jpeg\" data-sizes=\"auto\" data-srcset=\"https:\/\/www.celttv.com.ar\/wp-content\/uploads\/2018\/10\/WhatsApp-Image-2018-10-24-at-09.44.56-300x225.jpeg 300w, https:\/\/www.celttv.com.ar\/wp-content\/uploads\/2018\/10\/WhatsApp-Image-2018-10-24-at-09.44.56-1024x768.jpeg 1024w, https:\/\/www.celttv.com.ar\/wp-content\/uploads\/2018\/10\/WhatsApp-Image-2018-10-24-at-09.44.56-768x576.jpeg 768w, https:\/\/www.celttv.com.ar\/wp-content\/uploads\/2018\/10\/WhatsApp-Image-2018-10-24-at-09.44.56-750x563.jpeg 750w, https:\/\/www.celttv.com.ar\/wp-content\/uploads\/2018\/10\/WhatsApp-Image-2018-10-24-at-09.44.56-1140x855.jpeg 1140w, https:\/\/www.celttv.com.ar\/wp-content\/uploads\/2018\/10\/WhatsApp-Image-2018-10-24-at-09.44.56.jpeg 1280w\" data-expand=\"700\" \/><\/a>\n            <\/div><\/figure><br style=\"clear: both\" \/><figure class='gallery-item'>\n            <div class='gallery-icon landscape'>\n                <a href='https:\/\/www.celttv.com.ar\/wp-content\/uploads\/2018\/10\/WhatsApp-Image-2018-10-24-at-09.44.55.jpeg'><img loading=\"lazy\" decoding=\"async\" width=\"300\" height=\"225\" src=\"\" class=\"attachment-medium size-medium lazyload\" alt=\"\" data-src=\"https:\/\/www.celttv.com.ar\/wp-content\/uploads\/2018\/10\/WhatsApp-Image-2018-10-24-at-09.44.55-300x225.jpeg\" data-sizes=\"auto\" data-srcset=\"https:\/\/www.celttv.com.ar\/wp-content\/uploads\/2018\/10\/WhatsApp-Image-2018-10-24-at-09.44.55-300x225.jpeg 300w, https:\/\/www.celttv.com.ar\/wp-content\/uploads\/2018\/10\/WhatsApp-Image-2018-10-24-at-09.44.55-1024x768.jpeg 1024w, https:\/\/www.celttv.com.ar\/wp-content\/uploads\/2018\/10\/WhatsApp-Image-2018-10-24-at-09.44.55-768x576.jpeg 768w, https:\/\/www.celttv.com.ar\/wp-content\/uploads\/2018\/10\/WhatsApp-Image-2018-10-24-at-09.44.55-750x563.jpeg 750w, https:\/\/www.celttv.com.ar\/wp-content\/uploads\/2018\/10\/WhatsApp-Image-2018-10-24-at-09.44.55-1140x855.jpeg 1140w, https:\/\/www.celttv.com.ar\/wp-content\/uploads\/2018\/10\/WhatsApp-Image-2018-10-24-at-09.44.55.jpeg 1280w\" data-expand=\"700\" \/><\/a>\n            <\/div><\/figure><figure class='gallery-item'>\n            <div class='gallery-icon landscape'>\n                <a href='https:\/\/www.celttv.com.ar\/wp-content\/uploads\/2018\/10\/WhatsApp-Image-2018-10-24-at-09.44.55-2.jpeg'><img loading=\"lazy\" decoding=\"async\" width=\"300\" height=\"225\" src=\"\" class=\"attachment-medium size-medium lazyload\" alt=\"\" data-src=\"https:\/\/www.celttv.com.ar\/wp-content\/uploads\/2018\/10\/WhatsApp-Image-2018-10-24-at-09.44.55-2-300x225.jpeg\" data-sizes=\"auto\" data-srcset=\"https:\/\/www.celttv.com.ar\/wp-content\/uploads\/2018\/10\/WhatsApp-Image-2018-10-24-at-09.44.55-2-300x225.jpeg 300w, https:\/\/www.celttv.com.ar\/wp-content\/uploads\/2018\/10\/WhatsApp-Image-2018-10-24-at-09.44.55-2-1024x768.jpeg 1024w, https:\/\/www.celttv.com.ar\/wp-content\/uploads\/2018\/10\/WhatsApp-Image-2018-10-24-at-09.44.55-2-768x576.jpeg 768w, https:\/\/www.celttv.com.ar\/wp-content\/uploads\/2018\/10\/WhatsApp-Image-2018-10-24-at-09.44.55-2-750x563.jpeg 750w, https:\/\/www.celttv.com.ar\/wp-content\/uploads\/2018\/10\/WhatsApp-Image-2018-10-24-at-09.44.55-2-1140x855.jpeg 1140w, https:\/\/www.celttv.com.ar\/wp-content\/uploads\/2018\/10\/WhatsApp-Image-2018-10-24-at-09.44.55-2.jpeg 1280w\" data-expand=\"700\" \/><\/a>\n            <\/div><\/figure><figure class='gallery-item'>\n            <div class='gallery-icon landscape'>\n                <a href='https:\/\/www.celttv.com.ar\/wp-content\/uploads\/2018\/10\/WhatsApp-Image-2018-10-24-at-09.44.55-1.jpeg'><img loading=\"lazy\" decoding=\"async\" width=\"300\" height=\"225\" src=\"\" class=\"attachment-medium size-medium lazyload\" alt=\"\" data-src=\"https:\/\/www.celttv.com.ar\/wp-content\/uploads\/2018\/10\/WhatsApp-Image-2018-10-24-at-09.44.55-1-300x225.jpeg\" data-sizes=\"auto\" data-srcset=\"https:\/\/www.celttv.com.ar\/wp-content\/uploads\/2018\/10\/WhatsApp-Image-2018-10-24-at-09.44.55-1-300x225.jpeg 300w, https:\/\/www.celttv.com.ar\/wp-content\/uploads\/2018\/10\/WhatsApp-Image-2018-10-24-at-09.44.55-1-1024x768.jpeg 1024w, https:\/\/www.celttv.com.ar\/wp-content\/uploads\/2018\/10\/WhatsApp-Image-2018-10-24-at-09.44.55-1-768x576.jpeg 768w, https:\/\/www.celttv.com.ar\/wp-content\/uploads\/2018\/10\/WhatsApp-Image-2018-10-24-at-09.44.55-1-750x563.jpeg 750w, https:\/\/www.celttv.com.ar\/wp-content\/uploads\/2018\/10\/WhatsApp-Image-2018-10-24-at-09.44.55-1-1140x855.jpeg 1140w, https:\/\/www.celttv.com.ar\/wp-content\/uploads\/2018\/10\/WhatsApp-Image-2018-10-24-at-09.44.55-1.jpeg 1280w\" data-expand=\"700\" \/><\/a>\n            <\/div><\/figure><br style=\"clear: both\" \/>\n        <\/div>\n","protected":false},"excerpt":{"rendered":"<p>La Inspectora Jefe Distritaly los Inspectores de Ense\u00f1anzadesean felicitar a alumnos y docentes que participaron de la Pre- Cumbre Regional del G 20, compuesta por Regiones 22 y 23, llevada a cabo el d\u00eda martes 23 de Octubre en el Distrito de Coronel Rosales, en la Base Naval Puerto Belgrano de Punta Alta. Alumnos: E.E.S [&hellip;]<\/p>\n","protected":false},"author":1,"featured_media":38165,"comment_status":"closed","ping_status":"open","sticky":false,"template":"","format":"standard","meta":{"footnotes":""},"categories":[51,52],"tags":[],"class_list":["post-38154","post","type-post","status-publish","format-standard","has-post-thumbnail","hentry","category-comunidad","category-destacadas"],"yoast_head":"<!-- This site is optimized with the Yoast SEO plugin v19.7.1 - https:\/\/yoast.com\/wordpress\/plugins\/seo\/ -->\n<title>RECONOCIMIENTO A ALUMNOS Y DOCENTES QUE REPRESENTARON AL DISTRITO EN LA PRE-CUMBRE REGIONAL DEL G 20 - CELTTV<\/title>\n<meta name=\"description\" content=\"Sitio web de noticias de la localidad de Tornquist, provincia de Buenos Aires, Rep\u00fablica Argentina. Contenido propio originado por periodistas de CELTTV, el canal de TV local de la Cooperativa El\u00e9ctrica de Tornquist. Turismo, Pol\u00edtica, Sociedad, Deporte, Cultura y todo el contenido de inter\u00e9s general que la gente del pueblo y la regi\u00f3n debe conocer.\" \/>\n<meta name=\"robots\" content=\"index, follow, max-snippet:-1, max-image-preview:large, max-video-preview:-1\" \/>\n<link rel=\"canonical\" href=\"https:\/\/www.celttv.com.ar\/index.php\/2018\/10\/25\/reconocimiento-a-alumnos-y-docentes-que-representaron-al-distrito-en-la-pre-cumbre-regional-del-g-20\/\" \/>\n<meta property=\"og:locale\" content=\"es_ES\" \/>\n<meta property=\"og:type\" content=\"article\" \/>\n<meta property=\"og:title\" content=\"RECONOCIMIENTO A ALUMNOS Y DOCENTES QUE REPRESENTARON AL DISTRITO EN LA PRE-CUMBRE REGIONAL DEL G 20 - CELTTV\" \/>\n<meta property=\"og:description\" content=\"Sitio web de noticias de la localidad de Tornquist, provincia de Buenos Aires, Rep\u00fablica Argentina. Contenido propio originado por periodistas de CELTTV, el canal de TV local de la Cooperativa El\u00e9ctrica de Tornquist. Turismo, Pol\u00edtica, Sociedad, Deporte, Cultura y todo el contenido de inter\u00e9s general que la gente del pueblo y la regi\u00f3n debe conocer.\" \/>\n<meta property=\"og:url\" content=\"https:\/\/www.celttv.com.ar\/index.php\/2018\/10\/25\/reconocimiento-a-alumnos-y-docentes-que-representaron-al-distrito-en-la-pre-cumbre-regional-del-g-20\/\" \/>\n<meta property=\"og:site_name\" content=\"CELTTV\" \/>\n<meta property=\"article:publisher\" content=\"https:\/\/www.facebook.com\/celtTV\/\" \/>\n<meta property=\"article:published_time\" content=\"2018-10-25T13:11:49+00:00\" \/>\n<meta property=\"og:image\" content=\"https:\/\/www.celttv.com.ar\/wp-content\/uploads\/2018\/10\/prensa-educacion.jpeg\" \/>\n\t<meta property=\"og:image:width\" content=\"1280\" \/>\n\t<meta property=\"og:image:height\" content=\"960\" \/>\n\t<meta property=\"og:image:type\" content=\"image\/jpeg\" \/>\n<meta name=\"author\" content=\"ulises\" \/>\n<meta name=\"twitter:card\" content=\"summary_large_image\" \/>\n<meta name=\"twitter:label1\" content=\"Escrito por\" \/>\n\t<meta name=\"twitter:data1\" content=\"ulises\" \/>\n\t<meta name=\"twitter:label2\" content=\"Tiempo de lectura\" \/>\n\t<meta name=\"twitter:data2\" content=\"2 minutos\" \/>\n<script type=\"application\/ld+json\" class=\"yoast-schema-graph\">{\"@context\":\"https:\/\/schema.org\",\"@graph\":[{\"@type\":\"NewsArticle\",\"@id\":\"https:\/\/www.celttv.com.ar\/index.php\/2018\/10\/25\/reconocimiento-a-alumnos-y-docentes-que-representaron-al-distrito-en-la-pre-cumbre-regional-del-g-20\/#article\",\"isPartOf\":{\"@id\":\"https:\/\/www.celttv.com.ar\/index.php\/2018\/10\/25\/reconocimiento-a-alumnos-y-docentes-que-representaron-al-distrito-en-la-pre-cumbre-regional-del-g-20\/\"},\"author\":{\"name\":\"ulises\",\"@id\":\"https:\/\/www.celttv.com.ar\/#\/schema\/person\/6d99c072dba59953809c81446e9d0ace\"},\"headline\":\"RECONOCIMIENTO A ALUMNOS Y DOCENTES QUE REPRESENTARON AL DISTRITO EN LA PRE-CUMBRE REGIONAL DEL G 20\",\"datePublished\":\"2018-10-25T13:11:49+00:00\",\"dateModified\":\"2018-10-25T13:11:49+00:00\",\"mainEntityOfPage\":{\"@id\":\"https:\/\/www.celttv.com.ar\/index.php\/2018\/10\/25\/reconocimiento-a-alumnos-y-docentes-que-representaron-al-distrito-en-la-pre-cumbre-regional-del-g-20\/\"},\"wordCount\":460,\"publisher\":{\"@id\":\"https:\/\/www.celttv.com.ar\/#organization\"},\"articleSection\":[\"Comunidad\",\"Destacadas\"],\"inLanguage\":\"es\"},{\"@type\":\"WebPage\",\"@id\":\"https:\/\/www.celttv.com.ar\/index.php\/2018\/10\/25\/reconocimiento-a-alumnos-y-docentes-que-representaron-al-distrito-en-la-pre-cumbre-regional-del-g-20\/\",\"url\":\"https:\/\/www.celttv.com.ar\/index.php\/2018\/10\/25\/reconocimiento-a-alumnos-y-docentes-que-representaron-al-distrito-en-la-pre-cumbre-regional-del-g-20\/\",\"name\":\"RECONOCIMIENTO A ALUMNOS Y DOCENTES QUE REPRESENTARON AL DISTRITO EN LA PRE-CUMBRE REGIONAL DEL G 20 - CELTTV\",\"isPartOf\":{\"@id\":\"https:\/\/www.celttv.com.ar\/#website\"},\"datePublished\":\"2018-10-25T13:11:49+00:00\",\"dateModified\":\"2018-10-25T13:11:49+00:00\",\"description\":\"Sitio web de noticias de la localidad de Tornquist, provincia de Buenos Aires, Rep\u00fablica Argentina. Contenido propio originado por periodistas de CELTTV, el canal de TV local de la Cooperativa El\u00e9ctrica de Tornquist. Turismo, Pol\u00edtica, Sociedad, Deporte, Cultura y todo el contenido de inter\u00e9s general que la gente del pueblo y la regi\u00f3n debe conocer.\",\"breadcrumb\":{\"@id\":\"https:\/\/www.celttv.com.ar\/index.php\/2018\/10\/25\/reconocimiento-a-alumnos-y-docentes-que-representaron-al-distrito-en-la-pre-cumbre-regional-del-g-20\/#breadcrumb\"},\"inLanguage\":\"es\",\"potentialAction\":[{\"@type\":\"ReadAction\",\"target\":[\"https:\/\/www.celttv.com.ar\/index.php\/2018\/10\/25\/reconocimiento-a-alumnos-y-docentes-que-representaron-al-distrito-en-la-pre-cumbre-regional-del-g-20\/\"]}]},{\"@type\":\"BreadcrumbList\",\"@id\":\"https:\/\/www.celttv.com.ar\/index.php\/2018\/10\/25\/reconocimiento-a-alumnos-y-docentes-que-representaron-al-distrito-en-la-pre-cumbre-regional-del-g-20\/#breadcrumb\",\"itemListElement\":[{\"@type\":\"ListItem\",\"position\":1,\"name\":\"Inicio\",\"item\":\"https:\/\/www.celttv.com.ar\/\"},{\"@type\":\"ListItem\",\"position\":2,\"name\":\"RECONOCIMIENTO A ALUMNOS Y DOCENTES QUE REPRESENTARON AL DISTRITO EN LA PRE-CUMBRE REGIONAL DEL G 20\"}]},{\"@type\":\"WebSite\",\"@id\":\"https:\/\/www.celttv.com.ar\/#website\",\"url\":\"https:\/\/www.celttv.com.ar\/\",\"name\":\"CELTTV\",\"description\":\"Cooperativa El\u00e9ctrica de Tornquist\",\"publisher\":{\"@id\":\"https:\/\/www.celttv.com.ar\/#organization\"},\"potentialAction\":[{\"@type\":\"SearchAction\",\"target\":{\"@type\":\"EntryPoint\",\"urlTemplate\":\"https:\/\/www.celttv.com.ar\/?s={search_term_string}\"},\"query-input\":\"required name=search_term_string\"}],\"inLanguage\":\"es\"},{\"@type\":\"Organization\",\"@id\":\"https:\/\/www.celttv.com.ar\/#organization\",\"name\":\"CELTTV\",\"url\":\"https:\/\/www.celttv.com.ar\/\",\"sameAs\":[\"https:\/\/www.youtube.com\/channel\/UCz_oIt8Hig64Ub-EmcNPIhg\",\"https:\/\/www.facebook.com\/celtTV\/\"],\"logo\":{\"@type\":\"ImageObject\",\"inLanguage\":\"es\",\"@id\":\"https:\/\/www.celttv.com.ar\/#\/schema\/logo\/image\/\",\"url\":\"http:\/\/www.celttv.com.ar\/wp-content\/uploads\/2022\/08\/logo-1.png\",\"contentUrl\":\"http:\/\/www.celttv.com.ar\/wp-content\/uploads\/2022\/08\/logo-1.png\",\"width\":461,\"height\":159,\"caption\":\"CELTTV\"},\"image\":{\"@id\":\"https:\/\/www.celttv.com.ar\/#\/schema\/logo\/image\/\"}},{\"@type\":\"Person\",\"@id\":\"https:\/\/www.celttv.com.ar\/#\/schema\/person\/6d99c072dba59953809c81446e9d0ace\",\"name\":\"ulises\",\"image\":{\"@type\":\"ImageObject\",\"inLanguage\":\"es\",\"@id\":\"https:\/\/www.celttv.com.ar\/#\/schema\/person\/image\/\",\"url\":\"https:\/\/secure.gravatar.com\/avatar\/7f2c48bdc33b30088f941fb6082e555f2874c98e20cb159d7b92b50eadfce793?s=96&d=mm&r=g\",\"contentUrl\":\"https:\/\/secure.gravatar.com\/avatar\/7f2c48bdc33b30088f941fb6082e555f2874c98e20cb159d7b92b50eadfce793?s=96&d=mm&r=g\",\"caption\":\"ulises\"},\"sameAs\":[\"http:\/\/www.celttv.com.ar\"]}]}<\/script>\n<!-- \/ Yoast SEO plugin. -->","yoast_head_json":{"title":"RECONOCIMIENTO A ALUMNOS Y DOCENTES QUE REPRESENTARON AL DISTRITO EN LA PRE-CUMBRE REGIONAL DEL G 20 - CELTTV","description":"Sitio web de noticias de la localidad de Tornquist, provincia de Buenos Aires, Rep\u00fablica Argentina. Contenido propio originado por periodistas de CELTTV, el canal de TV local de la Cooperativa El\u00e9ctrica de Tornquist. Turismo, Pol\u00edtica, Sociedad, Deporte, Cultura y todo el contenido de inter\u00e9s general que la gente del pueblo y la regi\u00f3n debe conocer.","robots":{"index":"index","follow":"follow","max-snippet":"max-snippet:-1","max-image-preview":"max-image-preview:large","max-video-preview":"max-video-preview:-1"},"canonical":"https:\/\/www.celttv.com.ar\/index.php\/2018\/10\/25\/reconocimiento-a-alumnos-y-docentes-que-representaron-al-distrito-en-la-pre-cumbre-regional-del-g-20\/","og_locale":"es_ES","og_type":"article","og_title":"RECONOCIMIENTO A ALUMNOS Y DOCENTES QUE REPRESENTARON AL DISTRITO EN LA PRE-CUMBRE REGIONAL DEL G 20 - CELTTV","og_description":"Sitio web de noticias de la localidad de Tornquist, provincia de Buenos Aires, Rep\u00fablica Argentina. Contenido propio originado por periodistas de CELTTV, el canal de TV local de la Cooperativa El\u00e9ctrica de Tornquist. Turismo, Pol\u00edtica, Sociedad, Deporte, Cultura y todo el contenido de inter\u00e9s general que la gente del pueblo y la regi\u00f3n debe conocer.","og_url":"https:\/\/www.celttv.com.ar\/index.php\/2018\/10\/25\/reconocimiento-a-alumnos-y-docentes-que-representaron-al-distrito-en-la-pre-cumbre-regional-del-g-20\/","og_site_name":"CELTTV","article_publisher":"https:\/\/www.facebook.com\/celtTV\/","article_published_time":"2018-10-25T13:11:49+00:00","og_image":[{"width":1280,"height":960,"url":"https:\/\/www.celttv.com.ar\/wp-content\/uploads\/2018\/10\/prensa-educacion.jpeg","type":"image\/jpeg"}],"author":"ulises","twitter_card":"summary_large_image","twitter_misc":{"Escrito por":"ulises","Tiempo de lectura":"2 minutos"},"schema":{"@context":"https:\/\/schema.org","@graph":[{"@type":"NewsArticle","@id":"https:\/\/www.celttv.com.ar\/index.php\/2018\/10\/25\/reconocimiento-a-alumnos-y-docentes-que-representaron-al-distrito-en-la-pre-cumbre-regional-del-g-20\/#article","isPartOf":{"@id":"https:\/\/www.celttv.com.ar\/index.php\/2018\/10\/25\/reconocimiento-a-alumnos-y-docentes-que-representaron-al-distrito-en-la-pre-cumbre-regional-del-g-20\/"},"author":{"name":"ulises","@id":"https:\/\/www.celttv.com.ar\/#\/schema\/person\/6d99c072dba59953809c81446e9d0ace"},"headline":"RECONOCIMIENTO A ALUMNOS Y DOCENTES QUE REPRESENTARON AL DISTRITO EN LA PRE-CUMBRE REGIONAL DEL G 20","datePublished":"2018-10-25T13:11:49+00:00","dateModified":"2018-10-25T13:11:49+00:00","mainEntityOfPage":{"@id":"https:\/\/www.celttv.com.ar\/index.php\/2018\/10\/25\/reconocimiento-a-alumnos-y-docentes-que-representaron-al-distrito-en-la-pre-cumbre-regional-del-g-20\/"},"wordCount":460,"publisher":{"@id":"https:\/\/www.celttv.com.ar\/#organization"},"articleSection":["Comunidad","Destacadas"],"inLanguage":"es"},{"@type":"WebPage","@id":"https:\/\/www.celttv.com.ar\/index.php\/2018\/10\/25\/reconocimiento-a-alumnos-y-docentes-que-representaron-al-distrito-en-la-pre-cumbre-regional-del-g-20\/","url":"https:\/\/www.celttv.com.ar\/index.php\/2018\/10\/25\/reconocimiento-a-alumnos-y-docentes-que-representaron-al-distrito-en-la-pre-cumbre-regional-del-g-20\/","name":"RECONOCIMIENTO A ALUMNOS Y DOCENTES QUE REPRESENTARON AL DISTRITO EN LA PRE-CUMBRE REGIONAL DEL G 20 - CELTTV","isPartOf":{"@id":"https:\/\/www.celttv.com.ar\/#website"},"datePublished":"2018-10-25T13:11:49+00:00","dateModified":"2018-10-25T13:11:49+00:00","description":"Sitio web de noticias de la localidad de Tornquist, provincia de Buenos Aires, Rep\u00fablica Argentina. Contenido propio originado por periodistas de CELTTV, el canal de TV local de la Cooperativa El\u00e9ctrica de Tornquist. Turismo, Pol\u00edtica, Sociedad, Deporte, Cultura y todo el contenido de inter\u00e9s general que la gente del pueblo y la regi\u00f3n debe conocer.","breadcrumb":{"@id":"https:\/\/www.celttv.com.ar\/index.php\/2018\/10\/25\/reconocimiento-a-alumnos-y-docentes-que-representaron-al-distrito-en-la-pre-cumbre-regional-del-g-20\/#breadcrumb"},"inLanguage":"es","potentialAction":[{"@type":"ReadAction","target":["https:\/\/www.celttv.com.ar\/index.php\/2018\/10\/25\/reconocimiento-a-alumnos-y-docentes-que-representaron-al-distrito-en-la-pre-cumbre-regional-del-g-20\/"]}]},{"@type":"BreadcrumbList","@id":"https:\/\/www.celttv.com.ar\/index.php\/2018\/10\/25\/reconocimiento-a-alumnos-y-docentes-que-representaron-al-distrito-en-la-pre-cumbre-regional-del-g-20\/#breadcrumb","itemListElement":[{"@type":"ListItem","position":1,"name":"Inicio","item":"https:\/\/www.celttv.com.ar\/"},{"@type":"ListItem","position":2,"name":"RECONOCIMIENTO A ALUMNOS Y DOCENTES QUE REPRESENTARON AL DISTRITO EN LA PRE-CUMBRE REGIONAL DEL G 20"}]},{"@type":"WebSite","@id":"https:\/\/www.celttv.com.ar\/#website","url":"https:\/\/www.celttv.com.ar\/","name":"CELTTV","description":"Cooperativa El\u00e9ctrica de Tornquist","publisher":{"@id":"https:\/\/www.celttv.com.ar\/#organization"},"potentialAction":[{"@type":"SearchAction","target":{"@type":"EntryPoint","urlTemplate":"https:\/\/www.celttv.com.ar\/?s={search_term_string}"},"query-input":"required name=search_term_string"}],"inLanguage":"es"},{"@type":"Organization","@id":"https:\/\/www.celttv.com.ar\/#organization","name":"CELTTV","url":"https:\/\/www.celttv.com.ar\/","sameAs":["https:\/\/www.youtube.com\/channel\/UCz_oIt8Hig64Ub-EmcNPIhg","https:\/\/www.facebook.com\/celtTV\/"],"logo":{"@type":"ImageObject","inLanguage":"es","@id":"https:\/\/www.celttv.com.ar\/#\/schema\/logo\/image\/","url":"http:\/\/www.celttv.com.ar\/wp-content\/uploads\/2022\/08\/logo-1.png","contentUrl":"http:\/\/www.celttv.com.ar\/wp-content\/uploads\/2022\/08\/logo-1.png","width":461,"height":159,"caption":"CELTTV"},"image":{"@id":"https:\/\/www.celttv.com.ar\/#\/schema\/logo\/image\/"}},{"@type":"Person","@id":"https:\/\/www.celttv.com.ar\/#\/schema\/person\/6d99c072dba59953809c81446e9d0ace","name":"ulises","image":{"@type":"ImageObject","inLanguage":"es","@id":"https:\/\/www.celttv.com.ar\/#\/schema\/person\/image\/","url":"https:\/\/secure.gravatar.com\/avatar\/7f2c48bdc33b30088f941fb6082e555f2874c98e20cb159d7b92b50eadfce793?s=96&d=mm&r=g","contentUrl":"https:\/\/secure.gravatar.com\/avatar\/7f2c48bdc33b30088f941fb6082e555f2874c98e20cb159d7b92b50eadfce793?s=96&d=mm&r=g","caption":"ulises"},"sameAs":["http:\/\/www.celttv.com.ar"]}]}},"_links":{"self":[{"href":"https:\/\/www.celttv.com.ar\/index.php\/wp-json\/wp\/v2\/posts\/38154","targetHints":{"allow":["GET"]}}],"collection":[{"href":"https:\/\/www.celttv.com.ar\/index.php\/wp-json\/wp\/v2\/posts"}],"about":[{"href":"https:\/\/www.celttv.com.ar\/index.php\/wp-json\/wp\/v2\/types\/post"}],"author":[{"embeddable":true,"href":"https:\/\/www.celttv.com.ar\/index.php\/wp-json\/wp\/v2\/users\/1"}],"replies":[{"embeddable":true,"href":"https:\/\/www.celttv.com.ar\/index.php\/wp-json\/wp\/v2\/comments?post=38154"}],"version-history":[{"count":0,"href":"https:\/\/www.celttv.com.ar\/index.php\/wp-json\/wp\/v2\/posts\/38154\/revisions"}],"wp:featuredmedia":[{"embeddable":true,"href":"https:\/\/www.celttv.com.ar\/index.php\/wp-json\/wp\/v2\/media\/38165"}],"wp:attachment":[{"href":"https:\/\/www.celttv.com.ar\/index.php\/wp-json\/wp\/v2\/media?parent=38154"}],"wp:term":[{"taxonomy":"category","embeddable":true,"href":"https:\/\/www.celttv.com.ar\/index.php\/wp-json\/wp\/v2\/categories?post=38154"},{"taxonomy":"post_tag","embeddable":true,"href":"https:\/\/www.celttv.com.ar\/index.php\/wp-json\/wp\/v2\/tags?post=38154"}],"curies":[{"name":"wp","href":"https:\/\/api.w.org\/{rel}","templated":true}]}}