{"id":38168,"date":"2018-10-25T13:31:44","date_gmt":"2018-10-25T13:31:44","guid":{"rendered":"http:\/\/www.celttv.com.ar\/?p=38168"},"modified":"2018-10-25T13:31:44","modified_gmt":"2018-10-25T13:31:44","slug":"hockey-union-jugara-el-torneo-provincial-de-ascenso-sub-16","status":"publish","type":"post","link":"https:\/\/www.celttv.com.ar\/index.php\/2018\/10\/25\/hockey-union-jugara-el-torneo-provincial-de-ascenso-sub-16\/","title":{"rendered":"Hockey: Uni\u00f3n jugar\u00e1 el Torneo Provincial de Ascenso Sub-16"},"content":{"rendered":"<p>Del jueves 8 al domingo 11 de noviembre en Bah\u00eda Blanca, Uni\u00f3n jugar\u00e1 el Campeonato Provincial de Ascenso Sub-16 de la Federaci\u00f3n Bonaerense de Hockey (FBH).<br \/>\nSer\u00e1 la cuarta experiencia de Las Lobas en un certamen oficial de la FBH, luego de su participaci\u00f3n en el Torneo Provincial Sub-16 2014 (Tornquist), Torneo Provincial Sub-14 2015 (Mar del Plata) y Liga Provincial de Hockey (LPH) Sub-16 2017 (Jun\u00edn).<br \/>\nEl Verde ser\u00e1 uno de los cinco representantes de la Asociaci\u00f3n Bahiense de Hockey (ABH) en el torneo que reunir\u00e1 a clubes de las ocho asociaciones afiliadas a la FBH m\u00e1s invitados, y que tendr\u00e1 como escenarios las canchas de Universitario y El Nacional.<br \/>\nLa etapa regular del torneo se disputar\u00e1 en cuatro zonas de cuatro equipos cada una y las dirigidas por Leonardo Woodward integrar\u00e1n la \u201cC\u201d, junto a Club de Remo de Azul, Idra de Mar del Plata y Deportivo Sarmiento de Coronel Su\u00e1rez.<br \/>\nUni\u00f3n har\u00e1 su debut el jueves 8 a las 12 hs ante Remo; y volver\u00e1 a jugar el viernes, d\u00eda en que tendr\u00e1 dos cotejos: 9 hs vs Dep. Sarmiento, y 16 hs frente a Idra. Luego, el s\u00e1bado y el domingo se jugar\u00e1n los play off por todos los puestos. Los primeros tres ascender\u00e1n a la LPH 2019.<br \/>\nFixture completo:\u00a0<a href=\"http:\/\/noticias.uniondetornquist.com\/wp-content\/uploads\/2018\/10\/ASCENSO-SUB-16-2018.pdf\">ASCENSO SUB-16 2018<\/a><br \/>\n<em>Prensa Club Uni\u00f3n<\/em><br \/>\n<a href=\"http:\/\/www.uniondetornquist.com\">www.uniondetornquist.com<\/a> &#8211;<a href=\"mailto:clubuniondetornquist@gmail.com\">clubuniondetornquist@gmail.com<\/a> &#8211; <a href=\"http:\/\/www.facebook.com\/ClubUnionDeTornquist\">\/ClubUnionDeTornquist<\/a>&#8211;<a href=\"http:\/\/twitter.com\/UnionTornquist\">@UnionTornquist<\/a><br \/>\n&nbsp;<br \/>\n<strong>\u00a0<\/strong><\/p>\n","protected":false},"excerpt":{"rendered":"<p>Del jueves 8 al domingo 11 de noviembre en Bah\u00eda Blanca, Uni\u00f3n jugar\u00e1 el Campeonato Provincial de Ascenso Sub-16 de la Federaci\u00f3n Bonaerense de Hockey (FBH). Ser\u00e1 la cuarta experiencia de Las Lobas en un certamen oficial de la FBH, luego de su participaci\u00f3n en el Torneo Provincial Sub-16 2014 (Tornquist), Torneo Provincial Sub-14 2015 [&hellip;]<\/p>\n","protected":false},"author":1,"featured_media":38169,"comment_status":"closed","ping_status":"open","sticky":false,"template":"","format":"standard","meta":{"footnotes":""},"categories":[55,60,52,63],"tags":[],"class_list":["post-38168","post","type-post","status-publish","format-standard","has-post-thumbnail","hentry","category-celt-tv-noticias","category-deporte","category-destacadas","category-magazine-sport"],"yoast_head":"<!-- This site is optimized with the Yoast SEO plugin v19.7.1 - https:\/\/yoast.com\/wordpress\/plugins\/seo\/ -->\n<title>Hockey: Uni\u00f3n jugar\u00e1 el Torneo Provincial de Ascenso Sub-16 - CELTTV<\/title>\n<meta name=\"description\" content=\"Sitio web de noticias de la localidad de Tornquist, provincia de Buenos Aires, Rep\u00fablica Argentina. Contenido propio originado por periodistas de CELTTV, el canal de TV local de la Cooperativa El\u00e9ctrica de Tornquist. Turismo, Pol\u00edtica, Sociedad, Deporte, Cultura y todo el contenido de inter\u00e9s general que la gente del pueblo y la regi\u00f3n debe conocer.\" \/>\n<meta name=\"robots\" content=\"index, follow, max-snippet:-1, max-image-preview:large, max-video-preview:-1\" \/>\n<link rel=\"canonical\" href=\"https:\/\/www.celttv.com.ar\/index.php\/2018\/10\/25\/hockey-union-jugara-el-torneo-provincial-de-ascenso-sub-16\/\" \/>\n<meta property=\"og:locale\" content=\"es_ES\" \/>\n<meta property=\"og:type\" content=\"article\" \/>\n<meta property=\"og:title\" content=\"Hockey: Uni\u00f3n jugar\u00e1 el Torneo Provincial de Ascenso Sub-16 - CELTTV\" \/>\n<meta property=\"og:description\" content=\"Sitio web de noticias de la localidad de Tornquist, provincia de Buenos Aires, Rep\u00fablica Argentina. Contenido propio originado por periodistas de CELTTV, el canal de TV local de la Cooperativa El\u00e9ctrica de Tornquist. Turismo, Pol\u00edtica, Sociedad, Deporte, Cultura y todo el contenido de inter\u00e9s general que la gente del pueblo y la regi\u00f3n debe conocer.\" \/>\n<meta property=\"og:url\" content=\"https:\/\/www.celttv.com.ar\/index.php\/2018\/10\/25\/hockey-union-jugara-el-torneo-provincial-de-ascenso-sub-16\/\" \/>\n<meta property=\"og:site_name\" content=\"CELTTV\" \/>\n<meta property=\"article:publisher\" content=\"https:\/\/www.facebook.com\/celtTV\/\" \/>\n<meta property=\"article:published_time\" content=\"2018-10-25T13:31:44+00:00\" \/>\n<meta property=\"og:image\" content=\"https:\/\/www.celttv.com.ar\/wp-content\/uploads\/2018\/10\/Hockey-Union-Sub16-2018.jpg\" \/>\n\t<meta property=\"og:image:width\" content=\"1000\" \/>\n\t<meta property=\"og:image:height\" content=\"639\" \/>\n\t<meta property=\"og:image:type\" content=\"image\/jpeg\" \/>\n<meta name=\"author\" content=\"ulises\" \/>\n<meta name=\"twitter:card\" content=\"summary_large_image\" \/>\n<meta name=\"twitter:label1\" content=\"Escrito por\" \/>\n\t<meta name=\"twitter:data1\" content=\"ulises\" \/>\n\t<meta name=\"twitter:label2\" content=\"Tiempo de lectura\" \/>\n\t<meta name=\"twitter:data2\" content=\"1 minuto\" \/>\n<script type=\"application\/ld+json\" class=\"yoast-schema-graph\">{\"@context\":\"https:\/\/schema.org\",\"@graph\":[{\"@type\":\"NewsArticle\",\"@id\":\"https:\/\/www.celttv.com.ar\/index.php\/2018\/10\/25\/hockey-union-jugara-el-torneo-provincial-de-ascenso-sub-16\/#article\",\"isPartOf\":{\"@id\":\"https:\/\/www.celttv.com.ar\/index.php\/2018\/10\/25\/hockey-union-jugara-el-torneo-provincial-de-ascenso-sub-16\/\"},\"author\":{\"name\":\"ulises\",\"@id\":\"https:\/\/www.celttv.com.ar\/#\/schema\/person\/6d99c072dba59953809c81446e9d0ace\"},\"headline\":\"Hockey: Uni\u00f3n jugar\u00e1 el Torneo Provincial de Ascenso Sub-16\",\"datePublished\":\"2018-10-25T13:31:44+00:00\",\"dateModified\":\"2018-10-25T13:31:44+00:00\",\"mainEntityOfPage\":{\"@id\":\"https:\/\/www.celttv.com.ar\/index.php\/2018\/10\/25\/hockey-union-jugara-el-torneo-provincial-de-ascenso-sub-16\/\"},\"wordCount\":244,\"publisher\":{\"@id\":\"https:\/\/www.celttv.com.ar\/#organization\"},\"articleSection\":[\"Celt TV Noticias\",\"Deporte\",\"Destacadas\",\"Magazine Sport\"],\"inLanguage\":\"es\"},{\"@type\":\"WebPage\",\"@id\":\"https:\/\/www.celttv.com.ar\/index.php\/2018\/10\/25\/hockey-union-jugara-el-torneo-provincial-de-ascenso-sub-16\/\",\"url\":\"https:\/\/www.celttv.com.ar\/index.php\/2018\/10\/25\/hockey-union-jugara-el-torneo-provincial-de-ascenso-sub-16\/\",\"name\":\"Hockey: Uni\u00f3n jugar\u00e1 el Torneo Provincial de Ascenso Sub-16 - CELTTV\",\"isPartOf\":{\"@id\":\"https:\/\/www.celttv.com.ar\/#website\"},\"datePublished\":\"2018-10-25T13:31:44+00:00\",\"dateModified\":\"2018-10-25T13:31:44+00:00\",\"description\":\"Sitio web de noticias de la localidad de Tornquist, provincia de Buenos Aires, Rep\u00fablica Argentina. Contenido propio originado por periodistas de CELTTV, el canal de TV local de la Cooperativa El\u00e9ctrica de Tornquist. Turismo, Pol\u00edtica, Sociedad, Deporte, Cultura y todo el contenido de inter\u00e9s general que la gente del pueblo y la regi\u00f3n debe conocer.\",\"breadcrumb\":{\"@id\":\"https:\/\/www.celttv.com.ar\/index.php\/2018\/10\/25\/hockey-union-jugara-el-torneo-provincial-de-ascenso-sub-16\/#breadcrumb\"},\"inLanguage\":\"es\",\"potentialAction\":[{\"@type\":\"ReadAction\",\"target\":[\"https:\/\/www.celttv.com.ar\/index.php\/2018\/10\/25\/hockey-union-jugara-el-torneo-provincial-de-ascenso-sub-16\/\"]}]},{\"@type\":\"BreadcrumbList\",\"@id\":\"https:\/\/www.celttv.com.ar\/index.php\/2018\/10\/25\/hockey-union-jugara-el-torneo-provincial-de-ascenso-sub-16\/#breadcrumb\",\"itemListElement\":[{\"@type\":\"ListItem\",\"position\":1,\"name\":\"Inicio\",\"item\":\"https:\/\/www.celttv.com.ar\/\"},{\"@type\":\"ListItem\",\"position\":2,\"name\":\"Hockey: Uni\u00f3n jugar\u00e1 el Torneo Provincial de Ascenso Sub-16\"}]},{\"@type\":\"WebSite\",\"@id\":\"https:\/\/www.celttv.com.ar\/#website\",\"url\":\"https:\/\/www.celttv.com.ar\/\",\"name\":\"CELTTV\",\"description\":\"Cooperativa El\u00e9ctrica de Tornquist\",\"publisher\":{\"@id\":\"https:\/\/www.celttv.com.ar\/#organization\"},\"potentialAction\":[{\"@type\":\"SearchAction\",\"target\":{\"@type\":\"EntryPoint\",\"urlTemplate\":\"https:\/\/www.celttv.com.ar\/?s={search_term_string}\"},\"query-input\":\"required name=search_term_string\"}],\"inLanguage\":\"es\"},{\"@type\":\"Organization\",\"@id\":\"https:\/\/www.celttv.com.ar\/#organization\",\"name\":\"CELTTV\",\"url\":\"https:\/\/www.celttv.com.ar\/\",\"sameAs\":[\"https:\/\/www.youtube.com\/channel\/UCz_oIt8Hig64Ub-EmcNPIhg\",\"https:\/\/www.facebook.com\/celtTV\/\"],\"logo\":{\"@type\":\"ImageObject\",\"inLanguage\":\"es\",\"@id\":\"https:\/\/www.celttv.com.ar\/#\/schema\/logo\/image\/\",\"url\":\"http:\/\/www.celttv.com.ar\/wp-content\/uploads\/2022\/08\/logo-1.png\",\"contentUrl\":\"http:\/\/www.celttv.com.ar\/wp-content\/uploads\/2022\/08\/logo-1.png\",\"width\":461,\"height\":159,\"caption\":\"CELTTV\"},\"image\":{\"@id\":\"https:\/\/www.celttv.com.ar\/#\/schema\/logo\/image\/\"}},{\"@type\":\"Person\",\"@id\":\"https:\/\/www.celttv.com.ar\/#\/schema\/person\/6d99c072dba59953809c81446e9d0ace\",\"name\":\"ulises\",\"image\":{\"@type\":\"ImageObject\",\"inLanguage\":\"es\",\"@id\":\"https:\/\/www.celttv.com.ar\/#\/schema\/person\/image\/\",\"url\":\"https:\/\/secure.gravatar.com\/avatar\/7f2c48bdc33b30088f941fb6082e555f2874c98e20cb159d7b92b50eadfce793?s=96&d=mm&r=g\",\"contentUrl\":\"https:\/\/secure.gravatar.com\/avatar\/7f2c48bdc33b30088f941fb6082e555f2874c98e20cb159d7b92b50eadfce793?s=96&d=mm&r=g\",\"caption\":\"ulises\"},\"sameAs\":[\"http:\/\/www.celttv.com.ar\"]}]}<\/script>\n<!-- \/ Yoast SEO plugin. -->","yoast_head_json":{"title":"Hockey: Uni\u00f3n jugar\u00e1 el Torneo Provincial de Ascenso Sub-16 - CELTTV","description":"Sitio web de noticias de la localidad de Tornquist, provincia de Buenos Aires, Rep\u00fablica Argentina. Contenido propio originado por periodistas de CELTTV, el canal de TV local de la Cooperativa El\u00e9ctrica de Tornquist. Turismo, Pol\u00edtica, Sociedad, Deporte, Cultura y todo el contenido de inter\u00e9s general que la gente del pueblo y la regi\u00f3n debe conocer.","robots":{"index":"index","follow":"follow","max-snippet":"max-snippet:-1","max-image-preview":"max-image-preview:large","max-video-preview":"max-video-preview:-1"},"canonical":"https:\/\/www.celttv.com.ar\/index.php\/2018\/10\/25\/hockey-union-jugara-el-torneo-provincial-de-ascenso-sub-16\/","og_locale":"es_ES","og_type":"article","og_title":"Hockey: Uni\u00f3n jugar\u00e1 el Torneo Provincial de Ascenso Sub-16 - CELTTV","og_description":"Sitio web de noticias de la localidad de Tornquist, provincia de Buenos Aires, Rep\u00fablica Argentina. Contenido propio originado por periodistas de CELTTV, el canal de TV local de la Cooperativa El\u00e9ctrica de Tornquist. Turismo, Pol\u00edtica, Sociedad, Deporte, Cultura y todo el contenido de inter\u00e9s general que la gente del pueblo y la regi\u00f3n debe conocer.","og_url":"https:\/\/www.celttv.com.ar\/index.php\/2018\/10\/25\/hockey-union-jugara-el-torneo-provincial-de-ascenso-sub-16\/","og_site_name":"CELTTV","article_publisher":"https:\/\/www.facebook.com\/celtTV\/","article_published_time":"2018-10-25T13:31:44+00:00","og_image":[{"width":1000,"height":639,"url":"https:\/\/www.celttv.com.ar\/wp-content\/uploads\/2018\/10\/Hockey-Union-Sub16-2018.jpg","type":"image\/jpeg"}],"author":"ulises","twitter_card":"summary_large_image","twitter_misc":{"Escrito por":"ulises","Tiempo de lectura":"1 minuto"},"schema":{"@context":"https:\/\/schema.org","@graph":[{"@type":"NewsArticle","@id":"https:\/\/www.celttv.com.ar\/index.php\/2018\/10\/25\/hockey-union-jugara-el-torneo-provincial-de-ascenso-sub-16\/#article","isPartOf":{"@id":"https:\/\/www.celttv.com.ar\/index.php\/2018\/10\/25\/hockey-union-jugara-el-torneo-provincial-de-ascenso-sub-16\/"},"author":{"name":"ulises","@id":"https:\/\/www.celttv.com.ar\/#\/schema\/person\/6d99c072dba59953809c81446e9d0ace"},"headline":"Hockey: Uni\u00f3n jugar\u00e1 el Torneo Provincial de Ascenso Sub-16","datePublished":"2018-10-25T13:31:44+00:00","dateModified":"2018-10-25T13:31:44+00:00","mainEntityOfPage":{"@id":"https:\/\/www.celttv.com.ar\/index.php\/2018\/10\/25\/hockey-union-jugara-el-torneo-provincial-de-ascenso-sub-16\/"},"wordCount":244,"publisher":{"@id":"https:\/\/www.celttv.com.ar\/#organization"},"articleSection":["Celt TV Noticias","Deporte","Destacadas","Magazine Sport"],"inLanguage":"es"},{"@type":"WebPage","@id":"https:\/\/www.celttv.com.ar\/index.php\/2018\/10\/25\/hockey-union-jugara-el-torneo-provincial-de-ascenso-sub-16\/","url":"https:\/\/www.celttv.com.ar\/index.php\/2018\/10\/25\/hockey-union-jugara-el-torneo-provincial-de-ascenso-sub-16\/","name":"Hockey: Uni\u00f3n jugar\u00e1 el Torneo Provincial de Ascenso Sub-16 - CELTTV","isPartOf":{"@id":"https:\/\/www.celttv.com.ar\/#website"},"datePublished":"2018-10-25T13:31:44+00:00","dateModified":"2018-10-25T13:31:44+00:00","description":"Sitio web de noticias de la localidad de Tornquist, provincia de Buenos Aires, Rep\u00fablica Argentina. Contenido propio originado por periodistas de CELTTV, el canal de TV local de la Cooperativa El\u00e9ctrica de Tornquist. Turismo, Pol\u00edtica, Sociedad, Deporte, Cultura y todo el contenido de inter\u00e9s general que la gente del pueblo y la regi\u00f3n debe conocer.","breadcrumb":{"@id":"https:\/\/www.celttv.com.ar\/index.php\/2018\/10\/25\/hockey-union-jugara-el-torneo-provincial-de-ascenso-sub-16\/#breadcrumb"},"inLanguage":"es","potentialAction":[{"@type":"ReadAction","target":["https:\/\/www.celttv.com.ar\/index.php\/2018\/10\/25\/hockey-union-jugara-el-torneo-provincial-de-ascenso-sub-16\/"]}]},{"@type":"BreadcrumbList","@id":"https:\/\/www.celttv.com.ar\/index.php\/2018\/10\/25\/hockey-union-jugara-el-torneo-provincial-de-ascenso-sub-16\/#breadcrumb","itemListElement":[{"@type":"ListItem","position":1,"name":"Inicio","item":"https:\/\/www.celttv.com.ar\/"},{"@type":"ListItem","position":2,"name":"Hockey: Uni\u00f3n jugar\u00e1 el Torneo Provincial de Ascenso Sub-16"}]},{"@type":"WebSite","@id":"https:\/\/www.celttv.com.ar\/#website","url":"https:\/\/www.celttv.com.ar\/","name":"CELTTV","description":"Cooperativa El\u00e9ctrica de Tornquist","publisher":{"@id":"https:\/\/www.celttv.com.ar\/#organization"},"potentialAction":[{"@type":"SearchAction","target":{"@type":"EntryPoint","urlTemplate":"https:\/\/www.celttv.com.ar\/?s={search_term_string}"},"query-input":"required name=search_term_string"}],"inLanguage":"es"},{"@type":"Organization","@id":"https:\/\/www.celttv.com.ar\/#organization","name":"CELTTV","url":"https:\/\/www.celttv.com.ar\/","sameAs":["https:\/\/www.youtube.com\/channel\/UCz_oIt8Hig64Ub-EmcNPIhg","https:\/\/www.facebook.com\/celtTV\/"],"logo":{"@type":"ImageObject","inLanguage":"es","@id":"https:\/\/www.celttv.com.ar\/#\/schema\/logo\/image\/","url":"http:\/\/www.celttv.com.ar\/wp-content\/uploads\/2022\/08\/logo-1.png","contentUrl":"http:\/\/www.celttv.com.ar\/wp-content\/uploads\/2022\/08\/logo-1.png","width":461,"height":159,"caption":"CELTTV"},"image":{"@id":"https:\/\/www.celttv.com.ar\/#\/schema\/logo\/image\/"}},{"@type":"Person","@id":"https:\/\/www.celttv.com.ar\/#\/schema\/person\/6d99c072dba59953809c81446e9d0ace","name":"ulises","image":{"@type":"ImageObject","inLanguage":"es","@id":"https:\/\/www.celttv.com.ar\/#\/schema\/person\/image\/","url":"https:\/\/secure.gravatar.com\/avatar\/7f2c48bdc33b30088f941fb6082e555f2874c98e20cb159d7b92b50eadfce793?s=96&d=mm&r=g","contentUrl":"https:\/\/secure.gravatar.com\/avatar\/7f2c48bdc33b30088f941fb6082e555f2874c98e20cb159d7b92b50eadfce793?s=96&d=mm&r=g","caption":"ulises"},"sameAs":["http:\/\/www.celttv.com.ar"]}]}},"_links":{"self":[{"href":"https:\/\/www.celttv.com.ar\/index.php\/wp-json\/wp\/v2\/posts\/38168","targetHints":{"allow":["GET"]}}],"collection":[{"href":"https:\/\/www.celttv.com.ar\/index.php\/wp-json\/wp\/v2\/posts"}],"about":[{"href":"https:\/\/www.celttv.com.ar\/index.php\/wp-json\/wp\/v2\/types\/post"}],"author":[{"embeddable":true,"href":"https:\/\/www.celttv.com.ar\/index.php\/wp-json\/wp\/v2\/users\/1"}],"replies":[{"embeddable":true,"href":"https:\/\/www.celttv.com.ar\/index.php\/wp-json\/wp\/v2\/comments?post=38168"}],"version-history":[{"count":0,"href":"https:\/\/www.celttv.com.ar\/index.php\/wp-json\/wp\/v2\/posts\/38168\/revisions"}],"wp:featuredmedia":[{"embeddable":true,"href":"https:\/\/www.celttv.com.ar\/index.php\/wp-json\/wp\/v2\/media\/38169"}],"wp:attachment":[{"href":"https:\/\/www.celttv.com.ar\/index.php\/wp-json\/wp\/v2\/media?parent=38168"}],"wp:term":[{"taxonomy":"category","embeddable":true,"href":"https:\/\/www.celttv.com.ar\/index.php\/wp-json\/wp\/v2\/categories?post=38168"},{"taxonomy":"post_tag","embeddable":true,"href":"https:\/\/www.celttv.com.ar\/index.php\/wp-json\/wp\/v2\/tags?post=38168"}],"curies":[{"name":"wp","href":"https:\/\/api.w.org\/{rel}","templated":true}]}}