{"id":38204,"date":"2018-10-27T23:40:31","date_gmt":"2018-10-27T23:40:31","guid":{"rendered":"http:\/\/www.celttv.com.ar\/?p=38204"},"modified":"2018-10-27T23:40:31","modified_gmt":"2018-10-27T23:40:31","slug":"liga-regional-de-futbol-divisiones-inferiores-el-torneo-extra-dio-el-puntapie-inicial","status":"publish","type":"post","link":"https:\/\/www.celttv.com.ar\/index.php\/2018\/10\/27\/liga-regional-de-futbol-divisiones-inferiores-el-torneo-extra-dio-el-puntapie-inicial\/","title":{"rendered":"Liga Regional de F\u00fatbol \/ Divisiones inferiores El torneo \u201cExtra\u201d dio el puntapi\u00e9 inicial"},"content":{"rendered":"<p class=\"article_abstract\">S\u00f3lo se jugaron partidos en las zonas \u201cA\u201d y \u201cD\u201d, que son las de mayor cantidad de equipos.<\/p>\n<p>Se puso en marcha este s\u00e1bado, \u00fanicamente con partidos de las zonas \u201cA\u201d y \u201cD\u201d que son las que tienen mayor n\u00famero de equipos, el torneo denominado \u201cExtra\u201d de divisiones inferiores que organiza la Liga Regional de F\u00fatbol de Coronel Su\u00e1rez.<br \/>\nEn los 15 enfrentamientos que se desarrollaron hubo un reparto equitativo de resultados, dado que se registraron 5 triunfos locales, 6 victorias visitantes y 4 empates, 3 de estos \u00faltimos en el choque entre Boca y Blanco y Negro.<br \/>\nCabe recordar que en los cuatro grupos en que est\u00e1n divididos los clubes se jugar\u00e1 a una sola rueda y clasificar\u00e1n para los cuartos de final los dos primeros de cada uno de ellos.<br \/>\nEn cuartos de final se enfrentar\u00e1n en cada categor\u00eda: 1\u00ba de la A vs. 2\u00ba de la B (partido I), 1\u00ba de la B vs. 2\u00ba de la A (partido II), 1\u00ba de la C vs. 2\u00ba de la D (partido III) y 1\u00ba de la D vs. 2\u00ba de la C (partido IV).<br \/>\nEn semifinales se cruzar\u00e1n los ganadores de los partidos I vs. IV y II vs. III. Posteriormente los vencedores protagonizar\u00e1n la final.<br \/>\nLos resultados registrados en la jornada inaugural responden al siguiente detalle:<br \/>\n&nbsp;<br \/>\nZona \u201cA\u201d<br \/>\n&nbsp;<br \/>\nQuinta: Club Sarmiento 3, Tiro Federal de Puan 1 y Puan F. Club 3, Uni\u00f3n Pig\u00fc\u00e9 1.<br \/>\nSexta: Club Sarmiento 4, Tiro Federal de Puan 0. Libre: Puan F. Club.<br \/>\nS\u00e9ptima: Puan F. Club 1, Uni\u00f3n Pig\u00fc\u00e9 3. Libres: Club Sarmiento \u201cA\u201d y Club Sarmiento \u201cB\u201d.<br \/>\nOctava: Club Sarmiento 1, Tiro Federal de Puan 0 y San Mart\u00edn de Saavedra 1, Uni\u00f3n Pig\u00fc\u00e9 1. Libre: Club Sarmiento \u201cB\u201d.<br \/>\n&nbsp;<br \/>\nZona \u201cD\u201d<br \/>\n&nbsp;<br \/>\nQuinta: Boca Juniors 1, Blanco y Negro 1 e Independiente 1, San Mart\u00edn de Santa Trinidad 4. Libre: Deportivo Sarmiento.<br \/>\nSexta: Boca Juniors 1, Blanco y Negro 1; Deportivo Sarmiento 4, El Progreso 3 e Independiente 0, San Mart\u00edn de Santa Trinidad 1.<br \/>\nS\u00e9ptima: Boca Juniors 0, Blanco y Negro 1. Libres: Deportivo Sarmiento y San Mart\u00edn de Santa Trinidad.<br \/>\nOctava: Boca Juniors 0, Blanco y Negro 0; Deportivo Sarmiento 1, El Progreso 3 e Independiente 0, San Mart\u00edn de Santa Trinidad 8.<br \/>\n&nbsp;<br \/>\nPr\u00f3xima fecha<br \/>\n&nbsp;<br \/>\nEl s\u00e1bado que viene se desarrollar\u00e1 una nueva programaci\u00f3n, ya con actividad en las cuatro zonas en que est\u00e1n divididos los equipos. El detalle de enfrentamientos es el siguiente:<br \/>\nZona \u201cA\u201d (segunda): Tiro Federal de Puan vs. Club Sarmiento \u201cB\u201d (8\u00aa); Club Sarmiento \u201cA\u201d vs. Puan F. Club (5\u00aa, 6\u00aa y 7\u00aa) y Club Sarmiento \u201cA\u201d vs. San Mart\u00edn de Saavedra (8\u00aa). Libre: Uni\u00f3n Pig\u00fc\u00e9.<br \/>\nZona \u201cB\u201d (primera): Empleados de Comercio vs. San Mart\u00edn de Carhu\u00e9 (5\u00aa, 6\u00aa, 7\u00aa y 8\u00aa) y Racing Club vs. Atl\u00e9tico Huanguel\u00e9n (5\u00aa, 6\u00aa, 7\u00aa y 8\u00aa).<br \/>\nZona \u201cC\u201d (primera): Deportivo Argentino vs. Uni\u00f3n de Tornquist (5\u00aa, 6\u00aa, 7\u00aa y 8\u00aa) y Automoto vs. Pe\u00f1arol de Pig\u00fc\u00e9 (5\u00aa, 6\u00aa, 7\u00aa y 8\u00aa).<br \/>\nZona \u201cD\u201d (segunda): Deportivo Sarmiento vs. Boca Juniors (5\u00aa, 6\u00aa, 7\u00aa y 8\u00aa); San Mart\u00edn de Santa Trinidad vs. Blanco y Negro (5\u00aa, 6\u00aa, 7\u00aa y 8\u00aa) y El Progreso vs. Independiente (6\u00aa y 8\u00aa).<br \/>\nFUENTE: NUEVO DIA DIGITAL<\/p>\n","protected":false},"excerpt":{"rendered":"<p>S\u00f3lo se jugaron partidos en las zonas \u201cA\u201d y \u201cD\u201d, que son las de mayor cantidad de equipos. Se puso en marcha este s\u00e1bado, \u00fanicamente con partidos de las zonas \u201cA\u201d y \u201cD\u201d que son las que tienen mayor n\u00famero de equipos, el torneo denominado \u201cExtra\u201d de divisiones inferiores que organiza la Liga Regional de [&hellip;]<\/p>\n","protected":false},"author":1,"featured_media":38205,"comment_status":"closed","ping_status":"open","sticky":false,"template":"","format":"standard","meta":{"footnotes":""},"categories":[55,60,52,63],"tags":[],"class_list":["post-38204","post","type-post","status-publish","format-standard","has-post-thumbnail","hentry","category-celt-tv-noticias","category-deporte","category-destacadas","category-magazine-sport"],"yoast_head":"<!-- This site is optimized with the Yoast SEO plugin v19.7.1 - https:\/\/yoast.com\/wordpress\/plugins\/seo\/ -->\n<title>Liga Regional de F\u00fatbol \/ Divisiones inferiores El torneo \u201cExtra\u201d dio el puntapi\u00e9 inicial - CELTTV<\/title>\n<meta name=\"description\" content=\"Sitio web de noticias de la localidad de Tornquist, provincia de Buenos Aires, Rep\u00fablica Argentina. Contenido propio originado por periodistas de CELTTV, el canal de TV local de la Cooperativa El\u00e9ctrica de Tornquist. Turismo, Pol\u00edtica, Sociedad, Deporte, Cultura y todo el contenido de inter\u00e9s general que la gente del pueblo y la regi\u00f3n debe conocer.\" \/>\n<meta name=\"robots\" content=\"index, follow, max-snippet:-1, max-image-preview:large, max-video-preview:-1\" \/>\n<link rel=\"canonical\" href=\"https:\/\/www.celttv.com.ar\/index.php\/2018\/10\/27\/liga-regional-de-futbol-divisiones-inferiores-el-torneo-extra-dio-el-puntapie-inicial\/\" \/>\n<meta property=\"og:locale\" content=\"es_ES\" \/>\n<meta property=\"og:type\" content=\"article\" \/>\n<meta property=\"og:title\" content=\"Liga Regional de F\u00fatbol \/ Divisiones inferiores El torneo \u201cExtra\u201d dio el puntapi\u00e9 inicial - CELTTV\" \/>\n<meta property=\"og:description\" content=\"Sitio web de noticias de la localidad de Tornquist, provincia de Buenos Aires, Rep\u00fablica Argentina. Contenido propio originado por periodistas de CELTTV, el canal de TV local de la Cooperativa El\u00e9ctrica de Tornquist. Turismo, Pol\u00edtica, Sociedad, Deporte, Cultura y todo el contenido de inter\u00e9s general que la gente del pueblo y la regi\u00f3n debe conocer.\" \/>\n<meta property=\"og:url\" content=\"https:\/\/www.celttv.com.ar\/index.php\/2018\/10\/27\/liga-regional-de-futbol-divisiones-inferiores-el-torneo-extra-dio-el-puntapie-inicial\/\" \/>\n<meta property=\"og:site_name\" content=\"CELTTV\" \/>\n<meta property=\"article:publisher\" content=\"https:\/\/www.facebook.com\/celtTV\/\" \/>\n<meta property=\"article:published_time\" content=\"2018-10-27T23:40:31+00:00\" \/>\n<meta property=\"og:image\" content=\"https:\/\/www.celttv.com.ar\/wp-content\/uploads\/2018\/10\/inferiores_410126341.jpg\" \/>\n\t<meta property=\"og:image:width\" content=\"690\" \/>\n\t<meta property=\"og:image:height\" content=\"456\" \/>\n\t<meta property=\"og:image:type\" content=\"image\/jpeg\" \/>\n<meta name=\"author\" content=\"ulises\" \/>\n<meta name=\"twitter:card\" content=\"summary_large_image\" \/>\n<meta name=\"twitter:label1\" content=\"Escrito por\" \/>\n\t<meta name=\"twitter:data1\" content=\"ulises\" \/>\n\t<meta name=\"twitter:label2\" content=\"Tiempo de lectura\" \/>\n\t<meta name=\"twitter:data2\" content=\"2 minutos\" \/>\n<script type=\"application\/ld+json\" class=\"yoast-schema-graph\">{\"@context\":\"https:\/\/schema.org\",\"@graph\":[{\"@type\":\"NewsArticle\",\"@id\":\"https:\/\/www.celttv.com.ar\/index.php\/2018\/10\/27\/liga-regional-de-futbol-divisiones-inferiores-el-torneo-extra-dio-el-puntapie-inicial\/#article\",\"isPartOf\":{\"@id\":\"https:\/\/www.celttv.com.ar\/index.php\/2018\/10\/27\/liga-regional-de-futbol-divisiones-inferiores-el-torneo-extra-dio-el-puntapie-inicial\/\"},\"author\":{\"name\":\"ulises\",\"@id\":\"https:\/\/www.celttv.com.ar\/#\/schema\/person\/6d99c072dba59953809c81446e9d0ace\"},\"headline\":\"Liga Regional de F\u00fatbol \/ Divisiones inferiores El torneo \u201cExtra\u201d dio el puntapi\u00e9 inicial\",\"datePublished\":\"2018-10-27T23:40:31+00:00\",\"dateModified\":\"2018-10-27T23:40:31+00:00\",\"mainEntityOfPage\":{\"@id\":\"https:\/\/www.celttv.com.ar\/index.php\/2018\/10\/27\/liga-regional-de-futbol-divisiones-inferiores-el-torneo-extra-dio-el-puntapie-inicial\/\"},\"wordCount\":511,\"publisher\":{\"@id\":\"https:\/\/www.celttv.com.ar\/#organization\"},\"articleSection\":[\"Celt TV Noticias\",\"Deporte\",\"Destacadas\",\"Magazine Sport\"],\"inLanguage\":\"es\"},{\"@type\":\"WebPage\",\"@id\":\"https:\/\/www.celttv.com.ar\/index.php\/2018\/10\/27\/liga-regional-de-futbol-divisiones-inferiores-el-torneo-extra-dio-el-puntapie-inicial\/\",\"url\":\"https:\/\/www.celttv.com.ar\/index.php\/2018\/10\/27\/liga-regional-de-futbol-divisiones-inferiores-el-torneo-extra-dio-el-puntapie-inicial\/\",\"name\":\"Liga Regional de F\u00fatbol \/ Divisiones inferiores El torneo \u201cExtra\u201d dio el puntapi\u00e9 inicial - CELTTV\",\"isPartOf\":{\"@id\":\"https:\/\/www.celttv.com.ar\/#website\"},\"datePublished\":\"2018-10-27T23:40:31+00:00\",\"dateModified\":\"2018-10-27T23:40:31+00:00\",\"description\":\"Sitio web de noticias de la localidad de Tornquist, provincia de Buenos Aires, Rep\u00fablica Argentina. Contenido propio originado por periodistas de CELTTV, el canal de TV local de la Cooperativa El\u00e9ctrica de Tornquist. Turismo, Pol\u00edtica, Sociedad, Deporte, Cultura y todo el contenido de inter\u00e9s general que la gente del pueblo y la regi\u00f3n debe conocer.\",\"breadcrumb\":{\"@id\":\"https:\/\/www.celttv.com.ar\/index.php\/2018\/10\/27\/liga-regional-de-futbol-divisiones-inferiores-el-torneo-extra-dio-el-puntapie-inicial\/#breadcrumb\"},\"inLanguage\":\"es\",\"potentialAction\":[{\"@type\":\"ReadAction\",\"target\":[\"https:\/\/www.celttv.com.ar\/index.php\/2018\/10\/27\/liga-regional-de-futbol-divisiones-inferiores-el-torneo-extra-dio-el-puntapie-inicial\/\"]}]},{\"@type\":\"BreadcrumbList\",\"@id\":\"https:\/\/www.celttv.com.ar\/index.php\/2018\/10\/27\/liga-regional-de-futbol-divisiones-inferiores-el-torneo-extra-dio-el-puntapie-inicial\/#breadcrumb\",\"itemListElement\":[{\"@type\":\"ListItem\",\"position\":1,\"name\":\"Inicio\",\"item\":\"https:\/\/www.celttv.com.ar\/\"},{\"@type\":\"ListItem\",\"position\":2,\"name\":\"Liga Regional de F\u00fatbol \/ Divisiones inferiores El torneo \u201cExtra\u201d dio el puntapi\u00e9 inicial\"}]},{\"@type\":\"WebSite\",\"@id\":\"https:\/\/www.celttv.com.ar\/#website\",\"url\":\"https:\/\/www.celttv.com.ar\/\",\"name\":\"CELTTV\",\"description\":\"Cooperativa El\u00e9ctrica de Tornquist\",\"publisher\":{\"@id\":\"https:\/\/www.celttv.com.ar\/#organization\"},\"potentialAction\":[{\"@type\":\"SearchAction\",\"target\":{\"@type\":\"EntryPoint\",\"urlTemplate\":\"https:\/\/www.celttv.com.ar\/?s={search_term_string}\"},\"query-input\":\"required name=search_term_string\"}],\"inLanguage\":\"es\"},{\"@type\":\"Organization\",\"@id\":\"https:\/\/www.celttv.com.ar\/#organization\",\"name\":\"CELTTV\",\"url\":\"https:\/\/www.celttv.com.ar\/\",\"sameAs\":[\"https:\/\/www.youtube.com\/channel\/UCz_oIt8Hig64Ub-EmcNPIhg\",\"https:\/\/www.facebook.com\/celtTV\/\"],\"logo\":{\"@type\":\"ImageObject\",\"inLanguage\":\"es\",\"@id\":\"https:\/\/www.celttv.com.ar\/#\/schema\/logo\/image\/\",\"url\":\"http:\/\/www.celttv.com.ar\/wp-content\/uploads\/2022\/08\/logo-1.png\",\"contentUrl\":\"http:\/\/www.celttv.com.ar\/wp-content\/uploads\/2022\/08\/logo-1.png\",\"width\":461,\"height\":159,\"caption\":\"CELTTV\"},\"image\":{\"@id\":\"https:\/\/www.celttv.com.ar\/#\/schema\/logo\/image\/\"}},{\"@type\":\"Person\",\"@id\":\"https:\/\/www.celttv.com.ar\/#\/schema\/person\/6d99c072dba59953809c81446e9d0ace\",\"name\":\"ulises\",\"image\":{\"@type\":\"ImageObject\",\"inLanguage\":\"es\",\"@id\":\"https:\/\/www.celttv.com.ar\/#\/schema\/person\/image\/\",\"url\":\"https:\/\/secure.gravatar.com\/avatar\/7f2c48bdc33b30088f941fb6082e555f2874c98e20cb159d7b92b50eadfce793?s=96&d=mm&r=g\",\"contentUrl\":\"https:\/\/secure.gravatar.com\/avatar\/7f2c48bdc33b30088f941fb6082e555f2874c98e20cb159d7b92b50eadfce793?s=96&d=mm&r=g\",\"caption\":\"ulises\"},\"sameAs\":[\"http:\/\/www.celttv.com.ar\"]}]}<\/script>\n<!-- \/ Yoast SEO plugin. -->","yoast_head_json":{"title":"Liga Regional de F\u00fatbol \/ Divisiones inferiores El torneo \u201cExtra\u201d dio el puntapi\u00e9 inicial - CELTTV","description":"Sitio web de noticias de la localidad de Tornquist, provincia de Buenos Aires, Rep\u00fablica Argentina. Contenido propio originado por periodistas de CELTTV, el canal de TV local de la Cooperativa El\u00e9ctrica de Tornquist. Turismo, Pol\u00edtica, Sociedad, Deporte, Cultura y todo el contenido de inter\u00e9s general que la gente del pueblo y la regi\u00f3n debe conocer.","robots":{"index":"index","follow":"follow","max-snippet":"max-snippet:-1","max-image-preview":"max-image-preview:large","max-video-preview":"max-video-preview:-1"},"canonical":"https:\/\/www.celttv.com.ar\/index.php\/2018\/10\/27\/liga-regional-de-futbol-divisiones-inferiores-el-torneo-extra-dio-el-puntapie-inicial\/","og_locale":"es_ES","og_type":"article","og_title":"Liga Regional de F\u00fatbol \/ Divisiones inferiores El torneo \u201cExtra\u201d dio el puntapi\u00e9 inicial - CELTTV","og_description":"Sitio web de noticias de la localidad de Tornquist, provincia de Buenos Aires, Rep\u00fablica Argentina. Contenido propio originado por periodistas de CELTTV, el canal de TV local de la Cooperativa El\u00e9ctrica de Tornquist. Turismo, Pol\u00edtica, Sociedad, Deporte, Cultura y todo el contenido de inter\u00e9s general que la gente del pueblo y la regi\u00f3n debe conocer.","og_url":"https:\/\/www.celttv.com.ar\/index.php\/2018\/10\/27\/liga-regional-de-futbol-divisiones-inferiores-el-torneo-extra-dio-el-puntapie-inicial\/","og_site_name":"CELTTV","article_publisher":"https:\/\/www.facebook.com\/celtTV\/","article_published_time":"2018-10-27T23:40:31+00:00","og_image":[{"width":690,"height":456,"url":"https:\/\/www.celttv.com.ar\/wp-content\/uploads\/2018\/10\/inferiores_410126341.jpg","type":"image\/jpeg"}],"author":"ulises","twitter_card":"summary_large_image","twitter_misc":{"Escrito por":"ulises","Tiempo de lectura":"2 minutos"},"schema":{"@context":"https:\/\/schema.org","@graph":[{"@type":"NewsArticle","@id":"https:\/\/www.celttv.com.ar\/index.php\/2018\/10\/27\/liga-regional-de-futbol-divisiones-inferiores-el-torneo-extra-dio-el-puntapie-inicial\/#article","isPartOf":{"@id":"https:\/\/www.celttv.com.ar\/index.php\/2018\/10\/27\/liga-regional-de-futbol-divisiones-inferiores-el-torneo-extra-dio-el-puntapie-inicial\/"},"author":{"name":"ulises","@id":"https:\/\/www.celttv.com.ar\/#\/schema\/person\/6d99c072dba59953809c81446e9d0ace"},"headline":"Liga Regional de F\u00fatbol \/ Divisiones inferiores El torneo \u201cExtra\u201d dio el puntapi\u00e9 inicial","datePublished":"2018-10-27T23:40:31+00:00","dateModified":"2018-10-27T23:40:31+00:00","mainEntityOfPage":{"@id":"https:\/\/www.celttv.com.ar\/index.php\/2018\/10\/27\/liga-regional-de-futbol-divisiones-inferiores-el-torneo-extra-dio-el-puntapie-inicial\/"},"wordCount":511,"publisher":{"@id":"https:\/\/www.celttv.com.ar\/#organization"},"articleSection":["Celt TV Noticias","Deporte","Destacadas","Magazine Sport"],"inLanguage":"es"},{"@type":"WebPage","@id":"https:\/\/www.celttv.com.ar\/index.php\/2018\/10\/27\/liga-regional-de-futbol-divisiones-inferiores-el-torneo-extra-dio-el-puntapie-inicial\/","url":"https:\/\/www.celttv.com.ar\/index.php\/2018\/10\/27\/liga-regional-de-futbol-divisiones-inferiores-el-torneo-extra-dio-el-puntapie-inicial\/","name":"Liga Regional de F\u00fatbol \/ Divisiones inferiores El torneo \u201cExtra\u201d dio el puntapi\u00e9 inicial - CELTTV","isPartOf":{"@id":"https:\/\/www.celttv.com.ar\/#website"},"datePublished":"2018-10-27T23:40:31+00:00","dateModified":"2018-10-27T23:40:31+00:00","description":"Sitio web de noticias de la localidad de Tornquist, provincia de Buenos Aires, Rep\u00fablica Argentina. Contenido propio originado por periodistas de CELTTV, el canal de TV local de la Cooperativa El\u00e9ctrica de Tornquist. Turismo, Pol\u00edtica, Sociedad, Deporte, Cultura y todo el contenido de inter\u00e9s general que la gente del pueblo y la regi\u00f3n debe conocer.","breadcrumb":{"@id":"https:\/\/www.celttv.com.ar\/index.php\/2018\/10\/27\/liga-regional-de-futbol-divisiones-inferiores-el-torneo-extra-dio-el-puntapie-inicial\/#breadcrumb"},"inLanguage":"es","potentialAction":[{"@type":"ReadAction","target":["https:\/\/www.celttv.com.ar\/index.php\/2018\/10\/27\/liga-regional-de-futbol-divisiones-inferiores-el-torneo-extra-dio-el-puntapie-inicial\/"]}]},{"@type":"BreadcrumbList","@id":"https:\/\/www.celttv.com.ar\/index.php\/2018\/10\/27\/liga-regional-de-futbol-divisiones-inferiores-el-torneo-extra-dio-el-puntapie-inicial\/#breadcrumb","itemListElement":[{"@type":"ListItem","position":1,"name":"Inicio","item":"https:\/\/www.celttv.com.ar\/"},{"@type":"ListItem","position":2,"name":"Liga Regional de F\u00fatbol \/ Divisiones inferiores El torneo \u201cExtra\u201d dio el puntapi\u00e9 inicial"}]},{"@type":"WebSite","@id":"https:\/\/www.celttv.com.ar\/#website","url":"https:\/\/www.celttv.com.ar\/","name":"CELTTV","description":"Cooperativa El\u00e9ctrica de Tornquist","publisher":{"@id":"https:\/\/www.celttv.com.ar\/#organization"},"potentialAction":[{"@type":"SearchAction","target":{"@type":"EntryPoint","urlTemplate":"https:\/\/www.celttv.com.ar\/?s={search_term_string}"},"query-input":"required name=search_term_string"}],"inLanguage":"es"},{"@type":"Organization","@id":"https:\/\/www.celttv.com.ar\/#organization","name":"CELTTV","url":"https:\/\/www.celttv.com.ar\/","sameAs":["https:\/\/www.youtube.com\/channel\/UCz_oIt8Hig64Ub-EmcNPIhg","https:\/\/www.facebook.com\/celtTV\/"],"logo":{"@type":"ImageObject","inLanguage":"es","@id":"https:\/\/www.celttv.com.ar\/#\/schema\/logo\/image\/","url":"http:\/\/www.celttv.com.ar\/wp-content\/uploads\/2022\/08\/logo-1.png","contentUrl":"http:\/\/www.celttv.com.ar\/wp-content\/uploads\/2022\/08\/logo-1.png","width":461,"height":159,"caption":"CELTTV"},"image":{"@id":"https:\/\/www.celttv.com.ar\/#\/schema\/logo\/image\/"}},{"@type":"Person","@id":"https:\/\/www.celttv.com.ar\/#\/schema\/person\/6d99c072dba59953809c81446e9d0ace","name":"ulises","image":{"@type":"ImageObject","inLanguage":"es","@id":"https:\/\/www.celttv.com.ar\/#\/schema\/person\/image\/","url":"https:\/\/secure.gravatar.com\/avatar\/7f2c48bdc33b30088f941fb6082e555f2874c98e20cb159d7b92b50eadfce793?s=96&d=mm&r=g","contentUrl":"https:\/\/secure.gravatar.com\/avatar\/7f2c48bdc33b30088f941fb6082e555f2874c98e20cb159d7b92b50eadfce793?s=96&d=mm&r=g","caption":"ulises"},"sameAs":["http:\/\/www.celttv.com.ar"]}]}},"_links":{"self":[{"href":"https:\/\/www.celttv.com.ar\/index.php\/wp-json\/wp\/v2\/posts\/38204","targetHints":{"allow":["GET"]}}],"collection":[{"href":"https:\/\/www.celttv.com.ar\/index.php\/wp-json\/wp\/v2\/posts"}],"about":[{"href":"https:\/\/www.celttv.com.ar\/index.php\/wp-json\/wp\/v2\/types\/post"}],"author":[{"embeddable":true,"href":"https:\/\/www.celttv.com.ar\/index.php\/wp-json\/wp\/v2\/users\/1"}],"replies":[{"embeddable":true,"href":"https:\/\/www.celttv.com.ar\/index.php\/wp-json\/wp\/v2\/comments?post=38204"}],"version-history":[{"count":0,"href":"https:\/\/www.celttv.com.ar\/index.php\/wp-json\/wp\/v2\/posts\/38204\/revisions"}],"wp:featuredmedia":[{"embeddable":true,"href":"https:\/\/www.celttv.com.ar\/index.php\/wp-json\/wp\/v2\/media\/38205"}],"wp:attachment":[{"href":"https:\/\/www.celttv.com.ar\/index.php\/wp-json\/wp\/v2\/media?parent=38204"}],"wp:term":[{"taxonomy":"category","embeddable":true,"href":"https:\/\/www.celttv.com.ar\/index.php\/wp-json\/wp\/v2\/categories?post=38204"},{"taxonomy":"post_tag","embeddable":true,"href":"https:\/\/www.celttv.com.ar\/index.php\/wp-json\/wp\/v2\/tags?post=38204"}],"curies":[{"name":"wp","href":"https:\/\/api.w.org\/{rel}","templated":true}]}}