{"id":38207,"date":"2018-10-29T00:43:28","date_gmt":"2018-10-29T00:43:28","guid":{"rendered":"http:\/\/www.celttv.com.ar\/?p=38207"},"modified":"2018-10-29T00:43:28","modified_gmt":"2018-10-29T00:43:28","slug":"el-clasico-fue-verde","status":"publish","type":"post","link":"https:\/\/www.celttv.com.ar\/index.php\/2018\/10\/29\/el-clasico-fue-verde\/","title":{"rendered":"EL CLASICO FUE VERDE"},"content":{"rendered":"<p>En los 500 partidos de Carlos Graff, Uni\u00f3n venci\u00f3 por 1 a 0 a Automoto con gol de Tom\u00e1s Terrugi. Se fue expulsado Peralta en el azulgrana despu\u00e9s de un error de identidad del \u00e1rbitro asistente. Fue p\u00e9simo el arbitraje de Rossi.<br \/>\nHac\u00eda mucho que un cl\u00e1sico sal\u00eda tan malo desde lo futbol\u00edstico. Si bien se sabe que son partidos trabados y disputados, las faltas y el poco criterio del \u00e1rbitro para dejar seguir el juego en algunos momentos, fueron claves para que el encuentro tenga un ritmo fluido. Adem\u00e1s de entrada sac\u00f3 muchas amarrillas, algunas innecesarias.<br \/>\nUni\u00f3n fue quien arranc\u00f3 mejor, presionando al azulgrana y haci\u00e9ndolo retroceder metros para que el arco de Buoncompagni le quede lejos. Terrugi y Schmidt tuvieron sus posibilidades mandando la pelota arriba del travesa\u00f1o, y luego F\u00f3gel se luci\u00f3 para sacarle un cabezazo al \u00e1ngulo a Heiland.<br \/>\nEn la primera que tuvo Automoto convirti\u00f3. Un tiro libre desde la derecha, gana de cabeza Gim\u00e9nez y pon\u00eda el 1 a 0, pero el asistente Pierobon anul\u00f3 el tanto por offside de Agust\u00edn Franco que estaba m\u00e1s atr\u00e1s. (Primer error del \u201cMemo\u201d)<br \/>\nUnos minutos m\u00e1s tardes lleg\u00f3 la apertura del marcador. Despu\u00e9s de una muy buen salvada de F\u00f3gel, la pelota le queda a <strong>Tom\u00e1s Terrugi<\/strong> que con un misilazo revienta el arco y marca el 1 a 0.<br \/>\nEl partido fue subiendo en temperatura y alguna que otra pierna de m\u00e1s, y Rossi cortaba el juego por alguna \u201cmancha\u201d y en algunas jugadas fuertes, hac\u00eda la vista gorda.<br \/>\nEn los \u00faltimos diez minutos del primer tiempo se acerc\u00f3 Automoto. Agust\u00edn Franco no lleg\u00f3 a conectar despu\u00e9s de un tiro libre de Peralta, y luego Zas remata afuera para culminar la contra comandada por Reynoso. En el medio una jugada rara que gener\u00f3 la bronca de los simpatizantes del verde, cuando Angelini se perfil\u00f3 para pegarle al arco, Rossi se cruz\u00f3 buscando mejor \u00e1ngulo de visi\u00f3n, y la pelota le dio en el taco al \u00e1rbitro y se fue.<br \/>\nPara el segundo tiempo, Salvi movi\u00f3 el banco. Sac\u00f3 a Escobar, retraz\u00f3 a Zas y reacomod\u00f3 la defensa, e hizo ingresar a N\u00fa\u00f1ez para buscar m\u00e1s desequilibrio.<br \/>\nLas primeras del segundo tiempo tambi\u00e9n fueron para el verde. Primero la pelota sobr\u00f3 a Pollio, la tom\u00f3 Juanchi Heiland de que enganch\u00f3 y remat\u00f3 al primer palo. F\u00f3gel cubri\u00f3 bien el lugar y sac\u00f3 la pelota. Luego fue Grassi quien gan\u00f3 en lo alto y encontr\u00f3 bien parado al arquero azulgrana.<br \/>\nA los 20\u2019 otra jugada pol\u00e9mica. Despu\u00e9s de una falta en favor de Automoto, la pelota sigue y se encuentran Teysseyre y Lacasta. Pierna fuerte del volante azulgrana y el defensor del verde tendido en el piso. Pierobon llam\u00f3 a Rossi y el \u00e1rbitro expuls\u00f3 a Peralta, quien hab\u00eda estado al costado de la jugada. Error y calentura de toda la parcialidad y el banco visitante. Peralta se fue casi sin saber que hab\u00eda pasado.<br \/>\nUnos minutos despu\u00e9s, una buena combinaci\u00f3n por el medio termina en el remate de Piedrabuena reventando el palo derecho de Buoncompagni que acompa\u00f1\u00f3 con la mirada.<br \/>\nAll\u00ed el verde se plant\u00f3, apost\u00f3 a la contra y liquidar el partido por ese medio.<br \/>\nAs\u00ed fue como Heiland se escap\u00f3 y qued\u00f3 mano a mano con F\u00f3gel, pero el \u201c1\u201d gan\u00f3 el duelo. Graff movi\u00f3 el banco, sac\u00f3 a Schmidt y Angelini extenuados y puso a los rapiditos Salazar y Loffredo para aprovechar los huecos que dejaba un Automoto plantado cerca del \u00e1rea del verde.<br \/>\nJustamente Salazar tuvo un disparo de zurda que tap\u00f3 F\u00f3gel y ah\u00ed nom\u00e1s combinaron Piedrabuena y Franco y el disparo de \u00e9ste \u00faltimo fue sacado por Buoncompagni.<br \/>\nEn los \u00faltimos minutos, Heiland trat\u00f3 aumentar con un tiro libre que se fue alto, y Zas tambi\u00e9n por la misma v\u00eda, mand\u00f3 la pelota muy cerca del palo derecho del \u201c1\u201d local.<br \/>\nEn la \u00faltima, tiro libre de Zas, la baja Lacasta y gol de Automoto. El asistente Graff marc\u00f3 posici\u00f3n adelantada del volante azulgrana y anul\u00f3 el tanto.<br \/>\nAs\u00ed termin\u00f3 el partido. Con los festejos del lado del verde por un nuevo triunfo en el cl\u00e1sico de Tornquist, y abrazando a Carlos Graff por los 500 partidos. Los de Automoto reclam\u00e1ndole a la terna los fallos y con bronca por el arbitraje.<br \/>\n<strong>Uni\u00f3n:<\/strong> Adri\u00e1n Buoncompagni; Federico Franco, Jos\u00e9 Luis Teysseyre, Sebasti\u00e1n Callava, Hern\u00e1n Delgado; \u00c1ngelo Grassi, Lucas Sotelo, Tom\u00e1s Terrugi, Ezequiel Schmidt; Juan Jos\u00e9 Heiland, Esteban Angelini. DT: Carlos Graff.<br \/>\n<u>Cambios:<\/u> ST: 36\u2019 Fernando Salazar por Schmidt, 37\u2019 Juan Loffredo por Angelini, 41\u2019 Paulo Bauer por Grassi.<br \/>\n<u>Supl:<\/u> Juan Dello Russo y Mat\u00edas Fritz.<br \/>\n<strong>Automoto:<\/strong> Maximiliano F\u00f3gel; Nicol\u00e1s Escobar, Ram\u00f3n Aller, Gast\u00f3n Pollio, Agust\u00edn Franco; Arturo Peralta, Jerem\u00edas Lacasta, Justo Zas, Agust\u00edn Reynoso; Facundo Villar, Lucas Gim\u00e9nez. DT: Eduardo Salvi.<br \/>\n<u>Cambios:<\/u> ST: 0\u2019 Ayrton N\u00fa\u00f1ez por Escobar, 18\u2019 Marcos Piedrabuena por Gim\u00e9nez.<br \/>\n<u>Supl:<\/u> Joaqu\u00edn Castelli, Fausto Dri, Facundo Quiroga.<br \/>\n<u>Gol:<\/u> PT: 27\u2019 Tom\u00e1s Terrugi (U).<br \/>\n<u>Expulsado:<\/u> ST: 20\u2019 Arturo Peralta (A).<br \/>\n<u>\u00c1rbitro:<\/u> Leonardo Rossi (2) de Olavarr\u00eda.<br \/>\n<u>Cancha:<\/u> Estadio Juan Jos\u00e9 Bolletta.<br \/>\n<u>Reserva:<\/u> Uni\u00f3n 1 &#8211; Automoto 2<br \/>\n<a href=\"http:\/\/www.celttv.com.ar\/?attachment_id=38208\" rel=\"attachment wp-att-38208\"><img loading=\"lazy\" decoding=\"async\" class=\"alignleft size-medium wp-image-38208\" src=\"http:\/\/www.celttv.com.ar\/wp-content\/uploads\/2018\/10\/DSC_0288-780x520.jpg\" alt=\"\" width=\"780\" height=\"520\" \/><\/a> <a href=\"http:\/\/www.celttv.com.ar\/?attachment_id=38209\" rel=\"attachment wp-att-38209\"><img loading=\"lazy\" decoding=\"async\" class=\"alignleft size-medium wp-image-38209\" src=\"http:\/\/www.celttv.com.ar\/wp-content\/uploads\/2018\/10\/DSC_0306-780x520.jpg\" alt=\"\" width=\"780\" height=\"520\" \/><\/a> <a href=\"http:\/\/www.celttv.com.ar\/?attachment_id=38210\" rel=\"attachment wp-att-38210\"><img loading=\"lazy\" decoding=\"async\" class=\"alignleft size-medium wp-image-38210\" src=\"http:\/\/www.celttv.com.ar\/wp-content\/uploads\/2018\/10\/DSC_0396-780x520.jpg\" alt=\"\" width=\"780\" height=\"520\" \/><\/a> <a href=\"http:\/\/www.celttv.com.ar\/?attachment_id=38211\" rel=\"attachment wp-att-38211\"><img loading=\"lazy\" decoding=\"async\" class=\"alignleft size-medium wp-image-38211\" src=\"http:\/\/www.celttv.com.ar\/wp-content\/uploads\/2018\/10\/DSC_0399-780x520.jpg\" alt=\"\" width=\"780\" height=\"520\" \/><\/a><\/p>\n","protected":false},"excerpt":{"rendered":"<p>En los 500 partidos de Carlos Graff, Uni\u00f3n venci\u00f3 por 1 a 0 a Automoto con gol de Tom\u00e1s Terrugi. Se fue expulsado Peralta en el azulgrana despu\u00e9s de un error de identidad del \u00e1rbitro asistente. Fue p\u00e9simo el arbitraje de Rossi. Hac\u00eda mucho que un cl\u00e1sico sal\u00eda tan malo desde lo futbol\u00edstico. Si bien [&hellip;]<\/p>\n","protected":false},"author":1,"featured_media":38211,"comment_status":"closed","ping_status":"open","sticky":false,"template":"","format":"standard","meta":{"footnotes":""},"categories":[60,52,76],"tags":[],"class_list":["post-38207","post","type-post","status-publish","format-standard","has-post-thumbnail","hentry","category-deporte","category-destacadas","category-solo-futbol"],"yoast_head":"<!-- This site is optimized with the Yoast SEO plugin v19.7.1 - https:\/\/yoast.com\/wordpress\/plugins\/seo\/ -->\n<title>EL CLASICO FUE VERDE - CELTTV<\/title>\n<meta name=\"description\" content=\"Sitio web de noticias de la localidad de Tornquist, provincia de Buenos Aires, Rep\u00fablica Argentina. Contenido propio originado por periodistas de CELTTV, el canal de TV local de la Cooperativa El\u00e9ctrica de Tornquist. Turismo, Pol\u00edtica, Sociedad, Deporte, Cultura y todo el contenido de inter\u00e9s general que la gente del pueblo y la regi\u00f3n debe conocer.\" \/>\n<meta name=\"robots\" content=\"index, follow, max-snippet:-1, max-image-preview:large, max-video-preview:-1\" \/>\n<link rel=\"canonical\" href=\"https:\/\/www.celttv.com.ar\/index.php\/2018\/10\/29\/el-clasico-fue-verde\/\" \/>\n<meta property=\"og:locale\" content=\"es_ES\" \/>\n<meta property=\"og:type\" content=\"article\" \/>\n<meta property=\"og:title\" content=\"EL CLASICO FUE VERDE - CELTTV\" \/>\n<meta property=\"og:description\" content=\"Sitio web de noticias de la localidad de Tornquist, provincia de Buenos Aires, Rep\u00fablica Argentina. Contenido propio originado por periodistas de CELTTV, el canal de TV local de la Cooperativa El\u00e9ctrica de Tornquist. Turismo, Pol\u00edtica, Sociedad, Deporte, Cultura y todo el contenido de inter\u00e9s general que la gente del pueblo y la regi\u00f3n debe conocer.\" \/>\n<meta property=\"og:url\" content=\"https:\/\/www.celttv.com.ar\/index.php\/2018\/10\/29\/el-clasico-fue-verde\/\" \/>\n<meta property=\"og:site_name\" content=\"CELTTV\" \/>\n<meta property=\"article:publisher\" content=\"https:\/\/www.facebook.com\/celtTV\/\" \/>\n<meta property=\"article:published_time\" content=\"2018-10-29T00:43:28+00:00\" \/>\n<meta property=\"og:image\" content=\"https:\/\/www.celttv.com.ar\/wp-content\/uploads\/2018\/10\/DSC_0399.jpg\" \/>\n\t<meta property=\"og:image:width\" content=\"960\" \/>\n\t<meta property=\"og:image:height\" content=\"640\" \/>\n\t<meta property=\"og:image:type\" content=\"image\/jpeg\" \/>\n<meta name=\"author\" content=\"ulises\" \/>\n<meta name=\"twitter:card\" content=\"summary_large_image\" \/>\n<meta name=\"twitter:label1\" content=\"Escrito por\" \/>\n\t<meta name=\"twitter:data1\" content=\"ulises\" \/>\n\t<meta name=\"twitter:label2\" content=\"Tiempo de lectura\" \/>\n\t<meta name=\"twitter:data2\" content=\"4 minutos\" \/>\n<script type=\"application\/ld+json\" class=\"yoast-schema-graph\">{\"@context\":\"https:\/\/schema.org\",\"@graph\":[{\"@type\":\"NewsArticle\",\"@id\":\"https:\/\/www.celttv.com.ar\/index.php\/2018\/10\/29\/el-clasico-fue-verde\/#article\",\"isPartOf\":{\"@id\":\"https:\/\/www.celttv.com.ar\/index.php\/2018\/10\/29\/el-clasico-fue-verde\/\"},\"author\":{\"name\":\"ulises\",\"@id\":\"https:\/\/www.celttv.com.ar\/#\/schema\/person\/6d99c072dba59953809c81446e9d0ace\"},\"headline\":\"EL CLASICO FUE VERDE\",\"datePublished\":\"2018-10-29T00:43:28+00:00\",\"dateModified\":\"2018-10-29T00:43:28+00:00\",\"mainEntityOfPage\":{\"@id\":\"https:\/\/www.celttv.com.ar\/index.php\/2018\/10\/29\/el-clasico-fue-verde\/\"},\"wordCount\":885,\"publisher\":{\"@id\":\"https:\/\/www.celttv.com.ar\/#organization\"},\"articleSection\":[\"Deporte\",\"Destacadas\",\"Solo Futbol\"],\"inLanguage\":\"es\"},{\"@type\":\"WebPage\",\"@id\":\"https:\/\/www.celttv.com.ar\/index.php\/2018\/10\/29\/el-clasico-fue-verde\/\",\"url\":\"https:\/\/www.celttv.com.ar\/index.php\/2018\/10\/29\/el-clasico-fue-verde\/\",\"name\":\"EL CLASICO FUE VERDE - CELTTV\",\"isPartOf\":{\"@id\":\"https:\/\/www.celttv.com.ar\/#website\"},\"datePublished\":\"2018-10-29T00:43:28+00:00\",\"dateModified\":\"2018-10-29T00:43:28+00:00\",\"description\":\"Sitio web de noticias de la localidad de Tornquist, provincia de Buenos Aires, Rep\u00fablica Argentina. Contenido propio originado por periodistas de CELTTV, el canal de TV local de la Cooperativa El\u00e9ctrica de Tornquist. Turismo, Pol\u00edtica, Sociedad, Deporte, Cultura y todo el contenido de inter\u00e9s general que la gente del pueblo y la regi\u00f3n debe conocer.\",\"breadcrumb\":{\"@id\":\"https:\/\/www.celttv.com.ar\/index.php\/2018\/10\/29\/el-clasico-fue-verde\/#breadcrumb\"},\"inLanguage\":\"es\",\"potentialAction\":[{\"@type\":\"ReadAction\",\"target\":[\"https:\/\/www.celttv.com.ar\/index.php\/2018\/10\/29\/el-clasico-fue-verde\/\"]}]},{\"@type\":\"BreadcrumbList\",\"@id\":\"https:\/\/www.celttv.com.ar\/index.php\/2018\/10\/29\/el-clasico-fue-verde\/#breadcrumb\",\"itemListElement\":[{\"@type\":\"ListItem\",\"position\":1,\"name\":\"Inicio\",\"item\":\"https:\/\/www.celttv.com.ar\/\"},{\"@type\":\"ListItem\",\"position\":2,\"name\":\"EL CLASICO FUE VERDE\"}]},{\"@type\":\"WebSite\",\"@id\":\"https:\/\/www.celttv.com.ar\/#website\",\"url\":\"https:\/\/www.celttv.com.ar\/\",\"name\":\"CELTTV\",\"description\":\"Cooperativa El\u00e9ctrica de Tornquist\",\"publisher\":{\"@id\":\"https:\/\/www.celttv.com.ar\/#organization\"},\"potentialAction\":[{\"@type\":\"SearchAction\",\"target\":{\"@type\":\"EntryPoint\",\"urlTemplate\":\"https:\/\/www.celttv.com.ar\/?s={search_term_string}\"},\"query-input\":\"required name=search_term_string\"}],\"inLanguage\":\"es\"},{\"@type\":\"Organization\",\"@id\":\"https:\/\/www.celttv.com.ar\/#organization\",\"name\":\"CELTTV\",\"url\":\"https:\/\/www.celttv.com.ar\/\",\"sameAs\":[\"https:\/\/www.youtube.com\/channel\/UCz_oIt8Hig64Ub-EmcNPIhg\",\"https:\/\/www.facebook.com\/celtTV\/\"],\"logo\":{\"@type\":\"ImageObject\",\"inLanguage\":\"es\",\"@id\":\"https:\/\/www.celttv.com.ar\/#\/schema\/logo\/image\/\",\"url\":\"http:\/\/www.celttv.com.ar\/wp-content\/uploads\/2022\/08\/logo-1.png\",\"contentUrl\":\"http:\/\/www.celttv.com.ar\/wp-content\/uploads\/2022\/08\/logo-1.png\",\"width\":461,\"height\":159,\"caption\":\"CELTTV\"},\"image\":{\"@id\":\"https:\/\/www.celttv.com.ar\/#\/schema\/logo\/image\/\"}},{\"@type\":\"Person\",\"@id\":\"https:\/\/www.celttv.com.ar\/#\/schema\/person\/6d99c072dba59953809c81446e9d0ace\",\"name\":\"ulises\",\"image\":{\"@type\":\"ImageObject\",\"inLanguage\":\"es\",\"@id\":\"https:\/\/www.celttv.com.ar\/#\/schema\/person\/image\/\",\"url\":\"https:\/\/secure.gravatar.com\/avatar\/7f2c48bdc33b30088f941fb6082e555f2874c98e20cb159d7b92b50eadfce793?s=96&d=mm&r=g\",\"contentUrl\":\"https:\/\/secure.gravatar.com\/avatar\/7f2c48bdc33b30088f941fb6082e555f2874c98e20cb159d7b92b50eadfce793?s=96&d=mm&r=g\",\"caption\":\"ulises\"},\"sameAs\":[\"http:\/\/www.celttv.com.ar\"]}]}<\/script>\n<!-- \/ Yoast SEO plugin. -->","yoast_head_json":{"title":"EL CLASICO FUE VERDE - CELTTV","description":"Sitio web de noticias de la localidad de Tornquist, provincia de Buenos Aires, Rep\u00fablica Argentina. Contenido propio originado por periodistas de CELTTV, el canal de TV local de la Cooperativa El\u00e9ctrica de Tornquist. Turismo, Pol\u00edtica, Sociedad, Deporte, Cultura y todo el contenido de inter\u00e9s general que la gente del pueblo y la regi\u00f3n debe conocer.","robots":{"index":"index","follow":"follow","max-snippet":"max-snippet:-1","max-image-preview":"max-image-preview:large","max-video-preview":"max-video-preview:-1"},"canonical":"https:\/\/www.celttv.com.ar\/index.php\/2018\/10\/29\/el-clasico-fue-verde\/","og_locale":"es_ES","og_type":"article","og_title":"EL CLASICO FUE VERDE - CELTTV","og_description":"Sitio web de noticias de la localidad de Tornquist, provincia de Buenos Aires, Rep\u00fablica Argentina. Contenido propio originado por periodistas de CELTTV, el canal de TV local de la Cooperativa El\u00e9ctrica de Tornquist. Turismo, Pol\u00edtica, Sociedad, Deporte, Cultura y todo el contenido de inter\u00e9s general que la gente del pueblo y la regi\u00f3n debe conocer.","og_url":"https:\/\/www.celttv.com.ar\/index.php\/2018\/10\/29\/el-clasico-fue-verde\/","og_site_name":"CELTTV","article_publisher":"https:\/\/www.facebook.com\/celtTV\/","article_published_time":"2018-10-29T00:43:28+00:00","og_image":[{"width":960,"height":640,"url":"https:\/\/www.celttv.com.ar\/wp-content\/uploads\/2018\/10\/DSC_0399.jpg","type":"image\/jpeg"}],"author":"ulises","twitter_card":"summary_large_image","twitter_misc":{"Escrito por":"ulises","Tiempo de lectura":"4 minutos"},"schema":{"@context":"https:\/\/schema.org","@graph":[{"@type":"NewsArticle","@id":"https:\/\/www.celttv.com.ar\/index.php\/2018\/10\/29\/el-clasico-fue-verde\/#article","isPartOf":{"@id":"https:\/\/www.celttv.com.ar\/index.php\/2018\/10\/29\/el-clasico-fue-verde\/"},"author":{"name":"ulises","@id":"https:\/\/www.celttv.com.ar\/#\/schema\/person\/6d99c072dba59953809c81446e9d0ace"},"headline":"EL CLASICO FUE VERDE","datePublished":"2018-10-29T00:43:28+00:00","dateModified":"2018-10-29T00:43:28+00:00","mainEntityOfPage":{"@id":"https:\/\/www.celttv.com.ar\/index.php\/2018\/10\/29\/el-clasico-fue-verde\/"},"wordCount":885,"publisher":{"@id":"https:\/\/www.celttv.com.ar\/#organization"},"articleSection":["Deporte","Destacadas","Solo Futbol"],"inLanguage":"es"},{"@type":"WebPage","@id":"https:\/\/www.celttv.com.ar\/index.php\/2018\/10\/29\/el-clasico-fue-verde\/","url":"https:\/\/www.celttv.com.ar\/index.php\/2018\/10\/29\/el-clasico-fue-verde\/","name":"EL CLASICO FUE VERDE - CELTTV","isPartOf":{"@id":"https:\/\/www.celttv.com.ar\/#website"},"datePublished":"2018-10-29T00:43:28+00:00","dateModified":"2018-10-29T00:43:28+00:00","description":"Sitio web de noticias de la localidad de Tornquist, provincia de Buenos Aires, Rep\u00fablica Argentina. Contenido propio originado por periodistas de CELTTV, el canal de TV local de la Cooperativa El\u00e9ctrica de Tornquist. Turismo, Pol\u00edtica, Sociedad, Deporte, Cultura y todo el contenido de inter\u00e9s general que la gente del pueblo y la regi\u00f3n debe conocer.","breadcrumb":{"@id":"https:\/\/www.celttv.com.ar\/index.php\/2018\/10\/29\/el-clasico-fue-verde\/#breadcrumb"},"inLanguage":"es","potentialAction":[{"@type":"ReadAction","target":["https:\/\/www.celttv.com.ar\/index.php\/2018\/10\/29\/el-clasico-fue-verde\/"]}]},{"@type":"BreadcrumbList","@id":"https:\/\/www.celttv.com.ar\/index.php\/2018\/10\/29\/el-clasico-fue-verde\/#breadcrumb","itemListElement":[{"@type":"ListItem","position":1,"name":"Inicio","item":"https:\/\/www.celttv.com.ar\/"},{"@type":"ListItem","position":2,"name":"EL CLASICO FUE VERDE"}]},{"@type":"WebSite","@id":"https:\/\/www.celttv.com.ar\/#website","url":"https:\/\/www.celttv.com.ar\/","name":"CELTTV","description":"Cooperativa El\u00e9ctrica de Tornquist","publisher":{"@id":"https:\/\/www.celttv.com.ar\/#organization"},"potentialAction":[{"@type":"SearchAction","target":{"@type":"EntryPoint","urlTemplate":"https:\/\/www.celttv.com.ar\/?s={search_term_string}"},"query-input":"required name=search_term_string"}],"inLanguage":"es"},{"@type":"Organization","@id":"https:\/\/www.celttv.com.ar\/#organization","name":"CELTTV","url":"https:\/\/www.celttv.com.ar\/","sameAs":["https:\/\/www.youtube.com\/channel\/UCz_oIt8Hig64Ub-EmcNPIhg","https:\/\/www.facebook.com\/celtTV\/"],"logo":{"@type":"ImageObject","inLanguage":"es","@id":"https:\/\/www.celttv.com.ar\/#\/schema\/logo\/image\/","url":"http:\/\/www.celttv.com.ar\/wp-content\/uploads\/2022\/08\/logo-1.png","contentUrl":"http:\/\/www.celttv.com.ar\/wp-content\/uploads\/2022\/08\/logo-1.png","width":461,"height":159,"caption":"CELTTV"},"image":{"@id":"https:\/\/www.celttv.com.ar\/#\/schema\/logo\/image\/"}},{"@type":"Person","@id":"https:\/\/www.celttv.com.ar\/#\/schema\/person\/6d99c072dba59953809c81446e9d0ace","name":"ulises","image":{"@type":"ImageObject","inLanguage":"es","@id":"https:\/\/www.celttv.com.ar\/#\/schema\/person\/image\/","url":"https:\/\/secure.gravatar.com\/avatar\/7f2c48bdc33b30088f941fb6082e555f2874c98e20cb159d7b92b50eadfce793?s=96&d=mm&r=g","contentUrl":"https:\/\/secure.gravatar.com\/avatar\/7f2c48bdc33b30088f941fb6082e555f2874c98e20cb159d7b92b50eadfce793?s=96&d=mm&r=g","caption":"ulises"},"sameAs":["http:\/\/www.celttv.com.ar"]}]}},"_links":{"self":[{"href":"https:\/\/www.celttv.com.ar\/index.php\/wp-json\/wp\/v2\/posts\/38207","targetHints":{"allow":["GET"]}}],"collection":[{"href":"https:\/\/www.celttv.com.ar\/index.php\/wp-json\/wp\/v2\/posts"}],"about":[{"href":"https:\/\/www.celttv.com.ar\/index.php\/wp-json\/wp\/v2\/types\/post"}],"author":[{"embeddable":true,"href":"https:\/\/www.celttv.com.ar\/index.php\/wp-json\/wp\/v2\/users\/1"}],"replies":[{"embeddable":true,"href":"https:\/\/www.celttv.com.ar\/index.php\/wp-json\/wp\/v2\/comments?post=38207"}],"version-history":[{"count":0,"href":"https:\/\/www.celttv.com.ar\/index.php\/wp-json\/wp\/v2\/posts\/38207\/revisions"}],"wp:featuredmedia":[{"embeddable":true,"href":"https:\/\/www.celttv.com.ar\/index.php\/wp-json\/wp\/v2\/media\/38211"}],"wp:attachment":[{"href":"https:\/\/www.celttv.com.ar\/index.php\/wp-json\/wp\/v2\/media?parent=38207"}],"wp:term":[{"taxonomy":"category","embeddable":true,"href":"https:\/\/www.celttv.com.ar\/index.php\/wp-json\/wp\/v2\/categories?post=38207"},{"taxonomy":"post_tag","embeddable":true,"href":"https:\/\/www.celttv.com.ar\/index.php\/wp-json\/wp\/v2\/tags?post=38207"}],"curies":[{"name":"wp","href":"https:\/\/api.w.org\/{rel}","templated":true}]}}