{"id":38218,"date":"2018-10-30T14:02:40","date_gmt":"2018-10-30T14:02:40","guid":{"rendered":"http:\/\/www.celttv.com.ar\/?p=38218"},"modified":"2018-10-30T14:02:40","modified_gmt":"2018-10-30T14:02:40","slug":"temas-tratados-en-la-ultima-sesion-ordinaria-del-hcd-videos","status":"publish","type":"post","link":"https:\/\/www.celttv.com.ar\/index.php\/2018\/10\/30\/temas-tratados-en-la-ultima-sesion-ordinaria-del-hcd-videos\/","title":{"rendered":"Temas tratados en la \u00faltima sesi\u00f3n ordinaria del HCD (Videos)"},"content":{"rendered":"<p><strong><u>Comunicaciones Oficiales y dict\u00e1menes de las Comisiones:<\/u><\/strong><br \/>\n<strong><u>\u00a0<\/u><\/strong><br \/>\n<strong><u>Nota <\/u><\/strong><strong><u>N\u00ba 095\/18:<\/u><\/strong> \u201cIntendente Municipal\u2013 Solicita pr\u00f3rroga para la elevaci\u00f3n del Proyecto de C\u00e1lculo de Recursos y Presupuesto de Gastos 2019, hasta el 30 de Noviembre de 2018\u201d.<br \/>\nSe aprueba por unanimidad la solicitud de pr\u00f3rroga.<br \/>\n&nbsp;<br \/>\n<strong><u>Expte. <\/u><\/strong><strong><u>N\u00ba 4114-127\/16:<\/u><\/strong> \u201cSecretar\u00eda de Desarrollo \u2013 Consulta a Direcci\u00f3n Provincial de Ordenamiento Territorial &#8211; Ref. zonificaci\u00f3n emprendimiento urban\u00edstico \u201cSierra Pampa\u201d\u201d.<br \/>\nPasa a las Comisiones de Asuntos Municipales y Obras P\u00fablicas.<br \/>\n&nbsp;<br \/>\n<strong><u>Expte. <\/u><\/strong><strong><u>N\u00ba 4114-188\/17:<\/u><\/strong> \u201cSecretar\u00eda de Desarrollo \u2013 Consulta a Direcci\u00f3n Provincial Ordenamiento Territorial &#8211; Referencia: Modificaciones al C\u00f3digo de Ordenamiento Territorial de Tornquist\u201d.<br \/>\nPasa a las Comisiones de Asuntos Municipales y Obras P\u00fablicas.<br \/>\n&nbsp;<br \/>\n<strong><u>Expte. <\/u><\/strong><strong><u>N\u00ba 215\/18:<\/u><\/strong> \u201cD.E. \u2013 Condonaci\u00f3n y eximici\u00f3n de tasas municipales a Instituciones Religiosas del Distrito\u201d.<br \/>\nSe solicita tratamiento sobre Tablas.<br \/>\nSe aprueba por unanimidad la Ordenanza con el N\u00ba 3083\/18 por la que se condona la deuda existente al 31 de Diciembre de 2017 de las Tasas Municipales de las partidas seg\u00fan el siguiente detalle:<br \/>\n&nbsp;<\/p>\n<table width=\"406\">\n<tbody>\n<tr>\n<td width=\"136\"><strong>Partida Nro.\u00a0 <\/strong><\/td>\n<td width=\"270\"><strong>\u00a0Tasa\u00a0 <\/strong><\/td>\n<\/tr>\n<tr>\n<td width=\"136\">8673<\/td>\n<td width=\"270\">\u00a0-Servicios Sanitarios<\/td>\n<\/tr>\n<tr>\n<td width=\"136\">ASOCIACION HIJOS<\/td>\n<td width=\"270\">\u00a0( per\u00edodo 05\/2012 a<\/td>\n<\/tr>\n<tr>\n<td width=\"136\">MARIA INMACULADAS<\/td>\n<td width=\"270\">\u00a012\/2017)<\/td>\n<\/tr>\n<tr>\n<td width=\"136\"><\/td>\n<td width=\"270\"><\/td>\n<\/tr>\n<tr>\n<td width=\"136\">7357<br \/>\nARZOBISPADO DE<br \/>\nBAHIA BLANCA<\/td>\n<td width=\"270\">Tasa por Servicio P\u00fablico Urbano<\/td>\n<\/tr>\n<tr>\n<td width=\"136\"><\/td>\n<td width=\"270\">(per\u00edodo 08\/2005 a 12\/2007)<br \/>\n&#8211; Tasa de Salud<br \/>\n(per\u00edodo 03\/2010 a 12\/2017)<\/td>\n<\/tr>\n<\/tbody>\n<\/table>\n<p>&nbsp;<br \/>\nSe exime para el ejercicio 2018 del pago de las siguientes Tasas Municipales, previstas en el C\u00f3digo Municipal Tributario Vigente: Tasa por Servicios P\u00fablicos Urbanos, Tasa de Salud y Servicios Sanitarios, seg\u00fan el siguiente detalle:<br \/>\n&nbsp;<\/p>\n<table width=\"585\">\n<tbody>\n<tr>\n<td width=\"164\"><strong>Partida Nro.\u00a0 <\/strong><\/td>\n<td width=\"421\"><strong>Nombre<\/strong><\/td>\n<\/tr>\n<tr>\n<td width=\"164\">521<\/td>\n<td width=\"421\">IGLESIA BAUTISTA<\/td>\n<\/tr>\n<tr>\n<td width=\"164\">832<\/td>\n<td width=\"421\">RELIGION CRISTIANA ARGENTINA<\/td>\n<\/tr>\n<tr>\n<td width=\"164\">1161<\/td>\n<td width=\"421\">TESTIGOS JEHOVA<\/td>\n<\/tr>\n<tr>\n<td width=\"164\">4162<\/td>\n<td width=\"421\">IGLESIA EVANGELICA UNION PENTECOSTAL<\/td>\n<\/tr>\n<tr>\n<td width=\"164\">8006<\/td>\n<td width=\"421\">HIJOS MARIA INMACULADA<\/td>\n<\/tr>\n<tr>\n<td width=\"164\">8007<\/td>\n<td width=\"421\">IGLESIA EVANGELICA METODISTA<\/td>\n<\/tr>\n<tr>\n<td width=\"164\">8622<\/td>\n<td width=\"421\">MINISTERIO DEL ALTISIMO<\/td>\n<\/tr>\n<tr>\n<td width=\"164\">8749<\/td>\n<td width=\"421\">MOVIMIENTO CRISTIANO Y MISIONERO<\/td>\n<\/tr>\n<tr>\n<td width=\"164\">9587<\/td>\n<td width=\"421\">IGLESIA EVANGELICA UNION PENTECOSTAL<\/td>\n<\/tr>\n<tr>\n<td width=\"164\">10225<\/td>\n<td width=\"421\">IGLESIA EVANGELICA UNION PENTECOSTAL<\/td>\n<\/tr>\n<tr>\n<td width=\"164\">13317<\/td>\n<td width=\"421\">IGLESIA\u00a0 PENTESCOSTAL ARGENTINA<\/td>\n<\/tr>\n<tr>\n<td width=\"164\">7512<\/td>\n<td width=\"421\">ASOCIACION HIJOS MARIA INMACULADAS<\/td>\n<\/tr>\n<tr>\n<td width=\"164\">8673<\/td>\n<td width=\"421\">ASOCIACION HIJOS MARIA INMACULADAS<\/td>\n<\/tr>\n<tr>\n<td width=\"164\">7513<\/td>\n<td width=\"421\">ASOCIACION HIJOS MARIA INMACULADAS<\/td>\n<\/tr>\n<tr>\n<td width=\"164\">7514<\/td>\n<td width=\"421\">ASOCIACION HIJOS MARIA INMACULADAS<\/td>\n<\/tr>\n<tr>\n<td width=\"164\">7515<\/td>\n<td width=\"421\">ASOCIACION HIJOS MARIA INMACULADAS<\/td>\n<\/tr>\n<tr>\n<td width=\"164\">8776<\/td>\n<td width=\"421\">ARZOBISPADO DE BAHIA BLANCA<\/td>\n<\/tr>\n<tr>\n<td width=\"164\">3028<\/td>\n<td width=\"421\">ARZOBISPADO DE BAHIA BLANCA<\/td>\n<\/tr>\n<tr>\n<td width=\"164\">6619<\/td>\n<td width=\"421\">OBISPADO DE BAHIA BLANCA<\/td>\n<\/tr>\n<tr>\n<td width=\"164\">\u00a06620<\/td>\n<td width=\"421\">OBISPADO DE BAHIA BLANCA<\/td>\n<\/tr>\n<tr>\n<td width=\"164\">6621<\/td>\n<td width=\"421\">OBISPADO DE BAHIA BLANCA<\/td>\n<\/tr>\n<tr>\n<td width=\"164\">6677<\/td>\n<td width=\"421\">OBISPADO DE BAHIA BLANCA<\/td>\n<\/tr>\n<tr>\n<td width=\"164\">6678<\/td>\n<td width=\"421\">OBISPADO DE LA PLATA<\/td>\n<\/tr>\n<tr>\n<td width=\"164\">14817<\/td>\n<td width=\"421\">ARZOBISPADO DE BAHIA BLANCA<\/td>\n<\/tr>\n<tr>\n<td width=\"164\">2047<\/td>\n<td width=\"421\">IGLESIA EVANGELICA SALDUNGARAY<\/td>\n<\/tr>\n<tr>\n<td width=\"164\">10224<\/td>\n<td width=\"421\">IGLESIA EVANGELICA UNION PENTECOSTAL<\/td>\n<\/tr>\n<tr>\n<td width=\"164\">8748<\/td>\n<td width=\"421\">MOVIMIENTO CRISTIANO Y MISIONERO<\/td>\n<\/tr>\n<tr>\n<td width=\"164\">12455<\/td>\n<td width=\"421\">TESTIGOS JEHOVA<\/td>\n<\/tr>\n<tr>\n<td width=\"164\">932<\/td>\n<td width=\"421\">IGLESIA EVANGELICA ESTRELLA ORIENTAL<\/td>\n<\/tr>\n<tr>\n<td width=\"164\">7357<\/td>\n<td width=\"421\">ARZOBISPADO DE BAHIA BLANCA<\/td>\n<\/tr>\n<tr>\n<td width=\"164\">3633<\/td>\n<td width=\"421\">ARZOBISPADO DE BAHIA BLANCA<\/td>\n<\/tr>\n<tr>\n<td width=\"164\">8776<\/td>\n<td width=\"421\">ARZOBISPADO DE BAHIA BLANCA<\/td>\n<\/tr>\n<tr>\n<td width=\"164\">14787<\/td>\n<td width=\"421\">ARZOBISPADO DE BAHIA BLANCA<\/td>\n<\/tr>\n<tr>\n<td width=\"164\">14788<\/td>\n<td width=\"421\">ARZOBISPADO DE BAHIA BLANCA<\/td>\n<\/tr>\n<tr>\n<td width=\"164\">14789<\/td>\n<td width=\"421\">ARZOBISPADO DE BAHIA BLANCA<\/td>\n<\/tr>\n<tr>\n<td width=\"164\">14790<\/td>\n<td width=\"421\">ARZOBISPADO DE BAHIA BLANCA<\/td>\n<\/tr>\n<tr>\n<td width=\"164\">2466<\/td>\n<td width=\"421\">ARZOBISPADO DE BAHIA BLANCA<\/td>\n<\/tr>\n<tr>\n<td width=\"164\">1642<\/td>\n<td width=\"421\">ARZOBISPADO DE BAHIA BLANCA<\/td>\n<\/tr>\n<tr>\n<td width=\"164\">2705<\/td>\n<td width=\"421\">ARZOBISPADO DE BAHIA BLANCA<\/td>\n<\/tr>\n<tr>\n<td width=\"164\">2706<\/td>\n<td width=\"421\">ARZOBISPADO DE BAHIA BLANCA<\/td>\n<\/tr>\n<\/tbody>\n<\/table>\n<p>&nbsp;<br \/>\n<strong><u>Expte. <\/u><\/strong><strong><u>N\u00ba 312\/18:<\/u><\/strong> \u201cD.E. &#8211; Convalida la firma del Convenio Espec\u00edfico de Cooperaci\u00f3n entre la Secretaria de Provincias y Municipios del Ministerio del Interior, Obras Publicas y Viviendas de la Naci\u00f3n y el Municipio de Tornquist\u201d.<br \/>\nSe solicita tratamiento sobre Tablas.<br \/>\nSe aprueba por unanimidad la Ordenanza con el N\u00ba 3084\/18 por la que se convalida la firma la firma del Convenio Espec\u00edfico de Cooperaci\u00f3n celebrado entre la Secretar\u00eda de Provincias y Municipios del Ministerio del Interior, Obras P\u00fablicas y Vivienda de la Naci\u00f3n, representada por su Secretario Lic. Alejandro Oscar Caldarelli y su Subsecretario de Relaciones Municipales Lic. Lucas Santiago Delfino, y el Municipio de Tornquist, representado por el Sr. Intendente Municipal Sergio Fabi\u00e1n Bordoni.- A trav\u00e9s de este convenio el gobierno local recibir\u00e1 asistencia para su modernizaci\u00f3n a trav\u00e9s de la transferencia de pesos un mill\u00f3n quinientos cincuenta y dos mil setecientos noventa y cinco, para adquirir equipamiento consistente en un cami\u00f3n.-<br \/>\n&nbsp;<br \/>\n<strong><u>Expte. <\/u><\/strong><strong><u>N\u00ba 316\/18:<\/u><\/strong> \u201cD.E. Convalida la firma del Contrato de Locaci\u00f3n celebrado con el Sr. Omar Vittori. Guarder\u00eda Municipal\u201d.<br \/>\nSe solicita tratamiento sobre Tablas.<br \/>\nSe aprueba por unanimidad la Ordenanza con el N\u00ba 3085\/18 por la que se convalida el Contrato de Locaci\u00f3n firmado entre el Sr. Omar Vittori y el Intendente Municipal Sergio Fabi\u00e1n Bordoni en representaci\u00f3n de la Municipalidad de Tornquist, por el inmueble sito en calle San Mart\u00edn N\u00ba 268 de la ciudad de Tornquist, destinado al funcionamiento de la Guarder\u00eda Municipal.-<br \/>\n&nbsp;<br \/>\n<strong><u>Expte. <\/u><\/strong><strong><u>N\u00ba 7051\/18:<\/u><\/strong> \u201cN.P. \u2013 ATE Tornquist: Manifiesta preocupaci\u00f3n sobre la situaci\u00f3n edilicia en donde funciona el CATDI N\u00ba 1\u201d.<br \/>\nSe aprueba por unanimidad el dictamen de las Comisiones de OBRAS P\u00daBLICAS Y ASUNTOS MUNICIPALES visto que el CATDI se traslad\u00f3 a un nuevo edificio,\u00a0 aconseja enviar el mismo al Archivo.- Las Comisiones solicitan que se env\u00ede copia a los representantes de ATE.-<br \/>\n&nbsp;<br \/>\n<strong><u>Expte. <\/u><\/strong><strong><u>N\u00ba 7054\/18:<\/u><\/strong> \u201cN.P. \u2013 Cooperativa Permacol\u00f3gica de Villa Ventana: Ref. Cooperativa de trabajo en Villa Ventana para desarrollo de Huerta Comunitaria\u201d.<br \/>\nSe aprueba por unanimidad el dictamen de las Comisiones de\u00a0 ASUNTOS MUNICIPALES, OBRAS P\u00daBLICAS, ECOLOG\u00cdA Y MEDIO AMBIENTE, Y PRODUCCI\u00d3N, COMERCIO E INDUSTRIA que \u00a0aconseja enviar el mismo a la Asesor\u00eda Legal para que analice la viabilidad del proyecto, particularmente, la cesi\u00f3n de tierras, e indique acciones a seguir. Se aconseja tambi\u00e9n, adjuntar al Expediente las copias de notas que llegaron a este Concejo en relaci\u00f3n al tema en cuesti\u00f3n.-<br \/>\n&nbsp;<br \/>\n<strong><u>Expte. <\/u><\/strong><strong><u>N\u00ba 7057\/18:<\/u><\/strong> \u201cN.P. \u2013 Vecinos de Saldungaray: Solicitan nombramiento de la calle 1 de Saldungaray con el de \u201cCamino de los Eucaliptos\u201d\u201d.<br \/>\nSe aprueba por unanimidad el dictamen de las Comisiones de INTERPRETACI\u00d3N Y REGLAMENTO, OBRAS P\u00daBLICAS Y ASUNTOS MUNICIPALES que, luego de haberse sancionado la Ordenanza N\u00ba 3074\/18, Promulgada por Decreto N\u00ba 0922\/18, aconseja enviar el mismo al Archivo.-<br \/>\n&nbsp;<br \/>\n<strong><u>Expte. <\/u><\/strong><strong><u>N\u00ba 7063\/18:<\/u><\/strong> \u201cBloque F.P.V. y F.J.C. \u2013 Proyecto de Resoluci\u00f3n: Solicita al Presidente de la Honorable C\u00e1mara de Diputados de la Pcia. de Bs. As. el tratamiento y aprobaci\u00f3n del proyecto que promueve la elevaci\u00f3n de la masa coparticipable municipal al 20%\u201d.<br \/>\nEste Expediente tiene dos dict\u00e1menes:<br \/>\nEl Primero dice:<br \/>\nLas Comisiones de INTERPRETACI\u00d3N Y REGLAMENTO (en mayor\u00eda), PRESUPUESTO Y HACIENDA (en mayor\u00eda), Y ASUNTOS MUNICIPALES\u00a0 (en minor\u00eda) habiendo analizado el Expte. N\u00ba 7063\/18, aconsejan no aprobar el Proyecto de Resoluci\u00f3n obrante a fs. 1 y 2. Posteriormente enviar al archivo.-<br \/>\nEl segundo dice:<br \/>\nLas Comisiones de INTERPRETACI\u00d3N Y REGLAMENTO (en minor\u00eda), PRESUPUESTO Y HACIENDA (en minor\u00eda), Y ASUNTOS MUNICIPALES (en mayor\u00eda) habiendo analizado el Expte. N\u00ba 7063\/18, aconsejan aprobar el Proyecto de Resoluci\u00f3n obrante a fs. 1 y 2.-<br \/>\nSe aprueba por mayor\u00eda (Votaci\u00f3n 7 a 5) el primer dictamen, es decir, no se aprueba el Proyecto de Resoluci\u00f3n.<br \/>\n&nbsp;<br \/>\n<strong><u>Expte. <\/u><\/strong><strong><u>N\u00ba 7064\/18:<\/u><\/strong> \u201cN.P. \u2013 Manuel Gonz\u00e1lez S\u00e1enz: Presenta Proyecto de Ordenanza Referente a la realizaci\u00f3n de un curso de capacitaci\u00f3n para candidatos a Concejales del distrito\u201d.<br \/>\nSe aprueba por unanimidad el dictamen de las Comisiones de ASUNTOS MUNICIPALES E INTERPRETACI\u00d3N Y REGLAMENTO, que aconseja enviar copia del mismo a la UPSO, e Inspectora en Jefe Distrital, a efectos de ver la posibilidad de avalar el Proyecto.-<br \/>\n&nbsp;<br \/>\n<strong><u>Expte. <\/u><\/strong><strong><u>N\u00ba 7065\/18:<\/u><\/strong> \u201cN.P. \u2013 Consejo Municipal de las Mujeres \u2013 Ref. Campa\u00f1a \u201cBanco Rojo\u201d\u201d.<br \/>\nSeg\u00fan el dictamen de la Comisi\u00f3n de <strong>\u00a0<\/strong>ASUNTOS MUNICIPALES se aprueba por unanimidad la Ordenanza con el N\u00ba \u00a03086\/18 por la que se establece pintar un banco color rojo en cada plaza principal de las diferentes localidades del Distrito de Tornquist con la leyenda: &#8220;En memoria de todas las mujeres asesinadas por quien dec\u00eda amarlas\u201d. Se invita y convoca a trav\u00e9s del Consejo Municipal de las Mujeres, la participaci\u00f3n de todas las instituciones de la comunidad, colectivos de g\u00e9nero, referentes de las localidades, mediante campa\u00f1as de difusi\u00f3n y concientizaci\u00f3n. Se delega en el Consejo Municipal de las Mujeres la organizaci\u00f3n de la actividad en todas las localidades del distrito.\u00a0 Los Delegados\/as de cada localidad ser\u00e1n los responsables de autorizar el banco en cada plaza y proveer\u00e1n los insumos para dicha intervenci\u00f3n.<br \/>\n&nbsp;<br \/>\n<strong><u>Proyectos Presentados <\/u><\/strong><br \/>\n<strong><u>\u00a0<\/u><\/strong><br \/>\n<strong><u>Bloque Cambiemos Bs. As- Proyecto de Ordenanza:<\/u><\/strong> Normativa para regular toda actividad ligada al contacto con la naturaleza y que impliquen riesgo controlado, enmarcadas dentro de la tipolog\u00eda de turismo denominada Turismo Activo (quienes desarrollen actividades como trekking, escalada en roca, rappel, ciclismo de monta\u00f1a, kayak, paracaidismo, vuelo con ala delta, parapente), que se desarrollen dentro del Distrito de Tornquist.<br \/>\nSe solicita formaci\u00f3n de Expediente y tratamiento sobre Tablas.<br \/>\nSe forma el Expediente N\u00ba 7067\/18 y se aprueba por unanimidad la Ordenanza con el N\u00ba \u00a03087\/18 por la que se establece la presente normativa para regular toda actividad ligada al contacto\u00a0 con la naturaleza y que impliquen riesgo controlado, enmarcadas dentro de la tipolog\u00eda de turismo denominada Turismo Activo, que se desarrollen dentro del Distrito de Tornquist.- Se considera \u00a0prestadores de Turismo Activo a las personas f\u00edsicas o\u00a0 jur\u00eddicas, con o sin fines de lucro que en forma permanente o moment\u00e1nea, desarrollen cualquiera de las siguientes actividades en un ambiente natural ya sea agua, tierra o aire, en cualquier \u00e1mbito p\u00fablico o privado, del Partido de Tornquist:<\/p>\n<ol>\n<li>Trekking<\/li>\n<li>Escalada en roca<\/li>\n<li>Rappel<\/li>\n<li>Ciclismo de Monta\u00f1a<\/li>\n<li>Kayak<\/li>\n<li>Paracaidismo<\/li>\n<li>Vuelo con Ala delta<\/li>\n<li>Parapente<\/li>\n<\/ol>\n<p><strong><u>\u00a0<\/u><\/strong><br \/>\n<strong><u>Honorable Concejo Deliberante- Proyecto de Resoluci\u00f3n:<\/u><\/strong> Expresar el rechazo a la Resoluci\u00f3n 20\/18 de la Secretar\u00eda de Gobierno de Energ\u00eda, la cual expresa: \u201cDisp\u00f3nese en forma transitoria y extraordinaria, que para las diferencias entre el precio del gas previsto en los contratos y el precio reconocido en las tarifas de distribuci\u00f3n, valorizadas por el volumen de gas comprado\u00a0 desde el 1\u00ba de abril y hasta el 30 de septiembre de 2018, el Ente Nacional Regulador del Gas (Enargas) instruir\u00e1 a las prestadoras del servicio de distribuci\u00f3n al recupero del cr\u00e9dito a favor de los productores en l\u00ednea separada en la factura de sus usuarios, en 24 cuotas a partir del 1\u00ba de enero de 2019\u201d, por afectar el conjunto de los usuarios de gas. Adherir al dictado de la ley que propone la derogaci\u00f3n de la Resoluci\u00f3n 20\/18, ingresada en el Senado de la Naci\u00f3n.<br \/>\nSe solicita formaci\u00f3n de Expediente y tratamiento sobre Tablas.<br \/>\nSe forma el Expediente N\u00ba 7066\/18 y se aprueba por unanimidad la Resoluci\u00f3n con el N\u00ba \u00a028\/18 por la que se \u00a0expresa el rechazo a la resoluci\u00f3n 20\/18 de la Secretaria de Gobierno de Energ\u00eda por afectar al conjunto de los usuarios de gas.\u00a0 Se adhiere al dictado de la ley que propone la derogaci\u00f3n de la resoluci\u00f3n 20\/18, ingresada en el Senado de la Naci\u00f3n. Se solicita elevar la presente a la Secretaria de Energ\u00eda y al Senado de la Naci\u00f3n.<br \/>\n<strong><u>\u00a0<\/u><\/strong><br \/>\n<strong><u>Honorable Concejo Deliberante- Proyecto de Resoluci\u00f3n: <\/u><\/strong>Destina el monto de $8125,05, deducido ante la ausencia de Concejales a Reuniones de Trabajo y\/o Sesiones, a las siguientes Instituciones del Distrito: Hogar Agr\u00edcola Santa In\u00e9s de Saldungaray, y Sociedad Espa\u00f1ola de Socorros Mutuos de Saldungaray.-<br \/>\nSe solicita formaci\u00f3n de Expediente y tratamiento sobre Tablas.<br \/>\nSe forma el Expediente N\u00ba 7068\/18 y se aprueba por unanimidad la Resoluci\u00f3n con el N\u00ba \u00a029\/18 por la que se destina el monto de pesos OCHO MIL CIENTO VEINTICINCO CON CERO CINCO ($ 8125,05), a cada una de las siguientes Instituciones:<br \/>\n* Hogar Agr\u00edcola Santa In\u00e9s de Saldungaray<br \/>\n* Sociedad Espa\u00f1ola de Socorros Mutuos de Saldungaray<br \/>\n&nbsp;<br \/>\n<strong><u>Bloques Frente para la Victoria y Frente Justicialista Cumplir- Proyecto de Ordenanza:<\/u><\/strong> Ante la necesidad de continuar con acciones colectivas a fin de contribuir a combatir el flagelo de la droga, autoriza al Departamento Ejecutivo Municipal a la instalaci\u00f3n de Buzones Anti-Narco en Delegaciones Municipales, Hospital Municipal, Salas M\u00e9dicas, y otras reparticiones e instituciones que se considere, en los cuales se podr\u00e1 depositar por escrito el anoticiamiento\u00a0 de hechos veros\u00edmiles que presuman la posible comercializaci\u00f3n de drogas il\u00edcitas en sitios del Distrito de Tornquist.-<br \/>\nSe solicita formaci\u00f3n de Expediente y pase a Comisi\u00f3n.-<br \/>\n&nbsp;<br \/>\n<strong><u>Asuntos Particulares:<\/u><\/strong><br \/>\n&nbsp;<br \/>\n<strong><u>N.P.\u00a0 Paula Bertran, en representaci\u00f3n de referentes gremiales de SUTEBA, FEB, UDOCBA, y familias y docentes de E.E.S.A. N\u00ba 1, E.E.T. N\u00ba 1 de Tornquist, y C.E.P.T. N\u00ba 12 Villa Ventana:<\/u><\/strong> En relaci\u00f3n al Expediente N\u00ba 7059\/18 \u201cReforma en Educaci\u00f3n T\u00e9cnica y Agraria\u201d, solicita respuestas al Pedido de Informes elevado por el H.C.D.<br \/>\nLos Concejales se notifican de la misma.<br \/>\n&nbsp;<br \/>\n<strong><u>N.P. Luc\u00eda Mariana Galarreta Bolia- Directora Provincial- Direcci\u00f3n Provincial de Educaci\u00f3n T\u00e9cnico Profesional- Direcci\u00f3n General de Cultura y Educaci\u00f3n- Gobierno de la Provincia de Buenos Aires:<\/u><\/strong> Env\u00edan respuesta en referencia al Pedido de Informes del Expediente N\u00ba 7059\/18 Caratulado: \u201cBloques F.P.V. y F.J.C. Proyecto de Resoluci\u00f3n: Manifiesta preocupaci\u00f3n \u00a0por el proyecto de modificaci\u00f3n de los dise\u00f1os curriculares de la educaci\u00f3n t\u00e9cnica\u201d.<br \/>\nSe aprueba por unanimidad adjuntar la nota al Expediente N\u00ba 7059\/18.-<br \/>\n&nbsp;<br \/>\n<strong><u>N.P. Armando Arias, Tornquist:<\/u><\/strong> Solicita el tratamiento del Proyecto de guarder\u00eda para perros vagabundos que adjunta a la nota.-<br \/>\nSe solicita formaci\u00f3n de Expediente y pase a Comisi\u00f3n.-<br \/>\n&nbsp;<br \/>\n<strong><u>N.P. Vecinos de la localidad de Saldungaray:<\/u><\/strong> Solicitan distinguir a la Sra. Olga Fern\u00e1ndez de Irigoyen por su desempe\u00f1o como maestra, directora, y profesora de esa comunidad. El d\u00eda 11 de noviembre se reconocer\u00e1 su trayectoria en la localidad de Saldungaray.<br \/>\nSe solicita formaci\u00f3n de Expediente y pase a Comisi\u00f3n.<br \/>\n&nbsp;<br \/>\nAlocuciones de los Concejales:<br \/>\n&nbsp;<br \/>\nConcejal Sagredo M\u00f3nica:<br \/>\n\u201cHace dos d\u00edas atr\u00e1s en la C\u00e1mara de Diputados de la Naci\u00f3n\u00a0 obtuvo media sanci\u00f3n el Presupuesto 2019 que implica recortes en educaci\u00f3n, salud,\u00a0 ciencia, t\u00e9cnica, vivienda, obra p\u00fablica, en cambio s\u00ed implica un aumento al pago de la deuda, o sea que es un presupuesto que responde como muchos legisladores ya lo han dicho, en ese momento, a m\u00e1s a los intereses del FMI que a los intereses del pueblo. La verdad es que es muy triste ver que muchos de nuestros representantes hayan dado la espalda a\u00a0 los intereses de quienes los eligieron, que es el pueblo argentino. La situaci\u00f3n de nuestro pa\u00eds es cada vez m\u00e1s cr\u00edtica, todo aumenta, los trabajadores pierden al contrario poder adquisitivo cada d\u00eda, y los habitantes del distrito de Tornquist no estamos ajenos a esa realidad. Tal vez algunas cosas tardan un poco m\u00e1s en llegar o en sentirse pero inevitablemente nos afectan, a todos, por supuesto especialmente a las clases sociales m\u00e1s bajas, o m\u00e1s vulnerables, ni hablar a quienes no tienen trabajo estable. Como Concejales y representantes de cada uno de los habitantes de cada uno de los habitantes de Tornquist, nuestra obligaci\u00f3n es velar por los intereses de cada uno de los ciudadanos que representamos. Entonces una de las formas de hacerlo es poder ofrecer herramientas que ayuden a generar mayores recursos que puedan ingresar a nuestro municipio y que se traduzcan en obras, salud, viviendas, asistencia a vecinos en estado de vulnerabilidad. Por ese motivo nosotros presentamos el Proyecto de Resoluci\u00f3n en el cual solicit\u00e1bamos adherir al reclamo de los Intendentes del interior de la Provincia de Buenos Aires, a un Proyecto de Ley ya presentado por un grupo de Diputados, en lo que se solicitaba una elevaci\u00f3n de la masa coparticipable para que pase del 16,14 al 20%. En nuestro caso en Tornquist ser\u00edan m\u00e1s de sesenta millones de pesos que ingresar\u00edan a las arcas municipales y que podr\u00edan traducirse en beneficios a cada uno de los vecinos. Lamentablemente no fue aprobada esta resoluci\u00f3n, no tuvimos el acompa\u00f1amiento del Bloque de Cambiemos, nosotros seguimos sosteniendo como siempre lo hemos hecho, que siempre vamos a estar de un solo lado, y que es del lado de los trabajadores, y del lado de cada uno de nuestros vecinos defendiendo sus intereses. S\u00ed me gustar\u00eda que alg\u00fan Concejal del oficialismo pudiera explicarnos por qu\u00e9 no acompa\u00f1aron este proyecto, cuando el propio Intendente hace unos d\u00edas atr\u00e1s p\u00fablicamente manifest\u00f3 que la inflaci\u00f3n afecta mucho a nuestro Distrito, y que en este mes, en octubre estar\u00eda ejecutando todo el Presupuesto 2018, por lo tanto no entendemos por qu\u00e9 no acompa\u00f1ar esto que es una herramienta justamente para que puedan ingresar m\u00e1s recursos a nuestro Distrito. A ver, es un reclamo de los Intendentes del interior de la Provincia de Buenos Aires, Tornquist es\u00a0 un Distrito del interior de la Provincia de Buenos Aires, entonces no entendemos por qu\u00e9 no acompa\u00f1ar este pedido. Nada m\u00e1s se\u00f1or Presidente\u201d.<br \/>\n&nbsp;<br \/>\nConcejal De Larena Germ\u00e1n:<br \/>\n\u201cSi, yo quer\u00eda contestar un poco a la Concejal Sagredo del no acompa\u00f1amiento a ese Proyecto de Resoluci\u00f3n que, obviamente que cualquier aumento de presupuesto, de dinero, siempre va a ser mejor, ya sea al Municipio, a la Provincia, a la Naci\u00f3n. El tema ac\u00e1 es que el dinero, si ingresa a un municipio sale de la Provincia, o sale del Estado Nacional, es decir que no aumenta el dinero sino que sale de otro lado, y ese salir de otro lado significa que no va a un destino que le da la Provincia. La Provincia ha estado totalmente desbastada, deficitaria, como tambi\u00e9n el Estado Nacional, y distribuir los ingresos significa tambi\u00e9n perjudicar a la Provincia y cre\u00edmos que no era el momento para apoyar eso, pero puede ser que en otro momento sea bueno acompa\u00f1arlo. En este momento cre\u00edmos que no era factible. Era simplemente esa la explicaci\u00f3n. Gracias se\u00f1or Presidente\u201d.<br \/>\n&nbsp;<br \/>\nConcejal Sagredo M\u00f3nica:<br \/>\n\u201cQuiero aclarar que, como el Proyecto mismo lo indicaba, la Provincia increment\u00f3 los recursos que recibe desde la Naci\u00f3n, lo que sucede es que eso no est\u00e1 siendo trasladado a los municipios. De hecho, a ver, increment\u00f3 los recursos adem\u00e1s la Provincia ha tomado deuda, una deuda bastante importante y bueno, vemos que no se traduce a los Distritos m\u00e1s peque\u00f1os como es nuestro caso. Nada m\u00e1s se\u00f1or Presidente\u201d.<br \/>\n&nbsp;<br \/>\nConcejal Skolak Mar\u00eda Ofelia:<br \/>\n\u201cSe\u00f1or Presidente quer\u00eda solicitarle si existe la posibilidad de que se comunique con el Director de Bromatolog\u00eda, el se\u00f1or Ezequiel Marzialetti, con la finalidad de ver si se puede agilizar el tema de la Ordenanza de la tenencia responsable de mascotas. Una Ordenanza que fue promulgada en el a\u00f1o 2015, un Proyecto de Ordenanza que fue promulgado en el 2015, y hasta el momento no hemos tenido novedades. El se\u00f1or Marzialetti se ha reunido con nosotros en varias oportunidades, y nos hemos ofrecido como Bloque a colaborar con acciones tendientes a mejorar esta situaci\u00f3n, cada vez,\u00a0 sabemos que hay m\u00e1s perros en la calle, lamentablemente, y esto hace, conlleva a que sucedan accidentes, como sucedi\u00f3 en estos d\u00edas en la localidad de Sierra de la Ventana. Y uno est\u00e1 tratando de buscar la soluci\u00f3n, es decir, la herramienta ya la hemos dado, que fue la Ordenanza, pero bueno, evidentemente Marzialetti no, o no le gusta la Ordenanza, o no tiene intenci\u00f3n de trabajar en la misma, porque hemos ofrecido desde nuestro lugar todo el acompa\u00f1amiento necesario, le hemos ofrecido empezar de a poco, que la reglamente, que busque acciones a mejorar esta situaci\u00f3n, y hasta el momento seguimos esperando. La \u00faltima reuni\u00f3n que tuvimos con \u00e9l fue en nuestro Bloque, en agosto, los primeros d\u00edas de agosto, se comprometi\u00f3 y nos prometi\u00f3 que iba a llevar adelante alguna acci\u00f3n, y bueno, la idea ser\u00eda se\u00f1or Presidente, teniendo la Ordenanza, estando promulgada, por lo menos empezar a trabajar con la reglamentaci\u00f3n. As\u00ed que le solicito aunque sea una respuesta, para poder tener y llev\u00e1rsela a los vecinos de la comunidad, porque los vecinos est\u00e1n en conocimiento de que hay una Ordenanza pero bueno, uno, es como que hace dos a\u00f1os y medio, desde que inici\u00f3 la gesti\u00f3n de Sergio Bordoni que venimos dando la misma respuesta de que no se ha reglamentado. Me parece que es el momento, en diciembre van a ser tres a\u00f1os de que se promulg\u00f3 la normativa, as\u00ed que le hago ese pedido\u201d.<br \/>\n&nbsp;<br \/>\nHONORABLE CONCEJO DELIBERANTE<\/p>\n<div class=\"jeg_video_container jeg_video_content\"><iframe loading=\"lazy\" title=\"2018 10 29 HCD 1 SAGREDO DE LARENA SAGREDO\" width=\"500\" height=\"375\" src=\"https:\/\/www.youtube.com\/embed\/Lm2TJDywEvg?feature=oembed\" frameborder=\"0\" allow=\"accelerometer; autoplay; clipboard-write; encrypted-media; gyroscope; picture-in-picture; web-share\" referrerpolicy=\"strict-origin-when-cross-origin\" allowfullscreen><\/iframe><\/div>\n<div class=\"jeg_video_container jeg_video_content\"><iframe loading=\"lazy\" title=\"2018 10 29 HCD 2 MARIA SKOLAK\" width=\"500\" height=\"375\" src=\"https:\/\/www.youtube.com\/embed\/Eux6AcdjeJ8?feature=oembed\" frameborder=\"0\" allow=\"accelerometer; autoplay; clipboard-write; encrypted-media; gyroscope; picture-in-picture; web-share\" referrerpolicy=\"strict-origin-when-cross-origin\" allowfullscreen><\/iframe><\/div>\n<p>&nbsp;<\/p>\n","protected":false},"excerpt":{"rendered":"<p>Comunicaciones Oficiales y dict\u00e1menes de las Comisiones: \u00a0 Nota N\u00ba 095\/18: \u201cIntendente Municipal\u2013 Solicita pr\u00f3rroga para la elevaci\u00f3n del Proyecto de C\u00e1lculo de Recursos y Presupuesto de Gastos 2019, hasta el 30 de Noviembre de 2018\u201d. Se aprueba por unanimidad la solicitud de pr\u00f3rroga. &nbsp; Expte. N\u00ba 4114-127\/16: \u201cSecretar\u00eda de Desarrollo \u2013 Consulta a Direcci\u00f3n [&hellip;]<\/p>\n","protected":false},"author":1,"featured_media":38219,"comment_status":"closed","ping_status":"open","sticky":false,"template":"","format":"standard","meta":{"footnotes":""},"categories":[55,51,52],"tags":[],"class_list":["post-38218","post","type-post","status-publish","format-standard","has-post-thumbnail","hentry","category-celt-tv-noticias","category-comunidad","category-destacadas"],"yoast_head":"<!-- This site is optimized with the Yoast SEO plugin v19.7.1 - https:\/\/yoast.com\/wordpress\/plugins\/seo\/ -->\n<title>Temas tratados en la \u00faltima sesi\u00f3n ordinaria del HCD (Videos) - CELTTV<\/title>\n<meta name=\"description\" content=\"Sitio web de noticias de la localidad de Tornquist, provincia de Buenos Aires, Rep\u00fablica Argentina. Contenido propio originado por periodistas de CELTTV, el canal de TV local de la Cooperativa El\u00e9ctrica de Tornquist. Turismo, Pol\u00edtica, Sociedad, Deporte, Cultura y todo el contenido de inter\u00e9s general que la gente del pueblo y la regi\u00f3n debe conocer.\" \/>\n<meta name=\"robots\" content=\"index, follow, max-snippet:-1, max-image-preview:large, max-video-preview:-1\" \/>\n<link rel=\"canonical\" href=\"https:\/\/www.celttv.com.ar\/index.php\/2018\/10\/30\/temas-tratados-en-la-ultima-sesion-ordinaria-del-hcd-videos\/\" \/>\n<meta property=\"og:locale\" content=\"es_ES\" \/>\n<meta property=\"og:type\" content=\"article\" \/>\n<meta property=\"og:title\" content=\"Temas tratados en la \u00faltima sesi\u00f3n ordinaria del HCD (Videos) - CELTTV\" \/>\n<meta property=\"og:description\" content=\"Sitio web de noticias de la localidad de Tornquist, provincia de Buenos Aires, Rep\u00fablica Argentina. Contenido propio originado por periodistas de CELTTV, el canal de TV local de la Cooperativa El\u00e9ctrica de Tornquist. Turismo, Pol\u00edtica, Sociedad, Deporte, Cultura y todo el contenido de inter\u00e9s general que la gente del pueblo y la regi\u00f3n debe conocer.\" \/>\n<meta property=\"og:url\" content=\"https:\/\/www.celttv.com.ar\/index.php\/2018\/10\/30\/temas-tratados-en-la-ultima-sesion-ordinaria-del-hcd-videos\/\" \/>\n<meta property=\"og:site_name\" content=\"CELTTV\" \/>\n<meta property=\"article:publisher\" content=\"https:\/\/www.facebook.com\/celtTV\/\" \/>\n<meta property=\"article:published_time\" content=\"2018-10-30T14:02:40+00:00\" \/>\n<meta property=\"og:image\" content=\"https:\/\/www.celttv.com.ar\/wp-content\/uploads\/2018\/10\/P1070170.jpg\" \/>\n\t<meta property=\"og:image:width\" content=\"1024\" \/>\n\t<meta property=\"og:image:height\" content=\"768\" \/>\n\t<meta property=\"og:image:type\" content=\"image\/jpeg\" \/>\n<meta name=\"author\" content=\"ulises\" \/>\n<meta name=\"twitter:card\" content=\"summary_large_image\" \/>\n<meta name=\"twitter:label1\" content=\"Escrito por\" \/>\n\t<meta name=\"twitter:data1\" content=\"ulises\" \/>\n\t<meta name=\"twitter:label2\" content=\"Tiempo de lectura\" \/>\n\t<meta name=\"twitter:data2\" content=\"17 minutos\" \/>\n<script type=\"application\/ld+json\" class=\"yoast-schema-graph\">{\"@context\":\"https:\/\/schema.org\",\"@graph\":[{\"@type\":\"NewsArticle\",\"@id\":\"https:\/\/www.celttv.com.ar\/index.php\/2018\/10\/30\/temas-tratados-en-la-ultima-sesion-ordinaria-del-hcd-videos\/#article\",\"isPartOf\":{\"@id\":\"https:\/\/www.celttv.com.ar\/index.php\/2018\/10\/30\/temas-tratados-en-la-ultima-sesion-ordinaria-del-hcd-videos\/\"},\"author\":{\"name\":\"ulises\",\"@id\":\"https:\/\/www.celttv.com.ar\/#\/schema\/person\/6d99c072dba59953809c81446e9d0ace\"},\"headline\":\"Temas tratados en la \u00faltima sesi\u00f3n ordinaria del HCD (Videos)\",\"datePublished\":\"2018-10-30T14:02:40+00:00\",\"dateModified\":\"2018-10-30T14:02:40+00:00\",\"mainEntityOfPage\":{\"@id\":\"https:\/\/www.celttv.com.ar\/index.php\/2018\/10\/30\/temas-tratados-en-la-ultima-sesion-ordinaria-del-hcd-videos\/\"},\"wordCount\":3391,\"publisher\":{\"@id\":\"https:\/\/www.celttv.com.ar\/#organization\"},\"articleSection\":[\"Celt TV Noticias\",\"Comunidad\",\"Destacadas\"],\"inLanguage\":\"es\"},{\"@type\":\"WebPage\",\"@id\":\"https:\/\/www.celttv.com.ar\/index.php\/2018\/10\/30\/temas-tratados-en-la-ultima-sesion-ordinaria-del-hcd-videos\/\",\"url\":\"https:\/\/www.celttv.com.ar\/index.php\/2018\/10\/30\/temas-tratados-en-la-ultima-sesion-ordinaria-del-hcd-videos\/\",\"name\":\"Temas tratados en la \u00faltima sesi\u00f3n ordinaria del HCD (Videos) - CELTTV\",\"isPartOf\":{\"@id\":\"https:\/\/www.celttv.com.ar\/#website\"},\"datePublished\":\"2018-10-30T14:02:40+00:00\",\"dateModified\":\"2018-10-30T14:02:40+00:00\",\"description\":\"Sitio web de noticias de la localidad de Tornquist, provincia de Buenos Aires, Rep\u00fablica Argentina. Contenido propio originado por periodistas de CELTTV, el canal de TV local de la Cooperativa El\u00e9ctrica de Tornquist. Turismo, Pol\u00edtica, Sociedad, Deporte, Cultura y todo el contenido de inter\u00e9s general que la gente del pueblo y la regi\u00f3n debe conocer.\",\"breadcrumb\":{\"@id\":\"https:\/\/www.celttv.com.ar\/index.php\/2018\/10\/30\/temas-tratados-en-la-ultima-sesion-ordinaria-del-hcd-videos\/#breadcrumb\"},\"inLanguage\":\"es\",\"potentialAction\":[{\"@type\":\"ReadAction\",\"target\":[\"https:\/\/www.celttv.com.ar\/index.php\/2018\/10\/30\/temas-tratados-en-la-ultima-sesion-ordinaria-del-hcd-videos\/\"]}]},{\"@type\":\"BreadcrumbList\",\"@id\":\"https:\/\/www.celttv.com.ar\/index.php\/2018\/10\/30\/temas-tratados-en-la-ultima-sesion-ordinaria-del-hcd-videos\/#breadcrumb\",\"itemListElement\":[{\"@type\":\"ListItem\",\"position\":1,\"name\":\"Inicio\",\"item\":\"https:\/\/www.celttv.com.ar\/\"},{\"@type\":\"ListItem\",\"position\":2,\"name\":\"Temas tratados en la \u00faltima sesi\u00f3n ordinaria del HCD (Videos)\"}]},{\"@type\":\"WebSite\",\"@id\":\"https:\/\/www.celttv.com.ar\/#website\",\"url\":\"https:\/\/www.celttv.com.ar\/\",\"name\":\"CELTTV\",\"description\":\"Cooperativa El\u00e9ctrica de Tornquist\",\"publisher\":{\"@id\":\"https:\/\/www.celttv.com.ar\/#organization\"},\"potentialAction\":[{\"@type\":\"SearchAction\",\"target\":{\"@type\":\"EntryPoint\",\"urlTemplate\":\"https:\/\/www.celttv.com.ar\/?s={search_term_string}\"},\"query-input\":\"required name=search_term_string\"}],\"inLanguage\":\"es\"},{\"@type\":\"Organization\",\"@id\":\"https:\/\/www.celttv.com.ar\/#organization\",\"name\":\"CELTTV\",\"url\":\"https:\/\/www.celttv.com.ar\/\",\"sameAs\":[\"https:\/\/www.youtube.com\/channel\/UCz_oIt8Hig64Ub-EmcNPIhg\",\"https:\/\/www.facebook.com\/celtTV\/\"],\"logo\":{\"@type\":\"ImageObject\",\"inLanguage\":\"es\",\"@id\":\"https:\/\/www.celttv.com.ar\/#\/schema\/logo\/image\/\",\"url\":\"http:\/\/www.celttv.com.ar\/wp-content\/uploads\/2022\/08\/logo-1.png\",\"contentUrl\":\"http:\/\/www.celttv.com.ar\/wp-content\/uploads\/2022\/08\/logo-1.png\",\"width\":461,\"height\":159,\"caption\":\"CELTTV\"},\"image\":{\"@id\":\"https:\/\/www.celttv.com.ar\/#\/schema\/logo\/image\/\"}},{\"@type\":\"Person\",\"@id\":\"https:\/\/www.celttv.com.ar\/#\/schema\/person\/6d99c072dba59953809c81446e9d0ace\",\"name\":\"ulises\",\"image\":{\"@type\":\"ImageObject\",\"inLanguage\":\"es\",\"@id\":\"https:\/\/www.celttv.com.ar\/#\/schema\/person\/image\/\",\"url\":\"https:\/\/secure.gravatar.com\/avatar\/7f2c48bdc33b30088f941fb6082e555f2874c98e20cb159d7b92b50eadfce793?s=96&d=mm&r=g\",\"contentUrl\":\"https:\/\/secure.gravatar.com\/avatar\/7f2c48bdc33b30088f941fb6082e555f2874c98e20cb159d7b92b50eadfce793?s=96&d=mm&r=g\",\"caption\":\"ulises\"},\"sameAs\":[\"http:\/\/www.celttv.com.ar\"]}]}<\/script>\n<!-- \/ Yoast SEO plugin. -->","yoast_head_json":{"title":"Temas tratados en la \u00faltima sesi\u00f3n ordinaria del HCD (Videos) - CELTTV","description":"Sitio web de noticias de la localidad de Tornquist, provincia de Buenos Aires, Rep\u00fablica Argentina. Contenido propio originado por periodistas de CELTTV, el canal de TV local de la Cooperativa El\u00e9ctrica de Tornquist. Turismo, Pol\u00edtica, Sociedad, Deporte, Cultura y todo el contenido de inter\u00e9s general que la gente del pueblo y la regi\u00f3n debe conocer.","robots":{"index":"index","follow":"follow","max-snippet":"max-snippet:-1","max-image-preview":"max-image-preview:large","max-video-preview":"max-video-preview:-1"},"canonical":"https:\/\/www.celttv.com.ar\/index.php\/2018\/10\/30\/temas-tratados-en-la-ultima-sesion-ordinaria-del-hcd-videos\/","og_locale":"es_ES","og_type":"article","og_title":"Temas tratados en la \u00faltima sesi\u00f3n ordinaria del HCD (Videos) - CELTTV","og_description":"Sitio web de noticias de la localidad de Tornquist, provincia de Buenos Aires, Rep\u00fablica Argentina. Contenido propio originado por periodistas de CELTTV, el canal de TV local de la Cooperativa El\u00e9ctrica de Tornquist. Turismo, Pol\u00edtica, Sociedad, Deporte, Cultura y todo el contenido de inter\u00e9s general que la gente del pueblo y la regi\u00f3n debe conocer.","og_url":"https:\/\/www.celttv.com.ar\/index.php\/2018\/10\/30\/temas-tratados-en-la-ultima-sesion-ordinaria-del-hcd-videos\/","og_site_name":"CELTTV","article_publisher":"https:\/\/www.facebook.com\/celtTV\/","article_published_time":"2018-10-30T14:02:40+00:00","og_image":[{"width":1024,"height":768,"url":"https:\/\/www.celttv.com.ar\/wp-content\/uploads\/2018\/10\/P1070170.jpg","type":"image\/jpeg"}],"author":"ulises","twitter_card":"summary_large_image","twitter_misc":{"Escrito por":"ulises","Tiempo de lectura":"17 minutos"},"schema":{"@context":"https:\/\/schema.org","@graph":[{"@type":"NewsArticle","@id":"https:\/\/www.celttv.com.ar\/index.php\/2018\/10\/30\/temas-tratados-en-la-ultima-sesion-ordinaria-del-hcd-videos\/#article","isPartOf":{"@id":"https:\/\/www.celttv.com.ar\/index.php\/2018\/10\/30\/temas-tratados-en-la-ultima-sesion-ordinaria-del-hcd-videos\/"},"author":{"name":"ulises","@id":"https:\/\/www.celttv.com.ar\/#\/schema\/person\/6d99c072dba59953809c81446e9d0ace"},"headline":"Temas tratados en la \u00faltima sesi\u00f3n ordinaria del HCD (Videos)","datePublished":"2018-10-30T14:02:40+00:00","dateModified":"2018-10-30T14:02:40+00:00","mainEntityOfPage":{"@id":"https:\/\/www.celttv.com.ar\/index.php\/2018\/10\/30\/temas-tratados-en-la-ultima-sesion-ordinaria-del-hcd-videos\/"},"wordCount":3391,"publisher":{"@id":"https:\/\/www.celttv.com.ar\/#organization"},"articleSection":["Celt TV Noticias","Comunidad","Destacadas"],"inLanguage":"es"},{"@type":"WebPage","@id":"https:\/\/www.celttv.com.ar\/index.php\/2018\/10\/30\/temas-tratados-en-la-ultima-sesion-ordinaria-del-hcd-videos\/","url":"https:\/\/www.celttv.com.ar\/index.php\/2018\/10\/30\/temas-tratados-en-la-ultima-sesion-ordinaria-del-hcd-videos\/","name":"Temas tratados en la \u00faltima sesi\u00f3n ordinaria del HCD (Videos) - CELTTV","isPartOf":{"@id":"https:\/\/www.celttv.com.ar\/#website"},"datePublished":"2018-10-30T14:02:40+00:00","dateModified":"2018-10-30T14:02:40+00:00","description":"Sitio web de noticias de la localidad de Tornquist, provincia de Buenos Aires, Rep\u00fablica Argentina. Contenido propio originado por periodistas de CELTTV, el canal de TV local de la Cooperativa El\u00e9ctrica de Tornquist. Turismo, Pol\u00edtica, Sociedad, Deporte, Cultura y todo el contenido de inter\u00e9s general que la gente del pueblo y la regi\u00f3n debe conocer.","breadcrumb":{"@id":"https:\/\/www.celttv.com.ar\/index.php\/2018\/10\/30\/temas-tratados-en-la-ultima-sesion-ordinaria-del-hcd-videos\/#breadcrumb"},"inLanguage":"es","potentialAction":[{"@type":"ReadAction","target":["https:\/\/www.celttv.com.ar\/index.php\/2018\/10\/30\/temas-tratados-en-la-ultima-sesion-ordinaria-del-hcd-videos\/"]}]},{"@type":"BreadcrumbList","@id":"https:\/\/www.celttv.com.ar\/index.php\/2018\/10\/30\/temas-tratados-en-la-ultima-sesion-ordinaria-del-hcd-videos\/#breadcrumb","itemListElement":[{"@type":"ListItem","position":1,"name":"Inicio","item":"https:\/\/www.celttv.com.ar\/"},{"@type":"ListItem","position":2,"name":"Temas tratados en la \u00faltima sesi\u00f3n ordinaria del HCD (Videos)"}]},{"@type":"WebSite","@id":"https:\/\/www.celttv.com.ar\/#website","url":"https:\/\/www.celttv.com.ar\/","name":"CELTTV","description":"Cooperativa El\u00e9ctrica de Tornquist","publisher":{"@id":"https:\/\/www.celttv.com.ar\/#organization"},"potentialAction":[{"@type":"SearchAction","target":{"@type":"EntryPoint","urlTemplate":"https:\/\/www.celttv.com.ar\/?s={search_term_string}"},"query-input":"required name=search_term_string"}],"inLanguage":"es"},{"@type":"Organization","@id":"https:\/\/www.celttv.com.ar\/#organization","name":"CELTTV","url":"https:\/\/www.celttv.com.ar\/","sameAs":["https:\/\/www.youtube.com\/channel\/UCz_oIt8Hig64Ub-EmcNPIhg","https:\/\/www.facebook.com\/celtTV\/"],"logo":{"@type":"ImageObject","inLanguage":"es","@id":"https:\/\/www.celttv.com.ar\/#\/schema\/logo\/image\/","url":"http:\/\/www.celttv.com.ar\/wp-content\/uploads\/2022\/08\/logo-1.png","contentUrl":"http:\/\/www.celttv.com.ar\/wp-content\/uploads\/2022\/08\/logo-1.png","width":461,"height":159,"caption":"CELTTV"},"image":{"@id":"https:\/\/www.celttv.com.ar\/#\/schema\/logo\/image\/"}},{"@type":"Person","@id":"https:\/\/www.celttv.com.ar\/#\/schema\/person\/6d99c072dba59953809c81446e9d0ace","name":"ulises","image":{"@type":"ImageObject","inLanguage":"es","@id":"https:\/\/www.celttv.com.ar\/#\/schema\/person\/image\/","url":"https:\/\/secure.gravatar.com\/avatar\/7f2c48bdc33b30088f941fb6082e555f2874c98e20cb159d7b92b50eadfce793?s=96&d=mm&r=g","contentUrl":"https:\/\/secure.gravatar.com\/avatar\/7f2c48bdc33b30088f941fb6082e555f2874c98e20cb159d7b92b50eadfce793?s=96&d=mm&r=g","caption":"ulises"},"sameAs":["http:\/\/www.celttv.com.ar"]}]}},"_links":{"self":[{"href":"https:\/\/www.celttv.com.ar\/index.php\/wp-json\/wp\/v2\/posts\/38218","targetHints":{"allow":["GET"]}}],"collection":[{"href":"https:\/\/www.celttv.com.ar\/index.php\/wp-json\/wp\/v2\/posts"}],"about":[{"href":"https:\/\/www.celttv.com.ar\/index.php\/wp-json\/wp\/v2\/types\/post"}],"author":[{"embeddable":true,"href":"https:\/\/www.celttv.com.ar\/index.php\/wp-json\/wp\/v2\/users\/1"}],"replies":[{"embeddable":true,"href":"https:\/\/www.celttv.com.ar\/index.php\/wp-json\/wp\/v2\/comments?post=38218"}],"version-history":[{"count":0,"href":"https:\/\/www.celttv.com.ar\/index.php\/wp-json\/wp\/v2\/posts\/38218\/revisions"}],"wp:featuredmedia":[{"embeddable":true,"href":"https:\/\/www.celttv.com.ar\/index.php\/wp-json\/wp\/v2\/media\/38219"}],"wp:attachment":[{"href":"https:\/\/www.celttv.com.ar\/index.php\/wp-json\/wp\/v2\/media?parent=38218"}],"wp:term":[{"taxonomy":"category","embeddable":true,"href":"https:\/\/www.celttv.com.ar\/index.php\/wp-json\/wp\/v2\/categories?post=38218"},{"taxonomy":"post_tag","embeddable":true,"href":"https:\/\/www.celttv.com.ar\/index.php\/wp-json\/wp\/v2\/tags?post=38218"}],"curies":[{"name":"wp","href":"https:\/\/api.w.org\/{rel}","templated":true}]}}