{"id":38221,"date":"2018-10-30T14:10:27","date_gmt":"2018-10-30T14:10:27","guid":{"rendered":"http:\/\/www.celttv.com.ar\/?p=38221"},"modified":"2018-10-30T14:10:27","modified_gmt":"2018-10-30T14:10:27","slug":"se-encuentra-vigente-ordenanza-sobre-mantenimiento-de-baldios-y-veredas","status":"publish","type":"post","link":"https:\/\/www.celttv.com.ar\/index.php\/2018\/10\/30\/se-encuentra-vigente-ordenanza-sobre-mantenimiento-de-baldios-y-veredas\/","title":{"rendered":"SE ENCUENTRA VIGENTE ORDENANZA SOBRE MANTENIMIENTO DE BALD\u00cdOS Y VEREDAS"},"content":{"rendered":"<p>La Secretaria de Seguridad informa a los Sres. frentistas que se encuentra en vigencia la Ordenanza Municipal N\u00ba 2830\/16, la misma hace referencia al mantenimiento de condiciones m\u00ednimas de seguridad, conservaci\u00f3n, higiene y salubridad de los inmuebles bald\u00edos o construidos dentro del ejido urbano de las diferentes localidades del distrito. Lo mismo aplica para las veredas.<br \/>\nTeniendo en cuenta las condiciones clim\u00e1ticas que se vienen desarrollando, es que se recuerda la necesidad de mantener corto el pasto y los terrenos limpios, para evitar la proliferaci\u00f3n de vectores que afectan a la salud p\u00fablica.<br \/>\n&nbsp;<br \/>\n<strong>EL HONORABLE CONCEJO DELIBERANTE<\/strong><br \/>\n<strong>En uso de sus facultades, sanciona con fuerza de<\/strong><br \/>\n<strong><u>ORDENANZA N\u00ba 2830\/16<\/u><\/strong><br \/>\n&nbsp;<br \/>\n<strong><u>ART\u00cdCULO 1\u00ba:<\/u><\/strong> Der\u00f3guese la Ordenanza 2635\/14.<br \/>\n<strong><u>ART\u00cdCULO 2\u00ba:<\/u> <\/strong>Imp\u00f3ngase a todo propietario, poseedores y tenedores, por cualquier t\u00edtulo, de terrenos bald\u00edos, inmuebles edificados o veredas en estado de abandono o ruina, que no re\u00fanan condiciones m\u00ednimas de seguridad, de higiene, de conservaci\u00f3n y\/o de salubridad, la obligaci\u00f3n de mantener en buen estado y cuidado, de desmalezar, de limpiar\u00a0 y\/o de desinfectar los mismos.<br \/>\n&nbsp;<br \/>\n<strong><u>ART\u00cdCULO 3\u00ba:<\/u> <\/strong>En caso de que personal municipal comprobase el incumplimiento de lo ordenado por el art\u00edculo 2\u00b0, al obligado se le intimar\u00e1 para que en el plazo de 5 (cinco) d\u00edas corridos, procedan al desmalezamiento, limpieza y\/o desinfecci\u00f3n del inmueble.<br \/>\n<strong><u>ART\u00cdCULO 4\u00ba:<\/u><\/strong> Transcurrido el plazo previsto en el art\u00edculo 3\u00b0 sin que se hubiere dado cumplimiento a la intimaci\u00f3n cursada, el obligado abonar\u00e1 una multa equivalente a cien (100) litros de nafta s\u00faper surtidor local de la petrolera Y.P.F. En caso de reincidir, los montos de las multas sucesivas se ir\u00e1n duplicando montos progresivamente sobre dicha base.<br \/>\n<strong><u>ART\u00cdCULO 5\u00ba:<\/u> <\/strong>Sin perjuicio de la multa prevista en el art\u00edculo 4\u00b0, transcurrido el plazo previsto en el art\u00edculo 3\u00b0 sin que se hubiere dado cumplimiento a la intimaci\u00f3n cursada, el Departamento Ejecutivo podr\u00e1 por s\u00ed o mediante la contrataci\u00f3n del servicio de terceros, proceder al desmalezamiento, limpieza y\/o desinfecci\u00f3n del inmueble.<br \/>\nEn tales casos, el costo de las tareas realizadas ser\u00e1 imputado a la partida inmobiliaria correspondiente, con ajuste a las tarifas que, por la prestaci\u00f3n de las tareas realizadas, determinen las Ordenanzas Fiscal e Impositiva vigente.<br \/>\n<strong><u>ARTICULO 6\u00b0:<\/u><\/strong> Ser\u00e1n responsables del cumplimiento de esta Ordenanza, de forma solidaria, los propietarios de los terrenos bald\u00edos y aquellos que detenten, exploten, ejerzan la posesi\u00f3n o tenencia, cualquiera sea la causa de la ocupaci\u00f3n, siendo facultad del Poder Ejecutivo dirigir las actuaciones pertinentes, contra uno o varios responsables, conjunta o sucesivamente, de acuerdo con las circunstancias del caso.<br \/>\n<strong><u>ART\u00cdCULO 7\u00ba:<\/u> <\/strong>Asimismo, fac\u00faltese al Departamento Ejecutivo a aplicar la presente Ordenanza a los Agentes Inmobiliarios que tengan a su cargo la gesti\u00f3n de ventas y\/o locaciones de los inmuebles que se encuentran en infracci\u00f3n, solidariamente con el propietario, aplic\u00e1ndose la pena fijada en la presente.<br \/>\n<strong><u>ART\u00cdCULO 8\u00ba:<\/u> <\/strong>A fin de posibilitar el cumplimiento de lo dispuesto en la presente ordenanza, autorizase al Departamento Ejecutivo a proceder al allanamiento de domicilio, mediante el personal que a tal efecto se designe, conforme lo establece y faculta el art\u00edculo 24\u00ba de la Constituci\u00f3n de la Provincia de Buenos Aires.<br \/>\n<strong><u>\u00a0<\/u><\/strong><br \/>\n<strong><u>ART\u00cdCULO 9\u00ba:<\/u><\/strong> Comun\u00edquese, Reg\u00edstrese y Cumplido: ARCH\u00cdVESE.-<br \/>\n<strong>APROBADO POR UNANIMIDAD, EN LA SALA DE SESIONES DEL H.C.D DE TORNQUIST, A LOS DIECISIETE D\u00cdAS DEL MES DE FEBRERO DEL A\u00d1O DOS MIL DIECISEIS.-<\/strong><br \/>\n&nbsp;<br \/>\n&nbsp;<br \/>\n&nbsp;<br \/>\n&nbsp;<br \/>\n&nbsp;<\/p>\n","protected":false},"excerpt":{"rendered":"<p>La Secretaria de Seguridad informa a los Sres. frentistas que se encuentra en vigencia la Ordenanza Municipal N\u00ba 2830\/16, la misma hace referencia al mantenimiento de condiciones m\u00ednimas de seguridad, conservaci\u00f3n, higiene y salubridad de los inmuebles bald\u00edos o construidos dentro del ejido urbano de las diferentes localidades del distrito. Lo mismo aplica para las [&hellip;]<\/p>\n","protected":false},"author":1,"featured_media":38222,"comment_status":"closed","ping_status":"open","sticky":false,"template":"","format":"standard","meta":{"footnotes":""},"categories":[55,51,52],"tags":[],"class_list":["post-38221","post","type-post","status-publish","format-standard","has-post-thumbnail","hentry","category-celt-tv-noticias","category-comunidad","category-destacadas"],"yoast_head":"<!-- This site is optimized with the Yoast SEO plugin v19.7.1 - https:\/\/yoast.com\/wordpress\/plugins\/seo\/ -->\n<title>SE ENCUENTRA VIGENTE ORDENANZA SOBRE MANTENIMIENTO DE BALD\u00cdOS Y VEREDAS - CELTTV<\/title>\n<meta name=\"description\" content=\"Sitio web de noticias de la localidad de Tornquist, provincia de Buenos Aires, Rep\u00fablica Argentina. Contenido propio originado por periodistas de CELTTV, el canal de TV local de la Cooperativa El\u00e9ctrica de Tornquist. Turismo, Pol\u00edtica, Sociedad, Deporte, Cultura y todo el contenido de inter\u00e9s general que la gente del pueblo y la regi\u00f3n debe conocer.\" \/>\n<meta name=\"robots\" content=\"index, follow, max-snippet:-1, max-image-preview:large, max-video-preview:-1\" \/>\n<link rel=\"canonical\" href=\"https:\/\/www.celttv.com.ar\/index.php\/2018\/10\/30\/se-encuentra-vigente-ordenanza-sobre-mantenimiento-de-baldios-y-veredas\/\" \/>\n<meta property=\"og:locale\" content=\"es_ES\" \/>\n<meta property=\"og:type\" content=\"article\" \/>\n<meta property=\"og:title\" content=\"SE ENCUENTRA VIGENTE ORDENANZA SOBRE MANTENIMIENTO DE BALD\u00cdOS Y VEREDAS - CELTTV\" \/>\n<meta property=\"og:description\" content=\"Sitio web de noticias de la localidad de Tornquist, provincia de Buenos Aires, Rep\u00fablica Argentina. Contenido propio originado por periodistas de CELTTV, el canal de TV local de la Cooperativa El\u00e9ctrica de Tornquist. Turismo, Pol\u00edtica, Sociedad, Deporte, Cultura y todo el contenido de inter\u00e9s general que la gente del pueblo y la regi\u00f3n debe conocer.\" \/>\n<meta property=\"og:url\" content=\"https:\/\/www.celttv.com.ar\/index.php\/2018\/10\/30\/se-encuentra-vigente-ordenanza-sobre-mantenimiento-de-baldios-y-veredas\/\" \/>\n<meta property=\"og:site_name\" content=\"CELTTV\" \/>\n<meta property=\"article:publisher\" content=\"https:\/\/www.facebook.com\/celtTV\/\" \/>\n<meta property=\"article:published_time\" content=\"2018-10-30T14:10:27+00:00\" \/>\n<meta property=\"og:image\" content=\"https:\/\/www.celttv.com.ar\/wp-content\/uploads\/2018\/10\/TERRENOS-BALDIOS-2.jpg\" \/>\n\t<meta property=\"og:image:width\" content=\"632\" \/>\n\t<meta property=\"og:image:height\" content=\"449\" \/>\n\t<meta property=\"og:image:type\" content=\"image\/jpeg\" \/>\n<meta name=\"author\" content=\"ulises\" \/>\n<meta name=\"twitter:card\" content=\"summary_large_image\" \/>\n<meta name=\"twitter:label1\" content=\"Escrito por\" \/>\n\t<meta name=\"twitter:data1\" content=\"ulises\" \/>\n\t<meta name=\"twitter:label2\" content=\"Tiempo de lectura\" \/>\n\t<meta name=\"twitter:data2\" content=\"3 minutos\" \/>\n<script type=\"application\/ld+json\" class=\"yoast-schema-graph\">{\"@context\":\"https:\/\/schema.org\",\"@graph\":[{\"@type\":\"NewsArticle\",\"@id\":\"https:\/\/www.celttv.com.ar\/index.php\/2018\/10\/30\/se-encuentra-vigente-ordenanza-sobre-mantenimiento-de-baldios-y-veredas\/#article\",\"isPartOf\":{\"@id\":\"https:\/\/www.celttv.com.ar\/index.php\/2018\/10\/30\/se-encuentra-vigente-ordenanza-sobre-mantenimiento-de-baldios-y-veredas\/\"},\"author\":{\"name\":\"ulises\",\"@id\":\"https:\/\/www.celttv.com.ar\/#\/schema\/person\/6d99c072dba59953809c81446e9d0ace\"},\"headline\":\"SE ENCUENTRA VIGENTE ORDENANZA SOBRE MANTENIMIENTO DE BALD\u00cdOS Y VEREDAS\",\"datePublished\":\"2018-10-30T14:10:27+00:00\",\"dateModified\":\"2018-10-30T14:10:27+00:00\",\"mainEntityOfPage\":{\"@id\":\"https:\/\/www.celttv.com.ar\/index.php\/2018\/10\/30\/se-encuentra-vigente-ordenanza-sobre-mantenimiento-de-baldios-y-veredas\/\"},\"wordCount\":607,\"publisher\":{\"@id\":\"https:\/\/www.celttv.com.ar\/#organization\"},\"articleSection\":[\"Celt TV Noticias\",\"Comunidad\",\"Destacadas\"],\"inLanguage\":\"es\"},{\"@type\":\"WebPage\",\"@id\":\"https:\/\/www.celttv.com.ar\/index.php\/2018\/10\/30\/se-encuentra-vigente-ordenanza-sobre-mantenimiento-de-baldios-y-veredas\/\",\"url\":\"https:\/\/www.celttv.com.ar\/index.php\/2018\/10\/30\/se-encuentra-vigente-ordenanza-sobre-mantenimiento-de-baldios-y-veredas\/\",\"name\":\"SE ENCUENTRA VIGENTE ORDENANZA SOBRE MANTENIMIENTO DE BALD\u00cdOS Y VEREDAS - CELTTV\",\"isPartOf\":{\"@id\":\"https:\/\/www.celttv.com.ar\/#website\"},\"datePublished\":\"2018-10-30T14:10:27+00:00\",\"dateModified\":\"2018-10-30T14:10:27+00:00\",\"description\":\"Sitio web de noticias de la localidad de Tornquist, provincia de Buenos Aires, Rep\u00fablica Argentina. Contenido propio originado por periodistas de CELTTV, el canal de TV local de la Cooperativa El\u00e9ctrica de Tornquist. Turismo, Pol\u00edtica, Sociedad, Deporte, Cultura y todo el contenido de inter\u00e9s general que la gente del pueblo y la regi\u00f3n debe conocer.\",\"breadcrumb\":{\"@id\":\"https:\/\/www.celttv.com.ar\/index.php\/2018\/10\/30\/se-encuentra-vigente-ordenanza-sobre-mantenimiento-de-baldios-y-veredas\/#breadcrumb\"},\"inLanguage\":\"es\",\"potentialAction\":[{\"@type\":\"ReadAction\",\"target\":[\"https:\/\/www.celttv.com.ar\/index.php\/2018\/10\/30\/se-encuentra-vigente-ordenanza-sobre-mantenimiento-de-baldios-y-veredas\/\"]}]},{\"@type\":\"BreadcrumbList\",\"@id\":\"https:\/\/www.celttv.com.ar\/index.php\/2018\/10\/30\/se-encuentra-vigente-ordenanza-sobre-mantenimiento-de-baldios-y-veredas\/#breadcrumb\",\"itemListElement\":[{\"@type\":\"ListItem\",\"position\":1,\"name\":\"Inicio\",\"item\":\"https:\/\/www.celttv.com.ar\/\"},{\"@type\":\"ListItem\",\"position\":2,\"name\":\"SE ENCUENTRA VIGENTE ORDENANZA SOBRE MANTENIMIENTO DE BALD\u00cdOS Y VEREDAS\"}]},{\"@type\":\"WebSite\",\"@id\":\"https:\/\/www.celttv.com.ar\/#website\",\"url\":\"https:\/\/www.celttv.com.ar\/\",\"name\":\"CELTTV\",\"description\":\"Cooperativa El\u00e9ctrica de Tornquist\",\"publisher\":{\"@id\":\"https:\/\/www.celttv.com.ar\/#organization\"},\"potentialAction\":[{\"@type\":\"SearchAction\",\"target\":{\"@type\":\"EntryPoint\",\"urlTemplate\":\"https:\/\/www.celttv.com.ar\/?s={search_term_string}\"},\"query-input\":\"required name=search_term_string\"}],\"inLanguage\":\"es\"},{\"@type\":\"Organization\",\"@id\":\"https:\/\/www.celttv.com.ar\/#organization\",\"name\":\"CELTTV\",\"url\":\"https:\/\/www.celttv.com.ar\/\",\"sameAs\":[\"https:\/\/www.youtube.com\/channel\/UCz_oIt8Hig64Ub-EmcNPIhg\",\"https:\/\/www.facebook.com\/celtTV\/\"],\"logo\":{\"@type\":\"ImageObject\",\"inLanguage\":\"es\",\"@id\":\"https:\/\/www.celttv.com.ar\/#\/schema\/logo\/image\/\",\"url\":\"http:\/\/www.celttv.com.ar\/wp-content\/uploads\/2022\/08\/logo-1.png\",\"contentUrl\":\"http:\/\/www.celttv.com.ar\/wp-content\/uploads\/2022\/08\/logo-1.png\",\"width\":461,\"height\":159,\"caption\":\"CELTTV\"},\"image\":{\"@id\":\"https:\/\/www.celttv.com.ar\/#\/schema\/logo\/image\/\"}},{\"@type\":\"Person\",\"@id\":\"https:\/\/www.celttv.com.ar\/#\/schema\/person\/6d99c072dba59953809c81446e9d0ace\",\"name\":\"ulises\",\"image\":{\"@type\":\"ImageObject\",\"inLanguage\":\"es\",\"@id\":\"https:\/\/www.celttv.com.ar\/#\/schema\/person\/image\/\",\"url\":\"https:\/\/secure.gravatar.com\/avatar\/7f2c48bdc33b30088f941fb6082e555f2874c98e20cb159d7b92b50eadfce793?s=96&d=mm&r=g\",\"contentUrl\":\"https:\/\/secure.gravatar.com\/avatar\/7f2c48bdc33b30088f941fb6082e555f2874c98e20cb159d7b92b50eadfce793?s=96&d=mm&r=g\",\"caption\":\"ulises\"},\"sameAs\":[\"http:\/\/www.celttv.com.ar\"]}]}<\/script>\n<!-- \/ Yoast SEO plugin. -->","yoast_head_json":{"title":"SE ENCUENTRA VIGENTE ORDENANZA SOBRE MANTENIMIENTO DE BALD\u00cdOS Y VEREDAS - CELTTV","description":"Sitio web de noticias de la localidad de Tornquist, provincia de Buenos Aires, Rep\u00fablica Argentina. Contenido propio originado por periodistas de CELTTV, el canal de TV local de la Cooperativa El\u00e9ctrica de Tornquist. Turismo, Pol\u00edtica, Sociedad, Deporte, Cultura y todo el contenido de inter\u00e9s general que la gente del pueblo y la regi\u00f3n debe conocer.","robots":{"index":"index","follow":"follow","max-snippet":"max-snippet:-1","max-image-preview":"max-image-preview:large","max-video-preview":"max-video-preview:-1"},"canonical":"https:\/\/www.celttv.com.ar\/index.php\/2018\/10\/30\/se-encuentra-vigente-ordenanza-sobre-mantenimiento-de-baldios-y-veredas\/","og_locale":"es_ES","og_type":"article","og_title":"SE ENCUENTRA VIGENTE ORDENANZA SOBRE MANTENIMIENTO DE BALD\u00cdOS Y VEREDAS - CELTTV","og_description":"Sitio web de noticias de la localidad de Tornquist, provincia de Buenos Aires, Rep\u00fablica Argentina. Contenido propio originado por periodistas de CELTTV, el canal de TV local de la Cooperativa El\u00e9ctrica de Tornquist. Turismo, Pol\u00edtica, Sociedad, Deporte, Cultura y todo el contenido de inter\u00e9s general que la gente del pueblo y la regi\u00f3n debe conocer.","og_url":"https:\/\/www.celttv.com.ar\/index.php\/2018\/10\/30\/se-encuentra-vigente-ordenanza-sobre-mantenimiento-de-baldios-y-veredas\/","og_site_name":"CELTTV","article_publisher":"https:\/\/www.facebook.com\/celtTV\/","article_published_time":"2018-10-30T14:10:27+00:00","og_image":[{"width":632,"height":449,"url":"https:\/\/www.celttv.com.ar\/wp-content\/uploads\/2018\/10\/TERRENOS-BALDIOS-2.jpg","type":"image\/jpeg"}],"author":"ulises","twitter_card":"summary_large_image","twitter_misc":{"Escrito por":"ulises","Tiempo de lectura":"3 minutos"},"schema":{"@context":"https:\/\/schema.org","@graph":[{"@type":"NewsArticle","@id":"https:\/\/www.celttv.com.ar\/index.php\/2018\/10\/30\/se-encuentra-vigente-ordenanza-sobre-mantenimiento-de-baldios-y-veredas\/#article","isPartOf":{"@id":"https:\/\/www.celttv.com.ar\/index.php\/2018\/10\/30\/se-encuentra-vigente-ordenanza-sobre-mantenimiento-de-baldios-y-veredas\/"},"author":{"name":"ulises","@id":"https:\/\/www.celttv.com.ar\/#\/schema\/person\/6d99c072dba59953809c81446e9d0ace"},"headline":"SE ENCUENTRA VIGENTE ORDENANZA SOBRE MANTENIMIENTO DE BALD\u00cdOS Y VEREDAS","datePublished":"2018-10-30T14:10:27+00:00","dateModified":"2018-10-30T14:10:27+00:00","mainEntityOfPage":{"@id":"https:\/\/www.celttv.com.ar\/index.php\/2018\/10\/30\/se-encuentra-vigente-ordenanza-sobre-mantenimiento-de-baldios-y-veredas\/"},"wordCount":607,"publisher":{"@id":"https:\/\/www.celttv.com.ar\/#organization"},"articleSection":["Celt TV Noticias","Comunidad","Destacadas"],"inLanguage":"es"},{"@type":"WebPage","@id":"https:\/\/www.celttv.com.ar\/index.php\/2018\/10\/30\/se-encuentra-vigente-ordenanza-sobre-mantenimiento-de-baldios-y-veredas\/","url":"https:\/\/www.celttv.com.ar\/index.php\/2018\/10\/30\/se-encuentra-vigente-ordenanza-sobre-mantenimiento-de-baldios-y-veredas\/","name":"SE ENCUENTRA VIGENTE ORDENANZA SOBRE MANTENIMIENTO DE BALD\u00cdOS Y VEREDAS - CELTTV","isPartOf":{"@id":"https:\/\/www.celttv.com.ar\/#website"},"datePublished":"2018-10-30T14:10:27+00:00","dateModified":"2018-10-30T14:10:27+00:00","description":"Sitio web de noticias de la localidad de Tornquist, provincia de Buenos Aires, Rep\u00fablica Argentina. Contenido propio originado por periodistas de CELTTV, el canal de TV local de la Cooperativa El\u00e9ctrica de Tornquist. Turismo, Pol\u00edtica, Sociedad, Deporte, Cultura y todo el contenido de inter\u00e9s general que la gente del pueblo y la regi\u00f3n debe conocer.","breadcrumb":{"@id":"https:\/\/www.celttv.com.ar\/index.php\/2018\/10\/30\/se-encuentra-vigente-ordenanza-sobre-mantenimiento-de-baldios-y-veredas\/#breadcrumb"},"inLanguage":"es","potentialAction":[{"@type":"ReadAction","target":["https:\/\/www.celttv.com.ar\/index.php\/2018\/10\/30\/se-encuentra-vigente-ordenanza-sobre-mantenimiento-de-baldios-y-veredas\/"]}]},{"@type":"BreadcrumbList","@id":"https:\/\/www.celttv.com.ar\/index.php\/2018\/10\/30\/se-encuentra-vigente-ordenanza-sobre-mantenimiento-de-baldios-y-veredas\/#breadcrumb","itemListElement":[{"@type":"ListItem","position":1,"name":"Inicio","item":"https:\/\/www.celttv.com.ar\/"},{"@type":"ListItem","position":2,"name":"SE ENCUENTRA VIGENTE ORDENANZA SOBRE MANTENIMIENTO DE BALD\u00cdOS Y VEREDAS"}]},{"@type":"WebSite","@id":"https:\/\/www.celttv.com.ar\/#website","url":"https:\/\/www.celttv.com.ar\/","name":"CELTTV","description":"Cooperativa El\u00e9ctrica de Tornquist","publisher":{"@id":"https:\/\/www.celttv.com.ar\/#organization"},"potentialAction":[{"@type":"SearchAction","target":{"@type":"EntryPoint","urlTemplate":"https:\/\/www.celttv.com.ar\/?s={search_term_string}"},"query-input":"required name=search_term_string"}],"inLanguage":"es"},{"@type":"Organization","@id":"https:\/\/www.celttv.com.ar\/#organization","name":"CELTTV","url":"https:\/\/www.celttv.com.ar\/","sameAs":["https:\/\/www.youtube.com\/channel\/UCz_oIt8Hig64Ub-EmcNPIhg","https:\/\/www.facebook.com\/celtTV\/"],"logo":{"@type":"ImageObject","inLanguage":"es","@id":"https:\/\/www.celttv.com.ar\/#\/schema\/logo\/image\/","url":"http:\/\/www.celttv.com.ar\/wp-content\/uploads\/2022\/08\/logo-1.png","contentUrl":"http:\/\/www.celttv.com.ar\/wp-content\/uploads\/2022\/08\/logo-1.png","width":461,"height":159,"caption":"CELTTV"},"image":{"@id":"https:\/\/www.celttv.com.ar\/#\/schema\/logo\/image\/"}},{"@type":"Person","@id":"https:\/\/www.celttv.com.ar\/#\/schema\/person\/6d99c072dba59953809c81446e9d0ace","name":"ulises","image":{"@type":"ImageObject","inLanguage":"es","@id":"https:\/\/www.celttv.com.ar\/#\/schema\/person\/image\/","url":"https:\/\/secure.gravatar.com\/avatar\/7f2c48bdc33b30088f941fb6082e555f2874c98e20cb159d7b92b50eadfce793?s=96&d=mm&r=g","contentUrl":"https:\/\/secure.gravatar.com\/avatar\/7f2c48bdc33b30088f941fb6082e555f2874c98e20cb159d7b92b50eadfce793?s=96&d=mm&r=g","caption":"ulises"},"sameAs":["http:\/\/www.celttv.com.ar"]}]}},"_links":{"self":[{"href":"https:\/\/www.celttv.com.ar\/index.php\/wp-json\/wp\/v2\/posts\/38221","targetHints":{"allow":["GET"]}}],"collection":[{"href":"https:\/\/www.celttv.com.ar\/index.php\/wp-json\/wp\/v2\/posts"}],"about":[{"href":"https:\/\/www.celttv.com.ar\/index.php\/wp-json\/wp\/v2\/types\/post"}],"author":[{"embeddable":true,"href":"https:\/\/www.celttv.com.ar\/index.php\/wp-json\/wp\/v2\/users\/1"}],"replies":[{"embeddable":true,"href":"https:\/\/www.celttv.com.ar\/index.php\/wp-json\/wp\/v2\/comments?post=38221"}],"version-history":[{"count":0,"href":"https:\/\/www.celttv.com.ar\/index.php\/wp-json\/wp\/v2\/posts\/38221\/revisions"}],"wp:featuredmedia":[{"embeddable":true,"href":"https:\/\/www.celttv.com.ar\/index.php\/wp-json\/wp\/v2\/media\/38222"}],"wp:attachment":[{"href":"https:\/\/www.celttv.com.ar\/index.php\/wp-json\/wp\/v2\/media?parent=38221"}],"wp:term":[{"taxonomy":"category","embeddable":true,"href":"https:\/\/www.celttv.com.ar\/index.php\/wp-json\/wp\/v2\/categories?post=38221"},{"taxonomy":"post_tag","embeddable":true,"href":"https:\/\/www.celttv.com.ar\/index.php\/wp-json\/wp\/v2\/tags?post=38221"}],"curies":[{"name":"wp","href":"https:\/\/api.w.org\/{rel}","templated":true}]}}