{"id":38224,"date":"2018-10-30T14:16:14","date_gmt":"2018-10-30T14:16:14","guid":{"rendered":"http:\/\/www.celttv.com.ar\/?p=38224"},"modified":"2018-10-30T14:16:14","modified_gmt":"2018-10-30T14:16:14","slug":"salud-lanza-la-campana-lucha-como-una-chica","status":"publish","type":"post","link":"https:\/\/www.celttv.com.ar\/index.php\/2018\/10\/30\/salud-lanza-la-campana-lucha-como-una-chica\/","title":{"rendered":"Salud lanza la campa\u00f1a &#8220;Luch\u00e1 como una chica&#8221;"},"content":{"rendered":"<p>La Secretar\u00eda de Salud municipal organiz\u00f3 una campa\u00f1a de sensibilizaci\u00f3n para fomentar la detecci\u00f3n temprana del c\u00e1ncer de mama y de cuello de \u00fatero.<br \/>\nEl lanzamiento de<strong> &#8220;Luch\u00e1 como una chica&#8221; <\/strong>ser\u00e1 el s\u00e1bado 3 de noviembre a las 11.30 hs. en las instalaciones del hospital \u201cDr. Alberto Castro\u201d, en donde se realizar\u00e1 una charla informativa.<br \/>\nComo parte de la campa\u00f1a de detecci\u00f3n, la Secretar\u00eda de Salud brindar\u00e1 una mamograf\u00eda y un PAP gratuitos a mujeres mayores de 35 a\u00f1os, priorizando a aquellas que no poseen obras social. Las mamograf\u00edas se realizaran, en todos los casos, en el hospital municipal. La cartera de salud dispondr\u00e1 de veh\u00edculos para el traslado de las pacientes.<br \/>\nAquellas interesadas, y que re\u00fanan las condiciones, pueden solicitar turno los siguientes d\u00edas y horarios:<br \/>\n<strong>MAMOGRAF\u00cdAS:<\/strong><br \/>\n<strong>TORNQUIST: <\/strong><br \/>\nLunes: de 8 a 12 hs.<br \/>\nMi\u00e9rcoles y jueves de 16 a 20 hs.<br \/>\nViernes de 8 a12 hs.<br \/>\nPodes solicitarlo llamando al 4941.020<br \/>\n<strong>SALDUNGARAY<\/strong>: (15 turnos)<br \/>\nSe otorgar\u00e1n 15 turnos que deber\u00e1n solicitarlos en el CAPS correspondiente Fecha de realizaci\u00f3n del estudio: s\u00e1bado 3\/11.<br \/>\n<strong>SIERRA DE LA VENTANA:<\/strong><br \/>\n15 turnos que deber\u00e1n solicitarlos en el CAPS correspondiente.<br \/>\nFecha de realizaci\u00f3n del estudio: s\u00e1bado 10\/11<br \/>\n<strong>CHASIC\u00d3 Y TRES PICOS<\/strong>:<br \/>\n15 turnos por localidad. Anotarse en la sala correspondiente.<br \/>\nEl estudio se realizar\u00e1 el\u00a0 s\u00e1bado 17\/11.<br \/>\n<strong>VILLA VENTANA Y VILLA SERRANA LA GRUTA: <\/strong><br \/>\n15 turnos por localidad. Anotarse en la sala correspondiente.<br \/>\nEl estudio se realizar\u00e1 el\u00a0 s\u00e1bado 24\/11.<br \/>\n&nbsp;<br \/>\n<strong>PAP: <\/strong><br \/>\n<strong>SALDUNGARAY, SIERRA DE LA VENTANA, VILLA VENTANA Y VILLA SERRANA\u00a0 LA GRUTA\u00a0<\/strong><br \/>\nSacar turno en las respectivas salas. La fecha de realizaci\u00f3n del estudio se informar\u00e1 al momento de inscribirse.<br \/>\n<strong>CHASICO Y TRES PICOS<\/strong>:<br \/>\nSolicitar turno en las salas. El estudio se realizar\u00e1n en las instalaciones del hospital \u201cDr. Alberto Castro\u201d el d\u00eda 17\/11.<br \/>\n<strong>TORNQUIST:\u00a0<\/strong><br \/>\nSe realizaran todos los lunes\u00a0 y Martes del mes de noviembre del corriente a\u00f1o en Sala Sur de 9 a 12 hs.. Solicitar turnos llamando al 494.0400<br \/>\n&nbsp;<br \/>\n<a href=\"http:\/\/www.celttv.com.ar\/?attachment_id=38225\" rel=\"attachment wp-att-38225\"><img loading=\"lazy\" decoding=\"async\" class=\"alignleft size-full wp-image-38225\" src=\"http:\/\/www.celttv.com.ar\/wp-content\/uploads\/2018\/10\/lucha-como-una-chica.jpg\" alt=\"\" width=\"500\" height=\"500\" srcset=\"https:\/\/www.celttv.com.ar\/wp-content\/uploads\/2018\/10\/lucha-como-una-chica.jpg 500w, https:\/\/www.celttv.com.ar\/wp-content\/uploads\/2018\/10\/lucha-como-una-chica-300x300.jpg 300w, https:\/\/www.celttv.com.ar\/wp-content\/uploads\/2018\/10\/lucha-como-una-chica-150x150.jpg 150w, https:\/\/www.celttv.com.ar\/wp-content\/uploads\/2018\/10\/lucha-como-una-chica-75x75.jpg 75w\" sizes=\"auto, (max-width: 500px) 100vw, 500px\" \/><\/a> <a href=\"http:\/\/www.celttv.com.ar\/?attachment_id=38228\" rel=\"attachment wp-att-38228\"><img loading=\"lazy\" decoding=\"async\" class=\"alignleft size-full wp-image-38228\" src=\"http:\/\/www.celttv.com.ar\/wp-content\/uploads\/2018\/10\/lucha-como-una-chica4.jpg\" alt=\"\" width=\"500\" height=\"500\" srcset=\"https:\/\/www.celttv.com.ar\/wp-content\/uploads\/2018\/10\/lucha-como-una-chica4.jpg 500w, https:\/\/www.celttv.com.ar\/wp-content\/uploads\/2018\/10\/lucha-como-una-chica4-300x300.jpg 300w, https:\/\/www.celttv.com.ar\/wp-content\/uploads\/2018\/10\/lucha-como-una-chica4-150x150.jpg 150w, https:\/\/www.celttv.com.ar\/wp-content\/uploads\/2018\/10\/lucha-como-una-chica4-75x75.jpg 75w\" sizes=\"auto, (max-width: 500px) 100vw, 500px\" \/><\/a> <a href=\"http:\/\/www.celttv.com.ar\/?attachment_id=38229\" rel=\"attachment wp-att-38229\"><img loading=\"lazy\" decoding=\"async\" class=\"alignleft size-full wp-image-38229\" src=\"http:\/\/www.celttv.com.ar\/wp-content\/uploads\/2018\/10\/lucha-como-una-chica5.jpg\" alt=\"\" width=\"500\" height=\"500\" srcset=\"https:\/\/www.celttv.com.ar\/wp-content\/uploads\/2018\/10\/lucha-como-una-chica5.jpg 500w, https:\/\/www.celttv.com.ar\/wp-content\/uploads\/2018\/10\/lucha-como-una-chica5-300x300.jpg 300w, https:\/\/www.celttv.com.ar\/wp-content\/uploads\/2018\/10\/lucha-como-una-chica5-150x150.jpg 150w, https:\/\/www.celttv.com.ar\/wp-content\/uploads\/2018\/10\/lucha-como-una-chica5-75x75.jpg 75w\" sizes=\"auto, (max-width: 500px) 100vw, 500px\" \/><\/a> <a href=\"http:\/\/www.celttv.com.ar\/?attachment_id=38227\" rel=\"attachment wp-att-38227\"><img loading=\"lazy\" decoding=\"async\" class=\"alignleft size-full wp-image-38227\" src=\"http:\/\/www.celttv.com.ar\/wp-content\/uploads\/2018\/10\/lucha-como-una-chica3.jpg\" alt=\"\" width=\"500\" height=\"500\" srcset=\"https:\/\/www.celttv.com.ar\/wp-content\/uploads\/2018\/10\/lucha-como-una-chica3.jpg 500w, https:\/\/www.celttv.com.ar\/wp-content\/uploads\/2018\/10\/lucha-como-una-chica3-300x300.jpg 300w, https:\/\/www.celttv.com.ar\/wp-content\/uploads\/2018\/10\/lucha-como-una-chica3-150x150.jpg 150w, https:\/\/www.celttv.com.ar\/wp-content\/uploads\/2018\/10\/lucha-como-una-chica3-75x75.jpg 75w\" sizes=\"auto, (max-width: 500px) 100vw, 500px\" \/><\/a><br \/>\n&nbsp;<br \/>\n&nbsp;<\/p>\n","protected":false},"excerpt":{"rendered":"<p>La Secretar\u00eda de Salud municipal organiz\u00f3 una campa\u00f1a de sensibilizaci\u00f3n para fomentar la detecci\u00f3n temprana del c\u00e1ncer de mama y de cuello de \u00fatero. El lanzamiento de &#8220;Luch\u00e1 como una chica&#8221; ser\u00e1 el s\u00e1bado 3 de noviembre a las 11.30 hs. en las instalaciones del hospital \u201cDr. Alberto Castro\u201d, en donde se realizar\u00e1 una charla [&hellip;]<\/p>\n","protected":false},"author":1,"featured_media":38226,"comment_status":"closed","ping_status":"open","sticky":false,"template":"","format":"standard","meta":{"footnotes":""},"categories":[54,55,51,52],"tags":[],"class_list":["post-38224","post","type-post","status-publish","format-standard","has-post-thumbnail","hentry","category-atencion-salud","category-celt-tv-noticias","category-comunidad","category-destacadas"],"yoast_head":"<!-- This site is optimized with the Yoast SEO plugin v19.7.1 - https:\/\/yoast.com\/wordpress\/plugins\/seo\/ -->\n<title>Salud lanza la campa\u00f1a &quot;Luch\u00e1 como una chica&quot; - CELTTV<\/title>\n<meta name=\"description\" content=\"Sitio web de noticias de la localidad de Tornquist, provincia de Buenos Aires, Rep\u00fablica Argentina. Contenido propio originado por periodistas de CELTTV, el canal de TV local de la Cooperativa El\u00e9ctrica de Tornquist. Turismo, Pol\u00edtica, Sociedad, Deporte, Cultura y todo el contenido de inter\u00e9s general que la gente del pueblo y la regi\u00f3n debe conocer.\" \/>\n<meta name=\"robots\" content=\"index, follow, max-snippet:-1, max-image-preview:large, max-video-preview:-1\" \/>\n<link rel=\"canonical\" href=\"https:\/\/www.celttv.com.ar\/index.php\/2018\/10\/30\/salud-lanza-la-campana-lucha-como-una-chica\/\" \/>\n<meta property=\"og:locale\" content=\"es_ES\" \/>\n<meta property=\"og:type\" content=\"article\" \/>\n<meta property=\"og:title\" content=\"Salud lanza la campa\u00f1a &quot;Luch\u00e1 como una chica&quot; - CELTTV\" \/>\n<meta property=\"og:description\" content=\"Sitio web de noticias de la localidad de Tornquist, provincia de Buenos Aires, Rep\u00fablica Argentina. Contenido propio originado por periodistas de CELTTV, el canal de TV local de la Cooperativa El\u00e9ctrica de Tornquist. Turismo, Pol\u00edtica, Sociedad, Deporte, Cultura y todo el contenido de inter\u00e9s general que la gente del pueblo y la regi\u00f3n debe conocer.\" \/>\n<meta property=\"og:url\" content=\"https:\/\/www.celttv.com.ar\/index.php\/2018\/10\/30\/salud-lanza-la-campana-lucha-como-una-chica\/\" \/>\n<meta property=\"og:site_name\" content=\"CELTTV\" \/>\n<meta property=\"article:publisher\" content=\"https:\/\/www.facebook.com\/celtTV\/\" \/>\n<meta property=\"article:published_time\" content=\"2018-10-30T14:16:14+00:00\" \/>\n<meta property=\"og:image\" content=\"https:\/\/www.celttv.com.ar\/wp-content\/uploads\/2018\/10\/lucha-como-una-chica1.jpg\" \/>\n\t<meta property=\"og:image:width\" content=\"500\" \/>\n\t<meta property=\"og:image:height\" content=\"500\" \/>\n\t<meta property=\"og:image:type\" content=\"image\/jpeg\" \/>\n<meta name=\"author\" content=\"ulises\" \/>\n<meta name=\"twitter:card\" content=\"summary_large_image\" \/>\n<meta name=\"twitter:label1\" content=\"Escrito por\" \/>\n\t<meta name=\"twitter:data1\" content=\"ulises\" \/>\n\t<meta name=\"twitter:label2\" content=\"Tiempo de lectura\" \/>\n\t<meta name=\"twitter:data2\" content=\"2 minutos\" \/>\n<script type=\"application\/ld+json\" class=\"yoast-schema-graph\">{\"@context\":\"https:\/\/schema.org\",\"@graph\":[{\"@type\":\"NewsArticle\",\"@id\":\"https:\/\/www.celttv.com.ar\/index.php\/2018\/10\/30\/salud-lanza-la-campana-lucha-como-una-chica\/#article\",\"isPartOf\":{\"@id\":\"https:\/\/www.celttv.com.ar\/index.php\/2018\/10\/30\/salud-lanza-la-campana-lucha-como-una-chica\/\"},\"author\":{\"name\":\"ulises\",\"@id\":\"https:\/\/www.celttv.com.ar\/#\/schema\/person\/6d99c072dba59953809c81446e9d0ace\"},\"headline\":\"Salud lanza la campa\u00f1a &#8220;Luch\u00e1 como una chica&#8221;\",\"datePublished\":\"2018-10-30T14:16:14+00:00\",\"dateModified\":\"2018-10-30T14:16:14+00:00\",\"mainEntityOfPage\":{\"@id\":\"https:\/\/www.celttv.com.ar\/index.php\/2018\/10\/30\/salud-lanza-la-campana-lucha-como-una-chica\/\"},\"wordCount\":342,\"publisher\":{\"@id\":\"https:\/\/www.celttv.com.ar\/#organization\"},\"articleSection\":[\"Atenci\u00f3n Salud\",\"Celt TV Noticias\",\"Comunidad\",\"Destacadas\"],\"inLanguage\":\"es\"},{\"@type\":\"WebPage\",\"@id\":\"https:\/\/www.celttv.com.ar\/index.php\/2018\/10\/30\/salud-lanza-la-campana-lucha-como-una-chica\/\",\"url\":\"https:\/\/www.celttv.com.ar\/index.php\/2018\/10\/30\/salud-lanza-la-campana-lucha-como-una-chica\/\",\"name\":\"Salud lanza la campa\u00f1a \\\"Luch\u00e1 como una chica\\\" - CELTTV\",\"isPartOf\":{\"@id\":\"https:\/\/www.celttv.com.ar\/#website\"},\"datePublished\":\"2018-10-30T14:16:14+00:00\",\"dateModified\":\"2018-10-30T14:16:14+00:00\",\"description\":\"Sitio web de noticias de la localidad de Tornquist, provincia de Buenos Aires, Rep\u00fablica Argentina. Contenido propio originado por periodistas de CELTTV, el canal de TV local de la Cooperativa El\u00e9ctrica de Tornquist. Turismo, Pol\u00edtica, Sociedad, Deporte, Cultura y todo el contenido de inter\u00e9s general que la gente del pueblo y la regi\u00f3n debe conocer.\",\"breadcrumb\":{\"@id\":\"https:\/\/www.celttv.com.ar\/index.php\/2018\/10\/30\/salud-lanza-la-campana-lucha-como-una-chica\/#breadcrumb\"},\"inLanguage\":\"es\",\"potentialAction\":[{\"@type\":\"ReadAction\",\"target\":[\"https:\/\/www.celttv.com.ar\/index.php\/2018\/10\/30\/salud-lanza-la-campana-lucha-como-una-chica\/\"]}]},{\"@type\":\"BreadcrumbList\",\"@id\":\"https:\/\/www.celttv.com.ar\/index.php\/2018\/10\/30\/salud-lanza-la-campana-lucha-como-una-chica\/#breadcrumb\",\"itemListElement\":[{\"@type\":\"ListItem\",\"position\":1,\"name\":\"Inicio\",\"item\":\"https:\/\/www.celttv.com.ar\/\"},{\"@type\":\"ListItem\",\"position\":2,\"name\":\"Salud lanza la campa\u00f1a &#8220;Luch\u00e1 como una chica&#8221;\"}]},{\"@type\":\"WebSite\",\"@id\":\"https:\/\/www.celttv.com.ar\/#website\",\"url\":\"https:\/\/www.celttv.com.ar\/\",\"name\":\"CELTTV\",\"description\":\"Cooperativa El\u00e9ctrica de Tornquist\",\"publisher\":{\"@id\":\"https:\/\/www.celttv.com.ar\/#organization\"},\"potentialAction\":[{\"@type\":\"SearchAction\",\"target\":{\"@type\":\"EntryPoint\",\"urlTemplate\":\"https:\/\/www.celttv.com.ar\/?s={search_term_string}\"},\"query-input\":\"required name=search_term_string\"}],\"inLanguage\":\"es\"},{\"@type\":\"Organization\",\"@id\":\"https:\/\/www.celttv.com.ar\/#organization\",\"name\":\"CELTTV\",\"url\":\"https:\/\/www.celttv.com.ar\/\",\"sameAs\":[\"https:\/\/www.youtube.com\/channel\/UCz_oIt8Hig64Ub-EmcNPIhg\",\"https:\/\/www.facebook.com\/celtTV\/\"],\"logo\":{\"@type\":\"ImageObject\",\"inLanguage\":\"es\",\"@id\":\"https:\/\/www.celttv.com.ar\/#\/schema\/logo\/image\/\",\"url\":\"http:\/\/www.celttv.com.ar\/wp-content\/uploads\/2022\/08\/logo-1.png\",\"contentUrl\":\"http:\/\/www.celttv.com.ar\/wp-content\/uploads\/2022\/08\/logo-1.png\",\"width\":461,\"height\":159,\"caption\":\"CELTTV\"},\"image\":{\"@id\":\"https:\/\/www.celttv.com.ar\/#\/schema\/logo\/image\/\"}},{\"@type\":\"Person\",\"@id\":\"https:\/\/www.celttv.com.ar\/#\/schema\/person\/6d99c072dba59953809c81446e9d0ace\",\"name\":\"ulises\",\"image\":{\"@type\":\"ImageObject\",\"inLanguage\":\"es\",\"@id\":\"https:\/\/www.celttv.com.ar\/#\/schema\/person\/image\/\",\"url\":\"https:\/\/secure.gravatar.com\/avatar\/7f2c48bdc33b30088f941fb6082e555f2874c98e20cb159d7b92b50eadfce793?s=96&d=mm&r=g\",\"contentUrl\":\"https:\/\/secure.gravatar.com\/avatar\/7f2c48bdc33b30088f941fb6082e555f2874c98e20cb159d7b92b50eadfce793?s=96&d=mm&r=g\",\"caption\":\"ulises\"},\"sameAs\":[\"http:\/\/www.celttv.com.ar\"]}]}<\/script>\n<!-- \/ Yoast SEO plugin. -->","yoast_head_json":{"title":"Salud lanza la campa\u00f1a \"Luch\u00e1 como una chica\" - CELTTV","description":"Sitio web de noticias de la localidad de Tornquist, provincia de Buenos Aires, Rep\u00fablica Argentina. Contenido propio originado por periodistas de CELTTV, el canal de TV local de la Cooperativa El\u00e9ctrica de Tornquist. Turismo, Pol\u00edtica, Sociedad, Deporte, Cultura y todo el contenido de inter\u00e9s general que la gente del pueblo y la regi\u00f3n debe conocer.","robots":{"index":"index","follow":"follow","max-snippet":"max-snippet:-1","max-image-preview":"max-image-preview:large","max-video-preview":"max-video-preview:-1"},"canonical":"https:\/\/www.celttv.com.ar\/index.php\/2018\/10\/30\/salud-lanza-la-campana-lucha-como-una-chica\/","og_locale":"es_ES","og_type":"article","og_title":"Salud lanza la campa\u00f1a \"Luch\u00e1 como una chica\" - CELTTV","og_description":"Sitio web de noticias de la localidad de Tornquist, provincia de Buenos Aires, Rep\u00fablica Argentina. Contenido propio originado por periodistas de CELTTV, el canal de TV local de la Cooperativa El\u00e9ctrica de Tornquist. Turismo, Pol\u00edtica, Sociedad, Deporte, Cultura y todo el contenido de inter\u00e9s general que la gente del pueblo y la regi\u00f3n debe conocer.","og_url":"https:\/\/www.celttv.com.ar\/index.php\/2018\/10\/30\/salud-lanza-la-campana-lucha-como-una-chica\/","og_site_name":"CELTTV","article_publisher":"https:\/\/www.facebook.com\/celtTV\/","article_published_time":"2018-10-30T14:16:14+00:00","og_image":[{"width":500,"height":500,"url":"https:\/\/www.celttv.com.ar\/wp-content\/uploads\/2018\/10\/lucha-como-una-chica1.jpg","type":"image\/jpeg"}],"author":"ulises","twitter_card":"summary_large_image","twitter_misc":{"Escrito por":"ulises","Tiempo de lectura":"2 minutos"},"schema":{"@context":"https:\/\/schema.org","@graph":[{"@type":"NewsArticle","@id":"https:\/\/www.celttv.com.ar\/index.php\/2018\/10\/30\/salud-lanza-la-campana-lucha-como-una-chica\/#article","isPartOf":{"@id":"https:\/\/www.celttv.com.ar\/index.php\/2018\/10\/30\/salud-lanza-la-campana-lucha-como-una-chica\/"},"author":{"name":"ulises","@id":"https:\/\/www.celttv.com.ar\/#\/schema\/person\/6d99c072dba59953809c81446e9d0ace"},"headline":"Salud lanza la campa\u00f1a &#8220;Luch\u00e1 como una chica&#8221;","datePublished":"2018-10-30T14:16:14+00:00","dateModified":"2018-10-30T14:16:14+00:00","mainEntityOfPage":{"@id":"https:\/\/www.celttv.com.ar\/index.php\/2018\/10\/30\/salud-lanza-la-campana-lucha-como-una-chica\/"},"wordCount":342,"publisher":{"@id":"https:\/\/www.celttv.com.ar\/#organization"},"articleSection":["Atenci\u00f3n Salud","Celt TV Noticias","Comunidad","Destacadas"],"inLanguage":"es"},{"@type":"WebPage","@id":"https:\/\/www.celttv.com.ar\/index.php\/2018\/10\/30\/salud-lanza-la-campana-lucha-como-una-chica\/","url":"https:\/\/www.celttv.com.ar\/index.php\/2018\/10\/30\/salud-lanza-la-campana-lucha-como-una-chica\/","name":"Salud lanza la campa\u00f1a \"Luch\u00e1 como una chica\" - CELTTV","isPartOf":{"@id":"https:\/\/www.celttv.com.ar\/#website"},"datePublished":"2018-10-30T14:16:14+00:00","dateModified":"2018-10-30T14:16:14+00:00","description":"Sitio web de noticias de la localidad de Tornquist, provincia de Buenos Aires, Rep\u00fablica Argentina. Contenido propio originado por periodistas de CELTTV, el canal de TV local de la Cooperativa El\u00e9ctrica de Tornquist. Turismo, Pol\u00edtica, Sociedad, Deporte, Cultura y todo el contenido de inter\u00e9s general que la gente del pueblo y la regi\u00f3n debe conocer.","breadcrumb":{"@id":"https:\/\/www.celttv.com.ar\/index.php\/2018\/10\/30\/salud-lanza-la-campana-lucha-como-una-chica\/#breadcrumb"},"inLanguage":"es","potentialAction":[{"@type":"ReadAction","target":["https:\/\/www.celttv.com.ar\/index.php\/2018\/10\/30\/salud-lanza-la-campana-lucha-como-una-chica\/"]}]},{"@type":"BreadcrumbList","@id":"https:\/\/www.celttv.com.ar\/index.php\/2018\/10\/30\/salud-lanza-la-campana-lucha-como-una-chica\/#breadcrumb","itemListElement":[{"@type":"ListItem","position":1,"name":"Inicio","item":"https:\/\/www.celttv.com.ar\/"},{"@type":"ListItem","position":2,"name":"Salud lanza la campa\u00f1a &#8220;Luch\u00e1 como una chica&#8221;"}]},{"@type":"WebSite","@id":"https:\/\/www.celttv.com.ar\/#website","url":"https:\/\/www.celttv.com.ar\/","name":"CELTTV","description":"Cooperativa El\u00e9ctrica de Tornquist","publisher":{"@id":"https:\/\/www.celttv.com.ar\/#organization"},"potentialAction":[{"@type":"SearchAction","target":{"@type":"EntryPoint","urlTemplate":"https:\/\/www.celttv.com.ar\/?s={search_term_string}"},"query-input":"required name=search_term_string"}],"inLanguage":"es"},{"@type":"Organization","@id":"https:\/\/www.celttv.com.ar\/#organization","name":"CELTTV","url":"https:\/\/www.celttv.com.ar\/","sameAs":["https:\/\/www.youtube.com\/channel\/UCz_oIt8Hig64Ub-EmcNPIhg","https:\/\/www.facebook.com\/celtTV\/"],"logo":{"@type":"ImageObject","inLanguage":"es","@id":"https:\/\/www.celttv.com.ar\/#\/schema\/logo\/image\/","url":"http:\/\/www.celttv.com.ar\/wp-content\/uploads\/2022\/08\/logo-1.png","contentUrl":"http:\/\/www.celttv.com.ar\/wp-content\/uploads\/2022\/08\/logo-1.png","width":461,"height":159,"caption":"CELTTV"},"image":{"@id":"https:\/\/www.celttv.com.ar\/#\/schema\/logo\/image\/"}},{"@type":"Person","@id":"https:\/\/www.celttv.com.ar\/#\/schema\/person\/6d99c072dba59953809c81446e9d0ace","name":"ulises","image":{"@type":"ImageObject","inLanguage":"es","@id":"https:\/\/www.celttv.com.ar\/#\/schema\/person\/image\/","url":"https:\/\/secure.gravatar.com\/avatar\/7f2c48bdc33b30088f941fb6082e555f2874c98e20cb159d7b92b50eadfce793?s=96&d=mm&r=g","contentUrl":"https:\/\/secure.gravatar.com\/avatar\/7f2c48bdc33b30088f941fb6082e555f2874c98e20cb159d7b92b50eadfce793?s=96&d=mm&r=g","caption":"ulises"},"sameAs":["http:\/\/www.celttv.com.ar"]}]}},"_links":{"self":[{"href":"https:\/\/www.celttv.com.ar\/index.php\/wp-json\/wp\/v2\/posts\/38224","targetHints":{"allow":["GET"]}}],"collection":[{"href":"https:\/\/www.celttv.com.ar\/index.php\/wp-json\/wp\/v2\/posts"}],"about":[{"href":"https:\/\/www.celttv.com.ar\/index.php\/wp-json\/wp\/v2\/types\/post"}],"author":[{"embeddable":true,"href":"https:\/\/www.celttv.com.ar\/index.php\/wp-json\/wp\/v2\/users\/1"}],"replies":[{"embeddable":true,"href":"https:\/\/www.celttv.com.ar\/index.php\/wp-json\/wp\/v2\/comments?post=38224"}],"version-history":[{"count":0,"href":"https:\/\/www.celttv.com.ar\/index.php\/wp-json\/wp\/v2\/posts\/38224\/revisions"}],"wp:featuredmedia":[{"embeddable":true,"href":"https:\/\/www.celttv.com.ar\/index.php\/wp-json\/wp\/v2\/media\/38226"}],"wp:attachment":[{"href":"https:\/\/www.celttv.com.ar\/index.php\/wp-json\/wp\/v2\/media?parent=38224"}],"wp:term":[{"taxonomy":"category","embeddable":true,"href":"https:\/\/www.celttv.com.ar\/index.php\/wp-json\/wp\/v2\/categories?post=38224"},{"taxonomy":"post_tag","embeddable":true,"href":"https:\/\/www.celttv.com.ar\/index.php\/wp-json\/wp\/v2\/tags?post=38224"}],"curies":[{"name":"wp","href":"https:\/\/api.w.org\/{rel}","templated":true}]}}