{"id":38234,"date":"2018-10-30T14:26:16","date_gmt":"2018-10-30T14:26:16","guid":{"rendered":"http:\/\/www.celttv.com.ar\/?p=38234"},"modified":"2018-10-30T14:26:16","modified_gmt":"2018-10-30T14:26:16","slug":"asi-fue-la-excelente-campana-de-la-octava-de-automoto","status":"publish","type":"post","link":"https:\/\/www.celttv.com.ar\/index.php\/2018\/10\/30\/asi-fue-la-excelente-campana-de-la-octava-de-automoto\/","title":{"rendered":"As\u00ed fue la excelente campa\u00f1a de la Octava de Automoto"},"content":{"rendered":"<p>Con una campa\u00f1a espectacular, la Octava divisi\u00f3n del Automoto Club Deportivo se consagr\u00f3 campe\u00f3n del torneo anual de inferiores que organiz\u00f3 la Liga Regional de F\u00fatbol de Coronel Su\u00e1rez.<br \/>\nLos chicos azulgranas cumplieron una tremenda temporada. Los n\u00fameros son fieles testigos de eso, teniendo en cuenta que obtuvo 19 victorias, un empate y una sola derrota en 21 encuentros, con 47 goles a favor y tan s\u00f3lo 7 en contra. Impresionante.<br \/>\nA continuaci\u00f3n se resalta el transcurrir del campeonato, fecha por fecha:<br \/>\n&nbsp;<\/p>\n<table>\n<tbody>\n<tr>\n<td>\n<table>\n<tbody>\n<tr>\n<td><strong>Fecha<\/strong><\/td>\n<td><strong>Rival<\/strong><\/td>\n<td><strong>Condici\u00f3n<\/strong><\/td>\n<td><strong>Resultado<\/strong><\/td>\n<td><strong>Goles<\/strong><\/td>\n<\/tr>\n<tr>\n<td>1<\/td>\n<td>Boca<\/td>\n<td>V<\/td>\n<td>1-0<\/td>\n<td>Mateo Toy<\/td>\n<\/tr>\n<tr>\n<td>2<\/td>\n<td>El Progreso<\/td>\n<td>V<\/td>\n<td>3-1<\/td>\n<td>Ger\u00f3nimo Kugler (2) y Thiago Franco<\/td>\n<\/tr>\n<tr>\n<td>3<\/td>\n<td>C. Sarmiento A<\/td>\n<td>V<\/td>\n<td>4-0<\/td>\n<td>Ger\u00f3nimo Kugler, Bautista Fretes, Santiago Fretes y Thiago Franco<\/td>\n<\/tr>\n<tr>\n<td>4<\/td>\n<td>S. Mart\u00edn S<\/td>\n<td>L<\/td>\n<td>3-0<\/td>\n<td>Ger\u00f3nimo Kugler (2) y Mateo Toy<\/td>\n<\/tr>\n<tr>\n<td>5<\/td>\n<td>Libre<\/td>\n<td><\/td>\n<td><\/td>\n<td><\/td>\n<\/tr>\n<tr>\n<td>6<\/td>\n<td>S. Mart\u00edn ST<\/td>\n<td>V<\/td>\n<td>1-3<\/td>\n<td>Thiago Franco<\/td>\n<\/tr>\n<tr>\n<td>7<\/td>\n<td>Independiente<\/td>\n<td>L<\/td>\n<td>5-0<\/td>\n<td>Thiago Franco (2, uno de penal), Ger\u00f3nimo Kugler, Bautista Frentes y Juan M. Flores<\/td>\n<\/tr>\n<tr>\n<td>8<\/td>\n<td>Libre<\/td>\n<td><\/td>\n<td><\/td>\n<td><\/td>\n<\/tr>\n<tr>\n<td>9<\/td>\n<td>Pe\u00f1arol<\/td>\n<td>L<\/td>\n<td>2-0<\/td>\n<td>Mateo Toy y Bautista Fretes<\/td>\n<\/tr>\n<tr>\n<td>10<\/td>\n<td>D. Sarmiento B<\/td>\n<td>V<\/td>\n<td>2-0<\/td>\n<td>Juan Mart\u00edn Flores y Bautista Fretes<\/td>\n<\/tr>\n<tr>\n<td>11<\/td>\n<td>Uni\u00f3n<\/td>\n<td>L<\/td>\n<td>2-0<\/td>\n<td>Bautista Frentes y Thiago Franco<\/td>\n<\/tr>\n<tr>\n<td>12<\/td>\n<td>Boca<\/td>\n<td>L<\/td>\n<td>4-0<\/td>\n<td>Bautista Frentes (3) y Ger\u00f3nimo Kugler<\/td>\n<\/tr>\n<tr>\n<td>13<\/td>\n<td>El Progres<\/td>\n<td>L<\/td>\n<td>0-0<\/td>\n<td>&#8212;<\/td>\n<\/tr>\n<tr>\n<td>14<\/td>\n<td>C. Sarmiento A<\/td>\n<td>L<\/td>\n<td>1-0<\/td>\n<td>Juan M. Flores<\/td>\n<\/tr>\n<tr>\n<td>15<\/td>\n<td>S. Mart\u00edn S<\/td>\n<td>V<\/td>\n<td>2-0<\/td>\n<td>Juan Wallace y Ger\u00f3nimo Kugler<\/td>\n<\/tr>\n<tr>\n<td>16<\/td>\n<td>Libre<\/td>\n<td><\/td>\n<td><\/td>\n<td><\/td>\n<\/tr>\n<tr>\n<td>17<\/td>\n<td>S. Mart\u00edn ST<\/td>\n<td>L<\/td>\n<td>1-0<\/td>\n<td>Bautista Fretes<\/td>\n<\/tr>\n<tr>\n<td>18<\/td>\n<td>Independiente<\/td>\n<td>V<\/td>\n<td>2-0<\/td>\n<td>Bautista Fretes y Juan M. Flores<\/td>\n<\/tr>\n<tr>\n<td>19<\/td>\n<td>Libre<\/td>\n<td><\/td>\n<td><\/td>\n<td><\/td>\n<\/tr>\n<tr>\n<td>20<\/td>\n<td>Pe\u00f1arol P<\/td>\n<td>V<\/td>\n<td>2-0<\/td>\n<td>Ger\u00f3nimo Kugler (p) y Lautaro Ferreyra<\/td>\n<\/tr>\n<tr>\n<td>21<\/td>\n<td>D. Sarmiento B<\/td>\n<td>L<\/td>\n<td>2-0<\/td>\n<td>Juan M. Flores y Ger\u00f3nimo Kugler (p)<\/td>\n<\/tr>\n<tr>\n<td>22<\/td>\n<td>Uni\u00f3n<\/td>\n<td>V<\/td>\n<td>4-1<\/td>\n<td>Ger\u00f3nimo Kugler (3) y Mateo Toy<\/td>\n<\/tr>\n<tr>\n<td>Cuartos<\/td>\n<td>B. Negro<\/td>\n<td>Neu<\/td>\n<td>2-1<\/td>\n<td>Lautaro Ferreyra y Ger\u00f3nimo Kugler (p)<\/td>\n<\/tr>\n<tr>\n<td>Semifinal<\/td>\n<td>Tiro P<\/td>\n<td>Neu<\/td>\n<td>2-0<\/td>\n<td>Bautista Fretes y Mateo Toy<\/td>\n<\/tr>\n<tr>\n<td>Final<\/td>\n<td>S. Mart\u00edn ST<\/td>\n<td>Neu<\/td>\n<td>2-1<\/td>\n<td>Ger\u00f3nimo Kugler (2)<\/td>\n<\/tr>\n<\/tbody>\n<\/table>\n<\/td>\n<\/tr>\n<\/tbody>\n<\/table>\n<p>&nbsp;<br \/>\n<strong>El plantel<\/strong><br \/>\nJugaron en la presente temporada de la divisi\u00f3n: Maximiliano Nievas, Lucas Solano, Rafael Molinero, Juan Flores, Vladimir Ibarra, Lautaro Sandoval, Lautaro Ferreyra, Santiago Fretes, Ger\u00f3nimo Kugler, Mateo Toy, Bautista Fretes, Juan Wallace, Sebasti\u00e1n Dobal, Joaqu\u00edn Ledesma, El\u00edas Acu\u00f1a, Thiago Mu\u00f1oz, Exequiel Sandoval, Thiago Franco, Guido David, Giani Pollio, Dylan Cornejo, Santiago Hansel y Cristopher Salazar.<br \/>\n<strong>Los goleadores<\/strong><br \/>\nLos 47 tantos que marc\u00f3 el equipo en los 21 juegos disputados se repartieron de la siguiente manera: Ger\u00f3nimo Kugler, 16 conquistas; Bautista Fretes, 11; Thiago Franco, 6; Juan Mart\u00edn Flores y Mateo Toy, 5; Lautaro Ferreyra, 2; Santiago Fretes, 1; y Juan Wallace, 1.<br \/>\n&nbsp;<br \/>\nDepartamento de Prensa \u2013 Automoto Club Deportivo<br \/>\nwww.clubautomotopasion.com.ar<br \/>\nFacebook: \/automototornquist<br \/>\nTwitter: @ClubAutomoto<br \/>\n&nbsp;<\/p>\n","protected":false},"excerpt":{"rendered":"<p>Con una campa\u00f1a espectacular, la Octava divisi\u00f3n del Automoto Club Deportivo se consagr\u00f3 campe\u00f3n del torneo anual de inferiores que organiz\u00f3 la Liga Regional de F\u00fatbol de Coronel Su\u00e1rez. Los chicos azulgranas cumplieron una tremenda temporada. Los n\u00fameros son fieles testigos de eso, teniendo en cuenta que obtuvo 19 victorias, un empate y una sola [&hellip;]<\/p>\n","protected":false},"author":1,"featured_media":38235,"comment_status":"closed","ping_status":"open","sticky":false,"template":"","format":"standard","meta":{"footnotes":""},"categories":[55,60,52,63],"tags":[],"class_list":["post-38234","post","type-post","status-publish","format-standard","has-post-thumbnail","hentry","category-celt-tv-noticias","category-deporte","category-destacadas","category-magazine-sport"],"yoast_head":"<!-- This site is optimized with the Yoast SEO plugin v19.7.1 - https:\/\/yoast.com\/wordpress\/plugins\/seo\/ -->\n<title>As\u00ed fue la excelente campa\u00f1a de la Octava de Automoto - CELTTV<\/title>\n<meta name=\"description\" content=\"Sitio web de noticias de la localidad de Tornquist, provincia de Buenos Aires, Rep\u00fablica Argentina. Contenido propio originado por periodistas de CELTTV, el canal de TV local de la Cooperativa El\u00e9ctrica de Tornquist. Turismo, Pol\u00edtica, Sociedad, Deporte, Cultura y todo el contenido de inter\u00e9s general que la gente del pueblo y la regi\u00f3n debe conocer.\" \/>\n<meta name=\"robots\" content=\"index, follow, max-snippet:-1, max-image-preview:large, max-video-preview:-1\" \/>\n<link rel=\"canonical\" href=\"https:\/\/www.celttv.com.ar\/index.php\/2018\/10\/30\/asi-fue-la-excelente-campana-de-la-octava-de-automoto\/\" \/>\n<meta property=\"og:locale\" content=\"es_ES\" \/>\n<meta property=\"og:type\" content=\"article\" \/>\n<meta property=\"og:title\" content=\"As\u00ed fue la excelente campa\u00f1a de la Octava de Automoto - CELTTV\" \/>\n<meta property=\"og:description\" content=\"Sitio web de noticias de la localidad de Tornquist, provincia de Buenos Aires, Rep\u00fablica Argentina. Contenido propio originado por periodistas de CELTTV, el canal de TV local de la Cooperativa El\u00e9ctrica de Tornquist. Turismo, Pol\u00edtica, Sociedad, Deporte, Cultura y todo el contenido de inter\u00e9s general que la gente del pueblo y la regi\u00f3n debe conocer.\" \/>\n<meta property=\"og:url\" content=\"https:\/\/www.celttv.com.ar\/index.php\/2018\/10\/30\/asi-fue-la-excelente-campana-de-la-octava-de-automoto\/\" \/>\n<meta property=\"og:site_name\" content=\"CELTTV\" \/>\n<meta property=\"article:publisher\" content=\"https:\/\/www.facebook.com\/celtTV\/\" \/>\n<meta property=\"article:published_time\" content=\"2018-10-30T14:26:16+00:00\" \/>\n<meta property=\"og:image\" content=\"https:\/\/www.celttv.com.ar\/wp-content\/uploads\/2018\/10\/DSCN7033.jpg\" \/>\n\t<meta property=\"og:image:width\" content=\"960\" \/>\n\t<meta property=\"og:image:height\" content=\"518\" \/>\n\t<meta property=\"og:image:type\" content=\"image\/jpeg\" \/>\n<meta name=\"author\" content=\"ulises\" \/>\n<meta name=\"twitter:card\" content=\"summary_large_image\" \/>\n<meta name=\"twitter:label1\" content=\"Escrito por\" \/>\n\t<meta name=\"twitter:data1\" content=\"ulises\" \/>\n\t<meta name=\"twitter:label2\" content=\"Tiempo de lectura\" \/>\n\t<meta name=\"twitter:data2\" content=\"2 minutos\" \/>\n<script type=\"application\/ld+json\" class=\"yoast-schema-graph\">{\"@context\":\"https:\/\/schema.org\",\"@graph\":[{\"@type\":\"NewsArticle\",\"@id\":\"https:\/\/www.celttv.com.ar\/index.php\/2018\/10\/30\/asi-fue-la-excelente-campana-de-la-octava-de-automoto\/#article\",\"isPartOf\":{\"@id\":\"https:\/\/www.celttv.com.ar\/index.php\/2018\/10\/30\/asi-fue-la-excelente-campana-de-la-octava-de-automoto\/\"},\"author\":{\"name\":\"ulises\",\"@id\":\"https:\/\/www.celttv.com.ar\/#\/schema\/person\/6d99c072dba59953809c81446e9d0ace\"},\"headline\":\"As\u00ed fue la excelente campa\u00f1a de la Octava de Automoto\",\"datePublished\":\"2018-10-30T14:26:16+00:00\",\"dateModified\":\"2018-10-30T14:26:16+00:00\",\"mainEntityOfPage\":{\"@id\":\"https:\/\/www.celttv.com.ar\/index.php\/2018\/10\/30\/asi-fue-la-excelente-campana-de-la-octava-de-automoto\/\"},\"wordCount\":444,\"publisher\":{\"@id\":\"https:\/\/www.celttv.com.ar\/#organization\"},\"articleSection\":[\"Celt TV Noticias\",\"Deporte\",\"Destacadas\",\"Magazine Sport\"],\"inLanguage\":\"es\"},{\"@type\":\"WebPage\",\"@id\":\"https:\/\/www.celttv.com.ar\/index.php\/2018\/10\/30\/asi-fue-la-excelente-campana-de-la-octava-de-automoto\/\",\"url\":\"https:\/\/www.celttv.com.ar\/index.php\/2018\/10\/30\/asi-fue-la-excelente-campana-de-la-octava-de-automoto\/\",\"name\":\"As\u00ed fue la excelente campa\u00f1a de la Octava de Automoto - CELTTV\",\"isPartOf\":{\"@id\":\"https:\/\/www.celttv.com.ar\/#website\"},\"datePublished\":\"2018-10-30T14:26:16+00:00\",\"dateModified\":\"2018-10-30T14:26:16+00:00\",\"description\":\"Sitio web de noticias de la localidad de Tornquist, provincia de Buenos Aires, Rep\u00fablica Argentina. Contenido propio originado por periodistas de CELTTV, el canal de TV local de la Cooperativa El\u00e9ctrica de Tornquist. Turismo, Pol\u00edtica, Sociedad, Deporte, Cultura y todo el contenido de inter\u00e9s general que la gente del pueblo y la regi\u00f3n debe conocer.\",\"breadcrumb\":{\"@id\":\"https:\/\/www.celttv.com.ar\/index.php\/2018\/10\/30\/asi-fue-la-excelente-campana-de-la-octava-de-automoto\/#breadcrumb\"},\"inLanguage\":\"es\",\"potentialAction\":[{\"@type\":\"ReadAction\",\"target\":[\"https:\/\/www.celttv.com.ar\/index.php\/2018\/10\/30\/asi-fue-la-excelente-campana-de-la-octava-de-automoto\/\"]}]},{\"@type\":\"BreadcrumbList\",\"@id\":\"https:\/\/www.celttv.com.ar\/index.php\/2018\/10\/30\/asi-fue-la-excelente-campana-de-la-octava-de-automoto\/#breadcrumb\",\"itemListElement\":[{\"@type\":\"ListItem\",\"position\":1,\"name\":\"Inicio\",\"item\":\"https:\/\/www.celttv.com.ar\/\"},{\"@type\":\"ListItem\",\"position\":2,\"name\":\"As\u00ed fue la excelente campa\u00f1a de la Octava de Automoto\"}]},{\"@type\":\"WebSite\",\"@id\":\"https:\/\/www.celttv.com.ar\/#website\",\"url\":\"https:\/\/www.celttv.com.ar\/\",\"name\":\"CELTTV\",\"description\":\"Cooperativa El\u00e9ctrica de Tornquist\",\"publisher\":{\"@id\":\"https:\/\/www.celttv.com.ar\/#organization\"},\"potentialAction\":[{\"@type\":\"SearchAction\",\"target\":{\"@type\":\"EntryPoint\",\"urlTemplate\":\"https:\/\/www.celttv.com.ar\/?s={search_term_string}\"},\"query-input\":\"required name=search_term_string\"}],\"inLanguage\":\"es\"},{\"@type\":\"Organization\",\"@id\":\"https:\/\/www.celttv.com.ar\/#organization\",\"name\":\"CELTTV\",\"url\":\"https:\/\/www.celttv.com.ar\/\",\"sameAs\":[\"https:\/\/www.youtube.com\/channel\/UCz_oIt8Hig64Ub-EmcNPIhg\",\"https:\/\/www.facebook.com\/celtTV\/\"],\"logo\":{\"@type\":\"ImageObject\",\"inLanguage\":\"es\",\"@id\":\"https:\/\/www.celttv.com.ar\/#\/schema\/logo\/image\/\",\"url\":\"http:\/\/www.celttv.com.ar\/wp-content\/uploads\/2022\/08\/logo-1.png\",\"contentUrl\":\"http:\/\/www.celttv.com.ar\/wp-content\/uploads\/2022\/08\/logo-1.png\",\"width\":461,\"height\":159,\"caption\":\"CELTTV\"},\"image\":{\"@id\":\"https:\/\/www.celttv.com.ar\/#\/schema\/logo\/image\/\"}},{\"@type\":\"Person\",\"@id\":\"https:\/\/www.celttv.com.ar\/#\/schema\/person\/6d99c072dba59953809c81446e9d0ace\",\"name\":\"ulises\",\"image\":{\"@type\":\"ImageObject\",\"inLanguage\":\"es\",\"@id\":\"https:\/\/www.celttv.com.ar\/#\/schema\/person\/image\/\",\"url\":\"https:\/\/secure.gravatar.com\/avatar\/7f2c48bdc33b30088f941fb6082e555f2874c98e20cb159d7b92b50eadfce793?s=96&d=mm&r=g\",\"contentUrl\":\"https:\/\/secure.gravatar.com\/avatar\/7f2c48bdc33b30088f941fb6082e555f2874c98e20cb159d7b92b50eadfce793?s=96&d=mm&r=g\",\"caption\":\"ulises\"},\"sameAs\":[\"http:\/\/www.celttv.com.ar\"]}]}<\/script>\n<!-- \/ Yoast SEO plugin. -->","yoast_head_json":{"title":"As\u00ed fue la excelente campa\u00f1a de la Octava de Automoto - CELTTV","description":"Sitio web de noticias de la localidad de Tornquist, provincia de Buenos Aires, Rep\u00fablica Argentina. Contenido propio originado por periodistas de CELTTV, el canal de TV local de la Cooperativa El\u00e9ctrica de Tornquist. Turismo, Pol\u00edtica, Sociedad, Deporte, Cultura y todo el contenido de inter\u00e9s general que la gente del pueblo y la regi\u00f3n debe conocer.","robots":{"index":"index","follow":"follow","max-snippet":"max-snippet:-1","max-image-preview":"max-image-preview:large","max-video-preview":"max-video-preview:-1"},"canonical":"https:\/\/www.celttv.com.ar\/index.php\/2018\/10\/30\/asi-fue-la-excelente-campana-de-la-octava-de-automoto\/","og_locale":"es_ES","og_type":"article","og_title":"As\u00ed fue la excelente campa\u00f1a de la Octava de Automoto - CELTTV","og_description":"Sitio web de noticias de la localidad de Tornquist, provincia de Buenos Aires, Rep\u00fablica Argentina. Contenido propio originado por periodistas de CELTTV, el canal de TV local de la Cooperativa El\u00e9ctrica de Tornquist. Turismo, Pol\u00edtica, Sociedad, Deporte, Cultura y todo el contenido de inter\u00e9s general que la gente del pueblo y la regi\u00f3n debe conocer.","og_url":"https:\/\/www.celttv.com.ar\/index.php\/2018\/10\/30\/asi-fue-la-excelente-campana-de-la-octava-de-automoto\/","og_site_name":"CELTTV","article_publisher":"https:\/\/www.facebook.com\/celtTV\/","article_published_time":"2018-10-30T14:26:16+00:00","og_image":[{"width":960,"height":518,"url":"https:\/\/www.celttv.com.ar\/wp-content\/uploads\/2018\/10\/DSCN7033.jpg","type":"image\/jpeg"}],"author":"ulises","twitter_card":"summary_large_image","twitter_misc":{"Escrito por":"ulises","Tiempo de lectura":"2 minutos"},"schema":{"@context":"https:\/\/schema.org","@graph":[{"@type":"NewsArticle","@id":"https:\/\/www.celttv.com.ar\/index.php\/2018\/10\/30\/asi-fue-la-excelente-campana-de-la-octava-de-automoto\/#article","isPartOf":{"@id":"https:\/\/www.celttv.com.ar\/index.php\/2018\/10\/30\/asi-fue-la-excelente-campana-de-la-octava-de-automoto\/"},"author":{"name":"ulises","@id":"https:\/\/www.celttv.com.ar\/#\/schema\/person\/6d99c072dba59953809c81446e9d0ace"},"headline":"As\u00ed fue la excelente campa\u00f1a de la Octava de Automoto","datePublished":"2018-10-30T14:26:16+00:00","dateModified":"2018-10-30T14:26:16+00:00","mainEntityOfPage":{"@id":"https:\/\/www.celttv.com.ar\/index.php\/2018\/10\/30\/asi-fue-la-excelente-campana-de-la-octava-de-automoto\/"},"wordCount":444,"publisher":{"@id":"https:\/\/www.celttv.com.ar\/#organization"},"articleSection":["Celt TV Noticias","Deporte","Destacadas","Magazine Sport"],"inLanguage":"es"},{"@type":"WebPage","@id":"https:\/\/www.celttv.com.ar\/index.php\/2018\/10\/30\/asi-fue-la-excelente-campana-de-la-octava-de-automoto\/","url":"https:\/\/www.celttv.com.ar\/index.php\/2018\/10\/30\/asi-fue-la-excelente-campana-de-la-octava-de-automoto\/","name":"As\u00ed fue la excelente campa\u00f1a de la Octava de Automoto - CELTTV","isPartOf":{"@id":"https:\/\/www.celttv.com.ar\/#website"},"datePublished":"2018-10-30T14:26:16+00:00","dateModified":"2018-10-30T14:26:16+00:00","description":"Sitio web de noticias de la localidad de Tornquist, provincia de Buenos Aires, Rep\u00fablica Argentina. Contenido propio originado por periodistas de CELTTV, el canal de TV local de la Cooperativa El\u00e9ctrica de Tornquist. Turismo, Pol\u00edtica, Sociedad, Deporte, Cultura y todo el contenido de inter\u00e9s general que la gente del pueblo y la regi\u00f3n debe conocer.","breadcrumb":{"@id":"https:\/\/www.celttv.com.ar\/index.php\/2018\/10\/30\/asi-fue-la-excelente-campana-de-la-octava-de-automoto\/#breadcrumb"},"inLanguage":"es","potentialAction":[{"@type":"ReadAction","target":["https:\/\/www.celttv.com.ar\/index.php\/2018\/10\/30\/asi-fue-la-excelente-campana-de-la-octava-de-automoto\/"]}]},{"@type":"BreadcrumbList","@id":"https:\/\/www.celttv.com.ar\/index.php\/2018\/10\/30\/asi-fue-la-excelente-campana-de-la-octava-de-automoto\/#breadcrumb","itemListElement":[{"@type":"ListItem","position":1,"name":"Inicio","item":"https:\/\/www.celttv.com.ar\/"},{"@type":"ListItem","position":2,"name":"As\u00ed fue la excelente campa\u00f1a de la Octava de Automoto"}]},{"@type":"WebSite","@id":"https:\/\/www.celttv.com.ar\/#website","url":"https:\/\/www.celttv.com.ar\/","name":"CELTTV","description":"Cooperativa El\u00e9ctrica de Tornquist","publisher":{"@id":"https:\/\/www.celttv.com.ar\/#organization"},"potentialAction":[{"@type":"SearchAction","target":{"@type":"EntryPoint","urlTemplate":"https:\/\/www.celttv.com.ar\/?s={search_term_string}"},"query-input":"required name=search_term_string"}],"inLanguage":"es"},{"@type":"Organization","@id":"https:\/\/www.celttv.com.ar\/#organization","name":"CELTTV","url":"https:\/\/www.celttv.com.ar\/","sameAs":["https:\/\/www.youtube.com\/channel\/UCz_oIt8Hig64Ub-EmcNPIhg","https:\/\/www.facebook.com\/celtTV\/"],"logo":{"@type":"ImageObject","inLanguage":"es","@id":"https:\/\/www.celttv.com.ar\/#\/schema\/logo\/image\/","url":"http:\/\/www.celttv.com.ar\/wp-content\/uploads\/2022\/08\/logo-1.png","contentUrl":"http:\/\/www.celttv.com.ar\/wp-content\/uploads\/2022\/08\/logo-1.png","width":461,"height":159,"caption":"CELTTV"},"image":{"@id":"https:\/\/www.celttv.com.ar\/#\/schema\/logo\/image\/"}},{"@type":"Person","@id":"https:\/\/www.celttv.com.ar\/#\/schema\/person\/6d99c072dba59953809c81446e9d0ace","name":"ulises","image":{"@type":"ImageObject","inLanguage":"es","@id":"https:\/\/www.celttv.com.ar\/#\/schema\/person\/image\/","url":"https:\/\/secure.gravatar.com\/avatar\/7f2c48bdc33b30088f941fb6082e555f2874c98e20cb159d7b92b50eadfce793?s=96&d=mm&r=g","contentUrl":"https:\/\/secure.gravatar.com\/avatar\/7f2c48bdc33b30088f941fb6082e555f2874c98e20cb159d7b92b50eadfce793?s=96&d=mm&r=g","caption":"ulises"},"sameAs":["http:\/\/www.celttv.com.ar"]}]}},"_links":{"self":[{"href":"https:\/\/www.celttv.com.ar\/index.php\/wp-json\/wp\/v2\/posts\/38234","targetHints":{"allow":["GET"]}}],"collection":[{"href":"https:\/\/www.celttv.com.ar\/index.php\/wp-json\/wp\/v2\/posts"}],"about":[{"href":"https:\/\/www.celttv.com.ar\/index.php\/wp-json\/wp\/v2\/types\/post"}],"author":[{"embeddable":true,"href":"https:\/\/www.celttv.com.ar\/index.php\/wp-json\/wp\/v2\/users\/1"}],"replies":[{"embeddable":true,"href":"https:\/\/www.celttv.com.ar\/index.php\/wp-json\/wp\/v2\/comments?post=38234"}],"version-history":[{"count":0,"href":"https:\/\/www.celttv.com.ar\/index.php\/wp-json\/wp\/v2\/posts\/38234\/revisions"}],"wp:featuredmedia":[{"embeddable":true,"href":"https:\/\/www.celttv.com.ar\/index.php\/wp-json\/wp\/v2\/media\/38235"}],"wp:attachment":[{"href":"https:\/\/www.celttv.com.ar\/index.php\/wp-json\/wp\/v2\/media?parent=38234"}],"wp:term":[{"taxonomy":"category","embeddable":true,"href":"https:\/\/www.celttv.com.ar\/index.php\/wp-json\/wp\/v2\/categories?post=38234"},{"taxonomy":"post_tag","embeddable":true,"href":"https:\/\/www.celttv.com.ar\/index.php\/wp-json\/wp\/v2\/tags?post=38234"}],"curies":[{"name":"wp","href":"https:\/\/api.w.org\/{rel}","templated":true}]}}