{"id":38243,"date":"2018-10-30T21:27:40","date_gmt":"2018-10-30T21:27:40","guid":{"rendered":"http:\/\/www.celttv.com.ar\/?p=38243"},"modified":"2018-10-30T21:27:40","modified_gmt":"2018-10-30T21:27:40","slug":"otra-intensa-jornada-del-baby-futbol-de-automoto","status":"publish","type":"post","link":"https:\/\/www.celttv.com.ar\/index.php\/2018\/10\/30\/otra-intensa-jornada-del-baby-futbol-de-automoto\/","title":{"rendered":"Otra intensa jornada del Baby F\u00fatbol de Automoto"},"content":{"rendered":"<p>Con el debut de la categor\u00eda 2009\/2010 como aspecto saliente, se llev\u00f3 a cabo la cuarta fecha del torneo de Baby F\u00fatbol que organiza el Automoto Club Deportivo y que se encuentra destinado a chicos en edad de escuelita.<br \/>\nEl Polideportivo \u201cMario Gandini\u201d de la instituci\u00f3n fue testigo de otra jornada muy intensa y disputada, en la que abundaron los goles, la diversi\u00f3n y una marcada muestra de compa\u00f1erismo.<br \/>\nLos resultados, formaciones y goleadores del encuentro son los siguientes:<br \/>\n<strong>Categor\u00eda 2009\/10<\/strong><br \/>\n<strong>Partido N\u00ba 1<\/strong><br \/>\n<strong>EL TALLER DE VIVI (6): <\/strong>Mateo Vittori, Bautista Schwab, Faustino Beleli, Pedro Braun, Valentino Braun, Donato Siguismondi y Juan Botto.<br \/>\nGoles: Mateo Vittori (3), Donato Siguismondi y Juan Botto (2).<br \/>\n<strong>EL BALCON DE ARROYO (6): <\/strong>Juli\u00e1n Trankels, Francisco Tobares, Juani Abreg\u00fa, Miguel Vera, Juan Melchior Bras, Genaro Bauer, Kevin Ferreyra y Lautaro Del P\u00f3.<br \/>\nGoles: Juani Abreg\u00fa, Francisco Tobares y Juli\u00e1n Trankels (3).<br \/>\n<u>\u00a0<\/u><br \/>\n<strong>Partido N\u00ba 2<\/strong><br \/>\n<strong>ROMA\/CIELO SERRANO (2): <\/strong>Lucas Funes, Facundo Abalos, Emiliano Solano, Franco Bual\u00f3, Valentino Sgammini, Bautista Marconi, Ignacio Cabrera y Ezequiel Funes.<br \/>\nGoles: Facundo Abalos y Bautista Marconi.<br \/>\n<strong>VETERINARIA DEL CENTRO (4): <\/strong>Ian Borches, Nazareno Verdinelli, Valentino Maldoni, Uriel D\u00edaz, Agust\u00edn Del P\u00f3, Nahuel Garc\u00eda, Felipe Santamarina, Santino Bolletta y Juan Mayer.<br \/>\nGoles: Nahuel Garc\u00eda (2), Felipe Santamarina y Santino Bolletta.<br \/>\n<u>\u00a0<\/u><br \/>\n<strong>Partido N\u00ba 3 <\/strong><br \/>\n<strong>EL TALLER DE VIVI (2)<\/strong><br \/>\nGoles: Pedro Braun y Faustino Beleli.<br \/>\n<strong>VETERINARIA DEL CENTRO (6)<\/strong><br \/>\nGoles: Ian Borches (2), Uriel D\u00edaz, Agust\u00edn Del P\u00f3 y Felipe Santamarina (2).<br \/>\n<u>\u00a0<\/u><br \/>\n<strong>Partido N\u00ba 4<\/strong><br \/>\n<strong>ROMA\/CIELO SERRANO (4)<\/strong><br \/>\nGoles: Lucas Funes (2) y Facundo Abalos (2).<br \/>\n<strong>EL BALCON DE ARROYO (4)<\/strong><br \/>\nGoles: Francisco Tobares (2), Juani Abreg\u00fa y Juli\u00e1n Trankels.<br \/>\n<u>\u00a0<\/u><br \/>\n<strong>Categor\u00eda 2007\/08<\/strong><br \/>\n<strong>Partido N\u00ba 5<\/strong><br \/>\n<strong>DISTRIBUIDORA ECO CRISTAL (5): <\/strong>Exequiel Sandoval, Thiago Mu\u00f1oz, Tiziano Solano, Mateo Gambirassi, Bautista Ram\u00edrez, Francisco Meriggi, Ian Borches y Benjam\u00edn Gallo.<br \/>\nGoles: Exequiel Sandobal (3) y Mateo Gambirassi (2).<br \/>\n<strong>DESPENSA EL PORO (5): <\/strong>Lucas Montiel Solano, Santiago Hansel, Agust\u00edn Storm, Christopher Salazar, Alessandro Marzialetti, Uriel C\u00f3rdoba, Juli\u00e1n Trankels y Fabricio Fr\u00edas.<br \/>\nGoles: Lucas Montiel Solano (2) y Christopher Salazar (3).<br \/>\n<strong>\u00a0<\/strong><br \/>\n<strong>Partido N\u00ba 6<\/strong><br \/>\n<strong>AUTOSERVICIO IRIGOYEN (1): <\/strong>Ezequiel Heine, El\u00edas Cuevas, Lautaro Colado, Dante Manccinelli, Franco Tejeda, Juan Cabrera, Nicol\u00e1s Labarthe, Calen Scarafia y Dylan Cornejo.<br \/>\nGoles: El\u00edas Cuevas.<br \/>\n<strong>MERCADITO LAS MARIAS (2): <\/strong>Mateo Toy, Benjam\u00edn Mold\u00fa, Luciano Sandobal, Robertino Rossi, Alen Gim\u00e9nez, Franco Rubio, Benjam\u00edn Artiles y Juan Ignacio Abreg\u00fa.<br \/>\nGoles: Mateo Toy y Benjam\u00edn Mold\u00fa.<br \/>\n&nbsp;<br \/>\nDepartamento de Prensa \u2013 Automoto Club Deportivo<br \/>\nwww.clubautomotopasion.com.ar<br \/>\nFacebook: \/automototornquist<br \/>\nTwitter: @ClubAutomoto<br \/>\n&nbsp;<\/p>\n","protected":false},"excerpt":{"rendered":"<p>Con el debut de la categor\u00eda 2009\/2010 como aspecto saliente, se llev\u00f3 a cabo la cuarta fecha del torneo de Baby F\u00fatbol que organiza el Automoto Club Deportivo y que se encuentra destinado a chicos en edad de escuelita. El Polideportivo \u201cMario Gandini\u201d de la instituci\u00f3n fue testigo de otra jornada muy intensa y disputada, [&hellip;]<\/p>\n","protected":false},"author":1,"featured_media":38244,"comment_status":"closed","ping_status":"open","sticky":false,"template":"","format":"standard","meta":{"footnotes":""},"categories":[55,60,63],"tags":[],"class_list":["post-38243","post","type-post","status-publish","format-standard","has-post-thumbnail","hentry","category-celt-tv-noticias","category-deporte","category-magazine-sport"],"yoast_head":"<!-- This site is optimized with the Yoast SEO plugin v19.7.1 - https:\/\/yoast.com\/wordpress\/plugins\/seo\/ -->\n<title>Otra intensa jornada del Baby F\u00fatbol de Automoto - CELTTV<\/title>\n<meta name=\"description\" content=\"Sitio web de noticias de la localidad de Tornquist, provincia de Buenos Aires, Rep\u00fablica Argentina. Contenido propio originado por periodistas de CELTTV, el canal de TV local de la Cooperativa El\u00e9ctrica de Tornquist. Turismo, Pol\u00edtica, Sociedad, Deporte, Cultura y todo el contenido de inter\u00e9s general que la gente del pueblo y la regi\u00f3n debe conocer.\" \/>\n<meta name=\"robots\" content=\"index, follow, max-snippet:-1, max-image-preview:large, max-video-preview:-1\" \/>\n<link rel=\"canonical\" href=\"https:\/\/www.celttv.com.ar\/index.php\/2018\/10\/30\/otra-intensa-jornada-del-baby-futbol-de-automoto\/\" \/>\n<meta property=\"og:locale\" content=\"es_ES\" \/>\n<meta property=\"og:type\" content=\"article\" \/>\n<meta property=\"og:title\" content=\"Otra intensa jornada del Baby F\u00fatbol de Automoto - CELTTV\" \/>\n<meta property=\"og:description\" content=\"Sitio web de noticias de la localidad de Tornquist, provincia de Buenos Aires, Rep\u00fablica Argentina. Contenido propio originado por periodistas de CELTTV, el canal de TV local de la Cooperativa El\u00e9ctrica de Tornquist. Turismo, Pol\u00edtica, Sociedad, Deporte, Cultura y todo el contenido de inter\u00e9s general que la gente del pueblo y la regi\u00f3n debe conocer.\" \/>\n<meta property=\"og:url\" content=\"https:\/\/www.celttv.com.ar\/index.php\/2018\/10\/30\/otra-intensa-jornada-del-baby-futbol-de-automoto\/\" \/>\n<meta property=\"og:site_name\" content=\"CELTTV\" \/>\n<meta property=\"article:publisher\" content=\"https:\/\/www.facebook.com\/celtTV\/\" \/>\n<meta property=\"article:published_time\" content=\"2018-10-30T21:27:40+00:00\" \/>\n<meta property=\"og:image\" content=\"https:\/\/www.celttv.com.ar\/wp-content\/uploads\/2018\/10\/012.jpg\" \/>\n\t<meta property=\"og:image:width\" content=\"960\" \/>\n\t<meta property=\"og:image:height\" content=\"740\" \/>\n\t<meta property=\"og:image:type\" content=\"image\/jpeg\" \/>\n<meta name=\"author\" content=\"ulises\" \/>\n<meta name=\"twitter:card\" content=\"summary_large_image\" \/>\n<meta name=\"twitter:label1\" content=\"Escrito por\" \/>\n\t<meta name=\"twitter:data1\" content=\"ulises\" \/>\n\t<meta name=\"twitter:label2\" content=\"Tiempo de lectura\" \/>\n\t<meta name=\"twitter:data2\" content=\"2 minutos\" \/>\n<script type=\"application\/ld+json\" class=\"yoast-schema-graph\">{\"@context\":\"https:\/\/schema.org\",\"@graph\":[{\"@type\":\"NewsArticle\",\"@id\":\"https:\/\/www.celttv.com.ar\/index.php\/2018\/10\/30\/otra-intensa-jornada-del-baby-futbol-de-automoto\/#article\",\"isPartOf\":{\"@id\":\"https:\/\/www.celttv.com.ar\/index.php\/2018\/10\/30\/otra-intensa-jornada-del-baby-futbol-de-automoto\/\"},\"author\":{\"name\":\"ulises\",\"@id\":\"https:\/\/www.celttv.com.ar\/#\/schema\/person\/6d99c072dba59953809c81446e9d0ace\"},\"headline\":\"Otra intensa jornada del Baby F\u00fatbol de Automoto\",\"datePublished\":\"2018-10-30T21:27:40+00:00\",\"dateModified\":\"2018-10-30T21:27:40+00:00\",\"mainEntityOfPage\":{\"@id\":\"https:\/\/www.celttv.com.ar\/index.php\/2018\/10\/30\/otra-intensa-jornada-del-baby-futbol-de-automoto\/\"},\"wordCount\":412,\"publisher\":{\"@id\":\"https:\/\/www.celttv.com.ar\/#organization\"},\"articleSection\":[\"Celt TV Noticias\",\"Deporte\",\"Magazine Sport\"],\"inLanguage\":\"es\"},{\"@type\":\"WebPage\",\"@id\":\"https:\/\/www.celttv.com.ar\/index.php\/2018\/10\/30\/otra-intensa-jornada-del-baby-futbol-de-automoto\/\",\"url\":\"https:\/\/www.celttv.com.ar\/index.php\/2018\/10\/30\/otra-intensa-jornada-del-baby-futbol-de-automoto\/\",\"name\":\"Otra intensa jornada del Baby F\u00fatbol de Automoto - CELTTV\",\"isPartOf\":{\"@id\":\"https:\/\/www.celttv.com.ar\/#website\"},\"datePublished\":\"2018-10-30T21:27:40+00:00\",\"dateModified\":\"2018-10-30T21:27:40+00:00\",\"description\":\"Sitio web de noticias de la localidad de Tornquist, provincia de Buenos Aires, Rep\u00fablica Argentina. Contenido propio originado por periodistas de CELTTV, el canal de TV local de la Cooperativa El\u00e9ctrica de Tornquist. Turismo, Pol\u00edtica, Sociedad, Deporte, Cultura y todo el contenido de inter\u00e9s general que la gente del pueblo y la regi\u00f3n debe conocer.\",\"breadcrumb\":{\"@id\":\"https:\/\/www.celttv.com.ar\/index.php\/2018\/10\/30\/otra-intensa-jornada-del-baby-futbol-de-automoto\/#breadcrumb\"},\"inLanguage\":\"es\",\"potentialAction\":[{\"@type\":\"ReadAction\",\"target\":[\"https:\/\/www.celttv.com.ar\/index.php\/2018\/10\/30\/otra-intensa-jornada-del-baby-futbol-de-automoto\/\"]}]},{\"@type\":\"BreadcrumbList\",\"@id\":\"https:\/\/www.celttv.com.ar\/index.php\/2018\/10\/30\/otra-intensa-jornada-del-baby-futbol-de-automoto\/#breadcrumb\",\"itemListElement\":[{\"@type\":\"ListItem\",\"position\":1,\"name\":\"Inicio\",\"item\":\"https:\/\/www.celttv.com.ar\/\"},{\"@type\":\"ListItem\",\"position\":2,\"name\":\"Otra intensa jornada del Baby F\u00fatbol de Automoto\"}]},{\"@type\":\"WebSite\",\"@id\":\"https:\/\/www.celttv.com.ar\/#website\",\"url\":\"https:\/\/www.celttv.com.ar\/\",\"name\":\"CELTTV\",\"description\":\"Cooperativa El\u00e9ctrica de Tornquist\",\"publisher\":{\"@id\":\"https:\/\/www.celttv.com.ar\/#organization\"},\"potentialAction\":[{\"@type\":\"SearchAction\",\"target\":{\"@type\":\"EntryPoint\",\"urlTemplate\":\"https:\/\/www.celttv.com.ar\/?s={search_term_string}\"},\"query-input\":\"required name=search_term_string\"}],\"inLanguage\":\"es\"},{\"@type\":\"Organization\",\"@id\":\"https:\/\/www.celttv.com.ar\/#organization\",\"name\":\"CELTTV\",\"url\":\"https:\/\/www.celttv.com.ar\/\",\"sameAs\":[\"https:\/\/www.youtube.com\/channel\/UCz_oIt8Hig64Ub-EmcNPIhg\",\"https:\/\/www.facebook.com\/celtTV\/\"],\"logo\":{\"@type\":\"ImageObject\",\"inLanguage\":\"es\",\"@id\":\"https:\/\/www.celttv.com.ar\/#\/schema\/logo\/image\/\",\"url\":\"http:\/\/www.celttv.com.ar\/wp-content\/uploads\/2022\/08\/logo-1.png\",\"contentUrl\":\"http:\/\/www.celttv.com.ar\/wp-content\/uploads\/2022\/08\/logo-1.png\",\"width\":461,\"height\":159,\"caption\":\"CELTTV\"},\"image\":{\"@id\":\"https:\/\/www.celttv.com.ar\/#\/schema\/logo\/image\/\"}},{\"@type\":\"Person\",\"@id\":\"https:\/\/www.celttv.com.ar\/#\/schema\/person\/6d99c072dba59953809c81446e9d0ace\",\"name\":\"ulises\",\"image\":{\"@type\":\"ImageObject\",\"inLanguage\":\"es\",\"@id\":\"https:\/\/www.celttv.com.ar\/#\/schema\/person\/image\/\",\"url\":\"https:\/\/secure.gravatar.com\/avatar\/7f2c48bdc33b30088f941fb6082e555f2874c98e20cb159d7b92b50eadfce793?s=96&d=mm&r=g\",\"contentUrl\":\"https:\/\/secure.gravatar.com\/avatar\/7f2c48bdc33b30088f941fb6082e555f2874c98e20cb159d7b92b50eadfce793?s=96&d=mm&r=g\",\"caption\":\"ulises\"},\"sameAs\":[\"http:\/\/www.celttv.com.ar\"]}]}<\/script>\n<!-- \/ Yoast SEO plugin. -->","yoast_head_json":{"title":"Otra intensa jornada del Baby F\u00fatbol de Automoto - CELTTV","description":"Sitio web de noticias de la localidad de Tornquist, provincia de Buenos Aires, Rep\u00fablica Argentina. Contenido propio originado por periodistas de CELTTV, el canal de TV local de la Cooperativa El\u00e9ctrica de Tornquist. Turismo, Pol\u00edtica, Sociedad, Deporte, Cultura y todo el contenido de inter\u00e9s general que la gente del pueblo y la regi\u00f3n debe conocer.","robots":{"index":"index","follow":"follow","max-snippet":"max-snippet:-1","max-image-preview":"max-image-preview:large","max-video-preview":"max-video-preview:-1"},"canonical":"https:\/\/www.celttv.com.ar\/index.php\/2018\/10\/30\/otra-intensa-jornada-del-baby-futbol-de-automoto\/","og_locale":"es_ES","og_type":"article","og_title":"Otra intensa jornada del Baby F\u00fatbol de Automoto - CELTTV","og_description":"Sitio web de noticias de la localidad de Tornquist, provincia de Buenos Aires, Rep\u00fablica Argentina. Contenido propio originado por periodistas de CELTTV, el canal de TV local de la Cooperativa El\u00e9ctrica de Tornquist. Turismo, Pol\u00edtica, Sociedad, Deporte, Cultura y todo el contenido de inter\u00e9s general que la gente del pueblo y la regi\u00f3n debe conocer.","og_url":"https:\/\/www.celttv.com.ar\/index.php\/2018\/10\/30\/otra-intensa-jornada-del-baby-futbol-de-automoto\/","og_site_name":"CELTTV","article_publisher":"https:\/\/www.facebook.com\/celtTV\/","article_published_time":"2018-10-30T21:27:40+00:00","og_image":[{"width":960,"height":740,"url":"https:\/\/www.celttv.com.ar\/wp-content\/uploads\/2018\/10\/012.jpg","type":"image\/jpeg"}],"author":"ulises","twitter_card":"summary_large_image","twitter_misc":{"Escrito por":"ulises","Tiempo de lectura":"2 minutos"},"schema":{"@context":"https:\/\/schema.org","@graph":[{"@type":"NewsArticle","@id":"https:\/\/www.celttv.com.ar\/index.php\/2018\/10\/30\/otra-intensa-jornada-del-baby-futbol-de-automoto\/#article","isPartOf":{"@id":"https:\/\/www.celttv.com.ar\/index.php\/2018\/10\/30\/otra-intensa-jornada-del-baby-futbol-de-automoto\/"},"author":{"name":"ulises","@id":"https:\/\/www.celttv.com.ar\/#\/schema\/person\/6d99c072dba59953809c81446e9d0ace"},"headline":"Otra intensa jornada del Baby F\u00fatbol de Automoto","datePublished":"2018-10-30T21:27:40+00:00","dateModified":"2018-10-30T21:27:40+00:00","mainEntityOfPage":{"@id":"https:\/\/www.celttv.com.ar\/index.php\/2018\/10\/30\/otra-intensa-jornada-del-baby-futbol-de-automoto\/"},"wordCount":412,"publisher":{"@id":"https:\/\/www.celttv.com.ar\/#organization"},"articleSection":["Celt TV Noticias","Deporte","Magazine Sport"],"inLanguage":"es"},{"@type":"WebPage","@id":"https:\/\/www.celttv.com.ar\/index.php\/2018\/10\/30\/otra-intensa-jornada-del-baby-futbol-de-automoto\/","url":"https:\/\/www.celttv.com.ar\/index.php\/2018\/10\/30\/otra-intensa-jornada-del-baby-futbol-de-automoto\/","name":"Otra intensa jornada del Baby F\u00fatbol de Automoto - CELTTV","isPartOf":{"@id":"https:\/\/www.celttv.com.ar\/#website"},"datePublished":"2018-10-30T21:27:40+00:00","dateModified":"2018-10-30T21:27:40+00:00","description":"Sitio web de noticias de la localidad de Tornquist, provincia de Buenos Aires, Rep\u00fablica Argentina. Contenido propio originado por periodistas de CELTTV, el canal de TV local de la Cooperativa El\u00e9ctrica de Tornquist. Turismo, Pol\u00edtica, Sociedad, Deporte, Cultura y todo el contenido de inter\u00e9s general que la gente del pueblo y la regi\u00f3n debe conocer.","breadcrumb":{"@id":"https:\/\/www.celttv.com.ar\/index.php\/2018\/10\/30\/otra-intensa-jornada-del-baby-futbol-de-automoto\/#breadcrumb"},"inLanguage":"es","potentialAction":[{"@type":"ReadAction","target":["https:\/\/www.celttv.com.ar\/index.php\/2018\/10\/30\/otra-intensa-jornada-del-baby-futbol-de-automoto\/"]}]},{"@type":"BreadcrumbList","@id":"https:\/\/www.celttv.com.ar\/index.php\/2018\/10\/30\/otra-intensa-jornada-del-baby-futbol-de-automoto\/#breadcrumb","itemListElement":[{"@type":"ListItem","position":1,"name":"Inicio","item":"https:\/\/www.celttv.com.ar\/"},{"@type":"ListItem","position":2,"name":"Otra intensa jornada del Baby F\u00fatbol de Automoto"}]},{"@type":"WebSite","@id":"https:\/\/www.celttv.com.ar\/#website","url":"https:\/\/www.celttv.com.ar\/","name":"CELTTV","description":"Cooperativa El\u00e9ctrica de Tornquist","publisher":{"@id":"https:\/\/www.celttv.com.ar\/#organization"},"potentialAction":[{"@type":"SearchAction","target":{"@type":"EntryPoint","urlTemplate":"https:\/\/www.celttv.com.ar\/?s={search_term_string}"},"query-input":"required name=search_term_string"}],"inLanguage":"es"},{"@type":"Organization","@id":"https:\/\/www.celttv.com.ar\/#organization","name":"CELTTV","url":"https:\/\/www.celttv.com.ar\/","sameAs":["https:\/\/www.youtube.com\/channel\/UCz_oIt8Hig64Ub-EmcNPIhg","https:\/\/www.facebook.com\/celtTV\/"],"logo":{"@type":"ImageObject","inLanguage":"es","@id":"https:\/\/www.celttv.com.ar\/#\/schema\/logo\/image\/","url":"http:\/\/www.celttv.com.ar\/wp-content\/uploads\/2022\/08\/logo-1.png","contentUrl":"http:\/\/www.celttv.com.ar\/wp-content\/uploads\/2022\/08\/logo-1.png","width":461,"height":159,"caption":"CELTTV"},"image":{"@id":"https:\/\/www.celttv.com.ar\/#\/schema\/logo\/image\/"}},{"@type":"Person","@id":"https:\/\/www.celttv.com.ar\/#\/schema\/person\/6d99c072dba59953809c81446e9d0ace","name":"ulises","image":{"@type":"ImageObject","inLanguage":"es","@id":"https:\/\/www.celttv.com.ar\/#\/schema\/person\/image\/","url":"https:\/\/secure.gravatar.com\/avatar\/7f2c48bdc33b30088f941fb6082e555f2874c98e20cb159d7b92b50eadfce793?s=96&d=mm&r=g","contentUrl":"https:\/\/secure.gravatar.com\/avatar\/7f2c48bdc33b30088f941fb6082e555f2874c98e20cb159d7b92b50eadfce793?s=96&d=mm&r=g","caption":"ulises"},"sameAs":["http:\/\/www.celttv.com.ar"]}]}},"_links":{"self":[{"href":"https:\/\/www.celttv.com.ar\/index.php\/wp-json\/wp\/v2\/posts\/38243","targetHints":{"allow":["GET"]}}],"collection":[{"href":"https:\/\/www.celttv.com.ar\/index.php\/wp-json\/wp\/v2\/posts"}],"about":[{"href":"https:\/\/www.celttv.com.ar\/index.php\/wp-json\/wp\/v2\/types\/post"}],"author":[{"embeddable":true,"href":"https:\/\/www.celttv.com.ar\/index.php\/wp-json\/wp\/v2\/users\/1"}],"replies":[{"embeddable":true,"href":"https:\/\/www.celttv.com.ar\/index.php\/wp-json\/wp\/v2\/comments?post=38243"}],"version-history":[{"count":0,"href":"https:\/\/www.celttv.com.ar\/index.php\/wp-json\/wp\/v2\/posts\/38243\/revisions"}],"wp:featuredmedia":[{"embeddable":true,"href":"https:\/\/www.celttv.com.ar\/index.php\/wp-json\/wp\/v2\/media\/38244"}],"wp:attachment":[{"href":"https:\/\/www.celttv.com.ar\/index.php\/wp-json\/wp\/v2\/media?parent=38243"}],"wp:term":[{"taxonomy":"category","embeddable":true,"href":"https:\/\/www.celttv.com.ar\/index.php\/wp-json\/wp\/v2\/categories?post=38243"},{"taxonomy":"post_tag","embeddable":true,"href":"https:\/\/www.celttv.com.ar\/index.php\/wp-json\/wp\/v2\/tags?post=38243"}],"curies":[{"name":"wp","href":"https:\/\/api.w.org\/{rel}","templated":true}]}}