{"id":38246,"date":"2018-11-01T14:03:29","date_gmt":"2018-11-01T14:03:29","guid":{"rendered":"http:\/\/www.celttv.com.ar\/?p=38246"},"modified":"2018-11-01T14:03:29","modified_gmt":"2018-11-01T14:03:29","slug":"se-realizo-una-charla-sobre-dislexia-en-el-teatro-rodolfo-funke-video-entrevista","status":"publish","type":"post","link":"https:\/\/www.celttv.com.ar\/index.php\/2018\/11\/01\/se-realizo-una-charla-sobre-dislexia-en-el-teatro-rodolfo-funke-video-entrevista\/","title":{"rendered":"SE REALIZ\u00d3 UNA CHARLA SOBRE DISLEXIA EN EL TEATRO RODOLFO FUNKE (VIDEO ENTREVISTA)"},"content":{"rendered":"<p>El s\u00e1bado pasado, se llev\u00f3 a cabo en el Teatro Municipal Rodolfo Funke una charla sobre Dislexia, de la que participaron representantes de instituciones educativas y docentes; dictadas por la Asociaci\u00f3n Civil Dislexia Buenos Aires.<br \/>\nDurante la jornada se abordaron las dificultades espec\u00edficas del aprendizaje, y la forma de garantizar las herramientas para tratar la dislexia dentro del \u00e1mbito educativo, como as\u00ed tambi\u00e9n la formaci\u00f3n profesional para la detecci\u00f3n temprana.<br \/>\nEl objetivo principal de este tipo de jornadas es garantizar y hacer efectivo el derecho a la educaci\u00f3n de ni\u00f1os y adolescentes que presentan dificultades espec\u00edficas de aprendizaje.<br \/>\nTras la charla, CELTTV NOTICIAS dialog\u00f3 con el diputado provincial Emiliano Balb\u00edn, quien se refiri\u00f3 a la legislaci\u00f3n sobre dicha problem\u00e1tica.<\/p>\n<div class=\"jeg_video_container jeg_video_content\"><iframe loading=\"lazy\" title=\"2018 10 29 NOTA A EMILIANO BALBIN   CHARLA SOBRE DISLEXIA\" width=\"500\" height=\"375\" src=\"https:\/\/www.youtube.com\/embed\/4HT4c8YCwDA?feature=oembed\" frameborder=\"0\" allow=\"accelerometer; autoplay; clipboard-write; encrypted-media; gyroscope; picture-in-picture; web-share\" referrerpolicy=\"strict-origin-when-cross-origin\" allowfullscreen><\/iframe><\/div>\n","protected":false},"excerpt":{"rendered":"<p>El s\u00e1bado pasado, se llev\u00f3 a cabo en el Teatro Municipal Rodolfo Funke una charla sobre Dislexia, de la que participaron representantes de instituciones educativas y docentes; dictadas por la Asociaci\u00f3n Civil Dislexia Buenos Aires. Durante la jornada se abordaron las dificultades espec\u00edficas del aprendizaje, y la forma de garantizar las herramientas para tratar la [&hellip;]<\/p>\n","protected":false},"author":1,"featured_media":38247,"comment_status":"closed","ping_status":"open","sticky":false,"template":"","format":"standard","meta":{"footnotes":""},"categories":[54,55,51,52],"tags":[],"class_list":["post-38246","post","type-post","status-publish","format-standard","has-post-thumbnail","hentry","category-atencion-salud","category-celt-tv-noticias","category-comunidad","category-destacadas"],"yoast_head":"<!-- This site is optimized with the Yoast SEO plugin v19.7.1 - https:\/\/yoast.com\/wordpress\/plugins\/seo\/ -->\n<title>SE REALIZ\u00d3 UNA CHARLA SOBRE DISLEXIA EN EL TEATRO RODOLFO FUNKE (VIDEO ENTREVISTA) - CELTTV<\/title>\n<meta name=\"description\" content=\"Sitio web de noticias de la localidad de Tornquist, provincia de Buenos Aires, Rep\u00fablica Argentina. Contenido propio originado por periodistas de CELTTV, el canal de TV local de la Cooperativa El\u00e9ctrica de Tornquist. Turismo, Pol\u00edtica, Sociedad, Deporte, Cultura y todo el contenido de inter\u00e9s general que la gente del pueblo y la regi\u00f3n debe conocer.\" \/>\n<meta name=\"robots\" content=\"index, follow, max-snippet:-1, max-image-preview:large, max-video-preview:-1\" \/>\n<link rel=\"canonical\" href=\"https:\/\/www.celttv.com.ar\/index.php\/2018\/11\/01\/se-realizo-una-charla-sobre-dislexia-en-el-teatro-rodolfo-funke-video-entrevista\/\" \/>\n<meta property=\"og:locale\" content=\"es_ES\" \/>\n<meta property=\"og:type\" content=\"article\" \/>\n<meta property=\"og:title\" content=\"SE REALIZ\u00d3 UNA CHARLA SOBRE DISLEXIA EN EL TEATRO RODOLFO FUNKE (VIDEO ENTREVISTA) - CELTTV\" \/>\n<meta property=\"og:description\" content=\"Sitio web de noticias de la localidad de Tornquist, provincia de Buenos Aires, Rep\u00fablica Argentina. Contenido propio originado por periodistas de CELTTV, el canal de TV local de la Cooperativa El\u00e9ctrica de Tornquist. Turismo, Pol\u00edtica, Sociedad, Deporte, Cultura y todo el contenido de inter\u00e9s general que la gente del pueblo y la regi\u00f3n debe conocer.\" \/>\n<meta property=\"og:url\" content=\"https:\/\/www.celttv.com.ar\/index.php\/2018\/11\/01\/se-realizo-una-charla-sobre-dislexia-en-el-teatro-rodolfo-funke-video-entrevista\/\" \/>\n<meta property=\"og:site_name\" content=\"CELTTV\" \/>\n<meta property=\"article:publisher\" content=\"https:\/\/www.facebook.com\/celtTV\/\" \/>\n<meta property=\"article:published_time\" content=\"2018-11-01T14:03:29+00:00\" \/>\n<meta property=\"og:image\" content=\"https:\/\/www.celttv.com.ar\/wp-content\/uploads\/2018\/11\/WhatsApp-Image-2018-10-27-at-23.52.43-1-1024x580-1.jpeg\" \/>\n\t<meta property=\"og:image:width\" content=\"1024\" \/>\n\t<meta property=\"og:image:height\" content=\"580\" \/>\n\t<meta property=\"og:image:type\" content=\"image\/jpeg\" \/>\n<meta name=\"author\" content=\"ulises\" \/>\n<meta name=\"twitter:card\" content=\"summary_large_image\" \/>\n<meta name=\"twitter:label1\" content=\"Escrito por\" \/>\n\t<meta name=\"twitter:data1\" content=\"ulises\" \/>\n\t<meta name=\"twitter:label2\" content=\"Tiempo de lectura\" \/>\n\t<meta name=\"twitter:data2\" content=\"1 minuto\" \/>\n<script type=\"application\/ld+json\" class=\"yoast-schema-graph\">{\"@context\":\"https:\/\/schema.org\",\"@graph\":[{\"@type\":\"NewsArticle\",\"@id\":\"https:\/\/www.celttv.com.ar\/index.php\/2018\/11\/01\/se-realizo-una-charla-sobre-dislexia-en-el-teatro-rodolfo-funke-video-entrevista\/#article\",\"isPartOf\":{\"@id\":\"https:\/\/www.celttv.com.ar\/index.php\/2018\/11\/01\/se-realizo-una-charla-sobre-dislexia-en-el-teatro-rodolfo-funke-video-entrevista\/\"},\"author\":{\"name\":\"ulises\",\"@id\":\"https:\/\/www.celttv.com.ar\/#\/schema\/person\/6d99c072dba59953809c81446e9d0ace\"},\"headline\":\"SE REALIZ\u00d3 UNA CHARLA SOBRE DISLEXIA EN EL TEATRO RODOLFO FUNKE (VIDEO ENTREVISTA)\",\"datePublished\":\"2018-11-01T14:03:29+00:00\",\"dateModified\":\"2018-11-01T14:03:29+00:00\",\"mainEntityOfPage\":{\"@id\":\"https:\/\/www.celttv.com.ar\/index.php\/2018\/11\/01\/se-realizo-una-charla-sobre-dislexia-en-el-teatro-rodolfo-funke-video-entrevista\/\"},\"wordCount\":153,\"publisher\":{\"@id\":\"https:\/\/www.celttv.com.ar\/#organization\"},\"articleSection\":[\"Atenci\u00f3n Salud\",\"Celt TV Noticias\",\"Comunidad\",\"Destacadas\"],\"inLanguage\":\"es\"},{\"@type\":\"WebPage\",\"@id\":\"https:\/\/www.celttv.com.ar\/index.php\/2018\/11\/01\/se-realizo-una-charla-sobre-dislexia-en-el-teatro-rodolfo-funke-video-entrevista\/\",\"url\":\"https:\/\/www.celttv.com.ar\/index.php\/2018\/11\/01\/se-realizo-una-charla-sobre-dislexia-en-el-teatro-rodolfo-funke-video-entrevista\/\",\"name\":\"SE REALIZ\u00d3 UNA CHARLA SOBRE DISLEXIA EN EL TEATRO RODOLFO FUNKE (VIDEO ENTREVISTA) - CELTTV\",\"isPartOf\":{\"@id\":\"https:\/\/www.celttv.com.ar\/#website\"},\"datePublished\":\"2018-11-01T14:03:29+00:00\",\"dateModified\":\"2018-11-01T14:03:29+00:00\",\"description\":\"Sitio web de noticias de la localidad de Tornquist, provincia de Buenos Aires, Rep\u00fablica Argentina. Contenido propio originado por periodistas de CELTTV, el canal de TV local de la Cooperativa El\u00e9ctrica de Tornquist. Turismo, Pol\u00edtica, Sociedad, Deporte, Cultura y todo el contenido de inter\u00e9s general que la gente del pueblo y la regi\u00f3n debe conocer.\",\"breadcrumb\":{\"@id\":\"https:\/\/www.celttv.com.ar\/index.php\/2018\/11\/01\/se-realizo-una-charla-sobre-dislexia-en-el-teatro-rodolfo-funke-video-entrevista\/#breadcrumb\"},\"inLanguage\":\"es\",\"potentialAction\":[{\"@type\":\"ReadAction\",\"target\":[\"https:\/\/www.celttv.com.ar\/index.php\/2018\/11\/01\/se-realizo-una-charla-sobre-dislexia-en-el-teatro-rodolfo-funke-video-entrevista\/\"]}]},{\"@type\":\"BreadcrumbList\",\"@id\":\"https:\/\/www.celttv.com.ar\/index.php\/2018\/11\/01\/se-realizo-una-charla-sobre-dislexia-en-el-teatro-rodolfo-funke-video-entrevista\/#breadcrumb\",\"itemListElement\":[{\"@type\":\"ListItem\",\"position\":1,\"name\":\"Inicio\",\"item\":\"https:\/\/www.celttv.com.ar\/\"},{\"@type\":\"ListItem\",\"position\":2,\"name\":\"SE REALIZ\u00d3 UNA CHARLA SOBRE DISLEXIA EN EL TEATRO RODOLFO FUNKE (VIDEO ENTREVISTA)\"}]},{\"@type\":\"WebSite\",\"@id\":\"https:\/\/www.celttv.com.ar\/#website\",\"url\":\"https:\/\/www.celttv.com.ar\/\",\"name\":\"CELTTV\",\"description\":\"Cooperativa El\u00e9ctrica de Tornquist\",\"publisher\":{\"@id\":\"https:\/\/www.celttv.com.ar\/#organization\"},\"potentialAction\":[{\"@type\":\"SearchAction\",\"target\":{\"@type\":\"EntryPoint\",\"urlTemplate\":\"https:\/\/www.celttv.com.ar\/?s={search_term_string}\"},\"query-input\":\"required name=search_term_string\"}],\"inLanguage\":\"es\"},{\"@type\":\"Organization\",\"@id\":\"https:\/\/www.celttv.com.ar\/#organization\",\"name\":\"CELTTV\",\"url\":\"https:\/\/www.celttv.com.ar\/\",\"sameAs\":[\"https:\/\/www.youtube.com\/channel\/UCz_oIt8Hig64Ub-EmcNPIhg\",\"https:\/\/www.facebook.com\/celtTV\/\"],\"logo\":{\"@type\":\"ImageObject\",\"inLanguage\":\"es\",\"@id\":\"https:\/\/www.celttv.com.ar\/#\/schema\/logo\/image\/\",\"url\":\"http:\/\/www.celttv.com.ar\/wp-content\/uploads\/2022\/08\/logo-1.png\",\"contentUrl\":\"http:\/\/www.celttv.com.ar\/wp-content\/uploads\/2022\/08\/logo-1.png\",\"width\":461,\"height\":159,\"caption\":\"CELTTV\"},\"image\":{\"@id\":\"https:\/\/www.celttv.com.ar\/#\/schema\/logo\/image\/\"}},{\"@type\":\"Person\",\"@id\":\"https:\/\/www.celttv.com.ar\/#\/schema\/person\/6d99c072dba59953809c81446e9d0ace\",\"name\":\"ulises\",\"image\":{\"@type\":\"ImageObject\",\"inLanguage\":\"es\",\"@id\":\"https:\/\/www.celttv.com.ar\/#\/schema\/person\/image\/\",\"url\":\"https:\/\/secure.gravatar.com\/avatar\/7f2c48bdc33b30088f941fb6082e555f2874c98e20cb159d7b92b50eadfce793?s=96&d=mm&r=g\",\"contentUrl\":\"https:\/\/secure.gravatar.com\/avatar\/7f2c48bdc33b30088f941fb6082e555f2874c98e20cb159d7b92b50eadfce793?s=96&d=mm&r=g\",\"caption\":\"ulises\"},\"sameAs\":[\"http:\/\/www.celttv.com.ar\"]}]}<\/script>\n<!-- \/ Yoast SEO plugin. -->","yoast_head_json":{"title":"SE REALIZ\u00d3 UNA CHARLA SOBRE DISLEXIA EN EL TEATRO RODOLFO FUNKE (VIDEO ENTREVISTA) - CELTTV","description":"Sitio web de noticias de la localidad de Tornquist, provincia de Buenos Aires, Rep\u00fablica Argentina. Contenido propio originado por periodistas de CELTTV, el canal de TV local de la Cooperativa El\u00e9ctrica de Tornquist. Turismo, Pol\u00edtica, Sociedad, Deporte, Cultura y todo el contenido de inter\u00e9s general que la gente del pueblo y la regi\u00f3n debe conocer.","robots":{"index":"index","follow":"follow","max-snippet":"max-snippet:-1","max-image-preview":"max-image-preview:large","max-video-preview":"max-video-preview:-1"},"canonical":"https:\/\/www.celttv.com.ar\/index.php\/2018\/11\/01\/se-realizo-una-charla-sobre-dislexia-en-el-teatro-rodolfo-funke-video-entrevista\/","og_locale":"es_ES","og_type":"article","og_title":"SE REALIZ\u00d3 UNA CHARLA SOBRE DISLEXIA EN EL TEATRO RODOLFO FUNKE (VIDEO ENTREVISTA) - CELTTV","og_description":"Sitio web de noticias de la localidad de Tornquist, provincia de Buenos Aires, Rep\u00fablica Argentina. Contenido propio originado por periodistas de CELTTV, el canal de TV local de la Cooperativa El\u00e9ctrica de Tornquist. Turismo, Pol\u00edtica, Sociedad, Deporte, Cultura y todo el contenido de inter\u00e9s general que la gente del pueblo y la regi\u00f3n debe conocer.","og_url":"https:\/\/www.celttv.com.ar\/index.php\/2018\/11\/01\/se-realizo-una-charla-sobre-dislexia-en-el-teatro-rodolfo-funke-video-entrevista\/","og_site_name":"CELTTV","article_publisher":"https:\/\/www.facebook.com\/celtTV\/","article_published_time":"2018-11-01T14:03:29+00:00","og_image":[{"width":1024,"height":580,"url":"https:\/\/www.celttv.com.ar\/wp-content\/uploads\/2018\/11\/WhatsApp-Image-2018-10-27-at-23.52.43-1-1024x580-1.jpeg","type":"image\/jpeg"}],"author":"ulises","twitter_card":"summary_large_image","twitter_misc":{"Escrito por":"ulises","Tiempo de lectura":"1 minuto"},"schema":{"@context":"https:\/\/schema.org","@graph":[{"@type":"NewsArticle","@id":"https:\/\/www.celttv.com.ar\/index.php\/2018\/11\/01\/se-realizo-una-charla-sobre-dislexia-en-el-teatro-rodolfo-funke-video-entrevista\/#article","isPartOf":{"@id":"https:\/\/www.celttv.com.ar\/index.php\/2018\/11\/01\/se-realizo-una-charla-sobre-dislexia-en-el-teatro-rodolfo-funke-video-entrevista\/"},"author":{"name":"ulises","@id":"https:\/\/www.celttv.com.ar\/#\/schema\/person\/6d99c072dba59953809c81446e9d0ace"},"headline":"SE REALIZ\u00d3 UNA CHARLA SOBRE DISLEXIA EN EL TEATRO RODOLFO FUNKE (VIDEO ENTREVISTA)","datePublished":"2018-11-01T14:03:29+00:00","dateModified":"2018-11-01T14:03:29+00:00","mainEntityOfPage":{"@id":"https:\/\/www.celttv.com.ar\/index.php\/2018\/11\/01\/se-realizo-una-charla-sobre-dislexia-en-el-teatro-rodolfo-funke-video-entrevista\/"},"wordCount":153,"publisher":{"@id":"https:\/\/www.celttv.com.ar\/#organization"},"articleSection":["Atenci\u00f3n Salud","Celt TV Noticias","Comunidad","Destacadas"],"inLanguage":"es"},{"@type":"WebPage","@id":"https:\/\/www.celttv.com.ar\/index.php\/2018\/11\/01\/se-realizo-una-charla-sobre-dislexia-en-el-teatro-rodolfo-funke-video-entrevista\/","url":"https:\/\/www.celttv.com.ar\/index.php\/2018\/11\/01\/se-realizo-una-charla-sobre-dislexia-en-el-teatro-rodolfo-funke-video-entrevista\/","name":"SE REALIZ\u00d3 UNA CHARLA SOBRE DISLEXIA EN EL TEATRO RODOLFO FUNKE (VIDEO ENTREVISTA) - CELTTV","isPartOf":{"@id":"https:\/\/www.celttv.com.ar\/#website"},"datePublished":"2018-11-01T14:03:29+00:00","dateModified":"2018-11-01T14:03:29+00:00","description":"Sitio web de noticias de la localidad de Tornquist, provincia de Buenos Aires, Rep\u00fablica Argentina. Contenido propio originado por periodistas de CELTTV, el canal de TV local de la Cooperativa El\u00e9ctrica de Tornquist. Turismo, Pol\u00edtica, Sociedad, Deporte, Cultura y todo el contenido de inter\u00e9s general que la gente del pueblo y la regi\u00f3n debe conocer.","breadcrumb":{"@id":"https:\/\/www.celttv.com.ar\/index.php\/2018\/11\/01\/se-realizo-una-charla-sobre-dislexia-en-el-teatro-rodolfo-funke-video-entrevista\/#breadcrumb"},"inLanguage":"es","potentialAction":[{"@type":"ReadAction","target":["https:\/\/www.celttv.com.ar\/index.php\/2018\/11\/01\/se-realizo-una-charla-sobre-dislexia-en-el-teatro-rodolfo-funke-video-entrevista\/"]}]},{"@type":"BreadcrumbList","@id":"https:\/\/www.celttv.com.ar\/index.php\/2018\/11\/01\/se-realizo-una-charla-sobre-dislexia-en-el-teatro-rodolfo-funke-video-entrevista\/#breadcrumb","itemListElement":[{"@type":"ListItem","position":1,"name":"Inicio","item":"https:\/\/www.celttv.com.ar\/"},{"@type":"ListItem","position":2,"name":"SE REALIZ\u00d3 UNA CHARLA SOBRE DISLEXIA EN EL TEATRO RODOLFO FUNKE (VIDEO ENTREVISTA)"}]},{"@type":"WebSite","@id":"https:\/\/www.celttv.com.ar\/#website","url":"https:\/\/www.celttv.com.ar\/","name":"CELTTV","description":"Cooperativa El\u00e9ctrica de Tornquist","publisher":{"@id":"https:\/\/www.celttv.com.ar\/#organization"},"potentialAction":[{"@type":"SearchAction","target":{"@type":"EntryPoint","urlTemplate":"https:\/\/www.celttv.com.ar\/?s={search_term_string}"},"query-input":"required name=search_term_string"}],"inLanguage":"es"},{"@type":"Organization","@id":"https:\/\/www.celttv.com.ar\/#organization","name":"CELTTV","url":"https:\/\/www.celttv.com.ar\/","sameAs":["https:\/\/www.youtube.com\/channel\/UCz_oIt8Hig64Ub-EmcNPIhg","https:\/\/www.facebook.com\/celtTV\/"],"logo":{"@type":"ImageObject","inLanguage":"es","@id":"https:\/\/www.celttv.com.ar\/#\/schema\/logo\/image\/","url":"http:\/\/www.celttv.com.ar\/wp-content\/uploads\/2022\/08\/logo-1.png","contentUrl":"http:\/\/www.celttv.com.ar\/wp-content\/uploads\/2022\/08\/logo-1.png","width":461,"height":159,"caption":"CELTTV"},"image":{"@id":"https:\/\/www.celttv.com.ar\/#\/schema\/logo\/image\/"}},{"@type":"Person","@id":"https:\/\/www.celttv.com.ar\/#\/schema\/person\/6d99c072dba59953809c81446e9d0ace","name":"ulises","image":{"@type":"ImageObject","inLanguage":"es","@id":"https:\/\/www.celttv.com.ar\/#\/schema\/person\/image\/","url":"https:\/\/secure.gravatar.com\/avatar\/7f2c48bdc33b30088f941fb6082e555f2874c98e20cb159d7b92b50eadfce793?s=96&d=mm&r=g","contentUrl":"https:\/\/secure.gravatar.com\/avatar\/7f2c48bdc33b30088f941fb6082e555f2874c98e20cb159d7b92b50eadfce793?s=96&d=mm&r=g","caption":"ulises"},"sameAs":["http:\/\/www.celttv.com.ar"]}]}},"_links":{"self":[{"href":"https:\/\/www.celttv.com.ar\/index.php\/wp-json\/wp\/v2\/posts\/38246","targetHints":{"allow":["GET"]}}],"collection":[{"href":"https:\/\/www.celttv.com.ar\/index.php\/wp-json\/wp\/v2\/posts"}],"about":[{"href":"https:\/\/www.celttv.com.ar\/index.php\/wp-json\/wp\/v2\/types\/post"}],"author":[{"embeddable":true,"href":"https:\/\/www.celttv.com.ar\/index.php\/wp-json\/wp\/v2\/users\/1"}],"replies":[{"embeddable":true,"href":"https:\/\/www.celttv.com.ar\/index.php\/wp-json\/wp\/v2\/comments?post=38246"}],"version-history":[{"count":0,"href":"https:\/\/www.celttv.com.ar\/index.php\/wp-json\/wp\/v2\/posts\/38246\/revisions"}],"wp:featuredmedia":[{"embeddable":true,"href":"https:\/\/www.celttv.com.ar\/index.php\/wp-json\/wp\/v2\/media\/38247"}],"wp:attachment":[{"href":"https:\/\/www.celttv.com.ar\/index.php\/wp-json\/wp\/v2\/media?parent=38246"}],"wp:term":[{"taxonomy":"category","embeddable":true,"href":"https:\/\/www.celttv.com.ar\/index.php\/wp-json\/wp\/v2\/categories?post=38246"},{"taxonomy":"post_tag","embeddable":true,"href":"https:\/\/www.celttv.com.ar\/index.php\/wp-json\/wp\/v2\/tags?post=38246"}],"curies":[{"name":"wp","href":"https:\/\/api.w.org\/{rel}","templated":true}]}}