{"id":38249,"date":"2018-11-01T14:25:06","date_gmt":"2018-11-01T14:25:06","guid":{"rendered":"http:\/\/www.celttv.com.ar\/?p=38249"},"modified":"2018-11-01T14:25:06","modified_gmt":"2018-11-01T14:25:06","slug":"la-agrupacion-alma-motera-brindo-detalles-del-enceuntro-de-motos-que-se-realizara-este-fin-de-semana-en-tornquist-videos-entrevistas","status":"publish","type":"post","link":"https:\/\/www.celttv.com.ar\/index.php\/2018\/11\/01\/la-agrupacion-alma-motera-brindo-detalles-del-enceuntro-de-motos-que-se-realizara-este-fin-de-semana-en-tornquist-videos-entrevistas\/","title":{"rendered":"LA AGRUPACI\u00d3N &#8220;ALMA MOTERA&#8221; BRIND\u00d3 DETALLES DEL ENCUENTRO DE MOTOS QUE SE REALIZAR\u00c1 ESTE FIN DE SEMANA EN TORNQUIST (VIDEOS ENTREVISTAS)"},"content":{"rendered":"<p><strong>CELTTV&#8212;<\/strong> El primer encuentro de motoqueros, organizada por la <strong>Agrupaci\u00f3n &#8220;Alma Motera&#8221;<\/strong>, se realizar\u00e1 el 2, 3 y 4 de noviembre, en las instalaciones del Club H\u00edpico y Social Las Sierras de Tornquist.<br \/>\nIntegrantes de dicha agrupaci\u00f3n, estuvieron en el programa <strong>MAGAZINE SPORT<\/strong> donde brindaron detalles de las tareas realizadas para acondicionar el predio y las actividades programadas para los tres d\u00edas.<\/p>\n<div class=\"jeg_video_container jeg_video_content\"><iframe loading=\"lazy\" title=\"2018 10 30 \/\/ MAGAZINE SPORT: AGRUPACI\u00d3N &quot;ALMA MOTERA&quot;\" width=\"500\" height=\"375\" src=\"https:\/\/www.youtube.com\/embed\/dHwrJFluuPU?start=5&#038;feature=oembed\" frameborder=\"0\" allow=\"accelerometer; autoplay; clipboard-write; encrypted-media; gyroscope; picture-in-picture; web-share\" referrerpolicy=\"strict-origin-when-cross-origin\" allowfullscreen><\/iframe><\/div>\n<p><a href=\"http:\/\/www.celttv.com.ar\/?attachment_id=38252\" rel=\"attachment wp-att-38252\"><img loading=\"lazy\" decoding=\"async\" class=\"alignleft size-medium wp-image-38252\" src=\"http:\/\/www.celttv.com.ar\/wp-content\/uploads\/2018\/11\/IMG-20181031-WA0013-780x585.jpg\" alt=\"\" width=\"780\" height=\"585\" \/><\/a><\/p>\n","protected":false},"excerpt":{"rendered":"<p>CELTTV&#8212; El primer encuentro de motoqueros, organizada por la Agrupaci\u00f3n &#8220;Alma Motera&#8221;, se realizar\u00e1 el 2, 3 y 4 de noviembre, en las instalaciones del Club H\u00edpico y Social Las Sierras de Tornquist. Integrantes de dicha agrupaci\u00f3n, estuvieron en el programa MAGAZINE SPORT donde brindaron detalles de las tareas realizadas para acondicionar el predio y [&hellip;]<\/p>\n","protected":false},"author":1,"featured_media":38250,"comment_status":"closed","ping_status":"open","sticky":false,"template":"","format":"standard","meta":{"footnotes":""},"categories":[55,60,52,63],"tags":[],"class_list":["post-38249","post","type-post","status-publish","format-standard","has-post-thumbnail","hentry","category-celt-tv-noticias","category-deporte","category-destacadas","category-magazine-sport"],"yoast_head":"<!-- This site is optimized with the Yoast SEO plugin v19.7.1 - https:\/\/yoast.com\/wordpress\/plugins\/seo\/ -->\n<title>LA AGRUPACI\u00d3N &quot;ALMA MOTERA&quot; BRIND\u00d3 DETALLES DEL ENCUENTRO DE MOTOS QUE SE REALIZAR\u00c1 ESTE FIN DE SEMANA EN TORNQUIST (VIDEOS ENTREVISTAS) - CELTTV<\/title>\n<meta name=\"description\" content=\"Sitio web de noticias de la localidad de Tornquist, provincia de Buenos Aires, Rep\u00fablica Argentina. Contenido propio originado por periodistas de CELTTV, el canal de TV local de la Cooperativa El\u00e9ctrica de Tornquist. Turismo, Pol\u00edtica, Sociedad, Deporte, Cultura y todo el contenido de inter\u00e9s general que la gente del pueblo y la regi\u00f3n debe conocer.\" \/>\n<meta name=\"robots\" content=\"index, follow, max-snippet:-1, max-image-preview:large, max-video-preview:-1\" \/>\n<link rel=\"canonical\" href=\"https:\/\/www.celttv.com.ar\/index.php\/2018\/11\/01\/la-agrupacion-alma-motera-brindo-detalles-del-enceuntro-de-motos-que-se-realizara-este-fin-de-semana-en-tornquist-videos-entrevistas\/\" \/>\n<meta property=\"og:locale\" content=\"es_ES\" \/>\n<meta property=\"og:type\" content=\"article\" \/>\n<meta property=\"og:title\" content=\"LA AGRUPACI\u00d3N &quot;ALMA MOTERA&quot; BRIND\u00d3 DETALLES DEL ENCUENTRO DE MOTOS QUE SE REALIZAR\u00c1 ESTE FIN DE SEMANA EN TORNQUIST (VIDEOS ENTREVISTAS) - CELTTV\" \/>\n<meta property=\"og:description\" content=\"Sitio web de noticias de la localidad de Tornquist, provincia de Buenos Aires, Rep\u00fablica Argentina. Contenido propio originado por periodistas de CELTTV, el canal de TV local de la Cooperativa El\u00e9ctrica de Tornquist. Turismo, Pol\u00edtica, Sociedad, Deporte, Cultura y todo el contenido de inter\u00e9s general que la gente del pueblo y la regi\u00f3n debe conocer.\" \/>\n<meta property=\"og:url\" content=\"https:\/\/www.celttv.com.ar\/index.php\/2018\/11\/01\/la-agrupacion-alma-motera-brindo-detalles-del-enceuntro-de-motos-que-se-realizara-este-fin-de-semana-en-tornquist-videos-entrevistas\/\" \/>\n<meta property=\"og:site_name\" content=\"CELTTV\" \/>\n<meta property=\"article:publisher\" content=\"https:\/\/www.facebook.com\/celtTV\/\" \/>\n<meta property=\"article:published_time\" content=\"2018-11-01T14:25:06+00:00\" \/>\n<meta property=\"og:image\" content=\"https:\/\/www.celttv.com.ar\/wp-content\/uploads\/2018\/11\/IMG-20181031-WA0011.jpg\" \/>\n\t<meta property=\"og:image:width\" content=\"1032\" \/>\n\t<meta property=\"og:image:height\" content=\"774\" \/>\n\t<meta property=\"og:image:type\" content=\"image\/jpeg\" \/>\n<meta name=\"author\" content=\"ulises\" \/>\n<meta name=\"twitter:card\" content=\"summary_large_image\" \/>\n<meta name=\"twitter:label1\" content=\"Escrito por\" \/>\n\t<meta name=\"twitter:data1\" content=\"ulises\" \/>\n<script type=\"application\/ld+json\" class=\"yoast-schema-graph\">{\"@context\":\"https:\/\/schema.org\",\"@graph\":[{\"@type\":\"NewsArticle\",\"@id\":\"https:\/\/www.celttv.com.ar\/index.php\/2018\/11\/01\/la-agrupacion-alma-motera-brindo-detalles-del-enceuntro-de-motos-que-se-realizara-este-fin-de-semana-en-tornquist-videos-entrevistas\/#article\",\"isPartOf\":{\"@id\":\"https:\/\/www.celttv.com.ar\/index.php\/2018\/11\/01\/la-agrupacion-alma-motera-brindo-detalles-del-enceuntro-de-motos-que-se-realizara-este-fin-de-semana-en-tornquist-videos-entrevistas\/\"},\"author\":{\"name\":\"ulises\",\"@id\":\"https:\/\/www.celttv.com.ar\/#\/schema\/person\/6d99c072dba59953809c81446e9d0ace\"},\"headline\":\"LA AGRUPACI\u00d3N &#8220;ALMA MOTERA&#8221; BRIND\u00d3 DETALLES DEL ENCUENTRO DE MOTOS QUE SE REALIZAR\u00c1 ESTE FIN DE SEMANA EN TORNQUIST (VIDEOS ENTREVISTAS)\",\"datePublished\":\"2018-11-01T14:25:06+00:00\",\"dateModified\":\"2018-11-01T14:25:06+00:00\",\"mainEntityOfPage\":{\"@id\":\"https:\/\/www.celttv.com.ar\/index.php\/2018\/11\/01\/la-agrupacion-alma-motera-brindo-detalles-del-enceuntro-de-motos-que-se-realizara-este-fin-de-semana-en-tornquist-videos-entrevistas\/\"},\"wordCount\":95,\"publisher\":{\"@id\":\"https:\/\/www.celttv.com.ar\/#organization\"},\"articleSection\":[\"Celt TV Noticias\",\"Deporte\",\"Destacadas\",\"Magazine Sport\"],\"inLanguage\":\"es\"},{\"@type\":\"WebPage\",\"@id\":\"https:\/\/www.celttv.com.ar\/index.php\/2018\/11\/01\/la-agrupacion-alma-motera-brindo-detalles-del-enceuntro-de-motos-que-se-realizara-este-fin-de-semana-en-tornquist-videos-entrevistas\/\",\"url\":\"https:\/\/www.celttv.com.ar\/index.php\/2018\/11\/01\/la-agrupacion-alma-motera-brindo-detalles-del-enceuntro-de-motos-que-se-realizara-este-fin-de-semana-en-tornquist-videos-entrevistas\/\",\"name\":\"LA AGRUPACI\u00d3N \\\"ALMA MOTERA\\\" BRIND\u00d3 DETALLES DEL ENCUENTRO DE MOTOS QUE SE REALIZAR\u00c1 ESTE FIN DE SEMANA EN TORNQUIST (VIDEOS ENTREVISTAS) - CELTTV\",\"isPartOf\":{\"@id\":\"https:\/\/www.celttv.com.ar\/#website\"},\"datePublished\":\"2018-11-01T14:25:06+00:00\",\"dateModified\":\"2018-11-01T14:25:06+00:00\",\"description\":\"Sitio web de noticias de la localidad de Tornquist, provincia de Buenos Aires, Rep\u00fablica Argentina. Contenido propio originado por periodistas de CELTTV, el canal de TV local de la Cooperativa El\u00e9ctrica de Tornquist. Turismo, Pol\u00edtica, Sociedad, Deporte, Cultura y todo el contenido de inter\u00e9s general que la gente del pueblo y la regi\u00f3n debe conocer.\",\"breadcrumb\":{\"@id\":\"https:\/\/www.celttv.com.ar\/index.php\/2018\/11\/01\/la-agrupacion-alma-motera-brindo-detalles-del-enceuntro-de-motos-que-se-realizara-este-fin-de-semana-en-tornquist-videos-entrevistas\/#breadcrumb\"},\"inLanguage\":\"es\",\"potentialAction\":[{\"@type\":\"ReadAction\",\"target\":[\"https:\/\/www.celttv.com.ar\/index.php\/2018\/11\/01\/la-agrupacion-alma-motera-brindo-detalles-del-enceuntro-de-motos-que-se-realizara-este-fin-de-semana-en-tornquist-videos-entrevistas\/\"]}]},{\"@type\":\"BreadcrumbList\",\"@id\":\"https:\/\/www.celttv.com.ar\/index.php\/2018\/11\/01\/la-agrupacion-alma-motera-brindo-detalles-del-enceuntro-de-motos-que-se-realizara-este-fin-de-semana-en-tornquist-videos-entrevistas\/#breadcrumb\",\"itemListElement\":[{\"@type\":\"ListItem\",\"position\":1,\"name\":\"Inicio\",\"item\":\"https:\/\/www.celttv.com.ar\/\"},{\"@type\":\"ListItem\",\"position\":2,\"name\":\"LA AGRUPACI\u00d3N &#8220;ALMA MOTERA&#8221; BRIND\u00d3 DETALLES DEL ENCUENTRO DE MOTOS QUE SE REALIZAR\u00c1 ESTE FIN DE SEMANA EN TORNQUIST (VIDEOS ENTREVISTAS)\"}]},{\"@type\":\"WebSite\",\"@id\":\"https:\/\/www.celttv.com.ar\/#website\",\"url\":\"https:\/\/www.celttv.com.ar\/\",\"name\":\"CELTTV\",\"description\":\"Cooperativa El\u00e9ctrica de Tornquist\",\"publisher\":{\"@id\":\"https:\/\/www.celttv.com.ar\/#organization\"},\"potentialAction\":[{\"@type\":\"SearchAction\",\"target\":{\"@type\":\"EntryPoint\",\"urlTemplate\":\"https:\/\/www.celttv.com.ar\/?s={search_term_string}\"},\"query-input\":\"required name=search_term_string\"}],\"inLanguage\":\"es\"},{\"@type\":\"Organization\",\"@id\":\"https:\/\/www.celttv.com.ar\/#organization\",\"name\":\"CELTTV\",\"url\":\"https:\/\/www.celttv.com.ar\/\",\"sameAs\":[\"https:\/\/www.youtube.com\/channel\/UCz_oIt8Hig64Ub-EmcNPIhg\",\"https:\/\/www.facebook.com\/celtTV\/\"],\"logo\":{\"@type\":\"ImageObject\",\"inLanguage\":\"es\",\"@id\":\"https:\/\/www.celttv.com.ar\/#\/schema\/logo\/image\/\",\"url\":\"http:\/\/www.celttv.com.ar\/wp-content\/uploads\/2022\/08\/logo-1.png\",\"contentUrl\":\"http:\/\/www.celttv.com.ar\/wp-content\/uploads\/2022\/08\/logo-1.png\",\"width\":461,\"height\":159,\"caption\":\"CELTTV\"},\"image\":{\"@id\":\"https:\/\/www.celttv.com.ar\/#\/schema\/logo\/image\/\"}},{\"@type\":\"Person\",\"@id\":\"https:\/\/www.celttv.com.ar\/#\/schema\/person\/6d99c072dba59953809c81446e9d0ace\",\"name\":\"ulises\",\"image\":{\"@type\":\"ImageObject\",\"inLanguage\":\"es\",\"@id\":\"https:\/\/www.celttv.com.ar\/#\/schema\/person\/image\/\",\"url\":\"https:\/\/secure.gravatar.com\/avatar\/7f2c48bdc33b30088f941fb6082e555f2874c98e20cb159d7b92b50eadfce793?s=96&d=mm&r=g\",\"contentUrl\":\"https:\/\/secure.gravatar.com\/avatar\/7f2c48bdc33b30088f941fb6082e555f2874c98e20cb159d7b92b50eadfce793?s=96&d=mm&r=g\",\"caption\":\"ulises\"},\"sameAs\":[\"http:\/\/www.celttv.com.ar\"]}]}<\/script>\n<!-- \/ Yoast SEO plugin. -->","yoast_head_json":{"title":"LA AGRUPACI\u00d3N \"ALMA MOTERA\" BRIND\u00d3 DETALLES DEL ENCUENTRO DE MOTOS QUE SE REALIZAR\u00c1 ESTE FIN DE SEMANA EN TORNQUIST (VIDEOS ENTREVISTAS) - CELTTV","description":"Sitio web de noticias de la localidad de Tornquist, provincia de Buenos Aires, Rep\u00fablica Argentina. Contenido propio originado por periodistas de CELTTV, el canal de TV local de la Cooperativa El\u00e9ctrica de Tornquist. Turismo, Pol\u00edtica, Sociedad, Deporte, Cultura y todo el contenido de inter\u00e9s general que la gente del pueblo y la regi\u00f3n debe conocer.","robots":{"index":"index","follow":"follow","max-snippet":"max-snippet:-1","max-image-preview":"max-image-preview:large","max-video-preview":"max-video-preview:-1"},"canonical":"https:\/\/www.celttv.com.ar\/index.php\/2018\/11\/01\/la-agrupacion-alma-motera-brindo-detalles-del-enceuntro-de-motos-que-se-realizara-este-fin-de-semana-en-tornquist-videos-entrevistas\/","og_locale":"es_ES","og_type":"article","og_title":"LA AGRUPACI\u00d3N \"ALMA MOTERA\" BRIND\u00d3 DETALLES DEL ENCUENTRO DE MOTOS QUE SE REALIZAR\u00c1 ESTE FIN DE SEMANA EN TORNQUIST (VIDEOS ENTREVISTAS) - CELTTV","og_description":"Sitio web de noticias de la localidad de Tornquist, provincia de Buenos Aires, Rep\u00fablica Argentina. Contenido propio originado por periodistas de CELTTV, el canal de TV local de la Cooperativa El\u00e9ctrica de Tornquist. Turismo, Pol\u00edtica, Sociedad, Deporte, Cultura y todo el contenido de inter\u00e9s general que la gente del pueblo y la regi\u00f3n debe conocer.","og_url":"https:\/\/www.celttv.com.ar\/index.php\/2018\/11\/01\/la-agrupacion-alma-motera-brindo-detalles-del-enceuntro-de-motos-que-se-realizara-este-fin-de-semana-en-tornquist-videos-entrevistas\/","og_site_name":"CELTTV","article_publisher":"https:\/\/www.facebook.com\/celtTV\/","article_published_time":"2018-11-01T14:25:06+00:00","og_image":[{"width":1032,"height":774,"url":"https:\/\/www.celttv.com.ar\/wp-content\/uploads\/2018\/11\/IMG-20181031-WA0011.jpg","type":"image\/jpeg"}],"author":"ulises","twitter_card":"summary_large_image","twitter_misc":{"Escrito por":"ulises"},"schema":{"@context":"https:\/\/schema.org","@graph":[{"@type":"NewsArticle","@id":"https:\/\/www.celttv.com.ar\/index.php\/2018\/11\/01\/la-agrupacion-alma-motera-brindo-detalles-del-enceuntro-de-motos-que-se-realizara-este-fin-de-semana-en-tornquist-videos-entrevistas\/#article","isPartOf":{"@id":"https:\/\/www.celttv.com.ar\/index.php\/2018\/11\/01\/la-agrupacion-alma-motera-brindo-detalles-del-enceuntro-de-motos-que-se-realizara-este-fin-de-semana-en-tornquist-videos-entrevistas\/"},"author":{"name":"ulises","@id":"https:\/\/www.celttv.com.ar\/#\/schema\/person\/6d99c072dba59953809c81446e9d0ace"},"headline":"LA AGRUPACI\u00d3N &#8220;ALMA MOTERA&#8221; BRIND\u00d3 DETALLES DEL ENCUENTRO DE MOTOS QUE SE REALIZAR\u00c1 ESTE FIN DE SEMANA EN TORNQUIST (VIDEOS ENTREVISTAS)","datePublished":"2018-11-01T14:25:06+00:00","dateModified":"2018-11-01T14:25:06+00:00","mainEntityOfPage":{"@id":"https:\/\/www.celttv.com.ar\/index.php\/2018\/11\/01\/la-agrupacion-alma-motera-brindo-detalles-del-enceuntro-de-motos-que-se-realizara-este-fin-de-semana-en-tornquist-videos-entrevistas\/"},"wordCount":95,"publisher":{"@id":"https:\/\/www.celttv.com.ar\/#organization"},"articleSection":["Celt TV Noticias","Deporte","Destacadas","Magazine Sport"],"inLanguage":"es"},{"@type":"WebPage","@id":"https:\/\/www.celttv.com.ar\/index.php\/2018\/11\/01\/la-agrupacion-alma-motera-brindo-detalles-del-enceuntro-de-motos-que-se-realizara-este-fin-de-semana-en-tornquist-videos-entrevistas\/","url":"https:\/\/www.celttv.com.ar\/index.php\/2018\/11\/01\/la-agrupacion-alma-motera-brindo-detalles-del-enceuntro-de-motos-que-se-realizara-este-fin-de-semana-en-tornquist-videos-entrevistas\/","name":"LA AGRUPACI\u00d3N \"ALMA MOTERA\" BRIND\u00d3 DETALLES DEL ENCUENTRO DE MOTOS QUE SE REALIZAR\u00c1 ESTE FIN DE SEMANA EN TORNQUIST (VIDEOS ENTREVISTAS) - CELTTV","isPartOf":{"@id":"https:\/\/www.celttv.com.ar\/#website"},"datePublished":"2018-11-01T14:25:06+00:00","dateModified":"2018-11-01T14:25:06+00:00","description":"Sitio web de noticias de la localidad de Tornquist, provincia de Buenos Aires, Rep\u00fablica Argentina. Contenido propio originado por periodistas de CELTTV, el canal de TV local de la Cooperativa El\u00e9ctrica de Tornquist. Turismo, Pol\u00edtica, Sociedad, Deporte, Cultura y todo el contenido de inter\u00e9s general que la gente del pueblo y la regi\u00f3n debe conocer.","breadcrumb":{"@id":"https:\/\/www.celttv.com.ar\/index.php\/2018\/11\/01\/la-agrupacion-alma-motera-brindo-detalles-del-enceuntro-de-motos-que-se-realizara-este-fin-de-semana-en-tornquist-videos-entrevistas\/#breadcrumb"},"inLanguage":"es","potentialAction":[{"@type":"ReadAction","target":["https:\/\/www.celttv.com.ar\/index.php\/2018\/11\/01\/la-agrupacion-alma-motera-brindo-detalles-del-enceuntro-de-motos-que-se-realizara-este-fin-de-semana-en-tornquist-videos-entrevistas\/"]}]},{"@type":"BreadcrumbList","@id":"https:\/\/www.celttv.com.ar\/index.php\/2018\/11\/01\/la-agrupacion-alma-motera-brindo-detalles-del-enceuntro-de-motos-que-se-realizara-este-fin-de-semana-en-tornquist-videos-entrevistas\/#breadcrumb","itemListElement":[{"@type":"ListItem","position":1,"name":"Inicio","item":"https:\/\/www.celttv.com.ar\/"},{"@type":"ListItem","position":2,"name":"LA AGRUPACI\u00d3N &#8220;ALMA MOTERA&#8221; BRIND\u00d3 DETALLES DEL ENCUENTRO DE MOTOS QUE SE REALIZAR\u00c1 ESTE FIN DE SEMANA EN TORNQUIST (VIDEOS ENTREVISTAS)"}]},{"@type":"WebSite","@id":"https:\/\/www.celttv.com.ar\/#website","url":"https:\/\/www.celttv.com.ar\/","name":"CELTTV","description":"Cooperativa El\u00e9ctrica de Tornquist","publisher":{"@id":"https:\/\/www.celttv.com.ar\/#organization"},"potentialAction":[{"@type":"SearchAction","target":{"@type":"EntryPoint","urlTemplate":"https:\/\/www.celttv.com.ar\/?s={search_term_string}"},"query-input":"required name=search_term_string"}],"inLanguage":"es"},{"@type":"Organization","@id":"https:\/\/www.celttv.com.ar\/#organization","name":"CELTTV","url":"https:\/\/www.celttv.com.ar\/","sameAs":["https:\/\/www.youtube.com\/channel\/UCz_oIt8Hig64Ub-EmcNPIhg","https:\/\/www.facebook.com\/celtTV\/"],"logo":{"@type":"ImageObject","inLanguage":"es","@id":"https:\/\/www.celttv.com.ar\/#\/schema\/logo\/image\/","url":"http:\/\/www.celttv.com.ar\/wp-content\/uploads\/2022\/08\/logo-1.png","contentUrl":"http:\/\/www.celttv.com.ar\/wp-content\/uploads\/2022\/08\/logo-1.png","width":461,"height":159,"caption":"CELTTV"},"image":{"@id":"https:\/\/www.celttv.com.ar\/#\/schema\/logo\/image\/"}},{"@type":"Person","@id":"https:\/\/www.celttv.com.ar\/#\/schema\/person\/6d99c072dba59953809c81446e9d0ace","name":"ulises","image":{"@type":"ImageObject","inLanguage":"es","@id":"https:\/\/www.celttv.com.ar\/#\/schema\/person\/image\/","url":"https:\/\/secure.gravatar.com\/avatar\/7f2c48bdc33b30088f941fb6082e555f2874c98e20cb159d7b92b50eadfce793?s=96&d=mm&r=g","contentUrl":"https:\/\/secure.gravatar.com\/avatar\/7f2c48bdc33b30088f941fb6082e555f2874c98e20cb159d7b92b50eadfce793?s=96&d=mm&r=g","caption":"ulises"},"sameAs":["http:\/\/www.celttv.com.ar"]}]}},"_links":{"self":[{"href":"https:\/\/www.celttv.com.ar\/index.php\/wp-json\/wp\/v2\/posts\/38249","targetHints":{"allow":["GET"]}}],"collection":[{"href":"https:\/\/www.celttv.com.ar\/index.php\/wp-json\/wp\/v2\/posts"}],"about":[{"href":"https:\/\/www.celttv.com.ar\/index.php\/wp-json\/wp\/v2\/types\/post"}],"author":[{"embeddable":true,"href":"https:\/\/www.celttv.com.ar\/index.php\/wp-json\/wp\/v2\/users\/1"}],"replies":[{"embeddable":true,"href":"https:\/\/www.celttv.com.ar\/index.php\/wp-json\/wp\/v2\/comments?post=38249"}],"version-history":[{"count":0,"href":"https:\/\/www.celttv.com.ar\/index.php\/wp-json\/wp\/v2\/posts\/38249\/revisions"}],"wp:featuredmedia":[{"embeddable":true,"href":"https:\/\/www.celttv.com.ar\/index.php\/wp-json\/wp\/v2\/media\/38250"}],"wp:attachment":[{"href":"https:\/\/www.celttv.com.ar\/index.php\/wp-json\/wp\/v2\/media?parent=38249"}],"wp:term":[{"taxonomy":"category","embeddable":true,"href":"https:\/\/www.celttv.com.ar\/index.php\/wp-json\/wp\/v2\/categories?post=38249"},{"taxonomy":"post_tag","embeddable":true,"href":"https:\/\/www.celttv.com.ar\/index.php\/wp-json\/wp\/v2\/tags?post=38249"}],"curies":[{"name":"wp","href":"https:\/\/api.w.org\/{rel}","templated":true}]}}