{"id":38255,"date":"2018-11-01T15:13:44","date_gmt":"2018-11-01T15:13:44","guid":{"rendered":"http:\/\/www.celttv.com.ar\/?p=38255"},"modified":"2018-11-01T15:13:44","modified_gmt":"2018-11-01T15:13:44","slug":"carlos-solari-diserto-en-la-expo-comunicarte-del-colegio-nuestra-senora-de-lujan-videos-entrevistas","status":"publish","type":"post","link":"https:\/\/www.celttv.com.ar\/index.php\/2018\/11\/01\/carlos-solari-diserto-en-la-expo-comunicarte-del-colegio-nuestra-senora-de-lujan-videos-entrevistas\/","title":{"rendered":"CARLOS SOLARI DISERT\u00d3 EN LA EXPO-COMUNICARTE DEL COLEGIO NUESTRA SE\u00d1ORA DE LUJ\u00c1N (VIDEOS ENTREVISTAS)"},"content":{"rendered":"<p><strong>CELTTV&#8212;<\/strong> El nivel secundario del Colegio Nuestra Se\u00f1ora de Luj\u00e1n, realiz\u00f3 la <strong>8\u00b0\u00a0 edici\u00f3n de la Expo-Comunicarte<\/strong>, donde los alumnos desarrollaron diferentes actividades a trav\u00e9s de talleres que dictaron los docentes.<br \/>\nDentro de las actividades programadas para la <strong>Expo-Comunicarte<\/strong>, la misma cont\u00f3 con la disertaci\u00f3n del motivador <strong>Carlos Solari<\/strong>, tras la gesti\u00f3n de la <strong>CELT<\/strong>, el cual tuvo contacto directo con alumnos de dicho establecimiento educativo.<br \/>\nEn el programa<strong> CELTTV NOTICIAS<\/strong>, estuvo presente <strong>Solari<\/strong>, quien fue acompa\u00f1ado por la docente <strong>Mercedes Zambrana (CNSL)<\/strong> y la consejera de la <strong>CELT, Adriana Muscillo.<\/strong><\/p>\n<div class=\"jeg_video_container jeg_video_content\"><iframe loading=\"lazy\" title=\"2018 10 31 NOTA EN VIVO SOLARI\" width=\"500\" height=\"375\" src=\"https:\/\/www.youtube.com\/embed\/YoxwNvOSaIw?feature=oembed\" frameborder=\"0\" allow=\"accelerometer; autoplay; clipboard-write; encrypted-media; gyroscope; picture-in-picture; web-share\" referrerpolicy=\"strict-origin-when-cross-origin\" allowfullscreen><\/iframe><\/div>\n<p>&nbsp;<\/p>\n","protected":false},"excerpt":{"rendered":"<p>CELTTV&#8212; El nivel secundario del Colegio Nuestra Se\u00f1ora de Luj\u00e1n, realiz\u00f3 la 8\u00b0\u00a0 edici\u00f3n de la Expo-Comunicarte, donde los alumnos desarrollaron diferentes actividades a trav\u00e9s de talleres que dictaron los docentes. Dentro de las actividades programadas para la Expo-Comunicarte, la misma cont\u00f3 con la disertaci\u00f3n del motivador Carlos Solari, tras la gesti\u00f3n de la CELT, [&hellip;]<\/p>\n","protected":false},"author":1,"featured_media":38268,"comment_status":"closed","ping_status":"open","sticky":false,"template":"","format":"standard","meta":{"footnotes":""},"categories":[55,51,52],"tags":[],"class_list":["post-38255","post","type-post","status-publish","format-standard","has-post-thumbnail","hentry","category-celt-tv-noticias","category-comunidad","category-destacadas"],"yoast_head":"<!-- This site is optimized with the Yoast SEO plugin v19.7.1 - https:\/\/yoast.com\/wordpress\/plugins\/seo\/ -->\n<title>CARLOS SOLARI DISERT\u00d3 EN LA EXPO-COMUNICARTE DEL COLEGIO NUESTRA SE\u00d1ORA DE LUJ\u00c1N (VIDEOS ENTREVISTAS) - CELTTV<\/title>\n<meta name=\"description\" content=\"Sitio web de noticias de la localidad de Tornquist, provincia de Buenos Aires, Rep\u00fablica Argentina. Contenido propio originado por periodistas de CELTTV, el canal de TV local de la Cooperativa El\u00e9ctrica de Tornquist. Turismo, Pol\u00edtica, Sociedad, Deporte, Cultura y todo el contenido de inter\u00e9s general que la gente del pueblo y la regi\u00f3n debe conocer.\" \/>\n<meta name=\"robots\" content=\"index, follow, max-snippet:-1, max-image-preview:large, max-video-preview:-1\" \/>\n<link rel=\"canonical\" href=\"https:\/\/www.celttv.com.ar\/index.php\/2018\/11\/01\/carlos-solari-diserto-en-la-expo-comunicarte-del-colegio-nuestra-senora-de-lujan-videos-entrevistas\/\" \/>\n<meta property=\"og:locale\" content=\"es_ES\" \/>\n<meta property=\"og:type\" content=\"article\" \/>\n<meta property=\"og:title\" content=\"CARLOS SOLARI DISERT\u00d3 EN LA EXPO-COMUNICARTE DEL COLEGIO NUESTRA SE\u00d1ORA DE LUJ\u00c1N (VIDEOS ENTREVISTAS) - CELTTV\" \/>\n<meta property=\"og:description\" content=\"Sitio web de noticias de la localidad de Tornquist, provincia de Buenos Aires, Rep\u00fablica Argentina. Contenido propio originado por periodistas de CELTTV, el canal de TV local de la Cooperativa El\u00e9ctrica de Tornquist. Turismo, Pol\u00edtica, Sociedad, Deporte, Cultura y todo el contenido de inter\u00e9s general que la gente del pueblo y la regi\u00f3n debe conocer.\" \/>\n<meta property=\"og:url\" content=\"https:\/\/www.celttv.com.ar\/index.php\/2018\/11\/01\/carlos-solari-diserto-en-la-expo-comunicarte-del-colegio-nuestra-senora-de-lujan-videos-entrevistas\/\" \/>\n<meta property=\"og:site_name\" content=\"CELTTV\" \/>\n<meta property=\"article:publisher\" content=\"https:\/\/www.facebook.com\/celtTV\/\" \/>\n<meta property=\"article:published_time\" content=\"2018-11-01T15:13:44+00:00\" \/>\n<meta property=\"og:image\" content=\"https:\/\/www.celttv.com.ar\/wp-content\/uploads\/2018\/11\/9409_558987980808621_1634421530_n.jpg\" \/>\n\t<meta property=\"og:image:width\" content=\"493\" \/>\n\t<meta property=\"og:image:height\" content=\"424\" \/>\n\t<meta property=\"og:image:type\" content=\"image\/jpeg\" \/>\n<meta name=\"author\" content=\"ulises\" \/>\n<meta name=\"twitter:card\" content=\"summary_large_image\" \/>\n<meta name=\"twitter:label1\" content=\"Escrito por\" \/>\n\t<meta name=\"twitter:data1\" content=\"ulises\" \/>\n\t<meta name=\"twitter:label2\" content=\"Tiempo de lectura\" \/>\n\t<meta name=\"twitter:data2\" content=\"1 minuto\" \/>\n<script type=\"application\/ld+json\" class=\"yoast-schema-graph\">{\"@context\":\"https:\/\/schema.org\",\"@graph\":[{\"@type\":\"NewsArticle\",\"@id\":\"https:\/\/www.celttv.com.ar\/index.php\/2018\/11\/01\/carlos-solari-diserto-en-la-expo-comunicarte-del-colegio-nuestra-senora-de-lujan-videos-entrevistas\/#article\",\"isPartOf\":{\"@id\":\"https:\/\/www.celttv.com.ar\/index.php\/2018\/11\/01\/carlos-solari-diserto-en-la-expo-comunicarte-del-colegio-nuestra-senora-de-lujan-videos-entrevistas\/\"},\"author\":{\"name\":\"ulises\",\"@id\":\"https:\/\/www.celttv.com.ar\/#\/schema\/person\/6d99c072dba59953809c81446e9d0ace\"},\"headline\":\"CARLOS SOLARI DISERT\u00d3 EN LA EXPO-COMUNICARTE DEL COLEGIO NUESTRA SE\u00d1ORA DE LUJ\u00c1N (VIDEOS ENTREVISTAS)\",\"datePublished\":\"2018-11-01T15:13:44+00:00\",\"dateModified\":\"2018-11-01T15:13:44+00:00\",\"mainEntityOfPage\":{\"@id\":\"https:\/\/www.celttv.com.ar\/index.php\/2018\/11\/01\/carlos-solari-diserto-en-la-expo-comunicarte-del-colegio-nuestra-senora-de-lujan-videos-entrevistas\/\"},\"wordCount\":121,\"publisher\":{\"@id\":\"https:\/\/www.celttv.com.ar\/#organization\"},\"articleSection\":[\"Celt TV Noticias\",\"Comunidad\",\"Destacadas\"],\"inLanguage\":\"es\"},{\"@type\":\"WebPage\",\"@id\":\"https:\/\/www.celttv.com.ar\/index.php\/2018\/11\/01\/carlos-solari-diserto-en-la-expo-comunicarte-del-colegio-nuestra-senora-de-lujan-videos-entrevistas\/\",\"url\":\"https:\/\/www.celttv.com.ar\/index.php\/2018\/11\/01\/carlos-solari-diserto-en-la-expo-comunicarte-del-colegio-nuestra-senora-de-lujan-videos-entrevistas\/\",\"name\":\"CARLOS SOLARI DISERT\u00d3 EN LA EXPO-COMUNICARTE DEL COLEGIO NUESTRA SE\u00d1ORA DE LUJ\u00c1N (VIDEOS ENTREVISTAS) - CELTTV\",\"isPartOf\":{\"@id\":\"https:\/\/www.celttv.com.ar\/#website\"},\"datePublished\":\"2018-11-01T15:13:44+00:00\",\"dateModified\":\"2018-11-01T15:13:44+00:00\",\"description\":\"Sitio web de noticias de la localidad de Tornquist, provincia de Buenos Aires, Rep\u00fablica Argentina. Contenido propio originado por periodistas de CELTTV, el canal de TV local de la Cooperativa El\u00e9ctrica de Tornquist. Turismo, Pol\u00edtica, Sociedad, Deporte, Cultura y todo el contenido de inter\u00e9s general que la gente del pueblo y la regi\u00f3n debe conocer.\",\"breadcrumb\":{\"@id\":\"https:\/\/www.celttv.com.ar\/index.php\/2018\/11\/01\/carlos-solari-diserto-en-la-expo-comunicarte-del-colegio-nuestra-senora-de-lujan-videos-entrevistas\/#breadcrumb\"},\"inLanguage\":\"es\",\"potentialAction\":[{\"@type\":\"ReadAction\",\"target\":[\"https:\/\/www.celttv.com.ar\/index.php\/2018\/11\/01\/carlos-solari-diserto-en-la-expo-comunicarte-del-colegio-nuestra-senora-de-lujan-videos-entrevistas\/\"]}]},{\"@type\":\"BreadcrumbList\",\"@id\":\"https:\/\/www.celttv.com.ar\/index.php\/2018\/11\/01\/carlos-solari-diserto-en-la-expo-comunicarte-del-colegio-nuestra-senora-de-lujan-videos-entrevistas\/#breadcrumb\",\"itemListElement\":[{\"@type\":\"ListItem\",\"position\":1,\"name\":\"Inicio\",\"item\":\"https:\/\/www.celttv.com.ar\/\"},{\"@type\":\"ListItem\",\"position\":2,\"name\":\"CARLOS SOLARI DISERT\u00d3 EN LA EXPO-COMUNICARTE DEL COLEGIO NUESTRA SE\u00d1ORA DE LUJ\u00c1N (VIDEOS ENTREVISTAS)\"}]},{\"@type\":\"WebSite\",\"@id\":\"https:\/\/www.celttv.com.ar\/#website\",\"url\":\"https:\/\/www.celttv.com.ar\/\",\"name\":\"CELTTV\",\"description\":\"Cooperativa El\u00e9ctrica de Tornquist\",\"publisher\":{\"@id\":\"https:\/\/www.celttv.com.ar\/#organization\"},\"potentialAction\":[{\"@type\":\"SearchAction\",\"target\":{\"@type\":\"EntryPoint\",\"urlTemplate\":\"https:\/\/www.celttv.com.ar\/?s={search_term_string}\"},\"query-input\":\"required name=search_term_string\"}],\"inLanguage\":\"es\"},{\"@type\":\"Organization\",\"@id\":\"https:\/\/www.celttv.com.ar\/#organization\",\"name\":\"CELTTV\",\"url\":\"https:\/\/www.celttv.com.ar\/\",\"sameAs\":[\"https:\/\/www.youtube.com\/channel\/UCz_oIt8Hig64Ub-EmcNPIhg\",\"https:\/\/www.facebook.com\/celtTV\/\"],\"logo\":{\"@type\":\"ImageObject\",\"inLanguage\":\"es\",\"@id\":\"https:\/\/www.celttv.com.ar\/#\/schema\/logo\/image\/\",\"url\":\"http:\/\/www.celttv.com.ar\/wp-content\/uploads\/2022\/08\/logo-1.png\",\"contentUrl\":\"http:\/\/www.celttv.com.ar\/wp-content\/uploads\/2022\/08\/logo-1.png\",\"width\":461,\"height\":159,\"caption\":\"CELTTV\"},\"image\":{\"@id\":\"https:\/\/www.celttv.com.ar\/#\/schema\/logo\/image\/\"}},{\"@type\":\"Person\",\"@id\":\"https:\/\/www.celttv.com.ar\/#\/schema\/person\/6d99c072dba59953809c81446e9d0ace\",\"name\":\"ulises\",\"image\":{\"@type\":\"ImageObject\",\"inLanguage\":\"es\",\"@id\":\"https:\/\/www.celttv.com.ar\/#\/schema\/person\/image\/\",\"url\":\"https:\/\/secure.gravatar.com\/avatar\/7f2c48bdc33b30088f941fb6082e555f2874c98e20cb159d7b92b50eadfce793?s=96&d=mm&r=g\",\"contentUrl\":\"https:\/\/secure.gravatar.com\/avatar\/7f2c48bdc33b30088f941fb6082e555f2874c98e20cb159d7b92b50eadfce793?s=96&d=mm&r=g\",\"caption\":\"ulises\"},\"sameAs\":[\"http:\/\/www.celttv.com.ar\"]}]}<\/script>\n<!-- \/ Yoast SEO plugin. -->","yoast_head_json":{"title":"CARLOS SOLARI DISERT\u00d3 EN LA EXPO-COMUNICARTE DEL COLEGIO NUESTRA SE\u00d1ORA DE LUJ\u00c1N (VIDEOS ENTREVISTAS) - CELTTV","description":"Sitio web de noticias de la localidad de Tornquist, provincia de Buenos Aires, Rep\u00fablica Argentina. Contenido propio originado por periodistas de CELTTV, el canal de TV local de la Cooperativa El\u00e9ctrica de Tornquist. Turismo, Pol\u00edtica, Sociedad, Deporte, Cultura y todo el contenido de inter\u00e9s general que la gente del pueblo y la regi\u00f3n debe conocer.","robots":{"index":"index","follow":"follow","max-snippet":"max-snippet:-1","max-image-preview":"max-image-preview:large","max-video-preview":"max-video-preview:-1"},"canonical":"https:\/\/www.celttv.com.ar\/index.php\/2018\/11\/01\/carlos-solari-diserto-en-la-expo-comunicarte-del-colegio-nuestra-senora-de-lujan-videos-entrevistas\/","og_locale":"es_ES","og_type":"article","og_title":"CARLOS SOLARI DISERT\u00d3 EN LA EXPO-COMUNICARTE DEL COLEGIO NUESTRA SE\u00d1ORA DE LUJ\u00c1N (VIDEOS ENTREVISTAS) - CELTTV","og_description":"Sitio web de noticias de la localidad de Tornquist, provincia de Buenos Aires, Rep\u00fablica Argentina. Contenido propio originado por periodistas de CELTTV, el canal de TV local de la Cooperativa El\u00e9ctrica de Tornquist. Turismo, Pol\u00edtica, Sociedad, Deporte, Cultura y todo el contenido de inter\u00e9s general que la gente del pueblo y la regi\u00f3n debe conocer.","og_url":"https:\/\/www.celttv.com.ar\/index.php\/2018\/11\/01\/carlos-solari-diserto-en-la-expo-comunicarte-del-colegio-nuestra-senora-de-lujan-videos-entrevistas\/","og_site_name":"CELTTV","article_publisher":"https:\/\/www.facebook.com\/celtTV\/","article_published_time":"2018-11-01T15:13:44+00:00","og_image":[{"width":493,"height":424,"url":"https:\/\/www.celttv.com.ar\/wp-content\/uploads\/2018\/11\/9409_558987980808621_1634421530_n.jpg","type":"image\/jpeg"}],"author":"ulises","twitter_card":"summary_large_image","twitter_misc":{"Escrito por":"ulises","Tiempo de lectura":"1 minuto"},"schema":{"@context":"https:\/\/schema.org","@graph":[{"@type":"NewsArticle","@id":"https:\/\/www.celttv.com.ar\/index.php\/2018\/11\/01\/carlos-solari-diserto-en-la-expo-comunicarte-del-colegio-nuestra-senora-de-lujan-videos-entrevistas\/#article","isPartOf":{"@id":"https:\/\/www.celttv.com.ar\/index.php\/2018\/11\/01\/carlos-solari-diserto-en-la-expo-comunicarte-del-colegio-nuestra-senora-de-lujan-videos-entrevistas\/"},"author":{"name":"ulises","@id":"https:\/\/www.celttv.com.ar\/#\/schema\/person\/6d99c072dba59953809c81446e9d0ace"},"headline":"CARLOS SOLARI DISERT\u00d3 EN LA EXPO-COMUNICARTE DEL COLEGIO NUESTRA SE\u00d1ORA DE LUJ\u00c1N (VIDEOS ENTREVISTAS)","datePublished":"2018-11-01T15:13:44+00:00","dateModified":"2018-11-01T15:13:44+00:00","mainEntityOfPage":{"@id":"https:\/\/www.celttv.com.ar\/index.php\/2018\/11\/01\/carlos-solari-diserto-en-la-expo-comunicarte-del-colegio-nuestra-senora-de-lujan-videos-entrevistas\/"},"wordCount":121,"publisher":{"@id":"https:\/\/www.celttv.com.ar\/#organization"},"articleSection":["Celt TV Noticias","Comunidad","Destacadas"],"inLanguage":"es"},{"@type":"WebPage","@id":"https:\/\/www.celttv.com.ar\/index.php\/2018\/11\/01\/carlos-solari-diserto-en-la-expo-comunicarte-del-colegio-nuestra-senora-de-lujan-videos-entrevistas\/","url":"https:\/\/www.celttv.com.ar\/index.php\/2018\/11\/01\/carlos-solari-diserto-en-la-expo-comunicarte-del-colegio-nuestra-senora-de-lujan-videos-entrevistas\/","name":"CARLOS SOLARI DISERT\u00d3 EN LA EXPO-COMUNICARTE DEL COLEGIO NUESTRA SE\u00d1ORA DE LUJ\u00c1N (VIDEOS ENTREVISTAS) - CELTTV","isPartOf":{"@id":"https:\/\/www.celttv.com.ar\/#website"},"datePublished":"2018-11-01T15:13:44+00:00","dateModified":"2018-11-01T15:13:44+00:00","description":"Sitio web de noticias de la localidad de Tornquist, provincia de Buenos Aires, Rep\u00fablica Argentina. Contenido propio originado por periodistas de CELTTV, el canal de TV local de la Cooperativa El\u00e9ctrica de Tornquist. Turismo, Pol\u00edtica, Sociedad, Deporte, Cultura y todo el contenido de inter\u00e9s general que la gente del pueblo y la regi\u00f3n debe conocer.","breadcrumb":{"@id":"https:\/\/www.celttv.com.ar\/index.php\/2018\/11\/01\/carlos-solari-diserto-en-la-expo-comunicarte-del-colegio-nuestra-senora-de-lujan-videos-entrevistas\/#breadcrumb"},"inLanguage":"es","potentialAction":[{"@type":"ReadAction","target":["https:\/\/www.celttv.com.ar\/index.php\/2018\/11\/01\/carlos-solari-diserto-en-la-expo-comunicarte-del-colegio-nuestra-senora-de-lujan-videos-entrevistas\/"]}]},{"@type":"BreadcrumbList","@id":"https:\/\/www.celttv.com.ar\/index.php\/2018\/11\/01\/carlos-solari-diserto-en-la-expo-comunicarte-del-colegio-nuestra-senora-de-lujan-videos-entrevistas\/#breadcrumb","itemListElement":[{"@type":"ListItem","position":1,"name":"Inicio","item":"https:\/\/www.celttv.com.ar\/"},{"@type":"ListItem","position":2,"name":"CARLOS SOLARI DISERT\u00d3 EN LA EXPO-COMUNICARTE DEL COLEGIO NUESTRA SE\u00d1ORA DE LUJ\u00c1N (VIDEOS ENTREVISTAS)"}]},{"@type":"WebSite","@id":"https:\/\/www.celttv.com.ar\/#website","url":"https:\/\/www.celttv.com.ar\/","name":"CELTTV","description":"Cooperativa El\u00e9ctrica de Tornquist","publisher":{"@id":"https:\/\/www.celttv.com.ar\/#organization"},"potentialAction":[{"@type":"SearchAction","target":{"@type":"EntryPoint","urlTemplate":"https:\/\/www.celttv.com.ar\/?s={search_term_string}"},"query-input":"required name=search_term_string"}],"inLanguage":"es"},{"@type":"Organization","@id":"https:\/\/www.celttv.com.ar\/#organization","name":"CELTTV","url":"https:\/\/www.celttv.com.ar\/","sameAs":["https:\/\/www.youtube.com\/channel\/UCz_oIt8Hig64Ub-EmcNPIhg","https:\/\/www.facebook.com\/celtTV\/"],"logo":{"@type":"ImageObject","inLanguage":"es","@id":"https:\/\/www.celttv.com.ar\/#\/schema\/logo\/image\/","url":"http:\/\/www.celttv.com.ar\/wp-content\/uploads\/2022\/08\/logo-1.png","contentUrl":"http:\/\/www.celttv.com.ar\/wp-content\/uploads\/2022\/08\/logo-1.png","width":461,"height":159,"caption":"CELTTV"},"image":{"@id":"https:\/\/www.celttv.com.ar\/#\/schema\/logo\/image\/"}},{"@type":"Person","@id":"https:\/\/www.celttv.com.ar\/#\/schema\/person\/6d99c072dba59953809c81446e9d0ace","name":"ulises","image":{"@type":"ImageObject","inLanguage":"es","@id":"https:\/\/www.celttv.com.ar\/#\/schema\/person\/image\/","url":"https:\/\/secure.gravatar.com\/avatar\/7f2c48bdc33b30088f941fb6082e555f2874c98e20cb159d7b92b50eadfce793?s=96&d=mm&r=g","contentUrl":"https:\/\/secure.gravatar.com\/avatar\/7f2c48bdc33b30088f941fb6082e555f2874c98e20cb159d7b92b50eadfce793?s=96&d=mm&r=g","caption":"ulises"},"sameAs":["http:\/\/www.celttv.com.ar"]}]}},"_links":{"self":[{"href":"https:\/\/www.celttv.com.ar\/index.php\/wp-json\/wp\/v2\/posts\/38255","targetHints":{"allow":["GET"]}}],"collection":[{"href":"https:\/\/www.celttv.com.ar\/index.php\/wp-json\/wp\/v2\/posts"}],"about":[{"href":"https:\/\/www.celttv.com.ar\/index.php\/wp-json\/wp\/v2\/types\/post"}],"author":[{"embeddable":true,"href":"https:\/\/www.celttv.com.ar\/index.php\/wp-json\/wp\/v2\/users\/1"}],"replies":[{"embeddable":true,"href":"https:\/\/www.celttv.com.ar\/index.php\/wp-json\/wp\/v2\/comments?post=38255"}],"version-history":[{"count":0,"href":"https:\/\/www.celttv.com.ar\/index.php\/wp-json\/wp\/v2\/posts\/38255\/revisions"}],"wp:featuredmedia":[{"embeddable":true,"href":"https:\/\/www.celttv.com.ar\/index.php\/wp-json\/wp\/v2\/media\/38268"}],"wp:attachment":[{"href":"https:\/\/www.celttv.com.ar\/index.php\/wp-json\/wp\/v2\/media?parent=38255"}],"wp:term":[{"taxonomy":"category","embeddable":true,"href":"https:\/\/www.celttv.com.ar\/index.php\/wp-json\/wp\/v2\/categories?post=38255"},{"taxonomy":"post_tag","embeddable":true,"href":"https:\/\/www.celttv.com.ar\/index.php\/wp-json\/wp\/v2\/tags?post=38255"}],"curies":[{"name":"wp","href":"https:\/\/api.w.org\/{rel}","templated":true}]}}