{"id":38270,"date":"2018-11-01T15:21:14","date_gmt":"2018-11-01T15:21:14","guid":{"rendered":"http:\/\/www.celttv.com.ar\/?p=38270"},"modified":"2018-11-01T15:21:14","modified_gmt":"2018-11-01T15:21:14","slug":"se-realiza-en-tornquist-la-encuesta-nacional-de-factores-de-riesgo-participan-encuestadores-del-ministerio-de-economia-de-la-provincia","status":"publish","type":"post","link":"https:\/\/www.celttv.com.ar\/index.php\/2018\/11\/01\/se-realiza-en-tornquist-la-encuesta-nacional-de-factores-de-riesgo-participan-encuestadores-del-ministerio-de-economia-de-la-provincia\/","title":{"rendered":"Se realizar\u00e1 en Tornquist la Encuesta Nacional de Factores de Riesgo: Participan encuestadores del ministerio de Econom\u00eda de la Provincia"},"content":{"rendered":"<p class=\"yiv6433171446MsoNormal\">Hasta el 26 de noviembre, encuestadores de la Direcci\u00f3n Provincial de Estad\u00edsticas, que depende del ministerio de Econom\u00eda bonaerense, realizar\u00e1n en Tornquist la Encuesta de Factores de Riesgo, que a nivel pa\u00eds est\u00e1 a cargo del Instituto Nacional de Estad\u00edsticas y Censos (INDEC).<\/p>\n<p class=\"yiv6433171446MsoNormal\">Los resultados de estas encuestas, que ya se realizaron durante el 2005, 2009 y 2013, permiten llevar adelante actividades de promoci\u00f3n de la Salud y prevenci\u00f3n\u00a0 sobre los factores de riesgo, como el tabaco, el consumo nocivo de alcohol, la alimentaci\u00f3n inadecuada o la insuficiente actividad f\u00edsica.<\/p>\n<p class=\"yiv6433171446MsoNormal\">Mat\u00edas Belliard, Director Provincial de Estad\u00edsticas, se\u00f1al\u00f3 que \u201ctambi\u00e9n indagamos a la poblaci\u00f3n sobre sus niveles de presi\u00f3n arterial, colesterol, glucemia e \u00edndice de masa corporal. En la actualidad las enfermedades respiratorias cr\u00f3nicas, las cardiovasculares, el c\u00e1ncer y la diabetes, se encuentran entre las m\u00e1s importantes causales de muerte en nuestro pa\u00eds\u201d.<\/p>\n<p class=\"yiv6433171446MsoNormal\">\u201cEs muy importante para quienes tenemos la funci\u00f3n de implementar pol\u00edticas p\u00fablicas saber d\u00f3nde debemos intensificar nuestra tarea y para esto son fundamentales las encuestas\u201d, dijo el funcionario.<\/p>\n<p class=\"yiv6433171446MsoNormal\">En la provincia de Buenos Aires, el relevamiento se desarrolla tambi\u00e9n en las siguientes localidades: La Plata, Bah\u00eda Blanca, Mar del Plata, Tandil, Pergamino, Zarate, Necochea &#8211; Quequen, Olavarr\u00eda, Jun\u00edn, Campana, Lujan, Punta Alta, Chivilcoy, Mercedes, Tres Arroyos, Chacabuco, Pehuaj\u00f3, Trenque Lauquen, Lincoln, Baradero, Dolores, Arrecifes, Salto, Coronel Pringles, San Antonio de Areco, Carlos Casares, Ayacucho, y Ramallo.<\/p>\n<p class=\"yiv6433171446MsoNormal\">La Encuesta Nacional de Factores de Riesgo es un plan de acci\u00f3n conjunta entre el Instituto Nacional de Estad\u00edsticas y Censos (INDEC),\u00a0 la Secretar\u00eda de Promoci\u00f3n y Programas Sanitarios del ministerio de Salud de la Naci\u00f3n y las Direcciones de Estad\u00edsticas de cada provincia y se llevar\u00e1 a cabo sobre una muestra de 49170 viviendas ubicadas en localidades urbanas de 5000 y m\u00e1s habitantes.<\/p>\n<p class=\"yiv6433171446MsoNormal\">Los encuestadores llevan, previamente a comenzar con las encuestas, una nota a cada comisar\u00eda donde se detalla las tareas que se van a realizar y los datos de todas las personas que participar\u00e1n del trabajo (supervisores y encuestadores). Esta nota est\u00e1 firmada por el Director Provincial de Estad\u00edsticas de cada provincia, por autoridades del INDEC y tambi\u00e9n del ministerio de Salud de la Naci\u00f3n.<\/p>\n<p class=\"yiv6433171446MsoNormal\">Vale recordar a todos los vecinos que pueden chequear la identidad de nuestros encuestadores en la web del INDEC (<a href=\"http:\/\/www.indec.gob.ar\" target=\"_blank\" rel=\"nofollow noopener\">www.indec.gob.ar<\/a>).<\/p>\n","protected":false},"excerpt":{"rendered":"<p>Hasta el 26 de noviembre, encuestadores de la Direcci\u00f3n Provincial de Estad\u00edsticas, que depende del ministerio de Econom\u00eda bonaerense, realizar\u00e1n en Tornquist la Encuesta de Factores de Riesgo, que a nivel pa\u00eds est\u00e1 a cargo del Instituto Nacional de Estad\u00edsticas y Censos (INDEC). Los resultados de estas encuestas, que ya se realizaron durante el 2005, [&hellip;]<\/p>\n","protected":false},"author":1,"featured_media":38271,"comment_status":"closed","ping_status":"open","sticky":false,"template":"","format":"standard","meta":{"footnotes":""},"categories":[55,51,52],"tags":[],"class_list":["post-38270","post","type-post","status-publish","format-standard","has-post-thumbnail","hentry","category-celt-tv-noticias","category-comunidad","category-destacadas"],"yoast_head":"<!-- This site is optimized with the Yoast SEO plugin v19.7.1 - https:\/\/yoast.com\/wordpress\/plugins\/seo\/ -->\n<title>Se realizar\u00e1 en Tornquist la Encuesta Nacional de Factores de Riesgo: Participan encuestadores del ministerio de Econom\u00eda de la Provincia - CELTTV<\/title>\n<meta name=\"description\" content=\"Sitio web de noticias de la localidad de Tornquist, provincia de Buenos Aires, Rep\u00fablica Argentina. Contenido propio originado por periodistas de CELTTV, el canal de TV local de la Cooperativa El\u00e9ctrica de Tornquist. Turismo, Pol\u00edtica, Sociedad, Deporte, Cultura y todo el contenido de inter\u00e9s general que la gente del pueblo y la regi\u00f3n debe conocer.\" \/>\n<meta name=\"robots\" content=\"index, follow, max-snippet:-1, max-image-preview:large, max-video-preview:-1\" \/>\n<link rel=\"canonical\" href=\"https:\/\/www.celttv.com.ar\/index.php\/2018\/11\/01\/se-realiza-en-tornquist-la-encuesta-nacional-de-factores-de-riesgo-participan-encuestadores-del-ministerio-de-economia-de-la-provincia\/\" \/>\n<meta property=\"og:locale\" content=\"es_ES\" \/>\n<meta property=\"og:type\" content=\"article\" \/>\n<meta property=\"og:title\" content=\"Se realizar\u00e1 en Tornquist la Encuesta Nacional de Factores de Riesgo: Participan encuestadores del ministerio de Econom\u00eda de la Provincia - CELTTV\" \/>\n<meta property=\"og:description\" content=\"Sitio web de noticias de la localidad de Tornquist, provincia de Buenos Aires, Rep\u00fablica Argentina. Contenido propio originado por periodistas de CELTTV, el canal de TV local de la Cooperativa El\u00e9ctrica de Tornquist. Turismo, Pol\u00edtica, Sociedad, Deporte, Cultura y todo el contenido de inter\u00e9s general que la gente del pueblo y la regi\u00f3n debe conocer.\" \/>\n<meta property=\"og:url\" content=\"https:\/\/www.celttv.com.ar\/index.php\/2018\/11\/01\/se-realiza-en-tornquist-la-encuesta-nacional-de-factores-de-riesgo-participan-encuestadores-del-ministerio-de-economia-de-la-provincia\/\" \/>\n<meta property=\"og:site_name\" content=\"CELTTV\" \/>\n<meta property=\"article:publisher\" content=\"https:\/\/www.facebook.com\/celtTV\/\" \/>\n<meta property=\"article:published_time\" content=\"2018-11-01T15:21:14+00:00\" \/>\n<meta property=\"og:image\" content=\"https:\/\/www.celttv.com.ar\/wp-content\/uploads\/2018\/11\/matias_belliard_02.jpg\" \/>\n\t<meta property=\"og:image:width\" content=\"512\" \/>\n\t<meta property=\"og:image:height\" content=\"304\" \/>\n\t<meta property=\"og:image:type\" content=\"image\/jpeg\" \/>\n<meta name=\"author\" content=\"ulises\" \/>\n<meta name=\"twitter:card\" content=\"summary_large_image\" \/>\n<meta name=\"twitter:label1\" content=\"Escrito por\" \/>\n\t<meta name=\"twitter:data1\" content=\"ulises\" \/>\n\t<meta name=\"twitter:label2\" content=\"Tiempo de lectura\" \/>\n\t<meta name=\"twitter:data2\" content=\"2 minutos\" \/>\n<script type=\"application\/ld+json\" class=\"yoast-schema-graph\">{\"@context\":\"https:\/\/schema.org\",\"@graph\":[{\"@type\":\"NewsArticle\",\"@id\":\"https:\/\/www.celttv.com.ar\/index.php\/2018\/11\/01\/se-realiza-en-tornquist-la-encuesta-nacional-de-factores-de-riesgo-participan-encuestadores-del-ministerio-de-economia-de-la-provincia\/#article\",\"isPartOf\":{\"@id\":\"https:\/\/www.celttv.com.ar\/index.php\/2018\/11\/01\/se-realiza-en-tornquist-la-encuesta-nacional-de-factores-de-riesgo-participan-encuestadores-del-ministerio-de-economia-de-la-provincia\/\"},\"author\":{\"name\":\"ulises\",\"@id\":\"https:\/\/www.celttv.com.ar\/#\/schema\/person\/6d99c072dba59953809c81446e9d0ace\"},\"headline\":\"Se realizar\u00e1 en Tornquist la Encuesta Nacional de Factores de Riesgo: Participan encuestadores del ministerio de Econom\u00eda de la Provincia\",\"datePublished\":\"2018-11-01T15:21:14+00:00\",\"dateModified\":\"2018-11-01T15:21:14+00:00\",\"mainEntityOfPage\":{\"@id\":\"https:\/\/www.celttv.com.ar\/index.php\/2018\/11\/01\/se-realiza-en-tornquist-la-encuesta-nacional-de-factores-de-riesgo-participan-encuestadores-del-ministerio-de-economia-de-la-provincia\/\"},\"wordCount\":434,\"publisher\":{\"@id\":\"https:\/\/www.celttv.com.ar\/#organization\"},\"articleSection\":[\"Celt TV Noticias\",\"Comunidad\",\"Destacadas\"],\"inLanguage\":\"es\"},{\"@type\":\"WebPage\",\"@id\":\"https:\/\/www.celttv.com.ar\/index.php\/2018\/11\/01\/se-realiza-en-tornquist-la-encuesta-nacional-de-factores-de-riesgo-participan-encuestadores-del-ministerio-de-economia-de-la-provincia\/\",\"url\":\"https:\/\/www.celttv.com.ar\/index.php\/2018\/11\/01\/se-realiza-en-tornquist-la-encuesta-nacional-de-factores-de-riesgo-participan-encuestadores-del-ministerio-de-economia-de-la-provincia\/\",\"name\":\"Se realizar\u00e1 en Tornquist la Encuesta Nacional de Factores de Riesgo: Participan encuestadores del ministerio de Econom\u00eda de la Provincia - CELTTV\",\"isPartOf\":{\"@id\":\"https:\/\/www.celttv.com.ar\/#website\"},\"datePublished\":\"2018-11-01T15:21:14+00:00\",\"dateModified\":\"2018-11-01T15:21:14+00:00\",\"description\":\"Sitio web de noticias de la localidad de Tornquist, provincia de Buenos Aires, Rep\u00fablica Argentina. Contenido propio originado por periodistas de CELTTV, el canal de TV local de la Cooperativa El\u00e9ctrica de Tornquist. Turismo, Pol\u00edtica, Sociedad, Deporte, Cultura y todo el contenido de inter\u00e9s general que la gente del pueblo y la regi\u00f3n debe conocer.\",\"breadcrumb\":{\"@id\":\"https:\/\/www.celttv.com.ar\/index.php\/2018\/11\/01\/se-realiza-en-tornquist-la-encuesta-nacional-de-factores-de-riesgo-participan-encuestadores-del-ministerio-de-economia-de-la-provincia\/#breadcrumb\"},\"inLanguage\":\"es\",\"potentialAction\":[{\"@type\":\"ReadAction\",\"target\":[\"https:\/\/www.celttv.com.ar\/index.php\/2018\/11\/01\/se-realiza-en-tornquist-la-encuesta-nacional-de-factores-de-riesgo-participan-encuestadores-del-ministerio-de-economia-de-la-provincia\/\"]}]},{\"@type\":\"BreadcrumbList\",\"@id\":\"https:\/\/www.celttv.com.ar\/index.php\/2018\/11\/01\/se-realiza-en-tornquist-la-encuesta-nacional-de-factores-de-riesgo-participan-encuestadores-del-ministerio-de-economia-de-la-provincia\/#breadcrumb\",\"itemListElement\":[{\"@type\":\"ListItem\",\"position\":1,\"name\":\"Inicio\",\"item\":\"https:\/\/www.celttv.com.ar\/\"},{\"@type\":\"ListItem\",\"position\":2,\"name\":\"Se realizar\u00e1 en Tornquist la Encuesta Nacional de Factores de Riesgo: Participan encuestadores del ministerio de Econom\u00eda de la Provincia\"}]},{\"@type\":\"WebSite\",\"@id\":\"https:\/\/www.celttv.com.ar\/#website\",\"url\":\"https:\/\/www.celttv.com.ar\/\",\"name\":\"CELTTV\",\"description\":\"Cooperativa El\u00e9ctrica de Tornquist\",\"publisher\":{\"@id\":\"https:\/\/www.celttv.com.ar\/#organization\"},\"potentialAction\":[{\"@type\":\"SearchAction\",\"target\":{\"@type\":\"EntryPoint\",\"urlTemplate\":\"https:\/\/www.celttv.com.ar\/?s={search_term_string}\"},\"query-input\":\"required name=search_term_string\"}],\"inLanguage\":\"es\"},{\"@type\":\"Organization\",\"@id\":\"https:\/\/www.celttv.com.ar\/#organization\",\"name\":\"CELTTV\",\"url\":\"https:\/\/www.celttv.com.ar\/\",\"sameAs\":[\"https:\/\/www.youtube.com\/channel\/UCz_oIt8Hig64Ub-EmcNPIhg\",\"https:\/\/www.facebook.com\/celtTV\/\"],\"logo\":{\"@type\":\"ImageObject\",\"inLanguage\":\"es\",\"@id\":\"https:\/\/www.celttv.com.ar\/#\/schema\/logo\/image\/\",\"url\":\"http:\/\/www.celttv.com.ar\/wp-content\/uploads\/2022\/08\/logo-1.png\",\"contentUrl\":\"http:\/\/www.celttv.com.ar\/wp-content\/uploads\/2022\/08\/logo-1.png\",\"width\":461,\"height\":159,\"caption\":\"CELTTV\"},\"image\":{\"@id\":\"https:\/\/www.celttv.com.ar\/#\/schema\/logo\/image\/\"}},{\"@type\":\"Person\",\"@id\":\"https:\/\/www.celttv.com.ar\/#\/schema\/person\/6d99c072dba59953809c81446e9d0ace\",\"name\":\"ulises\",\"image\":{\"@type\":\"ImageObject\",\"inLanguage\":\"es\",\"@id\":\"https:\/\/www.celttv.com.ar\/#\/schema\/person\/image\/\",\"url\":\"https:\/\/secure.gravatar.com\/avatar\/7f2c48bdc33b30088f941fb6082e555f2874c98e20cb159d7b92b50eadfce793?s=96&d=mm&r=g\",\"contentUrl\":\"https:\/\/secure.gravatar.com\/avatar\/7f2c48bdc33b30088f941fb6082e555f2874c98e20cb159d7b92b50eadfce793?s=96&d=mm&r=g\",\"caption\":\"ulises\"},\"sameAs\":[\"http:\/\/www.celttv.com.ar\"]}]}<\/script>\n<!-- \/ Yoast SEO plugin. -->","yoast_head_json":{"title":"Se realizar\u00e1 en Tornquist la Encuesta Nacional de Factores de Riesgo: Participan encuestadores del ministerio de Econom\u00eda de la Provincia - CELTTV","description":"Sitio web de noticias de la localidad de Tornquist, provincia de Buenos Aires, Rep\u00fablica Argentina. Contenido propio originado por periodistas de CELTTV, el canal de TV local de la Cooperativa El\u00e9ctrica de Tornquist. Turismo, Pol\u00edtica, Sociedad, Deporte, Cultura y todo el contenido de inter\u00e9s general que la gente del pueblo y la regi\u00f3n debe conocer.","robots":{"index":"index","follow":"follow","max-snippet":"max-snippet:-1","max-image-preview":"max-image-preview:large","max-video-preview":"max-video-preview:-1"},"canonical":"https:\/\/www.celttv.com.ar\/index.php\/2018\/11\/01\/se-realiza-en-tornquist-la-encuesta-nacional-de-factores-de-riesgo-participan-encuestadores-del-ministerio-de-economia-de-la-provincia\/","og_locale":"es_ES","og_type":"article","og_title":"Se realizar\u00e1 en Tornquist la Encuesta Nacional de Factores de Riesgo: Participan encuestadores del ministerio de Econom\u00eda de la Provincia - CELTTV","og_description":"Sitio web de noticias de la localidad de Tornquist, provincia de Buenos Aires, Rep\u00fablica Argentina. Contenido propio originado por periodistas de CELTTV, el canal de TV local de la Cooperativa El\u00e9ctrica de Tornquist. Turismo, Pol\u00edtica, Sociedad, Deporte, Cultura y todo el contenido de inter\u00e9s general que la gente del pueblo y la regi\u00f3n debe conocer.","og_url":"https:\/\/www.celttv.com.ar\/index.php\/2018\/11\/01\/se-realiza-en-tornquist-la-encuesta-nacional-de-factores-de-riesgo-participan-encuestadores-del-ministerio-de-economia-de-la-provincia\/","og_site_name":"CELTTV","article_publisher":"https:\/\/www.facebook.com\/celtTV\/","article_published_time":"2018-11-01T15:21:14+00:00","og_image":[{"width":512,"height":304,"url":"https:\/\/www.celttv.com.ar\/wp-content\/uploads\/2018\/11\/matias_belliard_02.jpg","type":"image\/jpeg"}],"author":"ulises","twitter_card":"summary_large_image","twitter_misc":{"Escrito por":"ulises","Tiempo de lectura":"2 minutos"},"schema":{"@context":"https:\/\/schema.org","@graph":[{"@type":"NewsArticle","@id":"https:\/\/www.celttv.com.ar\/index.php\/2018\/11\/01\/se-realiza-en-tornquist-la-encuesta-nacional-de-factores-de-riesgo-participan-encuestadores-del-ministerio-de-economia-de-la-provincia\/#article","isPartOf":{"@id":"https:\/\/www.celttv.com.ar\/index.php\/2018\/11\/01\/se-realiza-en-tornquist-la-encuesta-nacional-de-factores-de-riesgo-participan-encuestadores-del-ministerio-de-economia-de-la-provincia\/"},"author":{"name":"ulises","@id":"https:\/\/www.celttv.com.ar\/#\/schema\/person\/6d99c072dba59953809c81446e9d0ace"},"headline":"Se realizar\u00e1 en Tornquist la Encuesta Nacional de Factores de Riesgo: Participan encuestadores del ministerio de Econom\u00eda de la Provincia","datePublished":"2018-11-01T15:21:14+00:00","dateModified":"2018-11-01T15:21:14+00:00","mainEntityOfPage":{"@id":"https:\/\/www.celttv.com.ar\/index.php\/2018\/11\/01\/se-realiza-en-tornquist-la-encuesta-nacional-de-factores-de-riesgo-participan-encuestadores-del-ministerio-de-economia-de-la-provincia\/"},"wordCount":434,"publisher":{"@id":"https:\/\/www.celttv.com.ar\/#organization"},"articleSection":["Celt TV Noticias","Comunidad","Destacadas"],"inLanguage":"es"},{"@type":"WebPage","@id":"https:\/\/www.celttv.com.ar\/index.php\/2018\/11\/01\/se-realiza-en-tornquist-la-encuesta-nacional-de-factores-de-riesgo-participan-encuestadores-del-ministerio-de-economia-de-la-provincia\/","url":"https:\/\/www.celttv.com.ar\/index.php\/2018\/11\/01\/se-realiza-en-tornquist-la-encuesta-nacional-de-factores-de-riesgo-participan-encuestadores-del-ministerio-de-economia-de-la-provincia\/","name":"Se realizar\u00e1 en Tornquist la Encuesta Nacional de Factores de Riesgo: Participan encuestadores del ministerio de Econom\u00eda de la Provincia - CELTTV","isPartOf":{"@id":"https:\/\/www.celttv.com.ar\/#website"},"datePublished":"2018-11-01T15:21:14+00:00","dateModified":"2018-11-01T15:21:14+00:00","description":"Sitio web de noticias de la localidad de Tornquist, provincia de Buenos Aires, Rep\u00fablica Argentina. Contenido propio originado por periodistas de CELTTV, el canal de TV local de la Cooperativa El\u00e9ctrica de Tornquist. Turismo, Pol\u00edtica, Sociedad, Deporte, Cultura y todo el contenido de inter\u00e9s general que la gente del pueblo y la regi\u00f3n debe conocer.","breadcrumb":{"@id":"https:\/\/www.celttv.com.ar\/index.php\/2018\/11\/01\/se-realiza-en-tornquist-la-encuesta-nacional-de-factores-de-riesgo-participan-encuestadores-del-ministerio-de-economia-de-la-provincia\/#breadcrumb"},"inLanguage":"es","potentialAction":[{"@type":"ReadAction","target":["https:\/\/www.celttv.com.ar\/index.php\/2018\/11\/01\/se-realiza-en-tornquist-la-encuesta-nacional-de-factores-de-riesgo-participan-encuestadores-del-ministerio-de-economia-de-la-provincia\/"]}]},{"@type":"BreadcrumbList","@id":"https:\/\/www.celttv.com.ar\/index.php\/2018\/11\/01\/se-realiza-en-tornquist-la-encuesta-nacional-de-factores-de-riesgo-participan-encuestadores-del-ministerio-de-economia-de-la-provincia\/#breadcrumb","itemListElement":[{"@type":"ListItem","position":1,"name":"Inicio","item":"https:\/\/www.celttv.com.ar\/"},{"@type":"ListItem","position":2,"name":"Se realizar\u00e1 en Tornquist la Encuesta Nacional de Factores de Riesgo: Participan encuestadores del ministerio de Econom\u00eda de la Provincia"}]},{"@type":"WebSite","@id":"https:\/\/www.celttv.com.ar\/#website","url":"https:\/\/www.celttv.com.ar\/","name":"CELTTV","description":"Cooperativa El\u00e9ctrica de Tornquist","publisher":{"@id":"https:\/\/www.celttv.com.ar\/#organization"},"potentialAction":[{"@type":"SearchAction","target":{"@type":"EntryPoint","urlTemplate":"https:\/\/www.celttv.com.ar\/?s={search_term_string}"},"query-input":"required name=search_term_string"}],"inLanguage":"es"},{"@type":"Organization","@id":"https:\/\/www.celttv.com.ar\/#organization","name":"CELTTV","url":"https:\/\/www.celttv.com.ar\/","sameAs":["https:\/\/www.youtube.com\/channel\/UCz_oIt8Hig64Ub-EmcNPIhg","https:\/\/www.facebook.com\/celtTV\/"],"logo":{"@type":"ImageObject","inLanguage":"es","@id":"https:\/\/www.celttv.com.ar\/#\/schema\/logo\/image\/","url":"http:\/\/www.celttv.com.ar\/wp-content\/uploads\/2022\/08\/logo-1.png","contentUrl":"http:\/\/www.celttv.com.ar\/wp-content\/uploads\/2022\/08\/logo-1.png","width":461,"height":159,"caption":"CELTTV"},"image":{"@id":"https:\/\/www.celttv.com.ar\/#\/schema\/logo\/image\/"}},{"@type":"Person","@id":"https:\/\/www.celttv.com.ar\/#\/schema\/person\/6d99c072dba59953809c81446e9d0ace","name":"ulises","image":{"@type":"ImageObject","inLanguage":"es","@id":"https:\/\/www.celttv.com.ar\/#\/schema\/person\/image\/","url":"https:\/\/secure.gravatar.com\/avatar\/7f2c48bdc33b30088f941fb6082e555f2874c98e20cb159d7b92b50eadfce793?s=96&d=mm&r=g","contentUrl":"https:\/\/secure.gravatar.com\/avatar\/7f2c48bdc33b30088f941fb6082e555f2874c98e20cb159d7b92b50eadfce793?s=96&d=mm&r=g","caption":"ulises"},"sameAs":["http:\/\/www.celttv.com.ar"]}]}},"_links":{"self":[{"href":"https:\/\/www.celttv.com.ar\/index.php\/wp-json\/wp\/v2\/posts\/38270","targetHints":{"allow":["GET"]}}],"collection":[{"href":"https:\/\/www.celttv.com.ar\/index.php\/wp-json\/wp\/v2\/posts"}],"about":[{"href":"https:\/\/www.celttv.com.ar\/index.php\/wp-json\/wp\/v2\/types\/post"}],"author":[{"embeddable":true,"href":"https:\/\/www.celttv.com.ar\/index.php\/wp-json\/wp\/v2\/users\/1"}],"replies":[{"embeddable":true,"href":"https:\/\/www.celttv.com.ar\/index.php\/wp-json\/wp\/v2\/comments?post=38270"}],"version-history":[{"count":0,"href":"https:\/\/www.celttv.com.ar\/index.php\/wp-json\/wp\/v2\/posts\/38270\/revisions"}],"wp:featuredmedia":[{"embeddable":true,"href":"https:\/\/www.celttv.com.ar\/index.php\/wp-json\/wp\/v2\/media\/38271"}],"wp:attachment":[{"href":"https:\/\/www.celttv.com.ar\/index.php\/wp-json\/wp\/v2\/media?parent=38270"}],"wp:term":[{"taxonomy":"category","embeddable":true,"href":"https:\/\/www.celttv.com.ar\/index.php\/wp-json\/wp\/v2\/categories?post=38270"},{"taxonomy":"post_tag","embeddable":true,"href":"https:\/\/www.celttv.com.ar\/index.php\/wp-json\/wp\/v2\/tags?post=38270"}],"curies":[{"name":"wp","href":"https:\/\/api.w.org\/{rel}","templated":true}]}}