{"id":38433,"date":"2018-11-12T14:57:38","date_gmt":"2018-11-12T14:57:38","guid":{"rendered":"http:\/\/www.celttv.com.ar\/?p=38433"},"modified":"2018-11-12T14:57:38","modified_gmt":"2018-11-12T14:57:38","slug":"tornquist-municipio-y-las-asociaciones-de-turismo-de-la-comarca-serrana-presentes-en-el-encuentro-binacional-chile-argentina","status":"publish","type":"post","link":"https:\/\/www.celttv.com.ar\/index.php\/2018\/11\/12\/tornquist-municipio-y-las-asociaciones-de-turismo-de-la-comarca-serrana-presentes-en-el-encuentro-binacional-chile-argentina\/","title":{"rendered":"Tornquist Municipio y las asociaciones de turismo de la comarca serrana, presentes en el Encuentro Binacional Chile-Argentina"},"content":{"rendered":"<p>La Secretaria de Turismo del Municipio de Tornquist, representada por el director de la cartera Martin Olhaberry, junto a Gabriela Garc\u00eda, \u00a0quien represent\u00f3 a las distintas c\u00e1maras y asociaciones de comercio y turismo de la comarca serrana, participaron la semana pasada del Encuentro Binacional Chile-Argentina, cuyo principal objetivo es estrechar v\u00ednculos y lazos comerciales con empresarios del pa\u00eds trasandino y el corredor bioce\u00e1nico.<br \/>\nDurante las jornadas de trabajo, se realizaron exposiciones respecto de la l\u00ednea y expectativa comercial de ambos pa\u00edses finalizando con la firma de un convenio amplio de cooperaci\u00f3n entre los representantes de cada uno de los sectores.<br \/>\nEn total se recorrieron once ciudades, siete argentinas: Rio Colorado, Choele Choel, Villa Regina, Roca, Cipolletti, Neuqu\u00e9n, Zapala; y cuatro chilenas: Victoria, Los Alamos, Lebu y Concepci\u00f3n, donde se pudo exponer las virtudes y bondades de cada una de las regiones. El viaje finaliz\u00f3 en la ciudad de Talcahuano, donde los representantes chilenos pudieron apreciar la extensi\u00f3n y aguas c\u00e1lidas de las playas, como la belleza de nuestro cord\u00f3n serrano, y la variedad de actividades que se pueden desarrollar en nuestro territorio, destacando la armon\u00eda clim\u00e1tica y la actividad recreativa.<br \/>\n&nbsp;<br \/>\n<a href=\"http:\/\/www.celttv.com.ar\/?attachment_id=38435\" rel=\"attachment wp-att-38435\"><img loading=\"lazy\" decoding=\"async\" class=\"alignleft size-medium wp-image-38435\" src=\"http:\/\/www.celttv.com.ar\/wp-content\/uploads\/2018\/11\/WhatsApp-Image-2018-11-12-at-10.16.56-1024x498-1-780x379.jpeg\" alt=\"\" width=\"780\" height=\"379\" \/><\/a> <a href=\"http:\/\/www.celttv.com.ar\/?attachment_id=38436\" rel=\"attachment wp-att-38436\"><img loading=\"lazy\" decoding=\"async\" class=\"alignleft size-medium wp-image-38436\" src=\"http:\/\/www.celttv.com.ar\/wp-content\/uploads\/2018\/11\/WhatsApp-Image-2018-11-12-at-10.16.59-1024x768-1-780x427.jpeg\" alt=\"\" width=\"780\" height=\"427\" \/><\/a><\/p>\n","protected":false},"excerpt":{"rendered":"<p>La Secretaria de Turismo del Municipio de Tornquist, representada por el director de la cartera Martin Olhaberry, junto a Gabriela Garc\u00eda, \u00a0quien represent\u00f3 a las distintas c\u00e1maras y asociaciones de comercio y turismo de la comarca serrana, participaron la semana pasada del Encuentro Binacional Chile-Argentina, cuyo principal objetivo es estrechar v\u00ednculos y lazos comerciales con [&hellip;]<\/p>\n","protected":false},"author":1,"featured_media":38434,"comment_status":"closed","ping_status":"open","sticky":false,"template":"","format":"standard","meta":{"footnotes":""},"categories":[55,52,58],"tags":[],"class_list":["post-38433","post","type-post","status-publish","format-standard","has-post-thumbnail","hentry","category-celt-tv-noticias","category-destacadas","category-turismo"],"yoast_head":"<!-- This site is optimized with the Yoast SEO plugin v19.7.1 - https:\/\/yoast.com\/wordpress\/plugins\/seo\/ -->\n<title>Tornquist Municipio y las asociaciones de turismo de la comarca serrana, presentes en el Encuentro Binacional Chile-Argentina - CELTTV<\/title>\n<meta name=\"description\" content=\"Sitio web de noticias de la localidad de Tornquist, provincia de Buenos Aires, Rep\u00fablica Argentina. Contenido propio originado por periodistas de CELTTV, el canal de TV local de la Cooperativa El\u00e9ctrica de Tornquist. Turismo, Pol\u00edtica, Sociedad, Deporte, Cultura y todo el contenido de inter\u00e9s general que la gente del pueblo y la regi\u00f3n debe conocer.\" \/>\n<meta name=\"robots\" content=\"index, follow, max-snippet:-1, max-image-preview:large, max-video-preview:-1\" \/>\n<link rel=\"canonical\" href=\"https:\/\/www.celttv.com.ar\/index.php\/2018\/11\/12\/tornquist-municipio-y-las-asociaciones-de-turismo-de-la-comarca-serrana-presentes-en-el-encuentro-binacional-chile-argentina\/\" \/>\n<meta property=\"og:locale\" content=\"es_ES\" \/>\n<meta property=\"og:type\" content=\"article\" \/>\n<meta property=\"og:title\" content=\"Tornquist Municipio y las asociaciones de turismo de la comarca serrana, presentes en el Encuentro Binacional Chile-Argentina - CELTTV\" \/>\n<meta property=\"og:description\" content=\"Sitio web de noticias de la localidad de Tornquist, provincia de Buenos Aires, Rep\u00fablica Argentina. Contenido propio originado por periodistas de CELTTV, el canal de TV local de la Cooperativa El\u00e9ctrica de Tornquist. Turismo, Pol\u00edtica, Sociedad, Deporte, Cultura y todo el contenido de inter\u00e9s general que la gente del pueblo y la regi\u00f3n debe conocer.\" \/>\n<meta property=\"og:url\" content=\"https:\/\/www.celttv.com.ar\/index.php\/2018\/11\/12\/tornquist-municipio-y-las-asociaciones-de-turismo-de-la-comarca-serrana-presentes-en-el-encuentro-binacional-chile-argentina\/\" \/>\n<meta property=\"og:site_name\" content=\"CELTTV\" \/>\n<meta property=\"article:publisher\" content=\"https:\/\/www.facebook.com\/celtTV\/\" \/>\n<meta property=\"article:published_time\" content=\"2018-11-12T14:57:38+00:00\" \/>\n<meta property=\"og:image\" content=\"https:\/\/www.celttv.com.ar\/wp-content\/uploads\/2018\/11\/WhatsApp-Image-2018-11-12-at-10.16.55-720x380-1.jpeg\" \/>\n\t<meta property=\"og:image:width\" content=\"720\" \/>\n\t<meta property=\"og:image:height\" content=\"380\" \/>\n\t<meta property=\"og:image:type\" content=\"image\/jpeg\" \/>\n<meta name=\"author\" content=\"ulises\" \/>\n<meta name=\"twitter:card\" content=\"summary_large_image\" \/>\n<meta name=\"twitter:label1\" content=\"Escrito por\" \/>\n\t<meta name=\"twitter:data1\" content=\"ulises\" \/>\n\t<meta name=\"twitter:label2\" content=\"Tiempo de lectura\" \/>\n\t<meta name=\"twitter:data2\" content=\"1 minuto\" \/>\n<script type=\"application\/ld+json\" class=\"yoast-schema-graph\">{\"@context\":\"https:\/\/schema.org\",\"@graph\":[{\"@type\":\"NewsArticle\",\"@id\":\"https:\/\/www.celttv.com.ar\/index.php\/2018\/11\/12\/tornquist-municipio-y-las-asociaciones-de-turismo-de-la-comarca-serrana-presentes-en-el-encuentro-binacional-chile-argentina\/#article\",\"isPartOf\":{\"@id\":\"https:\/\/www.celttv.com.ar\/index.php\/2018\/11\/12\/tornquist-municipio-y-las-asociaciones-de-turismo-de-la-comarca-serrana-presentes-en-el-encuentro-binacional-chile-argentina\/\"},\"author\":{\"name\":\"ulises\",\"@id\":\"https:\/\/www.celttv.com.ar\/#\/schema\/person\/6d99c072dba59953809c81446e9d0ace\"},\"headline\":\"Tornquist Municipio y las asociaciones de turismo de la comarca serrana, presentes en el Encuentro Binacional Chile-Argentina\",\"datePublished\":\"2018-11-12T14:57:38+00:00\",\"dateModified\":\"2018-11-12T14:57:38+00:00\",\"mainEntityOfPage\":{\"@id\":\"https:\/\/www.celttv.com.ar\/index.php\/2018\/11\/12\/tornquist-municipio-y-las-asociaciones-de-turismo-de-la-comarca-serrana-presentes-en-el-encuentro-binacional-chile-argentina\/\"},\"wordCount\":223,\"publisher\":{\"@id\":\"https:\/\/www.celttv.com.ar\/#organization\"},\"articleSection\":[\"Celt TV Noticias\",\"Destacadas\",\"Turismo\"],\"inLanguage\":\"es\"},{\"@type\":\"WebPage\",\"@id\":\"https:\/\/www.celttv.com.ar\/index.php\/2018\/11\/12\/tornquist-municipio-y-las-asociaciones-de-turismo-de-la-comarca-serrana-presentes-en-el-encuentro-binacional-chile-argentina\/\",\"url\":\"https:\/\/www.celttv.com.ar\/index.php\/2018\/11\/12\/tornquist-municipio-y-las-asociaciones-de-turismo-de-la-comarca-serrana-presentes-en-el-encuentro-binacional-chile-argentina\/\",\"name\":\"Tornquist Municipio y las asociaciones de turismo de la comarca serrana, presentes en el Encuentro Binacional Chile-Argentina - CELTTV\",\"isPartOf\":{\"@id\":\"https:\/\/www.celttv.com.ar\/#website\"},\"datePublished\":\"2018-11-12T14:57:38+00:00\",\"dateModified\":\"2018-11-12T14:57:38+00:00\",\"description\":\"Sitio web de noticias de la localidad de Tornquist, provincia de Buenos Aires, Rep\u00fablica Argentina. Contenido propio originado por periodistas de CELTTV, el canal de TV local de la Cooperativa El\u00e9ctrica de Tornquist. Turismo, Pol\u00edtica, Sociedad, Deporte, Cultura y todo el contenido de inter\u00e9s general que la gente del pueblo y la regi\u00f3n debe conocer.\",\"breadcrumb\":{\"@id\":\"https:\/\/www.celttv.com.ar\/index.php\/2018\/11\/12\/tornquist-municipio-y-las-asociaciones-de-turismo-de-la-comarca-serrana-presentes-en-el-encuentro-binacional-chile-argentina\/#breadcrumb\"},\"inLanguage\":\"es\",\"potentialAction\":[{\"@type\":\"ReadAction\",\"target\":[\"https:\/\/www.celttv.com.ar\/index.php\/2018\/11\/12\/tornquist-municipio-y-las-asociaciones-de-turismo-de-la-comarca-serrana-presentes-en-el-encuentro-binacional-chile-argentina\/\"]}]},{\"@type\":\"BreadcrumbList\",\"@id\":\"https:\/\/www.celttv.com.ar\/index.php\/2018\/11\/12\/tornquist-municipio-y-las-asociaciones-de-turismo-de-la-comarca-serrana-presentes-en-el-encuentro-binacional-chile-argentina\/#breadcrumb\",\"itemListElement\":[{\"@type\":\"ListItem\",\"position\":1,\"name\":\"Inicio\",\"item\":\"https:\/\/www.celttv.com.ar\/\"},{\"@type\":\"ListItem\",\"position\":2,\"name\":\"Tornquist Municipio y las asociaciones de turismo de la comarca serrana, presentes en el Encuentro Binacional Chile-Argentina\"}]},{\"@type\":\"WebSite\",\"@id\":\"https:\/\/www.celttv.com.ar\/#website\",\"url\":\"https:\/\/www.celttv.com.ar\/\",\"name\":\"CELTTV\",\"description\":\"Cooperativa El\u00e9ctrica de Tornquist\",\"publisher\":{\"@id\":\"https:\/\/www.celttv.com.ar\/#organization\"},\"potentialAction\":[{\"@type\":\"SearchAction\",\"target\":{\"@type\":\"EntryPoint\",\"urlTemplate\":\"https:\/\/www.celttv.com.ar\/?s={search_term_string}\"},\"query-input\":\"required name=search_term_string\"}],\"inLanguage\":\"es\"},{\"@type\":\"Organization\",\"@id\":\"https:\/\/www.celttv.com.ar\/#organization\",\"name\":\"CELTTV\",\"url\":\"https:\/\/www.celttv.com.ar\/\",\"sameAs\":[\"https:\/\/www.youtube.com\/channel\/UCz_oIt8Hig64Ub-EmcNPIhg\",\"https:\/\/www.facebook.com\/celtTV\/\"],\"logo\":{\"@type\":\"ImageObject\",\"inLanguage\":\"es\",\"@id\":\"https:\/\/www.celttv.com.ar\/#\/schema\/logo\/image\/\",\"url\":\"http:\/\/www.celttv.com.ar\/wp-content\/uploads\/2022\/08\/logo-1.png\",\"contentUrl\":\"http:\/\/www.celttv.com.ar\/wp-content\/uploads\/2022\/08\/logo-1.png\",\"width\":461,\"height\":159,\"caption\":\"CELTTV\"},\"image\":{\"@id\":\"https:\/\/www.celttv.com.ar\/#\/schema\/logo\/image\/\"}},{\"@type\":\"Person\",\"@id\":\"https:\/\/www.celttv.com.ar\/#\/schema\/person\/6d99c072dba59953809c81446e9d0ace\",\"name\":\"ulises\",\"image\":{\"@type\":\"ImageObject\",\"inLanguage\":\"es\",\"@id\":\"https:\/\/www.celttv.com.ar\/#\/schema\/person\/image\/\",\"url\":\"https:\/\/secure.gravatar.com\/avatar\/7f2c48bdc33b30088f941fb6082e555f2874c98e20cb159d7b92b50eadfce793?s=96&d=mm&r=g\",\"contentUrl\":\"https:\/\/secure.gravatar.com\/avatar\/7f2c48bdc33b30088f941fb6082e555f2874c98e20cb159d7b92b50eadfce793?s=96&d=mm&r=g\",\"caption\":\"ulises\"},\"sameAs\":[\"http:\/\/www.celttv.com.ar\"]}]}<\/script>\n<!-- \/ Yoast SEO plugin. -->","yoast_head_json":{"title":"Tornquist Municipio y las asociaciones de turismo de la comarca serrana, presentes en el Encuentro Binacional Chile-Argentina - CELTTV","description":"Sitio web de noticias de la localidad de Tornquist, provincia de Buenos Aires, Rep\u00fablica Argentina. Contenido propio originado por periodistas de CELTTV, el canal de TV local de la Cooperativa El\u00e9ctrica de Tornquist. Turismo, Pol\u00edtica, Sociedad, Deporte, Cultura y todo el contenido de inter\u00e9s general que la gente del pueblo y la regi\u00f3n debe conocer.","robots":{"index":"index","follow":"follow","max-snippet":"max-snippet:-1","max-image-preview":"max-image-preview:large","max-video-preview":"max-video-preview:-1"},"canonical":"https:\/\/www.celttv.com.ar\/index.php\/2018\/11\/12\/tornquist-municipio-y-las-asociaciones-de-turismo-de-la-comarca-serrana-presentes-en-el-encuentro-binacional-chile-argentina\/","og_locale":"es_ES","og_type":"article","og_title":"Tornquist Municipio y las asociaciones de turismo de la comarca serrana, presentes en el Encuentro Binacional Chile-Argentina - CELTTV","og_description":"Sitio web de noticias de la localidad de Tornquist, provincia de Buenos Aires, Rep\u00fablica Argentina. Contenido propio originado por periodistas de CELTTV, el canal de TV local de la Cooperativa El\u00e9ctrica de Tornquist. Turismo, Pol\u00edtica, Sociedad, Deporte, Cultura y todo el contenido de inter\u00e9s general que la gente del pueblo y la regi\u00f3n debe conocer.","og_url":"https:\/\/www.celttv.com.ar\/index.php\/2018\/11\/12\/tornquist-municipio-y-las-asociaciones-de-turismo-de-la-comarca-serrana-presentes-en-el-encuentro-binacional-chile-argentina\/","og_site_name":"CELTTV","article_publisher":"https:\/\/www.facebook.com\/celtTV\/","article_published_time":"2018-11-12T14:57:38+00:00","og_image":[{"width":720,"height":380,"url":"https:\/\/www.celttv.com.ar\/wp-content\/uploads\/2018\/11\/WhatsApp-Image-2018-11-12-at-10.16.55-720x380-1.jpeg","type":"image\/jpeg"}],"author":"ulises","twitter_card":"summary_large_image","twitter_misc":{"Escrito por":"ulises","Tiempo de lectura":"1 minuto"},"schema":{"@context":"https:\/\/schema.org","@graph":[{"@type":"NewsArticle","@id":"https:\/\/www.celttv.com.ar\/index.php\/2018\/11\/12\/tornquist-municipio-y-las-asociaciones-de-turismo-de-la-comarca-serrana-presentes-en-el-encuentro-binacional-chile-argentina\/#article","isPartOf":{"@id":"https:\/\/www.celttv.com.ar\/index.php\/2018\/11\/12\/tornquist-municipio-y-las-asociaciones-de-turismo-de-la-comarca-serrana-presentes-en-el-encuentro-binacional-chile-argentina\/"},"author":{"name":"ulises","@id":"https:\/\/www.celttv.com.ar\/#\/schema\/person\/6d99c072dba59953809c81446e9d0ace"},"headline":"Tornquist Municipio y las asociaciones de turismo de la comarca serrana, presentes en el Encuentro Binacional Chile-Argentina","datePublished":"2018-11-12T14:57:38+00:00","dateModified":"2018-11-12T14:57:38+00:00","mainEntityOfPage":{"@id":"https:\/\/www.celttv.com.ar\/index.php\/2018\/11\/12\/tornquist-municipio-y-las-asociaciones-de-turismo-de-la-comarca-serrana-presentes-en-el-encuentro-binacional-chile-argentina\/"},"wordCount":223,"publisher":{"@id":"https:\/\/www.celttv.com.ar\/#organization"},"articleSection":["Celt TV Noticias","Destacadas","Turismo"],"inLanguage":"es"},{"@type":"WebPage","@id":"https:\/\/www.celttv.com.ar\/index.php\/2018\/11\/12\/tornquist-municipio-y-las-asociaciones-de-turismo-de-la-comarca-serrana-presentes-en-el-encuentro-binacional-chile-argentina\/","url":"https:\/\/www.celttv.com.ar\/index.php\/2018\/11\/12\/tornquist-municipio-y-las-asociaciones-de-turismo-de-la-comarca-serrana-presentes-en-el-encuentro-binacional-chile-argentina\/","name":"Tornquist Municipio y las asociaciones de turismo de la comarca serrana, presentes en el Encuentro Binacional Chile-Argentina - CELTTV","isPartOf":{"@id":"https:\/\/www.celttv.com.ar\/#website"},"datePublished":"2018-11-12T14:57:38+00:00","dateModified":"2018-11-12T14:57:38+00:00","description":"Sitio web de noticias de la localidad de Tornquist, provincia de Buenos Aires, Rep\u00fablica Argentina. Contenido propio originado por periodistas de CELTTV, el canal de TV local de la Cooperativa El\u00e9ctrica de Tornquist. Turismo, Pol\u00edtica, Sociedad, Deporte, Cultura y todo el contenido de inter\u00e9s general que la gente del pueblo y la regi\u00f3n debe conocer.","breadcrumb":{"@id":"https:\/\/www.celttv.com.ar\/index.php\/2018\/11\/12\/tornquist-municipio-y-las-asociaciones-de-turismo-de-la-comarca-serrana-presentes-en-el-encuentro-binacional-chile-argentina\/#breadcrumb"},"inLanguage":"es","potentialAction":[{"@type":"ReadAction","target":["https:\/\/www.celttv.com.ar\/index.php\/2018\/11\/12\/tornquist-municipio-y-las-asociaciones-de-turismo-de-la-comarca-serrana-presentes-en-el-encuentro-binacional-chile-argentina\/"]}]},{"@type":"BreadcrumbList","@id":"https:\/\/www.celttv.com.ar\/index.php\/2018\/11\/12\/tornquist-municipio-y-las-asociaciones-de-turismo-de-la-comarca-serrana-presentes-en-el-encuentro-binacional-chile-argentina\/#breadcrumb","itemListElement":[{"@type":"ListItem","position":1,"name":"Inicio","item":"https:\/\/www.celttv.com.ar\/"},{"@type":"ListItem","position":2,"name":"Tornquist Municipio y las asociaciones de turismo de la comarca serrana, presentes en el Encuentro Binacional Chile-Argentina"}]},{"@type":"WebSite","@id":"https:\/\/www.celttv.com.ar\/#website","url":"https:\/\/www.celttv.com.ar\/","name":"CELTTV","description":"Cooperativa El\u00e9ctrica de Tornquist","publisher":{"@id":"https:\/\/www.celttv.com.ar\/#organization"},"potentialAction":[{"@type":"SearchAction","target":{"@type":"EntryPoint","urlTemplate":"https:\/\/www.celttv.com.ar\/?s={search_term_string}"},"query-input":"required name=search_term_string"}],"inLanguage":"es"},{"@type":"Organization","@id":"https:\/\/www.celttv.com.ar\/#organization","name":"CELTTV","url":"https:\/\/www.celttv.com.ar\/","sameAs":["https:\/\/www.youtube.com\/channel\/UCz_oIt8Hig64Ub-EmcNPIhg","https:\/\/www.facebook.com\/celtTV\/"],"logo":{"@type":"ImageObject","inLanguage":"es","@id":"https:\/\/www.celttv.com.ar\/#\/schema\/logo\/image\/","url":"http:\/\/www.celttv.com.ar\/wp-content\/uploads\/2022\/08\/logo-1.png","contentUrl":"http:\/\/www.celttv.com.ar\/wp-content\/uploads\/2022\/08\/logo-1.png","width":461,"height":159,"caption":"CELTTV"},"image":{"@id":"https:\/\/www.celttv.com.ar\/#\/schema\/logo\/image\/"}},{"@type":"Person","@id":"https:\/\/www.celttv.com.ar\/#\/schema\/person\/6d99c072dba59953809c81446e9d0ace","name":"ulises","image":{"@type":"ImageObject","inLanguage":"es","@id":"https:\/\/www.celttv.com.ar\/#\/schema\/person\/image\/","url":"https:\/\/secure.gravatar.com\/avatar\/7f2c48bdc33b30088f941fb6082e555f2874c98e20cb159d7b92b50eadfce793?s=96&d=mm&r=g","contentUrl":"https:\/\/secure.gravatar.com\/avatar\/7f2c48bdc33b30088f941fb6082e555f2874c98e20cb159d7b92b50eadfce793?s=96&d=mm&r=g","caption":"ulises"},"sameAs":["http:\/\/www.celttv.com.ar"]}]}},"_links":{"self":[{"href":"https:\/\/www.celttv.com.ar\/index.php\/wp-json\/wp\/v2\/posts\/38433","targetHints":{"allow":["GET"]}}],"collection":[{"href":"https:\/\/www.celttv.com.ar\/index.php\/wp-json\/wp\/v2\/posts"}],"about":[{"href":"https:\/\/www.celttv.com.ar\/index.php\/wp-json\/wp\/v2\/types\/post"}],"author":[{"embeddable":true,"href":"https:\/\/www.celttv.com.ar\/index.php\/wp-json\/wp\/v2\/users\/1"}],"replies":[{"embeddable":true,"href":"https:\/\/www.celttv.com.ar\/index.php\/wp-json\/wp\/v2\/comments?post=38433"}],"version-history":[{"count":0,"href":"https:\/\/www.celttv.com.ar\/index.php\/wp-json\/wp\/v2\/posts\/38433\/revisions"}],"wp:featuredmedia":[{"embeddable":true,"href":"https:\/\/www.celttv.com.ar\/index.php\/wp-json\/wp\/v2\/media\/38434"}],"wp:attachment":[{"href":"https:\/\/www.celttv.com.ar\/index.php\/wp-json\/wp\/v2\/media?parent=38433"}],"wp:term":[{"taxonomy":"category","embeddable":true,"href":"https:\/\/www.celttv.com.ar\/index.php\/wp-json\/wp\/v2\/categories?post=38433"},{"taxonomy":"post_tag","embeddable":true,"href":"https:\/\/www.celttv.com.ar\/index.php\/wp-json\/wp\/v2\/tags?post=38433"}],"curies":[{"name":"wp","href":"https:\/\/api.w.org\/{rel}","templated":true}]}}