{"id":38454,"date":"2018-11-13T12:00:44","date_gmt":"2018-11-13T12:00:44","guid":{"rendered":"http:\/\/www.celttv.com.ar\/?p=38454"},"modified":"2018-11-13T12:00:44","modified_gmt":"2018-11-13T12:00:44","slug":"el-cooperativismo-escolar-de-fedecoba-brillo-en-tornquist-fotos-y-videoentrevistas","status":"publish","type":"post","link":"https:\/\/www.celttv.com.ar\/index.php\/2018\/11\/13\/el-cooperativismo-escolar-de-fedecoba-brillo-en-tornquist-fotos-y-videoentrevistas\/","title":{"rendered":"EL COOPERATIVISMO ESCOLAR DE FEDECOBA BRILL\u00d3 EN TORNQUIST (fotos y videoentrevistas)"},"content":{"rendered":"<p>Con el apoyo de sus cooperativas de servicios p\u00fablicos, unas treinta cooperativas escolares de colegios primarios y secundarios participaron de la Jornada de Cierre del 27\u00b0 Concurso Escolar Cooperativo de FEDECOBA que tuvo lugar este viernes 09 de noviembre en la Comarca de Sierra de la Ventana, con epicentro en la ciudad de Tornquist.on el apoyo de sus cooperativas de servicios p\u00fablicos, unas treinta cooperativas escolares de colegios primarios y secundarios participaron de la Jornada de Cierre del 27\u00b0 Concurso Escolar Cooperativo de FEDECOBA que tuvo lugar este viernes 09 de noviembre en la Comarca de Sierra de la Ventana, con epicentro en la ciudad de Tornquist.<br \/>\n\u201cEstamos muy satisfechos con el trabajo realizado durante el a\u00f1o, cuyo colof\u00f3n ha sido esta jornada en donde pudieron confluir chicos y chicas de distintos puntos de la provincia que est\u00e1n haciendo realidad los valores y principios de la cooperaci\u00f3n a trav\u00e9s de distintos proyectos escolares, muchos de ellos con alcance comunitario\u201d, expres\u00f3 Daniel Garc\u00eda, secretario de FEDECOBA.<br \/>\nDurante el encuentro de cierre, por la ma\u00f1ana, hubo espacios de recreaci\u00f3n y juegos en el predio deportivo del Club Uni\u00f3n; en tanto que por la tarde, el gimnasio de la misma entidad,\u00a0 los grupos de estudiantes expusieron en stands sus productos y servicios, presentaron sus proyectos asociativos, y compartieron estrategias de cooperaci\u00f3n a trav\u00e9s del taller \u201cNosotros cooperando transformamos el mundo\u201d, a cargo de la licenciada Silvina Bedino.<br \/>\nLas delegaciones que concurrieron el d\u00eda anterior pudieron disfrutar tambi\u00e9n de paseos guiados por la Comarca Serrana y por sitios de inter\u00e9s tur\u00edstico y cultural de la ciudad, gracias a la gentileza de la Cooperativa El\u00e9ctrica Limitada de Tornquist, entidad que brind\u00f3 todo su apoyo organizativo en esta instancia final del 27\u00b0 Concurso Escolar Cooperativo de FEDECOBA.<br \/>\nCabe destacar que las cooperativas escolares concurrieron con el apoyo de sus cooperativas de servicios p\u00fablicos locales, pertenecientes a las comunidades de: Norberto de la Riestra, Santa Regina, Tres Algarrobos, Trenque Lauquen, Tornquist, Villa Saboya, Punta Alta, Rivera, Piedritas, Pirovano, Baigorrita, Banderal\u00f3, Navarro, Charlone, Bol\u00edvar, Emilio V. Bunge, Ca\u00f1ada Seca, Gral Viamonte, San Manuel y Sol\u00eds \/Azcuenaga.<br \/>\nNo obstante, si bien no participaron de la jornada final, hay una decena m\u00e1s de cooperativas asociadas a FEDECOBA que est\u00e1n trabajando en su territorio para que se constituyan nuevas cooperativas escolares o se fortalezcan las ya existentes. Todo esto en sinton\u00eda con la reorientaci\u00f3n del tradicional Concurso Escolar Cooperativa hacia el fomento del cooperativismo\u00a0 escolar como una herramienta vital para la formaci\u00f3n de los ni\u00f1os y j\u00f3venes que ser\u00e1n los futuros dirigentes de las cooperativas de base.<br \/>\nInforme: FEDECOBA<\/p>\n<div class=\"jeg_video_container jeg_video_content\"><iframe loading=\"lazy\" title=\"2018 11 09 27 EDICION DE FEDECOBA 1 DANIEL GARCIA Y PRESENTACION COOPERATIVAS\" width=\"500\" height=\"375\" src=\"https:\/\/www.youtube.com\/embed\/AVTXS1OQu80?feature=oembed\" frameborder=\"0\" allow=\"accelerometer; autoplay; clipboard-write; encrypted-media; gyroscope; picture-in-picture; web-share\" referrerpolicy=\"strict-origin-when-cross-origin\" allowfullscreen><\/iframe><\/div>\n<div class=\"jeg_video_container jeg_video_content\"><iframe loading=\"lazy\" title=\"2018 11 09 27 EDICION DE FEDECOBA 2 FABRICIO O&#039;DWYER\" width=\"500\" height=\"375\" src=\"https:\/\/www.youtube.com\/embed\/iY4K1sogUSE?feature=oembed\" frameborder=\"0\" allow=\"accelerometer; autoplay; clipboard-write; encrypted-media; gyroscope; picture-in-picture; web-share\" referrerpolicy=\"strict-origin-when-cross-origin\" allowfullscreen><\/iframe><\/div>\n<div class=\"jeg_video_container jeg_video_content\"><iframe loading=\"lazy\" title=\"2018 11 09 FEDECOBA 5 LOLI MATEOS   TRES ALGARROBOS\" width=\"500\" height=\"375\" src=\"https:\/\/www.youtube.com\/embed\/gP3oyl3OFqA?feature=oembed\" frameborder=\"0\" allow=\"accelerometer; autoplay; clipboard-write; encrypted-media; gyroscope; picture-in-picture; web-share\" referrerpolicy=\"strict-origin-when-cross-origin\" allowfullscreen><\/iframe><\/div>\n<div class=\"jeg_video_container jeg_video_content\"><iframe loading=\"lazy\" title=\"2018 11 09 FEDECOBA 7 LUIS RIVAS NICOLE VIVIANA HAMUD   NORBERTO LA RIESTRA\" width=\"500\" height=\"375\" src=\"https:\/\/www.youtube.com\/embed\/AmhrL8t7eu8?feature=oembed\" frameborder=\"0\" allow=\"accelerometer; autoplay; clipboard-write; encrypted-media; gyroscope; picture-in-picture; web-share\" referrerpolicy=\"strict-origin-when-cross-origin\" allowfullscreen><\/iframe><\/div>\n<div class=\"jeg_video_container jeg_video_content\"><iframe loading=\"lazy\" title=\"2018 11 09 FEDECOBA 8 AGUSTIN COARASA CARLOS GARROS NATALI TORRES   AZCUENAGA\" width=\"500\" height=\"375\" src=\"https:\/\/www.youtube.com\/embed\/iYxhvbiXVT0?feature=oembed\" frameborder=\"0\" allow=\"accelerometer; autoplay; clipboard-write; encrypted-media; gyroscope; picture-in-picture; web-share\" referrerpolicy=\"strict-origin-when-cross-origin\" allowfullscreen><\/iframe><\/div>\n<div class=\"jeg_video_container jeg_video_content\"><iframe loading=\"lazy\" title=\"2018 11 09 FEDECOBA 6 FLORENCIA NOVATTI MARTINA SANTUENO   NAVARRO\" width=\"500\" height=\"375\" src=\"https:\/\/www.youtube.com\/embed\/OtXSzicsmQ8?feature=oembed\" frameborder=\"0\" allow=\"accelerometer; autoplay; clipboard-write; encrypted-media; gyroscope; picture-in-picture; web-share\" referrerpolicy=\"strict-origin-when-cross-origin\" allowfullscreen><\/iframe><\/div>\n<div class=\"jeg_video_container jeg_video_content\"><iframe loading=\"lazy\" title=\"2018 11 09 FEDECOBA 4 JORGELINA MIRANDA IVANA LINA DECOBERTI   VILLA SABOYA\" width=\"500\" height=\"375\" src=\"https:\/\/www.youtube.com\/embed\/d_3NJoDmY-c?feature=oembed\" frameborder=\"0\" allow=\"accelerometer; autoplay; clipboard-write; encrypted-media; gyroscope; picture-in-picture; web-share\" referrerpolicy=\"strict-origin-when-cross-origin\" allowfullscreen><\/iframe><\/div>\n<div class=\"jeg_video_container jeg_video_content\"><iframe loading=\"lazy\" title=\"2018 11 09 FEDECOBA 3 JESICA HEIJO   TRES ALGARROBOS\" width=\"500\" height=\"375\" src=\"https:\/\/www.youtube.com\/embed\/EeKVC0sSutg?feature=oembed\" frameborder=\"0\" allow=\"accelerometer; autoplay; clipboard-write; encrypted-media; gyroscope; picture-in-picture; web-share\" referrerpolicy=\"strict-origin-when-cross-origin\" allowfullscreen><\/iframe><\/div>\n<div class=\"jeg_video_container jeg_video_content\"><iframe loading=\"lazy\" title=\"2018 11 09 FEDECOBA 2 KARINA VIGINELIS IVAN DIEZ JUANA VILAPLANA   LOS TOLDOS\" width=\"500\" height=\"375\" src=\"https:\/\/www.youtube.com\/embed\/YLjaNjTIw44?feature=oembed\" frameborder=\"0\" allow=\"accelerometer; autoplay; clipboard-write; encrypted-media; gyroscope; picture-in-picture; web-share\" referrerpolicy=\"strict-origin-when-cross-origin\" allowfullscreen><\/iframe><\/div>\n<div class=\"jeg_video_container jeg_video_content\"><iframe loading=\"lazy\" title=\"2018 11 09 FEDECOBA 1 GUSTAVO ESPERON   SAN MANUEL\" width=\"500\" height=\"375\" src=\"https:\/\/www.youtube.com\/embed\/mN6I08mzXnk?feature=oembed\" frameborder=\"0\" allow=\"accelerometer; autoplay; clipboard-write; encrypted-media; gyroscope; picture-in-picture; web-share\" referrerpolicy=\"strict-origin-when-cross-origin\" allowfullscreen><\/iframe><\/div>\n","protected":false},"excerpt":{"rendered":"<p>Con el apoyo de sus cooperativas de servicios p\u00fablicos, unas treinta cooperativas escolares de colegios primarios y secundarios participaron de la Jornada de Cierre del 27\u00b0 Concurso Escolar Cooperativo de FEDECOBA que tuvo lugar este viernes 09 de noviembre en la Comarca de Sierra de la Ventana, con epicentro en la ciudad de Tornquist.on el [&hellip;]<\/p>\n","protected":false},"author":1,"featured_media":38458,"comment_status":"closed","ping_status":"open","sticky":false,"template":"","format":"standard","meta":{"footnotes":""},"categories":[51,52],"tags":[],"class_list":["post-38454","post","type-post","status-publish","format-standard","has-post-thumbnail","hentry","category-comunidad","category-destacadas"],"yoast_head":"<!-- This site is optimized with the Yoast SEO plugin v19.7.1 - https:\/\/yoast.com\/wordpress\/plugins\/seo\/ -->\n<title>EL COOPERATIVISMO ESCOLAR DE FEDECOBA BRILL\u00d3 EN TORNQUIST (fotos y videoentrevistas) - CELTTV<\/title>\n<meta name=\"description\" content=\"Sitio web de noticias de la localidad de Tornquist, provincia de Buenos Aires, Rep\u00fablica Argentina. Contenido propio originado por periodistas de CELTTV, el canal de TV local de la Cooperativa El\u00e9ctrica de Tornquist. Turismo, Pol\u00edtica, Sociedad, Deporte, Cultura y todo el contenido de inter\u00e9s general que la gente del pueblo y la regi\u00f3n debe conocer.\" \/>\n<meta name=\"robots\" content=\"index, follow, max-snippet:-1, max-image-preview:large, max-video-preview:-1\" \/>\n<link rel=\"canonical\" href=\"https:\/\/www.celttv.com.ar\/index.php\/2018\/11\/13\/el-cooperativismo-escolar-de-fedecoba-brillo-en-tornquist-fotos-y-videoentrevistas\/\" \/>\n<meta property=\"og:locale\" content=\"es_ES\" \/>\n<meta property=\"og:type\" content=\"article\" \/>\n<meta property=\"og:title\" content=\"EL COOPERATIVISMO ESCOLAR DE FEDECOBA BRILL\u00d3 EN TORNQUIST (fotos y videoentrevistas) - CELTTV\" \/>\n<meta property=\"og:description\" content=\"Sitio web de noticias de la localidad de Tornquist, provincia de Buenos Aires, Rep\u00fablica Argentina. Contenido propio originado por periodistas de CELTTV, el canal de TV local de la Cooperativa El\u00e9ctrica de Tornquist. Turismo, Pol\u00edtica, Sociedad, Deporte, Cultura y todo el contenido de inter\u00e9s general que la gente del pueblo y la regi\u00f3n debe conocer.\" \/>\n<meta property=\"og:url\" content=\"https:\/\/www.celttv.com.ar\/index.php\/2018\/11\/13\/el-cooperativismo-escolar-de-fedecoba-brillo-en-tornquist-fotos-y-videoentrevistas\/\" \/>\n<meta property=\"og:site_name\" content=\"CELTTV\" \/>\n<meta property=\"article:publisher\" content=\"https:\/\/www.facebook.com\/celtTV\/\" \/>\n<meta property=\"article:published_time\" content=\"2018-11-13T12:00:44+00:00\" \/>\n<meta property=\"og:image\" content=\"https:\/\/www.celttv.com.ar\/wp-content\/uploads\/2018\/11\/WhatsApp-Image-2018-11-09-at-20.25.40-1.jpeg\" \/>\n\t<meta property=\"og:image:width\" content=\"1247\" \/>\n\t<meta property=\"og:image:height\" content=\"741\" \/>\n\t<meta property=\"og:image:type\" content=\"image\/jpeg\" \/>\n<meta name=\"author\" content=\"ulises\" \/>\n<meta name=\"twitter:card\" content=\"summary_large_image\" \/>\n<meta name=\"twitter:label1\" content=\"Escrito por\" \/>\n\t<meta name=\"twitter:data1\" content=\"ulises\" \/>\n\t<meta name=\"twitter:label2\" content=\"Tiempo de lectura\" \/>\n\t<meta name=\"twitter:data2\" content=\"3 minutos\" \/>\n<script type=\"application\/ld+json\" class=\"yoast-schema-graph\">{\"@context\":\"https:\/\/schema.org\",\"@graph\":[{\"@type\":\"NewsArticle\",\"@id\":\"https:\/\/www.celttv.com.ar\/index.php\/2018\/11\/13\/el-cooperativismo-escolar-de-fedecoba-brillo-en-tornquist-fotos-y-videoentrevistas\/#article\",\"isPartOf\":{\"@id\":\"https:\/\/www.celttv.com.ar\/index.php\/2018\/11\/13\/el-cooperativismo-escolar-de-fedecoba-brillo-en-tornquist-fotos-y-videoentrevistas\/\"},\"author\":{\"name\":\"ulises\",\"@id\":\"https:\/\/www.celttv.com.ar\/#\/schema\/person\/6d99c072dba59953809c81446e9d0ace\"},\"headline\":\"EL COOPERATIVISMO ESCOLAR DE FEDECOBA BRILL\u00d3 EN TORNQUIST (fotos y videoentrevistas)\",\"datePublished\":\"2018-11-13T12:00:44+00:00\",\"dateModified\":\"2018-11-13T12:00:44+00:00\",\"mainEntityOfPage\":{\"@id\":\"https:\/\/www.celttv.com.ar\/index.php\/2018\/11\/13\/el-cooperativismo-escolar-de-fedecoba-brillo-en-tornquist-fotos-y-videoentrevistas\/\"},\"wordCount\":546,\"publisher\":{\"@id\":\"https:\/\/www.celttv.com.ar\/#organization\"},\"articleSection\":[\"Comunidad\",\"Destacadas\"],\"inLanguage\":\"es\"},{\"@type\":\"WebPage\",\"@id\":\"https:\/\/www.celttv.com.ar\/index.php\/2018\/11\/13\/el-cooperativismo-escolar-de-fedecoba-brillo-en-tornquist-fotos-y-videoentrevistas\/\",\"url\":\"https:\/\/www.celttv.com.ar\/index.php\/2018\/11\/13\/el-cooperativismo-escolar-de-fedecoba-brillo-en-tornquist-fotos-y-videoentrevistas\/\",\"name\":\"EL COOPERATIVISMO ESCOLAR DE FEDECOBA BRILL\u00d3 EN TORNQUIST (fotos y videoentrevistas) - CELTTV\",\"isPartOf\":{\"@id\":\"https:\/\/www.celttv.com.ar\/#website\"},\"datePublished\":\"2018-11-13T12:00:44+00:00\",\"dateModified\":\"2018-11-13T12:00:44+00:00\",\"description\":\"Sitio web de noticias de la localidad de Tornquist, provincia de Buenos Aires, Rep\u00fablica Argentina. Contenido propio originado por periodistas de CELTTV, el canal de TV local de la Cooperativa El\u00e9ctrica de Tornquist. Turismo, Pol\u00edtica, Sociedad, Deporte, Cultura y todo el contenido de inter\u00e9s general que la gente del pueblo y la regi\u00f3n debe conocer.\",\"breadcrumb\":{\"@id\":\"https:\/\/www.celttv.com.ar\/index.php\/2018\/11\/13\/el-cooperativismo-escolar-de-fedecoba-brillo-en-tornquist-fotos-y-videoentrevistas\/#breadcrumb\"},\"inLanguage\":\"es\",\"potentialAction\":[{\"@type\":\"ReadAction\",\"target\":[\"https:\/\/www.celttv.com.ar\/index.php\/2018\/11\/13\/el-cooperativismo-escolar-de-fedecoba-brillo-en-tornquist-fotos-y-videoentrevistas\/\"]}]},{\"@type\":\"BreadcrumbList\",\"@id\":\"https:\/\/www.celttv.com.ar\/index.php\/2018\/11\/13\/el-cooperativismo-escolar-de-fedecoba-brillo-en-tornquist-fotos-y-videoentrevistas\/#breadcrumb\",\"itemListElement\":[{\"@type\":\"ListItem\",\"position\":1,\"name\":\"Inicio\",\"item\":\"https:\/\/www.celttv.com.ar\/\"},{\"@type\":\"ListItem\",\"position\":2,\"name\":\"EL COOPERATIVISMO ESCOLAR DE FEDECOBA BRILL\u00d3 EN TORNQUIST (fotos y videoentrevistas)\"}]},{\"@type\":\"WebSite\",\"@id\":\"https:\/\/www.celttv.com.ar\/#website\",\"url\":\"https:\/\/www.celttv.com.ar\/\",\"name\":\"CELTTV\",\"description\":\"Cooperativa El\u00e9ctrica de Tornquist\",\"publisher\":{\"@id\":\"https:\/\/www.celttv.com.ar\/#organization\"},\"potentialAction\":[{\"@type\":\"SearchAction\",\"target\":{\"@type\":\"EntryPoint\",\"urlTemplate\":\"https:\/\/www.celttv.com.ar\/?s={search_term_string}\"},\"query-input\":\"required name=search_term_string\"}],\"inLanguage\":\"es\"},{\"@type\":\"Organization\",\"@id\":\"https:\/\/www.celttv.com.ar\/#organization\",\"name\":\"CELTTV\",\"url\":\"https:\/\/www.celttv.com.ar\/\",\"sameAs\":[\"https:\/\/www.youtube.com\/channel\/UCz_oIt8Hig64Ub-EmcNPIhg\",\"https:\/\/www.facebook.com\/celtTV\/\"],\"logo\":{\"@type\":\"ImageObject\",\"inLanguage\":\"es\",\"@id\":\"https:\/\/www.celttv.com.ar\/#\/schema\/logo\/image\/\",\"url\":\"http:\/\/www.celttv.com.ar\/wp-content\/uploads\/2022\/08\/logo-1.png\",\"contentUrl\":\"http:\/\/www.celttv.com.ar\/wp-content\/uploads\/2022\/08\/logo-1.png\",\"width\":461,\"height\":159,\"caption\":\"CELTTV\"},\"image\":{\"@id\":\"https:\/\/www.celttv.com.ar\/#\/schema\/logo\/image\/\"}},{\"@type\":\"Person\",\"@id\":\"https:\/\/www.celttv.com.ar\/#\/schema\/person\/6d99c072dba59953809c81446e9d0ace\",\"name\":\"ulises\",\"image\":{\"@type\":\"ImageObject\",\"inLanguage\":\"es\",\"@id\":\"https:\/\/www.celttv.com.ar\/#\/schema\/person\/image\/\",\"url\":\"https:\/\/secure.gravatar.com\/avatar\/7f2c48bdc33b30088f941fb6082e555f2874c98e20cb159d7b92b50eadfce793?s=96&d=mm&r=g\",\"contentUrl\":\"https:\/\/secure.gravatar.com\/avatar\/7f2c48bdc33b30088f941fb6082e555f2874c98e20cb159d7b92b50eadfce793?s=96&d=mm&r=g\",\"caption\":\"ulises\"},\"sameAs\":[\"http:\/\/www.celttv.com.ar\"]}]}<\/script>\n<!-- \/ Yoast SEO plugin. -->","yoast_head_json":{"title":"EL COOPERATIVISMO ESCOLAR DE FEDECOBA BRILL\u00d3 EN TORNQUIST (fotos y videoentrevistas) - CELTTV","description":"Sitio web de noticias de la localidad de Tornquist, provincia de Buenos Aires, Rep\u00fablica Argentina. Contenido propio originado por periodistas de CELTTV, el canal de TV local de la Cooperativa El\u00e9ctrica de Tornquist. Turismo, Pol\u00edtica, Sociedad, Deporte, Cultura y todo el contenido de inter\u00e9s general que la gente del pueblo y la regi\u00f3n debe conocer.","robots":{"index":"index","follow":"follow","max-snippet":"max-snippet:-1","max-image-preview":"max-image-preview:large","max-video-preview":"max-video-preview:-1"},"canonical":"https:\/\/www.celttv.com.ar\/index.php\/2018\/11\/13\/el-cooperativismo-escolar-de-fedecoba-brillo-en-tornquist-fotos-y-videoentrevistas\/","og_locale":"es_ES","og_type":"article","og_title":"EL COOPERATIVISMO ESCOLAR DE FEDECOBA BRILL\u00d3 EN TORNQUIST (fotos y videoentrevistas) - CELTTV","og_description":"Sitio web de noticias de la localidad de Tornquist, provincia de Buenos Aires, Rep\u00fablica Argentina. Contenido propio originado por periodistas de CELTTV, el canal de TV local de la Cooperativa El\u00e9ctrica de Tornquist. Turismo, Pol\u00edtica, Sociedad, Deporte, Cultura y todo el contenido de inter\u00e9s general que la gente del pueblo y la regi\u00f3n debe conocer.","og_url":"https:\/\/www.celttv.com.ar\/index.php\/2018\/11\/13\/el-cooperativismo-escolar-de-fedecoba-brillo-en-tornquist-fotos-y-videoentrevistas\/","og_site_name":"CELTTV","article_publisher":"https:\/\/www.facebook.com\/celtTV\/","article_published_time":"2018-11-13T12:00:44+00:00","og_image":[{"width":1247,"height":741,"url":"https:\/\/www.celttv.com.ar\/wp-content\/uploads\/2018\/11\/WhatsApp-Image-2018-11-09-at-20.25.40-1.jpeg","type":"image\/jpeg"}],"author":"ulises","twitter_card":"summary_large_image","twitter_misc":{"Escrito por":"ulises","Tiempo de lectura":"3 minutos"},"schema":{"@context":"https:\/\/schema.org","@graph":[{"@type":"NewsArticle","@id":"https:\/\/www.celttv.com.ar\/index.php\/2018\/11\/13\/el-cooperativismo-escolar-de-fedecoba-brillo-en-tornquist-fotos-y-videoentrevistas\/#article","isPartOf":{"@id":"https:\/\/www.celttv.com.ar\/index.php\/2018\/11\/13\/el-cooperativismo-escolar-de-fedecoba-brillo-en-tornquist-fotos-y-videoentrevistas\/"},"author":{"name":"ulises","@id":"https:\/\/www.celttv.com.ar\/#\/schema\/person\/6d99c072dba59953809c81446e9d0ace"},"headline":"EL COOPERATIVISMO ESCOLAR DE FEDECOBA BRILL\u00d3 EN TORNQUIST (fotos y videoentrevistas)","datePublished":"2018-11-13T12:00:44+00:00","dateModified":"2018-11-13T12:00:44+00:00","mainEntityOfPage":{"@id":"https:\/\/www.celttv.com.ar\/index.php\/2018\/11\/13\/el-cooperativismo-escolar-de-fedecoba-brillo-en-tornquist-fotos-y-videoentrevistas\/"},"wordCount":546,"publisher":{"@id":"https:\/\/www.celttv.com.ar\/#organization"},"articleSection":["Comunidad","Destacadas"],"inLanguage":"es"},{"@type":"WebPage","@id":"https:\/\/www.celttv.com.ar\/index.php\/2018\/11\/13\/el-cooperativismo-escolar-de-fedecoba-brillo-en-tornquist-fotos-y-videoentrevistas\/","url":"https:\/\/www.celttv.com.ar\/index.php\/2018\/11\/13\/el-cooperativismo-escolar-de-fedecoba-brillo-en-tornquist-fotos-y-videoentrevistas\/","name":"EL COOPERATIVISMO ESCOLAR DE FEDECOBA BRILL\u00d3 EN TORNQUIST (fotos y videoentrevistas) - CELTTV","isPartOf":{"@id":"https:\/\/www.celttv.com.ar\/#website"},"datePublished":"2018-11-13T12:00:44+00:00","dateModified":"2018-11-13T12:00:44+00:00","description":"Sitio web de noticias de la localidad de Tornquist, provincia de Buenos Aires, Rep\u00fablica Argentina. Contenido propio originado por periodistas de CELTTV, el canal de TV local de la Cooperativa El\u00e9ctrica de Tornquist. Turismo, Pol\u00edtica, Sociedad, Deporte, Cultura y todo el contenido de inter\u00e9s general que la gente del pueblo y la regi\u00f3n debe conocer.","breadcrumb":{"@id":"https:\/\/www.celttv.com.ar\/index.php\/2018\/11\/13\/el-cooperativismo-escolar-de-fedecoba-brillo-en-tornquist-fotos-y-videoentrevistas\/#breadcrumb"},"inLanguage":"es","potentialAction":[{"@type":"ReadAction","target":["https:\/\/www.celttv.com.ar\/index.php\/2018\/11\/13\/el-cooperativismo-escolar-de-fedecoba-brillo-en-tornquist-fotos-y-videoentrevistas\/"]}]},{"@type":"BreadcrumbList","@id":"https:\/\/www.celttv.com.ar\/index.php\/2018\/11\/13\/el-cooperativismo-escolar-de-fedecoba-brillo-en-tornquist-fotos-y-videoentrevistas\/#breadcrumb","itemListElement":[{"@type":"ListItem","position":1,"name":"Inicio","item":"https:\/\/www.celttv.com.ar\/"},{"@type":"ListItem","position":2,"name":"EL COOPERATIVISMO ESCOLAR DE FEDECOBA BRILL\u00d3 EN TORNQUIST (fotos y videoentrevistas)"}]},{"@type":"WebSite","@id":"https:\/\/www.celttv.com.ar\/#website","url":"https:\/\/www.celttv.com.ar\/","name":"CELTTV","description":"Cooperativa El\u00e9ctrica de Tornquist","publisher":{"@id":"https:\/\/www.celttv.com.ar\/#organization"},"potentialAction":[{"@type":"SearchAction","target":{"@type":"EntryPoint","urlTemplate":"https:\/\/www.celttv.com.ar\/?s={search_term_string}"},"query-input":"required name=search_term_string"}],"inLanguage":"es"},{"@type":"Organization","@id":"https:\/\/www.celttv.com.ar\/#organization","name":"CELTTV","url":"https:\/\/www.celttv.com.ar\/","sameAs":["https:\/\/www.youtube.com\/channel\/UCz_oIt8Hig64Ub-EmcNPIhg","https:\/\/www.facebook.com\/celtTV\/"],"logo":{"@type":"ImageObject","inLanguage":"es","@id":"https:\/\/www.celttv.com.ar\/#\/schema\/logo\/image\/","url":"http:\/\/www.celttv.com.ar\/wp-content\/uploads\/2022\/08\/logo-1.png","contentUrl":"http:\/\/www.celttv.com.ar\/wp-content\/uploads\/2022\/08\/logo-1.png","width":461,"height":159,"caption":"CELTTV"},"image":{"@id":"https:\/\/www.celttv.com.ar\/#\/schema\/logo\/image\/"}},{"@type":"Person","@id":"https:\/\/www.celttv.com.ar\/#\/schema\/person\/6d99c072dba59953809c81446e9d0ace","name":"ulises","image":{"@type":"ImageObject","inLanguage":"es","@id":"https:\/\/www.celttv.com.ar\/#\/schema\/person\/image\/","url":"https:\/\/secure.gravatar.com\/avatar\/7f2c48bdc33b30088f941fb6082e555f2874c98e20cb159d7b92b50eadfce793?s=96&d=mm&r=g","contentUrl":"https:\/\/secure.gravatar.com\/avatar\/7f2c48bdc33b30088f941fb6082e555f2874c98e20cb159d7b92b50eadfce793?s=96&d=mm&r=g","caption":"ulises"},"sameAs":["http:\/\/www.celttv.com.ar"]}]}},"_links":{"self":[{"href":"https:\/\/www.celttv.com.ar\/index.php\/wp-json\/wp\/v2\/posts\/38454","targetHints":{"allow":["GET"]}}],"collection":[{"href":"https:\/\/www.celttv.com.ar\/index.php\/wp-json\/wp\/v2\/posts"}],"about":[{"href":"https:\/\/www.celttv.com.ar\/index.php\/wp-json\/wp\/v2\/types\/post"}],"author":[{"embeddable":true,"href":"https:\/\/www.celttv.com.ar\/index.php\/wp-json\/wp\/v2\/users\/1"}],"replies":[{"embeddable":true,"href":"https:\/\/www.celttv.com.ar\/index.php\/wp-json\/wp\/v2\/comments?post=38454"}],"version-history":[{"count":0,"href":"https:\/\/www.celttv.com.ar\/index.php\/wp-json\/wp\/v2\/posts\/38454\/revisions"}],"wp:featuredmedia":[{"embeddable":true,"href":"https:\/\/www.celttv.com.ar\/index.php\/wp-json\/wp\/v2\/media\/38458"}],"wp:attachment":[{"href":"https:\/\/www.celttv.com.ar\/index.php\/wp-json\/wp\/v2\/media?parent=38454"}],"wp:term":[{"taxonomy":"category","embeddable":true,"href":"https:\/\/www.celttv.com.ar\/index.php\/wp-json\/wp\/v2\/categories?post=38454"},{"taxonomy":"post_tag","embeddable":true,"href":"https:\/\/www.celttv.com.ar\/index.php\/wp-json\/wp\/v2\/tags?post=38454"}],"curies":[{"name":"wp","href":"https:\/\/api.w.org\/{rel}","templated":true}]}}