{"id":38470,"date":"2018-11-13T20:03:05","date_gmt":"2018-11-13T20:03:05","guid":{"rendered":"http:\/\/www.celttv.com.ar\/?p=38470"},"modified":"2018-11-13T20:03:05","modified_gmt":"2018-11-13T20:03:05","slug":"pablo-garate-propone-un-sistema-para-que-las-imagenes-publicas-sean-valoradas-como-prueba","status":"publish","type":"post","link":"https:\/\/www.celttv.com.ar\/index.php\/2018\/11\/13\/pablo-garate-propone-un-sistema-para-que-las-imagenes-publicas-sean-valoradas-como-prueba\/","title":{"rendered":"PABLO GARATE PROPONE UN SISTEMA PARA QUE LAS IM\u00c1GENES P\u00daBLICAS SEAN VALORADAS COMO PRUEBA"},"content":{"rendered":"<p style=\"font-weight: 400;\">El\u00a0<strong>Diputado Provincial Pablo Garate<\/strong>\u00a0present\u00f3 en la Honorable C\u00e1mara de Diputados un proyecto de ley para garantizar que las filmaciones y grabaciones capturadas y almacenadas a trav\u00e9s del sistema p\u00fablico de im\u00e1genes, puedan ser puestas a disposici\u00f3n de las autoridades judiciales o administrativas, Bajo un resguardo seguro, a fin de que sean valoradas como prueba en una investigaci\u00f3n penal o administrativa.<\/p>\n<p style=\"font-weight: 400;\">\u00a0\u00a0\u00a0\u00a0\u00a0\u00a0\u00a0\u00a0\u00a0\u00a0\u00a0\u00a0\u00a0\u00a0\u00a0\u00a0\u00a0\u00a0\u00a0\u00a0 \u201c<em>El proyecto tiene como finalidad establecer un mecanismo de legalidad que permita afianzar la garant\u00eda del debido proceso e implementar un conjunto de medidas con la finalidad de preservar la identidad e integridad de las im\u00e1genes obtenidas mediante el sistema p\u00fablico de im\u00e1genes, a fin de que las mismas puedan ser fuentes de prueba en procesos judiciales\u201d,\u00a0<\/em>explic\u00f3 el<strong>legislador tresarroyense Pablo Garate<\/strong><em>.<\/em><\/p>\n<p style=\"font-weight: 400;\"><em>\u00a0\u00a0\u00a0\u00a0\u00a0\u00a0\u00a0\u00a0\u00a0\u00a0\u00a0\u00a0\u00a0\u00a0<\/em>\u00a0\u00a0\u00a0\u00a0\u00a0\u00a0\u00a0En ese sentido, el\u00a0<strong>diputado Pablo Garate\u00a0<\/strong>manifest\u00f3 que \u201c<em>para que una prueba documental electr\u00f3nica como las im\u00e1genes sea tenida por v\u00e1lida en un proceso judicial o administrativo y adquiera fuerza probatoria, resulta necesario que la misma sea garantizada respecto de su confiabilidad, evitando suplantaciones, modificaciones, alteraciones o adulteraciones o simplemente su destrucci\u00f3n; para ello, es crucial la manera en que se recopila y preserva la evidencia p\u00fablica\u201d.<\/em><\/p>\n<p style=\"font-weight: 400;\">\u00a0 \u00a0 \u00a0 \u00a0 \u00a0 \u00a0 \u00a0 \u00a0 \u00a0 \u00a0\u00a0\u00a0 \u00a0 \u00a0 \u00a0 \u00a0 \u00a0 \u00a0 \u00a0 \u00a0 \u00a0 \u00a0Para finalizar\u00a0<strong>Pablo Garate\u00a0<\/strong>expres\u00f3 que \u201c<em>Lo que resulta determinante es dotar a los equipos y operadores del sistema p\u00fablico de im\u00e1genes de las herramientas necesarias que les permitan obtener im\u00e1genes cuya calidad e inviolabilidad las trasformen en medios de prueba irrefutables al momento de ser utilizados en un proceso judicial<\/em>\u201d.<\/p>\n<p><a href=\"http:\/\/www.celttv.com.ar\/?attachment_id=36890\" rel=\"attachment wp-att-36890\"><img loading=\"lazy\" decoding=\"async\" class=\"alignleft size-medium wp-image-36890\" src=\"http:\/\/www.celttv.com.ar\/wp-content\/uploads\/2018\/09\/Diputado-Pablo-Garate-780x520.jpeg\" alt=\"\" width=\"780\" height=\"520\" \/><\/a><\/p>\n","protected":false},"excerpt":{"rendered":"<p>El\u00a0Diputado Provincial Pablo Garate\u00a0present\u00f3 en la Honorable C\u00e1mara de Diputados un proyecto de ley para garantizar que las filmaciones y grabaciones capturadas y almacenadas a trav\u00e9s del sistema p\u00fablico de im\u00e1genes, puedan ser puestas a disposici\u00f3n de las autoridades judiciales o administrativas, Bajo un resguardo seguro, a fin de que sean valoradas como prueba en [&hellip;]<\/p>\n","protected":false},"author":1,"featured_media":36890,"comment_status":"closed","ping_status":"open","sticky":false,"template":"","format":"standard","meta":{"footnotes":""},"categories":[51,52],"tags":[],"class_list":["post-38470","post","type-post","status-publish","format-standard","has-post-thumbnail","hentry","category-comunidad","category-destacadas"],"yoast_head":"<!-- This site is optimized with the Yoast SEO plugin v19.7.1 - https:\/\/yoast.com\/wordpress\/plugins\/seo\/ -->\n<title>PABLO GARATE PROPONE UN SISTEMA PARA QUE LAS IM\u00c1GENES P\u00daBLICAS SEAN VALORADAS COMO PRUEBA - CELTTV<\/title>\n<meta name=\"description\" content=\"Sitio web de noticias de la localidad de Tornquist, provincia de Buenos Aires, Rep\u00fablica Argentina. Contenido propio originado por periodistas de CELTTV, el canal de TV local de la Cooperativa El\u00e9ctrica de Tornquist. Turismo, Pol\u00edtica, Sociedad, Deporte, Cultura y todo el contenido de inter\u00e9s general que la gente del pueblo y la regi\u00f3n debe conocer.\" \/>\n<meta name=\"robots\" content=\"index, follow, max-snippet:-1, max-image-preview:large, max-video-preview:-1\" \/>\n<link rel=\"canonical\" href=\"https:\/\/www.celttv.com.ar\/index.php\/2018\/11\/13\/pablo-garate-propone-un-sistema-para-que-las-imagenes-publicas-sean-valoradas-como-prueba\/\" \/>\n<meta property=\"og:locale\" content=\"es_ES\" \/>\n<meta property=\"og:type\" content=\"article\" \/>\n<meta property=\"og:title\" content=\"PABLO GARATE PROPONE UN SISTEMA PARA QUE LAS IM\u00c1GENES P\u00daBLICAS SEAN VALORADAS COMO PRUEBA - CELTTV\" \/>\n<meta property=\"og:description\" content=\"Sitio web de noticias de la localidad de Tornquist, provincia de Buenos Aires, Rep\u00fablica Argentina. Contenido propio originado por periodistas de CELTTV, el canal de TV local de la Cooperativa El\u00e9ctrica de Tornquist. Turismo, Pol\u00edtica, Sociedad, Deporte, Cultura y todo el contenido de inter\u00e9s general que la gente del pueblo y la regi\u00f3n debe conocer.\" \/>\n<meta property=\"og:url\" content=\"https:\/\/www.celttv.com.ar\/index.php\/2018\/11\/13\/pablo-garate-propone-un-sistema-para-que-las-imagenes-publicas-sean-valoradas-como-prueba\/\" \/>\n<meta property=\"og:site_name\" content=\"CELTTV\" \/>\n<meta property=\"article:publisher\" content=\"https:\/\/www.facebook.com\/celtTV\/\" \/>\n<meta property=\"article:published_time\" content=\"2018-11-13T20:03:05+00:00\" \/>\n<meta property=\"og:image\" content=\"https:\/\/www.celttv.com.ar\/wp-content\/uploads\/2018\/09\/Diputado-Pablo-Garate.jpeg\" \/>\n\t<meta property=\"og:image:width\" content=\"1280\" \/>\n\t<meta property=\"og:image:height\" content=\"853\" \/>\n\t<meta property=\"og:image:type\" content=\"image\/jpeg\" \/>\n<meta name=\"author\" content=\"ulises\" \/>\n<meta name=\"twitter:card\" content=\"summary_large_image\" \/>\n<meta name=\"twitter:label1\" content=\"Escrito por\" \/>\n\t<meta name=\"twitter:data1\" content=\"ulises\" \/>\n\t<meta name=\"twitter:label2\" content=\"Tiempo de lectura\" \/>\n\t<meta name=\"twitter:data2\" content=\"1 minuto\" \/>\n<script type=\"application\/ld+json\" class=\"yoast-schema-graph\">{\"@context\":\"https:\/\/schema.org\",\"@graph\":[{\"@type\":\"NewsArticle\",\"@id\":\"https:\/\/www.celttv.com.ar\/index.php\/2018\/11\/13\/pablo-garate-propone-un-sistema-para-que-las-imagenes-publicas-sean-valoradas-como-prueba\/#article\",\"isPartOf\":{\"@id\":\"https:\/\/www.celttv.com.ar\/index.php\/2018\/11\/13\/pablo-garate-propone-un-sistema-para-que-las-imagenes-publicas-sean-valoradas-como-prueba\/\"},\"author\":{\"name\":\"ulises\",\"@id\":\"https:\/\/www.celttv.com.ar\/#\/schema\/person\/6d99c072dba59953809c81446e9d0ace\"},\"headline\":\"PABLO GARATE PROPONE UN SISTEMA PARA QUE LAS IM\u00c1GENES P\u00daBLICAS SEAN VALORADAS COMO PRUEBA\",\"datePublished\":\"2018-11-13T20:03:05+00:00\",\"dateModified\":\"2018-11-13T20:03:05+00:00\",\"mainEntityOfPage\":{\"@id\":\"https:\/\/www.celttv.com.ar\/index.php\/2018\/11\/13\/pablo-garate-propone-un-sistema-para-que-las-imagenes-publicas-sean-valoradas-como-prueba\/\"},\"wordCount\":277,\"publisher\":{\"@id\":\"https:\/\/www.celttv.com.ar\/#organization\"},\"articleSection\":[\"Comunidad\",\"Destacadas\"],\"inLanguage\":\"es\"},{\"@type\":\"WebPage\",\"@id\":\"https:\/\/www.celttv.com.ar\/index.php\/2018\/11\/13\/pablo-garate-propone-un-sistema-para-que-las-imagenes-publicas-sean-valoradas-como-prueba\/\",\"url\":\"https:\/\/www.celttv.com.ar\/index.php\/2018\/11\/13\/pablo-garate-propone-un-sistema-para-que-las-imagenes-publicas-sean-valoradas-como-prueba\/\",\"name\":\"PABLO GARATE PROPONE UN SISTEMA PARA QUE LAS IM\u00c1GENES P\u00daBLICAS SEAN VALORADAS COMO PRUEBA - CELTTV\",\"isPartOf\":{\"@id\":\"https:\/\/www.celttv.com.ar\/#website\"},\"datePublished\":\"2018-11-13T20:03:05+00:00\",\"dateModified\":\"2018-11-13T20:03:05+00:00\",\"description\":\"Sitio web de noticias de la localidad de Tornquist, provincia de Buenos Aires, Rep\u00fablica Argentina. Contenido propio originado por periodistas de CELTTV, el canal de TV local de la Cooperativa El\u00e9ctrica de Tornquist. Turismo, Pol\u00edtica, Sociedad, Deporte, Cultura y todo el contenido de inter\u00e9s general que la gente del pueblo y la regi\u00f3n debe conocer.\",\"breadcrumb\":{\"@id\":\"https:\/\/www.celttv.com.ar\/index.php\/2018\/11\/13\/pablo-garate-propone-un-sistema-para-que-las-imagenes-publicas-sean-valoradas-como-prueba\/#breadcrumb\"},\"inLanguage\":\"es\",\"potentialAction\":[{\"@type\":\"ReadAction\",\"target\":[\"https:\/\/www.celttv.com.ar\/index.php\/2018\/11\/13\/pablo-garate-propone-un-sistema-para-que-las-imagenes-publicas-sean-valoradas-como-prueba\/\"]}]},{\"@type\":\"BreadcrumbList\",\"@id\":\"https:\/\/www.celttv.com.ar\/index.php\/2018\/11\/13\/pablo-garate-propone-un-sistema-para-que-las-imagenes-publicas-sean-valoradas-como-prueba\/#breadcrumb\",\"itemListElement\":[{\"@type\":\"ListItem\",\"position\":1,\"name\":\"Inicio\",\"item\":\"https:\/\/www.celttv.com.ar\/\"},{\"@type\":\"ListItem\",\"position\":2,\"name\":\"PABLO GARATE PROPONE UN SISTEMA PARA QUE LAS IM\u00c1GENES P\u00daBLICAS SEAN VALORADAS COMO PRUEBA\"}]},{\"@type\":\"WebSite\",\"@id\":\"https:\/\/www.celttv.com.ar\/#website\",\"url\":\"https:\/\/www.celttv.com.ar\/\",\"name\":\"CELTTV\",\"description\":\"Cooperativa El\u00e9ctrica de Tornquist\",\"publisher\":{\"@id\":\"https:\/\/www.celttv.com.ar\/#organization\"},\"potentialAction\":[{\"@type\":\"SearchAction\",\"target\":{\"@type\":\"EntryPoint\",\"urlTemplate\":\"https:\/\/www.celttv.com.ar\/?s={search_term_string}\"},\"query-input\":\"required name=search_term_string\"}],\"inLanguage\":\"es\"},{\"@type\":\"Organization\",\"@id\":\"https:\/\/www.celttv.com.ar\/#organization\",\"name\":\"CELTTV\",\"url\":\"https:\/\/www.celttv.com.ar\/\",\"sameAs\":[\"https:\/\/www.youtube.com\/channel\/UCz_oIt8Hig64Ub-EmcNPIhg\",\"https:\/\/www.facebook.com\/celtTV\/\"],\"logo\":{\"@type\":\"ImageObject\",\"inLanguage\":\"es\",\"@id\":\"https:\/\/www.celttv.com.ar\/#\/schema\/logo\/image\/\",\"url\":\"http:\/\/www.celttv.com.ar\/wp-content\/uploads\/2022\/08\/logo-1.png\",\"contentUrl\":\"http:\/\/www.celttv.com.ar\/wp-content\/uploads\/2022\/08\/logo-1.png\",\"width\":461,\"height\":159,\"caption\":\"CELTTV\"},\"image\":{\"@id\":\"https:\/\/www.celttv.com.ar\/#\/schema\/logo\/image\/\"}},{\"@type\":\"Person\",\"@id\":\"https:\/\/www.celttv.com.ar\/#\/schema\/person\/6d99c072dba59953809c81446e9d0ace\",\"name\":\"ulises\",\"image\":{\"@type\":\"ImageObject\",\"inLanguage\":\"es\",\"@id\":\"https:\/\/www.celttv.com.ar\/#\/schema\/person\/image\/\",\"url\":\"https:\/\/secure.gravatar.com\/avatar\/7f2c48bdc33b30088f941fb6082e555f2874c98e20cb159d7b92b50eadfce793?s=96&d=mm&r=g\",\"contentUrl\":\"https:\/\/secure.gravatar.com\/avatar\/7f2c48bdc33b30088f941fb6082e555f2874c98e20cb159d7b92b50eadfce793?s=96&d=mm&r=g\",\"caption\":\"ulises\"},\"sameAs\":[\"http:\/\/www.celttv.com.ar\"]}]}<\/script>\n<!-- \/ Yoast SEO plugin. -->","yoast_head_json":{"title":"PABLO GARATE PROPONE UN SISTEMA PARA QUE LAS IM\u00c1GENES P\u00daBLICAS SEAN VALORADAS COMO PRUEBA - CELTTV","description":"Sitio web de noticias de la localidad de Tornquist, provincia de Buenos Aires, Rep\u00fablica Argentina. Contenido propio originado por periodistas de CELTTV, el canal de TV local de la Cooperativa El\u00e9ctrica de Tornquist. Turismo, Pol\u00edtica, Sociedad, Deporte, Cultura y todo el contenido de inter\u00e9s general que la gente del pueblo y la regi\u00f3n debe conocer.","robots":{"index":"index","follow":"follow","max-snippet":"max-snippet:-1","max-image-preview":"max-image-preview:large","max-video-preview":"max-video-preview:-1"},"canonical":"https:\/\/www.celttv.com.ar\/index.php\/2018\/11\/13\/pablo-garate-propone-un-sistema-para-que-las-imagenes-publicas-sean-valoradas-como-prueba\/","og_locale":"es_ES","og_type":"article","og_title":"PABLO GARATE PROPONE UN SISTEMA PARA QUE LAS IM\u00c1GENES P\u00daBLICAS SEAN VALORADAS COMO PRUEBA - CELTTV","og_description":"Sitio web de noticias de la localidad de Tornquist, provincia de Buenos Aires, Rep\u00fablica Argentina. Contenido propio originado por periodistas de CELTTV, el canal de TV local de la Cooperativa El\u00e9ctrica de Tornquist. Turismo, Pol\u00edtica, Sociedad, Deporte, Cultura y todo el contenido de inter\u00e9s general que la gente del pueblo y la regi\u00f3n debe conocer.","og_url":"https:\/\/www.celttv.com.ar\/index.php\/2018\/11\/13\/pablo-garate-propone-un-sistema-para-que-las-imagenes-publicas-sean-valoradas-como-prueba\/","og_site_name":"CELTTV","article_publisher":"https:\/\/www.facebook.com\/celtTV\/","article_published_time":"2018-11-13T20:03:05+00:00","og_image":[{"width":1280,"height":853,"url":"https:\/\/www.celttv.com.ar\/wp-content\/uploads\/2018\/09\/Diputado-Pablo-Garate.jpeg","type":"image\/jpeg"}],"author":"ulises","twitter_card":"summary_large_image","twitter_misc":{"Escrito por":"ulises","Tiempo de lectura":"1 minuto"},"schema":{"@context":"https:\/\/schema.org","@graph":[{"@type":"NewsArticle","@id":"https:\/\/www.celttv.com.ar\/index.php\/2018\/11\/13\/pablo-garate-propone-un-sistema-para-que-las-imagenes-publicas-sean-valoradas-como-prueba\/#article","isPartOf":{"@id":"https:\/\/www.celttv.com.ar\/index.php\/2018\/11\/13\/pablo-garate-propone-un-sistema-para-que-las-imagenes-publicas-sean-valoradas-como-prueba\/"},"author":{"name":"ulises","@id":"https:\/\/www.celttv.com.ar\/#\/schema\/person\/6d99c072dba59953809c81446e9d0ace"},"headline":"PABLO GARATE PROPONE UN SISTEMA PARA QUE LAS IM\u00c1GENES P\u00daBLICAS SEAN VALORADAS COMO PRUEBA","datePublished":"2018-11-13T20:03:05+00:00","dateModified":"2018-11-13T20:03:05+00:00","mainEntityOfPage":{"@id":"https:\/\/www.celttv.com.ar\/index.php\/2018\/11\/13\/pablo-garate-propone-un-sistema-para-que-las-imagenes-publicas-sean-valoradas-como-prueba\/"},"wordCount":277,"publisher":{"@id":"https:\/\/www.celttv.com.ar\/#organization"},"articleSection":["Comunidad","Destacadas"],"inLanguage":"es"},{"@type":"WebPage","@id":"https:\/\/www.celttv.com.ar\/index.php\/2018\/11\/13\/pablo-garate-propone-un-sistema-para-que-las-imagenes-publicas-sean-valoradas-como-prueba\/","url":"https:\/\/www.celttv.com.ar\/index.php\/2018\/11\/13\/pablo-garate-propone-un-sistema-para-que-las-imagenes-publicas-sean-valoradas-como-prueba\/","name":"PABLO GARATE PROPONE UN SISTEMA PARA QUE LAS IM\u00c1GENES P\u00daBLICAS SEAN VALORADAS COMO PRUEBA - CELTTV","isPartOf":{"@id":"https:\/\/www.celttv.com.ar\/#website"},"datePublished":"2018-11-13T20:03:05+00:00","dateModified":"2018-11-13T20:03:05+00:00","description":"Sitio web de noticias de la localidad de Tornquist, provincia de Buenos Aires, Rep\u00fablica Argentina. Contenido propio originado por periodistas de CELTTV, el canal de TV local de la Cooperativa El\u00e9ctrica de Tornquist. Turismo, Pol\u00edtica, Sociedad, Deporte, Cultura y todo el contenido de inter\u00e9s general que la gente del pueblo y la regi\u00f3n debe conocer.","breadcrumb":{"@id":"https:\/\/www.celttv.com.ar\/index.php\/2018\/11\/13\/pablo-garate-propone-un-sistema-para-que-las-imagenes-publicas-sean-valoradas-como-prueba\/#breadcrumb"},"inLanguage":"es","potentialAction":[{"@type":"ReadAction","target":["https:\/\/www.celttv.com.ar\/index.php\/2018\/11\/13\/pablo-garate-propone-un-sistema-para-que-las-imagenes-publicas-sean-valoradas-como-prueba\/"]}]},{"@type":"BreadcrumbList","@id":"https:\/\/www.celttv.com.ar\/index.php\/2018\/11\/13\/pablo-garate-propone-un-sistema-para-que-las-imagenes-publicas-sean-valoradas-como-prueba\/#breadcrumb","itemListElement":[{"@type":"ListItem","position":1,"name":"Inicio","item":"https:\/\/www.celttv.com.ar\/"},{"@type":"ListItem","position":2,"name":"PABLO GARATE PROPONE UN SISTEMA PARA QUE LAS IM\u00c1GENES P\u00daBLICAS SEAN VALORADAS COMO PRUEBA"}]},{"@type":"WebSite","@id":"https:\/\/www.celttv.com.ar\/#website","url":"https:\/\/www.celttv.com.ar\/","name":"CELTTV","description":"Cooperativa El\u00e9ctrica de Tornquist","publisher":{"@id":"https:\/\/www.celttv.com.ar\/#organization"},"potentialAction":[{"@type":"SearchAction","target":{"@type":"EntryPoint","urlTemplate":"https:\/\/www.celttv.com.ar\/?s={search_term_string}"},"query-input":"required name=search_term_string"}],"inLanguage":"es"},{"@type":"Organization","@id":"https:\/\/www.celttv.com.ar\/#organization","name":"CELTTV","url":"https:\/\/www.celttv.com.ar\/","sameAs":["https:\/\/www.youtube.com\/channel\/UCz_oIt8Hig64Ub-EmcNPIhg","https:\/\/www.facebook.com\/celtTV\/"],"logo":{"@type":"ImageObject","inLanguage":"es","@id":"https:\/\/www.celttv.com.ar\/#\/schema\/logo\/image\/","url":"http:\/\/www.celttv.com.ar\/wp-content\/uploads\/2022\/08\/logo-1.png","contentUrl":"http:\/\/www.celttv.com.ar\/wp-content\/uploads\/2022\/08\/logo-1.png","width":461,"height":159,"caption":"CELTTV"},"image":{"@id":"https:\/\/www.celttv.com.ar\/#\/schema\/logo\/image\/"}},{"@type":"Person","@id":"https:\/\/www.celttv.com.ar\/#\/schema\/person\/6d99c072dba59953809c81446e9d0ace","name":"ulises","image":{"@type":"ImageObject","inLanguage":"es","@id":"https:\/\/www.celttv.com.ar\/#\/schema\/person\/image\/","url":"https:\/\/secure.gravatar.com\/avatar\/7f2c48bdc33b30088f941fb6082e555f2874c98e20cb159d7b92b50eadfce793?s=96&d=mm&r=g","contentUrl":"https:\/\/secure.gravatar.com\/avatar\/7f2c48bdc33b30088f941fb6082e555f2874c98e20cb159d7b92b50eadfce793?s=96&d=mm&r=g","caption":"ulises"},"sameAs":["http:\/\/www.celttv.com.ar"]}]}},"_links":{"self":[{"href":"https:\/\/www.celttv.com.ar\/index.php\/wp-json\/wp\/v2\/posts\/38470","targetHints":{"allow":["GET"]}}],"collection":[{"href":"https:\/\/www.celttv.com.ar\/index.php\/wp-json\/wp\/v2\/posts"}],"about":[{"href":"https:\/\/www.celttv.com.ar\/index.php\/wp-json\/wp\/v2\/types\/post"}],"author":[{"embeddable":true,"href":"https:\/\/www.celttv.com.ar\/index.php\/wp-json\/wp\/v2\/users\/1"}],"replies":[{"embeddable":true,"href":"https:\/\/www.celttv.com.ar\/index.php\/wp-json\/wp\/v2\/comments?post=38470"}],"version-history":[{"count":0,"href":"https:\/\/www.celttv.com.ar\/index.php\/wp-json\/wp\/v2\/posts\/38470\/revisions"}],"wp:featuredmedia":[{"embeddable":true,"href":"https:\/\/www.celttv.com.ar\/index.php\/wp-json\/wp\/v2\/media\/36890"}],"wp:attachment":[{"href":"https:\/\/www.celttv.com.ar\/index.php\/wp-json\/wp\/v2\/media?parent=38470"}],"wp:term":[{"taxonomy":"category","embeddable":true,"href":"https:\/\/www.celttv.com.ar\/index.php\/wp-json\/wp\/v2\/categories?post=38470"},{"taxonomy":"post_tag","embeddable":true,"href":"https:\/\/www.celttv.com.ar\/index.php\/wp-json\/wp\/v2\/tags?post=38470"}],"curies":[{"name":"wp","href":"https:\/\/api.w.org\/{rel}","templated":true}]}}