{"id":38565,"date":"2018-11-18T23:42:23","date_gmt":"2018-11-18T23:42:23","guid":{"rendered":"http:\/\/www.celttv.com.ar\/?p=38565"},"modified":"2018-11-18T23:42:23","modified_gmt":"2018-11-18T23:42:23","slug":"automoto-domino-el-clasico-de-inferiores-fotos","status":"publish","type":"post","link":"https:\/\/www.celttv.com.ar\/index.php\/2018\/11\/18\/automoto-domino-el-clasico-de-inferiores-fotos\/","title":{"rendered":"Automoto domin\u00f3 el cl\u00e1sico de inferiores (Fotos)"},"content":{"rendered":"<p>Automoto marc\u00f3 claras diferencias con Uni\u00f3n en el cl\u00e1sico de inferiores. Fue muy superior, con momentos de gran f\u00fatbol y pasajes de enorme superioridad. Los n\u00fameros son irrefutables: cuatro victorias holgadas en la misma cantidad de partidos, 17 goles a favor y tan solo dos en contra. S\u00edntesis de una tarde-noche espectacular, que marc\u00f3 el cierre de la fase regular del Torneo Extra para los chicos azulgranas.<br \/>\nEl Rojo no s\u00f3lo se llev\u00f3 el puntaje ideal de la cancha de su eterno rival, sino que adem\u00e1s se asegur\u00f3 el primer puesto del grupo tanto en Octava como en S\u00e9ptima y qued\u00f3 muy cerca de la clasificaci\u00f3n a la instancia decisiva en Sexta, redondeando un d\u00eda casi so\u00f1ado.<br \/>\nEn la m\u00e1s peque\u00f1a de las divisionales, el triunfo de los dirigidos por Juan Salazar fue por 5 a 0, con un doblete del artillero Ger\u00f3nimo Kugler y uno de Sebasti\u00e1n Dobal, Santiago Fretes y Bautista Fretes.<br \/>\nUn resultado similar se dio en S\u00e9ptima, donde los chicos golearon por 6 a 1. En este caso, los goleadores fueron Aaron Bonamino (3), Valent\u00edn Alric (2) y Emilio Sgammini.<br \/>\nEn estas dos categor\u00edas, Automoto finaliz\u00f3 la fase regular con puntaje ideal, debido a que gan\u00f3 los tres partidos disputados.<br \/>\nLa Sexta, en tanto, sum\u00f3 una gran victoria que le permiti\u00f3 alcanzar las seis unidades y quedar muy bien posicionada para el futuro (faltan completarse varios partidos de la zona). Despu\u00e9s de un primer tiempo parejo, el equipo de Mauricio Kugler domin\u00f3 claramente el segundo tiempo y termin\u00f3 ganando por 3 a 1, con tantos de Luca Marzialetti, de penal, Donato Mazzarini y en contra.<br \/>\nFinalmente, la Quinta tambi\u00e9n gan\u00f3 de manera c\u00f3moda: 3 a 0. Jos\u00edas Figueroa (de manera ol\u00edmpica), Paul Rond\u00e1n (de penal) y Alejo Echegoyen fueron los autores de los goles.<br \/>\nSin dudas que fue un gran a\u00f1o en el cl\u00e1sico de inferiores. De 12 partidos disputados (en tres enfrentamientos, dos de visitante), Automoto consigui\u00f3 9 triunfos, dos empates y una sola derrota.<br \/>\nCuando se completen los partidos restantes se conocer\u00e1n los rivales de los cruces eliminatorios.<br \/>\n&nbsp;<br \/>\nDepartamento de Prensa \u2013 Automoto Club Deportivo<br \/>\nwww.clubautomotopasion.com.ar<br \/>\nFacebook: \/automototornquist<br \/>\nTwitter: @ClubAutomoto<br \/>\n<a href=\"http:\/\/www.celttv.com.ar\/?attachment_id=38569\" rel=\"attachment wp-att-38569\"><img loading=\"lazy\" decoding=\"async\" class=\"alignleft size-medium wp-image-38569\" src=\"http:\/\/www.celttv.com.ar\/wp-content\/uploads\/2018\/11\/DSC_2483-780x507.jpg\" alt=\"\" width=\"780\" height=\"507\" \/><\/a> <a href=\"http:\/\/www.celttv.com.ar\/?attachment_id=38568\" rel=\"attachment wp-att-38568\"><img loading=\"lazy\" decoding=\"async\" class=\"alignleft size-medium wp-image-38568\" src=\"http:\/\/www.celttv.com.ar\/wp-content\/uploads\/2018\/11\/DSC_2436-780x377.jpg\" alt=\"\" width=\"780\" height=\"377\" \/><\/a> <a href=\"http:\/\/www.celttv.com.ar\/?attachment_id=38566\" rel=\"attachment wp-att-38566\"><img loading=\"lazy\" decoding=\"async\" class=\"alignleft size-medium wp-image-38566\" src=\"http:\/\/www.celttv.com.ar\/wp-content\/uploads\/2018\/11\/DSC_2264-780x486.jpg\" alt=\"\" width=\"780\" height=\"486\" \/><\/a><\/p>\n","protected":false},"excerpt":{"rendered":"<p>Automoto marc\u00f3 claras diferencias con Uni\u00f3n en el cl\u00e1sico de inferiores. Fue muy superior, con momentos de gran f\u00fatbol y pasajes de enorme superioridad. Los n\u00fameros son irrefutables: cuatro victorias holgadas en la misma cantidad de partidos, 17 goles a favor y tan solo dos en contra. S\u00edntesis de una tarde-noche espectacular, que marc\u00f3 el [&hellip;]<\/p>\n","protected":false},"author":1,"featured_media":38567,"comment_status":"closed","ping_status":"open","sticky":false,"template":"","format":"standard","meta":{"footnotes":""},"categories":[55,60,52,63],"tags":[],"class_list":["post-38565","post","type-post","status-publish","format-standard","has-post-thumbnail","hentry","category-celt-tv-noticias","category-deporte","category-destacadas","category-magazine-sport"],"yoast_head":"<!-- This site is optimized with the Yoast SEO plugin v19.7.1 - https:\/\/yoast.com\/wordpress\/plugins\/seo\/ -->\n<title>Automoto domin\u00f3 el cl\u00e1sico de inferiores (Fotos) - CELTTV<\/title>\n<meta name=\"description\" content=\"Sitio web de noticias de la localidad de Tornquist, provincia de Buenos Aires, Rep\u00fablica Argentina. Contenido propio originado por periodistas de CELTTV, el canal de TV local de la Cooperativa El\u00e9ctrica de Tornquist. Turismo, Pol\u00edtica, Sociedad, Deporte, Cultura y todo el contenido de inter\u00e9s general que la gente del pueblo y la regi\u00f3n debe conocer.\" \/>\n<meta name=\"robots\" content=\"index, follow, max-snippet:-1, max-image-preview:large, max-video-preview:-1\" \/>\n<link rel=\"canonical\" href=\"https:\/\/www.celttv.com.ar\/index.php\/2018\/11\/18\/automoto-domino-el-clasico-de-inferiores-fotos\/\" \/>\n<meta property=\"og:locale\" content=\"es_ES\" \/>\n<meta property=\"og:type\" content=\"article\" \/>\n<meta property=\"og:title\" content=\"Automoto domin\u00f3 el cl\u00e1sico de inferiores (Fotos) - CELTTV\" \/>\n<meta property=\"og:description\" content=\"Sitio web de noticias de la localidad de Tornquist, provincia de Buenos Aires, Rep\u00fablica Argentina. Contenido propio originado por periodistas de CELTTV, el canal de TV local de la Cooperativa El\u00e9ctrica de Tornquist. Turismo, Pol\u00edtica, Sociedad, Deporte, Cultura y todo el contenido de inter\u00e9s general que la gente del pueblo y la regi\u00f3n debe conocer.\" \/>\n<meta property=\"og:url\" content=\"https:\/\/www.celttv.com.ar\/index.php\/2018\/11\/18\/automoto-domino-el-clasico-de-inferiores-fotos\/\" \/>\n<meta property=\"og:site_name\" content=\"CELTTV\" \/>\n<meta property=\"article:publisher\" content=\"https:\/\/www.facebook.com\/celtTV\/\" \/>\n<meta property=\"article:published_time\" content=\"2018-11-18T23:42:23+00:00\" \/>\n<meta property=\"og:image\" content=\"https:\/\/www.celttv.com.ar\/wp-content\/uploads\/2018\/11\/DSC_2364.jpg\" \/>\n\t<meta property=\"og:image:width\" content=\"960\" \/>\n\t<meta property=\"og:image:height\" content=\"469\" \/>\n\t<meta property=\"og:image:type\" content=\"image\/jpeg\" \/>\n<meta name=\"author\" content=\"ulises\" \/>\n<meta name=\"twitter:card\" content=\"summary_large_image\" \/>\n<meta name=\"twitter:label1\" content=\"Escrito por\" \/>\n\t<meta name=\"twitter:data1\" content=\"ulises\" \/>\n\t<meta name=\"twitter:label2\" content=\"Tiempo de lectura\" \/>\n\t<meta name=\"twitter:data2\" content=\"2 minutos\" \/>\n<script type=\"application\/ld+json\" class=\"yoast-schema-graph\">{\"@context\":\"https:\/\/schema.org\",\"@graph\":[{\"@type\":\"NewsArticle\",\"@id\":\"https:\/\/www.celttv.com.ar\/index.php\/2018\/11\/18\/automoto-domino-el-clasico-de-inferiores-fotos\/#article\",\"isPartOf\":{\"@id\":\"https:\/\/www.celttv.com.ar\/index.php\/2018\/11\/18\/automoto-domino-el-clasico-de-inferiores-fotos\/\"},\"author\":{\"name\":\"ulises\",\"@id\":\"https:\/\/www.celttv.com.ar\/#\/schema\/person\/6d99c072dba59953809c81446e9d0ace\"},\"headline\":\"Automoto domin\u00f3 el cl\u00e1sico de inferiores (Fotos)\",\"datePublished\":\"2018-11-18T23:42:23+00:00\",\"dateModified\":\"2018-11-18T23:42:23+00:00\",\"mainEntityOfPage\":{\"@id\":\"https:\/\/www.celttv.com.ar\/index.php\/2018\/11\/18\/automoto-domino-el-clasico-de-inferiores-fotos\/\"},\"wordCount\":381,\"publisher\":{\"@id\":\"https:\/\/www.celttv.com.ar\/#organization\"},\"articleSection\":[\"Celt TV Noticias\",\"Deporte\",\"Destacadas\",\"Magazine Sport\"],\"inLanguage\":\"es\"},{\"@type\":\"WebPage\",\"@id\":\"https:\/\/www.celttv.com.ar\/index.php\/2018\/11\/18\/automoto-domino-el-clasico-de-inferiores-fotos\/\",\"url\":\"https:\/\/www.celttv.com.ar\/index.php\/2018\/11\/18\/automoto-domino-el-clasico-de-inferiores-fotos\/\",\"name\":\"Automoto domin\u00f3 el cl\u00e1sico de inferiores (Fotos) - CELTTV\",\"isPartOf\":{\"@id\":\"https:\/\/www.celttv.com.ar\/#website\"},\"datePublished\":\"2018-11-18T23:42:23+00:00\",\"dateModified\":\"2018-11-18T23:42:23+00:00\",\"description\":\"Sitio web de noticias de la localidad de Tornquist, provincia de Buenos Aires, Rep\u00fablica Argentina. Contenido propio originado por periodistas de CELTTV, el canal de TV local de la Cooperativa El\u00e9ctrica de Tornquist. Turismo, Pol\u00edtica, Sociedad, Deporte, Cultura y todo el contenido de inter\u00e9s general que la gente del pueblo y la regi\u00f3n debe conocer.\",\"breadcrumb\":{\"@id\":\"https:\/\/www.celttv.com.ar\/index.php\/2018\/11\/18\/automoto-domino-el-clasico-de-inferiores-fotos\/#breadcrumb\"},\"inLanguage\":\"es\",\"potentialAction\":[{\"@type\":\"ReadAction\",\"target\":[\"https:\/\/www.celttv.com.ar\/index.php\/2018\/11\/18\/automoto-domino-el-clasico-de-inferiores-fotos\/\"]}]},{\"@type\":\"BreadcrumbList\",\"@id\":\"https:\/\/www.celttv.com.ar\/index.php\/2018\/11\/18\/automoto-domino-el-clasico-de-inferiores-fotos\/#breadcrumb\",\"itemListElement\":[{\"@type\":\"ListItem\",\"position\":1,\"name\":\"Inicio\",\"item\":\"https:\/\/www.celttv.com.ar\/\"},{\"@type\":\"ListItem\",\"position\":2,\"name\":\"Automoto domin\u00f3 el cl\u00e1sico de inferiores (Fotos)\"}]},{\"@type\":\"WebSite\",\"@id\":\"https:\/\/www.celttv.com.ar\/#website\",\"url\":\"https:\/\/www.celttv.com.ar\/\",\"name\":\"CELTTV\",\"description\":\"Cooperativa El\u00e9ctrica de Tornquist\",\"publisher\":{\"@id\":\"https:\/\/www.celttv.com.ar\/#organization\"},\"potentialAction\":[{\"@type\":\"SearchAction\",\"target\":{\"@type\":\"EntryPoint\",\"urlTemplate\":\"https:\/\/www.celttv.com.ar\/?s={search_term_string}\"},\"query-input\":\"required name=search_term_string\"}],\"inLanguage\":\"es\"},{\"@type\":\"Organization\",\"@id\":\"https:\/\/www.celttv.com.ar\/#organization\",\"name\":\"CELTTV\",\"url\":\"https:\/\/www.celttv.com.ar\/\",\"sameAs\":[\"https:\/\/www.youtube.com\/channel\/UCz_oIt8Hig64Ub-EmcNPIhg\",\"https:\/\/www.facebook.com\/celtTV\/\"],\"logo\":{\"@type\":\"ImageObject\",\"inLanguage\":\"es\",\"@id\":\"https:\/\/www.celttv.com.ar\/#\/schema\/logo\/image\/\",\"url\":\"http:\/\/www.celttv.com.ar\/wp-content\/uploads\/2022\/08\/logo-1.png\",\"contentUrl\":\"http:\/\/www.celttv.com.ar\/wp-content\/uploads\/2022\/08\/logo-1.png\",\"width\":461,\"height\":159,\"caption\":\"CELTTV\"},\"image\":{\"@id\":\"https:\/\/www.celttv.com.ar\/#\/schema\/logo\/image\/\"}},{\"@type\":\"Person\",\"@id\":\"https:\/\/www.celttv.com.ar\/#\/schema\/person\/6d99c072dba59953809c81446e9d0ace\",\"name\":\"ulises\",\"image\":{\"@type\":\"ImageObject\",\"inLanguage\":\"es\",\"@id\":\"https:\/\/www.celttv.com.ar\/#\/schema\/person\/image\/\",\"url\":\"https:\/\/secure.gravatar.com\/avatar\/7f2c48bdc33b30088f941fb6082e555f2874c98e20cb159d7b92b50eadfce793?s=96&d=mm&r=g\",\"contentUrl\":\"https:\/\/secure.gravatar.com\/avatar\/7f2c48bdc33b30088f941fb6082e555f2874c98e20cb159d7b92b50eadfce793?s=96&d=mm&r=g\",\"caption\":\"ulises\"},\"sameAs\":[\"http:\/\/www.celttv.com.ar\"]}]}<\/script>\n<!-- \/ Yoast SEO plugin. -->","yoast_head_json":{"title":"Automoto domin\u00f3 el cl\u00e1sico de inferiores (Fotos) - CELTTV","description":"Sitio web de noticias de la localidad de Tornquist, provincia de Buenos Aires, Rep\u00fablica Argentina. Contenido propio originado por periodistas de CELTTV, el canal de TV local de la Cooperativa El\u00e9ctrica de Tornquist. Turismo, Pol\u00edtica, Sociedad, Deporte, Cultura y todo el contenido de inter\u00e9s general que la gente del pueblo y la regi\u00f3n debe conocer.","robots":{"index":"index","follow":"follow","max-snippet":"max-snippet:-1","max-image-preview":"max-image-preview:large","max-video-preview":"max-video-preview:-1"},"canonical":"https:\/\/www.celttv.com.ar\/index.php\/2018\/11\/18\/automoto-domino-el-clasico-de-inferiores-fotos\/","og_locale":"es_ES","og_type":"article","og_title":"Automoto domin\u00f3 el cl\u00e1sico de inferiores (Fotos) - CELTTV","og_description":"Sitio web de noticias de la localidad de Tornquist, provincia de Buenos Aires, Rep\u00fablica Argentina. Contenido propio originado por periodistas de CELTTV, el canal de TV local de la Cooperativa El\u00e9ctrica de Tornquist. Turismo, Pol\u00edtica, Sociedad, Deporte, Cultura y todo el contenido de inter\u00e9s general que la gente del pueblo y la regi\u00f3n debe conocer.","og_url":"https:\/\/www.celttv.com.ar\/index.php\/2018\/11\/18\/automoto-domino-el-clasico-de-inferiores-fotos\/","og_site_name":"CELTTV","article_publisher":"https:\/\/www.facebook.com\/celtTV\/","article_published_time":"2018-11-18T23:42:23+00:00","og_image":[{"width":960,"height":469,"url":"https:\/\/www.celttv.com.ar\/wp-content\/uploads\/2018\/11\/DSC_2364.jpg","type":"image\/jpeg"}],"author":"ulises","twitter_card":"summary_large_image","twitter_misc":{"Escrito por":"ulises","Tiempo de lectura":"2 minutos"},"schema":{"@context":"https:\/\/schema.org","@graph":[{"@type":"NewsArticle","@id":"https:\/\/www.celttv.com.ar\/index.php\/2018\/11\/18\/automoto-domino-el-clasico-de-inferiores-fotos\/#article","isPartOf":{"@id":"https:\/\/www.celttv.com.ar\/index.php\/2018\/11\/18\/automoto-domino-el-clasico-de-inferiores-fotos\/"},"author":{"name":"ulises","@id":"https:\/\/www.celttv.com.ar\/#\/schema\/person\/6d99c072dba59953809c81446e9d0ace"},"headline":"Automoto domin\u00f3 el cl\u00e1sico de inferiores (Fotos)","datePublished":"2018-11-18T23:42:23+00:00","dateModified":"2018-11-18T23:42:23+00:00","mainEntityOfPage":{"@id":"https:\/\/www.celttv.com.ar\/index.php\/2018\/11\/18\/automoto-domino-el-clasico-de-inferiores-fotos\/"},"wordCount":381,"publisher":{"@id":"https:\/\/www.celttv.com.ar\/#organization"},"articleSection":["Celt TV Noticias","Deporte","Destacadas","Magazine Sport"],"inLanguage":"es"},{"@type":"WebPage","@id":"https:\/\/www.celttv.com.ar\/index.php\/2018\/11\/18\/automoto-domino-el-clasico-de-inferiores-fotos\/","url":"https:\/\/www.celttv.com.ar\/index.php\/2018\/11\/18\/automoto-domino-el-clasico-de-inferiores-fotos\/","name":"Automoto domin\u00f3 el cl\u00e1sico de inferiores (Fotos) - CELTTV","isPartOf":{"@id":"https:\/\/www.celttv.com.ar\/#website"},"datePublished":"2018-11-18T23:42:23+00:00","dateModified":"2018-11-18T23:42:23+00:00","description":"Sitio web de noticias de la localidad de Tornquist, provincia de Buenos Aires, Rep\u00fablica Argentina. Contenido propio originado por periodistas de CELTTV, el canal de TV local de la Cooperativa El\u00e9ctrica de Tornquist. Turismo, Pol\u00edtica, Sociedad, Deporte, Cultura y todo el contenido de inter\u00e9s general que la gente del pueblo y la regi\u00f3n debe conocer.","breadcrumb":{"@id":"https:\/\/www.celttv.com.ar\/index.php\/2018\/11\/18\/automoto-domino-el-clasico-de-inferiores-fotos\/#breadcrumb"},"inLanguage":"es","potentialAction":[{"@type":"ReadAction","target":["https:\/\/www.celttv.com.ar\/index.php\/2018\/11\/18\/automoto-domino-el-clasico-de-inferiores-fotos\/"]}]},{"@type":"BreadcrumbList","@id":"https:\/\/www.celttv.com.ar\/index.php\/2018\/11\/18\/automoto-domino-el-clasico-de-inferiores-fotos\/#breadcrumb","itemListElement":[{"@type":"ListItem","position":1,"name":"Inicio","item":"https:\/\/www.celttv.com.ar\/"},{"@type":"ListItem","position":2,"name":"Automoto domin\u00f3 el cl\u00e1sico de inferiores (Fotos)"}]},{"@type":"WebSite","@id":"https:\/\/www.celttv.com.ar\/#website","url":"https:\/\/www.celttv.com.ar\/","name":"CELTTV","description":"Cooperativa El\u00e9ctrica de Tornquist","publisher":{"@id":"https:\/\/www.celttv.com.ar\/#organization"},"potentialAction":[{"@type":"SearchAction","target":{"@type":"EntryPoint","urlTemplate":"https:\/\/www.celttv.com.ar\/?s={search_term_string}"},"query-input":"required name=search_term_string"}],"inLanguage":"es"},{"@type":"Organization","@id":"https:\/\/www.celttv.com.ar\/#organization","name":"CELTTV","url":"https:\/\/www.celttv.com.ar\/","sameAs":["https:\/\/www.youtube.com\/channel\/UCz_oIt8Hig64Ub-EmcNPIhg","https:\/\/www.facebook.com\/celtTV\/"],"logo":{"@type":"ImageObject","inLanguage":"es","@id":"https:\/\/www.celttv.com.ar\/#\/schema\/logo\/image\/","url":"http:\/\/www.celttv.com.ar\/wp-content\/uploads\/2022\/08\/logo-1.png","contentUrl":"http:\/\/www.celttv.com.ar\/wp-content\/uploads\/2022\/08\/logo-1.png","width":461,"height":159,"caption":"CELTTV"},"image":{"@id":"https:\/\/www.celttv.com.ar\/#\/schema\/logo\/image\/"}},{"@type":"Person","@id":"https:\/\/www.celttv.com.ar\/#\/schema\/person\/6d99c072dba59953809c81446e9d0ace","name":"ulises","image":{"@type":"ImageObject","inLanguage":"es","@id":"https:\/\/www.celttv.com.ar\/#\/schema\/person\/image\/","url":"https:\/\/secure.gravatar.com\/avatar\/7f2c48bdc33b30088f941fb6082e555f2874c98e20cb159d7b92b50eadfce793?s=96&d=mm&r=g","contentUrl":"https:\/\/secure.gravatar.com\/avatar\/7f2c48bdc33b30088f941fb6082e555f2874c98e20cb159d7b92b50eadfce793?s=96&d=mm&r=g","caption":"ulises"},"sameAs":["http:\/\/www.celttv.com.ar"]}]}},"_links":{"self":[{"href":"https:\/\/www.celttv.com.ar\/index.php\/wp-json\/wp\/v2\/posts\/38565","targetHints":{"allow":["GET"]}}],"collection":[{"href":"https:\/\/www.celttv.com.ar\/index.php\/wp-json\/wp\/v2\/posts"}],"about":[{"href":"https:\/\/www.celttv.com.ar\/index.php\/wp-json\/wp\/v2\/types\/post"}],"author":[{"embeddable":true,"href":"https:\/\/www.celttv.com.ar\/index.php\/wp-json\/wp\/v2\/users\/1"}],"replies":[{"embeddable":true,"href":"https:\/\/www.celttv.com.ar\/index.php\/wp-json\/wp\/v2\/comments?post=38565"}],"version-history":[{"count":0,"href":"https:\/\/www.celttv.com.ar\/index.php\/wp-json\/wp\/v2\/posts\/38565\/revisions"}],"wp:featuredmedia":[{"embeddable":true,"href":"https:\/\/www.celttv.com.ar\/index.php\/wp-json\/wp\/v2\/media\/38567"}],"wp:attachment":[{"href":"https:\/\/www.celttv.com.ar\/index.php\/wp-json\/wp\/v2\/media?parent=38565"}],"wp:term":[{"taxonomy":"category","embeddable":true,"href":"https:\/\/www.celttv.com.ar\/index.php\/wp-json\/wp\/v2\/categories?post=38565"},{"taxonomy":"post_tag","embeddable":true,"href":"https:\/\/www.celttv.com.ar\/index.php\/wp-json\/wp\/v2\/tags?post=38565"}],"curies":[{"name":"wp","href":"https:\/\/api.w.org\/{rel}","templated":true}]}}