{"id":38571,"date":"2018-11-19T00:05:11","date_gmt":"2018-11-19T00:05:11","guid":{"rendered":"http:\/\/www.celttv.com.ar\/?p=38571"},"modified":"2018-11-19T00:05:11","modified_gmt":"2018-11-19T00:05:11","slug":"el-verde-hizo-bien-los-deberes","status":"publish","type":"post","link":"https:\/\/www.celttv.com.ar\/index.php\/2018\/11\/19\/el-verde-hizo-bien-los-deberes\/","title":{"rendered":"EL VERDE HIZO BIEN LOS DEBERES"},"content":{"rendered":"<p>Ten\u00eda que ganar para pr\u00e1cticamente no depender de otros resultados y lo hizo. Venci\u00f3 por 3 a 1 a San Mart\u00edn de Santa Trinidad, clasific\u00f3 primero y dej\u00f3 afuera el elenco de la segunda colonia. Abri\u00f3 la cuenta Diego Cuello para la visita pero en el segundo tiempo, Heiland, Correa y Angelini lo dieron vuelta.<br \/>\n\u00daltima fecha. Campeonato cerrado. Los dos con obligaci\u00f3n de ganar. Uni\u00f3n para ir a los cruces de semifinal de zona. San Mart\u00edn para asegurar la clasificaci\u00f3n.<br \/>\nEl santo arranc\u00f3 mejor, manejando el partido frente a un elenco local que empez\u00f3 desconcentrado, medio dormido.<br \/>\nSolo once minutos le cost\u00f3 a la visita abrir el marcador. <strong>Diego Cuello<\/strong> fue a pelear una pelota con Terrugi, la bola qued\u00f3 flotando y con un disparo a colocar, el delantero del santo la colg\u00f3 de un \u00e1ngulo. Un rato antes del gol, hab\u00edan probado Su\u00e1rez y Gaab pero con disparos desviados.<br \/>\nUni\u00f3n sinti\u00f3 la trompada y se despert\u00f3. Con empuje fue arrinconando a su rival y empez\u00f3 a preocupar al arquero Ullman. Correa prob\u00f3 desviado a los 18\u2019 y tres minutos despu\u00e9s, se durmi\u00f3 San Mart\u00edn en un tiro libre que hizo r\u00e1pido Sotelo, dej\u00f3 a Angelini mano a mano y el delantero remat\u00f3 al palo. Minutos despu\u00e9s fue Correa el que pate\u00f3 un tiro libre, sac\u00f3 Ullman y Grassi se la choc\u00f3 y la mando afuera. Uni\u00f3n se hab\u00eda despertado en serio.<br \/>\nPara colmo a los 29\u2019, Correa encara y lo tomaron de todos lados dentro del \u00e1rea. Clar\u00edsimo penal para el verde que Taryano no cobr\u00f3. Ya merec\u00eda el empate.<br \/>\nEn el final probaron Weinbender y Angelini de lejos desviado, y Heiland cabece\u00f3 a las manos de Ullman.<br \/>\nEn el segundo tiempo el comienzo fue al rev\u00e9s que en el primero. Uni\u00f3n arranc\u00f3 despierto y San Mart\u00edn dormido. Por eso al minuto de juego el verde lleg\u00f3 a la igualdad. Correa encara por derecha, tira el centro y <strong>Juan Jos\u00e9 Heiland<\/strong> la empuja para empardar el resultado.<br \/>\nEl Sanma tuvo una a los ocho minutos, con un tiro libre de Balzi que sac\u00f3 Stefanof y unos minutos despu\u00e9s el equipo de Graff dio vuelta el resultado. Dormido San Mart\u00edn dej\u00f3 hacer corto un tiro de esquina, con Correa tocando y yendo a buscar, encar\u00f3 para el centro perfil\u00e1ndose para su pierna h\u00e1bil y sac\u00f3 un zurdazo abajo muy violento que no pudo desviar Ullman. Uni\u00f3n estaba arriba y lo merec\u00eda.<br \/>\nSan Mart\u00edn con un o\u00eddo en la radio sab\u00eda que para clasificar ten\u00eda que llevarse algo y esperar. Fue a buscar y empez\u00f3 a dejar espacios pero tambi\u00e9n pudo complicar a Stefanof.<br \/>\nUna muy clara tuvo el verde cuando Correa gan\u00f3 en velocidad por la izquierda, tir\u00f3 el centro y Angelini de tijera estrell\u00f3 el disparo en el travesa\u00f1o. Uni\u00f3n no lo pod\u00eda liquidar.<br \/>\nGaab prob\u00f3 de lejos exigiendo a Stefanof y Cuello de nuevo a colocar la mand\u00f3 cerca \u00e1ngulo izquierdo del portero del verde.<br \/>\nYa sobre el final, prob\u00f3 de tiro libre Su\u00e1rez y Stefanof la despej\u00f3, y Salazar lo tuvo para liquidar y no pudo.<br \/>\nLa \u00faltima fue para <strong>Esteban Angelini<\/strong> que qued\u00f3 mano a mano y esta vez no fall\u00f3. 3 a 1 para Uni\u00f3n que con los resultados que se dieron clasific\u00f3 primero. San Mart\u00edn borrar\u00e1 el 2018 y comenzar\u00e1 a pensar en el a\u00f1o que viene.<br \/>\n<em>Gustavo Bacci<\/em><br \/>\n<strong>Uni\u00f3n:<\/strong> Juan Manuel Stefanof; Federico Franco, Tom\u00e1s Terrugi, Dylan Kloster, Hern\u00e1n Delgado; Fernando Salazar, \u00c1ngelo Grassi, Lucas Sotelo, Juan Jos\u00e9 Heiland; Joaqu\u00edn Correa, Esteban Angelini. DT: Carlos Graff.<br \/>\n<u>Cambios:<\/u> ST: 13\u2019 Danilo De Sabarte por Grassi, 26\u2019 Cristian Le\u00f3n por Heiland, 31\u2019 Paulo Bauer por Kloster.<br \/>\n<u>Supl:<\/u> Adri\u00e1n Buoncompagni, Juan Loffredo.<br \/>\n<strong>San Mart\u00edn:<\/strong> Mario Ullman; Juli\u00e1n Pizzano, Lucas Bollak, Demetrio Arrieta, Nicol\u00e1s Dietrich; Marcelo Weinbender, Jorge Gaab, Luciano Scambelluri, Ariel Su\u00e1rez; Emanuel Balzi, Diego Cuello. DT: An\u00edbal Arag\u00f3n.<br \/>\n<u>Cambios:<\/u> ST: 2\u2019 Maximiliano Berg por Bollak, 36\u2019Enzo Mart\u00ednez por Arrieta.<br \/>\n<u>Supl:<\/u> Jorge Schenfelt, Nahuel Merkel, Miguel Ferreyra.<br \/>\n<u>Goles:<\/u> PT: 11\u2019 Diego Cuello (SM). ST: 1\u2019 Juan Heiland (U), 11\u2019 Joaqu\u00edn Correa (U), 46\u2019 Esteban Angelini (U).<br \/>\n<u>\u00c1rbitro:<\/u> Sergio Taryano (5)<br \/>\n<u>Cancha:<\/u> Estadio Juan Jos\u00e9 Bolletta<br \/>\n<u>Reserva:<\/u> Uni\u00f3n 4 &#8211; San Mart\u00edn 0<br \/>\n<a href=\"https:\/\/www.facebook.com\/pg\/solofutbolcanal2\/photos\/?tab=album&amp;album_id=943987372477120\" target=\"_blank\" rel=\"noopener\">\u00c1lbum de Fotos: Solo F\u00fatbol<\/a><br \/>\n<a href=\"http:\/\/www.celttv.com.ar\/?attachment_id=38573\" rel=\"attachment wp-att-38573\"><img loading=\"lazy\" decoding=\"async\" class=\"alignleft size-medium wp-image-38573\" src=\"http:\/\/www.celttv.com.ar\/wp-content\/uploads\/2018\/11\/DSC_0444-780x520.jpg\" alt=\"\" width=\"780\" height=\"520\" \/><\/a> <a href=\"http:\/\/www.celttv.com.ar\/?attachment_id=38574\" rel=\"attachment wp-att-38574\"><img loading=\"lazy\" decoding=\"async\" class=\"alignleft size-medium wp-image-38574\" src=\"http:\/\/www.celttv.com.ar\/wp-content\/uploads\/2018\/11\/DSC_0458-780x520.jpg\" alt=\"\" width=\"780\" height=\"520\" \/><\/a> <a href=\"http:\/\/www.celttv.com.ar\/?attachment_id=38575\" rel=\"attachment wp-att-38575\"><img loading=\"lazy\" decoding=\"async\" class=\"alignleft size-medium wp-image-38575\" src=\"http:\/\/www.celttv.com.ar\/wp-content\/uploads\/2018\/11\/DSC_0467-780x520.jpg\" alt=\"\" width=\"780\" height=\"520\" \/><\/a><\/p>\n","protected":false},"excerpt":{"rendered":"<p>Ten\u00eda que ganar para pr\u00e1cticamente no depender de otros resultados y lo hizo. Venci\u00f3 por 3 a 1 a San Mart\u00edn de Santa Trinidad, clasific\u00f3 primero y dej\u00f3 afuera el elenco de la segunda colonia. Abri\u00f3 la cuenta Diego Cuello para la visita pero en el segundo tiempo, Heiland, Correa y Angelini lo dieron vuelta. [&hellip;]<\/p>\n","protected":false},"author":1,"featured_media":38572,"comment_status":"closed","ping_status":"open","sticky":false,"template":"","format":"standard","meta":{"footnotes":""},"categories":[60,52,76],"tags":[],"class_list":["post-38571","post","type-post","status-publish","format-standard","has-post-thumbnail","hentry","category-deporte","category-destacadas","category-solo-futbol"],"yoast_head":"<!-- This site is optimized with the Yoast SEO plugin v19.7.1 - https:\/\/yoast.com\/wordpress\/plugins\/seo\/ -->\n<title>EL VERDE HIZO BIEN LOS DEBERES - CELTTV<\/title>\n<meta name=\"description\" content=\"Sitio web de noticias de la localidad de Tornquist, provincia de Buenos Aires, Rep\u00fablica Argentina. Contenido propio originado por periodistas de CELTTV, el canal de TV local de la Cooperativa El\u00e9ctrica de Tornquist. Turismo, Pol\u00edtica, Sociedad, Deporte, Cultura y todo el contenido de inter\u00e9s general que la gente del pueblo y la regi\u00f3n debe conocer.\" \/>\n<meta name=\"robots\" content=\"index, follow, max-snippet:-1, max-image-preview:large, max-video-preview:-1\" \/>\n<link rel=\"canonical\" href=\"https:\/\/www.celttv.com.ar\/index.php\/2018\/11\/19\/el-verde-hizo-bien-los-deberes\/\" \/>\n<meta property=\"og:locale\" content=\"es_ES\" \/>\n<meta property=\"og:type\" content=\"article\" \/>\n<meta property=\"og:title\" content=\"EL VERDE HIZO BIEN LOS DEBERES - CELTTV\" \/>\n<meta property=\"og:description\" content=\"Sitio web de noticias de la localidad de Tornquist, provincia de Buenos Aires, Rep\u00fablica Argentina. Contenido propio originado por periodistas de CELTTV, el canal de TV local de la Cooperativa El\u00e9ctrica de Tornquist. Turismo, Pol\u00edtica, Sociedad, Deporte, Cultura y todo el contenido de inter\u00e9s general que la gente del pueblo y la regi\u00f3n debe conocer.\" \/>\n<meta property=\"og:url\" content=\"https:\/\/www.celttv.com.ar\/index.php\/2018\/11\/19\/el-verde-hizo-bien-los-deberes\/\" \/>\n<meta property=\"og:site_name\" content=\"CELTTV\" \/>\n<meta property=\"article:publisher\" content=\"https:\/\/www.facebook.com\/celtTV\/\" \/>\n<meta property=\"article:published_time\" content=\"2018-11-19T00:05:11+00:00\" \/>\n<meta property=\"og:image\" content=\"https:\/\/www.celttv.com.ar\/wp-content\/uploads\/2018\/11\/DSC_0466.jpg\" \/>\n\t<meta property=\"og:image:width\" content=\"960\" \/>\n\t<meta property=\"og:image:height\" content=\"640\" \/>\n\t<meta property=\"og:image:type\" content=\"image\/jpeg\" \/>\n<meta name=\"author\" content=\"ulises\" \/>\n<meta name=\"twitter:card\" content=\"summary_large_image\" \/>\n<meta name=\"twitter:label1\" content=\"Escrito por\" \/>\n\t<meta name=\"twitter:data1\" content=\"ulises\" \/>\n\t<meta name=\"twitter:label2\" content=\"Tiempo de lectura\" \/>\n\t<meta name=\"twitter:data2\" content=\"4 minutos\" \/>\n<script type=\"application\/ld+json\" class=\"yoast-schema-graph\">{\"@context\":\"https:\/\/schema.org\",\"@graph\":[{\"@type\":\"NewsArticle\",\"@id\":\"https:\/\/www.celttv.com.ar\/index.php\/2018\/11\/19\/el-verde-hizo-bien-los-deberes\/#article\",\"isPartOf\":{\"@id\":\"https:\/\/www.celttv.com.ar\/index.php\/2018\/11\/19\/el-verde-hizo-bien-los-deberes\/\"},\"author\":{\"name\":\"ulises\",\"@id\":\"https:\/\/www.celttv.com.ar\/#\/schema\/person\/6d99c072dba59953809c81446e9d0ace\"},\"headline\":\"EL VERDE HIZO BIEN LOS DEBERES\",\"datePublished\":\"2018-11-19T00:05:11+00:00\",\"dateModified\":\"2018-11-19T00:05:11+00:00\",\"mainEntityOfPage\":{\"@id\":\"https:\/\/www.celttv.com.ar\/index.php\/2018\/11\/19\/el-verde-hizo-bien-los-deberes\/\"},\"wordCount\":736,\"publisher\":{\"@id\":\"https:\/\/www.celttv.com.ar\/#organization\"},\"articleSection\":[\"Deporte\",\"Destacadas\",\"Solo Futbol\"],\"inLanguage\":\"es\"},{\"@type\":\"WebPage\",\"@id\":\"https:\/\/www.celttv.com.ar\/index.php\/2018\/11\/19\/el-verde-hizo-bien-los-deberes\/\",\"url\":\"https:\/\/www.celttv.com.ar\/index.php\/2018\/11\/19\/el-verde-hizo-bien-los-deberes\/\",\"name\":\"EL VERDE HIZO BIEN LOS DEBERES - CELTTV\",\"isPartOf\":{\"@id\":\"https:\/\/www.celttv.com.ar\/#website\"},\"datePublished\":\"2018-11-19T00:05:11+00:00\",\"dateModified\":\"2018-11-19T00:05:11+00:00\",\"description\":\"Sitio web de noticias de la localidad de Tornquist, provincia de Buenos Aires, Rep\u00fablica Argentina. Contenido propio originado por periodistas de CELTTV, el canal de TV local de la Cooperativa El\u00e9ctrica de Tornquist. Turismo, Pol\u00edtica, Sociedad, Deporte, Cultura y todo el contenido de inter\u00e9s general que la gente del pueblo y la regi\u00f3n debe conocer.\",\"breadcrumb\":{\"@id\":\"https:\/\/www.celttv.com.ar\/index.php\/2018\/11\/19\/el-verde-hizo-bien-los-deberes\/#breadcrumb\"},\"inLanguage\":\"es\",\"potentialAction\":[{\"@type\":\"ReadAction\",\"target\":[\"https:\/\/www.celttv.com.ar\/index.php\/2018\/11\/19\/el-verde-hizo-bien-los-deberes\/\"]}]},{\"@type\":\"BreadcrumbList\",\"@id\":\"https:\/\/www.celttv.com.ar\/index.php\/2018\/11\/19\/el-verde-hizo-bien-los-deberes\/#breadcrumb\",\"itemListElement\":[{\"@type\":\"ListItem\",\"position\":1,\"name\":\"Inicio\",\"item\":\"https:\/\/www.celttv.com.ar\/\"},{\"@type\":\"ListItem\",\"position\":2,\"name\":\"EL VERDE HIZO BIEN LOS DEBERES\"}]},{\"@type\":\"WebSite\",\"@id\":\"https:\/\/www.celttv.com.ar\/#website\",\"url\":\"https:\/\/www.celttv.com.ar\/\",\"name\":\"CELTTV\",\"description\":\"Cooperativa El\u00e9ctrica de Tornquist\",\"publisher\":{\"@id\":\"https:\/\/www.celttv.com.ar\/#organization\"},\"potentialAction\":[{\"@type\":\"SearchAction\",\"target\":{\"@type\":\"EntryPoint\",\"urlTemplate\":\"https:\/\/www.celttv.com.ar\/?s={search_term_string}\"},\"query-input\":\"required name=search_term_string\"}],\"inLanguage\":\"es\"},{\"@type\":\"Organization\",\"@id\":\"https:\/\/www.celttv.com.ar\/#organization\",\"name\":\"CELTTV\",\"url\":\"https:\/\/www.celttv.com.ar\/\",\"sameAs\":[\"https:\/\/www.youtube.com\/channel\/UCz_oIt8Hig64Ub-EmcNPIhg\",\"https:\/\/www.facebook.com\/celtTV\/\"],\"logo\":{\"@type\":\"ImageObject\",\"inLanguage\":\"es\",\"@id\":\"https:\/\/www.celttv.com.ar\/#\/schema\/logo\/image\/\",\"url\":\"http:\/\/www.celttv.com.ar\/wp-content\/uploads\/2022\/08\/logo-1.png\",\"contentUrl\":\"http:\/\/www.celttv.com.ar\/wp-content\/uploads\/2022\/08\/logo-1.png\",\"width\":461,\"height\":159,\"caption\":\"CELTTV\"},\"image\":{\"@id\":\"https:\/\/www.celttv.com.ar\/#\/schema\/logo\/image\/\"}},{\"@type\":\"Person\",\"@id\":\"https:\/\/www.celttv.com.ar\/#\/schema\/person\/6d99c072dba59953809c81446e9d0ace\",\"name\":\"ulises\",\"image\":{\"@type\":\"ImageObject\",\"inLanguage\":\"es\",\"@id\":\"https:\/\/www.celttv.com.ar\/#\/schema\/person\/image\/\",\"url\":\"https:\/\/secure.gravatar.com\/avatar\/7f2c48bdc33b30088f941fb6082e555f2874c98e20cb159d7b92b50eadfce793?s=96&d=mm&r=g\",\"contentUrl\":\"https:\/\/secure.gravatar.com\/avatar\/7f2c48bdc33b30088f941fb6082e555f2874c98e20cb159d7b92b50eadfce793?s=96&d=mm&r=g\",\"caption\":\"ulises\"},\"sameAs\":[\"http:\/\/www.celttv.com.ar\"]}]}<\/script>\n<!-- \/ Yoast SEO plugin. -->","yoast_head_json":{"title":"EL VERDE HIZO BIEN LOS DEBERES - CELTTV","description":"Sitio web de noticias de la localidad de Tornquist, provincia de Buenos Aires, Rep\u00fablica Argentina. Contenido propio originado por periodistas de CELTTV, el canal de TV local de la Cooperativa El\u00e9ctrica de Tornquist. Turismo, Pol\u00edtica, Sociedad, Deporte, Cultura y todo el contenido de inter\u00e9s general que la gente del pueblo y la regi\u00f3n debe conocer.","robots":{"index":"index","follow":"follow","max-snippet":"max-snippet:-1","max-image-preview":"max-image-preview:large","max-video-preview":"max-video-preview:-1"},"canonical":"https:\/\/www.celttv.com.ar\/index.php\/2018\/11\/19\/el-verde-hizo-bien-los-deberes\/","og_locale":"es_ES","og_type":"article","og_title":"EL VERDE HIZO BIEN LOS DEBERES - CELTTV","og_description":"Sitio web de noticias de la localidad de Tornquist, provincia de Buenos Aires, Rep\u00fablica Argentina. Contenido propio originado por periodistas de CELTTV, el canal de TV local de la Cooperativa El\u00e9ctrica de Tornquist. Turismo, Pol\u00edtica, Sociedad, Deporte, Cultura y todo el contenido de inter\u00e9s general que la gente del pueblo y la regi\u00f3n debe conocer.","og_url":"https:\/\/www.celttv.com.ar\/index.php\/2018\/11\/19\/el-verde-hizo-bien-los-deberes\/","og_site_name":"CELTTV","article_publisher":"https:\/\/www.facebook.com\/celtTV\/","article_published_time":"2018-11-19T00:05:11+00:00","og_image":[{"width":960,"height":640,"url":"https:\/\/www.celttv.com.ar\/wp-content\/uploads\/2018\/11\/DSC_0466.jpg","type":"image\/jpeg"}],"author":"ulises","twitter_card":"summary_large_image","twitter_misc":{"Escrito por":"ulises","Tiempo de lectura":"4 minutos"},"schema":{"@context":"https:\/\/schema.org","@graph":[{"@type":"NewsArticle","@id":"https:\/\/www.celttv.com.ar\/index.php\/2018\/11\/19\/el-verde-hizo-bien-los-deberes\/#article","isPartOf":{"@id":"https:\/\/www.celttv.com.ar\/index.php\/2018\/11\/19\/el-verde-hizo-bien-los-deberes\/"},"author":{"name":"ulises","@id":"https:\/\/www.celttv.com.ar\/#\/schema\/person\/6d99c072dba59953809c81446e9d0ace"},"headline":"EL VERDE HIZO BIEN LOS DEBERES","datePublished":"2018-11-19T00:05:11+00:00","dateModified":"2018-11-19T00:05:11+00:00","mainEntityOfPage":{"@id":"https:\/\/www.celttv.com.ar\/index.php\/2018\/11\/19\/el-verde-hizo-bien-los-deberes\/"},"wordCount":736,"publisher":{"@id":"https:\/\/www.celttv.com.ar\/#organization"},"articleSection":["Deporte","Destacadas","Solo Futbol"],"inLanguage":"es"},{"@type":"WebPage","@id":"https:\/\/www.celttv.com.ar\/index.php\/2018\/11\/19\/el-verde-hizo-bien-los-deberes\/","url":"https:\/\/www.celttv.com.ar\/index.php\/2018\/11\/19\/el-verde-hizo-bien-los-deberes\/","name":"EL VERDE HIZO BIEN LOS DEBERES - CELTTV","isPartOf":{"@id":"https:\/\/www.celttv.com.ar\/#website"},"datePublished":"2018-11-19T00:05:11+00:00","dateModified":"2018-11-19T00:05:11+00:00","description":"Sitio web de noticias de la localidad de Tornquist, provincia de Buenos Aires, Rep\u00fablica Argentina. Contenido propio originado por periodistas de CELTTV, el canal de TV local de la Cooperativa El\u00e9ctrica de Tornquist. Turismo, Pol\u00edtica, Sociedad, Deporte, Cultura y todo el contenido de inter\u00e9s general que la gente del pueblo y la regi\u00f3n debe conocer.","breadcrumb":{"@id":"https:\/\/www.celttv.com.ar\/index.php\/2018\/11\/19\/el-verde-hizo-bien-los-deberes\/#breadcrumb"},"inLanguage":"es","potentialAction":[{"@type":"ReadAction","target":["https:\/\/www.celttv.com.ar\/index.php\/2018\/11\/19\/el-verde-hizo-bien-los-deberes\/"]}]},{"@type":"BreadcrumbList","@id":"https:\/\/www.celttv.com.ar\/index.php\/2018\/11\/19\/el-verde-hizo-bien-los-deberes\/#breadcrumb","itemListElement":[{"@type":"ListItem","position":1,"name":"Inicio","item":"https:\/\/www.celttv.com.ar\/"},{"@type":"ListItem","position":2,"name":"EL VERDE HIZO BIEN LOS DEBERES"}]},{"@type":"WebSite","@id":"https:\/\/www.celttv.com.ar\/#website","url":"https:\/\/www.celttv.com.ar\/","name":"CELTTV","description":"Cooperativa El\u00e9ctrica de Tornquist","publisher":{"@id":"https:\/\/www.celttv.com.ar\/#organization"},"potentialAction":[{"@type":"SearchAction","target":{"@type":"EntryPoint","urlTemplate":"https:\/\/www.celttv.com.ar\/?s={search_term_string}"},"query-input":"required name=search_term_string"}],"inLanguage":"es"},{"@type":"Organization","@id":"https:\/\/www.celttv.com.ar\/#organization","name":"CELTTV","url":"https:\/\/www.celttv.com.ar\/","sameAs":["https:\/\/www.youtube.com\/channel\/UCz_oIt8Hig64Ub-EmcNPIhg","https:\/\/www.facebook.com\/celtTV\/"],"logo":{"@type":"ImageObject","inLanguage":"es","@id":"https:\/\/www.celttv.com.ar\/#\/schema\/logo\/image\/","url":"http:\/\/www.celttv.com.ar\/wp-content\/uploads\/2022\/08\/logo-1.png","contentUrl":"http:\/\/www.celttv.com.ar\/wp-content\/uploads\/2022\/08\/logo-1.png","width":461,"height":159,"caption":"CELTTV"},"image":{"@id":"https:\/\/www.celttv.com.ar\/#\/schema\/logo\/image\/"}},{"@type":"Person","@id":"https:\/\/www.celttv.com.ar\/#\/schema\/person\/6d99c072dba59953809c81446e9d0ace","name":"ulises","image":{"@type":"ImageObject","inLanguage":"es","@id":"https:\/\/www.celttv.com.ar\/#\/schema\/person\/image\/","url":"https:\/\/secure.gravatar.com\/avatar\/7f2c48bdc33b30088f941fb6082e555f2874c98e20cb159d7b92b50eadfce793?s=96&d=mm&r=g","contentUrl":"https:\/\/secure.gravatar.com\/avatar\/7f2c48bdc33b30088f941fb6082e555f2874c98e20cb159d7b92b50eadfce793?s=96&d=mm&r=g","caption":"ulises"},"sameAs":["http:\/\/www.celttv.com.ar"]}]}},"_links":{"self":[{"href":"https:\/\/www.celttv.com.ar\/index.php\/wp-json\/wp\/v2\/posts\/38571","targetHints":{"allow":["GET"]}}],"collection":[{"href":"https:\/\/www.celttv.com.ar\/index.php\/wp-json\/wp\/v2\/posts"}],"about":[{"href":"https:\/\/www.celttv.com.ar\/index.php\/wp-json\/wp\/v2\/types\/post"}],"author":[{"embeddable":true,"href":"https:\/\/www.celttv.com.ar\/index.php\/wp-json\/wp\/v2\/users\/1"}],"replies":[{"embeddable":true,"href":"https:\/\/www.celttv.com.ar\/index.php\/wp-json\/wp\/v2\/comments?post=38571"}],"version-history":[{"count":0,"href":"https:\/\/www.celttv.com.ar\/index.php\/wp-json\/wp\/v2\/posts\/38571\/revisions"}],"wp:featuredmedia":[{"embeddable":true,"href":"https:\/\/www.celttv.com.ar\/index.php\/wp-json\/wp\/v2\/media\/38572"}],"wp:attachment":[{"href":"https:\/\/www.celttv.com.ar\/index.php\/wp-json\/wp\/v2\/media?parent=38571"}],"wp:term":[{"taxonomy":"category","embeddable":true,"href":"https:\/\/www.celttv.com.ar\/index.php\/wp-json\/wp\/v2\/categories?post=38571"},{"taxonomy":"post_tag","embeddable":true,"href":"https:\/\/www.celttv.com.ar\/index.php\/wp-json\/wp\/v2\/tags?post=38571"}],"curies":[{"name":"wp","href":"https:\/\/api.w.org\/{rel}","templated":true}]}}