{"id":38579,"date":"2018-11-20T13:38:23","date_gmt":"2018-11-20T13:38:23","guid":{"rendered":"http:\/\/www.celttv.com.ar\/?p=38579"},"modified":"2018-11-20T13:38:23","modified_gmt":"2018-11-20T13:38:23","slug":"barrio-union-rc-se-quedo-con-el-1o-torneo-regional-de-futbol-del-club-union-fotos-y-proximamente-videos","status":"publish","type":"post","link":"https:\/\/www.celttv.com.ar\/index.php\/2018\/11\/20\/barrio-union-rc-se-quedo-con-el-1o-torneo-regional-de-futbol-del-club-union-fotos-y-proximamente-videos\/","title":{"rendered":"Barrio Uni\u00f3n (RC) se qued\u00f3 con el 1\u00ba Torneo Regional de F\u00fatbol del Club Uni\u00f3n (Fotos y pr\u00f3ximamente videos)"},"content":{"rendered":"<p>Barrio Uni\u00f3n de R\u00edo Colorado fue el campe\u00f3n del 1\u00ba Torneo Regional de F\u00fatbol categor\u00eda 2003 realizado por el Club Uni\u00f3n de Tornquist el \u00faltimo fin de semana en su predio deportivo.<br \/>\nAdem\u00e1s del elenco triunfador, del certamen fueron parte Automoto de Tornquist, Pac\u00edfico de Cabildo y el anfitri\u00f3n. Villa Uni\u00f3n de Choele Choel y Deportivo Darwin finalmente no participaron por inconvenientes con el transporte, lo que oblig\u00f3 a modificar la programaci\u00f3n.<br \/>\n<strong>\u00a0<\/strong><br \/>\n<strong>PARTIDOS<\/strong><br \/>\nSABADO 17<br \/>\n<strong>Fecha 1<\/strong> (por lluvia se traslad\u00f3 a la cancha de c\u00e9sped sint\u00e9tico)<br \/>\nClub Barrio Uni\u00f3n (RC) 7 \u2013 Uni\u00f3n de Tornquist\u00a0 5<br \/>\nPacifico de Cabildo 5 \u2013 Automoto 1<br \/>\n<strong>\u00a0<\/strong><br \/>\n<strong>Fecha 2<\/strong> (J.J. Bolletta)<br \/>\nUni\u00f3n de Tornquist 2 \u2013 Automoto 1<br \/>\nPacifico de Cabildo 2 \u2013 Club Barrio Uni\u00f3n (RC) 3<br \/>\n&nbsp;<br \/>\nDOMINGO 18<br \/>\n<strong>Fecha 3<\/strong> (J.J. Bolletta)<br \/>\nAutomoto CD. 1 \u2013 Club Barrio Uni\u00f3n (RC) 1<br \/>\nPacifico de Cabildo 1 \u2013 Uni\u00f3n de Tornquist 3<br \/>\n&nbsp;<br \/>\n<strong>POSICIONES FINALES<\/strong><br \/>\n1\u00ba: Barrio Uni\u00f3n de Rio Colorado\u00a0 7 puntos<br \/>\n2\u00ba: Uni\u00f3n de Tornquist\u00a0\u00a0\u00a0\u00a0\u00a0\u00a0\u00a0\u00a0\u00a0\u00a0\u00a0\u00a0\u00a0\u00a0\u00a0\u00a0\u00a0\u00a0\u00a0 6 puntos<br \/>\n3\u00ba: CA. Pacifico de Cabildo\u00a0\u00a0\u00a0\u00a0\u00a0\u00a0\u00a0\u00a0\u00a0\u00a0 \u00a0\u00a0\u00a03 puntos<br \/>\n4\u00ba Automoto de Tornquist\u00a0\u00a0\u00a0\u00a0\u00a0\u00a0\u00a0\u00a0\u00a0\u00a0\u00a0 \u00a0\u00a01 punto<br \/>\n&nbsp;<br \/>\n<strong>GOLEADOR:<\/strong> Yaquin Sabugo (Club Barrio Uni\u00f3n de Rio Colorado) &#8211; 4 goles<br \/>\n<strong>VALLA MENOS VENCIDA:<\/strong> Pacifico de Cabildo &#8211; 7 goles en contra<br \/>\n<strong>ARBITROS<\/strong>: Asociaci\u00f3n Bahiense de \u00c1rbitros<br \/>\n&nbsp;<br \/>\nDurante las dos jornadas, desde la organizaci\u00f3n se les brind\u00f3 alojamiento y servicio de comida a las delegaciones de R\u00edo Colorado y Cabildo. La conformidad y felicitaci\u00f3n de los clubes participantes alientan a pensar en futuras ediciones del torneo.<br \/>\n&nbsp;<br \/>\n<strong>AGRADECIMIENTOS<\/strong><br \/>\n-A los clubes participantes (jugadores, cuerpos t\u00e9cnicos y coordinadores) por su presencia.<br \/>\n-A\u00a0 todos jugadores de la Instituci\u00f3n que siempre estuvieron con la mayor predisposici\u00f3n para participar.<br \/>\n-Al cuerpo t\u00e9cnico de las Categor\u00edas formativas: Sergio Storm, Juan I. Dello Russo y Mauricio Albanesi.<br \/>\n-A la Comisi\u00f3n Directiva que dio total libertad para la organizaci\u00f3n del\u00a0 evento<br \/>\n-Ana Castro, Branko De Sabarte y Mirta Serieys por su trabajo en los dormis<br \/>\n-Al\u00a0 Sr. Arecio Minujin que facilit\u00f3 las instalaciones del \u201cEl Pinar\u201d para el alojamiento de las delegaciones.<br \/>\n-A los\u00a0 que colaboraron a trav\u00e9s de donaciones.<br \/>\n-A los sponsor del torneo: Forrajer\u00eda Instinto Animal, Cacique F\u00fatbol 5, Almac\u00e9n Rawson, Electrotec, Distribuidora Vallejos, La Tienda del le\u00f3n de Juda, Enchufe Blanco Desing<br \/>\n-A Jos\u00e9 Salika y Eugenia Moroncini, que dieron alojamiento a los \u00e1rbitros<br \/>\nY un agradecimiento muy especial a los padres de los chicos que trabajaron incansablemente en la previa y durante los dos d\u00edas en el servicio de comidas: Familias Morales, Castro, Dufaur, Cavallotti, Piedrabuena, Aguado, Marconi y Nicoli.<br \/>\n<em>\u00a0<a href=\"http:\/\/www.celttv.com.ar\/?attachment_id=38580\" rel=\"attachment wp-att-38580\"><img loading=\"lazy\" decoding=\"async\" class=\"alignleft size-medium wp-image-38580\" src=\"http:\/\/www.celttv.com.ar\/wp-content\/uploads\/2018\/11\/DSC_8171-780x512.jpg\" alt=\"\" width=\"780\" height=\"512\" \/><\/a> <a href=\"http:\/\/www.celttv.com.ar\/?attachment_id=38582\" rel=\"attachment wp-att-38582\"><img loading=\"lazy\" decoding=\"async\" class=\"alignleft size-medium wp-image-38582\" src=\"http:\/\/www.celttv.com.ar\/wp-content\/uploads\/2018\/11\/DSC_8238-780x493.jpg\" alt=\"\" width=\"780\" height=\"493\" \/><\/a> <a href=\"http:\/\/www.celttv.com.ar\/?attachment_id=38583\" rel=\"attachment wp-att-38583\"><img loading=\"lazy\" decoding=\"async\" class=\"alignleft size-medium wp-image-38583\" src=\"http:\/\/www.celttv.com.ar\/wp-content\/uploads\/2018\/11\/DSC_8244-780x560.jpg\" alt=\"\" width=\"780\" height=\"560\" \/><\/a><\/em><\/p>\n","protected":false},"excerpt":{"rendered":"<p>Barrio Uni\u00f3n de R\u00edo Colorado fue el campe\u00f3n del 1\u00ba Torneo Regional de F\u00fatbol categor\u00eda 2003 realizado por el Club Uni\u00f3n de Tornquist el \u00faltimo fin de semana en su predio deportivo. Adem\u00e1s del elenco triunfador, del certamen fueron parte Automoto de Tornquist, Pac\u00edfico de Cabildo y el anfitri\u00f3n. Villa Uni\u00f3n de Choele Choel y [&hellip;]<\/p>\n","protected":false},"author":1,"featured_media":38581,"comment_status":"closed","ping_status":"open","sticky":false,"template":"","format":"standard","meta":{"footnotes":""},"categories":[55,60,63],"tags":[],"class_list":["post-38579","post","type-post","status-publish","format-standard","has-post-thumbnail","hentry","category-celt-tv-noticias","category-deporte","category-magazine-sport"],"yoast_head":"<!-- This site is optimized with the Yoast SEO plugin v19.7.1 - https:\/\/yoast.com\/wordpress\/plugins\/seo\/ -->\n<title>Barrio Uni\u00f3n (RC) se qued\u00f3 con el 1\u00ba Torneo Regional de F\u00fatbol del Club Uni\u00f3n (Fotos y pr\u00f3ximamente videos) - CELTTV<\/title>\n<meta name=\"description\" content=\"Sitio web de noticias de la localidad de Tornquist, provincia de Buenos Aires, Rep\u00fablica Argentina. Contenido propio originado por periodistas de CELTTV, el canal de TV local de la Cooperativa El\u00e9ctrica de Tornquist. Turismo, Pol\u00edtica, Sociedad, Deporte, Cultura y todo el contenido de inter\u00e9s general que la gente del pueblo y la regi\u00f3n debe conocer.\" \/>\n<meta name=\"robots\" content=\"index, follow, max-snippet:-1, max-image-preview:large, max-video-preview:-1\" \/>\n<link rel=\"canonical\" href=\"https:\/\/www.celttv.com.ar\/index.php\/2018\/11\/20\/barrio-union-rc-se-quedo-con-el-1o-torneo-regional-de-futbol-del-club-union-fotos-y-proximamente-videos\/\" \/>\n<meta property=\"og:locale\" content=\"es_ES\" \/>\n<meta property=\"og:type\" content=\"article\" \/>\n<meta property=\"og:title\" content=\"Barrio Uni\u00f3n (RC) se qued\u00f3 con el 1\u00ba Torneo Regional de F\u00fatbol del Club Uni\u00f3n (Fotos y pr\u00f3ximamente videos) - CELTTV\" \/>\n<meta property=\"og:description\" content=\"Sitio web de noticias de la localidad de Tornquist, provincia de Buenos Aires, Rep\u00fablica Argentina. Contenido propio originado por periodistas de CELTTV, el canal de TV local de la Cooperativa El\u00e9ctrica de Tornquist. Turismo, Pol\u00edtica, Sociedad, Deporte, Cultura y todo el contenido de inter\u00e9s general que la gente del pueblo y la regi\u00f3n debe conocer.\" \/>\n<meta property=\"og:url\" content=\"https:\/\/www.celttv.com.ar\/index.php\/2018\/11\/20\/barrio-union-rc-se-quedo-con-el-1o-torneo-regional-de-futbol-del-club-union-fotos-y-proximamente-videos\/\" \/>\n<meta property=\"og:site_name\" content=\"CELTTV\" \/>\n<meta property=\"article:publisher\" content=\"https:\/\/www.facebook.com\/celtTV\/\" \/>\n<meta property=\"article:published_time\" content=\"2018-11-20T13:38:23+00:00\" \/>\n<meta property=\"og:image\" content=\"https:\/\/www.celttv.com.ar\/wp-content\/uploads\/2018\/11\/DSC_8185.jpg\" \/>\n\t<meta property=\"og:image:width\" content=\"1200\" \/>\n\t<meta property=\"og:image:height\" content=\"637\" \/>\n\t<meta property=\"og:image:type\" content=\"image\/jpeg\" \/>\n<meta name=\"author\" content=\"ulises\" \/>\n<meta name=\"twitter:card\" content=\"summary_large_image\" \/>\n<meta name=\"twitter:label1\" content=\"Escrito por\" \/>\n\t<meta name=\"twitter:data1\" content=\"ulises\" \/>\n\t<meta name=\"twitter:label2\" content=\"Tiempo de lectura\" \/>\n\t<meta name=\"twitter:data2\" content=\"2 minutos\" \/>\n<script type=\"application\/ld+json\" class=\"yoast-schema-graph\">{\"@context\":\"https:\/\/schema.org\",\"@graph\":[{\"@type\":\"NewsArticle\",\"@id\":\"https:\/\/www.celttv.com.ar\/index.php\/2018\/11\/20\/barrio-union-rc-se-quedo-con-el-1o-torneo-regional-de-futbol-del-club-union-fotos-y-proximamente-videos\/#article\",\"isPartOf\":{\"@id\":\"https:\/\/www.celttv.com.ar\/index.php\/2018\/11\/20\/barrio-union-rc-se-quedo-con-el-1o-torneo-regional-de-futbol-del-club-union-fotos-y-proximamente-videos\/\"},\"author\":{\"name\":\"ulises\",\"@id\":\"https:\/\/www.celttv.com.ar\/#\/schema\/person\/6d99c072dba59953809c81446e9d0ace\"},\"headline\":\"Barrio Uni\u00f3n (RC) se qued\u00f3 con el 1\u00ba Torneo Regional de F\u00fatbol del Club Uni\u00f3n (Fotos y pr\u00f3ximamente videos)\",\"datePublished\":\"2018-11-20T13:38:23+00:00\",\"dateModified\":\"2018-11-20T13:38:23+00:00\",\"mainEntityOfPage\":{\"@id\":\"https:\/\/www.celttv.com.ar\/index.php\/2018\/11\/20\/barrio-union-rc-se-quedo-con-el-1o-torneo-regional-de-futbol-del-club-union-fotos-y-proximamente-videos\/\"},\"wordCount\":447,\"publisher\":{\"@id\":\"https:\/\/www.celttv.com.ar\/#organization\"},\"articleSection\":[\"Celt TV Noticias\",\"Deporte\",\"Magazine Sport\"],\"inLanguage\":\"es\"},{\"@type\":\"WebPage\",\"@id\":\"https:\/\/www.celttv.com.ar\/index.php\/2018\/11\/20\/barrio-union-rc-se-quedo-con-el-1o-torneo-regional-de-futbol-del-club-union-fotos-y-proximamente-videos\/\",\"url\":\"https:\/\/www.celttv.com.ar\/index.php\/2018\/11\/20\/barrio-union-rc-se-quedo-con-el-1o-torneo-regional-de-futbol-del-club-union-fotos-y-proximamente-videos\/\",\"name\":\"Barrio Uni\u00f3n (RC) se qued\u00f3 con el 1\u00ba Torneo Regional de F\u00fatbol del Club Uni\u00f3n (Fotos y pr\u00f3ximamente videos) - CELTTV\",\"isPartOf\":{\"@id\":\"https:\/\/www.celttv.com.ar\/#website\"},\"datePublished\":\"2018-11-20T13:38:23+00:00\",\"dateModified\":\"2018-11-20T13:38:23+00:00\",\"description\":\"Sitio web de noticias de la localidad de Tornquist, provincia de Buenos Aires, Rep\u00fablica Argentina. Contenido propio originado por periodistas de CELTTV, el canal de TV local de la Cooperativa El\u00e9ctrica de Tornquist. Turismo, Pol\u00edtica, Sociedad, Deporte, Cultura y todo el contenido de inter\u00e9s general que la gente del pueblo y la regi\u00f3n debe conocer.\",\"breadcrumb\":{\"@id\":\"https:\/\/www.celttv.com.ar\/index.php\/2018\/11\/20\/barrio-union-rc-se-quedo-con-el-1o-torneo-regional-de-futbol-del-club-union-fotos-y-proximamente-videos\/#breadcrumb\"},\"inLanguage\":\"es\",\"potentialAction\":[{\"@type\":\"ReadAction\",\"target\":[\"https:\/\/www.celttv.com.ar\/index.php\/2018\/11\/20\/barrio-union-rc-se-quedo-con-el-1o-torneo-regional-de-futbol-del-club-union-fotos-y-proximamente-videos\/\"]}]},{\"@type\":\"BreadcrumbList\",\"@id\":\"https:\/\/www.celttv.com.ar\/index.php\/2018\/11\/20\/barrio-union-rc-se-quedo-con-el-1o-torneo-regional-de-futbol-del-club-union-fotos-y-proximamente-videos\/#breadcrumb\",\"itemListElement\":[{\"@type\":\"ListItem\",\"position\":1,\"name\":\"Inicio\",\"item\":\"https:\/\/www.celttv.com.ar\/\"},{\"@type\":\"ListItem\",\"position\":2,\"name\":\"Barrio Uni\u00f3n (RC) se qued\u00f3 con el 1\u00ba Torneo Regional de F\u00fatbol del Club Uni\u00f3n (Fotos y pr\u00f3ximamente videos)\"}]},{\"@type\":\"WebSite\",\"@id\":\"https:\/\/www.celttv.com.ar\/#website\",\"url\":\"https:\/\/www.celttv.com.ar\/\",\"name\":\"CELTTV\",\"description\":\"Cooperativa El\u00e9ctrica de Tornquist\",\"publisher\":{\"@id\":\"https:\/\/www.celttv.com.ar\/#organization\"},\"potentialAction\":[{\"@type\":\"SearchAction\",\"target\":{\"@type\":\"EntryPoint\",\"urlTemplate\":\"https:\/\/www.celttv.com.ar\/?s={search_term_string}\"},\"query-input\":\"required name=search_term_string\"}],\"inLanguage\":\"es\"},{\"@type\":\"Organization\",\"@id\":\"https:\/\/www.celttv.com.ar\/#organization\",\"name\":\"CELTTV\",\"url\":\"https:\/\/www.celttv.com.ar\/\",\"sameAs\":[\"https:\/\/www.youtube.com\/channel\/UCz_oIt8Hig64Ub-EmcNPIhg\",\"https:\/\/www.facebook.com\/celtTV\/\"],\"logo\":{\"@type\":\"ImageObject\",\"inLanguage\":\"es\",\"@id\":\"https:\/\/www.celttv.com.ar\/#\/schema\/logo\/image\/\",\"url\":\"http:\/\/www.celttv.com.ar\/wp-content\/uploads\/2022\/08\/logo-1.png\",\"contentUrl\":\"http:\/\/www.celttv.com.ar\/wp-content\/uploads\/2022\/08\/logo-1.png\",\"width\":461,\"height\":159,\"caption\":\"CELTTV\"},\"image\":{\"@id\":\"https:\/\/www.celttv.com.ar\/#\/schema\/logo\/image\/\"}},{\"@type\":\"Person\",\"@id\":\"https:\/\/www.celttv.com.ar\/#\/schema\/person\/6d99c072dba59953809c81446e9d0ace\",\"name\":\"ulises\",\"image\":{\"@type\":\"ImageObject\",\"inLanguage\":\"es\",\"@id\":\"https:\/\/www.celttv.com.ar\/#\/schema\/person\/image\/\",\"url\":\"https:\/\/secure.gravatar.com\/avatar\/7f2c48bdc33b30088f941fb6082e555f2874c98e20cb159d7b92b50eadfce793?s=96&d=mm&r=g\",\"contentUrl\":\"https:\/\/secure.gravatar.com\/avatar\/7f2c48bdc33b30088f941fb6082e555f2874c98e20cb159d7b92b50eadfce793?s=96&d=mm&r=g\",\"caption\":\"ulises\"},\"sameAs\":[\"http:\/\/www.celttv.com.ar\"]}]}<\/script>\n<!-- \/ Yoast SEO plugin. -->","yoast_head_json":{"title":"Barrio Uni\u00f3n (RC) se qued\u00f3 con el 1\u00ba Torneo Regional de F\u00fatbol del Club Uni\u00f3n (Fotos y pr\u00f3ximamente videos) - CELTTV","description":"Sitio web de noticias de la localidad de Tornquist, provincia de Buenos Aires, Rep\u00fablica Argentina. Contenido propio originado por periodistas de CELTTV, el canal de TV local de la Cooperativa El\u00e9ctrica de Tornquist. Turismo, Pol\u00edtica, Sociedad, Deporte, Cultura y todo el contenido de inter\u00e9s general que la gente del pueblo y la regi\u00f3n debe conocer.","robots":{"index":"index","follow":"follow","max-snippet":"max-snippet:-1","max-image-preview":"max-image-preview:large","max-video-preview":"max-video-preview:-1"},"canonical":"https:\/\/www.celttv.com.ar\/index.php\/2018\/11\/20\/barrio-union-rc-se-quedo-con-el-1o-torneo-regional-de-futbol-del-club-union-fotos-y-proximamente-videos\/","og_locale":"es_ES","og_type":"article","og_title":"Barrio Uni\u00f3n (RC) se qued\u00f3 con el 1\u00ba Torneo Regional de F\u00fatbol del Club Uni\u00f3n (Fotos y pr\u00f3ximamente videos) - CELTTV","og_description":"Sitio web de noticias de la localidad de Tornquist, provincia de Buenos Aires, Rep\u00fablica Argentina. Contenido propio originado por periodistas de CELTTV, el canal de TV local de la Cooperativa El\u00e9ctrica de Tornquist. Turismo, Pol\u00edtica, Sociedad, Deporte, Cultura y todo el contenido de inter\u00e9s general que la gente del pueblo y la regi\u00f3n debe conocer.","og_url":"https:\/\/www.celttv.com.ar\/index.php\/2018\/11\/20\/barrio-union-rc-se-quedo-con-el-1o-torneo-regional-de-futbol-del-club-union-fotos-y-proximamente-videos\/","og_site_name":"CELTTV","article_publisher":"https:\/\/www.facebook.com\/celtTV\/","article_published_time":"2018-11-20T13:38:23+00:00","og_image":[{"width":1200,"height":637,"url":"https:\/\/www.celttv.com.ar\/wp-content\/uploads\/2018\/11\/DSC_8185.jpg","type":"image\/jpeg"}],"author":"ulises","twitter_card":"summary_large_image","twitter_misc":{"Escrito por":"ulises","Tiempo de lectura":"2 minutos"},"schema":{"@context":"https:\/\/schema.org","@graph":[{"@type":"NewsArticle","@id":"https:\/\/www.celttv.com.ar\/index.php\/2018\/11\/20\/barrio-union-rc-se-quedo-con-el-1o-torneo-regional-de-futbol-del-club-union-fotos-y-proximamente-videos\/#article","isPartOf":{"@id":"https:\/\/www.celttv.com.ar\/index.php\/2018\/11\/20\/barrio-union-rc-se-quedo-con-el-1o-torneo-regional-de-futbol-del-club-union-fotos-y-proximamente-videos\/"},"author":{"name":"ulises","@id":"https:\/\/www.celttv.com.ar\/#\/schema\/person\/6d99c072dba59953809c81446e9d0ace"},"headline":"Barrio Uni\u00f3n (RC) se qued\u00f3 con el 1\u00ba Torneo Regional de F\u00fatbol del Club Uni\u00f3n (Fotos y pr\u00f3ximamente videos)","datePublished":"2018-11-20T13:38:23+00:00","dateModified":"2018-11-20T13:38:23+00:00","mainEntityOfPage":{"@id":"https:\/\/www.celttv.com.ar\/index.php\/2018\/11\/20\/barrio-union-rc-se-quedo-con-el-1o-torneo-regional-de-futbol-del-club-union-fotos-y-proximamente-videos\/"},"wordCount":447,"publisher":{"@id":"https:\/\/www.celttv.com.ar\/#organization"},"articleSection":["Celt TV Noticias","Deporte","Magazine Sport"],"inLanguage":"es"},{"@type":"WebPage","@id":"https:\/\/www.celttv.com.ar\/index.php\/2018\/11\/20\/barrio-union-rc-se-quedo-con-el-1o-torneo-regional-de-futbol-del-club-union-fotos-y-proximamente-videos\/","url":"https:\/\/www.celttv.com.ar\/index.php\/2018\/11\/20\/barrio-union-rc-se-quedo-con-el-1o-torneo-regional-de-futbol-del-club-union-fotos-y-proximamente-videos\/","name":"Barrio Uni\u00f3n (RC) se qued\u00f3 con el 1\u00ba Torneo Regional de F\u00fatbol del Club Uni\u00f3n (Fotos y pr\u00f3ximamente videos) - CELTTV","isPartOf":{"@id":"https:\/\/www.celttv.com.ar\/#website"},"datePublished":"2018-11-20T13:38:23+00:00","dateModified":"2018-11-20T13:38:23+00:00","description":"Sitio web de noticias de la localidad de Tornquist, provincia de Buenos Aires, Rep\u00fablica Argentina. Contenido propio originado por periodistas de CELTTV, el canal de TV local de la Cooperativa El\u00e9ctrica de Tornquist. Turismo, Pol\u00edtica, Sociedad, Deporte, Cultura y todo el contenido de inter\u00e9s general que la gente del pueblo y la regi\u00f3n debe conocer.","breadcrumb":{"@id":"https:\/\/www.celttv.com.ar\/index.php\/2018\/11\/20\/barrio-union-rc-se-quedo-con-el-1o-torneo-regional-de-futbol-del-club-union-fotos-y-proximamente-videos\/#breadcrumb"},"inLanguage":"es","potentialAction":[{"@type":"ReadAction","target":["https:\/\/www.celttv.com.ar\/index.php\/2018\/11\/20\/barrio-union-rc-se-quedo-con-el-1o-torneo-regional-de-futbol-del-club-union-fotos-y-proximamente-videos\/"]}]},{"@type":"BreadcrumbList","@id":"https:\/\/www.celttv.com.ar\/index.php\/2018\/11\/20\/barrio-union-rc-se-quedo-con-el-1o-torneo-regional-de-futbol-del-club-union-fotos-y-proximamente-videos\/#breadcrumb","itemListElement":[{"@type":"ListItem","position":1,"name":"Inicio","item":"https:\/\/www.celttv.com.ar\/"},{"@type":"ListItem","position":2,"name":"Barrio Uni\u00f3n (RC) se qued\u00f3 con el 1\u00ba Torneo Regional de F\u00fatbol del Club Uni\u00f3n (Fotos y pr\u00f3ximamente videos)"}]},{"@type":"WebSite","@id":"https:\/\/www.celttv.com.ar\/#website","url":"https:\/\/www.celttv.com.ar\/","name":"CELTTV","description":"Cooperativa El\u00e9ctrica de Tornquist","publisher":{"@id":"https:\/\/www.celttv.com.ar\/#organization"},"potentialAction":[{"@type":"SearchAction","target":{"@type":"EntryPoint","urlTemplate":"https:\/\/www.celttv.com.ar\/?s={search_term_string}"},"query-input":"required name=search_term_string"}],"inLanguage":"es"},{"@type":"Organization","@id":"https:\/\/www.celttv.com.ar\/#organization","name":"CELTTV","url":"https:\/\/www.celttv.com.ar\/","sameAs":["https:\/\/www.youtube.com\/channel\/UCz_oIt8Hig64Ub-EmcNPIhg","https:\/\/www.facebook.com\/celtTV\/"],"logo":{"@type":"ImageObject","inLanguage":"es","@id":"https:\/\/www.celttv.com.ar\/#\/schema\/logo\/image\/","url":"http:\/\/www.celttv.com.ar\/wp-content\/uploads\/2022\/08\/logo-1.png","contentUrl":"http:\/\/www.celttv.com.ar\/wp-content\/uploads\/2022\/08\/logo-1.png","width":461,"height":159,"caption":"CELTTV"},"image":{"@id":"https:\/\/www.celttv.com.ar\/#\/schema\/logo\/image\/"}},{"@type":"Person","@id":"https:\/\/www.celttv.com.ar\/#\/schema\/person\/6d99c072dba59953809c81446e9d0ace","name":"ulises","image":{"@type":"ImageObject","inLanguage":"es","@id":"https:\/\/www.celttv.com.ar\/#\/schema\/person\/image\/","url":"https:\/\/secure.gravatar.com\/avatar\/7f2c48bdc33b30088f941fb6082e555f2874c98e20cb159d7b92b50eadfce793?s=96&d=mm&r=g","contentUrl":"https:\/\/secure.gravatar.com\/avatar\/7f2c48bdc33b30088f941fb6082e555f2874c98e20cb159d7b92b50eadfce793?s=96&d=mm&r=g","caption":"ulises"},"sameAs":["http:\/\/www.celttv.com.ar"]}]}},"_links":{"self":[{"href":"https:\/\/www.celttv.com.ar\/index.php\/wp-json\/wp\/v2\/posts\/38579","targetHints":{"allow":["GET"]}}],"collection":[{"href":"https:\/\/www.celttv.com.ar\/index.php\/wp-json\/wp\/v2\/posts"}],"about":[{"href":"https:\/\/www.celttv.com.ar\/index.php\/wp-json\/wp\/v2\/types\/post"}],"author":[{"embeddable":true,"href":"https:\/\/www.celttv.com.ar\/index.php\/wp-json\/wp\/v2\/users\/1"}],"replies":[{"embeddable":true,"href":"https:\/\/www.celttv.com.ar\/index.php\/wp-json\/wp\/v2\/comments?post=38579"}],"version-history":[{"count":0,"href":"https:\/\/www.celttv.com.ar\/index.php\/wp-json\/wp\/v2\/posts\/38579\/revisions"}],"wp:featuredmedia":[{"embeddable":true,"href":"https:\/\/www.celttv.com.ar\/index.php\/wp-json\/wp\/v2\/media\/38581"}],"wp:attachment":[{"href":"https:\/\/www.celttv.com.ar\/index.php\/wp-json\/wp\/v2\/media?parent=38579"}],"wp:term":[{"taxonomy":"category","embeddable":true,"href":"https:\/\/www.celttv.com.ar\/index.php\/wp-json\/wp\/v2\/categories?post=38579"},{"taxonomy":"post_tag","embeddable":true,"href":"https:\/\/www.celttv.com.ar\/index.php\/wp-json\/wp\/v2\/tags?post=38579"}],"curies":[{"name":"wp","href":"https:\/\/api.w.org\/{rel}","templated":true}]}}