{"id":38591,"date":"2018-11-20T22:38:13","date_gmt":"2018-11-20T22:38:13","guid":{"rendered":"http:\/\/www.celttv.com.ar\/?p=38591"},"modified":"2018-11-20T22:38:13","modified_gmt":"2018-11-20T22:38:13","slug":"la-categoria-2007-de-automoto-realizo-un-viaje-sonado-a-buenos-aires-fotos","status":"publish","type":"post","link":"https:\/\/www.celttv.com.ar\/index.php\/2018\/11\/20\/la-categoria-2007-de-automoto-realizo-un-viaje-sonado-a-buenos-aires-fotos\/","title":{"rendered":"La categor\u00eda 2007 de Automoto realiz\u00f3 un viaje so\u00f1ado a Buenos Aires (Fotos)"},"content":{"rendered":"<p>Sin dudas fue un viaje so\u00f1ado. De esos que son dif\u00edciles de olvidar con el paso del tiempo. La categor\u00eda 2007 de la Escuelita Azulgrana visit\u00f3 Buenos Aires, donde jugaron partidos amistosos y efectuaron paseos y actividades recreativas, redondeando una experiencia \u00fanica e irrepetible.<br \/>\nLa delegaci\u00f3n azulgrana, que se hosped\u00f3 en el predio Las Clavelinas, estuvo conformada por Luciano Sandobal, Thiago Mu\u00f1oz, Santiago Hansel, El\u00edas Cuevas, Juan Mart\u00edn Flores, Lucas Montiel Solano, Agust\u00edn Storm, Mateo Toy, Exequiel Sandobal, Vicenzo Vallucci, Lautaro Colado, Benjam\u00edn Mold\u00fa, Cristopher Salaza y Giani Pollio. Los chicos fueron acompa\u00f1ados por los profesores Juli\u00e1n Toy, Hern\u00e1n Bilbao y Agust\u00edn Franco.<br \/>\nDurante los tres d\u00edas de estad\u00eda en la capital argentina, los chicos de Automoto visitaron La Bombonera, El Monumental y el estadio de Lan\u00fas, adem\u00e1s de recorrer y admirar los museos de los dos clubes m\u00e1s grandes del pa\u00eds.<br \/>\nTambi\u00e9n presenciaron el entrenamiento del plantel de primera divisi\u00f3n de V\u00e9lez Sarsfield y hasta dialogaron con su entrenador Gabriel Heinze, quien los atendi\u00f3 muy gentilmente. En el mismo sentido se mostr\u00f3 Agust\u00edn Bouzat, mediocampista bahiense que se desempe\u00f1a en El Fort\u00edn.<br \/>\nAdem\u00e1s de conocer lugares relacionados con el f\u00fatbol, la divisional disput\u00f3 cuatro amistosos, frente a River, Lan\u00fas, V\u00e9lez Sarsfield y la filial River Plate de Ingeniero Maschwitz.<br \/>\nLos pap\u00e1s de la categor\u00eda 2007 agradecen a los profesores que gestionaron la posibilidad de efectuar el viaje y al club por la disposici\u00f3n para realizar las diferentes actividades que permitieron cristalizar la iniciativa.<br \/>\nDepartamento de Prensa \u2013 Automoto Club Deportivo<br \/>\nwww.clubautomotopasion.com.ar<br \/>\nFacebook: \/automototornquist<br \/>\nTwitter: @ClubAutomoto<br \/>\n<a href=\"http:\/\/www.celttv.com.ar\/?attachment_id=38601\" rel=\"attachment wp-att-38601\"><img loading=\"lazy\" decoding=\"async\" class=\"alignleft size-full wp-image-38601\" src=\"http:\/\/www.celttv.com.ar\/wp-content\/uploads\/2018\/11\/016.jpg\" alt=\"\" width=\"627\" height=\"470\" srcset=\"https:\/\/www.celttv.com.ar\/wp-content\/uploads\/2018\/11\/016.jpg 627w, https:\/\/www.celttv.com.ar\/wp-content\/uploads\/2018\/11\/016-300x225.jpg 300w\" sizes=\"auto, (max-width: 627px) 100vw, 627px\" \/><\/a> <a href=\"http:\/\/www.celttv.com.ar\/?attachment_id=38600\" rel=\"attachment wp-att-38600\"><img loading=\"lazy\" decoding=\"async\" class=\"alignleft size-full wp-image-38600\" src=\"http:\/\/www.celttv.com.ar\/wp-content\/uploads\/2018\/11\/015-1.jpg\" alt=\"\" width=\"627\" height=\"470\" srcset=\"https:\/\/www.celttv.com.ar\/wp-content\/uploads\/2018\/11\/015-1.jpg 627w, https:\/\/www.celttv.com.ar\/wp-content\/uploads\/2018\/11\/015-1-300x225.jpg 300w\" sizes=\"auto, (max-width: 627px) 100vw, 627px\" \/><\/a> <a href=\"http:\/\/www.celttv.com.ar\/?attachment_id=38599\" rel=\"attachment wp-att-38599\"><img loading=\"lazy\" decoding=\"async\" class=\"alignleft size-full wp-image-38599\" src=\"http:\/\/www.celttv.com.ar\/wp-content\/uploads\/2018\/11\/014-1.jpg\" alt=\"\" width=\"627\" height=\"470\" srcset=\"https:\/\/www.celttv.com.ar\/wp-content\/uploads\/2018\/11\/014-1.jpg 627w, https:\/\/www.celttv.com.ar\/wp-content\/uploads\/2018\/11\/014-1-300x225.jpg 300w\" sizes=\"auto, (max-width: 627px) 100vw, 627px\" \/><\/a> <a href=\"http:\/\/www.celttv.com.ar\/?attachment_id=38598\" rel=\"attachment wp-att-38598\"><img loading=\"lazy\" decoding=\"async\" class=\"alignleft size-full wp-image-38598\" src=\"http:\/\/www.celttv.com.ar\/wp-content\/uploads\/2018\/11\/013-2.jpg\" alt=\"\" width=\"700\" height=\"350\" srcset=\"https:\/\/www.celttv.com.ar\/wp-content\/uploads\/2018\/11\/013-2.jpg 700w, https:\/\/www.celttv.com.ar\/wp-content\/uploads\/2018\/11\/013-2-300x150.jpg 300w, https:\/\/www.celttv.com.ar\/wp-content\/uploads\/2018\/11\/013-2-360x180.jpg 360w\" sizes=\"auto, (max-width: 700px) 100vw, 700px\" \/><\/a> <a href=\"http:\/\/www.celttv.com.ar\/?attachment_id=38597\" rel=\"attachment wp-att-38597\"><img loading=\"lazy\" decoding=\"async\" class=\"alignleft size-full wp-image-38597\" src=\"http:\/\/www.celttv.com.ar\/wp-content\/uploads\/2018\/11\/012.jpg\" alt=\"\" width=\"470\" height=\"627\" srcset=\"https:\/\/www.celttv.com.ar\/wp-content\/uploads\/2018\/11\/012.jpg 470w, https:\/\/www.celttv.com.ar\/wp-content\/uploads\/2018\/11\/012-225x300.jpg 225w\" sizes=\"auto, (max-width: 470px) 100vw, 470px\" \/><\/a> <a href=\"http:\/\/www.celttv.com.ar\/?attachment_id=38595\" rel=\"attachment wp-att-38595\"><img loading=\"lazy\" decoding=\"async\" class=\"alignleft size-full wp-image-38595\" src=\"http:\/\/www.celttv.com.ar\/wp-content\/uploads\/2018\/11\/008.jpg\" alt=\"\" width=\"627\" height=\"470\" srcset=\"https:\/\/www.celttv.com.ar\/wp-content\/uploads\/2018\/11\/008.jpg 627w, https:\/\/www.celttv.com.ar\/wp-content\/uploads\/2018\/11\/008-300x225.jpg 300w\" sizes=\"auto, (max-width: 627px) 100vw, 627px\" \/><\/a> <a href=\"http:\/\/www.celttv.com.ar\/?attachment_id=38594\" rel=\"attachment wp-att-38594\"><img loading=\"lazy\" decoding=\"async\" class=\"alignleft size-full wp-image-38594\" src=\"http:\/\/www.celttv.com.ar\/wp-content\/uploads\/2018\/11\/007.jpg\" alt=\"\" width=\"627\" height=\"470\" srcset=\"https:\/\/www.celttv.com.ar\/wp-content\/uploads\/2018\/11\/007.jpg 627w, https:\/\/www.celttv.com.ar\/wp-content\/uploads\/2018\/11\/007-300x225.jpg 300w\" sizes=\"auto, (max-width: 627px) 100vw, 627px\" \/><\/a> <a href=\"http:\/\/www.celttv.com.ar\/?attachment_id=38593\" rel=\"attachment wp-att-38593\"><img loading=\"lazy\" decoding=\"async\" class=\"alignleft size-full wp-image-38593\" src=\"http:\/\/www.celttv.com.ar\/wp-content\/uploads\/2018\/11\/006.jpg\" alt=\"\" width=\"627\" height=\"470\" srcset=\"https:\/\/www.celttv.com.ar\/wp-content\/uploads\/2018\/11\/006.jpg 627w, https:\/\/www.celttv.com.ar\/wp-content\/uploads\/2018\/11\/006-300x225.jpg 300w\" sizes=\"auto, (max-width: 627px) 100vw, 627px\" \/><\/a> <a href=\"http:\/\/www.celttv.com.ar\/?attachment_id=38592\" rel=\"attachment wp-att-38592\"><img loading=\"lazy\" decoding=\"async\" class=\"alignleft size-full wp-image-38592\" src=\"http:\/\/www.celttv.com.ar\/wp-content\/uploads\/2018\/11\/004.jpg\" alt=\"\" width=\"627\" height=\"470\" srcset=\"https:\/\/www.celttv.com.ar\/wp-content\/uploads\/2018\/11\/004.jpg 627w, https:\/\/www.celttv.com.ar\/wp-content\/uploads\/2018\/11\/004-300x225.jpg 300w\" sizes=\"auto, (max-width: 627px) 100vw, 627px\" \/><\/a><\/p>\n","protected":false},"excerpt":{"rendered":"<p>Sin dudas fue un viaje so\u00f1ado. De esos que son dif\u00edciles de olvidar con el paso del tiempo. La categor\u00eda 2007 de la Escuelita Azulgrana visit\u00f3 Buenos Aires, donde jugaron partidos amistosos y efectuaron paseos y actividades recreativas, redondeando una experiencia \u00fanica e irrepetible. La delegaci\u00f3n azulgrana, que se hosped\u00f3 en el predio Las Clavelinas, [&hellip;]<\/p>\n","protected":false},"author":1,"featured_media":38596,"comment_status":"closed","ping_status":"open","sticky":false,"template":"","format":"standard","meta":{"footnotes":""},"categories":[55,60,52,63],"tags":[],"class_list":["post-38591","post","type-post","status-publish","format-standard","has-post-thumbnail","hentry","category-celt-tv-noticias","category-deporte","category-destacadas","category-magazine-sport"],"yoast_head":"<!-- This site is optimized with the Yoast SEO plugin v19.7.1 - https:\/\/yoast.com\/wordpress\/plugins\/seo\/ -->\n<title>La categor\u00eda 2007 de Automoto realiz\u00f3 un viaje so\u00f1ado a Buenos Aires (Fotos) - CELTTV<\/title>\n<meta name=\"description\" content=\"Sitio web de noticias de la localidad de Tornquist, provincia de Buenos Aires, Rep\u00fablica Argentina. Contenido propio originado por periodistas de CELTTV, el canal de TV local de la Cooperativa El\u00e9ctrica de Tornquist. Turismo, Pol\u00edtica, Sociedad, Deporte, Cultura y todo el contenido de inter\u00e9s general que la gente del pueblo y la regi\u00f3n debe conocer.\" \/>\n<meta name=\"robots\" content=\"index, follow, max-snippet:-1, max-image-preview:large, max-video-preview:-1\" \/>\n<link rel=\"canonical\" href=\"https:\/\/www.celttv.com.ar\/index.php\/2018\/11\/20\/la-categoria-2007-de-automoto-realizo-un-viaje-sonado-a-buenos-aires-fotos\/\" \/>\n<meta property=\"og:locale\" content=\"es_ES\" \/>\n<meta property=\"og:type\" content=\"article\" \/>\n<meta property=\"og:title\" content=\"La categor\u00eda 2007 de Automoto realiz\u00f3 un viaje so\u00f1ado a Buenos Aires (Fotos) - CELTTV\" \/>\n<meta property=\"og:description\" content=\"Sitio web de noticias de la localidad de Tornquist, provincia de Buenos Aires, Rep\u00fablica Argentina. Contenido propio originado por periodistas de CELTTV, el canal de TV local de la Cooperativa El\u00e9ctrica de Tornquist. Turismo, Pol\u00edtica, Sociedad, Deporte, Cultura y todo el contenido de inter\u00e9s general que la gente del pueblo y la regi\u00f3n debe conocer.\" \/>\n<meta property=\"og:url\" content=\"https:\/\/www.celttv.com.ar\/index.php\/2018\/11\/20\/la-categoria-2007-de-automoto-realizo-un-viaje-sonado-a-buenos-aires-fotos\/\" \/>\n<meta property=\"og:site_name\" content=\"CELTTV\" \/>\n<meta property=\"article:publisher\" content=\"https:\/\/www.facebook.com\/celtTV\/\" \/>\n<meta property=\"article:published_time\" content=\"2018-11-20T22:38:13+00:00\" \/>\n<meta property=\"og:image\" content=\"https:\/\/www.celttv.com.ar\/wp-content\/uploads\/2018\/11\/011.jpg\" \/>\n\t<meta property=\"og:image:width\" content=\"627\" \/>\n\t<meta property=\"og:image:height\" content=\"470\" \/>\n\t<meta property=\"og:image:type\" content=\"image\/jpeg\" \/>\n<meta name=\"author\" content=\"ulises\" \/>\n<meta name=\"twitter:card\" content=\"summary_large_image\" \/>\n<meta name=\"twitter:label1\" content=\"Escrito por\" \/>\n\t<meta name=\"twitter:data1\" content=\"ulises\" \/>\n\t<meta name=\"twitter:label2\" content=\"Tiempo de lectura\" \/>\n\t<meta name=\"twitter:data2\" content=\"1 minuto\" \/>\n<script type=\"application\/ld+json\" class=\"yoast-schema-graph\">{\"@context\":\"https:\/\/schema.org\",\"@graph\":[{\"@type\":\"NewsArticle\",\"@id\":\"https:\/\/www.celttv.com.ar\/index.php\/2018\/11\/20\/la-categoria-2007-de-automoto-realizo-un-viaje-sonado-a-buenos-aires-fotos\/#article\",\"isPartOf\":{\"@id\":\"https:\/\/www.celttv.com.ar\/index.php\/2018\/11\/20\/la-categoria-2007-de-automoto-realizo-un-viaje-sonado-a-buenos-aires-fotos\/\"},\"author\":{\"name\":\"ulises\",\"@id\":\"https:\/\/www.celttv.com.ar\/#\/schema\/person\/6d99c072dba59953809c81446e9d0ace\"},\"headline\":\"La categor\u00eda 2007 de Automoto realiz\u00f3 un viaje so\u00f1ado a Buenos Aires (Fotos)\",\"datePublished\":\"2018-11-20T22:38:13+00:00\",\"dateModified\":\"2018-11-20T22:38:13+00:00\",\"mainEntityOfPage\":{\"@id\":\"https:\/\/www.celttv.com.ar\/index.php\/2018\/11\/20\/la-categoria-2007-de-automoto-realizo-un-viaje-sonado-a-buenos-aires-fotos\/\"},\"wordCount\":302,\"publisher\":{\"@id\":\"https:\/\/www.celttv.com.ar\/#organization\"},\"articleSection\":[\"Celt TV Noticias\",\"Deporte\",\"Destacadas\",\"Magazine Sport\"],\"inLanguage\":\"es\"},{\"@type\":\"WebPage\",\"@id\":\"https:\/\/www.celttv.com.ar\/index.php\/2018\/11\/20\/la-categoria-2007-de-automoto-realizo-un-viaje-sonado-a-buenos-aires-fotos\/\",\"url\":\"https:\/\/www.celttv.com.ar\/index.php\/2018\/11\/20\/la-categoria-2007-de-automoto-realizo-un-viaje-sonado-a-buenos-aires-fotos\/\",\"name\":\"La categor\u00eda 2007 de Automoto realiz\u00f3 un viaje so\u00f1ado a Buenos Aires (Fotos) - CELTTV\",\"isPartOf\":{\"@id\":\"https:\/\/www.celttv.com.ar\/#website\"},\"datePublished\":\"2018-11-20T22:38:13+00:00\",\"dateModified\":\"2018-11-20T22:38:13+00:00\",\"description\":\"Sitio web de noticias de la localidad de Tornquist, provincia de Buenos Aires, Rep\u00fablica Argentina. Contenido propio originado por periodistas de CELTTV, el canal de TV local de la Cooperativa El\u00e9ctrica de Tornquist. Turismo, Pol\u00edtica, Sociedad, Deporte, Cultura y todo el contenido de inter\u00e9s general que la gente del pueblo y la regi\u00f3n debe conocer.\",\"breadcrumb\":{\"@id\":\"https:\/\/www.celttv.com.ar\/index.php\/2018\/11\/20\/la-categoria-2007-de-automoto-realizo-un-viaje-sonado-a-buenos-aires-fotos\/#breadcrumb\"},\"inLanguage\":\"es\",\"potentialAction\":[{\"@type\":\"ReadAction\",\"target\":[\"https:\/\/www.celttv.com.ar\/index.php\/2018\/11\/20\/la-categoria-2007-de-automoto-realizo-un-viaje-sonado-a-buenos-aires-fotos\/\"]}]},{\"@type\":\"BreadcrumbList\",\"@id\":\"https:\/\/www.celttv.com.ar\/index.php\/2018\/11\/20\/la-categoria-2007-de-automoto-realizo-un-viaje-sonado-a-buenos-aires-fotos\/#breadcrumb\",\"itemListElement\":[{\"@type\":\"ListItem\",\"position\":1,\"name\":\"Inicio\",\"item\":\"https:\/\/www.celttv.com.ar\/\"},{\"@type\":\"ListItem\",\"position\":2,\"name\":\"La categor\u00eda 2007 de Automoto realiz\u00f3 un viaje so\u00f1ado a Buenos Aires (Fotos)\"}]},{\"@type\":\"WebSite\",\"@id\":\"https:\/\/www.celttv.com.ar\/#website\",\"url\":\"https:\/\/www.celttv.com.ar\/\",\"name\":\"CELTTV\",\"description\":\"Cooperativa El\u00e9ctrica de Tornquist\",\"publisher\":{\"@id\":\"https:\/\/www.celttv.com.ar\/#organization\"},\"potentialAction\":[{\"@type\":\"SearchAction\",\"target\":{\"@type\":\"EntryPoint\",\"urlTemplate\":\"https:\/\/www.celttv.com.ar\/?s={search_term_string}\"},\"query-input\":\"required name=search_term_string\"}],\"inLanguage\":\"es\"},{\"@type\":\"Organization\",\"@id\":\"https:\/\/www.celttv.com.ar\/#organization\",\"name\":\"CELTTV\",\"url\":\"https:\/\/www.celttv.com.ar\/\",\"sameAs\":[\"https:\/\/www.youtube.com\/channel\/UCz_oIt8Hig64Ub-EmcNPIhg\",\"https:\/\/www.facebook.com\/celtTV\/\"],\"logo\":{\"@type\":\"ImageObject\",\"inLanguage\":\"es\",\"@id\":\"https:\/\/www.celttv.com.ar\/#\/schema\/logo\/image\/\",\"url\":\"http:\/\/www.celttv.com.ar\/wp-content\/uploads\/2022\/08\/logo-1.png\",\"contentUrl\":\"http:\/\/www.celttv.com.ar\/wp-content\/uploads\/2022\/08\/logo-1.png\",\"width\":461,\"height\":159,\"caption\":\"CELTTV\"},\"image\":{\"@id\":\"https:\/\/www.celttv.com.ar\/#\/schema\/logo\/image\/\"}},{\"@type\":\"Person\",\"@id\":\"https:\/\/www.celttv.com.ar\/#\/schema\/person\/6d99c072dba59953809c81446e9d0ace\",\"name\":\"ulises\",\"image\":{\"@type\":\"ImageObject\",\"inLanguage\":\"es\",\"@id\":\"https:\/\/www.celttv.com.ar\/#\/schema\/person\/image\/\",\"url\":\"https:\/\/secure.gravatar.com\/avatar\/7f2c48bdc33b30088f941fb6082e555f2874c98e20cb159d7b92b50eadfce793?s=96&d=mm&r=g\",\"contentUrl\":\"https:\/\/secure.gravatar.com\/avatar\/7f2c48bdc33b30088f941fb6082e555f2874c98e20cb159d7b92b50eadfce793?s=96&d=mm&r=g\",\"caption\":\"ulises\"},\"sameAs\":[\"http:\/\/www.celttv.com.ar\"]}]}<\/script>\n<!-- \/ Yoast SEO plugin. -->","yoast_head_json":{"title":"La categor\u00eda 2007 de Automoto realiz\u00f3 un viaje so\u00f1ado a Buenos Aires (Fotos) - CELTTV","description":"Sitio web de noticias de la localidad de Tornquist, provincia de Buenos Aires, Rep\u00fablica Argentina. Contenido propio originado por periodistas de CELTTV, el canal de TV local de la Cooperativa El\u00e9ctrica de Tornquist. Turismo, Pol\u00edtica, Sociedad, Deporte, Cultura y todo el contenido de inter\u00e9s general que la gente del pueblo y la regi\u00f3n debe conocer.","robots":{"index":"index","follow":"follow","max-snippet":"max-snippet:-1","max-image-preview":"max-image-preview:large","max-video-preview":"max-video-preview:-1"},"canonical":"https:\/\/www.celttv.com.ar\/index.php\/2018\/11\/20\/la-categoria-2007-de-automoto-realizo-un-viaje-sonado-a-buenos-aires-fotos\/","og_locale":"es_ES","og_type":"article","og_title":"La categor\u00eda 2007 de Automoto realiz\u00f3 un viaje so\u00f1ado a Buenos Aires (Fotos) - CELTTV","og_description":"Sitio web de noticias de la localidad de Tornquist, provincia de Buenos Aires, Rep\u00fablica Argentina. Contenido propio originado por periodistas de CELTTV, el canal de TV local de la Cooperativa El\u00e9ctrica de Tornquist. Turismo, Pol\u00edtica, Sociedad, Deporte, Cultura y todo el contenido de inter\u00e9s general que la gente del pueblo y la regi\u00f3n debe conocer.","og_url":"https:\/\/www.celttv.com.ar\/index.php\/2018\/11\/20\/la-categoria-2007-de-automoto-realizo-un-viaje-sonado-a-buenos-aires-fotos\/","og_site_name":"CELTTV","article_publisher":"https:\/\/www.facebook.com\/celtTV\/","article_published_time":"2018-11-20T22:38:13+00:00","og_image":[{"width":627,"height":470,"url":"https:\/\/www.celttv.com.ar\/wp-content\/uploads\/2018\/11\/011.jpg","type":"image\/jpeg"}],"author":"ulises","twitter_card":"summary_large_image","twitter_misc":{"Escrito por":"ulises","Tiempo de lectura":"1 minuto"},"schema":{"@context":"https:\/\/schema.org","@graph":[{"@type":"NewsArticle","@id":"https:\/\/www.celttv.com.ar\/index.php\/2018\/11\/20\/la-categoria-2007-de-automoto-realizo-un-viaje-sonado-a-buenos-aires-fotos\/#article","isPartOf":{"@id":"https:\/\/www.celttv.com.ar\/index.php\/2018\/11\/20\/la-categoria-2007-de-automoto-realizo-un-viaje-sonado-a-buenos-aires-fotos\/"},"author":{"name":"ulises","@id":"https:\/\/www.celttv.com.ar\/#\/schema\/person\/6d99c072dba59953809c81446e9d0ace"},"headline":"La categor\u00eda 2007 de Automoto realiz\u00f3 un viaje so\u00f1ado a Buenos Aires (Fotos)","datePublished":"2018-11-20T22:38:13+00:00","dateModified":"2018-11-20T22:38:13+00:00","mainEntityOfPage":{"@id":"https:\/\/www.celttv.com.ar\/index.php\/2018\/11\/20\/la-categoria-2007-de-automoto-realizo-un-viaje-sonado-a-buenos-aires-fotos\/"},"wordCount":302,"publisher":{"@id":"https:\/\/www.celttv.com.ar\/#organization"},"articleSection":["Celt TV Noticias","Deporte","Destacadas","Magazine Sport"],"inLanguage":"es"},{"@type":"WebPage","@id":"https:\/\/www.celttv.com.ar\/index.php\/2018\/11\/20\/la-categoria-2007-de-automoto-realizo-un-viaje-sonado-a-buenos-aires-fotos\/","url":"https:\/\/www.celttv.com.ar\/index.php\/2018\/11\/20\/la-categoria-2007-de-automoto-realizo-un-viaje-sonado-a-buenos-aires-fotos\/","name":"La categor\u00eda 2007 de Automoto realiz\u00f3 un viaje so\u00f1ado a Buenos Aires (Fotos) - CELTTV","isPartOf":{"@id":"https:\/\/www.celttv.com.ar\/#website"},"datePublished":"2018-11-20T22:38:13+00:00","dateModified":"2018-11-20T22:38:13+00:00","description":"Sitio web de noticias de la localidad de Tornquist, provincia de Buenos Aires, Rep\u00fablica Argentina. Contenido propio originado por periodistas de CELTTV, el canal de TV local de la Cooperativa El\u00e9ctrica de Tornquist. Turismo, Pol\u00edtica, Sociedad, Deporte, Cultura y todo el contenido de inter\u00e9s general que la gente del pueblo y la regi\u00f3n debe conocer.","breadcrumb":{"@id":"https:\/\/www.celttv.com.ar\/index.php\/2018\/11\/20\/la-categoria-2007-de-automoto-realizo-un-viaje-sonado-a-buenos-aires-fotos\/#breadcrumb"},"inLanguage":"es","potentialAction":[{"@type":"ReadAction","target":["https:\/\/www.celttv.com.ar\/index.php\/2018\/11\/20\/la-categoria-2007-de-automoto-realizo-un-viaje-sonado-a-buenos-aires-fotos\/"]}]},{"@type":"BreadcrumbList","@id":"https:\/\/www.celttv.com.ar\/index.php\/2018\/11\/20\/la-categoria-2007-de-automoto-realizo-un-viaje-sonado-a-buenos-aires-fotos\/#breadcrumb","itemListElement":[{"@type":"ListItem","position":1,"name":"Inicio","item":"https:\/\/www.celttv.com.ar\/"},{"@type":"ListItem","position":2,"name":"La categor\u00eda 2007 de Automoto realiz\u00f3 un viaje so\u00f1ado a Buenos Aires (Fotos)"}]},{"@type":"WebSite","@id":"https:\/\/www.celttv.com.ar\/#website","url":"https:\/\/www.celttv.com.ar\/","name":"CELTTV","description":"Cooperativa El\u00e9ctrica de Tornquist","publisher":{"@id":"https:\/\/www.celttv.com.ar\/#organization"},"potentialAction":[{"@type":"SearchAction","target":{"@type":"EntryPoint","urlTemplate":"https:\/\/www.celttv.com.ar\/?s={search_term_string}"},"query-input":"required name=search_term_string"}],"inLanguage":"es"},{"@type":"Organization","@id":"https:\/\/www.celttv.com.ar\/#organization","name":"CELTTV","url":"https:\/\/www.celttv.com.ar\/","sameAs":["https:\/\/www.youtube.com\/channel\/UCz_oIt8Hig64Ub-EmcNPIhg","https:\/\/www.facebook.com\/celtTV\/"],"logo":{"@type":"ImageObject","inLanguage":"es","@id":"https:\/\/www.celttv.com.ar\/#\/schema\/logo\/image\/","url":"http:\/\/www.celttv.com.ar\/wp-content\/uploads\/2022\/08\/logo-1.png","contentUrl":"http:\/\/www.celttv.com.ar\/wp-content\/uploads\/2022\/08\/logo-1.png","width":461,"height":159,"caption":"CELTTV"},"image":{"@id":"https:\/\/www.celttv.com.ar\/#\/schema\/logo\/image\/"}},{"@type":"Person","@id":"https:\/\/www.celttv.com.ar\/#\/schema\/person\/6d99c072dba59953809c81446e9d0ace","name":"ulises","image":{"@type":"ImageObject","inLanguage":"es","@id":"https:\/\/www.celttv.com.ar\/#\/schema\/person\/image\/","url":"https:\/\/secure.gravatar.com\/avatar\/7f2c48bdc33b30088f941fb6082e555f2874c98e20cb159d7b92b50eadfce793?s=96&d=mm&r=g","contentUrl":"https:\/\/secure.gravatar.com\/avatar\/7f2c48bdc33b30088f941fb6082e555f2874c98e20cb159d7b92b50eadfce793?s=96&d=mm&r=g","caption":"ulises"},"sameAs":["http:\/\/www.celttv.com.ar"]}]}},"_links":{"self":[{"href":"https:\/\/www.celttv.com.ar\/index.php\/wp-json\/wp\/v2\/posts\/38591","targetHints":{"allow":["GET"]}}],"collection":[{"href":"https:\/\/www.celttv.com.ar\/index.php\/wp-json\/wp\/v2\/posts"}],"about":[{"href":"https:\/\/www.celttv.com.ar\/index.php\/wp-json\/wp\/v2\/types\/post"}],"author":[{"embeddable":true,"href":"https:\/\/www.celttv.com.ar\/index.php\/wp-json\/wp\/v2\/users\/1"}],"replies":[{"embeddable":true,"href":"https:\/\/www.celttv.com.ar\/index.php\/wp-json\/wp\/v2\/comments?post=38591"}],"version-history":[{"count":0,"href":"https:\/\/www.celttv.com.ar\/index.php\/wp-json\/wp\/v2\/posts\/38591\/revisions"}],"wp:featuredmedia":[{"embeddable":true,"href":"https:\/\/www.celttv.com.ar\/index.php\/wp-json\/wp\/v2\/media\/38596"}],"wp:attachment":[{"href":"https:\/\/www.celttv.com.ar\/index.php\/wp-json\/wp\/v2\/media?parent=38591"}],"wp:term":[{"taxonomy":"category","embeddable":true,"href":"https:\/\/www.celttv.com.ar\/index.php\/wp-json\/wp\/v2\/categories?post=38591"},{"taxonomy":"post_tag","embeddable":true,"href":"https:\/\/www.celttv.com.ar\/index.php\/wp-json\/wp\/v2\/tags?post=38591"}],"curies":[{"name":"wp","href":"https:\/\/api.w.org\/{rel}","templated":true}]}}