{"id":38611,"date":"2018-11-21T13:19:27","date_gmt":"2018-11-21T13:19:27","guid":{"rendered":"http:\/\/www.celttv.com.ar\/?p=38611"},"modified":"2018-11-21T13:19:27","modified_gmt":"2018-11-21T13:19:27","slug":"sanciones-tribunal-de-penas-de-la-liga-regional-de-futbol-de-coronel-suarez","status":"publish","type":"post","link":"https:\/\/www.celttv.com.ar\/index.php\/2018\/11\/21\/sanciones-tribunal-de-penas-de-la-liga-regional-de-futbol-de-coronel-suarez\/","title":{"rendered":"SANCIONES: TRIBUNAL DE PENAS DE LA LIGA REGIONAL DE F\u00daTBOL DE CORONEL SU\u00c1REZ"},"content":{"rendered":"<p>Por su expulsi\u00f3n del domingo pasado ante Automoto, el jugador Paulo Aguirre (Tiro Federal de Villa Belgrano) result\u00f3 sancionado por 2 fechas en la reuni\u00f3n que anoche llev\u00f3 a cabo el Tribunal de Penas de la Liga Regional de F\u00fatbol de Coronel Su\u00e1rez.<br \/>\n&nbsp;<br \/>\nUn cotejo mereci\u00f3 Santiago Rojas (Pe\u00f1arol de Pig\u00fc\u00e9), 7 d\u00edas Marcos Sauco (director t\u00e9cnico de Tiro Federal de Villa Belgrano) y Leonardo Medina (director t\u00e9cnico de Empleados de Comercio) y con\u00a0<strong>inhabilitaci\u00f3n provisoria<\/strong>quedaron\u00a0<strong>Marcos Piedrabuena (Automoto)<\/strong>, Facundo Cabral y Franco Gianfelici (ambos de Uni\u00f3n Pig\u00fc\u00e9).<br \/>\n&nbsp;<br \/>\nPor otro lado, los jugadores Rafael Lauman (Tiro Federal de Villa Belgrano),<strong>\u00a0Arturo Peralta (Automoto)<\/strong>, Juan Opel (Blanco y Negro) y\u00a0<strong>Fernando Salazar (Uni\u00f3n de Tornquist)<\/strong>\u00a0<strong>llegaron al l\u00edmite de tarjetas amarillas y no podr\u00e1n estar en los cruces del pr\u00f3ximo domingo.<\/strong><br \/>\n&nbsp;<br \/>\nTambi\u00e9n qued\u00f3 en la misma situaci\u00f3n el futbolista Mauricio Kent (Uni\u00f3n Pig\u00fc\u00e9), pero como su equipo qued\u00f3 marginado de la competencia reci\u00e9n cumplir\u00e1 la pena impuesta en la pr\u00f3xima temporada.<br \/>\n&nbsp;<br \/>\nEn Reserva, un encuentro merecieron Yamil Leiva (San Mart\u00edn de Santa Trinidad) y Benjam\u00edn Ibarra (Tiro Federal de Puan) y resultaron suspendidos en forma provisoria Ezequiel Stremel (El Progreso), Ignacio Petetta (Empleados de Comercio) y Aaron G\u00f3mez (Pe\u00f1arol de Pig\u00fc\u00e9).<br \/>\n&nbsp;<br \/>\n<strong>Divisiones inferiores<\/strong><br \/>\n&nbsp;<br \/>\nEn divisiones inferiores el cuerpo disciplinario que preside Osvaldo Delgado aplic\u00f3 importantes resoluciones. Por 6 partidos fue suspendido Alexander Amillano (6\u00aa de Independiente) y por 3 Carlos Morales (5\u00aa de Atl\u00e9tico Huanguel\u00e9n) y Benjam\u00edn Roth (6\u00aa de Independiente).<br \/>\n&nbsp;<br \/>\nAdem\u00e1s, 2 encuentros recibi\u00f3 Mateo Schwerdt (6\u00aa de El Progreso) y\u00a0<strong>1 fecha<\/strong>\u00a0Franco Lete (5\u00aa de San Mart\u00edn de Carhu\u00e9),<strong>\u00a0Diego Piedrabuena (5\u00aa de Uni\u00f3n de Tornquist)<\/strong>\u00a0y Aaron V\u00e1zquez (6\u00aa de Independiente).<br \/>\n&nbsp;<br \/>\nPor \u00faltimo, una sanci\u00f3n de 15 d\u00edas recibi\u00f3 Tom\u00e1s L\u00f3pez (director t\u00e9cnico de la 5\u00aa de San Mart\u00edn de Carhu\u00e9).<br \/>\n&nbsp;<br \/>\nClaudio Meier<br \/>\n&nbsp;<\/p>\n","protected":false},"excerpt":{"rendered":"<p>Por su expulsi\u00f3n del domingo pasado ante Automoto, el jugador Paulo Aguirre (Tiro Federal de Villa Belgrano) result\u00f3 sancionado por 2 fechas en la reuni\u00f3n que anoche llev\u00f3 a cabo el Tribunal de Penas de la Liga Regional de F\u00fatbol de Coronel Su\u00e1rez. &nbsp; Un cotejo mereci\u00f3 Santiago Rojas (Pe\u00f1arol de Pig\u00fc\u00e9), 7 d\u00edas Marcos [&hellip;]<\/p>\n","protected":false},"author":1,"featured_media":38612,"comment_status":"closed","ping_status":"open","sticky":false,"template":"","format":"standard","meta":{"footnotes":""},"categories":[55,60,63],"tags":[],"class_list":["post-38611","post","type-post","status-publish","format-standard","has-post-thumbnail","hentry","category-celt-tv-noticias","category-deporte","category-magazine-sport"],"yoast_head":"<!-- This site is optimized with the Yoast SEO plugin v19.7.1 - https:\/\/yoast.com\/wordpress\/plugins\/seo\/ -->\n<title>SANCIONES: TRIBUNAL DE PENAS DE LA LIGA REGIONAL DE F\u00daTBOL DE CORONEL SU\u00c1REZ - CELTTV<\/title>\n<meta name=\"description\" content=\"Sitio web de noticias de la localidad de Tornquist, provincia de Buenos Aires, Rep\u00fablica Argentina. Contenido propio originado por periodistas de CELTTV, el canal de TV local de la Cooperativa El\u00e9ctrica de Tornquist. Turismo, Pol\u00edtica, Sociedad, Deporte, Cultura y todo el contenido de inter\u00e9s general que la gente del pueblo y la regi\u00f3n debe conocer.\" \/>\n<meta name=\"robots\" content=\"index, follow, max-snippet:-1, max-image-preview:large, max-video-preview:-1\" \/>\n<link rel=\"canonical\" href=\"https:\/\/www.celttv.com.ar\/index.php\/2018\/11\/21\/sanciones-tribunal-de-penas-de-la-liga-regional-de-futbol-de-coronel-suarez\/\" \/>\n<meta property=\"og:locale\" content=\"es_ES\" \/>\n<meta property=\"og:type\" content=\"article\" \/>\n<meta property=\"og:title\" content=\"SANCIONES: TRIBUNAL DE PENAS DE LA LIGA REGIONAL DE F\u00daTBOL DE CORONEL SU\u00c1REZ - CELTTV\" \/>\n<meta property=\"og:description\" content=\"Sitio web de noticias de la localidad de Tornquist, provincia de Buenos Aires, Rep\u00fablica Argentina. Contenido propio originado por periodistas de CELTTV, el canal de TV local de la Cooperativa El\u00e9ctrica de Tornquist. Turismo, Pol\u00edtica, Sociedad, Deporte, Cultura y todo el contenido de inter\u00e9s general que la gente del pueblo y la regi\u00f3n debe conocer.\" \/>\n<meta property=\"og:url\" content=\"https:\/\/www.celttv.com.ar\/index.php\/2018\/11\/21\/sanciones-tribunal-de-penas-de-la-liga-regional-de-futbol-de-coronel-suarez\/\" \/>\n<meta property=\"og:site_name\" content=\"CELTTV\" \/>\n<meta property=\"article:publisher\" content=\"https:\/\/www.facebook.com\/celtTV\/\" \/>\n<meta property=\"article:published_time\" content=\"2018-11-21T13:19:27+00:00\" \/>\n<meta property=\"og:image\" content=\"https:\/\/www.celttv.com.ar\/wp-content\/uploads\/2018\/11\/futbol2323-678x381-1.jpg\" \/>\n\t<meta property=\"og:image:width\" content=\"678\" \/>\n\t<meta property=\"og:image:height\" content=\"381\" \/>\n\t<meta property=\"og:image:type\" content=\"image\/jpeg\" \/>\n<meta name=\"author\" content=\"ulises\" \/>\n<meta name=\"twitter:card\" content=\"summary_large_image\" \/>\n<meta name=\"twitter:label1\" content=\"Escrito por\" \/>\n\t<meta name=\"twitter:data1\" content=\"ulises\" \/>\n\t<meta name=\"twitter:label2\" content=\"Tiempo de lectura\" \/>\n\t<meta name=\"twitter:data2\" content=\"2 minutos\" \/>\n<script type=\"application\/ld+json\" class=\"yoast-schema-graph\">{\"@context\":\"https:\/\/schema.org\",\"@graph\":[{\"@type\":\"NewsArticle\",\"@id\":\"https:\/\/www.celttv.com.ar\/index.php\/2018\/11\/21\/sanciones-tribunal-de-penas-de-la-liga-regional-de-futbol-de-coronel-suarez\/#article\",\"isPartOf\":{\"@id\":\"https:\/\/www.celttv.com.ar\/index.php\/2018\/11\/21\/sanciones-tribunal-de-penas-de-la-liga-regional-de-futbol-de-coronel-suarez\/\"},\"author\":{\"name\":\"ulises\",\"@id\":\"https:\/\/www.celttv.com.ar\/#\/schema\/person\/6d99c072dba59953809c81446e9d0ace\"},\"headline\":\"SANCIONES: TRIBUNAL DE PENAS DE LA LIGA REGIONAL DE F\u00daTBOL DE CORONEL SU\u00c1REZ\",\"datePublished\":\"2018-11-21T13:19:27+00:00\",\"dateModified\":\"2018-11-21T13:19:27+00:00\",\"mainEntityOfPage\":{\"@id\":\"https:\/\/www.celttv.com.ar\/index.php\/2018\/11\/21\/sanciones-tribunal-de-penas-de-la-liga-regional-de-futbol-de-coronel-suarez\/\"},\"wordCount\":342,\"publisher\":{\"@id\":\"https:\/\/www.celttv.com.ar\/#organization\"},\"articleSection\":[\"Celt TV Noticias\",\"Deporte\",\"Magazine Sport\"],\"inLanguage\":\"es\"},{\"@type\":\"WebPage\",\"@id\":\"https:\/\/www.celttv.com.ar\/index.php\/2018\/11\/21\/sanciones-tribunal-de-penas-de-la-liga-regional-de-futbol-de-coronel-suarez\/\",\"url\":\"https:\/\/www.celttv.com.ar\/index.php\/2018\/11\/21\/sanciones-tribunal-de-penas-de-la-liga-regional-de-futbol-de-coronel-suarez\/\",\"name\":\"SANCIONES: TRIBUNAL DE PENAS DE LA LIGA REGIONAL DE F\u00daTBOL DE CORONEL SU\u00c1REZ - CELTTV\",\"isPartOf\":{\"@id\":\"https:\/\/www.celttv.com.ar\/#website\"},\"datePublished\":\"2018-11-21T13:19:27+00:00\",\"dateModified\":\"2018-11-21T13:19:27+00:00\",\"description\":\"Sitio web de noticias de la localidad de Tornquist, provincia de Buenos Aires, Rep\u00fablica Argentina. Contenido propio originado por periodistas de CELTTV, el canal de TV local de la Cooperativa El\u00e9ctrica de Tornquist. Turismo, Pol\u00edtica, Sociedad, Deporte, Cultura y todo el contenido de inter\u00e9s general que la gente del pueblo y la regi\u00f3n debe conocer.\",\"breadcrumb\":{\"@id\":\"https:\/\/www.celttv.com.ar\/index.php\/2018\/11\/21\/sanciones-tribunal-de-penas-de-la-liga-regional-de-futbol-de-coronel-suarez\/#breadcrumb\"},\"inLanguage\":\"es\",\"potentialAction\":[{\"@type\":\"ReadAction\",\"target\":[\"https:\/\/www.celttv.com.ar\/index.php\/2018\/11\/21\/sanciones-tribunal-de-penas-de-la-liga-regional-de-futbol-de-coronel-suarez\/\"]}]},{\"@type\":\"BreadcrumbList\",\"@id\":\"https:\/\/www.celttv.com.ar\/index.php\/2018\/11\/21\/sanciones-tribunal-de-penas-de-la-liga-regional-de-futbol-de-coronel-suarez\/#breadcrumb\",\"itemListElement\":[{\"@type\":\"ListItem\",\"position\":1,\"name\":\"Inicio\",\"item\":\"https:\/\/www.celttv.com.ar\/\"},{\"@type\":\"ListItem\",\"position\":2,\"name\":\"SANCIONES: TRIBUNAL DE PENAS DE LA LIGA REGIONAL DE F\u00daTBOL DE CORONEL SU\u00c1REZ\"}]},{\"@type\":\"WebSite\",\"@id\":\"https:\/\/www.celttv.com.ar\/#website\",\"url\":\"https:\/\/www.celttv.com.ar\/\",\"name\":\"CELTTV\",\"description\":\"Cooperativa El\u00e9ctrica de Tornquist\",\"publisher\":{\"@id\":\"https:\/\/www.celttv.com.ar\/#organization\"},\"potentialAction\":[{\"@type\":\"SearchAction\",\"target\":{\"@type\":\"EntryPoint\",\"urlTemplate\":\"https:\/\/www.celttv.com.ar\/?s={search_term_string}\"},\"query-input\":\"required name=search_term_string\"}],\"inLanguage\":\"es\"},{\"@type\":\"Organization\",\"@id\":\"https:\/\/www.celttv.com.ar\/#organization\",\"name\":\"CELTTV\",\"url\":\"https:\/\/www.celttv.com.ar\/\",\"sameAs\":[\"https:\/\/www.youtube.com\/channel\/UCz_oIt8Hig64Ub-EmcNPIhg\",\"https:\/\/www.facebook.com\/celtTV\/\"],\"logo\":{\"@type\":\"ImageObject\",\"inLanguage\":\"es\",\"@id\":\"https:\/\/www.celttv.com.ar\/#\/schema\/logo\/image\/\",\"url\":\"http:\/\/www.celttv.com.ar\/wp-content\/uploads\/2022\/08\/logo-1.png\",\"contentUrl\":\"http:\/\/www.celttv.com.ar\/wp-content\/uploads\/2022\/08\/logo-1.png\",\"width\":461,\"height\":159,\"caption\":\"CELTTV\"},\"image\":{\"@id\":\"https:\/\/www.celttv.com.ar\/#\/schema\/logo\/image\/\"}},{\"@type\":\"Person\",\"@id\":\"https:\/\/www.celttv.com.ar\/#\/schema\/person\/6d99c072dba59953809c81446e9d0ace\",\"name\":\"ulises\",\"image\":{\"@type\":\"ImageObject\",\"inLanguage\":\"es\",\"@id\":\"https:\/\/www.celttv.com.ar\/#\/schema\/person\/image\/\",\"url\":\"https:\/\/secure.gravatar.com\/avatar\/7f2c48bdc33b30088f941fb6082e555f2874c98e20cb159d7b92b50eadfce793?s=96&d=mm&r=g\",\"contentUrl\":\"https:\/\/secure.gravatar.com\/avatar\/7f2c48bdc33b30088f941fb6082e555f2874c98e20cb159d7b92b50eadfce793?s=96&d=mm&r=g\",\"caption\":\"ulises\"},\"sameAs\":[\"http:\/\/www.celttv.com.ar\"]}]}<\/script>\n<!-- \/ Yoast SEO plugin. -->","yoast_head_json":{"title":"SANCIONES: TRIBUNAL DE PENAS DE LA LIGA REGIONAL DE F\u00daTBOL DE CORONEL SU\u00c1REZ - CELTTV","description":"Sitio web de noticias de la localidad de Tornquist, provincia de Buenos Aires, Rep\u00fablica Argentina. Contenido propio originado por periodistas de CELTTV, el canal de TV local de la Cooperativa El\u00e9ctrica de Tornquist. Turismo, Pol\u00edtica, Sociedad, Deporte, Cultura y todo el contenido de inter\u00e9s general que la gente del pueblo y la regi\u00f3n debe conocer.","robots":{"index":"index","follow":"follow","max-snippet":"max-snippet:-1","max-image-preview":"max-image-preview:large","max-video-preview":"max-video-preview:-1"},"canonical":"https:\/\/www.celttv.com.ar\/index.php\/2018\/11\/21\/sanciones-tribunal-de-penas-de-la-liga-regional-de-futbol-de-coronel-suarez\/","og_locale":"es_ES","og_type":"article","og_title":"SANCIONES: TRIBUNAL DE PENAS DE LA LIGA REGIONAL DE F\u00daTBOL DE CORONEL SU\u00c1REZ - CELTTV","og_description":"Sitio web de noticias de la localidad de Tornquist, provincia de Buenos Aires, Rep\u00fablica Argentina. Contenido propio originado por periodistas de CELTTV, el canal de TV local de la Cooperativa El\u00e9ctrica de Tornquist. Turismo, Pol\u00edtica, Sociedad, Deporte, Cultura y todo el contenido de inter\u00e9s general que la gente del pueblo y la regi\u00f3n debe conocer.","og_url":"https:\/\/www.celttv.com.ar\/index.php\/2018\/11\/21\/sanciones-tribunal-de-penas-de-la-liga-regional-de-futbol-de-coronel-suarez\/","og_site_name":"CELTTV","article_publisher":"https:\/\/www.facebook.com\/celtTV\/","article_published_time":"2018-11-21T13:19:27+00:00","og_image":[{"width":678,"height":381,"url":"https:\/\/www.celttv.com.ar\/wp-content\/uploads\/2018\/11\/futbol2323-678x381-1.jpg","type":"image\/jpeg"}],"author":"ulises","twitter_card":"summary_large_image","twitter_misc":{"Escrito por":"ulises","Tiempo de lectura":"2 minutos"},"schema":{"@context":"https:\/\/schema.org","@graph":[{"@type":"NewsArticle","@id":"https:\/\/www.celttv.com.ar\/index.php\/2018\/11\/21\/sanciones-tribunal-de-penas-de-la-liga-regional-de-futbol-de-coronel-suarez\/#article","isPartOf":{"@id":"https:\/\/www.celttv.com.ar\/index.php\/2018\/11\/21\/sanciones-tribunal-de-penas-de-la-liga-regional-de-futbol-de-coronel-suarez\/"},"author":{"name":"ulises","@id":"https:\/\/www.celttv.com.ar\/#\/schema\/person\/6d99c072dba59953809c81446e9d0ace"},"headline":"SANCIONES: TRIBUNAL DE PENAS DE LA LIGA REGIONAL DE F\u00daTBOL DE CORONEL SU\u00c1REZ","datePublished":"2018-11-21T13:19:27+00:00","dateModified":"2018-11-21T13:19:27+00:00","mainEntityOfPage":{"@id":"https:\/\/www.celttv.com.ar\/index.php\/2018\/11\/21\/sanciones-tribunal-de-penas-de-la-liga-regional-de-futbol-de-coronel-suarez\/"},"wordCount":342,"publisher":{"@id":"https:\/\/www.celttv.com.ar\/#organization"},"articleSection":["Celt TV Noticias","Deporte","Magazine Sport"],"inLanguage":"es"},{"@type":"WebPage","@id":"https:\/\/www.celttv.com.ar\/index.php\/2018\/11\/21\/sanciones-tribunal-de-penas-de-la-liga-regional-de-futbol-de-coronel-suarez\/","url":"https:\/\/www.celttv.com.ar\/index.php\/2018\/11\/21\/sanciones-tribunal-de-penas-de-la-liga-regional-de-futbol-de-coronel-suarez\/","name":"SANCIONES: TRIBUNAL DE PENAS DE LA LIGA REGIONAL DE F\u00daTBOL DE CORONEL SU\u00c1REZ - CELTTV","isPartOf":{"@id":"https:\/\/www.celttv.com.ar\/#website"},"datePublished":"2018-11-21T13:19:27+00:00","dateModified":"2018-11-21T13:19:27+00:00","description":"Sitio web de noticias de la localidad de Tornquist, provincia de Buenos Aires, Rep\u00fablica Argentina. Contenido propio originado por periodistas de CELTTV, el canal de TV local de la Cooperativa El\u00e9ctrica de Tornquist. Turismo, Pol\u00edtica, Sociedad, Deporte, Cultura y todo el contenido de inter\u00e9s general que la gente del pueblo y la regi\u00f3n debe conocer.","breadcrumb":{"@id":"https:\/\/www.celttv.com.ar\/index.php\/2018\/11\/21\/sanciones-tribunal-de-penas-de-la-liga-regional-de-futbol-de-coronel-suarez\/#breadcrumb"},"inLanguage":"es","potentialAction":[{"@type":"ReadAction","target":["https:\/\/www.celttv.com.ar\/index.php\/2018\/11\/21\/sanciones-tribunal-de-penas-de-la-liga-regional-de-futbol-de-coronel-suarez\/"]}]},{"@type":"BreadcrumbList","@id":"https:\/\/www.celttv.com.ar\/index.php\/2018\/11\/21\/sanciones-tribunal-de-penas-de-la-liga-regional-de-futbol-de-coronel-suarez\/#breadcrumb","itemListElement":[{"@type":"ListItem","position":1,"name":"Inicio","item":"https:\/\/www.celttv.com.ar\/"},{"@type":"ListItem","position":2,"name":"SANCIONES: TRIBUNAL DE PENAS DE LA LIGA REGIONAL DE F\u00daTBOL DE CORONEL SU\u00c1REZ"}]},{"@type":"WebSite","@id":"https:\/\/www.celttv.com.ar\/#website","url":"https:\/\/www.celttv.com.ar\/","name":"CELTTV","description":"Cooperativa El\u00e9ctrica de Tornquist","publisher":{"@id":"https:\/\/www.celttv.com.ar\/#organization"},"potentialAction":[{"@type":"SearchAction","target":{"@type":"EntryPoint","urlTemplate":"https:\/\/www.celttv.com.ar\/?s={search_term_string}"},"query-input":"required name=search_term_string"}],"inLanguage":"es"},{"@type":"Organization","@id":"https:\/\/www.celttv.com.ar\/#organization","name":"CELTTV","url":"https:\/\/www.celttv.com.ar\/","sameAs":["https:\/\/www.youtube.com\/channel\/UCz_oIt8Hig64Ub-EmcNPIhg","https:\/\/www.facebook.com\/celtTV\/"],"logo":{"@type":"ImageObject","inLanguage":"es","@id":"https:\/\/www.celttv.com.ar\/#\/schema\/logo\/image\/","url":"http:\/\/www.celttv.com.ar\/wp-content\/uploads\/2022\/08\/logo-1.png","contentUrl":"http:\/\/www.celttv.com.ar\/wp-content\/uploads\/2022\/08\/logo-1.png","width":461,"height":159,"caption":"CELTTV"},"image":{"@id":"https:\/\/www.celttv.com.ar\/#\/schema\/logo\/image\/"}},{"@type":"Person","@id":"https:\/\/www.celttv.com.ar\/#\/schema\/person\/6d99c072dba59953809c81446e9d0ace","name":"ulises","image":{"@type":"ImageObject","inLanguage":"es","@id":"https:\/\/www.celttv.com.ar\/#\/schema\/person\/image\/","url":"https:\/\/secure.gravatar.com\/avatar\/7f2c48bdc33b30088f941fb6082e555f2874c98e20cb159d7b92b50eadfce793?s=96&d=mm&r=g","contentUrl":"https:\/\/secure.gravatar.com\/avatar\/7f2c48bdc33b30088f941fb6082e555f2874c98e20cb159d7b92b50eadfce793?s=96&d=mm&r=g","caption":"ulises"},"sameAs":["http:\/\/www.celttv.com.ar"]}]}},"_links":{"self":[{"href":"https:\/\/www.celttv.com.ar\/index.php\/wp-json\/wp\/v2\/posts\/38611","targetHints":{"allow":["GET"]}}],"collection":[{"href":"https:\/\/www.celttv.com.ar\/index.php\/wp-json\/wp\/v2\/posts"}],"about":[{"href":"https:\/\/www.celttv.com.ar\/index.php\/wp-json\/wp\/v2\/types\/post"}],"author":[{"embeddable":true,"href":"https:\/\/www.celttv.com.ar\/index.php\/wp-json\/wp\/v2\/users\/1"}],"replies":[{"embeddable":true,"href":"https:\/\/www.celttv.com.ar\/index.php\/wp-json\/wp\/v2\/comments?post=38611"}],"version-history":[{"count":0,"href":"https:\/\/www.celttv.com.ar\/index.php\/wp-json\/wp\/v2\/posts\/38611\/revisions"}],"wp:featuredmedia":[{"embeddable":true,"href":"https:\/\/www.celttv.com.ar\/index.php\/wp-json\/wp\/v2\/media\/38612"}],"wp:attachment":[{"href":"https:\/\/www.celttv.com.ar\/index.php\/wp-json\/wp\/v2\/media?parent=38611"}],"wp:term":[{"taxonomy":"category","embeddable":true,"href":"https:\/\/www.celttv.com.ar\/index.php\/wp-json\/wp\/v2\/categories?post=38611"},{"taxonomy":"post_tag","embeddable":true,"href":"https:\/\/www.celttv.com.ar\/index.php\/wp-json\/wp\/v2\/tags?post=38611"}],"curies":[{"name":"wp","href":"https:\/\/api.w.org\/{rel}","templated":true}]}}