{"id":38614,"date":"2018-11-21T13:26:58","date_gmt":"2018-11-21T13:26:58","guid":{"rendered":"http:\/\/www.celttv.com.ar\/?p=38614"},"modified":"2018-11-21T13:26:58","modified_gmt":"2018-11-21T13:26:58","slug":"sobre-dichos-del-intendente-en-referencia-a-derechos-de-construccion-de-los-parques-eolicos","status":"publish","type":"post","link":"https:\/\/www.celttv.com.ar\/index.php\/2018\/11\/21\/sobre-dichos-del-intendente-en-referencia-a-derechos-de-construccion-de-los-parques-eolicos\/","title":{"rendered":"Sobre dichos del Intendente en referencia a derechos de construcci\u00f3n de los parques e\u00f3licos"},"content":{"rendered":"<p class=\"yiv4587870287MsoNormal\"><span lang=\"ES-AR\">En referencia a los dichos del Intendente Sergio Bordoni sobre los Derechos de Construcci\u00f3n de los parques e\u00f3licos, queremos dejar en claro, que en ning\u00fan lugar de la Ordenanza 3040\/18, dice que quedan excluidos \u201clos aerogeneradores y\u00a0 las famosas palas de los molinos que vienen de Holanda o B\u00e9lgica.<\/span><\/p>\n<p class=\"yiv4587870287MsoNormal\"><span lang=\"ES-AR\">Para dar claridad, porque analizamos con responsabilidad cada expediente y no mentimos, adjuntamos dicha ordenanza aprobada por Unanimidad en Asamblea de Concejales\u00a0 y Mayores Contribuyentes el 21 de mayo de 2018. La misma, en su art\u00edculo tercero establece que se aplicar\u00e1 por \u00fanica vez como al\u00edcuota el 2% del total de la inversi\u00f3n final requerida para afrontar la totalidad de la obra.<\/span><\/p>\n<p class=\"yiv4587870287MsoNormal\"><span lang=\"ES-AR\">Porque es nuestro deber como legisladores elegidos por el pueblo realizar nuestra tarea con responsabilidad y velando por los inter\u00e9s del pueblo es que enviamos una consulta al Honorable Tribunal de Cuentas para que se expida\u00a0 en referencia al tema.<\/span><\/p>\n<p><strong><u>HONORABLE CONCEJO DELIBERANTE<\/u><\/strong><br \/>\n<strong><u>ASAMBLEA DE CONCEJALES Y MAYORES CONTRIBUYENTES<\/u><\/strong><br \/>\nConvocados por el Decreto N\u00ba 02\/18,\u00a0 y a partir de las 20:30 hs. aproximadamente del pasado 21 de mayo dio comienzo la Asamblea de Concejales y Mayores contribuyentes. Se hicieron presentes en la oportunidad los Mayores Contribuyentes que surgen de la lista conformada por Decreto N\u00ba 662\/17 del Departamento Ejecutivo: Echegu\u00eda, Juan Miguel; Fagundez, Alejandro; Fern\u00e1ndez, Jorge Luis; Gandini, Diego; Gonda, Ricardo; H\u00f6err, Walter; Kaltembach, Elsa; Laborde, Edgardo; Moroncini, Josefina;\u00a0 Nicolini, Julio C\u00e9sar; Schwab, Carlos Aurelio y Vallejos, Jos\u00e9 Luis. El tema a tratar fue el Expediente N\u00ba 101\/18, caratulado: \u201cD.E.- Modificaci\u00f3n C\u00f3digo Tributario\u201d.<br \/>\nSe aprob\u00f3 por unanimidad la Ordenanza Definitiva \u00a0N\u00ba 3040\/18 por la que se incorpora en el Art\u00edculo 78\u00b0, correspondiente a la Tasa por\u00a0 Habilitaci\u00f3n de Comercio e Industria, dentro del rubro \u201cIndustria\u201d, la actividad \u201cObradores de obras civiles y otras obras en general que requieran espacio f\u00edsico donde instalar equipamiento y maquinarias para llevar adelante sus actividades comerciales o industriales\u201d. El m\u00ednimo de esta actividad ser\u00e1 de $ 10.000 y su c\u00f3mputo estar\u00e1 sujeto a lo prescripto por el Cap\u00edtulo 10 del C\u00f3digo Tributario.<br \/>\nSe incorpora en el Art\u00edculo 117\u00b0, correspondiente a la Tasa por Inspecci\u00f3n de Seguridad e Higiene<strong>,<\/strong> dentro del rubro \u201cXI\u2013CONSTRUCCION\u201d la actividad \u201c05-Parques e\u00f3licos, parques solares, sistemas de biog\u00e1s o similares\u201d. La misma tendr\u00e1 una al\u00edcuota de 7%0 (7\/1000) aplicado a la facturaci\u00f3n mensual declarada.<br \/>\nSe incorpora\u00a0 a continuaci\u00f3n del Art\u00edculo 212\u00b0, como\u00a0 Art\u00edculo\u00a0 212\u00b0 bis, correspondiente a la Tasa por Derechos de Construcci\u00f3n<strong>,<\/strong> el siguiente texto:<br \/>\n\u201cArt\u00edculo 212\u00b0 bis: Para el caso de obras vinculadas a la actividad \u201c05-Parques e\u00f3licos, parques solares, sistemas de biog\u00e1s o similares\u201d y para otras obras de infraestructura, f\u00e1bricas o industrias, les corresponder\u00e1 tributar sobre la valuaci\u00f3n, para lo cual se aplicar\u00e1 por \u00fanica vez como al\u00edcuota el 2% (2\/100) del total de la inversi\u00f3n final requerida para afrontar la totalidad de la obra. El pago de esta tasa podr\u00e1 financiarse mediante un plan de pago a definir por el D.E. y para su c\u00e1lculo la empresa deber\u00e1 presentar previamente una declaraci\u00f3n jurada firmada indicando el valor de la inversi\u00f3n a realizar con su correspondiente desglose de materiales y servicios.\u201d<br \/>\n&nbsp;<br \/>\nAlocuciones de los se\u00f1ores Concejales:<br \/>\n&nbsp;<br \/>\nConcejal Skolak Mar\u00eda Ofelia:<br \/>\n\u201cEra para agradecer la presencia de cada uno de los Mayores Contribuyentes que nos acompa\u00f1aron en esta Sesi\u00f3n.\u201d<br \/>\n&nbsp;<br \/>\nConcejal Baier Noelia:<br \/>\n\u201cBueno, me sumo a lo expresado por la Concejal Skolak. Reitero el agradecimiento a los Mayores Contribuyentes. Destaco el acompa\u00f1amiento en la aprobaci\u00f3n de esta modificaci\u00f3n al C\u00f3digo Tributario que permite la incorporaci\u00f3n de este nuevo tipo de industrias digamos, como lo es la construcci\u00f3n en este caso espec\u00edfico de parque e\u00f3lico que es lo m\u00e1s inmediato a suceder, tanto para la tasa de construcci\u00f3n como la de seguridad e higiene. Destacar el\u00a0 dinamismo que seguramente le dar\u00e1 a la regi\u00f3n la instalaci\u00f3n de estos tres parques e\u00f3licos en los pr\u00f3ximos dos a\u00f1os. No solo en forma directa, sino tambi\u00e9n en forma indirecta a trav\u00e9s de servicios de apoyo como seguramente ser\u00e1 lavander\u00eda, transporte, gastronom\u00eda, alojamiento, as\u00ed que destacar ese hecho. Nada m\u00e1s se\u00f1or Presidente\u201d.<br \/>\n&nbsp;<br \/>\n<strong>HONORABLE CONCEJO DELIBERANTE\u00a0<\/strong><br \/>\n&nbsp;<br \/>\n&nbsp;<br \/>\n&nbsp;<\/p>\n","protected":false},"excerpt":{"rendered":"<p>En referencia a los dichos del Intendente Sergio Bordoni sobre los Derechos de Construcci\u00f3n de los parques e\u00f3licos, queremos dejar en claro, que en ning\u00fan lugar de la Ordenanza 3040\/18, dice que quedan excluidos \u201clos aerogeneradores y\u00a0 las famosas palas de los molinos que vienen de Holanda o B\u00e9lgica. Para dar claridad, porque analizamos con [&hellip;]<\/p>\n","protected":false},"author":1,"featured_media":38615,"comment_status":"closed","ping_status":"open","sticky":false,"template":"","format":"standard","meta":{"footnotes":""},"categories":[55,51,52,53],"tags":[],"class_list":["post-38614","post","type-post","status-publish","format-standard","has-post-thumbnail","hentry","category-celt-tv-noticias","category-comunidad","category-destacadas","category-politica"],"yoast_head":"<!-- This site is optimized with the Yoast SEO plugin v19.7.1 - https:\/\/yoast.com\/wordpress\/plugins\/seo\/ -->\n<title>Sobre dichos del Intendente en referencia a derechos de construcci\u00f3n de los parques e\u00f3licos - CELTTV<\/title>\n<meta name=\"description\" content=\"Sitio web de noticias de la localidad de Tornquist, provincia de Buenos Aires, Rep\u00fablica Argentina. Contenido propio originado por periodistas de CELTTV, el canal de TV local de la Cooperativa El\u00e9ctrica de Tornquist. Turismo, Pol\u00edtica, Sociedad, Deporte, Cultura y todo el contenido de inter\u00e9s general que la gente del pueblo y la regi\u00f3n debe conocer.\" \/>\n<meta name=\"robots\" content=\"index, follow, max-snippet:-1, max-image-preview:large, max-video-preview:-1\" \/>\n<link rel=\"canonical\" href=\"https:\/\/www.celttv.com.ar\/index.php\/2018\/11\/21\/sobre-dichos-del-intendente-en-referencia-a-derechos-de-construccion-de-los-parques-eolicos\/\" \/>\n<meta property=\"og:locale\" content=\"es_ES\" \/>\n<meta property=\"og:type\" content=\"article\" \/>\n<meta property=\"og:title\" content=\"Sobre dichos del Intendente en referencia a derechos de construcci\u00f3n de los parques e\u00f3licos - CELTTV\" \/>\n<meta property=\"og:description\" content=\"Sitio web de noticias de la localidad de Tornquist, provincia de Buenos Aires, Rep\u00fablica Argentina. Contenido propio originado por periodistas de CELTTV, el canal de TV local de la Cooperativa El\u00e9ctrica de Tornquist. Turismo, Pol\u00edtica, Sociedad, Deporte, Cultura y todo el contenido de inter\u00e9s general que la gente del pueblo y la regi\u00f3n debe conocer.\" \/>\n<meta property=\"og:url\" content=\"https:\/\/www.celttv.com.ar\/index.php\/2018\/11\/21\/sobre-dichos-del-intendente-en-referencia-a-derechos-de-construccion-de-los-parques-eolicos\/\" \/>\n<meta property=\"og:site_name\" content=\"CELTTV\" \/>\n<meta property=\"article:publisher\" content=\"https:\/\/www.facebook.com\/celtTV\/\" \/>\n<meta property=\"article:published_time\" content=\"2018-11-21T13:26:58+00:00\" \/>\n<meta property=\"og:image\" content=\"https:\/\/www.celttv.com.ar\/wp-content\/uploads\/2018\/11\/descarga-2-1.jpg\" \/>\n\t<meta property=\"og:image:width\" content=\"275\" \/>\n\t<meta property=\"og:image:height\" content=\"183\" \/>\n\t<meta property=\"og:image:type\" content=\"image\/jpeg\" \/>\n<meta name=\"author\" content=\"ulises\" \/>\n<meta name=\"twitter:card\" content=\"summary_large_image\" \/>\n<meta name=\"twitter:label1\" content=\"Escrito por\" \/>\n\t<meta name=\"twitter:data1\" content=\"ulises\" \/>\n\t<meta name=\"twitter:label2\" content=\"Tiempo de lectura\" \/>\n\t<meta name=\"twitter:data2\" content=\"4 minutos\" \/>\n<script type=\"application\/ld+json\" class=\"yoast-schema-graph\">{\"@context\":\"https:\/\/schema.org\",\"@graph\":[{\"@type\":\"NewsArticle\",\"@id\":\"https:\/\/www.celttv.com.ar\/index.php\/2018\/11\/21\/sobre-dichos-del-intendente-en-referencia-a-derechos-de-construccion-de-los-parques-eolicos\/#article\",\"isPartOf\":{\"@id\":\"https:\/\/www.celttv.com.ar\/index.php\/2018\/11\/21\/sobre-dichos-del-intendente-en-referencia-a-derechos-de-construccion-de-los-parques-eolicos\/\"},\"author\":{\"name\":\"ulises\",\"@id\":\"https:\/\/www.celttv.com.ar\/#\/schema\/person\/6d99c072dba59953809c81446e9d0ace\"},\"headline\":\"Sobre dichos del Intendente en referencia a derechos de construcci\u00f3n de los parques e\u00f3licos\",\"datePublished\":\"2018-11-21T13:26:58+00:00\",\"dateModified\":\"2018-11-21T13:26:58+00:00\",\"mainEntityOfPage\":{\"@id\":\"https:\/\/www.celttv.com.ar\/index.php\/2018\/11\/21\/sobre-dichos-del-intendente-en-referencia-a-derechos-de-construccion-de-los-parques-eolicos\/\"},\"wordCount\":743,\"publisher\":{\"@id\":\"https:\/\/www.celttv.com.ar\/#organization\"},\"articleSection\":[\"Celt TV Noticias\",\"Comunidad\",\"Destacadas\",\"Pol\u00edtica\"],\"inLanguage\":\"es\"},{\"@type\":\"WebPage\",\"@id\":\"https:\/\/www.celttv.com.ar\/index.php\/2018\/11\/21\/sobre-dichos-del-intendente-en-referencia-a-derechos-de-construccion-de-los-parques-eolicos\/\",\"url\":\"https:\/\/www.celttv.com.ar\/index.php\/2018\/11\/21\/sobre-dichos-del-intendente-en-referencia-a-derechos-de-construccion-de-los-parques-eolicos\/\",\"name\":\"Sobre dichos del Intendente en referencia a derechos de construcci\u00f3n de los parques e\u00f3licos - CELTTV\",\"isPartOf\":{\"@id\":\"https:\/\/www.celttv.com.ar\/#website\"},\"datePublished\":\"2018-11-21T13:26:58+00:00\",\"dateModified\":\"2018-11-21T13:26:58+00:00\",\"description\":\"Sitio web de noticias de la localidad de Tornquist, provincia de Buenos Aires, Rep\u00fablica Argentina. Contenido propio originado por periodistas de CELTTV, el canal de TV local de la Cooperativa El\u00e9ctrica de Tornquist. Turismo, Pol\u00edtica, Sociedad, Deporte, Cultura y todo el contenido de inter\u00e9s general que la gente del pueblo y la regi\u00f3n debe conocer.\",\"breadcrumb\":{\"@id\":\"https:\/\/www.celttv.com.ar\/index.php\/2018\/11\/21\/sobre-dichos-del-intendente-en-referencia-a-derechos-de-construccion-de-los-parques-eolicos\/#breadcrumb\"},\"inLanguage\":\"es\",\"potentialAction\":[{\"@type\":\"ReadAction\",\"target\":[\"https:\/\/www.celttv.com.ar\/index.php\/2018\/11\/21\/sobre-dichos-del-intendente-en-referencia-a-derechos-de-construccion-de-los-parques-eolicos\/\"]}]},{\"@type\":\"BreadcrumbList\",\"@id\":\"https:\/\/www.celttv.com.ar\/index.php\/2018\/11\/21\/sobre-dichos-del-intendente-en-referencia-a-derechos-de-construccion-de-los-parques-eolicos\/#breadcrumb\",\"itemListElement\":[{\"@type\":\"ListItem\",\"position\":1,\"name\":\"Inicio\",\"item\":\"https:\/\/www.celttv.com.ar\/\"},{\"@type\":\"ListItem\",\"position\":2,\"name\":\"Sobre dichos del Intendente en referencia a derechos de construcci\u00f3n de los parques e\u00f3licos\"}]},{\"@type\":\"WebSite\",\"@id\":\"https:\/\/www.celttv.com.ar\/#website\",\"url\":\"https:\/\/www.celttv.com.ar\/\",\"name\":\"CELTTV\",\"description\":\"Cooperativa El\u00e9ctrica de Tornquist\",\"publisher\":{\"@id\":\"https:\/\/www.celttv.com.ar\/#organization\"},\"potentialAction\":[{\"@type\":\"SearchAction\",\"target\":{\"@type\":\"EntryPoint\",\"urlTemplate\":\"https:\/\/www.celttv.com.ar\/?s={search_term_string}\"},\"query-input\":\"required name=search_term_string\"}],\"inLanguage\":\"es\"},{\"@type\":\"Organization\",\"@id\":\"https:\/\/www.celttv.com.ar\/#organization\",\"name\":\"CELTTV\",\"url\":\"https:\/\/www.celttv.com.ar\/\",\"sameAs\":[\"https:\/\/www.youtube.com\/channel\/UCz_oIt8Hig64Ub-EmcNPIhg\",\"https:\/\/www.facebook.com\/celtTV\/\"],\"logo\":{\"@type\":\"ImageObject\",\"inLanguage\":\"es\",\"@id\":\"https:\/\/www.celttv.com.ar\/#\/schema\/logo\/image\/\",\"url\":\"http:\/\/www.celttv.com.ar\/wp-content\/uploads\/2022\/08\/logo-1.png\",\"contentUrl\":\"http:\/\/www.celttv.com.ar\/wp-content\/uploads\/2022\/08\/logo-1.png\",\"width\":461,\"height\":159,\"caption\":\"CELTTV\"},\"image\":{\"@id\":\"https:\/\/www.celttv.com.ar\/#\/schema\/logo\/image\/\"}},{\"@type\":\"Person\",\"@id\":\"https:\/\/www.celttv.com.ar\/#\/schema\/person\/6d99c072dba59953809c81446e9d0ace\",\"name\":\"ulises\",\"image\":{\"@type\":\"ImageObject\",\"inLanguage\":\"es\",\"@id\":\"https:\/\/www.celttv.com.ar\/#\/schema\/person\/image\/\",\"url\":\"https:\/\/secure.gravatar.com\/avatar\/7f2c48bdc33b30088f941fb6082e555f2874c98e20cb159d7b92b50eadfce793?s=96&d=mm&r=g\",\"contentUrl\":\"https:\/\/secure.gravatar.com\/avatar\/7f2c48bdc33b30088f941fb6082e555f2874c98e20cb159d7b92b50eadfce793?s=96&d=mm&r=g\",\"caption\":\"ulises\"},\"sameAs\":[\"http:\/\/www.celttv.com.ar\"]}]}<\/script>\n<!-- \/ Yoast SEO plugin. -->","yoast_head_json":{"title":"Sobre dichos del Intendente en referencia a derechos de construcci\u00f3n de los parques e\u00f3licos - CELTTV","description":"Sitio web de noticias de la localidad de Tornquist, provincia de Buenos Aires, Rep\u00fablica Argentina. Contenido propio originado por periodistas de CELTTV, el canal de TV local de la Cooperativa El\u00e9ctrica de Tornquist. Turismo, Pol\u00edtica, Sociedad, Deporte, Cultura y todo el contenido de inter\u00e9s general que la gente del pueblo y la regi\u00f3n debe conocer.","robots":{"index":"index","follow":"follow","max-snippet":"max-snippet:-1","max-image-preview":"max-image-preview:large","max-video-preview":"max-video-preview:-1"},"canonical":"https:\/\/www.celttv.com.ar\/index.php\/2018\/11\/21\/sobre-dichos-del-intendente-en-referencia-a-derechos-de-construccion-de-los-parques-eolicos\/","og_locale":"es_ES","og_type":"article","og_title":"Sobre dichos del Intendente en referencia a derechos de construcci\u00f3n de los parques e\u00f3licos - CELTTV","og_description":"Sitio web de noticias de la localidad de Tornquist, provincia de Buenos Aires, Rep\u00fablica Argentina. Contenido propio originado por periodistas de CELTTV, el canal de TV local de la Cooperativa El\u00e9ctrica de Tornquist. Turismo, Pol\u00edtica, Sociedad, Deporte, Cultura y todo el contenido de inter\u00e9s general que la gente del pueblo y la regi\u00f3n debe conocer.","og_url":"https:\/\/www.celttv.com.ar\/index.php\/2018\/11\/21\/sobre-dichos-del-intendente-en-referencia-a-derechos-de-construccion-de-los-parques-eolicos\/","og_site_name":"CELTTV","article_publisher":"https:\/\/www.facebook.com\/celtTV\/","article_published_time":"2018-11-21T13:26:58+00:00","og_image":[{"width":275,"height":183,"url":"https:\/\/www.celttv.com.ar\/wp-content\/uploads\/2018\/11\/descarga-2-1.jpg","type":"image\/jpeg"}],"author":"ulises","twitter_card":"summary_large_image","twitter_misc":{"Escrito por":"ulises","Tiempo de lectura":"4 minutos"},"schema":{"@context":"https:\/\/schema.org","@graph":[{"@type":"NewsArticle","@id":"https:\/\/www.celttv.com.ar\/index.php\/2018\/11\/21\/sobre-dichos-del-intendente-en-referencia-a-derechos-de-construccion-de-los-parques-eolicos\/#article","isPartOf":{"@id":"https:\/\/www.celttv.com.ar\/index.php\/2018\/11\/21\/sobre-dichos-del-intendente-en-referencia-a-derechos-de-construccion-de-los-parques-eolicos\/"},"author":{"name":"ulises","@id":"https:\/\/www.celttv.com.ar\/#\/schema\/person\/6d99c072dba59953809c81446e9d0ace"},"headline":"Sobre dichos del Intendente en referencia a derechos de construcci\u00f3n de los parques e\u00f3licos","datePublished":"2018-11-21T13:26:58+00:00","dateModified":"2018-11-21T13:26:58+00:00","mainEntityOfPage":{"@id":"https:\/\/www.celttv.com.ar\/index.php\/2018\/11\/21\/sobre-dichos-del-intendente-en-referencia-a-derechos-de-construccion-de-los-parques-eolicos\/"},"wordCount":743,"publisher":{"@id":"https:\/\/www.celttv.com.ar\/#organization"},"articleSection":["Celt TV Noticias","Comunidad","Destacadas","Pol\u00edtica"],"inLanguage":"es"},{"@type":"WebPage","@id":"https:\/\/www.celttv.com.ar\/index.php\/2018\/11\/21\/sobre-dichos-del-intendente-en-referencia-a-derechos-de-construccion-de-los-parques-eolicos\/","url":"https:\/\/www.celttv.com.ar\/index.php\/2018\/11\/21\/sobre-dichos-del-intendente-en-referencia-a-derechos-de-construccion-de-los-parques-eolicos\/","name":"Sobre dichos del Intendente en referencia a derechos de construcci\u00f3n de los parques e\u00f3licos - CELTTV","isPartOf":{"@id":"https:\/\/www.celttv.com.ar\/#website"},"datePublished":"2018-11-21T13:26:58+00:00","dateModified":"2018-11-21T13:26:58+00:00","description":"Sitio web de noticias de la localidad de Tornquist, provincia de Buenos Aires, Rep\u00fablica Argentina. Contenido propio originado por periodistas de CELTTV, el canal de TV local de la Cooperativa El\u00e9ctrica de Tornquist. Turismo, Pol\u00edtica, Sociedad, Deporte, Cultura y todo el contenido de inter\u00e9s general que la gente del pueblo y la regi\u00f3n debe conocer.","breadcrumb":{"@id":"https:\/\/www.celttv.com.ar\/index.php\/2018\/11\/21\/sobre-dichos-del-intendente-en-referencia-a-derechos-de-construccion-de-los-parques-eolicos\/#breadcrumb"},"inLanguage":"es","potentialAction":[{"@type":"ReadAction","target":["https:\/\/www.celttv.com.ar\/index.php\/2018\/11\/21\/sobre-dichos-del-intendente-en-referencia-a-derechos-de-construccion-de-los-parques-eolicos\/"]}]},{"@type":"BreadcrumbList","@id":"https:\/\/www.celttv.com.ar\/index.php\/2018\/11\/21\/sobre-dichos-del-intendente-en-referencia-a-derechos-de-construccion-de-los-parques-eolicos\/#breadcrumb","itemListElement":[{"@type":"ListItem","position":1,"name":"Inicio","item":"https:\/\/www.celttv.com.ar\/"},{"@type":"ListItem","position":2,"name":"Sobre dichos del Intendente en referencia a derechos de construcci\u00f3n de los parques e\u00f3licos"}]},{"@type":"WebSite","@id":"https:\/\/www.celttv.com.ar\/#website","url":"https:\/\/www.celttv.com.ar\/","name":"CELTTV","description":"Cooperativa El\u00e9ctrica de Tornquist","publisher":{"@id":"https:\/\/www.celttv.com.ar\/#organization"},"potentialAction":[{"@type":"SearchAction","target":{"@type":"EntryPoint","urlTemplate":"https:\/\/www.celttv.com.ar\/?s={search_term_string}"},"query-input":"required name=search_term_string"}],"inLanguage":"es"},{"@type":"Organization","@id":"https:\/\/www.celttv.com.ar\/#organization","name":"CELTTV","url":"https:\/\/www.celttv.com.ar\/","sameAs":["https:\/\/www.youtube.com\/channel\/UCz_oIt8Hig64Ub-EmcNPIhg","https:\/\/www.facebook.com\/celtTV\/"],"logo":{"@type":"ImageObject","inLanguage":"es","@id":"https:\/\/www.celttv.com.ar\/#\/schema\/logo\/image\/","url":"http:\/\/www.celttv.com.ar\/wp-content\/uploads\/2022\/08\/logo-1.png","contentUrl":"http:\/\/www.celttv.com.ar\/wp-content\/uploads\/2022\/08\/logo-1.png","width":461,"height":159,"caption":"CELTTV"},"image":{"@id":"https:\/\/www.celttv.com.ar\/#\/schema\/logo\/image\/"}},{"@type":"Person","@id":"https:\/\/www.celttv.com.ar\/#\/schema\/person\/6d99c072dba59953809c81446e9d0ace","name":"ulises","image":{"@type":"ImageObject","inLanguage":"es","@id":"https:\/\/www.celttv.com.ar\/#\/schema\/person\/image\/","url":"https:\/\/secure.gravatar.com\/avatar\/7f2c48bdc33b30088f941fb6082e555f2874c98e20cb159d7b92b50eadfce793?s=96&d=mm&r=g","contentUrl":"https:\/\/secure.gravatar.com\/avatar\/7f2c48bdc33b30088f941fb6082e555f2874c98e20cb159d7b92b50eadfce793?s=96&d=mm&r=g","caption":"ulises"},"sameAs":["http:\/\/www.celttv.com.ar"]}]}},"_links":{"self":[{"href":"https:\/\/www.celttv.com.ar\/index.php\/wp-json\/wp\/v2\/posts\/38614","targetHints":{"allow":["GET"]}}],"collection":[{"href":"https:\/\/www.celttv.com.ar\/index.php\/wp-json\/wp\/v2\/posts"}],"about":[{"href":"https:\/\/www.celttv.com.ar\/index.php\/wp-json\/wp\/v2\/types\/post"}],"author":[{"embeddable":true,"href":"https:\/\/www.celttv.com.ar\/index.php\/wp-json\/wp\/v2\/users\/1"}],"replies":[{"embeddable":true,"href":"https:\/\/www.celttv.com.ar\/index.php\/wp-json\/wp\/v2\/comments?post=38614"}],"version-history":[{"count":0,"href":"https:\/\/www.celttv.com.ar\/index.php\/wp-json\/wp\/v2\/posts\/38614\/revisions"}],"wp:featuredmedia":[{"embeddable":true,"href":"https:\/\/www.celttv.com.ar\/index.php\/wp-json\/wp\/v2\/media\/38615"}],"wp:attachment":[{"href":"https:\/\/www.celttv.com.ar\/index.php\/wp-json\/wp\/v2\/media?parent=38614"}],"wp:term":[{"taxonomy":"category","embeddable":true,"href":"https:\/\/www.celttv.com.ar\/index.php\/wp-json\/wp\/v2\/categories?post=38614"},{"taxonomy":"post_tag","embeddable":true,"href":"https:\/\/www.celttv.com.ar\/index.php\/wp-json\/wp\/v2\/tags?post=38614"}],"curies":[{"name":"wp","href":"https:\/\/api.w.org\/{rel}","templated":true}]}}