{"id":38617,"date":"2018-11-21T13:31:02","date_gmt":"2018-11-21T13:31:02","guid":{"rendered":"http:\/\/www.celttv.com.ar\/?p=38617"},"modified":"2018-11-21T13:31:02","modified_gmt":"2018-11-21T13:31:02","slug":"informe-de-la-ultima-sesion-ordinaria-del-concejo-deliberante","status":"publish","type":"post","link":"https:\/\/www.celttv.com.ar\/index.php\/2018\/11\/21\/informe-de-la-ultima-sesion-ordinaria-del-concejo-deliberante\/","title":{"rendered":"Informe de la \u00faltima sesi\u00f3n ordinaria del Concejo Deliberante"},"content":{"rendered":"<p><strong><u>Comunicaciones Oficiales y dict\u00e1menes de las Comisiones:<\/u><\/strong><br \/>\n<strong><u>\u00a0<\/u><\/strong><br \/>\n<strong><u>Expte. <\/u><\/strong><strong><u>N\u00ba 345\/18:<\/u><\/strong> \u201cD.E. \u2013 Convalida la firma del Acuerdo de Reposici\u00f3n y Mantenimiento de Alumbrado P\u00fablico celebrado con la Cooperativa El\u00e9ctrica de Chasic\u00f3 Limitada\u201d.<br \/>\nPasa a las Comisiones de Interpretaci\u00f3n y Reglamento, Asuntos Municipales, y Presupuesto y Hacienda.<br \/>\n&nbsp;<br \/>\n<strong><u>Expte. <\/u><\/strong><strong><u>N\u00ba 7069\/18:<\/u><\/strong> \u201cBloque F.P.V. y F.J.C. \u2013 Proyecto de Ordenanza: Ref. instalaci\u00f3n de buzones Anti-Narco\u201d.<br \/>\nPasa a las Comisiones de Salud P\u00fablica y Asuntos Municipales.<br \/>\n<strong><u>\u00a0<\/u><\/strong><br \/>\n<strong><u>Expte. <\/u><\/strong><strong><u>N\u00ba 330\/18:<\/u><\/strong> \u201cD.E. \u2013 Autoriza la firma del Convenio Espec\u00edfico de Colaboraci\u00f3n con el Departamento de Ingenier\u00eda de la Universidad Nacional del Sur. Numeraci\u00f3n domiciliaria de Parcelas \u2013 Sierra de la Ventana\u201d.<br \/>\nSeg\u00fan el dictamen de las Comisiones de Asuntos Municipales y Obras P\u00fablicas, se aprueba por unanimidad la Ordenanza con el N\u00ba 3094\/18 por la que se autoriza al Sr. Intendente Municipal Sergio Fabi\u00e1n Bordoni, a suscribir con el Sr. Director Decano del Departamento de Ingenier\u00eda de la Universidad Nacional del Sur de la ciudad de Bah\u00eda Blanca, Ing. Juan Carlos Schefer, el Convenio Espec\u00edfico de Colaboraci\u00f3n , para la ejecuci\u00f3n de trabajos de asistencia t\u00e9cnica en la asignaci\u00f3n de numeraci\u00f3n domiciliaria de parcelas ubicadas en la localidad de Sierra de la Ventana.<br \/>\n&nbsp;<br \/>\n<strong><u>Expte. <\/u><\/strong><strong><u>N\u00ba 7065\/18:<\/u><\/strong> \u201cN.P. \u2013 Consejo Municipal de las Mujeres: Ref. Campa\u00f1a \u201cBanco Rojo\u201d\u201d.<br \/>\nSe aprueba por unanimidad el dictamen de la Comisi\u00f3n de Asuntos Municipales que aconseja enviar el mismo al Archivo.<br \/>\n&nbsp;<br \/>\n<strong><u>Expte. <\/u><\/strong><strong><u>N\u00ba 7067\/18:<\/u><\/strong> \u201cBloque Cambiemos Bs. As. \u2013 Proyecto de Ordenanza: Turismo Activo\u201d.<br \/>\nSe aprueba por unanimidad el dictamen de las Comisiones\u00a0 de Asuntos Municipales, y Turismo y Desarrollo, que aconseja enviar el mismo al Archivo, al haberse promulgado por Decreto N\u00ba 1064\/18 la Ordenanza que dio origen este Expediente.<br \/>\n&nbsp;<br \/>\n<strong><u>Expte. <\/u><\/strong><strong><u>N\u00ba 7074\/18:<\/u><\/strong> \u201cN.P. \u2013 Consejo Municipal de Mujeres: Presenta Proyecto de Ordenanza denominado \u201cMedio Mundo\u201d\u201d.<br \/>\nSe aprueba por unanimidad el dictamen de la Comisi\u00f3n de Asuntos Municipales que conseja enviar el mismo al Departamento Ejecutivo para que a trav\u00e9s del \u00e1rea que corresponda analice la viabilidad del Proyecto con consta en el Expediente.<br \/>\n&nbsp;<br \/>\n<strong><u>Proyectos Presentados:<\/u><\/strong><br \/>\n&nbsp;<br \/>\n<strong><u>Bloque Cambiemos Buenos Aires- Minuta de Comunicaci\u00f3n:<\/u><\/strong> Solicita a las autoridades de la Anses Local, Regional y Nacional que analice la situaci\u00f3n que presenta actualmente esta repartici\u00f3n, al haber modificado sus servicios y prestar atenci\u00f3n en oficinas municipales de la ciudad de Tornquist, Villa Ventana y Sierra de la Ventana, lo que produce dificultades en la atenci\u00f3n al vecino, y origina que \u00a0estos deban trasladarse a otras ciudades para que puedan realizar sus tr\u00e1mites con \u00e9xito.<br \/>\nSe pide formaci\u00f3n de Expediente y pase a Comisi\u00f3n.-<br \/>\n&nbsp;<br \/>\n<strong><u>Bloques Frente para la Victoria y Frente Justicialista Cumplir: Proyecto de Resoluci\u00f3n:<\/u><\/strong> El Honorable Concejo Deliberante de Tornquist solicita al Gobierno de la Provincia de Buenos Aires, eval\u00fae retirar el Presupuesto 2019, y que el mismo se rehaga incluyendo las propuestas de las fuerzas pol\u00edticas de la oposici\u00f3n para que sea reenviado al Congreso de la Provincia de Buenos Aires para que pueda ser analizado, debatido y aprobado sobre bases ciertas y realistas.<br \/>\nSe solicita formaci\u00f3n de Expediente y pase a Comisi\u00f3n.-<br \/>\n&nbsp;<br \/>\n<strong><u>Asuntos Particulares:<\/u><\/strong><br \/>\n<strong><u>\u00a0<\/u><\/strong><br \/>\n<strong><u>N.P. C\u00e1mara de Comercio y Turismo de Villa Ventana:<\/u><\/strong> Solicita uso de Banca N\u00ba 13 para exponer las consideraciones y reparos fundamentados a la modificaci\u00f3n del Plan de Ordenamiento Territorial de la Comarca de la Sierra de la Ventana, realizada por Ordenanza 3090\/18.<br \/>\nSe solicita formaci\u00f3n de Expediente y pase a Comisi\u00f3n.-<br \/>\n&nbsp;<br \/>\n<strong><u>N.P.\u00a0 C\u00e1mara de Comercio y Turismo de Villa Ventana: <\/u><\/strong>Solicita que se les d\u00e9 los fundamentos y explicaciones por lo cual el Proyecto de Ordenanza sobre la Modificaci\u00f3n del Plan de Ordenamiento Territorial de la Comarca de Sierra de la Ventana, fue tratado y aprobado por mayor\u00eda, (Ordenanza N\u00ba 3090\/18, espec\u00edficamente en su art\u00edculo 16), sin haberse citado a ninguna Audiencia P\u00fablica, ni haber informado ni consultado a vecinos e Instituciones del Distrito,\u00a0 incumpliendo el Cap\u00edtulo XIII del Procedimiento de Modificaci\u00f3n del C\u00f3digo de Ordenamiento, en sus art\u00edculos 13.1; 13.2 y 13.5.-<br \/>\nSe solicita formaci\u00f3n de Expediente y pase a Comisi\u00f3n.-<br \/>\n&nbsp;<br \/>\nConcejal Skolak Mar\u00eda Ofelia:<br \/>\n\u201cBueno, quer\u00eda aclarar con respecto a estas modificaciones que se aprobaron en la Sesi\u00f3n anterior, que bueno, no est\u00e1bamos tan equivocados a la hora de dictaminar que hab\u00eda que hacer m\u00e1s consultas, que necesit\u00e1bamos la convalidaci\u00f3n de la Provincia, y queda m\u00e1s que claro que lo que nos dijo el Secretario de Planificaci\u00f3n, evidentemente no fue lo correcto, porque hoy por hoy tenemos una nota formal remitida por una instituci\u00f3n muy importante de la localidad de Villa Ventana, donde deja m\u00e1s que claro que no fueron consultados, cosa que el Secretario de Planificaci\u00f3n dijo que lo hab\u00eda consensuado. Entonces, me parece que a la hora de tomar estas decisiones, cuando a veces decimos, queremos tratar estos temas con m\u00e1s cuidado,\u00a0 nos responden como nos respondi\u00f3 el Concejal Ibarra, que no queremos aprobar nada. Nada m\u00e1s se\u00f1or Presidente\u201d.<br \/>\n&nbsp;<br \/>\nConcejal de Larena Germ\u00e1n:<br \/>\n\u201cSi, para no dejar pasar el tema, no comparto con la Concejal Skolak que se haya tomado una decisi\u00f3n err\u00f3nea. Por supuesto que todos los reclamos de los vecinos son tra\u00eddos al Recinto, son escuchados, y ser\u00e1n analizados, forma parte de nuestro trabajo. Pero eso no quiere decir que hayamos tomado una mala decisi\u00f3n. Gracias se\u00f1or Presidente\u201d.<br \/>\n&nbsp;<br \/>\nConcejal Skolak Mar\u00eda Ofelia:<br \/>\n\u201cSi, justamente cuando hablamos de que las instituciones, debemos escuchar a los vecinos, a las instituciones que nos representan, debe ser previo a la toma de decisiones. Hoy por hoy las modificaciones est\u00e1n aprobadas, y est\u00e1n promulgadas. Nada m\u00e1s se\u00f1or Presidente\u201d.<br \/>\n&nbsp;<br \/>\n<strong><u>N.P. Hugo Alfredo Rodr\u00edguez- Concesionario del Balneario Parque Norte, Tornquist:<\/u><\/strong> Solicita se apruebe un nuevo cuadro tarifario para la temporada estival 2018-2019.<br \/>\nSe solicita formaci\u00f3n de Expediente y pase a Comisi\u00f3n.-<br \/>\n<strong><u>\u00a0<\/u><\/strong><br \/>\nHONORABLE CONCEJO DELIBERANTE<br \/>\n&nbsp;<\/p>\n","protected":false},"excerpt":{"rendered":"<p>Comunicaciones Oficiales y dict\u00e1menes de las Comisiones: \u00a0 Expte. N\u00ba 345\/18: \u201cD.E. \u2013 Convalida la firma del Acuerdo de Reposici\u00f3n y Mantenimiento de Alumbrado P\u00fablico celebrado con la Cooperativa El\u00e9ctrica de Chasic\u00f3 Limitada\u201d. Pasa a las Comisiones de Interpretaci\u00f3n y Reglamento, Asuntos Municipales, y Presupuesto y Hacienda. &nbsp; Expte. N\u00ba 7069\/18: \u201cBloque F.P.V. y F.J.C. [&hellip;]<\/p>\n","protected":false},"author":1,"featured_media":38618,"comment_status":"closed","ping_status":"open","sticky":false,"template":"","format":"standard","meta":{"footnotes":""},"categories":[55,51,52,53],"tags":[],"class_list":["post-38617","post","type-post","status-publish","format-standard","has-post-thumbnail","hentry","category-celt-tv-noticias","category-comunidad","category-destacadas","category-politica"],"yoast_head":"<!-- This site is optimized with the Yoast SEO plugin v19.7.1 - https:\/\/yoast.com\/wordpress\/plugins\/seo\/ -->\n<title>Informe de la \u00faltima sesi\u00f3n ordinaria del Concejo Deliberante - CELTTV<\/title>\n<meta name=\"description\" content=\"Sitio web de noticias de la localidad de Tornquist, provincia de Buenos Aires, Rep\u00fablica Argentina. Contenido propio originado por periodistas de CELTTV, el canal de TV local de la Cooperativa El\u00e9ctrica de Tornquist. Turismo, Pol\u00edtica, Sociedad, Deporte, Cultura y todo el contenido de inter\u00e9s general que la gente del pueblo y la regi\u00f3n debe conocer.\" \/>\n<meta name=\"robots\" content=\"index, follow, max-snippet:-1, max-image-preview:large, max-video-preview:-1\" \/>\n<link rel=\"canonical\" href=\"https:\/\/www.celttv.com.ar\/index.php\/2018\/11\/21\/informe-de-la-ultima-sesion-ordinaria-del-concejo-deliberante\/\" \/>\n<meta property=\"og:locale\" content=\"es_ES\" \/>\n<meta property=\"og:type\" content=\"article\" \/>\n<meta property=\"og:title\" content=\"Informe de la \u00faltima sesi\u00f3n ordinaria del Concejo Deliberante - CELTTV\" \/>\n<meta property=\"og:description\" content=\"Sitio web de noticias de la localidad de Tornquist, provincia de Buenos Aires, Rep\u00fablica Argentina. Contenido propio originado por periodistas de CELTTV, el canal de TV local de la Cooperativa El\u00e9ctrica de Tornquist. Turismo, Pol\u00edtica, Sociedad, Deporte, Cultura y todo el contenido de inter\u00e9s general que la gente del pueblo y la regi\u00f3n debe conocer.\" \/>\n<meta property=\"og:url\" content=\"https:\/\/www.celttv.com.ar\/index.php\/2018\/11\/21\/informe-de-la-ultima-sesion-ordinaria-del-concejo-deliberante\/\" \/>\n<meta property=\"og:site_name\" content=\"CELTTV\" \/>\n<meta property=\"article:publisher\" content=\"https:\/\/www.facebook.com\/celtTV\/\" \/>\n<meta property=\"article:published_time\" content=\"2018-11-21T13:31:02+00:00\" \/>\n<meta property=\"og:image\" content=\"https:\/\/www.celttv.com.ar\/wp-content\/uploads\/2018\/11\/P1070184.jpg\" \/>\n\t<meta property=\"og:image:width\" content=\"1024\" \/>\n\t<meta property=\"og:image:height\" content=\"768\" \/>\n\t<meta property=\"og:image:type\" content=\"image\/jpeg\" \/>\n<meta name=\"author\" content=\"ulises\" \/>\n<meta name=\"twitter:card\" content=\"summary_large_image\" \/>\n<meta name=\"twitter:label1\" content=\"Escrito por\" \/>\n\t<meta name=\"twitter:data1\" content=\"ulises\" \/>\n\t<meta name=\"twitter:label2\" content=\"Tiempo de lectura\" \/>\n\t<meta name=\"twitter:data2\" content=\"5 minutos\" \/>\n<script type=\"application\/ld+json\" class=\"yoast-schema-graph\">{\"@context\":\"https:\/\/schema.org\",\"@graph\":[{\"@type\":\"NewsArticle\",\"@id\":\"https:\/\/www.celttv.com.ar\/index.php\/2018\/11\/21\/informe-de-la-ultima-sesion-ordinaria-del-concejo-deliberante\/#article\",\"isPartOf\":{\"@id\":\"https:\/\/www.celttv.com.ar\/index.php\/2018\/11\/21\/informe-de-la-ultima-sesion-ordinaria-del-concejo-deliberante\/\"},\"author\":{\"name\":\"ulises\",\"@id\":\"https:\/\/www.celttv.com.ar\/#\/schema\/person\/6d99c072dba59953809c81446e9d0ace\"},\"headline\":\"Informe de la \u00faltima sesi\u00f3n ordinaria del Concejo Deliberante\",\"datePublished\":\"2018-11-21T13:31:02+00:00\",\"dateModified\":\"2018-11-21T13:31:02+00:00\",\"mainEntityOfPage\":{\"@id\":\"https:\/\/www.celttv.com.ar\/index.php\/2018\/11\/21\/informe-de-la-ultima-sesion-ordinaria-del-concejo-deliberante\/\"},\"wordCount\":1044,\"publisher\":{\"@id\":\"https:\/\/www.celttv.com.ar\/#organization\"},\"articleSection\":[\"Celt TV Noticias\",\"Comunidad\",\"Destacadas\",\"Pol\u00edtica\"],\"inLanguage\":\"es\"},{\"@type\":\"WebPage\",\"@id\":\"https:\/\/www.celttv.com.ar\/index.php\/2018\/11\/21\/informe-de-la-ultima-sesion-ordinaria-del-concejo-deliberante\/\",\"url\":\"https:\/\/www.celttv.com.ar\/index.php\/2018\/11\/21\/informe-de-la-ultima-sesion-ordinaria-del-concejo-deliberante\/\",\"name\":\"Informe de la \u00faltima sesi\u00f3n ordinaria del Concejo Deliberante - CELTTV\",\"isPartOf\":{\"@id\":\"https:\/\/www.celttv.com.ar\/#website\"},\"datePublished\":\"2018-11-21T13:31:02+00:00\",\"dateModified\":\"2018-11-21T13:31:02+00:00\",\"description\":\"Sitio web de noticias de la localidad de Tornquist, provincia de Buenos Aires, Rep\u00fablica Argentina. Contenido propio originado por periodistas de CELTTV, el canal de TV local de la Cooperativa El\u00e9ctrica de Tornquist. Turismo, Pol\u00edtica, Sociedad, Deporte, Cultura y todo el contenido de inter\u00e9s general que la gente del pueblo y la regi\u00f3n debe conocer.\",\"breadcrumb\":{\"@id\":\"https:\/\/www.celttv.com.ar\/index.php\/2018\/11\/21\/informe-de-la-ultima-sesion-ordinaria-del-concejo-deliberante\/#breadcrumb\"},\"inLanguage\":\"es\",\"potentialAction\":[{\"@type\":\"ReadAction\",\"target\":[\"https:\/\/www.celttv.com.ar\/index.php\/2018\/11\/21\/informe-de-la-ultima-sesion-ordinaria-del-concejo-deliberante\/\"]}]},{\"@type\":\"BreadcrumbList\",\"@id\":\"https:\/\/www.celttv.com.ar\/index.php\/2018\/11\/21\/informe-de-la-ultima-sesion-ordinaria-del-concejo-deliberante\/#breadcrumb\",\"itemListElement\":[{\"@type\":\"ListItem\",\"position\":1,\"name\":\"Inicio\",\"item\":\"https:\/\/www.celttv.com.ar\/\"},{\"@type\":\"ListItem\",\"position\":2,\"name\":\"Informe de la \u00faltima sesi\u00f3n ordinaria del Concejo Deliberante\"}]},{\"@type\":\"WebSite\",\"@id\":\"https:\/\/www.celttv.com.ar\/#website\",\"url\":\"https:\/\/www.celttv.com.ar\/\",\"name\":\"CELTTV\",\"description\":\"Cooperativa El\u00e9ctrica de Tornquist\",\"publisher\":{\"@id\":\"https:\/\/www.celttv.com.ar\/#organization\"},\"potentialAction\":[{\"@type\":\"SearchAction\",\"target\":{\"@type\":\"EntryPoint\",\"urlTemplate\":\"https:\/\/www.celttv.com.ar\/?s={search_term_string}\"},\"query-input\":\"required name=search_term_string\"}],\"inLanguage\":\"es\"},{\"@type\":\"Organization\",\"@id\":\"https:\/\/www.celttv.com.ar\/#organization\",\"name\":\"CELTTV\",\"url\":\"https:\/\/www.celttv.com.ar\/\",\"sameAs\":[\"https:\/\/www.youtube.com\/channel\/UCz_oIt8Hig64Ub-EmcNPIhg\",\"https:\/\/www.facebook.com\/celtTV\/\"],\"logo\":{\"@type\":\"ImageObject\",\"inLanguage\":\"es\",\"@id\":\"https:\/\/www.celttv.com.ar\/#\/schema\/logo\/image\/\",\"url\":\"http:\/\/www.celttv.com.ar\/wp-content\/uploads\/2022\/08\/logo-1.png\",\"contentUrl\":\"http:\/\/www.celttv.com.ar\/wp-content\/uploads\/2022\/08\/logo-1.png\",\"width\":461,\"height\":159,\"caption\":\"CELTTV\"},\"image\":{\"@id\":\"https:\/\/www.celttv.com.ar\/#\/schema\/logo\/image\/\"}},{\"@type\":\"Person\",\"@id\":\"https:\/\/www.celttv.com.ar\/#\/schema\/person\/6d99c072dba59953809c81446e9d0ace\",\"name\":\"ulises\",\"image\":{\"@type\":\"ImageObject\",\"inLanguage\":\"es\",\"@id\":\"https:\/\/www.celttv.com.ar\/#\/schema\/person\/image\/\",\"url\":\"https:\/\/secure.gravatar.com\/avatar\/7f2c48bdc33b30088f941fb6082e555f2874c98e20cb159d7b92b50eadfce793?s=96&d=mm&r=g\",\"contentUrl\":\"https:\/\/secure.gravatar.com\/avatar\/7f2c48bdc33b30088f941fb6082e555f2874c98e20cb159d7b92b50eadfce793?s=96&d=mm&r=g\",\"caption\":\"ulises\"},\"sameAs\":[\"http:\/\/www.celttv.com.ar\"]}]}<\/script>\n<!-- \/ Yoast SEO plugin. -->","yoast_head_json":{"title":"Informe de la \u00faltima sesi\u00f3n ordinaria del Concejo Deliberante - CELTTV","description":"Sitio web de noticias de la localidad de Tornquist, provincia de Buenos Aires, Rep\u00fablica Argentina. Contenido propio originado por periodistas de CELTTV, el canal de TV local de la Cooperativa El\u00e9ctrica de Tornquist. Turismo, Pol\u00edtica, Sociedad, Deporte, Cultura y todo el contenido de inter\u00e9s general que la gente del pueblo y la regi\u00f3n debe conocer.","robots":{"index":"index","follow":"follow","max-snippet":"max-snippet:-1","max-image-preview":"max-image-preview:large","max-video-preview":"max-video-preview:-1"},"canonical":"https:\/\/www.celttv.com.ar\/index.php\/2018\/11\/21\/informe-de-la-ultima-sesion-ordinaria-del-concejo-deliberante\/","og_locale":"es_ES","og_type":"article","og_title":"Informe de la \u00faltima sesi\u00f3n ordinaria del Concejo Deliberante - CELTTV","og_description":"Sitio web de noticias de la localidad de Tornquist, provincia de Buenos Aires, Rep\u00fablica Argentina. Contenido propio originado por periodistas de CELTTV, el canal de TV local de la Cooperativa El\u00e9ctrica de Tornquist. Turismo, Pol\u00edtica, Sociedad, Deporte, Cultura y todo el contenido de inter\u00e9s general que la gente del pueblo y la regi\u00f3n debe conocer.","og_url":"https:\/\/www.celttv.com.ar\/index.php\/2018\/11\/21\/informe-de-la-ultima-sesion-ordinaria-del-concejo-deliberante\/","og_site_name":"CELTTV","article_publisher":"https:\/\/www.facebook.com\/celtTV\/","article_published_time":"2018-11-21T13:31:02+00:00","og_image":[{"width":1024,"height":768,"url":"https:\/\/www.celttv.com.ar\/wp-content\/uploads\/2018\/11\/P1070184.jpg","type":"image\/jpeg"}],"author":"ulises","twitter_card":"summary_large_image","twitter_misc":{"Escrito por":"ulises","Tiempo de lectura":"5 minutos"},"schema":{"@context":"https:\/\/schema.org","@graph":[{"@type":"NewsArticle","@id":"https:\/\/www.celttv.com.ar\/index.php\/2018\/11\/21\/informe-de-la-ultima-sesion-ordinaria-del-concejo-deliberante\/#article","isPartOf":{"@id":"https:\/\/www.celttv.com.ar\/index.php\/2018\/11\/21\/informe-de-la-ultima-sesion-ordinaria-del-concejo-deliberante\/"},"author":{"name":"ulises","@id":"https:\/\/www.celttv.com.ar\/#\/schema\/person\/6d99c072dba59953809c81446e9d0ace"},"headline":"Informe de la \u00faltima sesi\u00f3n ordinaria del Concejo Deliberante","datePublished":"2018-11-21T13:31:02+00:00","dateModified":"2018-11-21T13:31:02+00:00","mainEntityOfPage":{"@id":"https:\/\/www.celttv.com.ar\/index.php\/2018\/11\/21\/informe-de-la-ultima-sesion-ordinaria-del-concejo-deliberante\/"},"wordCount":1044,"publisher":{"@id":"https:\/\/www.celttv.com.ar\/#organization"},"articleSection":["Celt TV Noticias","Comunidad","Destacadas","Pol\u00edtica"],"inLanguage":"es"},{"@type":"WebPage","@id":"https:\/\/www.celttv.com.ar\/index.php\/2018\/11\/21\/informe-de-la-ultima-sesion-ordinaria-del-concejo-deliberante\/","url":"https:\/\/www.celttv.com.ar\/index.php\/2018\/11\/21\/informe-de-la-ultima-sesion-ordinaria-del-concejo-deliberante\/","name":"Informe de la \u00faltima sesi\u00f3n ordinaria del Concejo Deliberante - CELTTV","isPartOf":{"@id":"https:\/\/www.celttv.com.ar\/#website"},"datePublished":"2018-11-21T13:31:02+00:00","dateModified":"2018-11-21T13:31:02+00:00","description":"Sitio web de noticias de la localidad de Tornquist, provincia de Buenos Aires, Rep\u00fablica Argentina. Contenido propio originado por periodistas de CELTTV, el canal de TV local de la Cooperativa El\u00e9ctrica de Tornquist. Turismo, Pol\u00edtica, Sociedad, Deporte, Cultura y todo el contenido de inter\u00e9s general que la gente del pueblo y la regi\u00f3n debe conocer.","breadcrumb":{"@id":"https:\/\/www.celttv.com.ar\/index.php\/2018\/11\/21\/informe-de-la-ultima-sesion-ordinaria-del-concejo-deliberante\/#breadcrumb"},"inLanguage":"es","potentialAction":[{"@type":"ReadAction","target":["https:\/\/www.celttv.com.ar\/index.php\/2018\/11\/21\/informe-de-la-ultima-sesion-ordinaria-del-concejo-deliberante\/"]}]},{"@type":"BreadcrumbList","@id":"https:\/\/www.celttv.com.ar\/index.php\/2018\/11\/21\/informe-de-la-ultima-sesion-ordinaria-del-concejo-deliberante\/#breadcrumb","itemListElement":[{"@type":"ListItem","position":1,"name":"Inicio","item":"https:\/\/www.celttv.com.ar\/"},{"@type":"ListItem","position":2,"name":"Informe de la \u00faltima sesi\u00f3n ordinaria del Concejo Deliberante"}]},{"@type":"WebSite","@id":"https:\/\/www.celttv.com.ar\/#website","url":"https:\/\/www.celttv.com.ar\/","name":"CELTTV","description":"Cooperativa El\u00e9ctrica de Tornquist","publisher":{"@id":"https:\/\/www.celttv.com.ar\/#organization"},"potentialAction":[{"@type":"SearchAction","target":{"@type":"EntryPoint","urlTemplate":"https:\/\/www.celttv.com.ar\/?s={search_term_string}"},"query-input":"required name=search_term_string"}],"inLanguage":"es"},{"@type":"Organization","@id":"https:\/\/www.celttv.com.ar\/#organization","name":"CELTTV","url":"https:\/\/www.celttv.com.ar\/","sameAs":["https:\/\/www.youtube.com\/channel\/UCz_oIt8Hig64Ub-EmcNPIhg","https:\/\/www.facebook.com\/celtTV\/"],"logo":{"@type":"ImageObject","inLanguage":"es","@id":"https:\/\/www.celttv.com.ar\/#\/schema\/logo\/image\/","url":"http:\/\/www.celttv.com.ar\/wp-content\/uploads\/2022\/08\/logo-1.png","contentUrl":"http:\/\/www.celttv.com.ar\/wp-content\/uploads\/2022\/08\/logo-1.png","width":461,"height":159,"caption":"CELTTV"},"image":{"@id":"https:\/\/www.celttv.com.ar\/#\/schema\/logo\/image\/"}},{"@type":"Person","@id":"https:\/\/www.celttv.com.ar\/#\/schema\/person\/6d99c072dba59953809c81446e9d0ace","name":"ulises","image":{"@type":"ImageObject","inLanguage":"es","@id":"https:\/\/www.celttv.com.ar\/#\/schema\/person\/image\/","url":"https:\/\/secure.gravatar.com\/avatar\/7f2c48bdc33b30088f941fb6082e555f2874c98e20cb159d7b92b50eadfce793?s=96&d=mm&r=g","contentUrl":"https:\/\/secure.gravatar.com\/avatar\/7f2c48bdc33b30088f941fb6082e555f2874c98e20cb159d7b92b50eadfce793?s=96&d=mm&r=g","caption":"ulises"},"sameAs":["http:\/\/www.celttv.com.ar"]}]}},"_links":{"self":[{"href":"https:\/\/www.celttv.com.ar\/index.php\/wp-json\/wp\/v2\/posts\/38617","targetHints":{"allow":["GET"]}}],"collection":[{"href":"https:\/\/www.celttv.com.ar\/index.php\/wp-json\/wp\/v2\/posts"}],"about":[{"href":"https:\/\/www.celttv.com.ar\/index.php\/wp-json\/wp\/v2\/types\/post"}],"author":[{"embeddable":true,"href":"https:\/\/www.celttv.com.ar\/index.php\/wp-json\/wp\/v2\/users\/1"}],"replies":[{"embeddable":true,"href":"https:\/\/www.celttv.com.ar\/index.php\/wp-json\/wp\/v2\/comments?post=38617"}],"version-history":[{"count":0,"href":"https:\/\/www.celttv.com.ar\/index.php\/wp-json\/wp\/v2\/posts\/38617\/revisions"}],"wp:featuredmedia":[{"embeddable":true,"href":"https:\/\/www.celttv.com.ar\/index.php\/wp-json\/wp\/v2\/media\/38618"}],"wp:attachment":[{"href":"https:\/\/www.celttv.com.ar\/index.php\/wp-json\/wp\/v2\/media?parent=38617"}],"wp:term":[{"taxonomy":"category","embeddable":true,"href":"https:\/\/www.celttv.com.ar\/index.php\/wp-json\/wp\/v2\/categories?post=38617"},{"taxonomy":"post_tag","embeddable":true,"href":"https:\/\/www.celttv.com.ar\/index.php\/wp-json\/wp\/v2\/tags?post=38617"}],"curies":[{"name":"wp","href":"https:\/\/api.w.org\/{rel}","templated":true}]}}