{"id":38657,"date":"2018-11-22T14:10:22","date_gmt":"2018-11-22T14:10:22","guid":{"rendered":"http:\/\/www.celttv.com.ar\/?p=38657"},"modified":"2018-11-22T14:10:22","modified_gmt":"2018-11-22T14:10:22","slug":"decreto-convocatoria-a-sesiones-extraordinarias-reconocimiento-abanderados-y-escoltas-del-distrito","status":"publish","type":"post","link":"https:\/\/www.celttv.com.ar\/index.php\/2018\/11\/22\/decreto-convocatoria-a-sesiones-extraordinarias-reconocimiento-abanderados-y-escoltas-del-distrito\/","title":{"rendered":"Decreto convocatoria a Sesiones Extraordinarias Reconocimiento Abanderados y Escoltas del Distrito"},"content":{"rendered":"<p>DECRETO\u00a0 N\u00ba 03\/18<br \/>\n<strong><u>VISTO:<\/u><\/strong><br \/>\nLa Resoluci\u00f3n N\u00ba 25\/18\u00a0 aprobada por la Unanimidad de los miembros que componen este Honorable Concejo Deliberante a los veinticinco d\u00edas del mes de septiembre del a\u00f1o dos mil dieciocho, y;<br \/>\n<strong><u>CONSIDERANDO:<\/u><\/strong><br \/>\nQue mediante la citada Resoluci\u00f3n, se dispone la convocatoria de los abanderados y escoltas de los pabellones Argentino y Bonaerense de las Escuelas del Distrito.<br \/>\nQue el motivo de dicha convocatoria, es rescatar el m\u00e9rito personal y reconocer el esfuerzo, la dedicaci\u00f3n, la responsabilidad y el compromiso puestos de manifiesto por tales alumnos, a trav\u00e9s de la entrega de un Diploma.<br \/>\nQue el Art\u00edculo N\u00ba 68 de la Ley Org\u00e1nica de las Municipalidades versa: \u201dLos Concejos Deliberantes funcionar\u00e1n en la cabecera del Parido correspondiente, pero podr\u00e1n hacerlo en otro punto del mismo, precediendo una disposici\u00f3n del Concejo que as\u00ed lo autorice.\u201d<br \/>\nQue a los efectos de hacer efectivo el reconocimiento de este Concejo Deliberante a tan honrosos portadores, se dispone la realizaci\u00f3n de una Sesi\u00f3n Extraordinaria, de conformidad a lo normados en el Art\u00edculo 68, inciso 5\u00ba de la Ley Org\u00e1nica de las Municipalidades y del Art\u00edculo 5\u00ba del Reglamento Interno.<br \/>\n&nbsp;<br \/>\n<strong><u>POR ELLO:<\/u><\/strong><br \/>\n<strong>EL PRESIDENTE DEL HONORABLE CONCEJO DELIBERANTE,<\/strong><br \/>\n<strong>en uso de sus facultades:<\/strong><br \/>\n<strong><u>D E C R E T A.<\/u><\/strong><br \/>\n<strong><u>ARTICULO 1\u00ba:<\/u><\/strong> Convocase a Sesi\u00f3n Extraordinaria a los Sres. Concejales, a los ni\u00f1os y j\u00f3venes portadores de las Banderas Argentina y Bonaerense, juntamente con sus Escoltas<strong><em>, <\/em><\/strong>y a los Directivos y Docentes de las respectivas Escuelas; para los d\u00edas:<\/p>\n<ul>\n<li>27 de Noviembre de 2018, a la hora 20, en el Club Atl\u00e9tico Pelicurense de la localidad de Pelicur\u00e1<\/li>\n<li>28 de Noviembre de 2018, a la hora 20, en el Teatro Municipal \u201cRodolfo Funke\u201d, de la ciudad de Tornquist,<\/li>\n<li>29 de Noviembre de 2018, a la hora 20, en la Escuela Primaria N\u00b0 2 de la localidad de Saldungaray;<\/li>\n<\/ul>\n<p><strong><u>ARTICULO 2\u00ba:<\/u><\/strong> Comun\u00edquese, publ\u00edquese, reg\u00edstrese y cumplido ARCH\u00cdVESE.-<\/p>\n<h1>TORNQUIST, 20 DE NOVIEMBRE DE 2018.-<\/h1>\n<p>&nbsp;<br \/>\n<strong>\u00a0\u00a0\u00a0\u00a0 \u00a0\u00a0\u00a0\u00a0\u00a0\u00a0\u00a0\u00a0\u00a0\u00a0\u00a0\u00a0\u00a0\u00a0\u00a0\u00a0\u00a0\u00a0\u00a0\u00a0Ma. Valentina Nyez\u00a0\u00a0\u00a0\u00a0\u00a0\u00a0\u00a0\u00a0\u00a0\u00a0\u00a0\u00a0\u00a0\u00a0\u00a0\u00a0\u00a0\u00a0\u00a0\u00a0 \u00a0\u00a0\u00a0\u00a0\u00a0\u00a0\u00a0\u00a0\u00a0\u00a0\u00a0\u00a0\u00a0\u00a0\u00a0\u00a0\u00a0\u00a0\u00a0\u00a0\u00a0\u00a0\u00a0\u00a0\u00a0\u00a0\u00a0\u00a0\u00a0\u00a0Gustavo Moroncini<\/strong><br \/>\n<strong>\u00a0\u00a0\u00a0\u00a0\u00a0\u00a0\u00a0\u00a0\u00a0\u00a0\u00a0\u00a0\u00a0\u00a0\u00a0\u00a0\u00a0\u00a0\u00a0\u00a0\u00a0\u00a0\u00a0\u00a0\u00a0\u00a0 Secretaria H.C.D\u00a0\u00a0\u00a0\u00a0\u00a0\u00a0\u00a0\u00a0\u00a0\u00a0\u00a0\u00a0\u00a0\u00a0\u00a0\u00a0\u00a0\u00a0\u00a0\u00a0 \u00a0\u00a0\u00a0\u00a0\u00a0\u00a0\u00a0\u00a0\u00a0\u00a0\u00a0\u00a0\u00a0\u00a0\u00a0\u00a0\u00a0\u00a0\u00a0\u00a0\u00a0\u00a0\u00a0\u00a0\u00a0\u00a0\u00a0\u00a0\u00a0\u00a0\u00a0\u00a0\u00a0\u00a0Presidente H.C.D.<\/strong><br \/>\n&nbsp;<\/p>\n","protected":false},"excerpt":{"rendered":"<p>DECRETO\u00a0 N\u00ba 03\/18 VISTO: La Resoluci\u00f3n N\u00ba 25\/18\u00a0 aprobada por la Unanimidad de los miembros que componen este Honorable Concejo Deliberante a los veinticinco d\u00edas del mes de septiembre del a\u00f1o dos mil dieciocho, y; CONSIDERANDO: Que mediante la citada Resoluci\u00f3n, se dispone la convocatoria de los abanderados y escoltas de los pabellones Argentino y [&hellip;]<\/p>\n","protected":false},"author":1,"featured_media":38658,"comment_status":"closed","ping_status":"open","sticky":false,"template":"","format":"standard","meta":{"footnotes":""},"categories":[55,51,52],"tags":[],"class_list":["post-38657","post","type-post","status-publish","format-standard","has-post-thumbnail","hentry","category-celt-tv-noticias","category-comunidad","category-destacadas"],"yoast_head":"<!-- This site is optimized with the Yoast SEO plugin v19.7.1 - https:\/\/yoast.com\/wordpress\/plugins\/seo\/ -->\n<title>Decreto convocatoria a Sesiones Extraordinarias Reconocimiento Abanderados y Escoltas del Distrito - CELTTV<\/title>\n<meta name=\"description\" content=\"Sitio web de noticias de la localidad de Tornquist, provincia de Buenos Aires, Rep\u00fablica Argentina. Contenido propio originado por periodistas de CELTTV, el canal de TV local de la Cooperativa El\u00e9ctrica de Tornquist. Turismo, Pol\u00edtica, Sociedad, Deporte, Cultura y todo el contenido de inter\u00e9s general que la gente del pueblo y la regi\u00f3n debe conocer.\" \/>\n<meta name=\"robots\" content=\"index, follow, max-snippet:-1, max-image-preview:large, max-video-preview:-1\" \/>\n<link rel=\"canonical\" href=\"https:\/\/www.celttv.com.ar\/index.php\/2018\/11\/22\/decreto-convocatoria-a-sesiones-extraordinarias-reconocimiento-abanderados-y-escoltas-del-distrito\/\" \/>\n<meta property=\"og:locale\" content=\"es_ES\" \/>\n<meta property=\"og:type\" content=\"article\" \/>\n<meta property=\"og:title\" content=\"Decreto convocatoria a Sesiones Extraordinarias Reconocimiento Abanderados y Escoltas del Distrito - CELTTV\" \/>\n<meta property=\"og:description\" content=\"Sitio web de noticias de la localidad de Tornquist, provincia de Buenos Aires, Rep\u00fablica Argentina. Contenido propio originado por periodistas de CELTTV, el canal de TV local de la Cooperativa El\u00e9ctrica de Tornquist. Turismo, Pol\u00edtica, Sociedad, Deporte, Cultura y todo el contenido de inter\u00e9s general que la gente del pueblo y la regi\u00f3n debe conocer.\" \/>\n<meta property=\"og:url\" content=\"https:\/\/www.celttv.com.ar\/index.php\/2018\/11\/22\/decreto-convocatoria-a-sesiones-extraordinarias-reconocimiento-abanderados-y-escoltas-del-distrito\/\" \/>\n<meta property=\"og:site_name\" content=\"CELTTV\" \/>\n<meta property=\"article:publisher\" content=\"https:\/\/www.facebook.com\/celtTV\/\" \/>\n<meta property=\"article:published_time\" content=\"2018-11-22T14:10:22+00:00\" \/>\n<meta property=\"og:image\" content=\"https:\/\/www.celttv.com.ar\/wp-content\/uploads\/2018\/11\/DSC_0740.jpg\" \/>\n\t<meta property=\"og:image:width\" content=\"700\" \/>\n\t<meta property=\"og:image:height\" content=\"467\" \/>\n\t<meta property=\"og:image:type\" content=\"image\/jpeg\" \/>\n<meta name=\"author\" content=\"ulises\" \/>\n<meta name=\"twitter:card\" content=\"summary_large_image\" \/>\n<meta name=\"twitter:label1\" content=\"Escrito por\" \/>\n\t<meta name=\"twitter:data1\" content=\"ulises\" \/>\n\t<meta name=\"twitter:label2\" content=\"Tiempo de lectura\" \/>\n\t<meta name=\"twitter:data2\" content=\"2 minutos\" \/>\n<script type=\"application\/ld+json\" class=\"yoast-schema-graph\">{\"@context\":\"https:\/\/schema.org\",\"@graph\":[{\"@type\":\"NewsArticle\",\"@id\":\"https:\/\/www.celttv.com.ar\/index.php\/2018\/11\/22\/decreto-convocatoria-a-sesiones-extraordinarias-reconocimiento-abanderados-y-escoltas-del-distrito\/#article\",\"isPartOf\":{\"@id\":\"https:\/\/www.celttv.com.ar\/index.php\/2018\/11\/22\/decreto-convocatoria-a-sesiones-extraordinarias-reconocimiento-abanderados-y-escoltas-del-distrito\/\"},\"author\":{\"name\":\"ulises\",\"@id\":\"https:\/\/www.celttv.com.ar\/#\/schema\/person\/6d99c072dba59953809c81446e9d0ace\"},\"headline\":\"Decreto convocatoria a Sesiones Extraordinarias Reconocimiento Abanderados y Escoltas del Distrito\",\"datePublished\":\"2018-11-22T14:10:22+00:00\",\"dateModified\":\"2018-11-22T14:10:22+00:00\",\"mainEntityOfPage\":{\"@id\":\"https:\/\/www.celttv.com.ar\/index.php\/2018\/11\/22\/decreto-convocatoria-a-sesiones-extraordinarias-reconocimiento-abanderados-y-escoltas-del-distrito\/\"},\"wordCount\":354,\"publisher\":{\"@id\":\"https:\/\/www.celttv.com.ar\/#organization\"},\"articleSection\":[\"Celt TV Noticias\",\"Comunidad\",\"Destacadas\"],\"inLanguage\":\"es\"},{\"@type\":\"WebPage\",\"@id\":\"https:\/\/www.celttv.com.ar\/index.php\/2018\/11\/22\/decreto-convocatoria-a-sesiones-extraordinarias-reconocimiento-abanderados-y-escoltas-del-distrito\/\",\"url\":\"https:\/\/www.celttv.com.ar\/index.php\/2018\/11\/22\/decreto-convocatoria-a-sesiones-extraordinarias-reconocimiento-abanderados-y-escoltas-del-distrito\/\",\"name\":\"Decreto convocatoria a Sesiones Extraordinarias Reconocimiento Abanderados y Escoltas del Distrito - CELTTV\",\"isPartOf\":{\"@id\":\"https:\/\/www.celttv.com.ar\/#website\"},\"datePublished\":\"2018-11-22T14:10:22+00:00\",\"dateModified\":\"2018-11-22T14:10:22+00:00\",\"description\":\"Sitio web de noticias de la localidad de Tornquist, provincia de Buenos Aires, Rep\u00fablica Argentina. Contenido propio originado por periodistas de CELTTV, el canal de TV local de la Cooperativa El\u00e9ctrica de Tornquist. Turismo, Pol\u00edtica, Sociedad, Deporte, Cultura y todo el contenido de inter\u00e9s general que la gente del pueblo y la regi\u00f3n debe conocer.\",\"breadcrumb\":{\"@id\":\"https:\/\/www.celttv.com.ar\/index.php\/2018\/11\/22\/decreto-convocatoria-a-sesiones-extraordinarias-reconocimiento-abanderados-y-escoltas-del-distrito\/#breadcrumb\"},\"inLanguage\":\"es\",\"potentialAction\":[{\"@type\":\"ReadAction\",\"target\":[\"https:\/\/www.celttv.com.ar\/index.php\/2018\/11\/22\/decreto-convocatoria-a-sesiones-extraordinarias-reconocimiento-abanderados-y-escoltas-del-distrito\/\"]}]},{\"@type\":\"BreadcrumbList\",\"@id\":\"https:\/\/www.celttv.com.ar\/index.php\/2018\/11\/22\/decreto-convocatoria-a-sesiones-extraordinarias-reconocimiento-abanderados-y-escoltas-del-distrito\/#breadcrumb\",\"itemListElement\":[{\"@type\":\"ListItem\",\"position\":1,\"name\":\"Inicio\",\"item\":\"https:\/\/www.celttv.com.ar\/\"},{\"@type\":\"ListItem\",\"position\":2,\"name\":\"Decreto convocatoria a Sesiones Extraordinarias Reconocimiento Abanderados y Escoltas del Distrito\"}]},{\"@type\":\"WebSite\",\"@id\":\"https:\/\/www.celttv.com.ar\/#website\",\"url\":\"https:\/\/www.celttv.com.ar\/\",\"name\":\"CELTTV\",\"description\":\"Cooperativa El\u00e9ctrica de Tornquist\",\"publisher\":{\"@id\":\"https:\/\/www.celttv.com.ar\/#organization\"},\"potentialAction\":[{\"@type\":\"SearchAction\",\"target\":{\"@type\":\"EntryPoint\",\"urlTemplate\":\"https:\/\/www.celttv.com.ar\/?s={search_term_string}\"},\"query-input\":\"required name=search_term_string\"}],\"inLanguage\":\"es\"},{\"@type\":\"Organization\",\"@id\":\"https:\/\/www.celttv.com.ar\/#organization\",\"name\":\"CELTTV\",\"url\":\"https:\/\/www.celttv.com.ar\/\",\"sameAs\":[\"https:\/\/www.youtube.com\/channel\/UCz_oIt8Hig64Ub-EmcNPIhg\",\"https:\/\/www.facebook.com\/celtTV\/\"],\"logo\":{\"@type\":\"ImageObject\",\"inLanguage\":\"es\",\"@id\":\"https:\/\/www.celttv.com.ar\/#\/schema\/logo\/image\/\",\"url\":\"http:\/\/www.celttv.com.ar\/wp-content\/uploads\/2022\/08\/logo-1.png\",\"contentUrl\":\"http:\/\/www.celttv.com.ar\/wp-content\/uploads\/2022\/08\/logo-1.png\",\"width\":461,\"height\":159,\"caption\":\"CELTTV\"},\"image\":{\"@id\":\"https:\/\/www.celttv.com.ar\/#\/schema\/logo\/image\/\"}},{\"@type\":\"Person\",\"@id\":\"https:\/\/www.celttv.com.ar\/#\/schema\/person\/6d99c072dba59953809c81446e9d0ace\",\"name\":\"ulises\",\"image\":{\"@type\":\"ImageObject\",\"inLanguage\":\"es\",\"@id\":\"https:\/\/www.celttv.com.ar\/#\/schema\/person\/image\/\",\"url\":\"https:\/\/secure.gravatar.com\/avatar\/7f2c48bdc33b30088f941fb6082e555f2874c98e20cb159d7b92b50eadfce793?s=96&d=mm&r=g\",\"contentUrl\":\"https:\/\/secure.gravatar.com\/avatar\/7f2c48bdc33b30088f941fb6082e555f2874c98e20cb159d7b92b50eadfce793?s=96&d=mm&r=g\",\"caption\":\"ulises\"},\"sameAs\":[\"http:\/\/www.celttv.com.ar\"]}]}<\/script>\n<!-- \/ Yoast SEO plugin. -->","yoast_head_json":{"title":"Decreto convocatoria a Sesiones Extraordinarias Reconocimiento Abanderados y Escoltas del Distrito - CELTTV","description":"Sitio web de noticias de la localidad de Tornquist, provincia de Buenos Aires, Rep\u00fablica Argentina. Contenido propio originado por periodistas de CELTTV, el canal de TV local de la Cooperativa El\u00e9ctrica de Tornquist. Turismo, Pol\u00edtica, Sociedad, Deporte, Cultura y todo el contenido de inter\u00e9s general que la gente del pueblo y la regi\u00f3n debe conocer.","robots":{"index":"index","follow":"follow","max-snippet":"max-snippet:-1","max-image-preview":"max-image-preview:large","max-video-preview":"max-video-preview:-1"},"canonical":"https:\/\/www.celttv.com.ar\/index.php\/2018\/11\/22\/decreto-convocatoria-a-sesiones-extraordinarias-reconocimiento-abanderados-y-escoltas-del-distrito\/","og_locale":"es_ES","og_type":"article","og_title":"Decreto convocatoria a Sesiones Extraordinarias Reconocimiento Abanderados y Escoltas del Distrito - CELTTV","og_description":"Sitio web de noticias de la localidad de Tornquist, provincia de Buenos Aires, Rep\u00fablica Argentina. Contenido propio originado por periodistas de CELTTV, el canal de TV local de la Cooperativa El\u00e9ctrica de Tornquist. Turismo, Pol\u00edtica, Sociedad, Deporte, Cultura y todo el contenido de inter\u00e9s general que la gente del pueblo y la regi\u00f3n debe conocer.","og_url":"https:\/\/www.celttv.com.ar\/index.php\/2018\/11\/22\/decreto-convocatoria-a-sesiones-extraordinarias-reconocimiento-abanderados-y-escoltas-del-distrito\/","og_site_name":"CELTTV","article_publisher":"https:\/\/www.facebook.com\/celtTV\/","article_published_time":"2018-11-22T14:10:22+00:00","og_image":[{"width":700,"height":467,"url":"https:\/\/www.celttv.com.ar\/wp-content\/uploads\/2018\/11\/DSC_0740.jpg","type":"image\/jpeg"}],"author":"ulises","twitter_card":"summary_large_image","twitter_misc":{"Escrito por":"ulises","Tiempo de lectura":"2 minutos"},"schema":{"@context":"https:\/\/schema.org","@graph":[{"@type":"NewsArticle","@id":"https:\/\/www.celttv.com.ar\/index.php\/2018\/11\/22\/decreto-convocatoria-a-sesiones-extraordinarias-reconocimiento-abanderados-y-escoltas-del-distrito\/#article","isPartOf":{"@id":"https:\/\/www.celttv.com.ar\/index.php\/2018\/11\/22\/decreto-convocatoria-a-sesiones-extraordinarias-reconocimiento-abanderados-y-escoltas-del-distrito\/"},"author":{"name":"ulises","@id":"https:\/\/www.celttv.com.ar\/#\/schema\/person\/6d99c072dba59953809c81446e9d0ace"},"headline":"Decreto convocatoria a Sesiones Extraordinarias Reconocimiento Abanderados y Escoltas del Distrito","datePublished":"2018-11-22T14:10:22+00:00","dateModified":"2018-11-22T14:10:22+00:00","mainEntityOfPage":{"@id":"https:\/\/www.celttv.com.ar\/index.php\/2018\/11\/22\/decreto-convocatoria-a-sesiones-extraordinarias-reconocimiento-abanderados-y-escoltas-del-distrito\/"},"wordCount":354,"publisher":{"@id":"https:\/\/www.celttv.com.ar\/#organization"},"articleSection":["Celt TV Noticias","Comunidad","Destacadas"],"inLanguage":"es"},{"@type":"WebPage","@id":"https:\/\/www.celttv.com.ar\/index.php\/2018\/11\/22\/decreto-convocatoria-a-sesiones-extraordinarias-reconocimiento-abanderados-y-escoltas-del-distrito\/","url":"https:\/\/www.celttv.com.ar\/index.php\/2018\/11\/22\/decreto-convocatoria-a-sesiones-extraordinarias-reconocimiento-abanderados-y-escoltas-del-distrito\/","name":"Decreto convocatoria a Sesiones Extraordinarias Reconocimiento Abanderados y Escoltas del Distrito - CELTTV","isPartOf":{"@id":"https:\/\/www.celttv.com.ar\/#website"},"datePublished":"2018-11-22T14:10:22+00:00","dateModified":"2018-11-22T14:10:22+00:00","description":"Sitio web de noticias de la localidad de Tornquist, provincia de Buenos Aires, Rep\u00fablica Argentina. Contenido propio originado por periodistas de CELTTV, el canal de TV local de la Cooperativa El\u00e9ctrica de Tornquist. Turismo, Pol\u00edtica, Sociedad, Deporte, Cultura y todo el contenido de inter\u00e9s general que la gente del pueblo y la regi\u00f3n debe conocer.","breadcrumb":{"@id":"https:\/\/www.celttv.com.ar\/index.php\/2018\/11\/22\/decreto-convocatoria-a-sesiones-extraordinarias-reconocimiento-abanderados-y-escoltas-del-distrito\/#breadcrumb"},"inLanguage":"es","potentialAction":[{"@type":"ReadAction","target":["https:\/\/www.celttv.com.ar\/index.php\/2018\/11\/22\/decreto-convocatoria-a-sesiones-extraordinarias-reconocimiento-abanderados-y-escoltas-del-distrito\/"]}]},{"@type":"BreadcrumbList","@id":"https:\/\/www.celttv.com.ar\/index.php\/2018\/11\/22\/decreto-convocatoria-a-sesiones-extraordinarias-reconocimiento-abanderados-y-escoltas-del-distrito\/#breadcrumb","itemListElement":[{"@type":"ListItem","position":1,"name":"Inicio","item":"https:\/\/www.celttv.com.ar\/"},{"@type":"ListItem","position":2,"name":"Decreto convocatoria a Sesiones Extraordinarias Reconocimiento Abanderados y Escoltas del Distrito"}]},{"@type":"WebSite","@id":"https:\/\/www.celttv.com.ar\/#website","url":"https:\/\/www.celttv.com.ar\/","name":"CELTTV","description":"Cooperativa El\u00e9ctrica de Tornquist","publisher":{"@id":"https:\/\/www.celttv.com.ar\/#organization"},"potentialAction":[{"@type":"SearchAction","target":{"@type":"EntryPoint","urlTemplate":"https:\/\/www.celttv.com.ar\/?s={search_term_string}"},"query-input":"required name=search_term_string"}],"inLanguage":"es"},{"@type":"Organization","@id":"https:\/\/www.celttv.com.ar\/#organization","name":"CELTTV","url":"https:\/\/www.celttv.com.ar\/","sameAs":["https:\/\/www.youtube.com\/channel\/UCz_oIt8Hig64Ub-EmcNPIhg","https:\/\/www.facebook.com\/celtTV\/"],"logo":{"@type":"ImageObject","inLanguage":"es","@id":"https:\/\/www.celttv.com.ar\/#\/schema\/logo\/image\/","url":"http:\/\/www.celttv.com.ar\/wp-content\/uploads\/2022\/08\/logo-1.png","contentUrl":"http:\/\/www.celttv.com.ar\/wp-content\/uploads\/2022\/08\/logo-1.png","width":461,"height":159,"caption":"CELTTV"},"image":{"@id":"https:\/\/www.celttv.com.ar\/#\/schema\/logo\/image\/"}},{"@type":"Person","@id":"https:\/\/www.celttv.com.ar\/#\/schema\/person\/6d99c072dba59953809c81446e9d0ace","name":"ulises","image":{"@type":"ImageObject","inLanguage":"es","@id":"https:\/\/www.celttv.com.ar\/#\/schema\/person\/image\/","url":"https:\/\/secure.gravatar.com\/avatar\/7f2c48bdc33b30088f941fb6082e555f2874c98e20cb159d7b92b50eadfce793?s=96&d=mm&r=g","contentUrl":"https:\/\/secure.gravatar.com\/avatar\/7f2c48bdc33b30088f941fb6082e555f2874c98e20cb159d7b92b50eadfce793?s=96&d=mm&r=g","caption":"ulises"},"sameAs":["http:\/\/www.celttv.com.ar"]}]}},"_links":{"self":[{"href":"https:\/\/www.celttv.com.ar\/index.php\/wp-json\/wp\/v2\/posts\/38657","targetHints":{"allow":["GET"]}}],"collection":[{"href":"https:\/\/www.celttv.com.ar\/index.php\/wp-json\/wp\/v2\/posts"}],"about":[{"href":"https:\/\/www.celttv.com.ar\/index.php\/wp-json\/wp\/v2\/types\/post"}],"author":[{"embeddable":true,"href":"https:\/\/www.celttv.com.ar\/index.php\/wp-json\/wp\/v2\/users\/1"}],"replies":[{"embeddable":true,"href":"https:\/\/www.celttv.com.ar\/index.php\/wp-json\/wp\/v2\/comments?post=38657"}],"version-history":[{"count":0,"href":"https:\/\/www.celttv.com.ar\/index.php\/wp-json\/wp\/v2\/posts\/38657\/revisions"}],"wp:featuredmedia":[{"embeddable":true,"href":"https:\/\/www.celttv.com.ar\/index.php\/wp-json\/wp\/v2\/media\/38658"}],"wp:attachment":[{"href":"https:\/\/www.celttv.com.ar\/index.php\/wp-json\/wp\/v2\/media?parent=38657"}],"wp:term":[{"taxonomy":"category","embeddable":true,"href":"https:\/\/www.celttv.com.ar\/index.php\/wp-json\/wp\/v2\/categories?post=38657"},{"taxonomy":"post_tag","embeddable":true,"href":"https:\/\/www.celttv.com.ar\/index.php\/wp-json\/wp\/v2\/tags?post=38657"}],"curies":[{"name":"wp","href":"https:\/\/api.w.org\/{rel}","templated":true}]}}