{"id":38684,"date":"2018-11-25T22:02:15","date_gmt":"2018-11-25T22:02:15","guid":{"rendered":"http:\/\/www.celttv.com.ar\/?p=38684"},"modified":"2018-11-25T22:02:15","modified_gmt":"2018-11-25T22:02:15","slug":"union-festejo-desde-los-12-pasos-aunque-hizo-meritos-para-definirlo-antes","status":"publish","type":"post","link":"https:\/\/www.celttv.com.ar\/index.php\/2018\/11\/25\/union-festejo-desde-los-12-pasos-aunque-hizo-meritos-para-definirlo-antes\/","title":{"rendered":"UNI\u00d3N FESTEJ\u00d3 DESDE LOS 12 PASOS AUNQUE HIZO M\u00c9RITOS PARA DEFINIRLO ANTES"},"content":{"rendered":"<p>El verde hizo los merecimientos suficientes como para definir el pleito sin\u00a0 tener que sufrir en los penales.<br \/>\nUni\u00f3n dispuso de varias ocasiones a lo largo de los 90 minutos, pero Del Valle y la falta de punter\u00eda hicieron que sufriera m\u00e1s de la cuenta para definir en los penales y lograr el pasaporte a la final de la temporada.<br \/>\nHasta los veinte de la primera etapa San Mart\u00edn tuvo alguna insinuaci\u00f3n como para sorprender a Stefanoff, pero tan solo eso.<br \/>\nUn regreso no coordinado que permiti\u00f3 la aparici\u00f3n de Baratcabal y termin\u00f3 resolviendo bien Terrugi y un tiro libre cedido\u00a0 por Stefanoff cuando se le escap\u00f3 la pelota de las manos en las puertas del \u00e1rea que no tuvo mayores consecuencias.<br \/>\nA los 22m le anulan un gol a Correa por posici\u00f3n adelantada y a partir de ese momento Uni\u00f3n comienza a ejercer un claro dominio territorial y futbol\u00edstico al tiempo que comienza a emerger la figura del arquero Del Valle.<br \/>\nA los 26 prueba Correa y responde bien el uno visitante arroj\u00e1ndose hacia su derecha y ahogando el grito de gol mandando la pelota al c\u00f3rner.<br \/>\nA los 26 se lo sacan del \u201cbuche\u201d a Schmidt cuando estaba para empujar al gol.<br \/>\nTres minutos m\u00e1s tarde fue Angelini que no puede cabecear un centro llovido desde la derecha.<br \/>\nA los 36 Grassi maniobra a pocos metros del \u00e1rea y abre hacia su derecha por donde ingresa solitario Heiland pero su remate se va por arriba del travesa\u00f1o.<br \/>\nCuando conclu\u00eda el primer tiempo un buen remate de Schmidt que se met\u00eda contra el palo derecho, pero hasta all\u00ed lleg\u00f3 Del Valle para ahogar nuevamente el grito de gol.<br \/>\nSe iban al descanso con el marcador en blanco, pero Uni\u00f3n era m\u00e1s.<br \/>\nTranscurrian 3 m. del complemento cuando el \u201cTopo\u201d domina por el andarivel derecho y antes de llegar al fondo env\u00eda un centro que capitaliza Heiland a metros del arquero, pero su cabezazo va a las manos de Del Valle.<br \/>\nOtro remate de Schmidt a los 20m. dio en la base del parante izquierdo y en este caso la suerte estuvo del lado de Del Valle.<br \/>\nSan Mart\u00edn estaba \u201cmaniatado futbol\u00edsticamente\u201d y no encontraba manera de generar juego ante un Uni\u00f3n que dominaba pero no convert\u00eda.<br \/>\nEl equipo de Eduardo L\u00f3pez apostaba a alg\u00fan pelotazo que encuentre la cabeza de Baratcabal o alg\u00fan contrataque que pase por lo pies de Casas.<br \/>\nY casi lo logra en una jugaba aislada, tras una pelota a\u00e9rea y Baratcabal que se mete entre lo centrales para cabecear como indican los libros, pero precisamente en ese lugar estaba la figura del seguro Stefanoff\u00a0 que no dio rebote.<br \/>\nEn el cierre un remate del ingresado Maccari que da en la uni\u00f3n del travesa\u00f1o y el parate izquierdo.<br \/>\nUni\u00f3n mereci\u00f3 los goles pero no los hizo, ahora hab\u00eda que definir en los penales.<br \/>\nPara Uni\u00f3n convirtieron Juan Heiland, Tom\u00e1s Terrugi, Lucas Sotelo, Juan Stefanoff. Se lo atajaron en el primer disparo a Joaquin Correa.<br \/>\nPara San Martin Convirtieron Torres y Baratcabal. Se lo atajaron a Bellegia y Calzetta.<br \/>\nUNION 0 (4)<br \/>\nJuan Stefanoff<br \/>\nFederico Franco<br \/>\nTomas Terrugi<br \/>\nSebasti\u00e1n Callaba<br \/>\nHern\u00e1n Delgado<br \/>\nJuan Heiland<br \/>\n\u00c1ngelo Grassi<br \/>\nLucas Sotelo<br \/>\nEzequiel Schmidt<br \/>\nJoaqu\u00edn Correa<br \/>\nEstaban Angelini<br \/>\nDT: Jos\u00e9 Flores<br \/>\nCambios<br \/>\nST: Maccari por Angelini, 30m. Kloster por Grassi y 39m Le\u00f3n por Schmidt<br \/>\nSAN MARTIN (C) 0 (2)<br \/>\nDel Valle Leonardo<br \/>\nMart\u00edn Torres<br \/>\nFranco Bellegia<br \/>\nEmiliano Santos<br \/>\nH\u00e9ctor F\u00f3gel<br \/>\nGuillermo Torraco<br \/>\nGianfranco Gonz\u00e1lez<br \/>\nRenato Casas<br \/>\nCristian Ferreira<br \/>\nSebasti\u00e1n Luna<br \/>\nSebasti\u00e1n Baratcabal<br \/>\nDT: Eduardo L\u00f3pez<br \/>\nCambios:<br \/>\nST: 11m Calzeta por Santos; Ayala por Cristian Ferreira.<br \/>\n<u>\u00c1rbitro:<\/u> Nicol\u00e1s Rodr\u00edguez (5) de Olavarr\u00eda<br \/>\n<u>Cancha:<\/u> Campo deportivo \u201cJuan Jos\u00e9 Bolletta\u201d del Club Uni\u00f3n.<br \/>\n<a href=\"https:\/\/www.facebook.com\/pg\/solofutbolcanal2\/photos\/?tab=album&amp;album_id=948508665358324\" target=\"_blank\" rel=\"noopener\">\u00c1lbum de Fotos: Miguel Herrada para Solo F\u00fatbol<\/a><br \/>\n<a href=\"http:\/\/www.celttv.com.ar\/?attachment_id=38685\" rel=\"attachment wp-att-38685\"><img loading=\"lazy\" decoding=\"async\" class=\"alignleft size-medium wp-image-38685\" src=\"http:\/\/www.celttv.com.ar\/wp-content\/uploads\/2018\/11\/IMG_3049-780x520.jpg\" alt=\"\" width=\"780\" height=\"520\" \/><\/a> <a href=\"http:\/\/www.celttv.com.ar\/?attachment_id=38686\" rel=\"attachment wp-att-38686\"><img loading=\"lazy\" decoding=\"async\" class=\"alignleft size-medium wp-image-38686\" src=\"http:\/\/www.celttv.com.ar\/wp-content\/uploads\/2018\/11\/IMG_3054-780x520.jpg\" alt=\"\" width=\"780\" height=\"520\" \/><\/a> <a href=\"http:\/\/www.celttv.com.ar\/?attachment_id=38687\" rel=\"attachment wp-att-38687\"><img loading=\"lazy\" decoding=\"async\" class=\"alignleft size-medium wp-image-38687\" src=\"http:\/\/www.celttv.com.ar\/wp-content\/uploads\/2018\/11\/IMG_3060-780x520.jpg\" alt=\"\" width=\"780\" height=\"520\" \/><\/a><\/p>\n","protected":false},"excerpt":{"rendered":"<p>El verde hizo los merecimientos suficientes como para definir el pleito sin\u00a0 tener que sufrir en los penales. Uni\u00f3n dispuso de varias ocasiones a lo largo de los 90 minutos, pero Del Valle y la falta de punter\u00eda hicieron que sufriera m\u00e1s de la cuenta para definir en los penales y lograr el pasaporte a [&hellip;]<\/p>\n","protected":false},"author":1,"featured_media":38687,"comment_status":"closed","ping_status":"open","sticky":false,"template":"","format":"standard","meta":{"footnotes":""},"categories":[60,52,76],"tags":[],"class_list":["post-38684","post","type-post","status-publish","format-standard","has-post-thumbnail","hentry","category-deporte","category-destacadas","category-solo-futbol"],"yoast_head":"<!-- This site is optimized with the Yoast SEO plugin v19.7.1 - https:\/\/yoast.com\/wordpress\/plugins\/seo\/ -->\n<title>UNI\u00d3N FESTEJ\u00d3 DESDE LOS 12 PASOS AUNQUE HIZO M\u00c9RITOS PARA DEFINIRLO ANTES - CELTTV<\/title>\n<meta name=\"description\" content=\"Sitio web de noticias de la localidad de Tornquist, provincia de Buenos Aires, Rep\u00fablica Argentina. Contenido propio originado por periodistas de CELTTV, el canal de TV local de la Cooperativa El\u00e9ctrica de Tornquist. Turismo, Pol\u00edtica, Sociedad, Deporte, Cultura y todo el contenido de inter\u00e9s general que la gente del pueblo y la regi\u00f3n debe conocer.\" \/>\n<meta name=\"robots\" content=\"index, follow, max-snippet:-1, max-image-preview:large, max-video-preview:-1\" \/>\n<link rel=\"canonical\" href=\"https:\/\/www.celttv.com.ar\/index.php\/2018\/11\/25\/union-festejo-desde-los-12-pasos-aunque-hizo-meritos-para-definirlo-antes\/\" \/>\n<meta property=\"og:locale\" content=\"es_ES\" \/>\n<meta property=\"og:type\" content=\"article\" \/>\n<meta property=\"og:title\" content=\"UNI\u00d3N FESTEJ\u00d3 DESDE LOS 12 PASOS AUNQUE HIZO M\u00c9RITOS PARA DEFINIRLO ANTES - CELTTV\" \/>\n<meta property=\"og:description\" content=\"Sitio web de noticias de la localidad de Tornquist, provincia de Buenos Aires, Rep\u00fablica Argentina. Contenido propio originado por periodistas de CELTTV, el canal de TV local de la Cooperativa El\u00e9ctrica de Tornquist. Turismo, Pol\u00edtica, Sociedad, Deporte, Cultura y todo el contenido de inter\u00e9s general que la gente del pueblo y la regi\u00f3n debe conocer.\" \/>\n<meta property=\"og:url\" content=\"https:\/\/www.celttv.com.ar\/index.php\/2018\/11\/25\/union-festejo-desde-los-12-pasos-aunque-hizo-meritos-para-definirlo-antes\/\" \/>\n<meta property=\"og:site_name\" content=\"CELTTV\" \/>\n<meta property=\"article:publisher\" content=\"https:\/\/www.facebook.com\/celtTV\/\" \/>\n<meta property=\"article:published_time\" content=\"2018-11-25T22:02:15+00:00\" \/>\n<meta property=\"og:image\" content=\"https:\/\/www.celttv.com.ar\/wp-content\/uploads\/2018\/11\/IMG_3060.jpg\" \/>\n\t<meta property=\"og:image:width\" content=\"960\" \/>\n\t<meta property=\"og:image:height\" content=\"640\" \/>\n\t<meta property=\"og:image:type\" content=\"image\/jpeg\" \/>\n<meta name=\"author\" content=\"ulises\" \/>\n<meta name=\"twitter:card\" content=\"summary_large_image\" \/>\n<meta name=\"twitter:label1\" content=\"Escrito por\" \/>\n\t<meta name=\"twitter:data1\" content=\"ulises\" \/>\n\t<meta name=\"twitter:label2\" content=\"Tiempo de lectura\" \/>\n\t<meta name=\"twitter:data2\" content=\"3 minutos\" \/>\n<script type=\"application\/ld+json\" class=\"yoast-schema-graph\">{\"@context\":\"https:\/\/schema.org\",\"@graph\":[{\"@type\":\"NewsArticle\",\"@id\":\"https:\/\/www.celttv.com.ar\/index.php\/2018\/11\/25\/union-festejo-desde-los-12-pasos-aunque-hizo-meritos-para-definirlo-antes\/#article\",\"isPartOf\":{\"@id\":\"https:\/\/www.celttv.com.ar\/index.php\/2018\/11\/25\/union-festejo-desde-los-12-pasos-aunque-hizo-meritos-para-definirlo-antes\/\"},\"author\":{\"name\":\"ulises\",\"@id\":\"https:\/\/www.celttv.com.ar\/#\/schema\/person\/6d99c072dba59953809c81446e9d0ace\"},\"headline\":\"UNI\u00d3N FESTEJ\u00d3 DESDE LOS 12 PASOS AUNQUE HIZO M\u00c9RITOS PARA DEFINIRLO ANTES\",\"datePublished\":\"2018-11-25T22:02:15+00:00\",\"dateModified\":\"2018-11-25T22:02:15+00:00\",\"mainEntityOfPage\":{\"@id\":\"https:\/\/www.celttv.com.ar\/index.php\/2018\/11\/25\/union-festejo-desde-los-12-pasos-aunque-hizo-meritos-para-definirlo-antes\/\"},\"wordCount\":669,\"publisher\":{\"@id\":\"https:\/\/www.celttv.com.ar\/#organization\"},\"articleSection\":[\"Deporte\",\"Destacadas\",\"Solo Futbol\"],\"inLanguage\":\"es\"},{\"@type\":\"WebPage\",\"@id\":\"https:\/\/www.celttv.com.ar\/index.php\/2018\/11\/25\/union-festejo-desde-los-12-pasos-aunque-hizo-meritos-para-definirlo-antes\/\",\"url\":\"https:\/\/www.celttv.com.ar\/index.php\/2018\/11\/25\/union-festejo-desde-los-12-pasos-aunque-hizo-meritos-para-definirlo-antes\/\",\"name\":\"UNI\u00d3N FESTEJ\u00d3 DESDE LOS 12 PASOS AUNQUE HIZO M\u00c9RITOS PARA DEFINIRLO ANTES - CELTTV\",\"isPartOf\":{\"@id\":\"https:\/\/www.celttv.com.ar\/#website\"},\"datePublished\":\"2018-11-25T22:02:15+00:00\",\"dateModified\":\"2018-11-25T22:02:15+00:00\",\"description\":\"Sitio web de noticias de la localidad de Tornquist, provincia de Buenos Aires, Rep\u00fablica Argentina. Contenido propio originado por periodistas de CELTTV, el canal de TV local de la Cooperativa El\u00e9ctrica de Tornquist. Turismo, Pol\u00edtica, Sociedad, Deporte, Cultura y todo el contenido de inter\u00e9s general que la gente del pueblo y la regi\u00f3n debe conocer.\",\"breadcrumb\":{\"@id\":\"https:\/\/www.celttv.com.ar\/index.php\/2018\/11\/25\/union-festejo-desde-los-12-pasos-aunque-hizo-meritos-para-definirlo-antes\/#breadcrumb\"},\"inLanguage\":\"es\",\"potentialAction\":[{\"@type\":\"ReadAction\",\"target\":[\"https:\/\/www.celttv.com.ar\/index.php\/2018\/11\/25\/union-festejo-desde-los-12-pasos-aunque-hizo-meritos-para-definirlo-antes\/\"]}]},{\"@type\":\"BreadcrumbList\",\"@id\":\"https:\/\/www.celttv.com.ar\/index.php\/2018\/11\/25\/union-festejo-desde-los-12-pasos-aunque-hizo-meritos-para-definirlo-antes\/#breadcrumb\",\"itemListElement\":[{\"@type\":\"ListItem\",\"position\":1,\"name\":\"Inicio\",\"item\":\"https:\/\/www.celttv.com.ar\/\"},{\"@type\":\"ListItem\",\"position\":2,\"name\":\"UNI\u00d3N FESTEJ\u00d3 DESDE LOS 12 PASOS AUNQUE HIZO M\u00c9RITOS PARA DEFINIRLO ANTES\"}]},{\"@type\":\"WebSite\",\"@id\":\"https:\/\/www.celttv.com.ar\/#website\",\"url\":\"https:\/\/www.celttv.com.ar\/\",\"name\":\"CELTTV\",\"description\":\"Cooperativa El\u00e9ctrica de Tornquist\",\"publisher\":{\"@id\":\"https:\/\/www.celttv.com.ar\/#organization\"},\"potentialAction\":[{\"@type\":\"SearchAction\",\"target\":{\"@type\":\"EntryPoint\",\"urlTemplate\":\"https:\/\/www.celttv.com.ar\/?s={search_term_string}\"},\"query-input\":\"required name=search_term_string\"}],\"inLanguage\":\"es\"},{\"@type\":\"Organization\",\"@id\":\"https:\/\/www.celttv.com.ar\/#organization\",\"name\":\"CELTTV\",\"url\":\"https:\/\/www.celttv.com.ar\/\",\"sameAs\":[\"https:\/\/www.youtube.com\/channel\/UCz_oIt8Hig64Ub-EmcNPIhg\",\"https:\/\/www.facebook.com\/celtTV\/\"],\"logo\":{\"@type\":\"ImageObject\",\"inLanguage\":\"es\",\"@id\":\"https:\/\/www.celttv.com.ar\/#\/schema\/logo\/image\/\",\"url\":\"http:\/\/www.celttv.com.ar\/wp-content\/uploads\/2022\/08\/logo-1.png\",\"contentUrl\":\"http:\/\/www.celttv.com.ar\/wp-content\/uploads\/2022\/08\/logo-1.png\",\"width\":461,\"height\":159,\"caption\":\"CELTTV\"},\"image\":{\"@id\":\"https:\/\/www.celttv.com.ar\/#\/schema\/logo\/image\/\"}},{\"@type\":\"Person\",\"@id\":\"https:\/\/www.celttv.com.ar\/#\/schema\/person\/6d99c072dba59953809c81446e9d0ace\",\"name\":\"ulises\",\"image\":{\"@type\":\"ImageObject\",\"inLanguage\":\"es\",\"@id\":\"https:\/\/www.celttv.com.ar\/#\/schema\/person\/image\/\",\"url\":\"https:\/\/secure.gravatar.com\/avatar\/7f2c48bdc33b30088f941fb6082e555f2874c98e20cb159d7b92b50eadfce793?s=96&d=mm&r=g\",\"contentUrl\":\"https:\/\/secure.gravatar.com\/avatar\/7f2c48bdc33b30088f941fb6082e555f2874c98e20cb159d7b92b50eadfce793?s=96&d=mm&r=g\",\"caption\":\"ulises\"},\"sameAs\":[\"http:\/\/www.celttv.com.ar\"]}]}<\/script>\n<!-- \/ Yoast SEO plugin. -->","yoast_head_json":{"title":"UNI\u00d3N FESTEJ\u00d3 DESDE LOS 12 PASOS AUNQUE HIZO M\u00c9RITOS PARA DEFINIRLO ANTES - CELTTV","description":"Sitio web de noticias de la localidad de Tornquist, provincia de Buenos Aires, Rep\u00fablica Argentina. Contenido propio originado por periodistas de CELTTV, el canal de TV local de la Cooperativa El\u00e9ctrica de Tornquist. Turismo, Pol\u00edtica, Sociedad, Deporte, Cultura y todo el contenido de inter\u00e9s general que la gente del pueblo y la regi\u00f3n debe conocer.","robots":{"index":"index","follow":"follow","max-snippet":"max-snippet:-1","max-image-preview":"max-image-preview:large","max-video-preview":"max-video-preview:-1"},"canonical":"https:\/\/www.celttv.com.ar\/index.php\/2018\/11\/25\/union-festejo-desde-los-12-pasos-aunque-hizo-meritos-para-definirlo-antes\/","og_locale":"es_ES","og_type":"article","og_title":"UNI\u00d3N FESTEJ\u00d3 DESDE LOS 12 PASOS AUNQUE HIZO M\u00c9RITOS PARA DEFINIRLO ANTES - CELTTV","og_description":"Sitio web de noticias de la localidad de Tornquist, provincia de Buenos Aires, Rep\u00fablica Argentina. Contenido propio originado por periodistas de CELTTV, el canal de TV local de la Cooperativa El\u00e9ctrica de Tornquist. Turismo, Pol\u00edtica, Sociedad, Deporte, Cultura y todo el contenido de inter\u00e9s general que la gente del pueblo y la regi\u00f3n debe conocer.","og_url":"https:\/\/www.celttv.com.ar\/index.php\/2018\/11\/25\/union-festejo-desde-los-12-pasos-aunque-hizo-meritos-para-definirlo-antes\/","og_site_name":"CELTTV","article_publisher":"https:\/\/www.facebook.com\/celtTV\/","article_published_time":"2018-11-25T22:02:15+00:00","og_image":[{"width":960,"height":640,"url":"https:\/\/www.celttv.com.ar\/wp-content\/uploads\/2018\/11\/IMG_3060.jpg","type":"image\/jpeg"}],"author":"ulises","twitter_card":"summary_large_image","twitter_misc":{"Escrito por":"ulises","Tiempo de lectura":"3 minutos"},"schema":{"@context":"https:\/\/schema.org","@graph":[{"@type":"NewsArticle","@id":"https:\/\/www.celttv.com.ar\/index.php\/2018\/11\/25\/union-festejo-desde-los-12-pasos-aunque-hizo-meritos-para-definirlo-antes\/#article","isPartOf":{"@id":"https:\/\/www.celttv.com.ar\/index.php\/2018\/11\/25\/union-festejo-desde-los-12-pasos-aunque-hizo-meritos-para-definirlo-antes\/"},"author":{"name":"ulises","@id":"https:\/\/www.celttv.com.ar\/#\/schema\/person\/6d99c072dba59953809c81446e9d0ace"},"headline":"UNI\u00d3N FESTEJ\u00d3 DESDE LOS 12 PASOS AUNQUE HIZO M\u00c9RITOS PARA DEFINIRLO ANTES","datePublished":"2018-11-25T22:02:15+00:00","dateModified":"2018-11-25T22:02:15+00:00","mainEntityOfPage":{"@id":"https:\/\/www.celttv.com.ar\/index.php\/2018\/11\/25\/union-festejo-desde-los-12-pasos-aunque-hizo-meritos-para-definirlo-antes\/"},"wordCount":669,"publisher":{"@id":"https:\/\/www.celttv.com.ar\/#organization"},"articleSection":["Deporte","Destacadas","Solo Futbol"],"inLanguage":"es"},{"@type":"WebPage","@id":"https:\/\/www.celttv.com.ar\/index.php\/2018\/11\/25\/union-festejo-desde-los-12-pasos-aunque-hizo-meritos-para-definirlo-antes\/","url":"https:\/\/www.celttv.com.ar\/index.php\/2018\/11\/25\/union-festejo-desde-los-12-pasos-aunque-hizo-meritos-para-definirlo-antes\/","name":"UNI\u00d3N FESTEJ\u00d3 DESDE LOS 12 PASOS AUNQUE HIZO M\u00c9RITOS PARA DEFINIRLO ANTES - CELTTV","isPartOf":{"@id":"https:\/\/www.celttv.com.ar\/#website"},"datePublished":"2018-11-25T22:02:15+00:00","dateModified":"2018-11-25T22:02:15+00:00","description":"Sitio web de noticias de la localidad de Tornquist, provincia de Buenos Aires, Rep\u00fablica Argentina. Contenido propio originado por periodistas de CELTTV, el canal de TV local de la Cooperativa El\u00e9ctrica de Tornquist. Turismo, Pol\u00edtica, Sociedad, Deporte, Cultura y todo el contenido de inter\u00e9s general que la gente del pueblo y la regi\u00f3n debe conocer.","breadcrumb":{"@id":"https:\/\/www.celttv.com.ar\/index.php\/2018\/11\/25\/union-festejo-desde-los-12-pasos-aunque-hizo-meritos-para-definirlo-antes\/#breadcrumb"},"inLanguage":"es","potentialAction":[{"@type":"ReadAction","target":["https:\/\/www.celttv.com.ar\/index.php\/2018\/11\/25\/union-festejo-desde-los-12-pasos-aunque-hizo-meritos-para-definirlo-antes\/"]}]},{"@type":"BreadcrumbList","@id":"https:\/\/www.celttv.com.ar\/index.php\/2018\/11\/25\/union-festejo-desde-los-12-pasos-aunque-hizo-meritos-para-definirlo-antes\/#breadcrumb","itemListElement":[{"@type":"ListItem","position":1,"name":"Inicio","item":"https:\/\/www.celttv.com.ar\/"},{"@type":"ListItem","position":2,"name":"UNI\u00d3N FESTEJ\u00d3 DESDE LOS 12 PASOS AUNQUE HIZO M\u00c9RITOS PARA DEFINIRLO ANTES"}]},{"@type":"WebSite","@id":"https:\/\/www.celttv.com.ar\/#website","url":"https:\/\/www.celttv.com.ar\/","name":"CELTTV","description":"Cooperativa El\u00e9ctrica de Tornquist","publisher":{"@id":"https:\/\/www.celttv.com.ar\/#organization"},"potentialAction":[{"@type":"SearchAction","target":{"@type":"EntryPoint","urlTemplate":"https:\/\/www.celttv.com.ar\/?s={search_term_string}"},"query-input":"required name=search_term_string"}],"inLanguage":"es"},{"@type":"Organization","@id":"https:\/\/www.celttv.com.ar\/#organization","name":"CELTTV","url":"https:\/\/www.celttv.com.ar\/","sameAs":["https:\/\/www.youtube.com\/channel\/UCz_oIt8Hig64Ub-EmcNPIhg","https:\/\/www.facebook.com\/celtTV\/"],"logo":{"@type":"ImageObject","inLanguage":"es","@id":"https:\/\/www.celttv.com.ar\/#\/schema\/logo\/image\/","url":"http:\/\/www.celttv.com.ar\/wp-content\/uploads\/2022\/08\/logo-1.png","contentUrl":"http:\/\/www.celttv.com.ar\/wp-content\/uploads\/2022\/08\/logo-1.png","width":461,"height":159,"caption":"CELTTV"},"image":{"@id":"https:\/\/www.celttv.com.ar\/#\/schema\/logo\/image\/"}},{"@type":"Person","@id":"https:\/\/www.celttv.com.ar\/#\/schema\/person\/6d99c072dba59953809c81446e9d0ace","name":"ulises","image":{"@type":"ImageObject","inLanguage":"es","@id":"https:\/\/www.celttv.com.ar\/#\/schema\/person\/image\/","url":"https:\/\/secure.gravatar.com\/avatar\/7f2c48bdc33b30088f941fb6082e555f2874c98e20cb159d7b92b50eadfce793?s=96&d=mm&r=g","contentUrl":"https:\/\/secure.gravatar.com\/avatar\/7f2c48bdc33b30088f941fb6082e555f2874c98e20cb159d7b92b50eadfce793?s=96&d=mm&r=g","caption":"ulises"},"sameAs":["http:\/\/www.celttv.com.ar"]}]}},"_links":{"self":[{"href":"https:\/\/www.celttv.com.ar\/index.php\/wp-json\/wp\/v2\/posts\/38684","targetHints":{"allow":["GET"]}}],"collection":[{"href":"https:\/\/www.celttv.com.ar\/index.php\/wp-json\/wp\/v2\/posts"}],"about":[{"href":"https:\/\/www.celttv.com.ar\/index.php\/wp-json\/wp\/v2\/types\/post"}],"author":[{"embeddable":true,"href":"https:\/\/www.celttv.com.ar\/index.php\/wp-json\/wp\/v2\/users\/1"}],"replies":[{"embeddable":true,"href":"https:\/\/www.celttv.com.ar\/index.php\/wp-json\/wp\/v2\/comments?post=38684"}],"version-history":[{"count":0,"href":"https:\/\/www.celttv.com.ar\/index.php\/wp-json\/wp\/v2\/posts\/38684\/revisions"}],"wp:featuredmedia":[{"embeddable":true,"href":"https:\/\/www.celttv.com.ar\/index.php\/wp-json\/wp\/v2\/media\/38687"}],"wp:attachment":[{"href":"https:\/\/www.celttv.com.ar\/index.php\/wp-json\/wp\/v2\/media?parent=38684"}],"wp:term":[{"taxonomy":"category","embeddable":true,"href":"https:\/\/www.celttv.com.ar\/index.php\/wp-json\/wp\/v2\/categories?post=38684"},{"taxonomy":"post_tag","embeddable":true,"href":"https:\/\/www.celttv.com.ar\/index.php\/wp-json\/wp\/v2\/tags?post=38684"}],"curies":[{"name":"wp","href":"https:\/\/api.w.org\/{rel}","templated":true}]}}