{"id":38690,"date":"2018-11-26T14:57:18","date_gmt":"2018-11-26T14:57:18","guid":{"rendered":"http:\/\/www.celttv.com.ar\/?p=38690"},"modified":"2018-11-26T14:57:18","modified_gmt":"2018-11-26T14:57:18","slug":"comenzo-la-ejecucion-de-tres-parques-eolicos-en-tornquist","status":"publish","type":"post","link":"https:\/\/www.celttv.com.ar\/index.php\/2018\/11\/26\/comenzo-la-ejecucion-de-tres-parques-eolicos-en-tornquist\/","title":{"rendered":"Comenz\u00f3 la ejecuci\u00f3n de tres parques e\u00f3licos en Tornquist"},"content":{"rendered":"<p>Se trata de San Jorge y El Mataco, de la firma PCR, y Energ\u00e9tica I, de AES. Por su envergadura, pondr\u00e1n al distrito a la vanguardia en generaci\u00f3n de energ\u00eda e\u00f3lica dentro de la regi\u00f3n.<br \/>\n<strong>Juan Ignacio Schwerdt\u00a0\/\u00a0jschwerdt@lanueva.com<\/strong><br \/>\nLas empresas AES Argentina Generaci\u00f3n y Petroqu\u00edmica Comodoro Rivadavia (PCR) iniciaron la construcci\u00f3n de tres parques e\u00f3licos en Tornquist, lo que pondr\u00e1 a este distrito a la vanguardia en materia de generaci\u00f3n de energ\u00eda renovable dentro del Sudoeste Bonaerense.<br \/>\nAs\u00ed lo confirm\u00f3 a\u00a0<strong>La Nueva.<\/strong>\u00a0el intendente Sergio Bordoni, tras las duras negociaciones con ambas firmas por el pago de derechos de construcci\u00f3n.<br \/>\n\u201cPCR ya empez\u00f3 a trabajar en el movimiento de suelos y la instalaci\u00f3n de una planta cementera. El obrador est\u00e1 en un campo de 300 hect\u00e1reas que compr\u00f3 a unos 25 kil\u00f3metros de Tornquist, a la altura de Tres Picos -describi\u00f3-. En el caso de AES, est\u00e1 abriendo las calles internas del predio donde har\u00e1 su parque, en cercan\u00edas de Garc\u00eda del R\u00edo\u201d.<br \/>\nPCR cristalizar\u00e1 su proyecto trav\u00e9s de la firma Luz de Tres Picos SA, de su propiedad. Consistir\u00e1 en el desarrollo de dos complejos -El Mataco y San Jorge-, que estar\u00e1n ubicados a ambos lados de la ruta 33 y tendr\u00e1n una potencia nominal de 100Mw cada uno.<br \/>\nDe acuerdo con el plan que en su momento present\u00f3 la firma, en unos tres meses deber\u00eda iniciarse el trabajo de excavaci\u00f3n y hormigonado de las bases, a fin de comenzar la instalaci\u00f3n de los aerogeneradores entre fines de 2019 y principios de 2020.<br \/>\nEn total, se levantar\u00e1n 51 torres del modelo V136 de la marca Vestas, con una potencia nominal individual de 4,2mw y una altura de casi 200 metros (130 correspondientes a la torre y 68 a las palas). En forma complementaria, Luz de Tres Picos ejecutar\u00e1 una nueva subestaci\u00f3n transformadora.<br \/>\nEn el caso de AES, su parque se denominar\u00e1 Energ\u00e9tica I y tendr\u00e1 una potencia nominal de 79,8Mw. Lo conformar\u00e1n 25 torres con aspas de 45 metros de largo, y una potencia individual de 3,2Mw.<br \/>\nLos tres proyectos fueron licitados en la ronda 2.0 del programa nacional RenovAr, que promueve el uso de energ\u00edas renovables.<br \/>\n<img decoding=\"async\" src=\"https:\/\/px.cdn.lanueva.com\/112018\/1543182275513.jpg\" width=\"100%\" height=\"auto\" \/><\/p>\n<h3>60 millones de pesos<\/h3>\n<p>El inicio de los trabajos se termin\u00f3 de destrabar d\u00edas atr\u00e1s, luego de que el Concejo Deliberante aprob\u00f3 el acuerdo al que lleg\u00f3 Bordoni con ambas empresas en concepto de derechos de construcci\u00f3n.<br \/>\nNo fue por unanimidad, sino por mayor\u00eda, ya que el arco justicialista vot\u00f3 en contra. Seg\u00fan adujo la oposici\u00f3n, el municipio deber\u00eda haber insistido en percibir el 2% de la inversi\u00f3n prevista, que se calcula en 240 millones de d\u00f3lares; es decir, unos 4,8 millones de d\u00f3lares.<br \/>\nBordoni, sin embargo, hizo lugar al principal reclamo de las empresas, que le exig\u00edan no pagar tributos por los componentes importados de su inversi\u00f3n.<br \/>\n\u201cComo los aerogeneradores y palas vendr\u00e1n desde B\u00e9lgica y Holanda, ellos ya pagan impuestos all\u00e1. Nos pareci\u00f3 razonable el reclamo, as\u00ed que dispusimos cobrar s\u00f3lo por aquello que se haga en nuestro pa\u00eds\u201d, explic\u00f3 el jefe comunal.<br \/>\n\u201cEsto nos daba, en el caso de PCR, que deb\u00edan pagar unos 24 millones de pesos por parque. Entonces les dimos dos opciones: abonar todo de inmediato, con una quita de 4 millones por parque; o pagar la mitad ahora y el resto en cuota hasta terminar la obra. Eligieron la primera opci\u00f3n\u201d, se\u00f1al\u00f3.<br \/>\nCPR ya gir\u00f3 al municipio 20 de los 40 millones de pesos que debe abonar; la otra mitad la pagar\u00e1 el 10 de diciembre. AES cancel\u00f3 la semana pasada todo lo que le correspond\u00eda: 20 millones de pesos.<br \/>\n\u201cCreemos que cobramos los derechos de construcci\u00f3n como corresponde y seg\u00fan la ordenanza que tenemos vigente -enfatiz\u00f3 Bordoni-. Quiz\u00e1 lo que a alguno le duela es que nos ingresen 60 millones de pesos antes de fin de a\u00f1o y podamos cerrar el a\u00f1o con un respiro important\u00edsimo\u201d.<br \/>\nEl jefe comunal aclar\u00f3 adem\u00e1s que las empresas subcontratadas en ambas obras pagar\u00e1n la tasa de Seguridad e Higiene mientras duren los trabajos, lo que reportar\u00e1 para la comuna ingresos por 10 millones de pesos.<br \/>\nUna vez inaugurados los parques, AES pagar\u00e1 en forma inmediata una tasa de SH equivalente al 0,2%, mientras que PCR, por el tama\u00f1o de su inversi\u00f3n -prev\u00e9 realizar cuatro parques-, gozar\u00e1 de una eximici\u00f3n de cuatro a\u00f1os.<br \/>\n&nbsp;<\/p>\n<h3>&#8220;Ocupar\u00e1n toda la bolsa de trabajo municipal&#8221;<\/h3>\n<p><strong>Todos.\u00a0<\/strong>El intendente Bordoni estim\u00f3 que durante el plazo de construcci\u00f3n de los parques -algo m\u00e1s de 18 meses-, las empresas subcontratistas ocupar\u00e1n a la totalidad de los operarios registrados en la bolsa de trabajo del municipio. \u201cEl acuerdo al que llegamos con las empresas y la UOCRA es que el 50% de las vacantes se cubran con la n\u00f3mina del gremio y, la otra mitad, con nuestra bolsa de trabajo\u201d, indic\u00f3.<br \/>\n<strong>Vacantes.\u00a0<\/strong>\u201cLo que ocurre es que nosotros tenemos anotadas a unas 170 personas, as\u00ed que no creo que podamos cubrir ese 50%. Las vacantes se terminar\u00e1n ocupando con obreros provenientes de otros lugares de la zona\u201d, a\u00f1adi\u00f3.<br \/>\n<strong>Plena.\u00a0<\/strong>El jefe comunal destac\u00f3 que, mientras dure la construcci\u00f3n de los parques, Tornquist registrar\u00e1 ocupaci\u00f3n laboral plena. \u201cPara m\u00ed es un dato muy relevante. Por los propios trabajadores y porque esto sin dudas dinamizar\u00e1 la econom\u00eda de los comercios locales\u201d, dijo.<br \/>\n<strong>Estimaciones.<\/strong>\u00a0previas indican que el parque m\u00e1s peque\u00f1o, Energ\u00e9tica I, llegar\u00e1 a ocupar en forma directa e indirecta unas 250 personas durante su momento de mayor demanda laboral. Si se suman los otros parques, la cifra se elevar\u00eda a entre 750 y 850 operarios.<br \/>\n<strong>FUENTE: LA NUEVA.<\/strong><\/p>\n","protected":false},"excerpt":{"rendered":"<p>Se trata de San Jorge y El Mataco, de la firma PCR, y Energ\u00e9tica I, de AES. Por su envergadura, pondr\u00e1n al distrito a la vanguardia en generaci\u00f3n de energ\u00eda e\u00f3lica dentro de la regi\u00f3n. Juan Ignacio Schwerdt\u00a0\/\u00a0jschwerdt@lanueva.com Las empresas AES Argentina Generaci\u00f3n y Petroqu\u00edmica Comodoro Rivadavia (PCR) iniciaron la construcci\u00f3n de tres parques e\u00f3licos [&hellip;]<\/p>\n","protected":false},"author":1,"featured_media":38691,"comment_status":"closed","ping_status":"open","sticky":false,"template":"","format":"standard","meta":{"footnotes":""},"categories":[55,51,52,59],"tags":[],"class_list":["post-38690","post","type-post","status-publish","format-standard","has-post-thumbnail","hentry","category-celt-tv-noticias","category-comunidad","category-destacadas","category-municipales"],"yoast_head":"<!-- This site is optimized with the Yoast SEO plugin v19.7.1 - https:\/\/yoast.com\/wordpress\/plugins\/seo\/ -->\n<title>Comenz\u00f3 la ejecuci\u00f3n de tres parques e\u00f3licos en Tornquist - CELTTV<\/title>\n<meta name=\"description\" content=\"Sitio web de noticias de la localidad de Tornquist, provincia de Buenos Aires, Rep\u00fablica Argentina. Contenido propio originado por periodistas de CELTTV, el canal de TV local de la Cooperativa El\u00e9ctrica de Tornquist. Turismo, Pol\u00edtica, Sociedad, Deporte, Cultura y todo el contenido de inter\u00e9s general que la gente del pueblo y la regi\u00f3n debe conocer.\" \/>\n<meta name=\"robots\" content=\"index, follow, max-snippet:-1, max-image-preview:large, max-video-preview:-1\" \/>\n<link rel=\"canonical\" href=\"https:\/\/www.celttv.com.ar\/index.php\/2018\/11\/26\/comenzo-la-ejecucion-de-tres-parques-eolicos-en-tornquist\/\" \/>\n<meta property=\"og:locale\" content=\"es_ES\" \/>\n<meta property=\"og:type\" content=\"article\" \/>\n<meta property=\"og:title\" content=\"Comenz\u00f3 la ejecuci\u00f3n de tres parques e\u00f3licos en Tornquist - CELTTV\" \/>\n<meta property=\"og:description\" content=\"Sitio web de noticias de la localidad de Tornquist, provincia de Buenos Aires, Rep\u00fablica Argentina. Contenido propio originado por periodistas de CELTTV, el canal de TV local de la Cooperativa El\u00e9ctrica de Tornquist. Turismo, Pol\u00edtica, Sociedad, Deporte, Cultura y todo el contenido de inter\u00e9s general que la gente del pueblo y la regi\u00f3n debe conocer.\" \/>\n<meta property=\"og:url\" content=\"https:\/\/www.celttv.com.ar\/index.php\/2018\/11\/26\/comenzo-la-ejecucion-de-tres-parques-eolicos-en-tornquist\/\" \/>\n<meta property=\"og:site_name\" content=\"CELTTV\" \/>\n<meta property=\"article:publisher\" content=\"https:\/\/www.facebook.com\/celtTV\/\" \/>\n<meta property=\"article:published_time\" content=\"2018-11-26T14:57:18+00:00\" \/>\n<meta property=\"og:image\" content=\"https:\/\/www.celttv.com.ar\/wp-content\/uploads\/2018\/11\/1543182220876.jpg\" \/>\n\t<meta property=\"og:image:width\" content=\"790\" \/>\n\t<meta property=\"og:image:height\" content=\"482\" \/>\n\t<meta property=\"og:image:type\" content=\"image\/jpeg\" \/>\n<meta name=\"author\" content=\"ulises\" \/>\n<meta name=\"twitter:card\" content=\"summary_large_image\" \/>\n<meta name=\"twitter:label1\" content=\"Escrito por\" \/>\n\t<meta name=\"twitter:data1\" content=\"ulises\" \/>\n\t<meta name=\"twitter:label2\" content=\"Tiempo de lectura\" \/>\n\t<meta name=\"twitter:data2\" content=\"5 minutos\" \/>\n<script type=\"application\/ld+json\" class=\"yoast-schema-graph\">{\"@context\":\"https:\/\/schema.org\",\"@graph\":[{\"@type\":\"NewsArticle\",\"@id\":\"https:\/\/www.celttv.com.ar\/index.php\/2018\/11\/26\/comenzo-la-ejecucion-de-tres-parques-eolicos-en-tornquist\/#article\",\"isPartOf\":{\"@id\":\"https:\/\/www.celttv.com.ar\/index.php\/2018\/11\/26\/comenzo-la-ejecucion-de-tres-parques-eolicos-en-tornquist\/\"},\"author\":{\"name\":\"ulises\",\"@id\":\"https:\/\/www.celttv.com.ar\/#\/schema\/person\/6d99c072dba59953809c81446e9d0ace\"},\"headline\":\"Comenz\u00f3 la ejecuci\u00f3n de tres parques e\u00f3licos en Tornquist\",\"datePublished\":\"2018-11-26T14:57:18+00:00\",\"dateModified\":\"2018-11-26T14:57:18+00:00\",\"mainEntityOfPage\":{\"@id\":\"https:\/\/www.celttv.com.ar\/index.php\/2018\/11\/26\/comenzo-la-ejecucion-de-tres-parques-eolicos-en-tornquist\/\"},\"wordCount\":979,\"publisher\":{\"@id\":\"https:\/\/www.celttv.com.ar\/#organization\"},\"articleSection\":[\"Celt TV Noticias\",\"Comunidad\",\"Destacadas\",\"Municipales\"],\"inLanguage\":\"es\"},{\"@type\":\"WebPage\",\"@id\":\"https:\/\/www.celttv.com.ar\/index.php\/2018\/11\/26\/comenzo-la-ejecucion-de-tres-parques-eolicos-en-tornquist\/\",\"url\":\"https:\/\/www.celttv.com.ar\/index.php\/2018\/11\/26\/comenzo-la-ejecucion-de-tres-parques-eolicos-en-tornquist\/\",\"name\":\"Comenz\u00f3 la ejecuci\u00f3n de tres parques e\u00f3licos en Tornquist - CELTTV\",\"isPartOf\":{\"@id\":\"https:\/\/www.celttv.com.ar\/#website\"},\"datePublished\":\"2018-11-26T14:57:18+00:00\",\"dateModified\":\"2018-11-26T14:57:18+00:00\",\"description\":\"Sitio web de noticias de la localidad de Tornquist, provincia de Buenos Aires, Rep\u00fablica Argentina. Contenido propio originado por periodistas de CELTTV, el canal de TV local de la Cooperativa El\u00e9ctrica de Tornquist. Turismo, Pol\u00edtica, Sociedad, Deporte, Cultura y todo el contenido de inter\u00e9s general que la gente del pueblo y la regi\u00f3n debe conocer.\",\"breadcrumb\":{\"@id\":\"https:\/\/www.celttv.com.ar\/index.php\/2018\/11\/26\/comenzo-la-ejecucion-de-tres-parques-eolicos-en-tornquist\/#breadcrumb\"},\"inLanguage\":\"es\",\"potentialAction\":[{\"@type\":\"ReadAction\",\"target\":[\"https:\/\/www.celttv.com.ar\/index.php\/2018\/11\/26\/comenzo-la-ejecucion-de-tres-parques-eolicos-en-tornquist\/\"]}]},{\"@type\":\"BreadcrumbList\",\"@id\":\"https:\/\/www.celttv.com.ar\/index.php\/2018\/11\/26\/comenzo-la-ejecucion-de-tres-parques-eolicos-en-tornquist\/#breadcrumb\",\"itemListElement\":[{\"@type\":\"ListItem\",\"position\":1,\"name\":\"Inicio\",\"item\":\"https:\/\/www.celttv.com.ar\/\"},{\"@type\":\"ListItem\",\"position\":2,\"name\":\"Comenz\u00f3 la ejecuci\u00f3n de tres parques e\u00f3licos en Tornquist\"}]},{\"@type\":\"WebSite\",\"@id\":\"https:\/\/www.celttv.com.ar\/#website\",\"url\":\"https:\/\/www.celttv.com.ar\/\",\"name\":\"CELTTV\",\"description\":\"Cooperativa El\u00e9ctrica de Tornquist\",\"publisher\":{\"@id\":\"https:\/\/www.celttv.com.ar\/#organization\"},\"potentialAction\":[{\"@type\":\"SearchAction\",\"target\":{\"@type\":\"EntryPoint\",\"urlTemplate\":\"https:\/\/www.celttv.com.ar\/?s={search_term_string}\"},\"query-input\":\"required name=search_term_string\"}],\"inLanguage\":\"es\"},{\"@type\":\"Organization\",\"@id\":\"https:\/\/www.celttv.com.ar\/#organization\",\"name\":\"CELTTV\",\"url\":\"https:\/\/www.celttv.com.ar\/\",\"sameAs\":[\"https:\/\/www.youtube.com\/channel\/UCz_oIt8Hig64Ub-EmcNPIhg\",\"https:\/\/www.facebook.com\/celtTV\/\"],\"logo\":{\"@type\":\"ImageObject\",\"inLanguage\":\"es\",\"@id\":\"https:\/\/www.celttv.com.ar\/#\/schema\/logo\/image\/\",\"url\":\"http:\/\/www.celttv.com.ar\/wp-content\/uploads\/2022\/08\/logo-1.png\",\"contentUrl\":\"http:\/\/www.celttv.com.ar\/wp-content\/uploads\/2022\/08\/logo-1.png\",\"width\":461,\"height\":159,\"caption\":\"CELTTV\"},\"image\":{\"@id\":\"https:\/\/www.celttv.com.ar\/#\/schema\/logo\/image\/\"}},{\"@type\":\"Person\",\"@id\":\"https:\/\/www.celttv.com.ar\/#\/schema\/person\/6d99c072dba59953809c81446e9d0ace\",\"name\":\"ulises\",\"image\":{\"@type\":\"ImageObject\",\"inLanguage\":\"es\",\"@id\":\"https:\/\/www.celttv.com.ar\/#\/schema\/person\/image\/\",\"url\":\"https:\/\/secure.gravatar.com\/avatar\/7f2c48bdc33b30088f941fb6082e555f2874c98e20cb159d7b92b50eadfce793?s=96&d=mm&r=g\",\"contentUrl\":\"https:\/\/secure.gravatar.com\/avatar\/7f2c48bdc33b30088f941fb6082e555f2874c98e20cb159d7b92b50eadfce793?s=96&d=mm&r=g\",\"caption\":\"ulises\"},\"sameAs\":[\"http:\/\/www.celttv.com.ar\"]}]}<\/script>\n<!-- \/ Yoast SEO plugin. -->","yoast_head_json":{"title":"Comenz\u00f3 la ejecuci\u00f3n de tres parques e\u00f3licos en Tornquist - CELTTV","description":"Sitio web de noticias de la localidad de Tornquist, provincia de Buenos Aires, Rep\u00fablica Argentina. Contenido propio originado por periodistas de CELTTV, el canal de TV local de la Cooperativa El\u00e9ctrica de Tornquist. Turismo, Pol\u00edtica, Sociedad, Deporte, Cultura y todo el contenido de inter\u00e9s general que la gente del pueblo y la regi\u00f3n debe conocer.","robots":{"index":"index","follow":"follow","max-snippet":"max-snippet:-1","max-image-preview":"max-image-preview:large","max-video-preview":"max-video-preview:-1"},"canonical":"https:\/\/www.celttv.com.ar\/index.php\/2018\/11\/26\/comenzo-la-ejecucion-de-tres-parques-eolicos-en-tornquist\/","og_locale":"es_ES","og_type":"article","og_title":"Comenz\u00f3 la ejecuci\u00f3n de tres parques e\u00f3licos en Tornquist - CELTTV","og_description":"Sitio web de noticias de la localidad de Tornquist, provincia de Buenos Aires, Rep\u00fablica Argentina. Contenido propio originado por periodistas de CELTTV, el canal de TV local de la Cooperativa El\u00e9ctrica de Tornquist. Turismo, Pol\u00edtica, Sociedad, Deporte, Cultura y todo el contenido de inter\u00e9s general que la gente del pueblo y la regi\u00f3n debe conocer.","og_url":"https:\/\/www.celttv.com.ar\/index.php\/2018\/11\/26\/comenzo-la-ejecucion-de-tres-parques-eolicos-en-tornquist\/","og_site_name":"CELTTV","article_publisher":"https:\/\/www.facebook.com\/celtTV\/","article_published_time":"2018-11-26T14:57:18+00:00","og_image":[{"width":790,"height":482,"url":"https:\/\/www.celttv.com.ar\/wp-content\/uploads\/2018\/11\/1543182220876.jpg","type":"image\/jpeg"}],"author":"ulises","twitter_card":"summary_large_image","twitter_misc":{"Escrito por":"ulises","Tiempo de lectura":"5 minutos"},"schema":{"@context":"https:\/\/schema.org","@graph":[{"@type":"NewsArticle","@id":"https:\/\/www.celttv.com.ar\/index.php\/2018\/11\/26\/comenzo-la-ejecucion-de-tres-parques-eolicos-en-tornquist\/#article","isPartOf":{"@id":"https:\/\/www.celttv.com.ar\/index.php\/2018\/11\/26\/comenzo-la-ejecucion-de-tres-parques-eolicos-en-tornquist\/"},"author":{"name":"ulises","@id":"https:\/\/www.celttv.com.ar\/#\/schema\/person\/6d99c072dba59953809c81446e9d0ace"},"headline":"Comenz\u00f3 la ejecuci\u00f3n de tres parques e\u00f3licos en Tornquist","datePublished":"2018-11-26T14:57:18+00:00","dateModified":"2018-11-26T14:57:18+00:00","mainEntityOfPage":{"@id":"https:\/\/www.celttv.com.ar\/index.php\/2018\/11\/26\/comenzo-la-ejecucion-de-tres-parques-eolicos-en-tornquist\/"},"wordCount":979,"publisher":{"@id":"https:\/\/www.celttv.com.ar\/#organization"},"articleSection":["Celt TV Noticias","Comunidad","Destacadas","Municipales"],"inLanguage":"es"},{"@type":"WebPage","@id":"https:\/\/www.celttv.com.ar\/index.php\/2018\/11\/26\/comenzo-la-ejecucion-de-tres-parques-eolicos-en-tornquist\/","url":"https:\/\/www.celttv.com.ar\/index.php\/2018\/11\/26\/comenzo-la-ejecucion-de-tres-parques-eolicos-en-tornquist\/","name":"Comenz\u00f3 la ejecuci\u00f3n de tres parques e\u00f3licos en Tornquist - CELTTV","isPartOf":{"@id":"https:\/\/www.celttv.com.ar\/#website"},"datePublished":"2018-11-26T14:57:18+00:00","dateModified":"2018-11-26T14:57:18+00:00","description":"Sitio web de noticias de la localidad de Tornquist, provincia de Buenos Aires, Rep\u00fablica Argentina. Contenido propio originado por periodistas de CELTTV, el canal de TV local de la Cooperativa El\u00e9ctrica de Tornquist. Turismo, Pol\u00edtica, Sociedad, Deporte, Cultura y todo el contenido de inter\u00e9s general que la gente del pueblo y la regi\u00f3n debe conocer.","breadcrumb":{"@id":"https:\/\/www.celttv.com.ar\/index.php\/2018\/11\/26\/comenzo-la-ejecucion-de-tres-parques-eolicos-en-tornquist\/#breadcrumb"},"inLanguage":"es","potentialAction":[{"@type":"ReadAction","target":["https:\/\/www.celttv.com.ar\/index.php\/2018\/11\/26\/comenzo-la-ejecucion-de-tres-parques-eolicos-en-tornquist\/"]}]},{"@type":"BreadcrumbList","@id":"https:\/\/www.celttv.com.ar\/index.php\/2018\/11\/26\/comenzo-la-ejecucion-de-tres-parques-eolicos-en-tornquist\/#breadcrumb","itemListElement":[{"@type":"ListItem","position":1,"name":"Inicio","item":"https:\/\/www.celttv.com.ar\/"},{"@type":"ListItem","position":2,"name":"Comenz\u00f3 la ejecuci\u00f3n de tres parques e\u00f3licos en Tornquist"}]},{"@type":"WebSite","@id":"https:\/\/www.celttv.com.ar\/#website","url":"https:\/\/www.celttv.com.ar\/","name":"CELTTV","description":"Cooperativa El\u00e9ctrica de Tornquist","publisher":{"@id":"https:\/\/www.celttv.com.ar\/#organization"},"potentialAction":[{"@type":"SearchAction","target":{"@type":"EntryPoint","urlTemplate":"https:\/\/www.celttv.com.ar\/?s={search_term_string}"},"query-input":"required name=search_term_string"}],"inLanguage":"es"},{"@type":"Organization","@id":"https:\/\/www.celttv.com.ar\/#organization","name":"CELTTV","url":"https:\/\/www.celttv.com.ar\/","sameAs":["https:\/\/www.youtube.com\/channel\/UCz_oIt8Hig64Ub-EmcNPIhg","https:\/\/www.facebook.com\/celtTV\/"],"logo":{"@type":"ImageObject","inLanguage":"es","@id":"https:\/\/www.celttv.com.ar\/#\/schema\/logo\/image\/","url":"http:\/\/www.celttv.com.ar\/wp-content\/uploads\/2022\/08\/logo-1.png","contentUrl":"http:\/\/www.celttv.com.ar\/wp-content\/uploads\/2022\/08\/logo-1.png","width":461,"height":159,"caption":"CELTTV"},"image":{"@id":"https:\/\/www.celttv.com.ar\/#\/schema\/logo\/image\/"}},{"@type":"Person","@id":"https:\/\/www.celttv.com.ar\/#\/schema\/person\/6d99c072dba59953809c81446e9d0ace","name":"ulises","image":{"@type":"ImageObject","inLanguage":"es","@id":"https:\/\/www.celttv.com.ar\/#\/schema\/person\/image\/","url":"https:\/\/secure.gravatar.com\/avatar\/7f2c48bdc33b30088f941fb6082e555f2874c98e20cb159d7b92b50eadfce793?s=96&d=mm&r=g","contentUrl":"https:\/\/secure.gravatar.com\/avatar\/7f2c48bdc33b30088f941fb6082e555f2874c98e20cb159d7b92b50eadfce793?s=96&d=mm&r=g","caption":"ulises"},"sameAs":["http:\/\/www.celttv.com.ar"]}]}},"_links":{"self":[{"href":"https:\/\/www.celttv.com.ar\/index.php\/wp-json\/wp\/v2\/posts\/38690","targetHints":{"allow":["GET"]}}],"collection":[{"href":"https:\/\/www.celttv.com.ar\/index.php\/wp-json\/wp\/v2\/posts"}],"about":[{"href":"https:\/\/www.celttv.com.ar\/index.php\/wp-json\/wp\/v2\/types\/post"}],"author":[{"embeddable":true,"href":"https:\/\/www.celttv.com.ar\/index.php\/wp-json\/wp\/v2\/users\/1"}],"replies":[{"embeddable":true,"href":"https:\/\/www.celttv.com.ar\/index.php\/wp-json\/wp\/v2\/comments?post=38690"}],"version-history":[{"count":0,"href":"https:\/\/www.celttv.com.ar\/index.php\/wp-json\/wp\/v2\/posts\/38690\/revisions"}],"wp:featuredmedia":[{"embeddable":true,"href":"https:\/\/www.celttv.com.ar\/index.php\/wp-json\/wp\/v2\/media\/38691"}],"wp:attachment":[{"href":"https:\/\/www.celttv.com.ar\/index.php\/wp-json\/wp\/v2\/media?parent=38690"}],"wp:term":[{"taxonomy":"category","embeddable":true,"href":"https:\/\/www.celttv.com.ar\/index.php\/wp-json\/wp\/v2\/categories?post=38690"},{"taxonomy":"post_tag","embeddable":true,"href":"https:\/\/www.celttv.com.ar\/index.php\/wp-json\/wp\/v2\/tags?post=38690"}],"curies":[{"name":"wp","href":"https:\/\/api.w.org\/{rel}","templated":true}]}}