{"id":38905,"date":"2018-12-04T12:50:15","date_gmt":"2018-12-04T12:50:15","guid":{"rendered":"http:\/\/www.celttv.com.ar\/?p=38905"},"modified":"2018-12-04T12:50:15","modified_gmt":"2018-12-04T12:50:15","slug":"la-celt-ocupa-la-sindicatura-de-colsecor","status":"publish","type":"post","link":"https:\/\/www.celttv.com.ar\/index.php\/2018\/12\/04\/la-celt-ocupa-la-sindicatura-de-colsecor\/","title":{"rendered":"Por ley, los Concejos Deliberantes de la Provincia tendr\u00e1n que trabajar un mes m\u00e1s"},"content":{"rendered":"<h2>Las sesiones comenzar\u00e1n el 1\u00b0 de marzo y finalizar\u00e1n el 30 de noviembre.<\/h2>\n<p>Los Concejos Deliberantes de\u00a0<a href=\"https:\/\/www.clarin.com\/tema\/provincia-de-buenos-aires.html\" target=\"_blank\" rel=\"noopener\" data-cke-saved-href=\"https:\/\/www.clarin.com\/tema\/provincia-de-buenos-aires.html\">la provincia de Buenos Aires\u00a0<\/a>tendr\u00e1n un mes m\u00e1s de trabajo a partir del inicio de las sesiones ordinarias del a\u00f1o pr\u00f3ximo.<br \/>\nAs\u00ed lo establece\u00a0la ley que sancion\u00f3 la C\u00e1mara de Diputados bonaerense, que a partir de un proyecto modific\u00f3 la Ley Org\u00e1nica de las Municipalidades, estableciendo que\u00a0<strong>el per\u00edodo de sesiones se inicie el 1\u00b0 de marzo y finalice el 30 de noviembre<\/strong>.<br \/>\nHasta ahora,\u00a0los cuerpos deliberativos locales comenzaban a sesionar el 1\u00ba de abril de cada a\u00f1o.<br \/>\nEl cambio se aprob\u00f3 en medio de la sesi\u00f3n marat\u00f3nica del lunes en la Legislatura bonaerense, donde el Gobierno de Mar\u00eda Eugenia\u00a0<a href=\"https:\/\/www.clarin.com\/politica\/senado-bonaerense-aprobo-presupuesto-endeudamiento-pidio-maria-eugenia-vidal_0_HgKZxUtKs.html\" target=\"_blank\" rel=\"noopener\" data-cke-saved-href=\"https:\/\/www.clarin.com\/politica\/senado-bonaerense-aprobo-presupuesto-endeudamiento-pidio-maria-eugenia-vidal_0_HgKZxUtKs.html\">Vidal\u00a0consigui\u00f3 la sanci\u00f3n del endeudamiento y el Presupuesto 2019<\/a>.<br \/>\nAdem\u00e1s, se cre\u00f3 una Comisi\u00f3n Bicameral para estudiar el desdoblamiento de las elecciones en la Provincia para gobernador, la cual realizar\u00e1 un informe no vinculante sobre la posibilidad de separar los comicios municipales.<\/p>\n","protected":false},"excerpt":{"rendered":"<p>Las sesiones comenzar\u00e1n el 1\u00b0 de marzo y finalizar\u00e1n el 30 de noviembre. Los Concejos Deliberantes de\u00a0la provincia de Buenos Aires\u00a0tendr\u00e1n un mes m\u00e1s de trabajo a partir del inicio de las sesiones ordinarias del a\u00f1o pr\u00f3ximo. As\u00ed lo establece\u00a0la ley que sancion\u00f3 la C\u00e1mara de Diputados bonaerense, que a partir de un proyecto modific\u00f3 [&hellip;]<\/p>\n","protected":false},"author":1,"featured_media":38907,"comment_status":"closed","ping_status":"open","sticky":false,"template":"","format":"standard","meta":{"footnotes":""},"categories":[51,52],"tags":[],"class_list":["post-38905","post","type-post","status-publish","format-standard","has-post-thumbnail","hentry","category-comunidad","category-destacadas"],"yoast_head":"<!-- This site is optimized with the Yoast SEO plugin v19.7.1 - https:\/\/yoast.com\/wordpress\/plugins\/seo\/ -->\n<title>Por ley, los Concejos Deliberantes de la Provincia tendr\u00e1n que trabajar un mes m\u00e1s - CELTTV<\/title>\n<meta name=\"description\" content=\"Sitio web de noticias de la localidad de Tornquist, provincia de Buenos Aires, Rep\u00fablica Argentina. Contenido propio originado por periodistas de CELTTV, el canal de TV local de la Cooperativa El\u00e9ctrica de Tornquist. Turismo, Pol\u00edtica, Sociedad, Deporte, Cultura y todo el contenido de inter\u00e9s general que la gente del pueblo y la regi\u00f3n debe conocer.\" \/>\n<meta name=\"robots\" content=\"index, follow, max-snippet:-1, max-image-preview:large, max-video-preview:-1\" \/>\n<link rel=\"canonical\" href=\"https:\/\/www.celttv.com.ar\/index.php\/2018\/12\/04\/la-celt-ocupa-la-sindicatura-de-colsecor\/\" \/>\n<meta property=\"og:locale\" content=\"es_ES\" \/>\n<meta property=\"og:type\" content=\"article\" \/>\n<meta property=\"og:title\" content=\"Por ley, los Concejos Deliberantes de la Provincia tendr\u00e1n que trabajar un mes m\u00e1s - CELTTV\" \/>\n<meta property=\"og:description\" content=\"Sitio web de noticias de la localidad de Tornquist, provincia de Buenos Aires, Rep\u00fablica Argentina. Contenido propio originado por periodistas de CELTTV, el canal de TV local de la Cooperativa El\u00e9ctrica de Tornquist. Turismo, Pol\u00edtica, Sociedad, Deporte, Cultura y todo el contenido de inter\u00e9s general que la gente del pueblo y la regi\u00f3n debe conocer.\" \/>\n<meta property=\"og:url\" content=\"https:\/\/www.celttv.com.ar\/index.php\/2018\/12\/04\/la-celt-ocupa-la-sindicatura-de-colsecor\/\" \/>\n<meta property=\"og:site_name\" content=\"CELTTV\" \/>\n<meta property=\"article:publisher\" content=\"https:\/\/www.facebook.com\/celtTV\/\" \/>\n<meta property=\"article:published_time\" content=\"2018-12-04T12:50:15+00:00\" \/>\n<meta property=\"og:image\" content=\"https:\/\/www.celttv.com.ar\/wp-content\/uploads\/2018\/12\/camara-de-diputados.jpg\" \/>\n\t<meta property=\"og:image:width\" content=\"1256\" \/>\n\t<meta property=\"og:image:height\" content=\"620\" \/>\n\t<meta property=\"og:image:type\" content=\"image\/jpeg\" \/>\n<meta name=\"author\" content=\"ulises\" \/>\n<meta name=\"twitter:card\" content=\"summary_large_image\" \/>\n<meta name=\"twitter:label1\" content=\"Escrito por\" \/>\n\t<meta name=\"twitter:data1\" content=\"ulises\" \/>\n\t<meta name=\"twitter:label2\" content=\"Tiempo de lectura\" \/>\n\t<meta name=\"twitter:data2\" content=\"1 minuto\" \/>\n<script type=\"application\/ld+json\" class=\"yoast-schema-graph\">{\"@context\":\"https:\/\/schema.org\",\"@graph\":[{\"@type\":\"NewsArticle\",\"@id\":\"https:\/\/www.celttv.com.ar\/index.php\/2018\/12\/04\/la-celt-ocupa-la-sindicatura-de-colsecor\/#article\",\"isPartOf\":{\"@id\":\"https:\/\/www.celttv.com.ar\/index.php\/2018\/12\/04\/la-celt-ocupa-la-sindicatura-de-colsecor\/\"},\"author\":{\"name\":\"ulises\",\"@id\":\"https:\/\/www.celttv.com.ar\/#\/schema\/person\/6d99c072dba59953809c81446e9d0ace\"},\"headline\":\"Por ley, los Concejos Deliberantes de la Provincia tendr\u00e1n que trabajar un mes m\u00e1s\",\"datePublished\":\"2018-12-04T12:50:15+00:00\",\"dateModified\":\"2018-12-04T12:50:15+00:00\",\"mainEntityOfPage\":{\"@id\":\"https:\/\/www.celttv.com.ar\/index.php\/2018\/12\/04\/la-celt-ocupa-la-sindicatura-de-colsecor\/\"},\"wordCount\":189,\"publisher\":{\"@id\":\"https:\/\/www.celttv.com.ar\/#organization\"},\"articleSection\":[\"Comunidad\",\"Destacadas\"],\"inLanguage\":\"es\"},{\"@type\":\"WebPage\",\"@id\":\"https:\/\/www.celttv.com.ar\/index.php\/2018\/12\/04\/la-celt-ocupa-la-sindicatura-de-colsecor\/\",\"url\":\"https:\/\/www.celttv.com.ar\/index.php\/2018\/12\/04\/la-celt-ocupa-la-sindicatura-de-colsecor\/\",\"name\":\"Por ley, los Concejos Deliberantes de la Provincia tendr\u00e1n que trabajar un mes m\u00e1s - CELTTV\",\"isPartOf\":{\"@id\":\"https:\/\/www.celttv.com.ar\/#website\"},\"datePublished\":\"2018-12-04T12:50:15+00:00\",\"dateModified\":\"2018-12-04T12:50:15+00:00\",\"description\":\"Sitio web de noticias de la localidad de Tornquist, provincia de Buenos Aires, Rep\u00fablica Argentina. Contenido propio originado por periodistas de CELTTV, el canal de TV local de la Cooperativa El\u00e9ctrica de Tornquist. Turismo, Pol\u00edtica, Sociedad, Deporte, Cultura y todo el contenido de inter\u00e9s general que la gente del pueblo y la regi\u00f3n debe conocer.\",\"breadcrumb\":{\"@id\":\"https:\/\/www.celttv.com.ar\/index.php\/2018\/12\/04\/la-celt-ocupa-la-sindicatura-de-colsecor\/#breadcrumb\"},\"inLanguage\":\"es\",\"potentialAction\":[{\"@type\":\"ReadAction\",\"target\":[\"https:\/\/www.celttv.com.ar\/index.php\/2018\/12\/04\/la-celt-ocupa-la-sindicatura-de-colsecor\/\"]}]},{\"@type\":\"BreadcrumbList\",\"@id\":\"https:\/\/www.celttv.com.ar\/index.php\/2018\/12\/04\/la-celt-ocupa-la-sindicatura-de-colsecor\/#breadcrumb\",\"itemListElement\":[{\"@type\":\"ListItem\",\"position\":1,\"name\":\"Inicio\",\"item\":\"https:\/\/www.celttv.com.ar\/\"},{\"@type\":\"ListItem\",\"position\":2,\"name\":\"Por ley, los Concejos Deliberantes de la Provincia tendr\u00e1n que trabajar un mes m\u00e1s\"}]},{\"@type\":\"WebSite\",\"@id\":\"https:\/\/www.celttv.com.ar\/#website\",\"url\":\"https:\/\/www.celttv.com.ar\/\",\"name\":\"CELTTV\",\"description\":\"Cooperativa El\u00e9ctrica de Tornquist\",\"publisher\":{\"@id\":\"https:\/\/www.celttv.com.ar\/#organization\"},\"potentialAction\":[{\"@type\":\"SearchAction\",\"target\":{\"@type\":\"EntryPoint\",\"urlTemplate\":\"https:\/\/www.celttv.com.ar\/?s={search_term_string}\"},\"query-input\":\"required name=search_term_string\"}],\"inLanguage\":\"es\"},{\"@type\":\"Organization\",\"@id\":\"https:\/\/www.celttv.com.ar\/#organization\",\"name\":\"CELTTV\",\"url\":\"https:\/\/www.celttv.com.ar\/\",\"sameAs\":[\"https:\/\/www.youtube.com\/channel\/UCz_oIt8Hig64Ub-EmcNPIhg\",\"https:\/\/www.facebook.com\/celtTV\/\"],\"logo\":{\"@type\":\"ImageObject\",\"inLanguage\":\"es\",\"@id\":\"https:\/\/www.celttv.com.ar\/#\/schema\/logo\/image\/\",\"url\":\"http:\/\/www.celttv.com.ar\/wp-content\/uploads\/2022\/08\/logo-1.png\",\"contentUrl\":\"http:\/\/www.celttv.com.ar\/wp-content\/uploads\/2022\/08\/logo-1.png\",\"width\":461,\"height\":159,\"caption\":\"CELTTV\"},\"image\":{\"@id\":\"https:\/\/www.celttv.com.ar\/#\/schema\/logo\/image\/\"}},{\"@type\":\"Person\",\"@id\":\"https:\/\/www.celttv.com.ar\/#\/schema\/person\/6d99c072dba59953809c81446e9d0ace\",\"name\":\"ulises\",\"image\":{\"@type\":\"ImageObject\",\"inLanguage\":\"es\",\"@id\":\"https:\/\/www.celttv.com.ar\/#\/schema\/person\/image\/\",\"url\":\"https:\/\/secure.gravatar.com\/avatar\/7f2c48bdc33b30088f941fb6082e555f2874c98e20cb159d7b92b50eadfce793?s=96&d=mm&r=g\",\"contentUrl\":\"https:\/\/secure.gravatar.com\/avatar\/7f2c48bdc33b30088f941fb6082e555f2874c98e20cb159d7b92b50eadfce793?s=96&d=mm&r=g\",\"caption\":\"ulises\"},\"sameAs\":[\"http:\/\/www.celttv.com.ar\"]}]}<\/script>\n<!-- \/ Yoast SEO plugin. -->","yoast_head_json":{"title":"Por ley, los Concejos Deliberantes de la Provincia tendr\u00e1n que trabajar un mes m\u00e1s - CELTTV","description":"Sitio web de noticias de la localidad de Tornquist, provincia de Buenos Aires, Rep\u00fablica Argentina. Contenido propio originado por periodistas de CELTTV, el canal de TV local de la Cooperativa El\u00e9ctrica de Tornquist. Turismo, Pol\u00edtica, Sociedad, Deporte, Cultura y todo el contenido de inter\u00e9s general que la gente del pueblo y la regi\u00f3n debe conocer.","robots":{"index":"index","follow":"follow","max-snippet":"max-snippet:-1","max-image-preview":"max-image-preview:large","max-video-preview":"max-video-preview:-1"},"canonical":"https:\/\/www.celttv.com.ar\/index.php\/2018\/12\/04\/la-celt-ocupa-la-sindicatura-de-colsecor\/","og_locale":"es_ES","og_type":"article","og_title":"Por ley, los Concejos Deliberantes de la Provincia tendr\u00e1n que trabajar un mes m\u00e1s - CELTTV","og_description":"Sitio web de noticias de la localidad de Tornquist, provincia de Buenos Aires, Rep\u00fablica Argentina. Contenido propio originado por periodistas de CELTTV, el canal de TV local de la Cooperativa El\u00e9ctrica de Tornquist. Turismo, Pol\u00edtica, Sociedad, Deporte, Cultura y todo el contenido de inter\u00e9s general que la gente del pueblo y la regi\u00f3n debe conocer.","og_url":"https:\/\/www.celttv.com.ar\/index.php\/2018\/12\/04\/la-celt-ocupa-la-sindicatura-de-colsecor\/","og_site_name":"CELTTV","article_publisher":"https:\/\/www.facebook.com\/celtTV\/","article_published_time":"2018-12-04T12:50:15+00:00","og_image":[{"width":1256,"height":620,"url":"https:\/\/www.celttv.com.ar\/wp-content\/uploads\/2018\/12\/camara-de-diputados.jpg","type":"image\/jpeg"}],"author":"ulises","twitter_card":"summary_large_image","twitter_misc":{"Escrito por":"ulises","Tiempo de lectura":"1 minuto"},"schema":{"@context":"https:\/\/schema.org","@graph":[{"@type":"NewsArticle","@id":"https:\/\/www.celttv.com.ar\/index.php\/2018\/12\/04\/la-celt-ocupa-la-sindicatura-de-colsecor\/#article","isPartOf":{"@id":"https:\/\/www.celttv.com.ar\/index.php\/2018\/12\/04\/la-celt-ocupa-la-sindicatura-de-colsecor\/"},"author":{"name":"ulises","@id":"https:\/\/www.celttv.com.ar\/#\/schema\/person\/6d99c072dba59953809c81446e9d0ace"},"headline":"Por ley, los Concejos Deliberantes de la Provincia tendr\u00e1n que trabajar un mes m\u00e1s","datePublished":"2018-12-04T12:50:15+00:00","dateModified":"2018-12-04T12:50:15+00:00","mainEntityOfPage":{"@id":"https:\/\/www.celttv.com.ar\/index.php\/2018\/12\/04\/la-celt-ocupa-la-sindicatura-de-colsecor\/"},"wordCount":189,"publisher":{"@id":"https:\/\/www.celttv.com.ar\/#organization"},"articleSection":["Comunidad","Destacadas"],"inLanguage":"es"},{"@type":"WebPage","@id":"https:\/\/www.celttv.com.ar\/index.php\/2018\/12\/04\/la-celt-ocupa-la-sindicatura-de-colsecor\/","url":"https:\/\/www.celttv.com.ar\/index.php\/2018\/12\/04\/la-celt-ocupa-la-sindicatura-de-colsecor\/","name":"Por ley, los Concejos Deliberantes de la Provincia tendr\u00e1n que trabajar un mes m\u00e1s - CELTTV","isPartOf":{"@id":"https:\/\/www.celttv.com.ar\/#website"},"datePublished":"2018-12-04T12:50:15+00:00","dateModified":"2018-12-04T12:50:15+00:00","description":"Sitio web de noticias de la localidad de Tornquist, provincia de Buenos Aires, Rep\u00fablica Argentina. Contenido propio originado por periodistas de CELTTV, el canal de TV local de la Cooperativa El\u00e9ctrica de Tornquist. Turismo, Pol\u00edtica, Sociedad, Deporte, Cultura y todo el contenido de inter\u00e9s general que la gente del pueblo y la regi\u00f3n debe conocer.","breadcrumb":{"@id":"https:\/\/www.celttv.com.ar\/index.php\/2018\/12\/04\/la-celt-ocupa-la-sindicatura-de-colsecor\/#breadcrumb"},"inLanguage":"es","potentialAction":[{"@type":"ReadAction","target":["https:\/\/www.celttv.com.ar\/index.php\/2018\/12\/04\/la-celt-ocupa-la-sindicatura-de-colsecor\/"]}]},{"@type":"BreadcrumbList","@id":"https:\/\/www.celttv.com.ar\/index.php\/2018\/12\/04\/la-celt-ocupa-la-sindicatura-de-colsecor\/#breadcrumb","itemListElement":[{"@type":"ListItem","position":1,"name":"Inicio","item":"https:\/\/www.celttv.com.ar\/"},{"@type":"ListItem","position":2,"name":"Por ley, los Concejos Deliberantes de la Provincia tendr\u00e1n que trabajar un mes m\u00e1s"}]},{"@type":"WebSite","@id":"https:\/\/www.celttv.com.ar\/#website","url":"https:\/\/www.celttv.com.ar\/","name":"CELTTV","description":"Cooperativa El\u00e9ctrica de Tornquist","publisher":{"@id":"https:\/\/www.celttv.com.ar\/#organization"},"potentialAction":[{"@type":"SearchAction","target":{"@type":"EntryPoint","urlTemplate":"https:\/\/www.celttv.com.ar\/?s={search_term_string}"},"query-input":"required name=search_term_string"}],"inLanguage":"es"},{"@type":"Organization","@id":"https:\/\/www.celttv.com.ar\/#organization","name":"CELTTV","url":"https:\/\/www.celttv.com.ar\/","sameAs":["https:\/\/www.youtube.com\/channel\/UCz_oIt8Hig64Ub-EmcNPIhg","https:\/\/www.facebook.com\/celtTV\/"],"logo":{"@type":"ImageObject","inLanguage":"es","@id":"https:\/\/www.celttv.com.ar\/#\/schema\/logo\/image\/","url":"http:\/\/www.celttv.com.ar\/wp-content\/uploads\/2022\/08\/logo-1.png","contentUrl":"http:\/\/www.celttv.com.ar\/wp-content\/uploads\/2022\/08\/logo-1.png","width":461,"height":159,"caption":"CELTTV"},"image":{"@id":"https:\/\/www.celttv.com.ar\/#\/schema\/logo\/image\/"}},{"@type":"Person","@id":"https:\/\/www.celttv.com.ar\/#\/schema\/person\/6d99c072dba59953809c81446e9d0ace","name":"ulises","image":{"@type":"ImageObject","inLanguage":"es","@id":"https:\/\/www.celttv.com.ar\/#\/schema\/person\/image\/","url":"https:\/\/secure.gravatar.com\/avatar\/7f2c48bdc33b30088f941fb6082e555f2874c98e20cb159d7b92b50eadfce793?s=96&d=mm&r=g","contentUrl":"https:\/\/secure.gravatar.com\/avatar\/7f2c48bdc33b30088f941fb6082e555f2874c98e20cb159d7b92b50eadfce793?s=96&d=mm&r=g","caption":"ulises"},"sameAs":["http:\/\/www.celttv.com.ar"]}]}},"_links":{"self":[{"href":"https:\/\/www.celttv.com.ar\/index.php\/wp-json\/wp\/v2\/posts\/38905","targetHints":{"allow":["GET"]}}],"collection":[{"href":"https:\/\/www.celttv.com.ar\/index.php\/wp-json\/wp\/v2\/posts"}],"about":[{"href":"https:\/\/www.celttv.com.ar\/index.php\/wp-json\/wp\/v2\/types\/post"}],"author":[{"embeddable":true,"href":"https:\/\/www.celttv.com.ar\/index.php\/wp-json\/wp\/v2\/users\/1"}],"replies":[{"embeddable":true,"href":"https:\/\/www.celttv.com.ar\/index.php\/wp-json\/wp\/v2\/comments?post=38905"}],"version-history":[{"count":0,"href":"https:\/\/www.celttv.com.ar\/index.php\/wp-json\/wp\/v2\/posts\/38905\/revisions"}],"wp:featuredmedia":[{"embeddable":true,"href":"https:\/\/www.celttv.com.ar\/index.php\/wp-json\/wp\/v2\/media\/38907"}],"wp:attachment":[{"href":"https:\/\/www.celttv.com.ar\/index.php\/wp-json\/wp\/v2\/media?parent=38905"}],"wp:term":[{"taxonomy":"category","embeddable":true,"href":"https:\/\/www.celttv.com.ar\/index.php\/wp-json\/wp\/v2\/categories?post=38905"},{"taxonomy":"post_tag","embeddable":true,"href":"https:\/\/www.celttv.com.ar\/index.php\/wp-json\/wp\/v2\/tags?post=38905"}],"curies":[{"name":"wp","href":"https:\/\/api.w.org\/{rel}","templated":true}]}}