{"id":38912,"date":"2018-12-04T22:13:19","date_gmt":"2018-12-04T22:13:19","guid":{"rendered":"http:\/\/www.celttv.com.ar\/?p=38912"},"modified":"2018-12-04T22:13:19","modified_gmt":"2018-12-04T22:13:19","slug":"bordoni-participo-de-una-reunion-para-analizar-el-futuro-de-las-energias-renovables","status":"publish","type":"post","link":"https:\/\/www.celttv.com.ar\/index.php\/2018\/12\/04\/bordoni-participo-de-una-reunion-para-analizar-el-futuro-de-las-energias-renovables\/","title":{"rendered":"Bordoni particip\u00f3 de una reuni\u00f3n para analizar el futuro de las energ\u00edas renovables"},"content":{"rendered":"<p>El intendente municipal, Sergio Bordoni, en la ma\u00f1ana de ayer, lunes 3, particip\u00f3 de una nueva reuni\u00f3n de la Mesa de Energ\u00eda Renovables realizada en Bah\u00eda Blanca, en la cual se presentaron los lineamientos de una Agencia de Energ\u00edas Renovables del Sur de la Provincia que integre el sector p\u00fablico y privado. En esta oportunidad, el encuentro de intendentes y funcionarios que conforman la Mesa tuvo lugar en la sede del medio de comunicaci\u00f3n &#8220;La Nueva&#8221;, quienes facilitaron el espacio de trabajo ya que participan de la mesa empresaria de dicha Agencia.<br \/>\n&nbsp;<br \/>\nEntre otros temas, se trataron el estado de los 25 proyectos de energ\u00eda sustentable previstos para el Sudoeste bonaerense, el fomento de la zona como uno de los mejores sitios del pa\u00eds para invertir en energ\u00edas renovables y la gesti\u00f3n de obras que mejoren la capacidad de transporte actual. Tambi\u00e9n se analizaron las inversiones en marcha, la promoci\u00f3n de la regi\u00f3n como sitio estrat\u00e9gico para este tipo de inversiones y las obras que se necesitan para mejorar la capacidad de transporte de energ\u00eda y las condiciones para el MiniRenovar. En particular se analizaron los estudios de las redes de transporte de la zona que permitir\u00e1n determinar qu\u00e9 obras deber\u00edan realizarse para que sigan llegando inversiones en energ\u00edas limpias durante las pr\u00f3ximas d\u00e9cadas.<br \/>\n&nbsp;<br \/>\nLos mandatarios presentes hicieron hincapi\u00e9 en la necesidad de unirse para que la zona cuente con un mayor peso espec\u00edfico a la hora de promover la llegada de inversiones vinculadas a las energ\u00edas renovables y de gestionar obras comunes para tal fin.\u00a0 Adem\u00e1s de los funcionarios permanentes de la Mesa y autoridades de Fundasur, participaron del evento representantes de los municipios de Patagones, Villarino,\u00a0 Bah\u00eda Blanca, Saavedra, Monte Hermoso, Tres Arroyos y Necochea, el titular y el CEO de La Nueva,\u00a0 Gustavo El\u00edas\u00a0 y Fernando Monacelli, respectivamente.<br \/>\n<a href=\"http:\/\/www.celttv.com.ar\/?attachment_id=38915\" rel=\"attachment wp-att-38915\"><img loading=\"lazy\" decoding=\"async\" class=\"alignleft size-medium wp-image-38915\" src=\"http:\/\/www.celttv.com.ar\/wp-content\/uploads\/2018\/12\/WhatsApp-Image-2018-12-04-at-11.15.04-780x434.jpeg\" alt=\"\" width=\"780\" height=\"434\" \/><\/a> <a href=\"http:\/\/www.celttv.com.ar\/?attachment_id=38913\" rel=\"attachment wp-att-38913\"><img loading=\"lazy\" decoding=\"async\" class=\"alignleft size-medium wp-image-38913\" src=\"http:\/\/www.celttv.com.ar\/wp-content\/uploads\/2018\/12\/WhatsApp-Image-2018-12-04-at-11.14.58-780x448.jpeg\" alt=\"\" width=\"780\" height=\"448\" \/><\/a><\/p>\n","protected":false},"excerpt":{"rendered":"<p>El intendente municipal, Sergio Bordoni, en la ma\u00f1ana de ayer, lunes 3, particip\u00f3 de una nueva reuni\u00f3n de la Mesa de Energ\u00eda Renovables realizada en Bah\u00eda Blanca, en la cual se presentaron los lineamientos de una Agencia de Energ\u00edas Renovables del Sur de la Provincia que integre el sector p\u00fablico y privado. En esta oportunidad, [&hellip;]<\/p>\n","protected":false},"author":1,"featured_media":38914,"comment_status":"closed","ping_status":"open","sticky":false,"template":"","format":"standard","meta":{"footnotes":""},"categories":[55,51,52,53],"tags":[],"class_list":["post-38912","post","type-post","status-publish","format-standard","has-post-thumbnail","hentry","category-celt-tv-noticias","category-comunidad","category-destacadas","category-politica"],"yoast_head":"<!-- This site is optimized with the Yoast SEO plugin v19.7.1 - https:\/\/yoast.com\/wordpress\/plugins\/seo\/ -->\n<title>Bordoni particip\u00f3 de una reuni\u00f3n para analizar el futuro de las energ\u00edas renovables - CELTTV<\/title>\n<meta name=\"description\" content=\"Sitio web de noticias de la localidad de Tornquist, provincia de Buenos Aires, Rep\u00fablica Argentina. Contenido propio originado por periodistas de CELTTV, el canal de TV local de la Cooperativa El\u00e9ctrica de Tornquist. Turismo, Pol\u00edtica, Sociedad, Deporte, Cultura y todo el contenido de inter\u00e9s general que la gente del pueblo y la regi\u00f3n debe conocer.\" \/>\n<meta name=\"robots\" content=\"index, follow, max-snippet:-1, max-image-preview:large, max-video-preview:-1\" \/>\n<link rel=\"canonical\" href=\"https:\/\/www.celttv.com.ar\/index.php\/2018\/12\/04\/bordoni-participo-de-una-reunion-para-analizar-el-futuro-de-las-energias-renovables\/\" \/>\n<meta property=\"og:locale\" content=\"es_ES\" \/>\n<meta property=\"og:type\" content=\"article\" \/>\n<meta property=\"og:title\" content=\"Bordoni particip\u00f3 de una reuni\u00f3n para analizar el futuro de las energ\u00edas renovables - CELTTV\" \/>\n<meta property=\"og:description\" content=\"Sitio web de noticias de la localidad de Tornquist, provincia de Buenos Aires, Rep\u00fablica Argentina. Contenido propio originado por periodistas de CELTTV, el canal de TV local de la Cooperativa El\u00e9ctrica de Tornquist. Turismo, Pol\u00edtica, Sociedad, Deporte, Cultura y todo el contenido de inter\u00e9s general que la gente del pueblo y la regi\u00f3n debe conocer.\" \/>\n<meta property=\"og:url\" content=\"https:\/\/www.celttv.com.ar\/index.php\/2018\/12\/04\/bordoni-participo-de-una-reunion-para-analizar-el-futuro-de-las-energias-renovables\/\" \/>\n<meta property=\"og:site_name\" content=\"CELTTV\" \/>\n<meta property=\"article:publisher\" content=\"https:\/\/www.facebook.com\/celtTV\/\" \/>\n<meta property=\"article:published_time\" content=\"2018-12-04T22:13:19+00:00\" \/>\n<meta property=\"og:image\" content=\"https:\/\/www.celttv.com.ar\/wp-content\/uploads\/2018\/12\/WhatsApp-Image-2018-12-04-at-11.15.01-1.jpeg\" \/>\n\t<meta property=\"og:image:width\" content=\"1280\" \/>\n\t<meta property=\"og:image:height\" content=\"853\" \/>\n\t<meta property=\"og:image:type\" content=\"image\/jpeg\" \/>\n<meta name=\"author\" content=\"ulises\" \/>\n<meta name=\"twitter:card\" content=\"summary_large_image\" \/>\n<meta name=\"twitter:label1\" content=\"Escrito por\" \/>\n\t<meta name=\"twitter:data1\" content=\"ulises\" \/>\n\t<meta name=\"twitter:label2\" content=\"Tiempo de lectura\" \/>\n\t<meta name=\"twitter:data2\" content=\"2 minutos\" \/>\n<script type=\"application\/ld+json\" class=\"yoast-schema-graph\">{\"@context\":\"https:\/\/schema.org\",\"@graph\":[{\"@type\":\"NewsArticle\",\"@id\":\"https:\/\/www.celttv.com.ar\/index.php\/2018\/12\/04\/bordoni-participo-de-una-reunion-para-analizar-el-futuro-de-las-energias-renovables\/#article\",\"isPartOf\":{\"@id\":\"https:\/\/www.celttv.com.ar\/index.php\/2018\/12\/04\/bordoni-participo-de-una-reunion-para-analizar-el-futuro-de-las-energias-renovables\/\"},\"author\":{\"name\":\"ulises\",\"@id\":\"https:\/\/www.celttv.com.ar\/#\/schema\/person\/6d99c072dba59953809c81446e9d0ace\"},\"headline\":\"Bordoni particip\u00f3 de una reuni\u00f3n para analizar el futuro de las energ\u00edas renovables\",\"datePublished\":\"2018-12-04T22:13:19+00:00\",\"dateModified\":\"2018-12-04T22:13:19+00:00\",\"mainEntityOfPage\":{\"@id\":\"https:\/\/www.celttv.com.ar\/index.php\/2018\/12\/04\/bordoni-participo-de-una-reunion-para-analizar-el-futuro-de-las-energias-renovables\/\"},\"wordCount\":342,\"publisher\":{\"@id\":\"https:\/\/www.celttv.com.ar\/#organization\"},\"articleSection\":[\"Celt TV Noticias\",\"Comunidad\",\"Destacadas\",\"Pol\u00edtica\"],\"inLanguage\":\"es\"},{\"@type\":\"WebPage\",\"@id\":\"https:\/\/www.celttv.com.ar\/index.php\/2018\/12\/04\/bordoni-participo-de-una-reunion-para-analizar-el-futuro-de-las-energias-renovables\/\",\"url\":\"https:\/\/www.celttv.com.ar\/index.php\/2018\/12\/04\/bordoni-participo-de-una-reunion-para-analizar-el-futuro-de-las-energias-renovables\/\",\"name\":\"Bordoni particip\u00f3 de una reuni\u00f3n para analizar el futuro de las energ\u00edas renovables - CELTTV\",\"isPartOf\":{\"@id\":\"https:\/\/www.celttv.com.ar\/#website\"},\"datePublished\":\"2018-12-04T22:13:19+00:00\",\"dateModified\":\"2018-12-04T22:13:19+00:00\",\"description\":\"Sitio web de noticias de la localidad de Tornquist, provincia de Buenos Aires, Rep\u00fablica Argentina. Contenido propio originado por periodistas de CELTTV, el canal de TV local de la Cooperativa El\u00e9ctrica de Tornquist. Turismo, Pol\u00edtica, Sociedad, Deporte, Cultura y todo el contenido de inter\u00e9s general que la gente del pueblo y la regi\u00f3n debe conocer.\",\"breadcrumb\":{\"@id\":\"https:\/\/www.celttv.com.ar\/index.php\/2018\/12\/04\/bordoni-participo-de-una-reunion-para-analizar-el-futuro-de-las-energias-renovables\/#breadcrumb\"},\"inLanguage\":\"es\",\"potentialAction\":[{\"@type\":\"ReadAction\",\"target\":[\"https:\/\/www.celttv.com.ar\/index.php\/2018\/12\/04\/bordoni-participo-de-una-reunion-para-analizar-el-futuro-de-las-energias-renovables\/\"]}]},{\"@type\":\"BreadcrumbList\",\"@id\":\"https:\/\/www.celttv.com.ar\/index.php\/2018\/12\/04\/bordoni-participo-de-una-reunion-para-analizar-el-futuro-de-las-energias-renovables\/#breadcrumb\",\"itemListElement\":[{\"@type\":\"ListItem\",\"position\":1,\"name\":\"Inicio\",\"item\":\"https:\/\/www.celttv.com.ar\/\"},{\"@type\":\"ListItem\",\"position\":2,\"name\":\"Bordoni particip\u00f3 de una reuni\u00f3n para analizar el futuro de las energ\u00edas renovables\"}]},{\"@type\":\"WebSite\",\"@id\":\"https:\/\/www.celttv.com.ar\/#website\",\"url\":\"https:\/\/www.celttv.com.ar\/\",\"name\":\"CELTTV\",\"description\":\"Cooperativa El\u00e9ctrica de Tornquist\",\"publisher\":{\"@id\":\"https:\/\/www.celttv.com.ar\/#organization\"},\"potentialAction\":[{\"@type\":\"SearchAction\",\"target\":{\"@type\":\"EntryPoint\",\"urlTemplate\":\"https:\/\/www.celttv.com.ar\/?s={search_term_string}\"},\"query-input\":\"required name=search_term_string\"}],\"inLanguage\":\"es\"},{\"@type\":\"Organization\",\"@id\":\"https:\/\/www.celttv.com.ar\/#organization\",\"name\":\"CELTTV\",\"url\":\"https:\/\/www.celttv.com.ar\/\",\"sameAs\":[\"https:\/\/www.youtube.com\/channel\/UCz_oIt8Hig64Ub-EmcNPIhg\",\"https:\/\/www.facebook.com\/celtTV\/\"],\"logo\":{\"@type\":\"ImageObject\",\"inLanguage\":\"es\",\"@id\":\"https:\/\/www.celttv.com.ar\/#\/schema\/logo\/image\/\",\"url\":\"http:\/\/www.celttv.com.ar\/wp-content\/uploads\/2022\/08\/logo-1.png\",\"contentUrl\":\"http:\/\/www.celttv.com.ar\/wp-content\/uploads\/2022\/08\/logo-1.png\",\"width\":461,\"height\":159,\"caption\":\"CELTTV\"},\"image\":{\"@id\":\"https:\/\/www.celttv.com.ar\/#\/schema\/logo\/image\/\"}},{\"@type\":\"Person\",\"@id\":\"https:\/\/www.celttv.com.ar\/#\/schema\/person\/6d99c072dba59953809c81446e9d0ace\",\"name\":\"ulises\",\"image\":{\"@type\":\"ImageObject\",\"inLanguage\":\"es\",\"@id\":\"https:\/\/www.celttv.com.ar\/#\/schema\/person\/image\/\",\"url\":\"https:\/\/secure.gravatar.com\/avatar\/7f2c48bdc33b30088f941fb6082e555f2874c98e20cb159d7b92b50eadfce793?s=96&d=mm&r=g\",\"contentUrl\":\"https:\/\/secure.gravatar.com\/avatar\/7f2c48bdc33b30088f941fb6082e555f2874c98e20cb159d7b92b50eadfce793?s=96&d=mm&r=g\",\"caption\":\"ulises\"},\"sameAs\":[\"http:\/\/www.celttv.com.ar\"]}]}<\/script>\n<!-- \/ Yoast SEO plugin. -->","yoast_head_json":{"title":"Bordoni particip\u00f3 de una reuni\u00f3n para analizar el futuro de las energ\u00edas renovables - CELTTV","description":"Sitio web de noticias de la localidad de Tornquist, provincia de Buenos Aires, Rep\u00fablica Argentina. Contenido propio originado por periodistas de CELTTV, el canal de TV local de la Cooperativa El\u00e9ctrica de Tornquist. Turismo, Pol\u00edtica, Sociedad, Deporte, Cultura y todo el contenido de inter\u00e9s general que la gente del pueblo y la regi\u00f3n debe conocer.","robots":{"index":"index","follow":"follow","max-snippet":"max-snippet:-1","max-image-preview":"max-image-preview:large","max-video-preview":"max-video-preview:-1"},"canonical":"https:\/\/www.celttv.com.ar\/index.php\/2018\/12\/04\/bordoni-participo-de-una-reunion-para-analizar-el-futuro-de-las-energias-renovables\/","og_locale":"es_ES","og_type":"article","og_title":"Bordoni particip\u00f3 de una reuni\u00f3n para analizar el futuro de las energ\u00edas renovables - CELTTV","og_description":"Sitio web de noticias de la localidad de Tornquist, provincia de Buenos Aires, Rep\u00fablica Argentina. Contenido propio originado por periodistas de CELTTV, el canal de TV local de la Cooperativa El\u00e9ctrica de Tornquist. Turismo, Pol\u00edtica, Sociedad, Deporte, Cultura y todo el contenido de inter\u00e9s general que la gente del pueblo y la regi\u00f3n debe conocer.","og_url":"https:\/\/www.celttv.com.ar\/index.php\/2018\/12\/04\/bordoni-participo-de-una-reunion-para-analizar-el-futuro-de-las-energias-renovables\/","og_site_name":"CELTTV","article_publisher":"https:\/\/www.facebook.com\/celtTV\/","article_published_time":"2018-12-04T22:13:19+00:00","og_image":[{"width":1280,"height":853,"url":"https:\/\/www.celttv.com.ar\/wp-content\/uploads\/2018\/12\/WhatsApp-Image-2018-12-04-at-11.15.01-1.jpeg","type":"image\/jpeg"}],"author":"ulises","twitter_card":"summary_large_image","twitter_misc":{"Escrito por":"ulises","Tiempo de lectura":"2 minutos"},"schema":{"@context":"https:\/\/schema.org","@graph":[{"@type":"NewsArticle","@id":"https:\/\/www.celttv.com.ar\/index.php\/2018\/12\/04\/bordoni-participo-de-una-reunion-para-analizar-el-futuro-de-las-energias-renovables\/#article","isPartOf":{"@id":"https:\/\/www.celttv.com.ar\/index.php\/2018\/12\/04\/bordoni-participo-de-una-reunion-para-analizar-el-futuro-de-las-energias-renovables\/"},"author":{"name":"ulises","@id":"https:\/\/www.celttv.com.ar\/#\/schema\/person\/6d99c072dba59953809c81446e9d0ace"},"headline":"Bordoni particip\u00f3 de una reuni\u00f3n para analizar el futuro de las energ\u00edas renovables","datePublished":"2018-12-04T22:13:19+00:00","dateModified":"2018-12-04T22:13:19+00:00","mainEntityOfPage":{"@id":"https:\/\/www.celttv.com.ar\/index.php\/2018\/12\/04\/bordoni-participo-de-una-reunion-para-analizar-el-futuro-de-las-energias-renovables\/"},"wordCount":342,"publisher":{"@id":"https:\/\/www.celttv.com.ar\/#organization"},"articleSection":["Celt TV Noticias","Comunidad","Destacadas","Pol\u00edtica"],"inLanguage":"es"},{"@type":"WebPage","@id":"https:\/\/www.celttv.com.ar\/index.php\/2018\/12\/04\/bordoni-participo-de-una-reunion-para-analizar-el-futuro-de-las-energias-renovables\/","url":"https:\/\/www.celttv.com.ar\/index.php\/2018\/12\/04\/bordoni-participo-de-una-reunion-para-analizar-el-futuro-de-las-energias-renovables\/","name":"Bordoni particip\u00f3 de una reuni\u00f3n para analizar el futuro de las energ\u00edas renovables - CELTTV","isPartOf":{"@id":"https:\/\/www.celttv.com.ar\/#website"},"datePublished":"2018-12-04T22:13:19+00:00","dateModified":"2018-12-04T22:13:19+00:00","description":"Sitio web de noticias de la localidad de Tornquist, provincia de Buenos Aires, Rep\u00fablica Argentina. Contenido propio originado por periodistas de CELTTV, el canal de TV local de la Cooperativa El\u00e9ctrica de Tornquist. Turismo, Pol\u00edtica, Sociedad, Deporte, Cultura y todo el contenido de inter\u00e9s general que la gente del pueblo y la regi\u00f3n debe conocer.","breadcrumb":{"@id":"https:\/\/www.celttv.com.ar\/index.php\/2018\/12\/04\/bordoni-participo-de-una-reunion-para-analizar-el-futuro-de-las-energias-renovables\/#breadcrumb"},"inLanguage":"es","potentialAction":[{"@type":"ReadAction","target":["https:\/\/www.celttv.com.ar\/index.php\/2018\/12\/04\/bordoni-participo-de-una-reunion-para-analizar-el-futuro-de-las-energias-renovables\/"]}]},{"@type":"BreadcrumbList","@id":"https:\/\/www.celttv.com.ar\/index.php\/2018\/12\/04\/bordoni-participo-de-una-reunion-para-analizar-el-futuro-de-las-energias-renovables\/#breadcrumb","itemListElement":[{"@type":"ListItem","position":1,"name":"Inicio","item":"https:\/\/www.celttv.com.ar\/"},{"@type":"ListItem","position":2,"name":"Bordoni particip\u00f3 de una reuni\u00f3n para analizar el futuro de las energ\u00edas renovables"}]},{"@type":"WebSite","@id":"https:\/\/www.celttv.com.ar\/#website","url":"https:\/\/www.celttv.com.ar\/","name":"CELTTV","description":"Cooperativa El\u00e9ctrica de Tornquist","publisher":{"@id":"https:\/\/www.celttv.com.ar\/#organization"},"potentialAction":[{"@type":"SearchAction","target":{"@type":"EntryPoint","urlTemplate":"https:\/\/www.celttv.com.ar\/?s={search_term_string}"},"query-input":"required name=search_term_string"}],"inLanguage":"es"},{"@type":"Organization","@id":"https:\/\/www.celttv.com.ar\/#organization","name":"CELTTV","url":"https:\/\/www.celttv.com.ar\/","sameAs":["https:\/\/www.youtube.com\/channel\/UCz_oIt8Hig64Ub-EmcNPIhg","https:\/\/www.facebook.com\/celtTV\/"],"logo":{"@type":"ImageObject","inLanguage":"es","@id":"https:\/\/www.celttv.com.ar\/#\/schema\/logo\/image\/","url":"http:\/\/www.celttv.com.ar\/wp-content\/uploads\/2022\/08\/logo-1.png","contentUrl":"http:\/\/www.celttv.com.ar\/wp-content\/uploads\/2022\/08\/logo-1.png","width":461,"height":159,"caption":"CELTTV"},"image":{"@id":"https:\/\/www.celttv.com.ar\/#\/schema\/logo\/image\/"}},{"@type":"Person","@id":"https:\/\/www.celttv.com.ar\/#\/schema\/person\/6d99c072dba59953809c81446e9d0ace","name":"ulises","image":{"@type":"ImageObject","inLanguage":"es","@id":"https:\/\/www.celttv.com.ar\/#\/schema\/person\/image\/","url":"https:\/\/secure.gravatar.com\/avatar\/7f2c48bdc33b30088f941fb6082e555f2874c98e20cb159d7b92b50eadfce793?s=96&d=mm&r=g","contentUrl":"https:\/\/secure.gravatar.com\/avatar\/7f2c48bdc33b30088f941fb6082e555f2874c98e20cb159d7b92b50eadfce793?s=96&d=mm&r=g","caption":"ulises"},"sameAs":["http:\/\/www.celttv.com.ar"]}]}},"_links":{"self":[{"href":"https:\/\/www.celttv.com.ar\/index.php\/wp-json\/wp\/v2\/posts\/38912","targetHints":{"allow":["GET"]}}],"collection":[{"href":"https:\/\/www.celttv.com.ar\/index.php\/wp-json\/wp\/v2\/posts"}],"about":[{"href":"https:\/\/www.celttv.com.ar\/index.php\/wp-json\/wp\/v2\/types\/post"}],"author":[{"embeddable":true,"href":"https:\/\/www.celttv.com.ar\/index.php\/wp-json\/wp\/v2\/users\/1"}],"replies":[{"embeddable":true,"href":"https:\/\/www.celttv.com.ar\/index.php\/wp-json\/wp\/v2\/comments?post=38912"}],"version-history":[{"count":0,"href":"https:\/\/www.celttv.com.ar\/index.php\/wp-json\/wp\/v2\/posts\/38912\/revisions"}],"wp:featuredmedia":[{"embeddable":true,"href":"https:\/\/www.celttv.com.ar\/index.php\/wp-json\/wp\/v2\/media\/38914"}],"wp:attachment":[{"href":"https:\/\/www.celttv.com.ar\/index.php\/wp-json\/wp\/v2\/media?parent=38912"}],"wp:term":[{"taxonomy":"category","embeddable":true,"href":"https:\/\/www.celttv.com.ar\/index.php\/wp-json\/wp\/v2\/categories?post=38912"},{"taxonomy":"post_tag","embeddable":true,"href":"https:\/\/www.celttv.com.ar\/index.php\/wp-json\/wp\/v2\/tags?post=38912"}],"curies":[{"name":"wp","href":"https:\/\/api.w.org\/{rel}","templated":true}]}}