{"id":38920,"date":"2018-12-06T12:38:19","date_gmt":"2018-12-06T12:38:19","guid":{"rendered":"http:\/\/www.celttv.com.ar\/?p=38920"},"modified":"2018-12-06T12:38:19","modified_gmt":"2018-12-06T12:38:19","slug":"colsecor-realizo-su-asamblea-anual-la-celt-ocupa-la-sindicatura-de-colsecor","status":"publish","type":"post","link":"https:\/\/www.celttv.com.ar\/index.php\/2018\/12\/06\/colsecor-realizo-su-asamblea-anual-la-celt-ocupa-la-sindicatura-de-colsecor\/","title":{"rendered":"COLSECOR realiz\u00f3 su asamblea anual La CELT. ocupa la Sindicatura de COLSECOR"},"content":{"rendered":"<p>El jueves 29 de noviembre tuvo lugar en la ciudad de C\u00f3rdoba la 24\u00ba asamblea anual de la Cooperativa (COLSECOR).<br \/>\nCon la participaci\u00f3n de m\u00e1s de 60 personas en representaci\u00f3n de 35 cooperativas y pymes asociadas\u00a0 se llev\u00f3 a cabo el acto asambleario, a partir de las 10 horas, donde se puso a consideraci\u00f3n de los asistentes la Memoria,\u00a0 Balance General y de la gesti\u00f3n del consejo de administraci\u00f3n correspondientes al Ejercicio finalizado el 31 de agosto de 2018.on la participaci\u00f3n de m\u00e1s de 60 personas en representaci\u00f3n de 35 cooperativas y pymes asociadas\u00a0 se llev\u00f3 a cabo el acto asambleario, a partir de las 10 horas, donde se puso a consideraci\u00f3n de los asistentes la Memoria,\u00a0 Balance General y de la gesti\u00f3n del consejo de administraci\u00f3n correspondientes al Ejercicio finalizado el 31 de agosto de 2018.<br \/>\nEntre los puntos informados se mencion\u00f3 la obtenci\u00f3n de un subsidio del INAES por\u00a0 $3.525.000 destinado a la adquisici\u00f3n de un inmueble para concretar un centro de capacitaciones.<br \/>\nEl \u00faltimo punto del orden d\u00eda incluy\u00f3 la renovaci\u00f3n de cargos dentro del consejo de administraci\u00f3n de consejeros titulares, suplentes y de la sindicatura.\u00a0 Al no presentarse una lista alternativa, renovaron sus lugares las cooperativas de Electricidad, Servicios P\u00fablicos y de Cr\u00e9dito de Villa Huidobro (C\u00f3rdoba), de Obras y Servicios P\u00fablicos de Hernando (C\u00f3rdoba) y de Luz y Fuerza de Libertador General San Martin Limitada (Puerto Rico, Misiones) como titulares dentro del consejo. En tanto, fueron designados consejeros suplentes las cooperativas de Electricidad y Aguas Corrientes de Carrilobo (C\u00f3rdoba),\u00a0 de Luz y Fuerza de Elena (C\u00f3rdoba) y Angostura Video Cable (Villa La Angostura). Para ocupar la sindicatura fueron elegidas las cooperativas de Electricidad y Servicios P\u00fablicos de Arroyito y la El\u00e9ctrica de Tornquist.<br \/>\nFinalizado el acto asambleario y culminados los pasos formales que establece la legislaci\u00f3n cooperativa, se dio lugar a la presentaci\u00f3n de un informe sobre los costos de las prestaciones de Internet y Televisi\u00f3n de las asociadas a COLSECOR, elaborada por la\u00a0 consultora Economic Trends para la Fundaci\u00f3n COLSECOR.<br \/>\nEl objetivo de este an\u00e1lisis econ\u00f3mico es conformar un espacio de investigaci\u00f3n continuo y en colaboraci\u00f3n con las \u00e1reas operativas de COLSECOR para brindar una herramienta focalizada en los intereses espec\u00edficos del sector.<\/p>\n","protected":false},"excerpt":{"rendered":"<p>El jueves 29 de noviembre tuvo lugar en la ciudad de C\u00f3rdoba la 24\u00ba asamblea anual de la Cooperativa (COLSECOR). Con la participaci\u00f3n de m\u00e1s de 60 personas en representaci\u00f3n de 35 cooperativas y pymes asociadas\u00a0 se llev\u00f3 a cabo el acto asambleario, a partir de las 10 horas, donde se puso a consideraci\u00f3n de [&hellip;]<\/p>\n","protected":false},"author":1,"featured_media":38922,"comment_status":"closed","ping_status":"open","sticky":false,"template":"","format":"standard","meta":{"footnotes":""},"categories":[52],"tags":[],"class_list":["post-38920","post","type-post","status-publish","format-standard","has-post-thumbnail","hentry","category-destacadas"],"yoast_head":"<!-- This site is optimized with the Yoast SEO plugin v19.7.1 - https:\/\/yoast.com\/wordpress\/plugins\/seo\/ -->\n<title>COLSECOR realiz\u00f3 su asamblea anual La CELT. ocupa la Sindicatura de COLSECOR - CELTTV<\/title>\n<meta name=\"description\" content=\"Sitio web de noticias de la localidad de Tornquist, provincia de Buenos Aires, Rep\u00fablica Argentina. Contenido propio originado por periodistas de CELTTV, el canal de TV local de la Cooperativa El\u00e9ctrica de Tornquist. Turismo, Pol\u00edtica, Sociedad, Deporte, Cultura y todo el contenido de inter\u00e9s general que la gente del pueblo y la regi\u00f3n debe conocer.\" \/>\n<meta name=\"robots\" content=\"index, follow, max-snippet:-1, max-image-preview:large, max-video-preview:-1\" \/>\n<link rel=\"canonical\" href=\"https:\/\/www.celttv.com.ar\/index.php\/2018\/12\/06\/colsecor-realizo-su-asamblea-anual-la-celt-ocupa-la-sindicatura-de-colsecor\/\" \/>\n<meta property=\"og:locale\" content=\"es_ES\" \/>\n<meta property=\"og:type\" content=\"article\" \/>\n<meta property=\"og:title\" content=\"COLSECOR realiz\u00f3 su asamblea anual La CELT. ocupa la Sindicatura de COLSECOR - CELTTV\" \/>\n<meta property=\"og:description\" content=\"Sitio web de noticias de la localidad de Tornquist, provincia de Buenos Aires, Rep\u00fablica Argentina. Contenido propio originado por periodistas de CELTTV, el canal de TV local de la Cooperativa El\u00e9ctrica de Tornquist. Turismo, Pol\u00edtica, Sociedad, Deporte, Cultura y todo el contenido de inter\u00e9s general que la gente del pueblo y la regi\u00f3n debe conocer.\" \/>\n<meta property=\"og:url\" content=\"https:\/\/www.celttv.com.ar\/index.php\/2018\/12\/06\/colsecor-realizo-su-asamblea-anual-la-celt-ocupa-la-sindicatura-de-colsecor\/\" \/>\n<meta property=\"og:site_name\" content=\"CELTTV\" \/>\n<meta property=\"article:publisher\" content=\"https:\/\/www.facebook.com\/celtTV\/\" \/>\n<meta property=\"article:published_time\" content=\"2018-12-06T12:38:19+00:00\" \/>\n<meta property=\"og:image\" content=\"https:\/\/www.celttv.com.ar\/wp-content\/uploads\/2018\/12\/8c464066-884a-4c61-9988-47d7465f949b.jpg\" \/>\n\t<meta property=\"og:image:width\" content=\"915\" \/>\n\t<meta property=\"og:image:height\" content=\"396\" \/>\n\t<meta property=\"og:image:type\" content=\"image\/jpeg\" \/>\n<meta name=\"author\" content=\"ulises\" \/>\n<meta name=\"twitter:card\" content=\"summary_large_image\" \/>\n<meta name=\"twitter:label1\" content=\"Escrito por\" \/>\n\t<meta name=\"twitter:data1\" content=\"ulises\" \/>\n\t<meta name=\"twitter:label2\" content=\"Tiempo de lectura\" \/>\n\t<meta name=\"twitter:data2\" content=\"2 minutos\" \/>\n<script type=\"application\/ld+json\" class=\"yoast-schema-graph\">{\"@context\":\"https:\/\/schema.org\",\"@graph\":[{\"@type\":\"NewsArticle\",\"@id\":\"https:\/\/www.celttv.com.ar\/index.php\/2018\/12\/06\/colsecor-realizo-su-asamblea-anual-la-celt-ocupa-la-sindicatura-de-colsecor\/#article\",\"isPartOf\":{\"@id\":\"https:\/\/www.celttv.com.ar\/index.php\/2018\/12\/06\/colsecor-realizo-su-asamblea-anual-la-celt-ocupa-la-sindicatura-de-colsecor\/\"},\"author\":{\"name\":\"ulises\",\"@id\":\"https:\/\/www.celttv.com.ar\/#\/schema\/person\/6d99c072dba59953809c81446e9d0ace\"},\"headline\":\"COLSECOR realiz\u00f3 su asamblea anual La CELT. ocupa la Sindicatura de COLSECOR\",\"datePublished\":\"2018-12-06T12:38:19+00:00\",\"dateModified\":\"2018-12-06T12:38:19+00:00\",\"mainEntityOfPage\":{\"@id\":\"https:\/\/www.celttv.com.ar\/index.php\/2018\/12\/06\/colsecor-realizo-su-asamblea-anual-la-celt-ocupa-la-sindicatura-de-colsecor\/\"},\"wordCount\":405,\"publisher\":{\"@id\":\"https:\/\/www.celttv.com.ar\/#organization\"},\"articleSection\":[\"Destacadas\"],\"inLanguage\":\"es\"},{\"@type\":\"WebPage\",\"@id\":\"https:\/\/www.celttv.com.ar\/index.php\/2018\/12\/06\/colsecor-realizo-su-asamblea-anual-la-celt-ocupa-la-sindicatura-de-colsecor\/\",\"url\":\"https:\/\/www.celttv.com.ar\/index.php\/2018\/12\/06\/colsecor-realizo-su-asamblea-anual-la-celt-ocupa-la-sindicatura-de-colsecor\/\",\"name\":\"COLSECOR realiz\u00f3 su asamblea anual La CELT. ocupa la Sindicatura de COLSECOR - CELTTV\",\"isPartOf\":{\"@id\":\"https:\/\/www.celttv.com.ar\/#website\"},\"datePublished\":\"2018-12-06T12:38:19+00:00\",\"dateModified\":\"2018-12-06T12:38:19+00:00\",\"description\":\"Sitio web de noticias de la localidad de Tornquist, provincia de Buenos Aires, Rep\u00fablica Argentina. Contenido propio originado por periodistas de CELTTV, el canal de TV local de la Cooperativa El\u00e9ctrica de Tornquist. Turismo, Pol\u00edtica, Sociedad, Deporte, Cultura y todo el contenido de inter\u00e9s general que la gente del pueblo y la regi\u00f3n debe conocer.\",\"breadcrumb\":{\"@id\":\"https:\/\/www.celttv.com.ar\/index.php\/2018\/12\/06\/colsecor-realizo-su-asamblea-anual-la-celt-ocupa-la-sindicatura-de-colsecor\/#breadcrumb\"},\"inLanguage\":\"es\",\"potentialAction\":[{\"@type\":\"ReadAction\",\"target\":[\"https:\/\/www.celttv.com.ar\/index.php\/2018\/12\/06\/colsecor-realizo-su-asamblea-anual-la-celt-ocupa-la-sindicatura-de-colsecor\/\"]}]},{\"@type\":\"BreadcrumbList\",\"@id\":\"https:\/\/www.celttv.com.ar\/index.php\/2018\/12\/06\/colsecor-realizo-su-asamblea-anual-la-celt-ocupa-la-sindicatura-de-colsecor\/#breadcrumb\",\"itemListElement\":[{\"@type\":\"ListItem\",\"position\":1,\"name\":\"Inicio\",\"item\":\"https:\/\/www.celttv.com.ar\/\"},{\"@type\":\"ListItem\",\"position\":2,\"name\":\"COLSECOR realiz\u00f3 su asamblea anual La CELT. ocupa la Sindicatura de COLSECOR\"}]},{\"@type\":\"WebSite\",\"@id\":\"https:\/\/www.celttv.com.ar\/#website\",\"url\":\"https:\/\/www.celttv.com.ar\/\",\"name\":\"CELTTV\",\"description\":\"Cooperativa El\u00e9ctrica de Tornquist\",\"publisher\":{\"@id\":\"https:\/\/www.celttv.com.ar\/#organization\"},\"potentialAction\":[{\"@type\":\"SearchAction\",\"target\":{\"@type\":\"EntryPoint\",\"urlTemplate\":\"https:\/\/www.celttv.com.ar\/?s={search_term_string}\"},\"query-input\":\"required name=search_term_string\"}],\"inLanguage\":\"es\"},{\"@type\":\"Organization\",\"@id\":\"https:\/\/www.celttv.com.ar\/#organization\",\"name\":\"CELTTV\",\"url\":\"https:\/\/www.celttv.com.ar\/\",\"sameAs\":[\"https:\/\/www.youtube.com\/channel\/UCz_oIt8Hig64Ub-EmcNPIhg\",\"https:\/\/www.facebook.com\/celtTV\/\"],\"logo\":{\"@type\":\"ImageObject\",\"inLanguage\":\"es\",\"@id\":\"https:\/\/www.celttv.com.ar\/#\/schema\/logo\/image\/\",\"url\":\"http:\/\/www.celttv.com.ar\/wp-content\/uploads\/2022\/08\/logo-1.png\",\"contentUrl\":\"http:\/\/www.celttv.com.ar\/wp-content\/uploads\/2022\/08\/logo-1.png\",\"width\":461,\"height\":159,\"caption\":\"CELTTV\"},\"image\":{\"@id\":\"https:\/\/www.celttv.com.ar\/#\/schema\/logo\/image\/\"}},{\"@type\":\"Person\",\"@id\":\"https:\/\/www.celttv.com.ar\/#\/schema\/person\/6d99c072dba59953809c81446e9d0ace\",\"name\":\"ulises\",\"image\":{\"@type\":\"ImageObject\",\"inLanguage\":\"es\",\"@id\":\"https:\/\/www.celttv.com.ar\/#\/schema\/person\/image\/\",\"url\":\"https:\/\/secure.gravatar.com\/avatar\/7f2c48bdc33b30088f941fb6082e555f2874c98e20cb159d7b92b50eadfce793?s=96&d=mm&r=g\",\"contentUrl\":\"https:\/\/secure.gravatar.com\/avatar\/7f2c48bdc33b30088f941fb6082e555f2874c98e20cb159d7b92b50eadfce793?s=96&d=mm&r=g\",\"caption\":\"ulises\"},\"sameAs\":[\"http:\/\/www.celttv.com.ar\"]}]}<\/script>\n<!-- \/ Yoast SEO plugin. -->","yoast_head_json":{"title":"COLSECOR realiz\u00f3 su asamblea anual La CELT. ocupa la Sindicatura de COLSECOR - CELTTV","description":"Sitio web de noticias de la localidad de Tornquist, provincia de Buenos Aires, Rep\u00fablica Argentina. Contenido propio originado por periodistas de CELTTV, el canal de TV local de la Cooperativa El\u00e9ctrica de Tornquist. Turismo, Pol\u00edtica, Sociedad, Deporte, Cultura y todo el contenido de inter\u00e9s general que la gente del pueblo y la regi\u00f3n debe conocer.","robots":{"index":"index","follow":"follow","max-snippet":"max-snippet:-1","max-image-preview":"max-image-preview:large","max-video-preview":"max-video-preview:-1"},"canonical":"https:\/\/www.celttv.com.ar\/index.php\/2018\/12\/06\/colsecor-realizo-su-asamblea-anual-la-celt-ocupa-la-sindicatura-de-colsecor\/","og_locale":"es_ES","og_type":"article","og_title":"COLSECOR realiz\u00f3 su asamblea anual La CELT. ocupa la Sindicatura de COLSECOR - CELTTV","og_description":"Sitio web de noticias de la localidad de Tornquist, provincia de Buenos Aires, Rep\u00fablica Argentina. Contenido propio originado por periodistas de CELTTV, el canal de TV local de la Cooperativa El\u00e9ctrica de Tornquist. Turismo, Pol\u00edtica, Sociedad, Deporte, Cultura y todo el contenido de inter\u00e9s general que la gente del pueblo y la regi\u00f3n debe conocer.","og_url":"https:\/\/www.celttv.com.ar\/index.php\/2018\/12\/06\/colsecor-realizo-su-asamblea-anual-la-celt-ocupa-la-sindicatura-de-colsecor\/","og_site_name":"CELTTV","article_publisher":"https:\/\/www.facebook.com\/celtTV\/","article_published_time":"2018-12-06T12:38:19+00:00","og_image":[{"width":915,"height":396,"url":"https:\/\/www.celttv.com.ar\/wp-content\/uploads\/2018\/12\/8c464066-884a-4c61-9988-47d7465f949b.jpg","type":"image\/jpeg"}],"author":"ulises","twitter_card":"summary_large_image","twitter_misc":{"Escrito por":"ulises","Tiempo de lectura":"2 minutos"},"schema":{"@context":"https:\/\/schema.org","@graph":[{"@type":"NewsArticle","@id":"https:\/\/www.celttv.com.ar\/index.php\/2018\/12\/06\/colsecor-realizo-su-asamblea-anual-la-celt-ocupa-la-sindicatura-de-colsecor\/#article","isPartOf":{"@id":"https:\/\/www.celttv.com.ar\/index.php\/2018\/12\/06\/colsecor-realizo-su-asamblea-anual-la-celt-ocupa-la-sindicatura-de-colsecor\/"},"author":{"name":"ulises","@id":"https:\/\/www.celttv.com.ar\/#\/schema\/person\/6d99c072dba59953809c81446e9d0ace"},"headline":"COLSECOR realiz\u00f3 su asamblea anual La CELT. ocupa la Sindicatura de COLSECOR","datePublished":"2018-12-06T12:38:19+00:00","dateModified":"2018-12-06T12:38:19+00:00","mainEntityOfPage":{"@id":"https:\/\/www.celttv.com.ar\/index.php\/2018\/12\/06\/colsecor-realizo-su-asamblea-anual-la-celt-ocupa-la-sindicatura-de-colsecor\/"},"wordCount":405,"publisher":{"@id":"https:\/\/www.celttv.com.ar\/#organization"},"articleSection":["Destacadas"],"inLanguage":"es"},{"@type":"WebPage","@id":"https:\/\/www.celttv.com.ar\/index.php\/2018\/12\/06\/colsecor-realizo-su-asamblea-anual-la-celt-ocupa-la-sindicatura-de-colsecor\/","url":"https:\/\/www.celttv.com.ar\/index.php\/2018\/12\/06\/colsecor-realizo-su-asamblea-anual-la-celt-ocupa-la-sindicatura-de-colsecor\/","name":"COLSECOR realiz\u00f3 su asamblea anual La CELT. ocupa la Sindicatura de COLSECOR - CELTTV","isPartOf":{"@id":"https:\/\/www.celttv.com.ar\/#website"},"datePublished":"2018-12-06T12:38:19+00:00","dateModified":"2018-12-06T12:38:19+00:00","description":"Sitio web de noticias de la localidad de Tornquist, provincia de Buenos Aires, Rep\u00fablica Argentina. Contenido propio originado por periodistas de CELTTV, el canal de TV local de la Cooperativa El\u00e9ctrica de Tornquist. Turismo, Pol\u00edtica, Sociedad, Deporte, Cultura y todo el contenido de inter\u00e9s general que la gente del pueblo y la regi\u00f3n debe conocer.","breadcrumb":{"@id":"https:\/\/www.celttv.com.ar\/index.php\/2018\/12\/06\/colsecor-realizo-su-asamblea-anual-la-celt-ocupa-la-sindicatura-de-colsecor\/#breadcrumb"},"inLanguage":"es","potentialAction":[{"@type":"ReadAction","target":["https:\/\/www.celttv.com.ar\/index.php\/2018\/12\/06\/colsecor-realizo-su-asamblea-anual-la-celt-ocupa-la-sindicatura-de-colsecor\/"]}]},{"@type":"BreadcrumbList","@id":"https:\/\/www.celttv.com.ar\/index.php\/2018\/12\/06\/colsecor-realizo-su-asamblea-anual-la-celt-ocupa-la-sindicatura-de-colsecor\/#breadcrumb","itemListElement":[{"@type":"ListItem","position":1,"name":"Inicio","item":"https:\/\/www.celttv.com.ar\/"},{"@type":"ListItem","position":2,"name":"COLSECOR realiz\u00f3 su asamblea anual La CELT. ocupa la Sindicatura de COLSECOR"}]},{"@type":"WebSite","@id":"https:\/\/www.celttv.com.ar\/#website","url":"https:\/\/www.celttv.com.ar\/","name":"CELTTV","description":"Cooperativa El\u00e9ctrica de Tornquist","publisher":{"@id":"https:\/\/www.celttv.com.ar\/#organization"},"potentialAction":[{"@type":"SearchAction","target":{"@type":"EntryPoint","urlTemplate":"https:\/\/www.celttv.com.ar\/?s={search_term_string}"},"query-input":"required name=search_term_string"}],"inLanguage":"es"},{"@type":"Organization","@id":"https:\/\/www.celttv.com.ar\/#organization","name":"CELTTV","url":"https:\/\/www.celttv.com.ar\/","sameAs":["https:\/\/www.youtube.com\/channel\/UCz_oIt8Hig64Ub-EmcNPIhg","https:\/\/www.facebook.com\/celtTV\/"],"logo":{"@type":"ImageObject","inLanguage":"es","@id":"https:\/\/www.celttv.com.ar\/#\/schema\/logo\/image\/","url":"http:\/\/www.celttv.com.ar\/wp-content\/uploads\/2022\/08\/logo-1.png","contentUrl":"http:\/\/www.celttv.com.ar\/wp-content\/uploads\/2022\/08\/logo-1.png","width":461,"height":159,"caption":"CELTTV"},"image":{"@id":"https:\/\/www.celttv.com.ar\/#\/schema\/logo\/image\/"}},{"@type":"Person","@id":"https:\/\/www.celttv.com.ar\/#\/schema\/person\/6d99c072dba59953809c81446e9d0ace","name":"ulises","image":{"@type":"ImageObject","inLanguage":"es","@id":"https:\/\/www.celttv.com.ar\/#\/schema\/person\/image\/","url":"https:\/\/secure.gravatar.com\/avatar\/7f2c48bdc33b30088f941fb6082e555f2874c98e20cb159d7b92b50eadfce793?s=96&d=mm&r=g","contentUrl":"https:\/\/secure.gravatar.com\/avatar\/7f2c48bdc33b30088f941fb6082e555f2874c98e20cb159d7b92b50eadfce793?s=96&d=mm&r=g","caption":"ulises"},"sameAs":["http:\/\/www.celttv.com.ar"]}]}},"_links":{"self":[{"href":"https:\/\/www.celttv.com.ar\/index.php\/wp-json\/wp\/v2\/posts\/38920","targetHints":{"allow":["GET"]}}],"collection":[{"href":"https:\/\/www.celttv.com.ar\/index.php\/wp-json\/wp\/v2\/posts"}],"about":[{"href":"https:\/\/www.celttv.com.ar\/index.php\/wp-json\/wp\/v2\/types\/post"}],"author":[{"embeddable":true,"href":"https:\/\/www.celttv.com.ar\/index.php\/wp-json\/wp\/v2\/users\/1"}],"replies":[{"embeddable":true,"href":"https:\/\/www.celttv.com.ar\/index.php\/wp-json\/wp\/v2\/comments?post=38920"}],"version-history":[{"count":0,"href":"https:\/\/www.celttv.com.ar\/index.php\/wp-json\/wp\/v2\/posts\/38920\/revisions"}],"wp:featuredmedia":[{"embeddable":true,"href":"https:\/\/www.celttv.com.ar\/index.php\/wp-json\/wp\/v2\/media\/38922"}],"wp:attachment":[{"href":"https:\/\/www.celttv.com.ar\/index.php\/wp-json\/wp\/v2\/media?parent=38920"}],"wp:term":[{"taxonomy":"category","embeddable":true,"href":"https:\/\/www.celttv.com.ar\/index.php\/wp-json\/wp\/v2\/categories?post=38920"},{"taxonomy":"post_tag","embeddable":true,"href":"https:\/\/www.celttv.com.ar\/index.php\/wp-json\/wp\/v2\/tags?post=38920"}],"curies":[{"name":"wp","href":"https:\/\/api.w.org\/{rel}","templated":true}]}}