{"id":38937,"date":"2018-12-06T22:49:14","date_gmt":"2018-12-06T22:49:14","guid":{"rendered":"http:\/\/www.celttv.com.ar\/?p=38937"},"modified":"2018-12-06T22:49:14","modified_gmt":"2018-12-06T22:49:14","slug":"clip-de-imagenes-del-espectaculo-brindado-por-gimnasio-eden-y-el-centro-gimnastico-tornquist-video","status":"publish","type":"post","link":"https:\/\/www.celttv.com.ar\/index.php\/2018\/12\/06\/clip-de-imagenes-del-espectaculo-brindado-por-gimnasio-eden-y-el-centro-gimnastico-tornquist-video\/","title":{"rendered":"CLIP DE IM\u00c1GENES DEL ESPECT\u00c1CULO BRINDADO POR GIMNASIO EDEN Y EL CENTRO GIMN\u00c1STICO TORNQUIST (VIDEO)"},"content":{"rendered":"<p>CELTTV&#8212; Un importante despliegue realizaron los alumnos del Centro Gimn\u00e1stico Tornquist y Gimnasio EDEN, en lo que fue el cierre de actividades de la temporada 2018.<br \/>\nEn este clip de im\u00e1genes se podr\u00e1 observar gran parte del show brindado en el gimnasio municipal.<\/p>\n<div class=\"jeg_video_container jeg_video_content\"><iframe loading=\"lazy\" title=\"2018 12 04 \/\/ MAGAZINE SPORT: CLIP DE IM\u00c1GENES DEL CENTRO GIMN\u00c1STICO TORNQUIST Y GIMNASIO EDEN\" width=\"500\" height=\"375\" src=\"https:\/\/www.youtube.com\/embed\/lwpDMuVBoOE?feature=oembed\" frameborder=\"0\" allow=\"accelerometer; autoplay; clipboard-write; encrypted-media; gyroscope; picture-in-picture; web-share\" referrerpolicy=\"strict-origin-when-cross-origin\" allowfullscreen><\/iframe><\/div>\n","protected":false},"excerpt":{"rendered":"<p>CELTTV&#8212; Un importante despliegue realizaron los alumnos del Centro Gimn\u00e1stico Tornquist y Gimnasio EDEN, en lo que fue el cierre de actividades de la temporada 2018. En este clip de im\u00e1genes se podr\u00e1 observar gran parte del show brindado en el gimnasio municipal.<\/p>\n","protected":false},"author":1,"featured_media":38938,"comment_status":"closed","ping_status":"open","sticky":false,"template":"","format":"standard","meta":{"footnotes":""},"categories":[55,60,52,63],"tags":[],"class_list":["post-38937","post","type-post","status-publish","format-standard","has-post-thumbnail","hentry","category-celt-tv-noticias","category-deporte","category-destacadas","category-magazine-sport"],"yoast_head":"<!-- This site is optimized with the Yoast SEO plugin v19.7.1 - https:\/\/yoast.com\/wordpress\/plugins\/seo\/ -->\n<title>CLIP DE IM\u00c1GENES DEL ESPECT\u00c1CULO BRINDADO POR GIMNASIO EDEN Y EL CENTRO GIMN\u00c1STICO TORNQUIST (VIDEO) - CELTTV<\/title>\n<meta name=\"description\" content=\"Sitio web de noticias de la localidad de Tornquist, provincia de Buenos Aires, Rep\u00fablica Argentina. Contenido propio originado por periodistas de CELTTV, el canal de TV local de la Cooperativa El\u00e9ctrica de Tornquist. Turismo, Pol\u00edtica, Sociedad, Deporte, Cultura y todo el contenido de inter\u00e9s general que la gente del pueblo y la regi\u00f3n debe conocer.\" \/>\n<meta name=\"robots\" content=\"index, follow, max-snippet:-1, max-image-preview:large, max-video-preview:-1\" \/>\n<link rel=\"canonical\" href=\"https:\/\/www.celttv.com.ar\/index.php\/2018\/12\/06\/clip-de-imagenes-del-espectaculo-brindado-por-gimnasio-eden-y-el-centro-gimnastico-tornquist-video\/\" \/>\n<meta property=\"og:locale\" content=\"es_ES\" \/>\n<meta property=\"og:type\" content=\"article\" \/>\n<meta property=\"og:title\" content=\"CLIP DE IM\u00c1GENES DEL ESPECT\u00c1CULO BRINDADO POR GIMNASIO EDEN Y EL CENTRO GIMN\u00c1STICO TORNQUIST (VIDEO) - CELTTV\" \/>\n<meta property=\"og:description\" content=\"Sitio web de noticias de la localidad de Tornquist, provincia de Buenos Aires, Rep\u00fablica Argentina. Contenido propio originado por periodistas de CELTTV, el canal de TV local de la Cooperativa El\u00e9ctrica de Tornquist. Turismo, Pol\u00edtica, Sociedad, Deporte, Cultura y todo el contenido de inter\u00e9s general que la gente del pueblo y la regi\u00f3n debe conocer.\" \/>\n<meta property=\"og:url\" content=\"https:\/\/www.celttv.com.ar\/index.php\/2018\/12\/06\/clip-de-imagenes-del-espectaculo-brindado-por-gimnasio-eden-y-el-centro-gimnastico-tornquist-video\/\" \/>\n<meta property=\"og:site_name\" content=\"CELTTV\" \/>\n<meta property=\"article:publisher\" content=\"https:\/\/www.facebook.com\/celtTV\/\" \/>\n<meta property=\"article:published_time\" content=\"2018-12-06T22:49:14+00:00\" \/>\n<meta property=\"og:image\" content=\"https:\/\/www.celttv.com.ar\/wp-content\/uploads\/2018\/12\/47347089_10217626956650210_494681486906097664_n.jpg\" \/>\n\t<meta property=\"og:image:width\" content=\"960\" \/>\n\t<meta property=\"og:image:height\" content=\"720\" \/>\n\t<meta property=\"og:image:type\" content=\"image\/jpeg\" \/>\n<meta name=\"author\" content=\"ulises\" \/>\n<meta name=\"twitter:card\" content=\"summary_large_image\" \/>\n<meta name=\"twitter:label1\" content=\"Escrito por\" \/>\n\t<meta name=\"twitter:data1\" content=\"ulises\" \/>\n<script type=\"application\/ld+json\" class=\"yoast-schema-graph\">{\"@context\":\"https:\/\/schema.org\",\"@graph\":[{\"@type\":\"NewsArticle\",\"@id\":\"https:\/\/www.celttv.com.ar\/index.php\/2018\/12\/06\/clip-de-imagenes-del-espectaculo-brindado-por-gimnasio-eden-y-el-centro-gimnastico-tornquist-video\/#article\",\"isPartOf\":{\"@id\":\"https:\/\/www.celttv.com.ar\/index.php\/2018\/12\/06\/clip-de-imagenes-del-espectaculo-brindado-por-gimnasio-eden-y-el-centro-gimnastico-tornquist-video\/\"},\"author\":{\"name\":\"ulises\",\"@id\":\"https:\/\/www.celttv.com.ar\/#\/schema\/person\/6d99c072dba59953809c81446e9d0ace\"},\"headline\":\"CLIP DE IM\u00c1GENES DEL ESPECT\u00c1CULO BRINDADO POR GIMNASIO EDEN Y EL CENTRO GIMN\u00c1STICO TORNQUIST (VIDEO)\",\"datePublished\":\"2018-12-06T22:49:14+00:00\",\"dateModified\":\"2018-12-06T22:49:14+00:00\",\"mainEntityOfPage\":{\"@id\":\"https:\/\/www.celttv.com.ar\/index.php\/2018\/12\/06\/clip-de-imagenes-del-espectaculo-brindado-por-gimnasio-eden-y-el-centro-gimnastico-tornquist-video\/\"},\"wordCount\":69,\"publisher\":{\"@id\":\"https:\/\/www.celttv.com.ar\/#organization\"},\"articleSection\":[\"Celt TV Noticias\",\"Deporte\",\"Destacadas\",\"Magazine Sport\"],\"inLanguage\":\"es\"},{\"@type\":\"WebPage\",\"@id\":\"https:\/\/www.celttv.com.ar\/index.php\/2018\/12\/06\/clip-de-imagenes-del-espectaculo-brindado-por-gimnasio-eden-y-el-centro-gimnastico-tornquist-video\/\",\"url\":\"https:\/\/www.celttv.com.ar\/index.php\/2018\/12\/06\/clip-de-imagenes-del-espectaculo-brindado-por-gimnasio-eden-y-el-centro-gimnastico-tornquist-video\/\",\"name\":\"CLIP DE IM\u00c1GENES DEL ESPECT\u00c1CULO BRINDADO POR GIMNASIO EDEN Y EL CENTRO GIMN\u00c1STICO TORNQUIST (VIDEO) - CELTTV\",\"isPartOf\":{\"@id\":\"https:\/\/www.celttv.com.ar\/#website\"},\"datePublished\":\"2018-12-06T22:49:14+00:00\",\"dateModified\":\"2018-12-06T22:49:14+00:00\",\"description\":\"Sitio web de noticias de la localidad de Tornquist, provincia de Buenos Aires, Rep\u00fablica Argentina. Contenido propio originado por periodistas de CELTTV, el canal de TV local de la Cooperativa El\u00e9ctrica de Tornquist. Turismo, Pol\u00edtica, Sociedad, Deporte, Cultura y todo el contenido de inter\u00e9s general que la gente del pueblo y la regi\u00f3n debe conocer.\",\"breadcrumb\":{\"@id\":\"https:\/\/www.celttv.com.ar\/index.php\/2018\/12\/06\/clip-de-imagenes-del-espectaculo-brindado-por-gimnasio-eden-y-el-centro-gimnastico-tornquist-video\/#breadcrumb\"},\"inLanguage\":\"es\",\"potentialAction\":[{\"@type\":\"ReadAction\",\"target\":[\"https:\/\/www.celttv.com.ar\/index.php\/2018\/12\/06\/clip-de-imagenes-del-espectaculo-brindado-por-gimnasio-eden-y-el-centro-gimnastico-tornquist-video\/\"]}]},{\"@type\":\"BreadcrumbList\",\"@id\":\"https:\/\/www.celttv.com.ar\/index.php\/2018\/12\/06\/clip-de-imagenes-del-espectaculo-brindado-por-gimnasio-eden-y-el-centro-gimnastico-tornquist-video\/#breadcrumb\",\"itemListElement\":[{\"@type\":\"ListItem\",\"position\":1,\"name\":\"Inicio\",\"item\":\"https:\/\/www.celttv.com.ar\/\"},{\"@type\":\"ListItem\",\"position\":2,\"name\":\"CLIP DE IM\u00c1GENES DEL ESPECT\u00c1CULO BRINDADO POR GIMNASIO EDEN Y EL CENTRO GIMN\u00c1STICO TORNQUIST (VIDEO)\"}]},{\"@type\":\"WebSite\",\"@id\":\"https:\/\/www.celttv.com.ar\/#website\",\"url\":\"https:\/\/www.celttv.com.ar\/\",\"name\":\"CELTTV\",\"description\":\"Cooperativa El\u00e9ctrica de Tornquist\",\"publisher\":{\"@id\":\"https:\/\/www.celttv.com.ar\/#organization\"},\"potentialAction\":[{\"@type\":\"SearchAction\",\"target\":{\"@type\":\"EntryPoint\",\"urlTemplate\":\"https:\/\/www.celttv.com.ar\/?s={search_term_string}\"},\"query-input\":\"required name=search_term_string\"}],\"inLanguage\":\"es\"},{\"@type\":\"Organization\",\"@id\":\"https:\/\/www.celttv.com.ar\/#organization\",\"name\":\"CELTTV\",\"url\":\"https:\/\/www.celttv.com.ar\/\",\"sameAs\":[\"https:\/\/www.youtube.com\/channel\/UCz_oIt8Hig64Ub-EmcNPIhg\",\"https:\/\/www.facebook.com\/celtTV\/\"],\"logo\":{\"@type\":\"ImageObject\",\"inLanguage\":\"es\",\"@id\":\"https:\/\/www.celttv.com.ar\/#\/schema\/logo\/image\/\",\"url\":\"http:\/\/www.celttv.com.ar\/wp-content\/uploads\/2022\/08\/logo-1.png\",\"contentUrl\":\"http:\/\/www.celttv.com.ar\/wp-content\/uploads\/2022\/08\/logo-1.png\",\"width\":461,\"height\":159,\"caption\":\"CELTTV\"},\"image\":{\"@id\":\"https:\/\/www.celttv.com.ar\/#\/schema\/logo\/image\/\"}},{\"@type\":\"Person\",\"@id\":\"https:\/\/www.celttv.com.ar\/#\/schema\/person\/6d99c072dba59953809c81446e9d0ace\",\"name\":\"ulises\",\"image\":{\"@type\":\"ImageObject\",\"inLanguage\":\"es\",\"@id\":\"https:\/\/www.celttv.com.ar\/#\/schema\/person\/image\/\",\"url\":\"https:\/\/secure.gravatar.com\/avatar\/7f2c48bdc33b30088f941fb6082e555f2874c98e20cb159d7b92b50eadfce793?s=96&d=mm&r=g\",\"contentUrl\":\"https:\/\/secure.gravatar.com\/avatar\/7f2c48bdc33b30088f941fb6082e555f2874c98e20cb159d7b92b50eadfce793?s=96&d=mm&r=g\",\"caption\":\"ulises\"},\"sameAs\":[\"http:\/\/www.celttv.com.ar\"]}]}<\/script>\n<!-- \/ Yoast SEO plugin. -->","yoast_head_json":{"title":"CLIP DE IM\u00c1GENES DEL ESPECT\u00c1CULO BRINDADO POR GIMNASIO EDEN Y EL CENTRO GIMN\u00c1STICO TORNQUIST (VIDEO) - CELTTV","description":"Sitio web de noticias de la localidad de Tornquist, provincia de Buenos Aires, Rep\u00fablica Argentina. Contenido propio originado por periodistas de CELTTV, el canal de TV local de la Cooperativa El\u00e9ctrica de Tornquist. Turismo, Pol\u00edtica, Sociedad, Deporte, Cultura y todo el contenido de inter\u00e9s general que la gente del pueblo y la regi\u00f3n debe conocer.","robots":{"index":"index","follow":"follow","max-snippet":"max-snippet:-1","max-image-preview":"max-image-preview:large","max-video-preview":"max-video-preview:-1"},"canonical":"https:\/\/www.celttv.com.ar\/index.php\/2018\/12\/06\/clip-de-imagenes-del-espectaculo-brindado-por-gimnasio-eden-y-el-centro-gimnastico-tornquist-video\/","og_locale":"es_ES","og_type":"article","og_title":"CLIP DE IM\u00c1GENES DEL ESPECT\u00c1CULO BRINDADO POR GIMNASIO EDEN Y EL CENTRO GIMN\u00c1STICO TORNQUIST (VIDEO) - CELTTV","og_description":"Sitio web de noticias de la localidad de Tornquist, provincia de Buenos Aires, Rep\u00fablica Argentina. Contenido propio originado por periodistas de CELTTV, el canal de TV local de la Cooperativa El\u00e9ctrica de Tornquist. Turismo, Pol\u00edtica, Sociedad, Deporte, Cultura y todo el contenido de inter\u00e9s general que la gente del pueblo y la regi\u00f3n debe conocer.","og_url":"https:\/\/www.celttv.com.ar\/index.php\/2018\/12\/06\/clip-de-imagenes-del-espectaculo-brindado-por-gimnasio-eden-y-el-centro-gimnastico-tornquist-video\/","og_site_name":"CELTTV","article_publisher":"https:\/\/www.facebook.com\/celtTV\/","article_published_time":"2018-12-06T22:49:14+00:00","og_image":[{"width":960,"height":720,"url":"https:\/\/www.celttv.com.ar\/wp-content\/uploads\/2018\/12\/47347089_10217626956650210_494681486906097664_n.jpg","type":"image\/jpeg"}],"author":"ulises","twitter_card":"summary_large_image","twitter_misc":{"Escrito por":"ulises"},"schema":{"@context":"https:\/\/schema.org","@graph":[{"@type":"NewsArticle","@id":"https:\/\/www.celttv.com.ar\/index.php\/2018\/12\/06\/clip-de-imagenes-del-espectaculo-brindado-por-gimnasio-eden-y-el-centro-gimnastico-tornquist-video\/#article","isPartOf":{"@id":"https:\/\/www.celttv.com.ar\/index.php\/2018\/12\/06\/clip-de-imagenes-del-espectaculo-brindado-por-gimnasio-eden-y-el-centro-gimnastico-tornquist-video\/"},"author":{"name":"ulises","@id":"https:\/\/www.celttv.com.ar\/#\/schema\/person\/6d99c072dba59953809c81446e9d0ace"},"headline":"CLIP DE IM\u00c1GENES DEL ESPECT\u00c1CULO BRINDADO POR GIMNASIO EDEN Y EL CENTRO GIMN\u00c1STICO TORNQUIST (VIDEO)","datePublished":"2018-12-06T22:49:14+00:00","dateModified":"2018-12-06T22:49:14+00:00","mainEntityOfPage":{"@id":"https:\/\/www.celttv.com.ar\/index.php\/2018\/12\/06\/clip-de-imagenes-del-espectaculo-brindado-por-gimnasio-eden-y-el-centro-gimnastico-tornquist-video\/"},"wordCount":69,"publisher":{"@id":"https:\/\/www.celttv.com.ar\/#organization"},"articleSection":["Celt TV Noticias","Deporte","Destacadas","Magazine Sport"],"inLanguage":"es"},{"@type":"WebPage","@id":"https:\/\/www.celttv.com.ar\/index.php\/2018\/12\/06\/clip-de-imagenes-del-espectaculo-brindado-por-gimnasio-eden-y-el-centro-gimnastico-tornquist-video\/","url":"https:\/\/www.celttv.com.ar\/index.php\/2018\/12\/06\/clip-de-imagenes-del-espectaculo-brindado-por-gimnasio-eden-y-el-centro-gimnastico-tornquist-video\/","name":"CLIP DE IM\u00c1GENES DEL ESPECT\u00c1CULO BRINDADO POR GIMNASIO EDEN Y EL CENTRO GIMN\u00c1STICO TORNQUIST (VIDEO) - CELTTV","isPartOf":{"@id":"https:\/\/www.celttv.com.ar\/#website"},"datePublished":"2018-12-06T22:49:14+00:00","dateModified":"2018-12-06T22:49:14+00:00","description":"Sitio web de noticias de la localidad de Tornquist, provincia de Buenos Aires, Rep\u00fablica Argentina. Contenido propio originado por periodistas de CELTTV, el canal de TV local de la Cooperativa El\u00e9ctrica de Tornquist. Turismo, Pol\u00edtica, Sociedad, Deporte, Cultura y todo el contenido de inter\u00e9s general que la gente del pueblo y la regi\u00f3n debe conocer.","breadcrumb":{"@id":"https:\/\/www.celttv.com.ar\/index.php\/2018\/12\/06\/clip-de-imagenes-del-espectaculo-brindado-por-gimnasio-eden-y-el-centro-gimnastico-tornquist-video\/#breadcrumb"},"inLanguage":"es","potentialAction":[{"@type":"ReadAction","target":["https:\/\/www.celttv.com.ar\/index.php\/2018\/12\/06\/clip-de-imagenes-del-espectaculo-brindado-por-gimnasio-eden-y-el-centro-gimnastico-tornquist-video\/"]}]},{"@type":"BreadcrumbList","@id":"https:\/\/www.celttv.com.ar\/index.php\/2018\/12\/06\/clip-de-imagenes-del-espectaculo-brindado-por-gimnasio-eden-y-el-centro-gimnastico-tornquist-video\/#breadcrumb","itemListElement":[{"@type":"ListItem","position":1,"name":"Inicio","item":"https:\/\/www.celttv.com.ar\/"},{"@type":"ListItem","position":2,"name":"CLIP DE IM\u00c1GENES DEL ESPECT\u00c1CULO BRINDADO POR GIMNASIO EDEN Y EL CENTRO GIMN\u00c1STICO TORNQUIST (VIDEO)"}]},{"@type":"WebSite","@id":"https:\/\/www.celttv.com.ar\/#website","url":"https:\/\/www.celttv.com.ar\/","name":"CELTTV","description":"Cooperativa El\u00e9ctrica de Tornquist","publisher":{"@id":"https:\/\/www.celttv.com.ar\/#organization"},"potentialAction":[{"@type":"SearchAction","target":{"@type":"EntryPoint","urlTemplate":"https:\/\/www.celttv.com.ar\/?s={search_term_string}"},"query-input":"required name=search_term_string"}],"inLanguage":"es"},{"@type":"Organization","@id":"https:\/\/www.celttv.com.ar\/#organization","name":"CELTTV","url":"https:\/\/www.celttv.com.ar\/","sameAs":["https:\/\/www.youtube.com\/channel\/UCz_oIt8Hig64Ub-EmcNPIhg","https:\/\/www.facebook.com\/celtTV\/"],"logo":{"@type":"ImageObject","inLanguage":"es","@id":"https:\/\/www.celttv.com.ar\/#\/schema\/logo\/image\/","url":"http:\/\/www.celttv.com.ar\/wp-content\/uploads\/2022\/08\/logo-1.png","contentUrl":"http:\/\/www.celttv.com.ar\/wp-content\/uploads\/2022\/08\/logo-1.png","width":461,"height":159,"caption":"CELTTV"},"image":{"@id":"https:\/\/www.celttv.com.ar\/#\/schema\/logo\/image\/"}},{"@type":"Person","@id":"https:\/\/www.celttv.com.ar\/#\/schema\/person\/6d99c072dba59953809c81446e9d0ace","name":"ulises","image":{"@type":"ImageObject","inLanguage":"es","@id":"https:\/\/www.celttv.com.ar\/#\/schema\/person\/image\/","url":"https:\/\/secure.gravatar.com\/avatar\/7f2c48bdc33b30088f941fb6082e555f2874c98e20cb159d7b92b50eadfce793?s=96&d=mm&r=g","contentUrl":"https:\/\/secure.gravatar.com\/avatar\/7f2c48bdc33b30088f941fb6082e555f2874c98e20cb159d7b92b50eadfce793?s=96&d=mm&r=g","caption":"ulises"},"sameAs":["http:\/\/www.celttv.com.ar"]}]}},"_links":{"self":[{"href":"https:\/\/www.celttv.com.ar\/index.php\/wp-json\/wp\/v2\/posts\/38937","targetHints":{"allow":["GET"]}}],"collection":[{"href":"https:\/\/www.celttv.com.ar\/index.php\/wp-json\/wp\/v2\/posts"}],"about":[{"href":"https:\/\/www.celttv.com.ar\/index.php\/wp-json\/wp\/v2\/types\/post"}],"author":[{"embeddable":true,"href":"https:\/\/www.celttv.com.ar\/index.php\/wp-json\/wp\/v2\/users\/1"}],"replies":[{"embeddable":true,"href":"https:\/\/www.celttv.com.ar\/index.php\/wp-json\/wp\/v2\/comments?post=38937"}],"version-history":[{"count":0,"href":"https:\/\/www.celttv.com.ar\/index.php\/wp-json\/wp\/v2\/posts\/38937\/revisions"}],"wp:featuredmedia":[{"embeddable":true,"href":"https:\/\/www.celttv.com.ar\/index.php\/wp-json\/wp\/v2\/media\/38938"}],"wp:attachment":[{"href":"https:\/\/www.celttv.com.ar\/index.php\/wp-json\/wp\/v2\/media?parent=38937"}],"wp:term":[{"taxonomy":"category","embeddable":true,"href":"https:\/\/www.celttv.com.ar\/index.php\/wp-json\/wp\/v2\/categories?post=38937"},{"taxonomy":"post_tag","embeddable":true,"href":"https:\/\/www.celttv.com.ar\/index.php\/wp-json\/wp\/v2\/tags?post=38937"}],"curies":[{"name":"wp","href":"https:\/\/api.w.org\/{rel}","templated":true}]}}