{"id":38954,"date":"2018-12-06T23:28:21","date_gmt":"2018-12-06T23:28:21","guid":{"rendered":"http:\/\/www.celttv.com.ar\/?p=38954"},"modified":"2018-12-06T23:28:21","modified_gmt":"2018-12-06T23:28:21","slug":"informe-de-la-ultima-sesion-ordinaria-del-hcd-3","status":"publish","type":"post","link":"https:\/\/www.celttv.com.ar\/index.php\/2018\/12\/06\/informe-de-la-ultima-sesion-ordinaria-del-hcd-3\/","title":{"rendered":"Informe de la \u00faltima sesi\u00f3n ordinaria del HCD"},"content":{"rendered":"<p><strong><u>Comunicaciones Oficiales y dict\u00e1menes de las Comisiones:<\/u><\/strong><br \/>\n<strong><u>\u00a0<\/u><\/strong><br \/>\n<strong><u>Expte. <\/u><\/strong><strong><u>N\u00ba 317\/18:<\/u><\/strong> \u201cC\u00f3digo Tributario Municipal 2019\u201d.<br \/>\nPasa a las Comisiones de Presupuesto y Hacienda, Asuntos Municipales, e Interpretaci\u00f3n y Reglamento.<br \/>\n&nbsp;<br \/>\n<strong><u>Expte. <\/u><\/strong><strong><u>N\u00ba 325\/18:<\/u><\/strong> \u201cD.E. C\u00e1lculo de Recursos y Presupuesto de Gastos- Ejercicio 2019\u201d.<br \/>\nPasa a las Comisiones de Presupuesto y Hacienda, Asuntos Municipales, e Interpretaci\u00f3n y Reglamento.<br \/>\n<strong><u>\u00a0<\/u><\/strong><br \/>\n<strong><u>Expte. <\/u><\/strong><strong><u>N\u00ba 346\/18:<\/u><\/strong> \u201cS.D. \u2013 Adhesi\u00f3n Convenio \u2013 Red Argentina de Municipios frente al cambio clim\u00e1tico\u201d.-<br \/>\nSe solicita tratamiento sobre Tablas.<br \/>\nSe aprueba por unanimidad la Ordenanza con el N\u00ba 3098\/18 por la que se autoriza la firma del Convenio de Adhesi\u00f3n a la Red Argentina de Municipios frente al Cambio Clim\u00e1tico, a celebrarse entre la Asociaci\u00f3n Civil Red de Acci\u00f3n Clim\u00e1tica, representada por su Presidente, Sr. Ricardo Eugenio Bertolino y la Municipalidad de Tornquist, representada por el Sr. Intendente Municipal Sergio Fabi\u00e1n Bordoni.- En funci\u00f3n del mismo, el municipio pasar\u00e1 a formar parte de la Red Argentina de Municipios frente al Cambio Clim\u00e1tico, comprometi\u00e9ndose entre otras cosas a realizar: inventario de emisiones de gases de efecto invernadero, evaluaciones de riesgos clim\u00e1ticos, planes para abordar la mitigaci\u00f3n y adaptaci\u00f3n del cambio clim\u00e1tico y el acceso sostenible a la energ\u00eda.- El \u00a0Convenio tendr\u00e1 como duraci\u00f3n un a\u00f1o y se considerar\u00e1 t\u00e1citamente renovado si ninguna de las partes lo denuncia por escrito con una anticipaci\u00f3n de 30 d\u00edas a la expiraci\u00f3n del plazo. El Municipio se obliga a pagar en concepto de membrec\u00eda un valor anual establecido por la Comisi\u00f3n Directiva de la ACRAC.-<br \/>\n&nbsp;<br \/>\n<strong><u>Expte. <\/u><\/strong><strong><u>N\u00ba 360\/18:<\/u><\/strong> \u201cD.E. Convalida la firma del Convenio celebrado entre la Municipalidad de Tornquist y la Asociaci\u00f3n Civil Trochita \u2013 Sierra de la Ventana- Ex Club Hotel\u201d.<br \/>\nSe solicita tratamiento sobre Tablas.<br \/>\nSe aprueba por unanimidad la Ordenanza con el N\u00ba 3099\/18 por la que se convalida la firma del Convenio celebrado entre la Municipalidad de Tornquist, representada por el Intendente Municipal Sr. Sergio Bordoni y la Asociaci\u00f3n Civil Trochita Sierra de la Ventana Ex Club Hotel, representada por el Sr. Peter Schumacher. Por el mencionado Convenio el Municipio da en Comodato o pr\u00e9stamo de uso gratuito a la Asociaci\u00f3n Civil Trochita Sierra de la Ventana Ex Club Hotel el espacio y los servicios del Centro Cultural de Sierra de la Ventana, comprendido donde se encuentra el campamento de casillas de chapas ferroviario.-<br \/>\n&nbsp;<br \/>\n<strong><u>Expte. <\/u><\/strong><strong><u>N\u00ba 363\/18:<\/u><\/strong> \u201cD.E. Autoriza la firma del Convenio de Adhesi\u00f3n para implementaci\u00f3n del Documento \u00danico de Traslado (DUT) y su modalidad de Autogesti\u00f3n en la Provincia de Buenos Aires y el Municipio de Tornquist\u201d.<br \/>\nSe solicita tratamiento sobre Tablas.<br \/>\nSe aprueba por unanimidad la Ordenanza con el N\u00ba 3100\/18 por la que se autoriza la firma del Convenio de Adhesi\u00f3n para la Implementaci\u00f3n del Documento \u00danico de Traslado (DUT) celebrado entre el Ministerio de Agroindustria de la Provincia de Buenos Aires representado por su Ministro Ingeniero Agr\u00f3nomo Leonardo Sarquis y el Municipio de Tornquist, representado por el Intendente Municipal Sr. Sergio Bordoni.-<br \/>\n&nbsp;<br \/>\n<strong><u>Expte. <\/u><\/strong><strong><u>N\u00ba 364\/18:<\/u><\/strong> \u201cD.E.- Autoriza la Construcci\u00f3n de la Sala Comunitaria de Extracci\u00f3n de Miel\u201d.<br \/>\nSe solicita tratamiento sobre Tablas.<br \/>\nSe aprueba por unanimidad la Ordenanza con el N\u00ba 3101\/18 por la que se autoriza al Departamento Ejecutivo a realizar la construcci\u00f3n de una sala comunitaria de extracci\u00f3n de miel en el predio municipal denominado catastralmente: Partida 106-4088, Circunscripci\u00f3n 2, Secci\u00f3n A, Chacra 57, Parcela 2 A de Tornquist.-<br \/>\n&nbsp;<br \/>\n<strong><u>Expte. <\/u><\/strong><strong><u>N\u00ba 345\/18:<\/u><\/strong> \u201cD.E. \u2013 Convalida la firma del Acuerdo de Reposici\u00f3n y Mantenimiento de Alumbrado P\u00fablico celebrado con la Cooperativa El\u00e9ctrica de Chasic\u00f3 Limitada\u201d.<br \/>\nSeg\u00fan el dictamen de las Comisiones de ASUNTOS MUNICIPALES, PRESUPUESTO Y HACIENDA, E INTERPRETACI\u00d3N Y REGLAMENTO,<strong>\u00a0 <\/strong>se aprueba por unanimidad la Ordenanza con el N\u00ba 3095\/18 por la que se convalida la firma del Acuerdo de Reposici\u00f3n y Mantenimiento de Alumbrado P\u00fablico celebrado entre la Cooperativa El\u00e9ctrica de Chasic\u00f3 Limitada, representada por su presidente Julio An\u00edbal Oviedo y su secretario Julio Enrique Pessi, y la Municipalidad de Tornquist, representado por\u00a0 el\u00a0 Sr. Sergio Fabi\u00e1n Bordoni en su car\u00e1cter de Intendente Municipal.-<br \/>\n&nbsp;<br \/>\n<strong><u>Expte. <\/u><\/strong><strong><u>N\u00ba 7069\/18:<\/u><\/strong> \u201cBloque F.P.V. y F.J.C. \u2013 Proyecto de Ordenanza: Ref. Instalaci\u00f3n de Buzones Anti-Narco\u201d.<br \/>\nDe acuerdo al dictamen de las Comisiones de <strong>\u00a0<\/strong>SALUD P\u00daBLICA, y ASUNTOS MUNICIPALES<strong>,\u00a0 <\/strong>se aprueba por unanimidad la Ordenanza con el N\u00ba 3096\/18 por la que se deroga en todos sus t\u00e9rminos la Ordenanza N\u00ba 3091\/18. Se autoriza al Departamento Ejecutivo Municipal a la instalaci\u00f3n de Buzones Anti-Narco en el Hospital Municipal, Salas M\u00e9dicas y otras reparticiones e instituciones que se considere, en los cuales se podr\u00e1 depositar por escrito el anoticiamiento de hechos veros\u00edmiles que presuman la posible comercializaci\u00f3n de drogas il\u00edcitas en sitios del distrito de Tornquist. El buz\u00f3n contar\u00e1 con la correspondiente leyenda que lo identifique: Buz\u00f3n Anti-Narco, rezando adem\u00e1s: Receptor de denuncias an\u00f3nimas sobre venta de drogas. Deber\u00e1 constar de una boca para el ingreso de sobres con denuncias y una \u00fanica compuerta de extracci\u00f3n de los mismos con su respectiva cerradura. La Comisi\u00f3n de Salud P\u00fablica del HCD labrar\u00e1 un acta de entrega de las llaves, en la cual constar\u00e1 la aceptaci\u00f3n de las mismas por quien fuere designado responsable.<br \/>\n&nbsp;<br \/>\n<strong><u>Expte. <\/u><\/strong><strong><u>N\u00ba 7076\/18:<\/u><\/strong> \u201cN.P. \u2013 Hugo Rodr\u00edguez, Concesionario Balneario Parque Norte: Solicita aprobaci\u00f3n Cuadro Tarifario Temporada Estival 2018\/2019\u201d.<br \/>\nSeg\u00fan el dictamen de las Comisiones de\u00a0 OBRAS P\u00daBLICAS, ASUNTOS MUNICIPALES, PRESUPUESTO Y HACIENDA, E INTERPRETACI\u00d3N Y REGLAMENTO,<strong>\u00a0 <\/strong>se aprueba por unanimidad la\u00a0 Ordenanza con el N\u00ba 3097\/18 por la que se autoriza al Contratista de la Unidad Fiscal Balneario Parque Norte, Sr. Hugo Rodr\u00edguez, a cobrar las tarifas que a continuaci\u00f3n se detallan, correspondientes a la temporada 2018 -2019, a partir de la sanci\u00f3n de la presente Ordenanza:<br \/>\nENTRADAS:<\/p>\n<ul>\n<li>Residentes en el Distrito Mayores (a partir de los 12 a\u00f1os) $ 50-<\/li>\n<li>No residentes en el Distrito Mayores (a partir de los 12 a\u00f1os) $ 120.-<\/li>\n<li>Residentes en el Distrito Menores (hasta 12 a\u00f1os) $ 25.-<\/li>\n<li>No residentes en el Distrito Menores (hasta 12 a\u00f1os) $ 60.-<\/li>\n<\/ul>\n<p>DERECHO A CAMPING:<\/p>\n<ul>\n<li>Mayores a partir de 12 a\u00f1os: Por d\u00eda $ 180.-<\/li>\n<li>Menores de 12 a\u00f1os: Por d\u00eda $ 120.-<\/li>\n<\/ul>\n<p>DERECHO A CARPA, MOTOR-HOME y CASILLA:<\/p>\n<ul>\n<li>Por d\u00eda $ 220.-<\/li>\n<\/ul>\n<p>DERECHO BAJADAS DE KAYAC\u00b4S: $ 50.-<br \/>\n&nbsp;<br \/>\n<strong><u>Expte. <\/u><\/strong><strong><u>N\u00ba 7077\/18:<\/u><\/strong> \u201cN.P. C\u00e1mara de Comercio y Turismo de Villa Ventana: solicita uso Banca Concejal N\u00ba 13\u201d.<br \/>\nLas Comisiones de\u00a0 ASUNTOS MUNICIPALES E INTERPRETACION Y REGLAMENTO,\u00a0 habiendo analizado el Expte. N\u00ba 7077\/18, aconsejan otorgar el uso de la Banca 13 a la C\u00e1mara de Comercio y Turismo de Villa Ventana el d\u00eda 18 de Diciembre de 2018 a la hora 20.-<br \/>\n&nbsp;<br \/>\n<strong><u>Expte. <\/u><\/strong><strong><u>N\u00ba 7078\/18:<\/u><\/strong> \u201cN.P. C\u00e1mara de Comercio y Turismo de Villa Ventana: Ref. Ordenanza N\u00ba 3090\/18 Modificaci\u00f3n del Plan de Ordenamiento Territorial\u201d.<br \/>\nSe aprueba por unanimidad el dictamen de las Comisiones de OBRAS P\u00daBLICAS, ASUNTOS MUNICIPALES, e INTERPRETACI\u00d3N Y REGLAMENTO, que aconseja, luego de haber mantenido una reuni\u00f3n con integrantes de la C\u00e1mara de Comercio y Turismo de Villa Ventana, enviar el Expediente al Secretario de Desarrollo Dr. Gonzalo Iparraguirre para que d\u00e9 respuesta a lo planteado, fundamentado con la documentaci\u00f3n pertinente.-<br \/>\n&nbsp;<br \/>\n<strong><u>Expte. <\/u><\/strong><strong><u>N\u00ba 7079\/18:<\/u><\/strong> \u201cBloques F.P.V. y\u00a0 F.J.C. \u2013 Proyecto de Resoluci\u00f3n: Solicita al Gobierno de la Pcia. de \u00a0Bs. As. retirar el presupuesto 2019 y que se reenvie al Congreso para ser analizado\u201d.<br \/>\nSe aprueba por unanimidad el dictamen de la Comisi\u00f3n de <strong>\u00a0<\/strong>ASUNTOS MUNICIPALES que aconseja enviar el mismo al Archivo.-<br \/>\n&nbsp;<br \/>\n<strong><u>Expte. <\/u><\/strong><strong><u>N\u00ba 7080\/18:<\/u><\/strong> \u201cBloque Cambiemos Buenos Aires- Minuta de Comunicaci\u00f3n: Ref. Situaci\u00f3n de la oficina local de ANSES en el Distrito\u00a0 (Servicios y Atenci\u00f3n)\u201d.-<br \/>\nSe aprueba por unanimidad el dictamen de la Comisi\u00f3n de ASUNTOS MUNICIPALES que aconseja aprobar la Minuta de Comunicaci\u00f3n por la que se solicita a las autoridades de la ANSES Regional Mar del Plata, D\u00e9bora Espina, y a la Direcci\u00f3n Ejecutiva Nacional a cargo de Emilio Basavilbaso que analicen y resuelvan la situaci\u00f3n planteada en el exordio.- Se env\u00eda copia de la presente al Punto de Atenci\u00f3n Tornquist, representante Andrea Nazca.-<br \/>\n&nbsp;<br \/>\n<strong><u>Proyectos Presentados:<\/u><\/strong><br \/>\n&nbsp;<br \/>\n<strong><u>Bloque Cambiemos Buenos Aires- Minuta de Comunicaci\u00f3n:<\/u><\/strong> Comunicar a la Direcci\u00f3n de Medio Ambiente Municipal lo solicitado por la Asociaci\u00f3n de Fomento de Villa Ventana en relaci\u00f3n a un mejor tratamiento de las aguas residuales, y solicitarle a la directora Melisa Herrada una respuesta en tal sentido. Enviar copia fiel de esta Comunicaci\u00f3n a la Asociaci\u00f3n de Fomento de Villa Ventana.<br \/>\nSe solicita formaci\u00f3n de Expediente y tratamiento sobre Tablas.<br \/>\nSe forma el Expediente N\u00ba 7083\/18 y se aprueba por unanimidad la Minuta de Comunicaci\u00f3n.<br \/>\n&nbsp;<br \/>\n<strong><u>Bloques Frente para la Victoria y Frente Justicialista Cumplir: Minuta de Comunicaci\u00f3n:<\/u><\/strong> Solicita al Sr. Intendente Municipal Sergio Bordoni el urgente arreglo de la baranda del Puente sobre el arroyo Belisario de la localidad de Villa Ventana, y se d\u00e9 respuesta formal a las inquietudes presentadas por vecinos e instituciones. Solicita se env\u00ede copia a la Sociedad de Fomento de Villa Ventana, a la C\u00e1mara de Comercio y Turismo y a la Asociaci\u00f3n de Prestadores Tur\u00edsticos de Villa Ventana.-<br \/>\nSe solicita formaci\u00f3n de Expediente y tratamiento sobre Tablas.<br \/>\nSe forma el Expediente N\u00ba 7084\/18 y se aprueba por unanimidad la Minuta de Comunicaci\u00f3n.<br \/>\n&nbsp;<br \/>\n<strong><u>Asuntos Particulares:<\/u><\/strong><br \/>\n<strong><u>\u00a0<\/u><\/strong><br \/>\n<strong><u>N.P. C\u00e1mara de Comercio y Turismo de Villa Ventana:<\/u><\/strong> Solicita se derogue los Art\u00edculos 15\u00ba y 16\u00ba de la Ordenanza N\u00ba 3090\/18, referidos a la modificaci\u00f3n en el Plan de Ordenamiento Territorial de la Comarca de Sierra de la Ventana del Partido de Tornquist, especialmente en lo referido a la localidad de Villa Ventana.-<br \/>\nSe aprueba por unanimidad anexar esta nota al Expediente N\u00ba 7078\/18.-<br \/>\n&nbsp;<br \/>\n<strong><u>N.P.\u00a0 Mariana Devoto- Paseo Bonsai Villa Ventana:<\/u><\/strong> Solicita considerar de Inter\u00e9s Cultural para el Partido de Tornquist el Paseo Bonsai de Villa Ventana.-<br \/>\nSe solicita formaci\u00f3n de Expediente y pase a Comisi\u00f3n.-<br \/>\n&nbsp;<br \/>\n<strong><u>N.P.\u00a0 Dardo Fernandez, Concesionario de la Piletas Municipales de Sierra de la Ventana:<\/u><\/strong> Comunica que concluyen la clases de nataci\u00f3n para realizar reparaciones necesarias y mejoras para personas con discapacidad. Solicita aprobaci\u00f3n del costo de entradas a las Piletas Municipales para el per\u00edodo estival 2018\/2019.-<br \/>\nSe solicita formaci\u00f3n de Expediente y tratamiento sobre Tablas.<br \/>\nSe forma el Expediente N\u00ba 7081\/18, y se aprueba por unanimidad la Ordenanza con el N\u00ba 3102\/18 por la que se autoriza al Contratista del Complejo Tur\u00edstico de la Piletas Municipales de Sierra de la Ventana, Sr. Dardo Fern\u00e1ndez a cobrar las tarifas que a continuaci\u00f3n se detallan, a partir de la sanci\u00f3n de la presente Ordenanza:<br \/>\n<u>ENTRADAS:<\/u><br \/>\nMenores hasta 15 a\u00f1os residentes en el Distrito de Tornquist\u2026\u2026\u2026\u2026..\u2026\u2026\u2026\u2026\u2026.$70<br \/>\nMayores a partir de 15 a\u00f1os residentes en el Distrito de Tornquist\u2026\u2026\u2026\u2026..\u2026\u2026\u2026.$90<br \/>\nMenores hasta 15 a\u00f1os no residentes en el Distrito de Tornquist\u2026\u2026\u2026\u2026\u2026..\u2026\u2026\u2026$90<br \/>\nMayores a partir de 15 a\u00f1os no residentes en el Distrito de Tornquist\u2026\u2026\u2026\u2026\u2026\u2026.$120<br \/>\nLos descuentos por pago anticipado y por grupo familiar se dejan a consideraci\u00f3n del concesionario.<br \/>\nQueda establecido que menores de 3 a\u00f1os de edad no abonar\u00e1n el ingreso a las piletas, al igual que las personas con capacidades diferentes presentando el carnet de discapacidad correspondiente.-<br \/>\n&nbsp;<br \/>\n<strong><u>N.P. Asociaci\u00f3n Cooperadora CEF N\u00ba 9, Concesionario de las Piletas Municipales de Tornquist:<\/u><\/strong> Solicita autorizaci\u00f3n para aumento de tarifas en las entradas a las Piletas Municipales.<br \/>\nSe solicita formaci\u00f3n de Expediente y tratamiento sobre Tablas.<br \/>\nSe forma el Expediente N\u00ba 7082\/18, y se aprueba por unanimidad la Ordenanza con el N\u00ba 3103\/18 por la que se autoriza al Comodatario del Complejo Tur\u00edstico Piletas Municipales de la ciudad de Tornquist, Centro de Educaci\u00f3n F\u00edsica N\u00ba 9 para la temporada estival 2018\/2019, a cobrar las tarifas que a continuaci\u00f3n se detallan:<br \/>\n<u>ENTRADAS:<\/u><br \/>\nMenores (hasta los 17 a\u00f1os inclusive)\u2026\u2026\u2026\u2026\u2026\u2026\u2026\u2026\u2026.\u2026..$15<br \/>\nMayores (a partir de los 18 a\u00f1os)\u2026\u2026\u2026\u2026\u2026\u2026\u2026\u2026\u2026\u2026\u2026\u2026..$35<br \/>\n&nbsp;<br \/>\n<strong><u>N.P. Asociaci\u00f3n de Fomento, C\u00e1mara de Comercio, y Asociaci\u00f3n de Prestadores, de la localidad de Villa Ventana:<\/u><\/strong> Solicitan fijar fecha para una pr\u00f3xima reuni\u00f3n con Concejales.<br \/>\nPor Secretar\u00eda se coordinar\u00e1 la fecha de reuni\u00f3n.<br \/>\n&nbsp;<br \/>\n<strong><u>N.P. UDOCBA Tornquist, FEB Tornquist, y SUTEBA Tornquist:<\/u><\/strong> En representaci\u00f3n de padres, docentes y alumnos de distintas Comunidades Educativas del Distrito de Tornquist, solicita se d\u00e9 curso de este requerimiento ante distintas autoridades de Educaci\u00f3n, en referencia a la aplicaci\u00f3n de la reforma para la Educaci\u00f3n T\u00e9cnica y Agraria para el a\u00f1o 2019.-<br \/>\nSe solicita formaci\u00f3n de Expediente y pase a Comisi\u00f3n.-<br \/>\n&nbsp;<br \/>\nHONORABLE CONCEJO DELIBERANTE<br \/>\n<a href=\"http:\/\/www.celttv.com.ar\/?attachment_id=38955\" rel=\"attachment wp-att-38955\"><img loading=\"lazy\" decoding=\"async\" class=\"alignleft size-medium wp-image-38955\" src=\"http:\/\/www.celttv.com.ar\/wp-content\/uploads\/2018\/12\/P1070196-780x585.jpg\" alt=\"\" width=\"780\" height=\"585\" \/><\/a><\/p>\n","protected":false},"excerpt":{"rendered":"<p>Comunicaciones Oficiales y dict\u00e1menes de las Comisiones: \u00a0 Expte. N\u00ba 317\/18: \u201cC\u00f3digo Tributario Municipal 2019\u201d. Pasa a las Comisiones de Presupuesto y Hacienda, Asuntos Municipales, e Interpretaci\u00f3n y Reglamento. &nbsp; Expte. N\u00ba 325\/18: \u201cD.E. C\u00e1lculo de Recursos y Presupuesto de Gastos- Ejercicio 2019\u201d. Pasa a las Comisiones de Presupuesto y Hacienda, Asuntos Municipales, e Interpretaci\u00f3n [&hellip;]<\/p>\n","protected":false},"author":1,"featured_media":38956,"comment_status":"closed","ping_status":"open","sticky":false,"template":"","format":"standard","meta":{"footnotes":""},"categories":[55,51,52,53],"tags":[],"class_list":["post-38954","post","type-post","status-publish","format-standard","has-post-thumbnail","hentry","category-celt-tv-noticias","category-comunidad","category-destacadas","category-politica"],"yoast_head":"<!-- This site is optimized with the Yoast SEO plugin v19.7.1 - https:\/\/yoast.com\/wordpress\/plugins\/seo\/ -->\n<title>Informe de la \u00faltima sesi\u00f3n ordinaria del HCD - CELTTV<\/title>\n<meta name=\"description\" content=\"Sitio web de noticias de la localidad de Tornquist, provincia de Buenos Aires, Rep\u00fablica Argentina. Contenido propio originado por periodistas de CELTTV, el canal de TV local de la Cooperativa El\u00e9ctrica de Tornquist. Turismo, Pol\u00edtica, Sociedad, Deporte, Cultura y todo el contenido de inter\u00e9s general que la gente del pueblo y la regi\u00f3n debe conocer.\" \/>\n<meta name=\"robots\" content=\"index, follow, max-snippet:-1, max-image-preview:large, max-video-preview:-1\" \/>\n<link rel=\"canonical\" href=\"https:\/\/www.celttv.com.ar\/index.php\/2018\/12\/06\/informe-de-la-ultima-sesion-ordinaria-del-hcd-3\/\" \/>\n<meta property=\"og:locale\" content=\"es_ES\" \/>\n<meta property=\"og:type\" content=\"article\" \/>\n<meta property=\"og:title\" content=\"Informe de la \u00faltima sesi\u00f3n ordinaria del HCD - CELTTV\" \/>\n<meta property=\"og:description\" content=\"Sitio web de noticias de la localidad de Tornquist, provincia de Buenos Aires, Rep\u00fablica Argentina. Contenido propio originado por periodistas de CELTTV, el canal de TV local de la Cooperativa El\u00e9ctrica de Tornquist. Turismo, Pol\u00edtica, Sociedad, Deporte, Cultura y todo el contenido de inter\u00e9s general que la gente del pueblo y la regi\u00f3n debe conocer.\" \/>\n<meta property=\"og:url\" content=\"https:\/\/www.celttv.com.ar\/index.php\/2018\/12\/06\/informe-de-la-ultima-sesion-ordinaria-del-hcd-3\/\" \/>\n<meta property=\"og:site_name\" content=\"CELTTV\" \/>\n<meta property=\"article:publisher\" content=\"https:\/\/www.facebook.com\/celtTV\/\" \/>\n<meta property=\"article:published_time\" content=\"2018-12-06T23:28:21+00:00\" \/>\n<meta property=\"og:image\" content=\"https:\/\/www.celttv.com.ar\/wp-content\/uploads\/2018\/12\/P1070200.jpg\" \/>\n\t<meta property=\"og:image:width\" content=\"1024\" \/>\n\t<meta property=\"og:image:height\" content=\"768\" \/>\n\t<meta property=\"og:image:type\" content=\"image\/jpeg\" \/>\n<meta name=\"author\" content=\"ulises\" \/>\n<meta name=\"twitter:card\" content=\"summary_large_image\" \/>\n<meta name=\"twitter:label1\" content=\"Escrito por\" \/>\n\t<meta name=\"twitter:data1\" content=\"ulises\" \/>\n\t<meta name=\"twitter:label2\" content=\"Tiempo de lectura\" \/>\n\t<meta name=\"twitter:data2\" content=\"11 minutos\" \/>\n<script type=\"application\/ld+json\" class=\"yoast-schema-graph\">{\"@context\":\"https:\/\/schema.org\",\"@graph\":[{\"@type\":\"NewsArticle\",\"@id\":\"https:\/\/www.celttv.com.ar\/index.php\/2018\/12\/06\/informe-de-la-ultima-sesion-ordinaria-del-hcd-3\/#article\",\"isPartOf\":{\"@id\":\"https:\/\/www.celttv.com.ar\/index.php\/2018\/12\/06\/informe-de-la-ultima-sesion-ordinaria-del-hcd-3\/\"},\"author\":{\"name\":\"ulises\",\"@id\":\"https:\/\/www.celttv.com.ar\/#\/schema\/person\/6d99c072dba59953809c81446e9d0ace\"},\"headline\":\"Informe de la \u00faltima sesi\u00f3n ordinaria del HCD\",\"datePublished\":\"2018-12-06T23:28:21+00:00\",\"dateModified\":\"2018-12-06T23:28:21+00:00\",\"mainEntityOfPage\":{\"@id\":\"https:\/\/www.celttv.com.ar\/index.php\/2018\/12\/06\/informe-de-la-ultima-sesion-ordinaria-del-hcd-3\/\"},\"wordCount\":2167,\"publisher\":{\"@id\":\"https:\/\/www.celttv.com.ar\/#organization\"},\"articleSection\":[\"Celt TV Noticias\",\"Comunidad\",\"Destacadas\",\"Pol\u00edtica\"],\"inLanguage\":\"es\"},{\"@type\":\"WebPage\",\"@id\":\"https:\/\/www.celttv.com.ar\/index.php\/2018\/12\/06\/informe-de-la-ultima-sesion-ordinaria-del-hcd-3\/\",\"url\":\"https:\/\/www.celttv.com.ar\/index.php\/2018\/12\/06\/informe-de-la-ultima-sesion-ordinaria-del-hcd-3\/\",\"name\":\"Informe de la \u00faltima sesi\u00f3n ordinaria del HCD - CELTTV\",\"isPartOf\":{\"@id\":\"https:\/\/www.celttv.com.ar\/#website\"},\"datePublished\":\"2018-12-06T23:28:21+00:00\",\"dateModified\":\"2018-12-06T23:28:21+00:00\",\"description\":\"Sitio web de noticias de la localidad de Tornquist, provincia de Buenos Aires, Rep\u00fablica Argentina. Contenido propio originado por periodistas de CELTTV, el canal de TV local de la Cooperativa El\u00e9ctrica de Tornquist. Turismo, Pol\u00edtica, Sociedad, Deporte, Cultura y todo el contenido de inter\u00e9s general que la gente del pueblo y la regi\u00f3n debe conocer.\",\"breadcrumb\":{\"@id\":\"https:\/\/www.celttv.com.ar\/index.php\/2018\/12\/06\/informe-de-la-ultima-sesion-ordinaria-del-hcd-3\/#breadcrumb\"},\"inLanguage\":\"es\",\"potentialAction\":[{\"@type\":\"ReadAction\",\"target\":[\"https:\/\/www.celttv.com.ar\/index.php\/2018\/12\/06\/informe-de-la-ultima-sesion-ordinaria-del-hcd-3\/\"]}]},{\"@type\":\"BreadcrumbList\",\"@id\":\"https:\/\/www.celttv.com.ar\/index.php\/2018\/12\/06\/informe-de-la-ultima-sesion-ordinaria-del-hcd-3\/#breadcrumb\",\"itemListElement\":[{\"@type\":\"ListItem\",\"position\":1,\"name\":\"Inicio\",\"item\":\"https:\/\/www.celttv.com.ar\/\"},{\"@type\":\"ListItem\",\"position\":2,\"name\":\"Informe de la \u00faltima sesi\u00f3n ordinaria del HCD\"}]},{\"@type\":\"WebSite\",\"@id\":\"https:\/\/www.celttv.com.ar\/#website\",\"url\":\"https:\/\/www.celttv.com.ar\/\",\"name\":\"CELTTV\",\"description\":\"Cooperativa El\u00e9ctrica de Tornquist\",\"publisher\":{\"@id\":\"https:\/\/www.celttv.com.ar\/#organization\"},\"potentialAction\":[{\"@type\":\"SearchAction\",\"target\":{\"@type\":\"EntryPoint\",\"urlTemplate\":\"https:\/\/www.celttv.com.ar\/?s={search_term_string}\"},\"query-input\":\"required name=search_term_string\"}],\"inLanguage\":\"es\"},{\"@type\":\"Organization\",\"@id\":\"https:\/\/www.celttv.com.ar\/#organization\",\"name\":\"CELTTV\",\"url\":\"https:\/\/www.celttv.com.ar\/\",\"sameAs\":[\"https:\/\/www.youtube.com\/channel\/UCz_oIt8Hig64Ub-EmcNPIhg\",\"https:\/\/www.facebook.com\/celtTV\/\"],\"logo\":{\"@type\":\"ImageObject\",\"inLanguage\":\"es\",\"@id\":\"https:\/\/www.celttv.com.ar\/#\/schema\/logo\/image\/\",\"url\":\"http:\/\/www.celttv.com.ar\/wp-content\/uploads\/2022\/08\/logo-1.png\",\"contentUrl\":\"http:\/\/www.celttv.com.ar\/wp-content\/uploads\/2022\/08\/logo-1.png\",\"width\":461,\"height\":159,\"caption\":\"CELTTV\"},\"image\":{\"@id\":\"https:\/\/www.celttv.com.ar\/#\/schema\/logo\/image\/\"}},{\"@type\":\"Person\",\"@id\":\"https:\/\/www.celttv.com.ar\/#\/schema\/person\/6d99c072dba59953809c81446e9d0ace\",\"name\":\"ulises\",\"image\":{\"@type\":\"ImageObject\",\"inLanguage\":\"es\",\"@id\":\"https:\/\/www.celttv.com.ar\/#\/schema\/person\/image\/\",\"url\":\"https:\/\/secure.gravatar.com\/avatar\/7f2c48bdc33b30088f941fb6082e555f2874c98e20cb159d7b92b50eadfce793?s=96&d=mm&r=g\",\"contentUrl\":\"https:\/\/secure.gravatar.com\/avatar\/7f2c48bdc33b30088f941fb6082e555f2874c98e20cb159d7b92b50eadfce793?s=96&d=mm&r=g\",\"caption\":\"ulises\"},\"sameAs\":[\"http:\/\/www.celttv.com.ar\"]}]}<\/script>\n<!-- \/ Yoast SEO plugin. -->","yoast_head_json":{"title":"Informe de la \u00faltima sesi\u00f3n ordinaria del HCD - CELTTV","description":"Sitio web de noticias de la localidad de Tornquist, provincia de Buenos Aires, Rep\u00fablica Argentina. Contenido propio originado por periodistas de CELTTV, el canal de TV local de la Cooperativa El\u00e9ctrica de Tornquist. Turismo, Pol\u00edtica, Sociedad, Deporte, Cultura y todo el contenido de inter\u00e9s general que la gente del pueblo y la regi\u00f3n debe conocer.","robots":{"index":"index","follow":"follow","max-snippet":"max-snippet:-1","max-image-preview":"max-image-preview:large","max-video-preview":"max-video-preview:-1"},"canonical":"https:\/\/www.celttv.com.ar\/index.php\/2018\/12\/06\/informe-de-la-ultima-sesion-ordinaria-del-hcd-3\/","og_locale":"es_ES","og_type":"article","og_title":"Informe de la \u00faltima sesi\u00f3n ordinaria del HCD - CELTTV","og_description":"Sitio web de noticias de la localidad de Tornquist, provincia de Buenos Aires, Rep\u00fablica Argentina. Contenido propio originado por periodistas de CELTTV, el canal de TV local de la Cooperativa El\u00e9ctrica de Tornquist. Turismo, Pol\u00edtica, Sociedad, Deporte, Cultura y todo el contenido de inter\u00e9s general que la gente del pueblo y la regi\u00f3n debe conocer.","og_url":"https:\/\/www.celttv.com.ar\/index.php\/2018\/12\/06\/informe-de-la-ultima-sesion-ordinaria-del-hcd-3\/","og_site_name":"CELTTV","article_publisher":"https:\/\/www.facebook.com\/celtTV\/","article_published_time":"2018-12-06T23:28:21+00:00","og_image":[{"width":1024,"height":768,"url":"https:\/\/www.celttv.com.ar\/wp-content\/uploads\/2018\/12\/P1070200.jpg","type":"image\/jpeg"}],"author":"ulises","twitter_card":"summary_large_image","twitter_misc":{"Escrito por":"ulises","Tiempo de lectura":"11 minutos"},"schema":{"@context":"https:\/\/schema.org","@graph":[{"@type":"NewsArticle","@id":"https:\/\/www.celttv.com.ar\/index.php\/2018\/12\/06\/informe-de-la-ultima-sesion-ordinaria-del-hcd-3\/#article","isPartOf":{"@id":"https:\/\/www.celttv.com.ar\/index.php\/2018\/12\/06\/informe-de-la-ultima-sesion-ordinaria-del-hcd-3\/"},"author":{"name":"ulises","@id":"https:\/\/www.celttv.com.ar\/#\/schema\/person\/6d99c072dba59953809c81446e9d0ace"},"headline":"Informe de la \u00faltima sesi\u00f3n ordinaria del HCD","datePublished":"2018-12-06T23:28:21+00:00","dateModified":"2018-12-06T23:28:21+00:00","mainEntityOfPage":{"@id":"https:\/\/www.celttv.com.ar\/index.php\/2018\/12\/06\/informe-de-la-ultima-sesion-ordinaria-del-hcd-3\/"},"wordCount":2167,"publisher":{"@id":"https:\/\/www.celttv.com.ar\/#organization"},"articleSection":["Celt TV Noticias","Comunidad","Destacadas","Pol\u00edtica"],"inLanguage":"es"},{"@type":"WebPage","@id":"https:\/\/www.celttv.com.ar\/index.php\/2018\/12\/06\/informe-de-la-ultima-sesion-ordinaria-del-hcd-3\/","url":"https:\/\/www.celttv.com.ar\/index.php\/2018\/12\/06\/informe-de-la-ultima-sesion-ordinaria-del-hcd-3\/","name":"Informe de la \u00faltima sesi\u00f3n ordinaria del HCD - CELTTV","isPartOf":{"@id":"https:\/\/www.celttv.com.ar\/#website"},"datePublished":"2018-12-06T23:28:21+00:00","dateModified":"2018-12-06T23:28:21+00:00","description":"Sitio web de noticias de la localidad de Tornquist, provincia de Buenos Aires, Rep\u00fablica Argentina. Contenido propio originado por periodistas de CELTTV, el canal de TV local de la Cooperativa El\u00e9ctrica de Tornquist. Turismo, Pol\u00edtica, Sociedad, Deporte, Cultura y todo el contenido de inter\u00e9s general que la gente del pueblo y la regi\u00f3n debe conocer.","breadcrumb":{"@id":"https:\/\/www.celttv.com.ar\/index.php\/2018\/12\/06\/informe-de-la-ultima-sesion-ordinaria-del-hcd-3\/#breadcrumb"},"inLanguage":"es","potentialAction":[{"@type":"ReadAction","target":["https:\/\/www.celttv.com.ar\/index.php\/2018\/12\/06\/informe-de-la-ultima-sesion-ordinaria-del-hcd-3\/"]}]},{"@type":"BreadcrumbList","@id":"https:\/\/www.celttv.com.ar\/index.php\/2018\/12\/06\/informe-de-la-ultima-sesion-ordinaria-del-hcd-3\/#breadcrumb","itemListElement":[{"@type":"ListItem","position":1,"name":"Inicio","item":"https:\/\/www.celttv.com.ar\/"},{"@type":"ListItem","position":2,"name":"Informe de la \u00faltima sesi\u00f3n ordinaria del HCD"}]},{"@type":"WebSite","@id":"https:\/\/www.celttv.com.ar\/#website","url":"https:\/\/www.celttv.com.ar\/","name":"CELTTV","description":"Cooperativa El\u00e9ctrica de Tornquist","publisher":{"@id":"https:\/\/www.celttv.com.ar\/#organization"},"potentialAction":[{"@type":"SearchAction","target":{"@type":"EntryPoint","urlTemplate":"https:\/\/www.celttv.com.ar\/?s={search_term_string}"},"query-input":"required name=search_term_string"}],"inLanguage":"es"},{"@type":"Organization","@id":"https:\/\/www.celttv.com.ar\/#organization","name":"CELTTV","url":"https:\/\/www.celttv.com.ar\/","sameAs":["https:\/\/www.youtube.com\/channel\/UCz_oIt8Hig64Ub-EmcNPIhg","https:\/\/www.facebook.com\/celtTV\/"],"logo":{"@type":"ImageObject","inLanguage":"es","@id":"https:\/\/www.celttv.com.ar\/#\/schema\/logo\/image\/","url":"http:\/\/www.celttv.com.ar\/wp-content\/uploads\/2022\/08\/logo-1.png","contentUrl":"http:\/\/www.celttv.com.ar\/wp-content\/uploads\/2022\/08\/logo-1.png","width":461,"height":159,"caption":"CELTTV"},"image":{"@id":"https:\/\/www.celttv.com.ar\/#\/schema\/logo\/image\/"}},{"@type":"Person","@id":"https:\/\/www.celttv.com.ar\/#\/schema\/person\/6d99c072dba59953809c81446e9d0ace","name":"ulises","image":{"@type":"ImageObject","inLanguage":"es","@id":"https:\/\/www.celttv.com.ar\/#\/schema\/person\/image\/","url":"https:\/\/secure.gravatar.com\/avatar\/7f2c48bdc33b30088f941fb6082e555f2874c98e20cb159d7b92b50eadfce793?s=96&d=mm&r=g","contentUrl":"https:\/\/secure.gravatar.com\/avatar\/7f2c48bdc33b30088f941fb6082e555f2874c98e20cb159d7b92b50eadfce793?s=96&d=mm&r=g","caption":"ulises"},"sameAs":["http:\/\/www.celttv.com.ar"]}]}},"_links":{"self":[{"href":"https:\/\/www.celttv.com.ar\/index.php\/wp-json\/wp\/v2\/posts\/38954","targetHints":{"allow":["GET"]}}],"collection":[{"href":"https:\/\/www.celttv.com.ar\/index.php\/wp-json\/wp\/v2\/posts"}],"about":[{"href":"https:\/\/www.celttv.com.ar\/index.php\/wp-json\/wp\/v2\/types\/post"}],"author":[{"embeddable":true,"href":"https:\/\/www.celttv.com.ar\/index.php\/wp-json\/wp\/v2\/users\/1"}],"replies":[{"embeddable":true,"href":"https:\/\/www.celttv.com.ar\/index.php\/wp-json\/wp\/v2\/comments?post=38954"}],"version-history":[{"count":0,"href":"https:\/\/www.celttv.com.ar\/index.php\/wp-json\/wp\/v2\/posts\/38954\/revisions"}],"wp:featuredmedia":[{"embeddable":true,"href":"https:\/\/www.celttv.com.ar\/index.php\/wp-json\/wp\/v2\/media\/38956"}],"wp:attachment":[{"href":"https:\/\/www.celttv.com.ar\/index.php\/wp-json\/wp\/v2\/media?parent=38954"}],"wp:term":[{"taxonomy":"category","embeddable":true,"href":"https:\/\/www.celttv.com.ar\/index.php\/wp-json\/wp\/v2\/categories?post=38954"},{"taxonomy":"post_tag","embeddable":true,"href":"https:\/\/www.celttv.com.ar\/index.php\/wp-json\/wp\/v2\/tags?post=38954"}],"curies":[{"name":"wp","href":"https:\/\/api.w.org\/{rel}","templated":true}]}}