{"id":38979,"date":"2018-12-09T00:24:51","date_gmt":"2018-12-09T00:24:51","guid":{"rendered":"http:\/\/www.celttv.com.ar\/?p=38979"},"modified":"2018-12-09T00:24:51","modified_gmt":"2018-12-09T00:24:51","slug":"union-t-gano-sus-compromisos-en-primera-y-reserva-con-carlos-graff-en-el-banco-de-suplentes","status":"publish","type":"post","link":"https:\/\/www.celttv.com.ar\/index.php\/2018\/12\/09\/union-t-gano-sus-compromisos-en-primera-y-reserva-con-carlos-graff-en-el-banco-de-suplentes\/","title":{"rendered":"UNI\u00d3N (T) GAN\u00d3 SUS COMPROMISOS EN PRIMERA Y RESERVA CON CARLOS GRAFF EN EL BANCO DE SUPLENTES, MIENTRAS AUTOMOTO QUED\u00d3 ELIMINADO"},"content":{"rendered":"<p>&nbsp;<br \/>\n<strong>F\u00daTBOL REGIONAL \/ PRIMERA DIVISI\u00d3N.<\/strong> Uni\u00f3n de Tornquist super\u00f3 1 a 0 a Boca Juniors, gol de Ezequiel Schmidt, y se clasific\u00f3 para disputar el partido definitorio de los cruces complementarios del torneo Clausura.<br \/>\nSan Mart\u00edn de Carhu\u00e9 venci\u00f3 2 a 0 a Automoto, con goles de Renato Casas y Franco Belleggia, y sac\u00f3 boleto para jugar con Uni\u00f3n de Tornquist la final de los cruces complementarios del torneo Clausura de Primera divisi\u00f3n, que determinar\u00e1n un nuevo semifinalista anual y rival de Boca Juniors en dicha instancia. Cabe recordar que Racing se instal\u00f3 en forma directa en la final por el t\u00edtulo 2018.<br \/>\n<strong>F\u00daTBOL REGIONAL \/ SEMIFINALES DE RESERVA<\/strong>. Atl\u00e9tico Huanguel\u00e9n derrot\u00f3 3 a 2 a San Mart\u00edn de Carhu\u00e9 y se clasific\u00f3 para jugar la final del torneo Apertura frente a Blanco y Negro, quien el domingo pasado elimin\u00f3 a Racing de Carhu\u00e9 por penales.<br \/>\nPor otro lado, luego de empatar 1 a 1 el partido Uni\u00f3n de Tornquist venci\u00f3 6 a 5 por penales a Club Sarmiento y espera para jugar la final del Clausura con el ganador de la otra semifinal que deben jugar San Mart\u00edn de Carhu\u00e9 y San Mart\u00edn de Santa Trinidad.<br \/>\nFUENTE: CLAUDIO MEIER<br \/>\n<a href=\"http:\/\/www.celttv.com.ar\/?attachment_id=38980\" rel=\"attachment wp-att-38980\"><img loading=\"lazy\" decoding=\"async\" class=\"alignleft size-medium wp-image-38980\" src=\"http:\/\/www.celttv.com.ar\/wp-content\/uploads\/2018\/12\/20181208_164701-780x439.jpg\" alt=\"\" width=\"780\" height=\"439\" \/><\/a><\/p>\n","protected":false},"excerpt":{"rendered":"<p>&nbsp; F\u00daTBOL REGIONAL \/ PRIMERA DIVISI\u00d3N. Uni\u00f3n de Tornquist super\u00f3 1 a 0 a Boca Juniors, gol de Ezequiel Schmidt, y se clasific\u00f3 para disputar el partido definitorio de los cruces complementarios del torneo Clausura. San Mart\u00edn de Carhu\u00e9 venci\u00f3 2 a 0 a Automoto, con goles de Renato Casas y Franco Belleggia, y sac\u00f3 [&hellip;]<\/p>\n","protected":false},"author":1,"featured_media":38981,"comment_status":"closed","ping_status":"open","sticky":false,"template":"","format":"standard","meta":{"footnotes":""},"categories":[55,60,52,63],"tags":[],"class_list":["post-38979","post","type-post","status-publish","format-standard","has-post-thumbnail","hentry","category-celt-tv-noticias","category-deporte","category-destacadas","category-magazine-sport"],"yoast_head":"<!-- This site is optimized with the Yoast SEO plugin v19.7.1 - https:\/\/yoast.com\/wordpress\/plugins\/seo\/ -->\n<title>UNI\u00d3N (T) GAN\u00d3 SUS COMPROMISOS EN PRIMERA Y RESERVA CON CARLOS GRAFF EN EL BANCO DE SUPLENTES, MIENTRAS AUTOMOTO QUED\u00d3 ELIMINADO - CELTTV<\/title>\n<meta name=\"description\" content=\"Sitio web de noticias de la localidad de Tornquist, provincia de Buenos Aires, Rep\u00fablica Argentina. Contenido propio originado por periodistas de CELTTV, el canal de TV local de la Cooperativa El\u00e9ctrica de Tornquist. Turismo, Pol\u00edtica, Sociedad, Deporte, Cultura y todo el contenido de inter\u00e9s general que la gente del pueblo y la regi\u00f3n debe conocer.\" \/>\n<meta name=\"robots\" content=\"index, follow, max-snippet:-1, max-image-preview:large, max-video-preview:-1\" \/>\n<link rel=\"canonical\" href=\"https:\/\/www.celttv.com.ar\/index.php\/2018\/12\/09\/union-t-gano-sus-compromisos-en-primera-y-reserva-con-carlos-graff-en-el-banco-de-suplentes\/\" \/>\n<meta property=\"og:locale\" content=\"es_ES\" \/>\n<meta property=\"og:type\" content=\"article\" \/>\n<meta property=\"og:title\" content=\"UNI\u00d3N (T) GAN\u00d3 SUS COMPROMISOS EN PRIMERA Y RESERVA CON CARLOS GRAFF EN EL BANCO DE SUPLENTES, MIENTRAS AUTOMOTO QUED\u00d3 ELIMINADO - CELTTV\" \/>\n<meta property=\"og:description\" content=\"Sitio web de noticias de la localidad de Tornquist, provincia de Buenos Aires, Rep\u00fablica Argentina. Contenido propio originado por periodistas de CELTTV, el canal de TV local de la Cooperativa El\u00e9ctrica de Tornquist. Turismo, Pol\u00edtica, Sociedad, Deporte, Cultura y todo el contenido de inter\u00e9s general que la gente del pueblo y la regi\u00f3n debe conocer.\" \/>\n<meta property=\"og:url\" content=\"https:\/\/www.celttv.com.ar\/index.php\/2018\/12\/09\/union-t-gano-sus-compromisos-en-primera-y-reserva-con-carlos-graff-en-el-banco-de-suplentes\/\" \/>\n<meta property=\"og:site_name\" content=\"CELTTV\" \/>\n<meta property=\"article:publisher\" content=\"https:\/\/www.facebook.com\/celtTV\/\" \/>\n<meta property=\"article:published_time\" content=\"2018-12-09T00:24:51+00:00\" \/>\n<meta property=\"og:image\" content=\"https:\/\/www.celttv.com.ar\/wp-content\/uploads\/2018\/12\/20181208_165649.jpg\" \/>\n\t<meta property=\"og:image:width\" content=\"1959\" \/>\n\t<meta property=\"og:image:height\" content=\"1102\" \/>\n\t<meta property=\"og:image:type\" content=\"image\/jpeg\" \/>\n<meta name=\"author\" content=\"ulises\" \/>\n<meta name=\"twitter:card\" content=\"summary_large_image\" \/>\n<meta name=\"twitter:label1\" content=\"Escrito por\" \/>\n\t<meta name=\"twitter:data1\" content=\"ulises\" \/>\n\t<meta name=\"twitter:label2\" content=\"Tiempo de lectura\" \/>\n\t<meta name=\"twitter:data2\" content=\"1 minuto\" \/>\n<script type=\"application\/ld+json\" class=\"yoast-schema-graph\">{\"@context\":\"https:\/\/schema.org\",\"@graph\":[{\"@type\":\"NewsArticle\",\"@id\":\"https:\/\/www.celttv.com.ar\/index.php\/2018\/12\/09\/union-t-gano-sus-compromisos-en-primera-y-reserva-con-carlos-graff-en-el-banco-de-suplentes\/#article\",\"isPartOf\":{\"@id\":\"https:\/\/www.celttv.com.ar\/index.php\/2018\/12\/09\/union-t-gano-sus-compromisos-en-primera-y-reserva-con-carlos-graff-en-el-banco-de-suplentes\/\"},\"author\":{\"name\":\"ulises\",\"@id\":\"https:\/\/www.celttv.com.ar\/#\/schema\/person\/6d99c072dba59953809c81446e9d0ace\"},\"headline\":\"UNI\u00d3N (T) GAN\u00d3 SUS COMPROMISOS EN PRIMERA Y RESERVA CON CARLOS GRAFF EN EL BANCO DE SUPLENTES, MIENTRAS AUTOMOTO QUED\u00d3 ELIMINADO\",\"datePublished\":\"2018-12-09T00:24:51+00:00\",\"dateModified\":\"2018-12-09T00:24:51+00:00\",\"mainEntityOfPage\":{\"@id\":\"https:\/\/www.celttv.com.ar\/index.php\/2018\/12\/09\/union-t-gano-sus-compromisos-en-primera-y-reserva-con-carlos-graff-en-el-banco-de-suplentes\/\"},\"wordCount\":225,\"publisher\":{\"@id\":\"https:\/\/www.celttv.com.ar\/#organization\"},\"articleSection\":[\"Celt TV Noticias\",\"Deporte\",\"Destacadas\",\"Magazine Sport\"],\"inLanguage\":\"es\"},{\"@type\":\"WebPage\",\"@id\":\"https:\/\/www.celttv.com.ar\/index.php\/2018\/12\/09\/union-t-gano-sus-compromisos-en-primera-y-reserva-con-carlos-graff-en-el-banco-de-suplentes\/\",\"url\":\"https:\/\/www.celttv.com.ar\/index.php\/2018\/12\/09\/union-t-gano-sus-compromisos-en-primera-y-reserva-con-carlos-graff-en-el-banco-de-suplentes\/\",\"name\":\"UNI\u00d3N (T) GAN\u00d3 SUS COMPROMISOS EN PRIMERA Y RESERVA CON CARLOS GRAFF EN EL BANCO DE SUPLENTES, MIENTRAS AUTOMOTO QUED\u00d3 ELIMINADO - CELTTV\",\"isPartOf\":{\"@id\":\"https:\/\/www.celttv.com.ar\/#website\"},\"datePublished\":\"2018-12-09T00:24:51+00:00\",\"dateModified\":\"2018-12-09T00:24:51+00:00\",\"description\":\"Sitio web de noticias de la localidad de Tornquist, provincia de Buenos Aires, Rep\u00fablica Argentina. Contenido propio originado por periodistas de CELTTV, el canal de TV local de la Cooperativa El\u00e9ctrica de Tornquist. Turismo, Pol\u00edtica, Sociedad, Deporte, Cultura y todo el contenido de inter\u00e9s general que la gente del pueblo y la regi\u00f3n debe conocer.\",\"breadcrumb\":{\"@id\":\"https:\/\/www.celttv.com.ar\/index.php\/2018\/12\/09\/union-t-gano-sus-compromisos-en-primera-y-reserva-con-carlos-graff-en-el-banco-de-suplentes\/#breadcrumb\"},\"inLanguage\":\"es\",\"potentialAction\":[{\"@type\":\"ReadAction\",\"target\":[\"https:\/\/www.celttv.com.ar\/index.php\/2018\/12\/09\/union-t-gano-sus-compromisos-en-primera-y-reserva-con-carlos-graff-en-el-banco-de-suplentes\/\"]}]},{\"@type\":\"BreadcrumbList\",\"@id\":\"https:\/\/www.celttv.com.ar\/index.php\/2018\/12\/09\/union-t-gano-sus-compromisos-en-primera-y-reserva-con-carlos-graff-en-el-banco-de-suplentes\/#breadcrumb\",\"itemListElement\":[{\"@type\":\"ListItem\",\"position\":1,\"name\":\"Inicio\",\"item\":\"https:\/\/www.celttv.com.ar\/\"},{\"@type\":\"ListItem\",\"position\":2,\"name\":\"UNI\u00d3N (T) GAN\u00d3 SUS COMPROMISOS EN PRIMERA Y RESERVA CON CARLOS GRAFF EN EL BANCO DE SUPLENTES, MIENTRAS AUTOMOTO QUED\u00d3 ELIMINADO\"}]},{\"@type\":\"WebSite\",\"@id\":\"https:\/\/www.celttv.com.ar\/#website\",\"url\":\"https:\/\/www.celttv.com.ar\/\",\"name\":\"CELTTV\",\"description\":\"Cooperativa El\u00e9ctrica de Tornquist\",\"publisher\":{\"@id\":\"https:\/\/www.celttv.com.ar\/#organization\"},\"potentialAction\":[{\"@type\":\"SearchAction\",\"target\":{\"@type\":\"EntryPoint\",\"urlTemplate\":\"https:\/\/www.celttv.com.ar\/?s={search_term_string}\"},\"query-input\":\"required name=search_term_string\"}],\"inLanguage\":\"es\"},{\"@type\":\"Organization\",\"@id\":\"https:\/\/www.celttv.com.ar\/#organization\",\"name\":\"CELTTV\",\"url\":\"https:\/\/www.celttv.com.ar\/\",\"sameAs\":[\"https:\/\/www.youtube.com\/channel\/UCz_oIt8Hig64Ub-EmcNPIhg\",\"https:\/\/www.facebook.com\/celtTV\/\"],\"logo\":{\"@type\":\"ImageObject\",\"inLanguage\":\"es\",\"@id\":\"https:\/\/www.celttv.com.ar\/#\/schema\/logo\/image\/\",\"url\":\"http:\/\/www.celttv.com.ar\/wp-content\/uploads\/2022\/08\/logo-1.png\",\"contentUrl\":\"http:\/\/www.celttv.com.ar\/wp-content\/uploads\/2022\/08\/logo-1.png\",\"width\":461,\"height\":159,\"caption\":\"CELTTV\"},\"image\":{\"@id\":\"https:\/\/www.celttv.com.ar\/#\/schema\/logo\/image\/\"}},{\"@type\":\"Person\",\"@id\":\"https:\/\/www.celttv.com.ar\/#\/schema\/person\/6d99c072dba59953809c81446e9d0ace\",\"name\":\"ulises\",\"image\":{\"@type\":\"ImageObject\",\"inLanguage\":\"es\",\"@id\":\"https:\/\/www.celttv.com.ar\/#\/schema\/person\/image\/\",\"url\":\"https:\/\/secure.gravatar.com\/avatar\/7f2c48bdc33b30088f941fb6082e555f2874c98e20cb159d7b92b50eadfce793?s=96&d=mm&r=g\",\"contentUrl\":\"https:\/\/secure.gravatar.com\/avatar\/7f2c48bdc33b30088f941fb6082e555f2874c98e20cb159d7b92b50eadfce793?s=96&d=mm&r=g\",\"caption\":\"ulises\"},\"sameAs\":[\"http:\/\/www.celttv.com.ar\"]}]}<\/script>\n<!-- \/ Yoast SEO plugin. -->","yoast_head_json":{"title":"UNI\u00d3N (T) GAN\u00d3 SUS COMPROMISOS EN PRIMERA Y RESERVA CON CARLOS GRAFF EN EL BANCO DE SUPLENTES, MIENTRAS AUTOMOTO QUED\u00d3 ELIMINADO - CELTTV","description":"Sitio web de noticias de la localidad de Tornquist, provincia de Buenos Aires, Rep\u00fablica Argentina. Contenido propio originado por periodistas de CELTTV, el canal de TV local de la Cooperativa El\u00e9ctrica de Tornquist. Turismo, Pol\u00edtica, Sociedad, Deporte, Cultura y todo el contenido de inter\u00e9s general que la gente del pueblo y la regi\u00f3n debe conocer.","robots":{"index":"index","follow":"follow","max-snippet":"max-snippet:-1","max-image-preview":"max-image-preview:large","max-video-preview":"max-video-preview:-1"},"canonical":"https:\/\/www.celttv.com.ar\/index.php\/2018\/12\/09\/union-t-gano-sus-compromisos-en-primera-y-reserva-con-carlos-graff-en-el-banco-de-suplentes\/","og_locale":"es_ES","og_type":"article","og_title":"UNI\u00d3N (T) GAN\u00d3 SUS COMPROMISOS EN PRIMERA Y RESERVA CON CARLOS GRAFF EN EL BANCO DE SUPLENTES, MIENTRAS AUTOMOTO QUED\u00d3 ELIMINADO - CELTTV","og_description":"Sitio web de noticias de la localidad de Tornquist, provincia de Buenos Aires, Rep\u00fablica Argentina. Contenido propio originado por periodistas de CELTTV, el canal de TV local de la Cooperativa El\u00e9ctrica de Tornquist. Turismo, Pol\u00edtica, Sociedad, Deporte, Cultura y todo el contenido de inter\u00e9s general que la gente del pueblo y la regi\u00f3n debe conocer.","og_url":"https:\/\/www.celttv.com.ar\/index.php\/2018\/12\/09\/union-t-gano-sus-compromisos-en-primera-y-reserva-con-carlos-graff-en-el-banco-de-suplentes\/","og_site_name":"CELTTV","article_publisher":"https:\/\/www.facebook.com\/celtTV\/","article_published_time":"2018-12-09T00:24:51+00:00","og_image":[{"width":1959,"height":1102,"url":"https:\/\/www.celttv.com.ar\/wp-content\/uploads\/2018\/12\/20181208_165649.jpg","type":"image\/jpeg"}],"author":"ulises","twitter_card":"summary_large_image","twitter_misc":{"Escrito por":"ulises","Tiempo de lectura":"1 minuto"},"schema":{"@context":"https:\/\/schema.org","@graph":[{"@type":"NewsArticle","@id":"https:\/\/www.celttv.com.ar\/index.php\/2018\/12\/09\/union-t-gano-sus-compromisos-en-primera-y-reserva-con-carlos-graff-en-el-banco-de-suplentes\/#article","isPartOf":{"@id":"https:\/\/www.celttv.com.ar\/index.php\/2018\/12\/09\/union-t-gano-sus-compromisos-en-primera-y-reserva-con-carlos-graff-en-el-banco-de-suplentes\/"},"author":{"name":"ulises","@id":"https:\/\/www.celttv.com.ar\/#\/schema\/person\/6d99c072dba59953809c81446e9d0ace"},"headline":"UNI\u00d3N (T) GAN\u00d3 SUS COMPROMISOS EN PRIMERA Y RESERVA CON CARLOS GRAFF EN EL BANCO DE SUPLENTES, MIENTRAS AUTOMOTO QUED\u00d3 ELIMINADO","datePublished":"2018-12-09T00:24:51+00:00","dateModified":"2018-12-09T00:24:51+00:00","mainEntityOfPage":{"@id":"https:\/\/www.celttv.com.ar\/index.php\/2018\/12\/09\/union-t-gano-sus-compromisos-en-primera-y-reserva-con-carlos-graff-en-el-banco-de-suplentes\/"},"wordCount":225,"publisher":{"@id":"https:\/\/www.celttv.com.ar\/#organization"},"articleSection":["Celt TV Noticias","Deporte","Destacadas","Magazine Sport"],"inLanguage":"es"},{"@type":"WebPage","@id":"https:\/\/www.celttv.com.ar\/index.php\/2018\/12\/09\/union-t-gano-sus-compromisos-en-primera-y-reserva-con-carlos-graff-en-el-banco-de-suplentes\/","url":"https:\/\/www.celttv.com.ar\/index.php\/2018\/12\/09\/union-t-gano-sus-compromisos-en-primera-y-reserva-con-carlos-graff-en-el-banco-de-suplentes\/","name":"UNI\u00d3N (T) GAN\u00d3 SUS COMPROMISOS EN PRIMERA Y RESERVA CON CARLOS GRAFF EN EL BANCO DE SUPLENTES, MIENTRAS AUTOMOTO QUED\u00d3 ELIMINADO - CELTTV","isPartOf":{"@id":"https:\/\/www.celttv.com.ar\/#website"},"datePublished":"2018-12-09T00:24:51+00:00","dateModified":"2018-12-09T00:24:51+00:00","description":"Sitio web de noticias de la localidad de Tornquist, provincia de Buenos Aires, Rep\u00fablica Argentina. Contenido propio originado por periodistas de CELTTV, el canal de TV local de la Cooperativa El\u00e9ctrica de Tornquist. Turismo, Pol\u00edtica, Sociedad, Deporte, Cultura y todo el contenido de inter\u00e9s general que la gente del pueblo y la regi\u00f3n debe conocer.","breadcrumb":{"@id":"https:\/\/www.celttv.com.ar\/index.php\/2018\/12\/09\/union-t-gano-sus-compromisos-en-primera-y-reserva-con-carlos-graff-en-el-banco-de-suplentes\/#breadcrumb"},"inLanguage":"es","potentialAction":[{"@type":"ReadAction","target":["https:\/\/www.celttv.com.ar\/index.php\/2018\/12\/09\/union-t-gano-sus-compromisos-en-primera-y-reserva-con-carlos-graff-en-el-banco-de-suplentes\/"]}]},{"@type":"BreadcrumbList","@id":"https:\/\/www.celttv.com.ar\/index.php\/2018\/12\/09\/union-t-gano-sus-compromisos-en-primera-y-reserva-con-carlos-graff-en-el-banco-de-suplentes\/#breadcrumb","itemListElement":[{"@type":"ListItem","position":1,"name":"Inicio","item":"https:\/\/www.celttv.com.ar\/"},{"@type":"ListItem","position":2,"name":"UNI\u00d3N (T) GAN\u00d3 SUS COMPROMISOS EN PRIMERA Y RESERVA CON CARLOS GRAFF EN EL BANCO DE SUPLENTES, MIENTRAS AUTOMOTO QUED\u00d3 ELIMINADO"}]},{"@type":"WebSite","@id":"https:\/\/www.celttv.com.ar\/#website","url":"https:\/\/www.celttv.com.ar\/","name":"CELTTV","description":"Cooperativa El\u00e9ctrica de Tornquist","publisher":{"@id":"https:\/\/www.celttv.com.ar\/#organization"},"potentialAction":[{"@type":"SearchAction","target":{"@type":"EntryPoint","urlTemplate":"https:\/\/www.celttv.com.ar\/?s={search_term_string}"},"query-input":"required name=search_term_string"}],"inLanguage":"es"},{"@type":"Organization","@id":"https:\/\/www.celttv.com.ar\/#organization","name":"CELTTV","url":"https:\/\/www.celttv.com.ar\/","sameAs":["https:\/\/www.youtube.com\/channel\/UCz_oIt8Hig64Ub-EmcNPIhg","https:\/\/www.facebook.com\/celtTV\/"],"logo":{"@type":"ImageObject","inLanguage":"es","@id":"https:\/\/www.celttv.com.ar\/#\/schema\/logo\/image\/","url":"http:\/\/www.celttv.com.ar\/wp-content\/uploads\/2022\/08\/logo-1.png","contentUrl":"http:\/\/www.celttv.com.ar\/wp-content\/uploads\/2022\/08\/logo-1.png","width":461,"height":159,"caption":"CELTTV"},"image":{"@id":"https:\/\/www.celttv.com.ar\/#\/schema\/logo\/image\/"}},{"@type":"Person","@id":"https:\/\/www.celttv.com.ar\/#\/schema\/person\/6d99c072dba59953809c81446e9d0ace","name":"ulises","image":{"@type":"ImageObject","inLanguage":"es","@id":"https:\/\/www.celttv.com.ar\/#\/schema\/person\/image\/","url":"https:\/\/secure.gravatar.com\/avatar\/7f2c48bdc33b30088f941fb6082e555f2874c98e20cb159d7b92b50eadfce793?s=96&d=mm&r=g","contentUrl":"https:\/\/secure.gravatar.com\/avatar\/7f2c48bdc33b30088f941fb6082e555f2874c98e20cb159d7b92b50eadfce793?s=96&d=mm&r=g","caption":"ulises"},"sameAs":["http:\/\/www.celttv.com.ar"]}]}},"_links":{"self":[{"href":"https:\/\/www.celttv.com.ar\/index.php\/wp-json\/wp\/v2\/posts\/38979","targetHints":{"allow":["GET"]}}],"collection":[{"href":"https:\/\/www.celttv.com.ar\/index.php\/wp-json\/wp\/v2\/posts"}],"about":[{"href":"https:\/\/www.celttv.com.ar\/index.php\/wp-json\/wp\/v2\/types\/post"}],"author":[{"embeddable":true,"href":"https:\/\/www.celttv.com.ar\/index.php\/wp-json\/wp\/v2\/users\/1"}],"replies":[{"embeddable":true,"href":"https:\/\/www.celttv.com.ar\/index.php\/wp-json\/wp\/v2\/comments?post=38979"}],"version-history":[{"count":0,"href":"https:\/\/www.celttv.com.ar\/index.php\/wp-json\/wp\/v2\/posts\/38979\/revisions"}],"wp:featuredmedia":[{"embeddable":true,"href":"https:\/\/www.celttv.com.ar\/index.php\/wp-json\/wp\/v2\/media\/38981"}],"wp:attachment":[{"href":"https:\/\/www.celttv.com.ar\/index.php\/wp-json\/wp\/v2\/media?parent=38979"}],"wp:term":[{"taxonomy":"category","embeddable":true,"href":"https:\/\/www.celttv.com.ar\/index.php\/wp-json\/wp\/v2\/categories?post=38979"},{"taxonomy":"post_tag","embeddable":true,"href":"https:\/\/www.celttv.com.ar\/index.php\/wp-json\/wp\/v2\/tags?post=38979"}],"curies":[{"name":"wp","href":"https:\/\/api.w.org\/{rel}","templated":true}]}}