{"id":38989,"date":"2018-12-10T14:07:26","date_gmt":"2018-12-10T14:07:26","guid":{"rendered":"http:\/\/www.celttv.com.ar\/?p=38989"},"modified":"2018-12-10T14:07:26","modified_gmt":"2018-12-10T14:07:26","slug":"se-realizara-el-1-festival-de-gastronomicos-de-la-comarca-2","status":"publish","type":"post","link":"https:\/\/www.celttv.com.ar\/index.php\/2018\/12\/10\/se-realizara-el-1-festival-de-gastronomicos-de-la-comarca-2\/","title":{"rendered":"Se realizar\u00e1 el 1\u00b0 Festival de Gastron\u00f3micos de la Comarca"},"content":{"rendered":"<p>Desde la Secretar\u00eda de Turismo del Municipio de Tornquist se invita a productores artesanales, m\u00fasicos, artesanos y manualistas del distrito, participar del <strong>1\u00b0 Festival de Gastron\u00f3mico de la Comarca<\/strong>, que se llevar\u00e1 a cabo los d\u00edas 15 y 16 de diciembre en el predio del Centro Cultural de Sierra de la Ventana.\u00a0 El prop\u00f3sito del mismo, es revalorizar las ra\u00edces, la identidad y la historia, enfatizando la rica producci\u00f3n artesanal de nuestra Comarca.<br \/>\nEste festival se presenta como un espacio para que productores puedan participar de capacitaciones, ya que se contar\u00e1 con la presencia del aula taller m\u00f3vil gastron\u00f3mico del Ministerio de Educaci\u00f3n de la Naci\u00f3n, donde se dictar\u00e1n las mismas y se realizar\u00e1n cocinas en vivo a cargo de destacados Chefs. Adem\u00e1s se presentar\u00e1 como lugar para conversar con empresarios del sector; realizar transacciones comerciales e iniciar acciones vinculantes que desemboquen en la venta de sus productos.<br \/>\nLos interesados podr\u00e1n inscribirse en el horario de 8 a 15hs a trav\u00e9s de diferentes v\u00edas:<br \/>\n<strong>Artesanos y Manualistas comunicarse al: <\/strong><br \/>\nTel: 0291154615463<br \/>\nEmail: centroculturalsierramail.com<br \/>\nContacto: Ver\u00f3nica Moscattelli.<br \/>\n<strong>M\u00fasicos comunicarse: <\/strong><br \/>\nTel 0291154736148<br \/>\nEmail: centroculturalsierramail.com<br \/>\nContacto: Mara Oscares<br \/>\n&nbsp;<br \/>\n<strong>Productores Gastron\u00f3micos <\/strong><br \/>\nTel 0291156483604<br \/>\nEmail: asistenciaturismotornquistmail.com<br \/>\nContacto: Georgina Si\u00e9benhar<br \/>\nEs importante destacar que se cuentan con cupos limitados.<br \/>\n<a href=\"http:\/\/www.celttv.com.ar\/?attachment_id=38991\" rel=\"attachment wp-att-38991\"><img loading=\"lazy\" decoding=\"async\" class=\"alignleft size-medium wp-image-38991\" src=\"http:\/\/www.celttv.com.ar\/wp-content\/uploads\/2018\/12\/WhatsApp-Image-2018-12-07-at-15.08.22-780x780.jpeg\" alt=\"\" width=\"780\" height=\"780\" \/><\/a><br \/>\n<strong>\u00a0<\/strong><br \/>\n&nbsp;<br \/>\n&nbsp;<\/p>\n","protected":false},"excerpt":{"rendered":"<p>Desde la Secretar\u00eda de Turismo del Municipio de Tornquist se invita a productores artesanales, m\u00fasicos, artesanos y manualistas del distrito, participar del 1\u00b0 Festival de Gastron\u00f3mico de la Comarca, que se llevar\u00e1 a cabo los d\u00edas 15 y 16 de diciembre en el predio del Centro Cultural de Sierra de la Ventana.\u00a0 El prop\u00f3sito del [&hellip;]<\/p>\n","protected":false},"author":1,"featured_media":38990,"comment_status":"closed","ping_status":"open","sticky":false,"template":"","format":"standard","meta":{"footnotes":""},"categories":[55,51,52,58],"tags":[],"class_list":["post-38989","post","type-post","status-publish","format-standard","has-post-thumbnail","hentry","category-celt-tv-noticias","category-comunidad","category-destacadas","category-turismo"],"yoast_head":"<!-- This site is optimized with the Yoast SEO plugin v19.7.1 - https:\/\/yoast.com\/wordpress\/plugins\/seo\/ -->\n<title>Se realizar\u00e1 el 1\u00b0 Festival de Gastron\u00f3micos de la Comarca - CELTTV<\/title>\n<meta name=\"description\" content=\"Sitio web de noticias de la localidad de Tornquist, provincia de Buenos Aires, Rep\u00fablica Argentina. Contenido propio originado por periodistas de CELTTV, el canal de TV local de la Cooperativa El\u00e9ctrica de Tornquist. Turismo, Pol\u00edtica, Sociedad, Deporte, Cultura y todo el contenido de inter\u00e9s general que la gente del pueblo y la regi\u00f3n debe conocer.\" \/>\n<meta name=\"robots\" content=\"index, follow, max-snippet:-1, max-image-preview:large, max-video-preview:-1\" \/>\n<link rel=\"canonical\" href=\"https:\/\/www.celttv.com.ar\/index.php\/2018\/12\/10\/se-realizara-el-1-festival-de-gastronomicos-de-la-comarca-2\/\" \/>\n<meta property=\"og:locale\" content=\"es_ES\" \/>\n<meta property=\"og:type\" content=\"article\" \/>\n<meta property=\"og:title\" content=\"Se realizar\u00e1 el 1\u00b0 Festival de Gastron\u00f3micos de la Comarca - CELTTV\" \/>\n<meta property=\"og:description\" content=\"Sitio web de noticias de la localidad de Tornquist, provincia de Buenos Aires, Rep\u00fablica Argentina. Contenido propio originado por periodistas de CELTTV, el canal de TV local de la Cooperativa El\u00e9ctrica de Tornquist. Turismo, Pol\u00edtica, Sociedad, Deporte, Cultura y todo el contenido de inter\u00e9s general que la gente del pueblo y la regi\u00f3n debe conocer.\" \/>\n<meta property=\"og:url\" content=\"https:\/\/www.celttv.com.ar\/index.php\/2018\/12\/10\/se-realizara-el-1-festival-de-gastronomicos-de-la-comarca-2\/\" \/>\n<meta property=\"og:site_name\" content=\"CELTTV\" \/>\n<meta property=\"article:publisher\" content=\"https:\/\/www.facebook.com\/celtTV\/\" \/>\n<meta property=\"article:published_time\" content=\"2018-12-10T14:07:26+00:00\" \/>\n<meta property=\"og:image\" content=\"https:\/\/www.celttv.com.ar\/wp-content\/uploads\/2018\/12\/logo-con-fondo-1.jpg\" \/>\n\t<meta property=\"og:image:width\" content=\"1094\" \/>\n\t<meta property=\"og:image:height\" content=\"729\" \/>\n\t<meta property=\"og:image:type\" content=\"image\/jpeg\" \/>\n<meta name=\"author\" content=\"ulises\" \/>\n<meta name=\"twitter:card\" content=\"summary_large_image\" \/>\n<meta name=\"twitter:label1\" content=\"Escrito por\" \/>\n\t<meta name=\"twitter:data1\" content=\"ulises\" \/>\n\t<meta name=\"twitter:label2\" content=\"Tiempo de lectura\" \/>\n\t<meta name=\"twitter:data2\" content=\"1 minuto\" \/>\n<script type=\"application\/ld+json\" class=\"yoast-schema-graph\">{\"@context\":\"https:\/\/schema.org\",\"@graph\":[{\"@type\":\"NewsArticle\",\"@id\":\"https:\/\/www.celttv.com.ar\/index.php\/2018\/12\/10\/se-realizara-el-1-festival-de-gastronomicos-de-la-comarca-2\/#article\",\"isPartOf\":{\"@id\":\"https:\/\/www.celttv.com.ar\/index.php\/2018\/12\/10\/se-realizara-el-1-festival-de-gastronomicos-de-la-comarca-2\/\"},\"author\":{\"name\":\"ulises\",\"@id\":\"https:\/\/www.celttv.com.ar\/#\/schema\/person\/6d99c072dba59953809c81446e9d0ace\"},\"headline\":\"Se realizar\u00e1 el 1\u00b0 Festival de Gastron\u00f3micos de la Comarca\",\"datePublished\":\"2018-12-10T14:07:26+00:00\",\"dateModified\":\"2018-12-10T14:07:26+00:00\",\"mainEntityOfPage\":{\"@id\":\"https:\/\/www.celttv.com.ar\/index.php\/2018\/12\/10\/se-realizara-el-1-festival-de-gastronomicos-de-la-comarca-2\/\"},\"wordCount\":233,\"publisher\":{\"@id\":\"https:\/\/www.celttv.com.ar\/#organization\"},\"articleSection\":[\"Celt TV Noticias\",\"Comunidad\",\"Destacadas\",\"Turismo\"],\"inLanguage\":\"es\"},{\"@type\":\"WebPage\",\"@id\":\"https:\/\/www.celttv.com.ar\/index.php\/2018\/12\/10\/se-realizara-el-1-festival-de-gastronomicos-de-la-comarca-2\/\",\"url\":\"https:\/\/www.celttv.com.ar\/index.php\/2018\/12\/10\/se-realizara-el-1-festival-de-gastronomicos-de-la-comarca-2\/\",\"name\":\"Se realizar\u00e1 el 1\u00b0 Festival de Gastron\u00f3micos de la Comarca - CELTTV\",\"isPartOf\":{\"@id\":\"https:\/\/www.celttv.com.ar\/#website\"},\"datePublished\":\"2018-12-10T14:07:26+00:00\",\"dateModified\":\"2018-12-10T14:07:26+00:00\",\"description\":\"Sitio web de noticias de la localidad de Tornquist, provincia de Buenos Aires, Rep\u00fablica Argentina. Contenido propio originado por periodistas de CELTTV, el canal de TV local de la Cooperativa El\u00e9ctrica de Tornquist. Turismo, Pol\u00edtica, Sociedad, Deporte, Cultura y todo el contenido de inter\u00e9s general que la gente del pueblo y la regi\u00f3n debe conocer.\",\"breadcrumb\":{\"@id\":\"https:\/\/www.celttv.com.ar\/index.php\/2018\/12\/10\/se-realizara-el-1-festival-de-gastronomicos-de-la-comarca-2\/#breadcrumb\"},\"inLanguage\":\"es\",\"potentialAction\":[{\"@type\":\"ReadAction\",\"target\":[\"https:\/\/www.celttv.com.ar\/index.php\/2018\/12\/10\/se-realizara-el-1-festival-de-gastronomicos-de-la-comarca-2\/\"]}]},{\"@type\":\"BreadcrumbList\",\"@id\":\"https:\/\/www.celttv.com.ar\/index.php\/2018\/12\/10\/se-realizara-el-1-festival-de-gastronomicos-de-la-comarca-2\/#breadcrumb\",\"itemListElement\":[{\"@type\":\"ListItem\",\"position\":1,\"name\":\"Inicio\",\"item\":\"https:\/\/www.celttv.com.ar\/\"},{\"@type\":\"ListItem\",\"position\":2,\"name\":\"Se realizar\u00e1 el 1\u00b0 Festival de Gastron\u00f3micos de la Comarca\"}]},{\"@type\":\"WebSite\",\"@id\":\"https:\/\/www.celttv.com.ar\/#website\",\"url\":\"https:\/\/www.celttv.com.ar\/\",\"name\":\"CELTTV\",\"description\":\"Cooperativa El\u00e9ctrica de Tornquist\",\"publisher\":{\"@id\":\"https:\/\/www.celttv.com.ar\/#organization\"},\"potentialAction\":[{\"@type\":\"SearchAction\",\"target\":{\"@type\":\"EntryPoint\",\"urlTemplate\":\"https:\/\/www.celttv.com.ar\/?s={search_term_string}\"},\"query-input\":\"required name=search_term_string\"}],\"inLanguage\":\"es\"},{\"@type\":\"Organization\",\"@id\":\"https:\/\/www.celttv.com.ar\/#organization\",\"name\":\"CELTTV\",\"url\":\"https:\/\/www.celttv.com.ar\/\",\"sameAs\":[\"https:\/\/www.youtube.com\/channel\/UCz_oIt8Hig64Ub-EmcNPIhg\",\"https:\/\/www.facebook.com\/celtTV\/\"],\"logo\":{\"@type\":\"ImageObject\",\"inLanguage\":\"es\",\"@id\":\"https:\/\/www.celttv.com.ar\/#\/schema\/logo\/image\/\",\"url\":\"http:\/\/www.celttv.com.ar\/wp-content\/uploads\/2022\/08\/logo-1.png\",\"contentUrl\":\"http:\/\/www.celttv.com.ar\/wp-content\/uploads\/2022\/08\/logo-1.png\",\"width\":461,\"height\":159,\"caption\":\"CELTTV\"},\"image\":{\"@id\":\"https:\/\/www.celttv.com.ar\/#\/schema\/logo\/image\/\"}},{\"@type\":\"Person\",\"@id\":\"https:\/\/www.celttv.com.ar\/#\/schema\/person\/6d99c072dba59953809c81446e9d0ace\",\"name\":\"ulises\",\"image\":{\"@type\":\"ImageObject\",\"inLanguage\":\"es\",\"@id\":\"https:\/\/www.celttv.com.ar\/#\/schema\/person\/image\/\",\"url\":\"https:\/\/secure.gravatar.com\/avatar\/7f2c48bdc33b30088f941fb6082e555f2874c98e20cb159d7b92b50eadfce793?s=96&d=mm&r=g\",\"contentUrl\":\"https:\/\/secure.gravatar.com\/avatar\/7f2c48bdc33b30088f941fb6082e555f2874c98e20cb159d7b92b50eadfce793?s=96&d=mm&r=g\",\"caption\":\"ulises\"},\"sameAs\":[\"http:\/\/www.celttv.com.ar\"]}]}<\/script>\n<!-- \/ Yoast SEO plugin. -->","yoast_head_json":{"title":"Se realizar\u00e1 el 1\u00b0 Festival de Gastron\u00f3micos de la Comarca - CELTTV","description":"Sitio web de noticias de la localidad de Tornquist, provincia de Buenos Aires, Rep\u00fablica Argentina. Contenido propio originado por periodistas de CELTTV, el canal de TV local de la Cooperativa El\u00e9ctrica de Tornquist. Turismo, Pol\u00edtica, Sociedad, Deporte, Cultura y todo el contenido de inter\u00e9s general que la gente del pueblo y la regi\u00f3n debe conocer.","robots":{"index":"index","follow":"follow","max-snippet":"max-snippet:-1","max-image-preview":"max-image-preview:large","max-video-preview":"max-video-preview:-1"},"canonical":"https:\/\/www.celttv.com.ar\/index.php\/2018\/12\/10\/se-realizara-el-1-festival-de-gastronomicos-de-la-comarca-2\/","og_locale":"es_ES","og_type":"article","og_title":"Se realizar\u00e1 el 1\u00b0 Festival de Gastron\u00f3micos de la Comarca - CELTTV","og_description":"Sitio web de noticias de la localidad de Tornquist, provincia de Buenos Aires, Rep\u00fablica Argentina. Contenido propio originado por periodistas de CELTTV, el canal de TV local de la Cooperativa El\u00e9ctrica de Tornquist. Turismo, Pol\u00edtica, Sociedad, Deporte, Cultura y todo el contenido de inter\u00e9s general que la gente del pueblo y la regi\u00f3n debe conocer.","og_url":"https:\/\/www.celttv.com.ar\/index.php\/2018\/12\/10\/se-realizara-el-1-festival-de-gastronomicos-de-la-comarca-2\/","og_site_name":"CELTTV","article_publisher":"https:\/\/www.facebook.com\/celtTV\/","article_published_time":"2018-12-10T14:07:26+00:00","og_image":[{"width":1094,"height":729,"url":"https:\/\/www.celttv.com.ar\/wp-content\/uploads\/2018\/12\/logo-con-fondo-1.jpg","type":"image\/jpeg"}],"author":"ulises","twitter_card":"summary_large_image","twitter_misc":{"Escrito por":"ulises","Tiempo de lectura":"1 minuto"},"schema":{"@context":"https:\/\/schema.org","@graph":[{"@type":"NewsArticle","@id":"https:\/\/www.celttv.com.ar\/index.php\/2018\/12\/10\/se-realizara-el-1-festival-de-gastronomicos-de-la-comarca-2\/#article","isPartOf":{"@id":"https:\/\/www.celttv.com.ar\/index.php\/2018\/12\/10\/se-realizara-el-1-festival-de-gastronomicos-de-la-comarca-2\/"},"author":{"name":"ulises","@id":"https:\/\/www.celttv.com.ar\/#\/schema\/person\/6d99c072dba59953809c81446e9d0ace"},"headline":"Se realizar\u00e1 el 1\u00b0 Festival de Gastron\u00f3micos de la Comarca","datePublished":"2018-12-10T14:07:26+00:00","dateModified":"2018-12-10T14:07:26+00:00","mainEntityOfPage":{"@id":"https:\/\/www.celttv.com.ar\/index.php\/2018\/12\/10\/se-realizara-el-1-festival-de-gastronomicos-de-la-comarca-2\/"},"wordCount":233,"publisher":{"@id":"https:\/\/www.celttv.com.ar\/#organization"},"articleSection":["Celt TV Noticias","Comunidad","Destacadas","Turismo"],"inLanguage":"es"},{"@type":"WebPage","@id":"https:\/\/www.celttv.com.ar\/index.php\/2018\/12\/10\/se-realizara-el-1-festival-de-gastronomicos-de-la-comarca-2\/","url":"https:\/\/www.celttv.com.ar\/index.php\/2018\/12\/10\/se-realizara-el-1-festival-de-gastronomicos-de-la-comarca-2\/","name":"Se realizar\u00e1 el 1\u00b0 Festival de Gastron\u00f3micos de la Comarca - CELTTV","isPartOf":{"@id":"https:\/\/www.celttv.com.ar\/#website"},"datePublished":"2018-12-10T14:07:26+00:00","dateModified":"2018-12-10T14:07:26+00:00","description":"Sitio web de noticias de la localidad de Tornquist, provincia de Buenos Aires, Rep\u00fablica Argentina. Contenido propio originado por periodistas de CELTTV, el canal de TV local de la Cooperativa El\u00e9ctrica de Tornquist. Turismo, Pol\u00edtica, Sociedad, Deporte, Cultura y todo el contenido de inter\u00e9s general que la gente del pueblo y la regi\u00f3n debe conocer.","breadcrumb":{"@id":"https:\/\/www.celttv.com.ar\/index.php\/2018\/12\/10\/se-realizara-el-1-festival-de-gastronomicos-de-la-comarca-2\/#breadcrumb"},"inLanguage":"es","potentialAction":[{"@type":"ReadAction","target":["https:\/\/www.celttv.com.ar\/index.php\/2018\/12\/10\/se-realizara-el-1-festival-de-gastronomicos-de-la-comarca-2\/"]}]},{"@type":"BreadcrumbList","@id":"https:\/\/www.celttv.com.ar\/index.php\/2018\/12\/10\/se-realizara-el-1-festival-de-gastronomicos-de-la-comarca-2\/#breadcrumb","itemListElement":[{"@type":"ListItem","position":1,"name":"Inicio","item":"https:\/\/www.celttv.com.ar\/"},{"@type":"ListItem","position":2,"name":"Se realizar\u00e1 el 1\u00b0 Festival de Gastron\u00f3micos de la Comarca"}]},{"@type":"WebSite","@id":"https:\/\/www.celttv.com.ar\/#website","url":"https:\/\/www.celttv.com.ar\/","name":"CELTTV","description":"Cooperativa El\u00e9ctrica de Tornquist","publisher":{"@id":"https:\/\/www.celttv.com.ar\/#organization"},"potentialAction":[{"@type":"SearchAction","target":{"@type":"EntryPoint","urlTemplate":"https:\/\/www.celttv.com.ar\/?s={search_term_string}"},"query-input":"required name=search_term_string"}],"inLanguage":"es"},{"@type":"Organization","@id":"https:\/\/www.celttv.com.ar\/#organization","name":"CELTTV","url":"https:\/\/www.celttv.com.ar\/","sameAs":["https:\/\/www.youtube.com\/channel\/UCz_oIt8Hig64Ub-EmcNPIhg","https:\/\/www.facebook.com\/celtTV\/"],"logo":{"@type":"ImageObject","inLanguage":"es","@id":"https:\/\/www.celttv.com.ar\/#\/schema\/logo\/image\/","url":"http:\/\/www.celttv.com.ar\/wp-content\/uploads\/2022\/08\/logo-1.png","contentUrl":"http:\/\/www.celttv.com.ar\/wp-content\/uploads\/2022\/08\/logo-1.png","width":461,"height":159,"caption":"CELTTV"},"image":{"@id":"https:\/\/www.celttv.com.ar\/#\/schema\/logo\/image\/"}},{"@type":"Person","@id":"https:\/\/www.celttv.com.ar\/#\/schema\/person\/6d99c072dba59953809c81446e9d0ace","name":"ulises","image":{"@type":"ImageObject","inLanguage":"es","@id":"https:\/\/www.celttv.com.ar\/#\/schema\/person\/image\/","url":"https:\/\/secure.gravatar.com\/avatar\/7f2c48bdc33b30088f941fb6082e555f2874c98e20cb159d7b92b50eadfce793?s=96&d=mm&r=g","contentUrl":"https:\/\/secure.gravatar.com\/avatar\/7f2c48bdc33b30088f941fb6082e555f2874c98e20cb159d7b92b50eadfce793?s=96&d=mm&r=g","caption":"ulises"},"sameAs":["http:\/\/www.celttv.com.ar"]}]}},"_links":{"self":[{"href":"https:\/\/www.celttv.com.ar\/index.php\/wp-json\/wp\/v2\/posts\/38989","targetHints":{"allow":["GET"]}}],"collection":[{"href":"https:\/\/www.celttv.com.ar\/index.php\/wp-json\/wp\/v2\/posts"}],"about":[{"href":"https:\/\/www.celttv.com.ar\/index.php\/wp-json\/wp\/v2\/types\/post"}],"author":[{"embeddable":true,"href":"https:\/\/www.celttv.com.ar\/index.php\/wp-json\/wp\/v2\/users\/1"}],"replies":[{"embeddable":true,"href":"https:\/\/www.celttv.com.ar\/index.php\/wp-json\/wp\/v2\/comments?post=38989"}],"version-history":[{"count":0,"href":"https:\/\/www.celttv.com.ar\/index.php\/wp-json\/wp\/v2\/posts\/38989\/revisions"}],"wp:featuredmedia":[{"embeddable":true,"href":"https:\/\/www.celttv.com.ar\/index.php\/wp-json\/wp\/v2\/media\/38990"}],"wp:attachment":[{"href":"https:\/\/www.celttv.com.ar\/index.php\/wp-json\/wp\/v2\/media?parent=38989"}],"wp:term":[{"taxonomy":"category","embeddable":true,"href":"https:\/\/www.celttv.com.ar\/index.php\/wp-json\/wp\/v2\/categories?post=38989"},{"taxonomy":"post_tag","embeddable":true,"href":"https:\/\/www.celttv.com.ar\/index.php\/wp-json\/wp\/v2\/tags?post=38989"}],"curies":[{"name":"wp","href":"https:\/\/api.w.org\/{rel}","templated":true}]}}