{"id":39000,"date":"2018-12-10T15:19:38","date_gmt":"2018-12-10T15:19:38","guid":{"rendered":"http:\/\/www.celttv.com.ar\/?p=39000"},"modified":"2018-12-10T15:19:38","modified_gmt":"2018-12-10T15:19:38","slug":"seis-aprehendidos-por-el-delito-de-robo-calificado-en-poblado-y-en-banda-y-amenazas","status":"publish","type":"post","link":"https:\/\/www.celttv.com.ar\/index.php\/2018\/12\/10\/seis-aprehendidos-por-el-delito-de-robo-calificado-en-poblado-y-en-banda-y-amenazas\/","title":{"rendered":"SEIS APREHENDIDOS POR EL DELITO DE ROBO CALIFICADO EN POBLADO Y EN BANDA Y AMENAZAS"},"content":{"rendered":"<p>La Secretaria de Seguridad de la Municipalidad de Tornquist, lleva a conocimiento de la poblaci\u00f3n, que madrugada domingo pr\u00f3ximo pasado se recibi\u00f3 un llamado telef\u00f3nico al abonado de emergencias 101 de la Estaci\u00f3n Comunal de Tornquist, dando cuenta que sobre el domicilio de Calle Alem n\u00famero 498 de este medio, habr\u00edan ingresado cuatro sujetos de sexo masculino y una quinta persona de sexo femenino la cual permanec\u00eda en la vereda haciendo de campana, portando en la ocasi\u00f3n armas de fuego y elementos punzo cortantes utilizados para intimidar y amedrentar a los moradores del lugar, cuyo due\u00f1o de la finca se trata del Se\u00f1or Scrosoppi Gabriel \u00c1ngel, oriundo de este medio, quien se hallaba junto a su grupo familiar (entre ellos sus hijos menores de edad) y tres amigos del residente, quienes utilizando la fuerza los malvivientes se llevaron un bot\u00edn consistente en un total aproximado de $8000 pesos argentinos, un tel\u00e9fono celular marca SAMSUNG J5 y documentaci\u00f3n varia, la que com\u00fanmente suelen tenerse en el interior de la billetera\u00a0 (tarjetas de cr\u00e9dito, d\u00e9bito, D.N.I. particulares, etc), abordando luego un veh\u00edculo marca Fiat Duna de color negro, para posteriormente perpetrado el hecho, darse a la fuga. Asimismo en un r\u00e1pido accionar por parte del personal policial dependiente de la Estaci\u00f3n de Polic\u00eda Comunal Tornquist es que a escasos minutos de haber tomado conocimiento de los pormenores precedentes logran dar con los malvivientes sobre el domicilio de calle Quinquela Martin n\u00famero 150 de este medio, lugar en el cual en el interior de la vivienda se procedi\u00f3 a la aprehensi\u00f3n de todos los involucrados en el hecho trat\u00e1ndose de los ciudadanos <strong>Quispe Alexander Esteban<\/strong>, alias <strong>\u201cel Chino Benitez\u201d,<\/strong> de 31 a\u00f1os de edad, oriundo de Neuqu\u00e9n, quien posee un frondoso prontuario por delitos del Tipo ROBOS CALIFICADOS, actualmente residiendo en Tornquist, \u00a0<strong>Emmanuel Luis Randone<\/strong>, \u00a0de 23 a\u00f1os de edad, oriundo de la ciudad Bah\u00eda Blanca, <strong>Cristian Jos\u00e9 Luis Benites,<\/strong> de 29 a\u00f1os de edad, oriundo de Neuqu\u00e9n, quien tambi\u00e9n en la actualidad reside en Tornquist al igual que su hermano <strong>Maximiliano \u00c1ngel Iban Benites<\/strong>, de 22 a\u00f1os de edad, y <strong>Angie Estefan\u00eda Costa<\/strong>, de 18 a\u00f1os, oriunda de Bah\u00eda Blanca, todos ellos <strong>aprehendidos<\/strong> por resultar a prima facie penalmente responsable del delito caratulado <strong>\u201cROBO CALIFICADO EN POBLADO Y EN BANDA\u201d<\/strong>, quedando a disposici\u00f3n de la Unidad Funcional de Instrucci\u00f3n y Juicio Nro. 15 del Departamento Judicial Bah\u00eda Blanca; asimismo los efectivos policiales, en el interior de la vivienda tambi\u00e9n procedieron a la <strong>aprehensi\u00f3n<\/strong> de un sexto sujeto de sexo femenino de nombre <strong>Soledad Beatriz Da Rosa<\/strong>, de 24 a\u00f1os, oriunda de Misiones, por el delito de <strong>AMENAZAS,<\/strong> ya que intent\u00f3 entorpecer el accionar policial profiriendo amenazas de muerte contra los uniformados quedando a disposici\u00f3n del mismo magistrado anteriormente citado. Tras el procedimiento efectuado se logr\u00f3 recuperar parte de las pertenencias sustra\u00eddas y se procedi\u00f3 al <strong>secuestro<\/strong> del veh\u00edculo en cual se movilizaban los malvivientes trat\u00e1ndose del <strong>Fiat Duna,<\/strong> color negro dominio <strong>UMC-789<\/strong> y el secuestro de una navaja cabo madera utilizada para agredir f\u00edsicamente al se\u00f1or Scrosoppi Gabriel \u00c1ngel.<br \/>\nDesde esta Secretaria de Seguridad cabe felicitar y resulta menester destacar al personal policial de la Estaci\u00f3n de Polic\u00eda Comunal Local por su profesionalismo y gran labor desarrollada comprometi\u00e9ndose de lleno con la seguridad y prevenci\u00f3n delictual desarrollada para una mayor prevenci\u00f3n ante la comisi\u00f3n de il\u00edcitos en general.-<br \/>\n<strong>SECRETARIA DE SEGURIDAD &#8211; MUNICIPALIDAD DE TORNQUIST<\/strong><br \/>\n<a href=\"http:\/\/www.celttv.com.ar\/?attachment_id=39001\" rel=\"attachment wp-att-39001\"><img loading=\"lazy\" decoding=\"async\" class=\"alignleft size-medium wp-image-39001\" src=\"http:\/\/www.celttv.com.ar\/wp-content\/uploads\/2018\/12\/1-780x584.jpg\" alt=\"\" width=\"780\" height=\"584\" \/><\/a><br \/>\n<a href=\"http:\/\/www.celttv.com.ar\/?attachment_id=39002\" rel=\"attachment wp-att-39002\"><img loading=\"lazy\" decoding=\"async\" class=\"alignleft size-medium wp-image-39002\" src=\"http:\/\/www.celttv.com.ar\/wp-content\/uploads\/2018\/12\/2-584x780.jpg\" alt=\"\" width=\"584\" height=\"780\" \/><\/a> <a href=\"http:\/\/www.celttv.com.ar\/?attachment_id=39003\" rel=\"attachment wp-att-39003\"><img loading=\"lazy\" decoding=\"async\" class=\"alignleft size-medium wp-image-39003\" src=\"http:\/\/www.celttv.com.ar\/wp-content\/uploads\/2018\/12\/3-585x780.jpg\" alt=\"\" width=\"585\" height=\"780\" \/><\/a> <a href=\"http:\/\/www.celttv.com.ar\/?attachment_id=39004\" rel=\"attachment wp-att-39004\"><img loading=\"lazy\" decoding=\"async\" class=\"alignleft size-medium wp-image-39004\" src=\"http:\/\/www.celttv.com.ar\/wp-content\/uploads\/2018\/12\/4-585x780.jpg\" alt=\"\" width=\"585\" height=\"780\" \/><\/a><br \/>\n&nbsp;<br \/>\n&nbsp;<br \/>\n&nbsp;<br \/>\n&nbsp;<br \/>\n&nbsp;<br \/>\n&nbsp;<br \/>\n&nbsp;<br \/>\n&nbsp;<br \/>\n&nbsp;<br \/>\n&nbsp;<br \/>\n&nbsp;<br \/>\n&nbsp;<br \/>\n&nbsp;<br \/>\n&nbsp;<br \/>\n&nbsp;<br \/>\n&nbsp;<br \/>\n&nbsp;<br \/>\n&nbsp;<br \/>\n&nbsp;<br \/>\n&nbsp;<br \/>\n&nbsp;<br \/>\n&nbsp;<br \/>\n&nbsp;<br \/>\n&nbsp;<br \/>\n&nbsp;<br \/>\n&nbsp;<br \/>\n&nbsp;<br \/>\n&nbsp;<br \/>\n&nbsp;<br \/>\n&nbsp;<br \/>\n&nbsp;<br \/>\n&nbsp;<br \/>\n&nbsp;<br \/>\n&nbsp;<br \/>\n&nbsp;<br \/>\n&nbsp;<br \/>\n&nbsp;<\/p>\n","protected":false},"excerpt":{"rendered":"<p>La Secretaria de Seguridad de la Municipalidad de Tornquist, lleva a conocimiento de la poblaci\u00f3n, que madrugada domingo pr\u00f3ximo pasado se recibi\u00f3 un llamado telef\u00f3nico al abonado de emergencias 101 de la Estaci\u00f3n Comunal de Tornquist, dando cuenta que sobre el domicilio de Calle Alem n\u00famero 498 de este medio, habr\u00edan ingresado cuatro sujetos de [&hellip;]<\/p>\n","protected":false},"author":1,"featured_media":39001,"comment_status":"closed","ping_status":"open","sticky":false,"template":"","format":"standard","meta":{"footnotes":""},"categories":[55,51,52,61],"tags":[],"class_list":["post-39000","post","type-post","status-publish","format-standard","has-post-thumbnail","hentry","category-celt-tv-noticias","category-comunidad","category-destacadas","category-policiales"],"yoast_head":"<!-- This site is optimized with the Yoast SEO plugin v19.7.1 - https:\/\/yoast.com\/wordpress\/plugins\/seo\/ -->\n<title>SEIS APREHENDIDOS POR EL DELITO DE ROBO CALIFICADO EN POBLADO Y EN BANDA Y AMENAZAS - CELTTV<\/title>\n<meta name=\"description\" content=\"Sitio web de noticias de la localidad de Tornquist, provincia de Buenos Aires, Rep\u00fablica Argentina. Contenido propio originado por periodistas de CELTTV, el canal de TV local de la Cooperativa El\u00e9ctrica de Tornquist. Turismo, Pol\u00edtica, Sociedad, Deporte, Cultura y todo el contenido de inter\u00e9s general que la gente del pueblo y la regi\u00f3n debe conocer.\" \/>\n<meta name=\"robots\" content=\"index, follow, max-snippet:-1, max-image-preview:large, max-video-preview:-1\" \/>\n<link rel=\"canonical\" href=\"https:\/\/www.celttv.com.ar\/index.php\/2018\/12\/10\/seis-aprehendidos-por-el-delito-de-robo-calificado-en-poblado-y-en-banda-y-amenazas\/\" \/>\n<meta property=\"og:locale\" content=\"es_ES\" \/>\n<meta property=\"og:type\" content=\"article\" \/>\n<meta property=\"og:title\" content=\"SEIS APREHENDIDOS POR EL DELITO DE ROBO CALIFICADO EN POBLADO Y EN BANDA Y AMENAZAS - CELTTV\" \/>\n<meta property=\"og:description\" content=\"Sitio web de noticias de la localidad de Tornquist, provincia de Buenos Aires, Rep\u00fablica Argentina. Contenido propio originado por periodistas de CELTTV, el canal de TV local de la Cooperativa El\u00e9ctrica de Tornquist. Turismo, Pol\u00edtica, Sociedad, Deporte, Cultura y todo el contenido de inter\u00e9s general que la gente del pueblo y la regi\u00f3n debe conocer.\" \/>\n<meta property=\"og:url\" content=\"https:\/\/www.celttv.com.ar\/index.php\/2018\/12\/10\/seis-aprehendidos-por-el-delito-de-robo-calificado-en-poblado-y-en-banda-y-amenazas\/\" \/>\n<meta property=\"og:site_name\" content=\"CELTTV\" \/>\n<meta property=\"article:publisher\" content=\"https:\/\/www.facebook.com\/celtTV\/\" \/>\n<meta property=\"article:published_time\" content=\"2018-12-10T15:19:38+00:00\" \/>\n<meta property=\"og:image\" content=\"https:\/\/www.celttv.com.ar\/wp-content\/uploads\/2018\/12\/1.jpg\" \/>\n\t<meta property=\"og:image:width\" content=\"1387\" \/>\n\t<meta property=\"og:image:height\" content=\"1038\" \/>\n\t<meta property=\"og:image:type\" content=\"image\/jpeg\" \/>\n<meta name=\"author\" content=\"ulises\" \/>\n<meta name=\"twitter:card\" content=\"summary_large_image\" \/>\n<meta name=\"twitter:label1\" content=\"Escrito por\" \/>\n\t<meta name=\"twitter:data1\" content=\"ulises\" \/>\n\t<meta name=\"twitter:label2\" content=\"Tiempo de lectura\" \/>\n\t<meta name=\"twitter:data2\" content=\"3 minutos\" \/>\n<script type=\"application\/ld+json\" class=\"yoast-schema-graph\">{\"@context\":\"https:\/\/schema.org\",\"@graph\":[{\"@type\":\"NewsArticle\",\"@id\":\"https:\/\/www.celttv.com.ar\/index.php\/2018\/12\/10\/seis-aprehendidos-por-el-delito-de-robo-calificado-en-poblado-y-en-banda-y-amenazas\/#article\",\"isPartOf\":{\"@id\":\"https:\/\/www.celttv.com.ar\/index.php\/2018\/12\/10\/seis-aprehendidos-por-el-delito-de-robo-calificado-en-poblado-y-en-banda-y-amenazas\/\"},\"author\":{\"name\":\"ulises\",\"@id\":\"https:\/\/www.celttv.com.ar\/#\/schema\/person\/6d99c072dba59953809c81446e9d0ace\"},\"headline\":\"SEIS APREHENDIDOS POR EL DELITO DE ROBO CALIFICADO EN POBLADO Y EN BANDA Y AMENAZAS\",\"datePublished\":\"2018-12-10T15:19:38+00:00\",\"dateModified\":\"2018-12-10T15:19:38+00:00\",\"mainEntityOfPage\":{\"@id\":\"https:\/\/www.celttv.com.ar\/index.php\/2018\/12\/10\/seis-aprehendidos-por-el-delito-de-robo-calificado-en-poblado-y-en-banda-y-amenazas\/\"},\"wordCount\":660,\"publisher\":{\"@id\":\"https:\/\/www.celttv.com.ar\/#organization\"},\"articleSection\":[\"Celt TV Noticias\",\"Comunidad\",\"Destacadas\",\"Policiales\"],\"inLanguage\":\"es\"},{\"@type\":\"WebPage\",\"@id\":\"https:\/\/www.celttv.com.ar\/index.php\/2018\/12\/10\/seis-aprehendidos-por-el-delito-de-robo-calificado-en-poblado-y-en-banda-y-amenazas\/\",\"url\":\"https:\/\/www.celttv.com.ar\/index.php\/2018\/12\/10\/seis-aprehendidos-por-el-delito-de-robo-calificado-en-poblado-y-en-banda-y-amenazas\/\",\"name\":\"SEIS APREHENDIDOS POR EL DELITO DE ROBO CALIFICADO EN POBLADO Y EN BANDA Y AMENAZAS - CELTTV\",\"isPartOf\":{\"@id\":\"https:\/\/www.celttv.com.ar\/#website\"},\"datePublished\":\"2018-12-10T15:19:38+00:00\",\"dateModified\":\"2018-12-10T15:19:38+00:00\",\"description\":\"Sitio web de noticias de la localidad de Tornquist, provincia de Buenos Aires, Rep\u00fablica Argentina. Contenido propio originado por periodistas de CELTTV, el canal de TV local de la Cooperativa El\u00e9ctrica de Tornquist. Turismo, Pol\u00edtica, Sociedad, Deporte, Cultura y todo el contenido de inter\u00e9s general que la gente del pueblo y la regi\u00f3n debe conocer.\",\"breadcrumb\":{\"@id\":\"https:\/\/www.celttv.com.ar\/index.php\/2018\/12\/10\/seis-aprehendidos-por-el-delito-de-robo-calificado-en-poblado-y-en-banda-y-amenazas\/#breadcrumb\"},\"inLanguage\":\"es\",\"potentialAction\":[{\"@type\":\"ReadAction\",\"target\":[\"https:\/\/www.celttv.com.ar\/index.php\/2018\/12\/10\/seis-aprehendidos-por-el-delito-de-robo-calificado-en-poblado-y-en-banda-y-amenazas\/\"]}]},{\"@type\":\"BreadcrumbList\",\"@id\":\"https:\/\/www.celttv.com.ar\/index.php\/2018\/12\/10\/seis-aprehendidos-por-el-delito-de-robo-calificado-en-poblado-y-en-banda-y-amenazas\/#breadcrumb\",\"itemListElement\":[{\"@type\":\"ListItem\",\"position\":1,\"name\":\"Inicio\",\"item\":\"https:\/\/www.celttv.com.ar\/\"},{\"@type\":\"ListItem\",\"position\":2,\"name\":\"SEIS APREHENDIDOS POR EL DELITO DE ROBO CALIFICADO EN POBLADO Y EN BANDA Y AMENAZAS\"}]},{\"@type\":\"WebSite\",\"@id\":\"https:\/\/www.celttv.com.ar\/#website\",\"url\":\"https:\/\/www.celttv.com.ar\/\",\"name\":\"CELTTV\",\"description\":\"Cooperativa El\u00e9ctrica de Tornquist\",\"publisher\":{\"@id\":\"https:\/\/www.celttv.com.ar\/#organization\"},\"potentialAction\":[{\"@type\":\"SearchAction\",\"target\":{\"@type\":\"EntryPoint\",\"urlTemplate\":\"https:\/\/www.celttv.com.ar\/?s={search_term_string}\"},\"query-input\":\"required name=search_term_string\"}],\"inLanguage\":\"es\"},{\"@type\":\"Organization\",\"@id\":\"https:\/\/www.celttv.com.ar\/#organization\",\"name\":\"CELTTV\",\"url\":\"https:\/\/www.celttv.com.ar\/\",\"sameAs\":[\"https:\/\/www.youtube.com\/channel\/UCz_oIt8Hig64Ub-EmcNPIhg\",\"https:\/\/www.facebook.com\/celtTV\/\"],\"logo\":{\"@type\":\"ImageObject\",\"inLanguage\":\"es\",\"@id\":\"https:\/\/www.celttv.com.ar\/#\/schema\/logo\/image\/\",\"url\":\"http:\/\/www.celttv.com.ar\/wp-content\/uploads\/2022\/08\/logo-1.png\",\"contentUrl\":\"http:\/\/www.celttv.com.ar\/wp-content\/uploads\/2022\/08\/logo-1.png\",\"width\":461,\"height\":159,\"caption\":\"CELTTV\"},\"image\":{\"@id\":\"https:\/\/www.celttv.com.ar\/#\/schema\/logo\/image\/\"}},{\"@type\":\"Person\",\"@id\":\"https:\/\/www.celttv.com.ar\/#\/schema\/person\/6d99c072dba59953809c81446e9d0ace\",\"name\":\"ulises\",\"image\":{\"@type\":\"ImageObject\",\"inLanguage\":\"es\",\"@id\":\"https:\/\/www.celttv.com.ar\/#\/schema\/person\/image\/\",\"url\":\"https:\/\/secure.gravatar.com\/avatar\/7f2c48bdc33b30088f941fb6082e555f2874c98e20cb159d7b92b50eadfce793?s=96&d=mm&r=g\",\"contentUrl\":\"https:\/\/secure.gravatar.com\/avatar\/7f2c48bdc33b30088f941fb6082e555f2874c98e20cb159d7b92b50eadfce793?s=96&d=mm&r=g\",\"caption\":\"ulises\"},\"sameAs\":[\"http:\/\/www.celttv.com.ar\"]}]}<\/script>\n<!-- \/ Yoast SEO plugin. -->","yoast_head_json":{"title":"SEIS APREHENDIDOS POR EL DELITO DE ROBO CALIFICADO EN POBLADO Y EN BANDA Y AMENAZAS - CELTTV","description":"Sitio web de noticias de la localidad de Tornquist, provincia de Buenos Aires, Rep\u00fablica Argentina. Contenido propio originado por periodistas de CELTTV, el canal de TV local de la Cooperativa El\u00e9ctrica de Tornquist. Turismo, Pol\u00edtica, Sociedad, Deporte, Cultura y todo el contenido de inter\u00e9s general que la gente del pueblo y la regi\u00f3n debe conocer.","robots":{"index":"index","follow":"follow","max-snippet":"max-snippet:-1","max-image-preview":"max-image-preview:large","max-video-preview":"max-video-preview:-1"},"canonical":"https:\/\/www.celttv.com.ar\/index.php\/2018\/12\/10\/seis-aprehendidos-por-el-delito-de-robo-calificado-en-poblado-y-en-banda-y-amenazas\/","og_locale":"es_ES","og_type":"article","og_title":"SEIS APREHENDIDOS POR EL DELITO DE ROBO CALIFICADO EN POBLADO Y EN BANDA Y AMENAZAS - CELTTV","og_description":"Sitio web de noticias de la localidad de Tornquist, provincia de Buenos Aires, Rep\u00fablica Argentina. Contenido propio originado por periodistas de CELTTV, el canal de TV local de la Cooperativa El\u00e9ctrica de Tornquist. Turismo, Pol\u00edtica, Sociedad, Deporte, Cultura y todo el contenido de inter\u00e9s general que la gente del pueblo y la regi\u00f3n debe conocer.","og_url":"https:\/\/www.celttv.com.ar\/index.php\/2018\/12\/10\/seis-aprehendidos-por-el-delito-de-robo-calificado-en-poblado-y-en-banda-y-amenazas\/","og_site_name":"CELTTV","article_publisher":"https:\/\/www.facebook.com\/celtTV\/","article_published_time":"2018-12-10T15:19:38+00:00","og_image":[{"width":1387,"height":1038,"url":"https:\/\/www.celttv.com.ar\/wp-content\/uploads\/2018\/12\/1.jpg","type":"image\/jpeg"}],"author":"ulises","twitter_card":"summary_large_image","twitter_misc":{"Escrito por":"ulises","Tiempo de lectura":"3 minutos"},"schema":{"@context":"https:\/\/schema.org","@graph":[{"@type":"NewsArticle","@id":"https:\/\/www.celttv.com.ar\/index.php\/2018\/12\/10\/seis-aprehendidos-por-el-delito-de-robo-calificado-en-poblado-y-en-banda-y-amenazas\/#article","isPartOf":{"@id":"https:\/\/www.celttv.com.ar\/index.php\/2018\/12\/10\/seis-aprehendidos-por-el-delito-de-robo-calificado-en-poblado-y-en-banda-y-amenazas\/"},"author":{"name":"ulises","@id":"https:\/\/www.celttv.com.ar\/#\/schema\/person\/6d99c072dba59953809c81446e9d0ace"},"headline":"SEIS APREHENDIDOS POR EL DELITO DE ROBO CALIFICADO EN POBLADO Y EN BANDA Y AMENAZAS","datePublished":"2018-12-10T15:19:38+00:00","dateModified":"2018-12-10T15:19:38+00:00","mainEntityOfPage":{"@id":"https:\/\/www.celttv.com.ar\/index.php\/2018\/12\/10\/seis-aprehendidos-por-el-delito-de-robo-calificado-en-poblado-y-en-banda-y-amenazas\/"},"wordCount":660,"publisher":{"@id":"https:\/\/www.celttv.com.ar\/#organization"},"articleSection":["Celt TV Noticias","Comunidad","Destacadas","Policiales"],"inLanguage":"es"},{"@type":"WebPage","@id":"https:\/\/www.celttv.com.ar\/index.php\/2018\/12\/10\/seis-aprehendidos-por-el-delito-de-robo-calificado-en-poblado-y-en-banda-y-amenazas\/","url":"https:\/\/www.celttv.com.ar\/index.php\/2018\/12\/10\/seis-aprehendidos-por-el-delito-de-robo-calificado-en-poblado-y-en-banda-y-amenazas\/","name":"SEIS APREHENDIDOS POR EL DELITO DE ROBO CALIFICADO EN POBLADO Y EN BANDA Y AMENAZAS - CELTTV","isPartOf":{"@id":"https:\/\/www.celttv.com.ar\/#website"},"datePublished":"2018-12-10T15:19:38+00:00","dateModified":"2018-12-10T15:19:38+00:00","description":"Sitio web de noticias de la localidad de Tornquist, provincia de Buenos Aires, Rep\u00fablica Argentina. Contenido propio originado por periodistas de CELTTV, el canal de TV local de la Cooperativa El\u00e9ctrica de Tornquist. Turismo, Pol\u00edtica, Sociedad, Deporte, Cultura y todo el contenido de inter\u00e9s general que la gente del pueblo y la regi\u00f3n debe conocer.","breadcrumb":{"@id":"https:\/\/www.celttv.com.ar\/index.php\/2018\/12\/10\/seis-aprehendidos-por-el-delito-de-robo-calificado-en-poblado-y-en-banda-y-amenazas\/#breadcrumb"},"inLanguage":"es","potentialAction":[{"@type":"ReadAction","target":["https:\/\/www.celttv.com.ar\/index.php\/2018\/12\/10\/seis-aprehendidos-por-el-delito-de-robo-calificado-en-poblado-y-en-banda-y-amenazas\/"]}]},{"@type":"BreadcrumbList","@id":"https:\/\/www.celttv.com.ar\/index.php\/2018\/12\/10\/seis-aprehendidos-por-el-delito-de-robo-calificado-en-poblado-y-en-banda-y-amenazas\/#breadcrumb","itemListElement":[{"@type":"ListItem","position":1,"name":"Inicio","item":"https:\/\/www.celttv.com.ar\/"},{"@type":"ListItem","position":2,"name":"SEIS APREHENDIDOS POR EL DELITO DE ROBO CALIFICADO EN POBLADO Y EN BANDA Y AMENAZAS"}]},{"@type":"WebSite","@id":"https:\/\/www.celttv.com.ar\/#website","url":"https:\/\/www.celttv.com.ar\/","name":"CELTTV","description":"Cooperativa El\u00e9ctrica de Tornquist","publisher":{"@id":"https:\/\/www.celttv.com.ar\/#organization"},"potentialAction":[{"@type":"SearchAction","target":{"@type":"EntryPoint","urlTemplate":"https:\/\/www.celttv.com.ar\/?s={search_term_string}"},"query-input":"required name=search_term_string"}],"inLanguage":"es"},{"@type":"Organization","@id":"https:\/\/www.celttv.com.ar\/#organization","name":"CELTTV","url":"https:\/\/www.celttv.com.ar\/","sameAs":["https:\/\/www.youtube.com\/channel\/UCz_oIt8Hig64Ub-EmcNPIhg","https:\/\/www.facebook.com\/celtTV\/"],"logo":{"@type":"ImageObject","inLanguage":"es","@id":"https:\/\/www.celttv.com.ar\/#\/schema\/logo\/image\/","url":"http:\/\/www.celttv.com.ar\/wp-content\/uploads\/2022\/08\/logo-1.png","contentUrl":"http:\/\/www.celttv.com.ar\/wp-content\/uploads\/2022\/08\/logo-1.png","width":461,"height":159,"caption":"CELTTV"},"image":{"@id":"https:\/\/www.celttv.com.ar\/#\/schema\/logo\/image\/"}},{"@type":"Person","@id":"https:\/\/www.celttv.com.ar\/#\/schema\/person\/6d99c072dba59953809c81446e9d0ace","name":"ulises","image":{"@type":"ImageObject","inLanguage":"es","@id":"https:\/\/www.celttv.com.ar\/#\/schema\/person\/image\/","url":"https:\/\/secure.gravatar.com\/avatar\/7f2c48bdc33b30088f941fb6082e555f2874c98e20cb159d7b92b50eadfce793?s=96&d=mm&r=g","contentUrl":"https:\/\/secure.gravatar.com\/avatar\/7f2c48bdc33b30088f941fb6082e555f2874c98e20cb159d7b92b50eadfce793?s=96&d=mm&r=g","caption":"ulises"},"sameAs":["http:\/\/www.celttv.com.ar"]}]}},"_links":{"self":[{"href":"https:\/\/www.celttv.com.ar\/index.php\/wp-json\/wp\/v2\/posts\/39000","targetHints":{"allow":["GET"]}}],"collection":[{"href":"https:\/\/www.celttv.com.ar\/index.php\/wp-json\/wp\/v2\/posts"}],"about":[{"href":"https:\/\/www.celttv.com.ar\/index.php\/wp-json\/wp\/v2\/types\/post"}],"author":[{"embeddable":true,"href":"https:\/\/www.celttv.com.ar\/index.php\/wp-json\/wp\/v2\/users\/1"}],"replies":[{"embeddable":true,"href":"https:\/\/www.celttv.com.ar\/index.php\/wp-json\/wp\/v2\/comments?post=39000"}],"version-history":[{"count":0,"href":"https:\/\/www.celttv.com.ar\/index.php\/wp-json\/wp\/v2\/posts\/39000\/revisions"}],"wp:featuredmedia":[{"embeddable":true,"href":"https:\/\/www.celttv.com.ar\/index.php\/wp-json\/wp\/v2\/media\/39001"}],"wp:attachment":[{"href":"https:\/\/www.celttv.com.ar\/index.php\/wp-json\/wp\/v2\/media?parent=39000"}],"wp:term":[{"taxonomy":"category","embeddable":true,"href":"https:\/\/www.celttv.com.ar\/index.php\/wp-json\/wp\/v2\/categories?post=39000"},{"taxonomy":"post_tag","embeddable":true,"href":"https:\/\/www.celttv.com.ar\/index.php\/wp-json\/wp\/v2\/tags?post=39000"}],"curies":[{"name":"wp","href":"https:\/\/api.w.org\/{rel}","templated":true}]}}