{"id":39012,"date":"2018-12-11T14:08:45","date_gmt":"2018-12-11T14:08:45","guid":{"rendered":"http:\/\/www.celttv.com.ar\/?p=39012"},"modified":"2018-12-11T14:08:45","modified_gmt":"2018-12-11T14:08:45","slug":"la-septima-de-automoto-a-la-final-del-torneo-extra","status":"publish","type":"post","link":"https:\/\/www.celttv.com.ar\/index.php\/2018\/12\/11\/la-septima-de-automoto-a-la-final-del-torneo-extra\/","title":{"rendered":"La S\u00e9ptima de Automoto, a la final del torneo Extra"},"content":{"rendered":"<p>Mediante una infartante definici\u00f3n desde el punto del penal, que se termin\u00f3 definiendo por 13 a 12 a favor (fue 1 a 1 durante el tiempo regular), la S\u00e9ptima divisi\u00f3n del Automoto Club Deportivo elimin\u00f3 a Atl\u00e9tico Huanguel\u00e9n y se convirti\u00f3 en finalista del torneo Extra de divisiones inferiores que organiza la Liga Regional de F\u00fatbol de Coronel Su\u00e1rez.<br \/>\nEl pr\u00f3ximo fin de semana, el equipo azulgrana definir\u00e1 el certamen ante Club Sarmiento de Pig\u00fc\u00e9, que ya gan\u00f3 el torneo anual.<br \/>\nAutomoto comenz\u00f3 ganando con un gol de Nicol\u00e1s Abreg\u00fa en el primer tiempo y, cuando ten\u00eda todo para liquidarlo, sufri\u00f3 la expulsi\u00f3n del arquero Mirco Lencinas y se qued\u00f3 con 10 hombres. Esa situaci\u00f3n fue aprovechada por Atl\u00e9tico Huanguel\u00e9n, que lleg\u00f3 a la igualdad y forz\u00f3 los disparos desde el punto del penal.<br \/>\nLa interminable serie cont\u00f3 con 14 disparos por lado, la mayor\u00eda muy bien\u00a0 ejecutados por los chicos de ambos clubes. La definici\u00f3n lleg\u00f3 con un remate desviado de un defensor huanguelense (antes, Joaqu\u00edn Cisternas contuvo un env\u00edo).<br \/>\nEn Octava, Automoto no corri\u00f3 la misma suerte. Atl\u00e9tico Huanguel\u00e9n fue superior y se llev\u00f3 la semifinal por 3 a 0.<br \/>\nDe todos modos, la categor\u00eda cerr\u00f3 una excelente temporada, que incluy\u00f3 el t\u00edtulo del certamen anual y n\u00fameros espectaculares: 23 triunfos, un empate y dos derrotas en 26 partidos disputados, con 62 goles a favor y 11 en contra. Impresionante.<br \/>\n&nbsp;<br \/>\nAlbum de fotos: <a href=\"https:\/\/www.facebook.com\/pg\/automototornquist\/photos\/?tab=album&amp;album_id=2168994336453894\">https:\/\/www.facebook.com\/pg\/automototornquist\/photos\/?tab=album&amp;album_id=2168994336453894<\/a><br \/>\n&nbsp;<br \/>\nDepartamento de Prensa \u2013 Automoto Club Deportivo<br \/>\nwww.clubautomotopasion.com.ar<br \/>\nFacebook: \/automototornquist<br \/>\nTwitter: @ClubAutomoto<br \/>\n<a href=\"http:\/\/www.celttv.com.ar\/?attachment_id=39013\" rel=\"attachment wp-att-39013\"><img loading=\"lazy\" decoding=\"async\" class=\"alignleft size-medium wp-image-39013\" src=\"http:\/\/www.celttv.com.ar\/wp-content\/uploads\/2018\/12\/DSC_3301-780x451.jpg\" alt=\"\" width=\"780\" height=\"451\" \/><\/a> <a href=\"http:\/\/www.celttv.com.ar\/?attachment_id=39014\" rel=\"attachment wp-att-39014\"><img loading=\"lazy\" decoding=\"async\" class=\"alignleft size-medium wp-image-39014\" src=\"http:\/\/www.celttv.com.ar\/wp-content\/uploads\/2018\/12\/DSC_3310-780x418.jpg\" alt=\"\" width=\"780\" height=\"418\" \/><\/a><a href=\"http:\/\/www.celttv.com.ar\/?attachment_id=39016\" rel=\"attachment wp-att-39016\"><img loading=\"lazy\" decoding=\"async\" class=\"alignleft size-medium wp-image-39016\" src=\"http:\/\/www.celttv.com.ar\/wp-content\/uploads\/2018\/12\/DSC_3247-780x511.jpg\" alt=\"\" width=\"780\" height=\"511\" \/><\/a><\/p>\n","protected":false},"excerpt":{"rendered":"<p>Mediante una infartante definici\u00f3n desde el punto del penal, que se termin\u00f3 definiendo por 13 a 12 a favor (fue 1 a 1 durante el tiempo regular), la S\u00e9ptima divisi\u00f3n del Automoto Club Deportivo elimin\u00f3 a Atl\u00e9tico Huanguel\u00e9n y se convirti\u00f3 en finalista del torneo Extra de divisiones inferiores que organiza la Liga Regional de [&hellip;]<\/p>\n","protected":false},"author":1,"featured_media":39015,"comment_status":"closed","ping_status":"open","sticky":false,"template":"","format":"standard","meta":{"footnotes":""},"categories":[55,60,52,63],"tags":[],"class_list":["post-39012","post","type-post","status-publish","format-standard","has-post-thumbnail","hentry","category-celt-tv-noticias","category-deporte","category-destacadas","category-magazine-sport"],"yoast_head":"<!-- This site is optimized with the Yoast SEO plugin v19.7.1 - https:\/\/yoast.com\/wordpress\/plugins\/seo\/ -->\n<title>La S\u00e9ptima de Automoto, a la final del torneo Extra - CELTTV<\/title>\n<meta name=\"description\" content=\"Sitio web de noticias de la localidad de Tornquist, provincia de Buenos Aires, Rep\u00fablica Argentina. Contenido propio originado por periodistas de CELTTV, el canal de TV local de la Cooperativa El\u00e9ctrica de Tornquist. Turismo, Pol\u00edtica, Sociedad, Deporte, Cultura y todo el contenido de inter\u00e9s general que la gente del pueblo y la regi\u00f3n debe conocer.\" \/>\n<meta name=\"robots\" content=\"index, follow, max-snippet:-1, max-image-preview:large, max-video-preview:-1\" \/>\n<link rel=\"canonical\" href=\"https:\/\/www.celttv.com.ar\/index.php\/2018\/12\/11\/la-septima-de-automoto-a-la-final-del-torneo-extra\/\" \/>\n<meta property=\"og:locale\" content=\"es_ES\" \/>\n<meta property=\"og:type\" content=\"article\" \/>\n<meta property=\"og:title\" content=\"La S\u00e9ptima de Automoto, a la final del torneo Extra - CELTTV\" \/>\n<meta property=\"og:description\" content=\"Sitio web de noticias de la localidad de Tornquist, provincia de Buenos Aires, Rep\u00fablica Argentina. Contenido propio originado por periodistas de CELTTV, el canal de TV local de la Cooperativa El\u00e9ctrica de Tornquist. Turismo, Pol\u00edtica, Sociedad, Deporte, Cultura y todo el contenido de inter\u00e9s general que la gente del pueblo y la regi\u00f3n debe conocer.\" \/>\n<meta property=\"og:url\" content=\"https:\/\/www.celttv.com.ar\/index.php\/2018\/12\/11\/la-septima-de-automoto-a-la-final-del-torneo-extra\/\" \/>\n<meta property=\"og:site_name\" content=\"CELTTV\" \/>\n<meta property=\"article:publisher\" content=\"https:\/\/www.facebook.com\/celtTV\/\" \/>\n<meta property=\"article:published_time\" content=\"2018-12-11T14:08:45+00:00\" \/>\n<meta property=\"og:image\" content=\"https:\/\/www.celttv.com.ar\/wp-content\/uploads\/2018\/12\/DSC_3440.jpg\" \/>\n\t<meta property=\"og:image:width\" content=\"960\" \/>\n\t<meta property=\"og:image:height\" content=\"605\" \/>\n\t<meta property=\"og:image:type\" content=\"image\/jpeg\" \/>\n<meta name=\"author\" content=\"ulises\" \/>\n<meta name=\"twitter:card\" content=\"summary_large_image\" \/>\n<meta name=\"twitter:label1\" content=\"Escrito por\" \/>\n\t<meta name=\"twitter:data1\" content=\"ulises\" \/>\n\t<meta name=\"twitter:label2\" content=\"Tiempo de lectura\" \/>\n\t<meta name=\"twitter:data2\" content=\"1 minuto\" \/>\n<script type=\"application\/ld+json\" class=\"yoast-schema-graph\">{\"@context\":\"https:\/\/schema.org\",\"@graph\":[{\"@type\":\"NewsArticle\",\"@id\":\"https:\/\/www.celttv.com.ar\/index.php\/2018\/12\/11\/la-septima-de-automoto-a-la-final-del-torneo-extra\/#article\",\"isPartOf\":{\"@id\":\"https:\/\/www.celttv.com.ar\/index.php\/2018\/12\/11\/la-septima-de-automoto-a-la-final-del-torneo-extra\/\"},\"author\":{\"name\":\"ulises\",\"@id\":\"https:\/\/www.celttv.com.ar\/#\/schema\/person\/6d99c072dba59953809c81446e9d0ace\"},\"headline\":\"La S\u00e9ptima de Automoto, a la final del torneo Extra\",\"datePublished\":\"2018-12-11T14:08:45+00:00\",\"dateModified\":\"2018-12-11T14:08:45+00:00\",\"mainEntityOfPage\":{\"@id\":\"https:\/\/www.celttv.com.ar\/index.php\/2018\/12\/11\/la-septima-de-automoto-a-la-final-del-torneo-extra\/\"},\"wordCount\":285,\"publisher\":{\"@id\":\"https:\/\/www.celttv.com.ar\/#organization\"},\"articleSection\":[\"Celt TV Noticias\",\"Deporte\",\"Destacadas\",\"Magazine Sport\"],\"inLanguage\":\"es\"},{\"@type\":\"WebPage\",\"@id\":\"https:\/\/www.celttv.com.ar\/index.php\/2018\/12\/11\/la-septima-de-automoto-a-la-final-del-torneo-extra\/\",\"url\":\"https:\/\/www.celttv.com.ar\/index.php\/2018\/12\/11\/la-septima-de-automoto-a-la-final-del-torneo-extra\/\",\"name\":\"La S\u00e9ptima de Automoto, a la final del torneo Extra - CELTTV\",\"isPartOf\":{\"@id\":\"https:\/\/www.celttv.com.ar\/#website\"},\"datePublished\":\"2018-12-11T14:08:45+00:00\",\"dateModified\":\"2018-12-11T14:08:45+00:00\",\"description\":\"Sitio web de noticias de la localidad de Tornquist, provincia de Buenos Aires, Rep\u00fablica Argentina. Contenido propio originado por periodistas de CELTTV, el canal de TV local de la Cooperativa El\u00e9ctrica de Tornquist. Turismo, Pol\u00edtica, Sociedad, Deporte, Cultura y todo el contenido de inter\u00e9s general que la gente del pueblo y la regi\u00f3n debe conocer.\",\"breadcrumb\":{\"@id\":\"https:\/\/www.celttv.com.ar\/index.php\/2018\/12\/11\/la-septima-de-automoto-a-la-final-del-torneo-extra\/#breadcrumb\"},\"inLanguage\":\"es\",\"potentialAction\":[{\"@type\":\"ReadAction\",\"target\":[\"https:\/\/www.celttv.com.ar\/index.php\/2018\/12\/11\/la-septima-de-automoto-a-la-final-del-torneo-extra\/\"]}]},{\"@type\":\"BreadcrumbList\",\"@id\":\"https:\/\/www.celttv.com.ar\/index.php\/2018\/12\/11\/la-septima-de-automoto-a-la-final-del-torneo-extra\/#breadcrumb\",\"itemListElement\":[{\"@type\":\"ListItem\",\"position\":1,\"name\":\"Inicio\",\"item\":\"https:\/\/www.celttv.com.ar\/\"},{\"@type\":\"ListItem\",\"position\":2,\"name\":\"La S\u00e9ptima de Automoto, a la final del torneo Extra\"}]},{\"@type\":\"WebSite\",\"@id\":\"https:\/\/www.celttv.com.ar\/#website\",\"url\":\"https:\/\/www.celttv.com.ar\/\",\"name\":\"CELTTV\",\"description\":\"Cooperativa El\u00e9ctrica de Tornquist\",\"publisher\":{\"@id\":\"https:\/\/www.celttv.com.ar\/#organization\"},\"potentialAction\":[{\"@type\":\"SearchAction\",\"target\":{\"@type\":\"EntryPoint\",\"urlTemplate\":\"https:\/\/www.celttv.com.ar\/?s={search_term_string}\"},\"query-input\":\"required name=search_term_string\"}],\"inLanguage\":\"es\"},{\"@type\":\"Organization\",\"@id\":\"https:\/\/www.celttv.com.ar\/#organization\",\"name\":\"CELTTV\",\"url\":\"https:\/\/www.celttv.com.ar\/\",\"sameAs\":[\"https:\/\/www.youtube.com\/channel\/UCz_oIt8Hig64Ub-EmcNPIhg\",\"https:\/\/www.facebook.com\/celtTV\/\"],\"logo\":{\"@type\":\"ImageObject\",\"inLanguage\":\"es\",\"@id\":\"https:\/\/www.celttv.com.ar\/#\/schema\/logo\/image\/\",\"url\":\"http:\/\/www.celttv.com.ar\/wp-content\/uploads\/2022\/08\/logo-1.png\",\"contentUrl\":\"http:\/\/www.celttv.com.ar\/wp-content\/uploads\/2022\/08\/logo-1.png\",\"width\":461,\"height\":159,\"caption\":\"CELTTV\"},\"image\":{\"@id\":\"https:\/\/www.celttv.com.ar\/#\/schema\/logo\/image\/\"}},{\"@type\":\"Person\",\"@id\":\"https:\/\/www.celttv.com.ar\/#\/schema\/person\/6d99c072dba59953809c81446e9d0ace\",\"name\":\"ulises\",\"image\":{\"@type\":\"ImageObject\",\"inLanguage\":\"es\",\"@id\":\"https:\/\/www.celttv.com.ar\/#\/schema\/person\/image\/\",\"url\":\"https:\/\/secure.gravatar.com\/avatar\/7f2c48bdc33b30088f941fb6082e555f2874c98e20cb159d7b92b50eadfce793?s=96&d=mm&r=g\",\"contentUrl\":\"https:\/\/secure.gravatar.com\/avatar\/7f2c48bdc33b30088f941fb6082e555f2874c98e20cb159d7b92b50eadfce793?s=96&d=mm&r=g\",\"caption\":\"ulises\"},\"sameAs\":[\"http:\/\/www.celttv.com.ar\"]}]}<\/script>\n<!-- \/ Yoast SEO plugin. -->","yoast_head_json":{"title":"La S\u00e9ptima de Automoto, a la final del torneo Extra - CELTTV","description":"Sitio web de noticias de la localidad de Tornquist, provincia de Buenos Aires, Rep\u00fablica Argentina. Contenido propio originado por periodistas de CELTTV, el canal de TV local de la Cooperativa El\u00e9ctrica de Tornquist. Turismo, Pol\u00edtica, Sociedad, Deporte, Cultura y todo el contenido de inter\u00e9s general que la gente del pueblo y la regi\u00f3n debe conocer.","robots":{"index":"index","follow":"follow","max-snippet":"max-snippet:-1","max-image-preview":"max-image-preview:large","max-video-preview":"max-video-preview:-1"},"canonical":"https:\/\/www.celttv.com.ar\/index.php\/2018\/12\/11\/la-septima-de-automoto-a-la-final-del-torneo-extra\/","og_locale":"es_ES","og_type":"article","og_title":"La S\u00e9ptima de Automoto, a la final del torneo Extra - CELTTV","og_description":"Sitio web de noticias de la localidad de Tornquist, provincia de Buenos Aires, Rep\u00fablica Argentina. Contenido propio originado por periodistas de CELTTV, el canal de TV local de la Cooperativa El\u00e9ctrica de Tornquist. Turismo, Pol\u00edtica, Sociedad, Deporte, Cultura y todo el contenido de inter\u00e9s general que la gente del pueblo y la regi\u00f3n debe conocer.","og_url":"https:\/\/www.celttv.com.ar\/index.php\/2018\/12\/11\/la-septima-de-automoto-a-la-final-del-torneo-extra\/","og_site_name":"CELTTV","article_publisher":"https:\/\/www.facebook.com\/celtTV\/","article_published_time":"2018-12-11T14:08:45+00:00","og_image":[{"width":960,"height":605,"url":"https:\/\/www.celttv.com.ar\/wp-content\/uploads\/2018\/12\/DSC_3440.jpg","type":"image\/jpeg"}],"author":"ulises","twitter_card":"summary_large_image","twitter_misc":{"Escrito por":"ulises","Tiempo de lectura":"1 minuto"},"schema":{"@context":"https:\/\/schema.org","@graph":[{"@type":"NewsArticle","@id":"https:\/\/www.celttv.com.ar\/index.php\/2018\/12\/11\/la-septima-de-automoto-a-la-final-del-torneo-extra\/#article","isPartOf":{"@id":"https:\/\/www.celttv.com.ar\/index.php\/2018\/12\/11\/la-septima-de-automoto-a-la-final-del-torneo-extra\/"},"author":{"name":"ulises","@id":"https:\/\/www.celttv.com.ar\/#\/schema\/person\/6d99c072dba59953809c81446e9d0ace"},"headline":"La S\u00e9ptima de Automoto, a la final del torneo Extra","datePublished":"2018-12-11T14:08:45+00:00","dateModified":"2018-12-11T14:08:45+00:00","mainEntityOfPage":{"@id":"https:\/\/www.celttv.com.ar\/index.php\/2018\/12\/11\/la-septima-de-automoto-a-la-final-del-torneo-extra\/"},"wordCount":285,"publisher":{"@id":"https:\/\/www.celttv.com.ar\/#organization"},"articleSection":["Celt TV Noticias","Deporte","Destacadas","Magazine Sport"],"inLanguage":"es"},{"@type":"WebPage","@id":"https:\/\/www.celttv.com.ar\/index.php\/2018\/12\/11\/la-septima-de-automoto-a-la-final-del-torneo-extra\/","url":"https:\/\/www.celttv.com.ar\/index.php\/2018\/12\/11\/la-septima-de-automoto-a-la-final-del-torneo-extra\/","name":"La S\u00e9ptima de Automoto, a la final del torneo Extra - CELTTV","isPartOf":{"@id":"https:\/\/www.celttv.com.ar\/#website"},"datePublished":"2018-12-11T14:08:45+00:00","dateModified":"2018-12-11T14:08:45+00:00","description":"Sitio web de noticias de la localidad de Tornquist, provincia de Buenos Aires, Rep\u00fablica Argentina. Contenido propio originado por periodistas de CELTTV, el canal de TV local de la Cooperativa El\u00e9ctrica de Tornquist. Turismo, Pol\u00edtica, Sociedad, Deporte, Cultura y todo el contenido de inter\u00e9s general que la gente del pueblo y la regi\u00f3n debe conocer.","breadcrumb":{"@id":"https:\/\/www.celttv.com.ar\/index.php\/2018\/12\/11\/la-septima-de-automoto-a-la-final-del-torneo-extra\/#breadcrumb"},"inLanguage":"es","potentialAction":[{"@type":"ReadAction","target":["https:\/\/www.celttv.com.ar\/index.php\/2018\/12\/11\/la-septima-de-automoto-a-la-final-del-torneo-extra\/"]}]},{"@type":"BreadcrumbList","@id":"https:\/\/www.celttv.com.ar\/index.php\/2018\/12\/11\/la-septima-de-automoto-a-la-final-del-torneo-extra\/#breadcrumb","itemListElement":[{"@type":"ListItem","position":1,"name":"Inicio","item":"https:\/\/www.celttv.com.ar\/"},{"@type":"ListItem","position":2,"name":"La S\u00e9ptima de Automoto, a la final del torneo Extra"}]},{"@type":"WebSite","@id":"https:\/\/www.celttv.com.ar\/#website","url":"https:\/\/www.celttv.com.ar\/","name":"CELTTV","description":"Cooperativa El\u00e9ctrica de Tornquist","publisher":{"@id":"https:\/\/www.celttv.com.ar\/#organization"},"potentialAction":[{"@type":"SearchAction","target":{"@type":"EntryPoint","urlTemplate":"https:\/\/www.celttv.com.ar\/?s={search_term_string}"},"query-input":"required name=search_term_string"}],"inLanguage":"es"},{"@type":"Organization","@id":"https:\/\/www.celttv.com.ar\/#organization","name":"CELTTV","url":"https:\/\/www.celttv.com.ar\/","sameAs":["https:\/\/www.youtube.com\/channel\/UCz_oIt8Hig64Ub-EmcNPIhg","https:\/\/www.facebook.com\/celtTV\/"],"logo":{"@type":"ImageObject","inLanguage":"es","@id":"https:\/\/www.celttv.com.ar\/#\/schema\/logo\/image\/","url":"http:\/\/www.celttv.com.ar\/wp-content\/uploads\/2022\/08\/logo-1.png","contentUrl":"http:\/\/www.celttv.com.ar\/wp-content\/uploads\/2022\/08\/logo-1.png","width":461,"height":159,"caption":"CELTTV"},"image":{"@id":"https:\/\/www.celttv.com.ar\/#\/schema\/logo\/image\/"}},{"@type":"Person","@id":"https:\/\/www.celttv.com.ar\/#\/schema\/person\/6d99c072dba59953809c81446e9d0ace","name":"ulises","image":{"@type":"ImageObject","inLanguage":"es","@id":"https:\/\/www.celttv.com.ar\/#\/schema\/person\/image\/","url":"https:\/\/secure.gravatar.com\/avatar\/7f2c48bdc33b30088f941fb6082e555f2874c98e20cb159d7b92b50eadfce793?s=96&d=mm&r=g","contentUrl":"https:\/\/secure.gravatar.com\/avatar\/7f2c48bdc33b30088f941fb6082e555f2874c98e20cb159d7b92b50eadfce793?s=96&d=mm&r=g","caption":"ulises"},"sameAs":["http:\/\/www.celttv.com.ar"]}]}},"_links":{"self":[{"href":"https:\/\/www.celttv.com.ar\/index.php\/wp-json\/wp\/v2\/posts\/39012","targetHints":{"allow":["GET"]}}],"collection":[{"href":"https:\/\/www.celttv.com.ar\/index.php\/wp-json\/wp\/v2\/posts"}],"about":[{"href":"https:\/\/www.celttv.com.ar\/index.php\/wp-json\/wp\/v2\/types\/post"}],"author":[{"embeddable":true,"href":"https:\/\/www.celttv.com.ar\/index.php\/wp-json\/wp\/v2\/users\/1"}],"replies":[{"embeddable":true,"href":"https:\/\/www.celttv.com.ar\/index.php\/wp-json\/wp\/v2\/comments?post=39012"}],"version-history":[{"count":0,"href":"https:\/\/www.celttv.com.ar\/index.php\/wp-json\/wp\/v2\/posts\/39012\/revisions"}],"wp:featuredmedia":[{"embeddable":true,"href":"https:\/\/www.celttv.com.ar\/index.php\/wp-json\/wp\/v2\/media\/39015"}],"wp:attachment":[{"href":"https:\/\/www.celttv.com.ar\/index.php\/wp-json\/wp\/v2\/media?parent=39012"}],"wp:term":[{"taxonomy":"category","embeddable":true,"href":"https:\/\/www.celttv.com.ar\/index.php\/wp-json\/wp\/v2\/categories?post=39012"},{"taxonomy":"post_tag","embeddable":true,"href":"https:\/\/www.celttv.com.ar\/index.php\/wp-json\/wp\/v2\/tags?post=39012"}],"curies":[{"name":"wp","href":"https:\/\/api.w.org\/{rel}","templated":true}]}}