{"id":39019,"date":"2018-12-11T22:56:10","date_gmt":"2018-12-11T22:56:10","guid":{"rendered":"http:\/\/www.celttv.com.ar\/?p=39019"},"modified":"2018-12-11T22:56:10","modified_gmt":"2018-12-11T22:56:10","slug":"preocupacion-frente-a-la-falta-de-vacunas-antirrabicas-de-uso-humano","status":"publish","type":"post","link":"https:\/\/www.celttv.com.ar\/index.php\/2018\/12\/11\/preocupacion-frente-a-la-falta-de-vacunas-antirrabicas-de-uso-humano\/","title":{"rendered":"PREOCUPACI\u00d3N FRENTE A LA FALTA DE VACUNAS ANTIRR\u00c1BICAS DE USO HUMANO"},"content":{"rendered":"<p>\u201cHoy m\u00e1s que nunca debemos actuar con responsabilidad y extremar recursos y esfuerzos\u201d se\u00f1alan desde el Colegio de Veterinarios de la Provincia de Buenos Aires, frente a la falta de vacunas humanas para la rabia.<br \/>\nLa rabia es una enfermedad prevenible mediante vacunaci\u00f3n que afecta a m\u00e1s de 150 pa\u00edses y territorios; en su gran mayor\u00eda, seg\u00fan se\u00f1ala la Organizaci\u00f3n Mundial de Salud, las muertes por rabia en el ser humano tienen como fuente principal de infecci\u00f3n al perro.<br \/>\nEn este sentido, la principal forma de prevenir esta enfermedad es vacunando a los perros y gatos y evitando sus mordeduras. En este punto, los profesionales veterinarios tienen un rol primordial, y deben extremar los esfuerzos para que la mayor cantidad de animales sospechosos sean controlados seg\u00fan protocolos. \u201cLo ideal ser\u00e1 el control cl\u00ednico y en caso de muerte del animal, su diagn\u00f3stico post mortem\u201d se\u00f1alan veterinarios bonaerenses.<br \/>\nPor otro lado, es necesario reforzar la vacunaci\u00f3n de felinos y caninos; y exponer, en su justa medida, el riesgo que pueden padecer las personas. Es as\u00ed que las autoridades del Colegio de Veterinarios manifiestan que \u201cen las actuales circunstancias de control de la rabia urbana, el mayor peligro est\u00e1 representado por la disminuci\u00f3n de la percepci\u00f3n del riesgo por parte de la comunidad, incluidos los m\u00e9dicos veterinarios y las autoridades\u201d, lo que conlleva la disminuci\u00f3n de las dos primeras medidas sanitarias.<br \/>\nLa actual situaci\u00f3n epidemiol\u00f3gica con el aumento de la detecci\u00f3n de murci\u00e9lagos infectados por el virus r\u00e1bico (siendo ellos los reservorios naturales del virus), aumenta la alarma sanitaria y expone a la poblaci\u00f3n ante la falta de vacunas.<br \/>\nEn este contexto, frente a la falta de vacunas preventivas para el tratamiento de la rabia humana el Colegio envi\u00f3 una carta a la Gobernadora de la Provincia, Lic. Mar\u00eda Eugenia Vidal, con el objetivo de presentar la situaci\u00f3n, exponer los riesgos y solicitar las medidas necesarias para la prevenci\u00f3n de esta zoonosis.<br \/>\nCabe se\u00f1alar que, la decisi\u00f3n de vacunar o no a una persona es potestad de la medicina humana, pero las evidencias sobre las que se toma la decisi\u00f3n se las brinda la profesi\u00f3n veterinaria. \u201cEntonces, somos copart\u00edcipes en la preservaci\u00f3n de la vida de las personas; m\u00e1xime en las actuales circunstancias\u201d se\u00f1alan los profesionales.<br \/>\nLa salud humana y la sanidad animal son interdependientes, el Colegio de Veterinarios est\u00e1 comprometido y trabaja por \u201cUNA SALUD\u201d.<a href=\"http:\/\/www.celttv.com.ar\/?attachment_id=39020\" rel=\"attachment wp-att-39020\"><img loading=\"lazy\" decoding=\"async\" class=\"alignleft size-medium wp-image-39020\" src=\"http:\/\/www.celttv.com.ar\/wp-content\/uploads\/2018\/12\/murcu-780x520.jpg\" alt=\"\" width=\"780\" height=\"520\" \/><\/a><\/p>\n","protected":false},"excerpt":{"rendered":"<p>\u201cHoy m\u00e1s que nunca debemos actuar con responsabilidad y extremar recursos y esfuerzos\u201d se\u00f1alan desde el Colegio de Veterinarios de la Provincia de Buenos Aires, frente a la falta de vacunas humanas para la rabia. La rabia es una enfermedad prevenible mediante vacunaci\u00f3n que afecta a m\u00e1s de 150 pa\u00edses y territorios; en su gran [&hellip;]<\/p>\n","protected":false},"author":1,"featured_media":39020,"comment_status":"closed","ping_status":"open","sticky":false,"template":"","format":"standard","meta":{"footnotes":""},"categories":[51,52],"tags":[],"class_list":["post-39019","post","type-post","status-publish","format-standard","has-post-thumbnail","hentry","category-comunidad","category-destacadas"],"yoast_head":"<!-- This site is optimized with the Yoast SEO plugin v19.7.1 - https:\/\/yoast.com\/wordpress\/plugins\/seo\/ -->\n<title>PREOCUPACI\u00d3N FRENTE A LA FALTA DE VACUNAS ANTIRR\u00c1BICAS DE USO HUMANO - CELTTV<\/title>\n<meta name=\"description\" content=\"Sitio web de noticias de la localidad de Tornquist, provincia de Buenos Aires, Rep\u00fablica Argentina. Contenido propio originado por periodistas de CELTTV, el canal de TV local de la Cooperativa El\u00e9ctrica de Tornquist. Turismo, Pol\u00edtica, Sociedad, Deporte, Cultura y todo el contenido de inter\u00e9s general que la gente del pueblo y la regi\u00f3n debe conocer.\" \/>\n<meta name=\"robots\" content=\"index, follow, max-snippet:-1, max-image-preview:large, max-video-preview:-1\" \/>\n<link rel=\"canonical\" href=\"https:\/\/www.celttv.com.ar\/index.php\/2018\/12\/11\/preocupacion-frente-a-la-falta-de-vacunas-antirrabicas-de-uso-humano\/\" \/>\n<meta property=\"og:locale\" content=\"es_ES\" \/>\n<meta property=\"og:type\" content=\"article\" \/>\n<meta property=\"og:title\" content=\"PREOCUPACI\u00d3N FRENTE A LA FALTA DE VACUNAS ANTIRR\u00c1BICAS DE USO HUMANO - CELTTV\" \/>\n<meta property=\"og:description\" content=\"Sitio web de noticias de la localidad de Tornquist, provincia de Buenos Aires, Rep\u00fablica Argentina. Contenido propio originado por periodistas de CELTTV, el canal de TV local de la Cooperativa El\u00e9ctrica de Tornquist. Turismo, Pol\u00edtica, Sociedad, Deporte, Cultura y todo el contenido de inter\u00e9s general que la gente del pueblo y la regi\u00f3n debe conocer.\" \/>\n<meta property=\"og:url\" content=\"https:\/\/www.celttv.com.ar\/index.php\/2018\/12\/11\/preocupacion-frente-a-la-falta-de-vacunas-antirrabicas-de-uso-humano\/\" \/>\n<meta property=\"og:site_name\" content=\"CELTTV\" \/>\n<meta property=\"article:publisher\" content=\"https:\/\/www.facebook.com\/celtTV\/\" \/>\n<meta property=\"article:published_time\" content=\"2018-12-11T22:56:10+00:00\" \/>\n<meta property=\"og:image\" content=\"https:\/\/www.celttv.com.ar\/wp-content\/uploads\/2018\/12\/murcu.jpg\" \/>\n\t<meta property=\"og:image:width\" content=\"960\" \/>\n\t<meta property=\"og:image:height\" content=\"640\" \/>\n\t<meta property=\"og:image:type\" content=\"image\/jpeg\" \/>\n<meta name=\"author\" content=\"ulises\" \/>\n<meta name=\"twitter:card\" content=\"summary_large_image\" \/>\n<meta name=\"twitter:label1\" content=\"Escrito por\" \/>\n\t<meta name=\"twitter:data1\" content=\"ulises\" \/>\n\t<meta name=\"twitter:label2\" content=\"Tiempo de lectura\" \/>\n\t<meta name=\"twitter:data2\" content=\"2 minutos\" \/>\n<script type=\"application\/ld+json\" class=\"yoast-schema-graph\">{\"@context\":\"https:\/\/schema.org\",\"@graph\":[{\"@type\":\"NewsArticle\",\"@id\":\"https:\/\/www.celttv.com.ar\/index.php\/2018\/12\/11\/preocupacion-frente-a-la-falta-de-vacunas-antirrabicas-de-uso-humano\/#article\",\"isPartOf\":{\"@id\":\"https:\/\/www.celttv.com.ar\/index.php\/2018\/12\/11\/preocupacion-frente-a-la-falta-de-vacunas-antirrabicas-de-uso-humano\/\"},\"author\":{\"name\":\"ulises\",\"@id\":\"https:\/\/www.celttv.com.ar\/#\/schema\/person\/6d99c072dba59953809c81446e9d0ace\"},\"headline\":\"PREOCUPACI\u00d3N FRENTE A LA FALTA DE VACUNAS ANTIRR\u00c1BICAS DE USO HUMANO\",\"datePublished\":\"2018-12-11T22:56:10+00:00\",\"dateModified\":\"2018-12-11T22:56:10+00:00\",\"mainEntityOfPage\":{\"@id\":\"https:\/\/www.celttv.com.ar\/index.php\/2018\/12\/11\/preocupacion-frente-a-la-falta-de-vacunas-antirrabicas-de-uso-humano\/\"},\"wordCount\":442,\"publisher\":{\"@id\":\"https:\/\/www.celttv.com.ar\/#organization\"},\"articleSection\":[\"Comunidad\",\"Destacadas\"],\"inLanguage\":\"es\"},{\"@type\":\"WebPage\",\"@id\":\"https:\/\/www.celttv.com.ar\/index.php\/2018\/12\/11\/preocupacion-frente-a-la-falta-de-vacunas-antirrabicas-de-uso-humano\/\",\"url\":\"https:\/\/www.celttv.com.ar\/index.php\/2018\/12\/11\/preocupacion-frente-a-la-falta-de-vacunas-antirrabicas-de-uso-humano\/\",\"name\":\"PREOCUPACI\u00d3N FRENTE A LA FALTA DE VACUNAS ANTIRR\u00c1BICAS DE USO HUMANO - CELTTV\",\"isPartOf\":{\"@id\":\"https:\/\/www.celttv.com.ar\/#website\"},\"datePublished\":\"2018-12-11T22:56:10+00:00\",\"dateModified\":\"2018-12-11T22:56:10+00:00\",\"description\":\"Sitio web de noticias de la localidad de Tornquist, provincia de Buenos Aires, Rep\u00fablica Argentina. Contenido propio originado por periodistas de CELTTV, el canal de TV local de la Cooperativa El\u00e9ctrica de Tornquist. Turismo, Pol\u00edtica, Sociedad, Deporte, Cultura y todo el contenido de inter\u00e9s general que la gente del pueblo y la regi\u00f3n debe conocer.\",\"breadcrumb\":{\"@id\":\"https:\/\/www.celttv.com.ar\/index.php\/2018\/12\/11\/preocupacion-frente-a-la-falta-de-vacunas-antirrabicas-de-uso-humano\/#breadcrumb\"},\"inLanguage\":\"es\",\"potentialAction\":[{\"@type\":\"ReadAction\",\"target\":[\"https:\/\/www.celttv.com.ar\/index.php\/2018\/12\/11\/preocupacion-frente-a-la-falta-de-vacunas-antirrabicas-de-uso-humano\/\"]}]},{\"@type\":\"BreadcrumbList\",\"@id\":\"https:\/\/www.celttv.com.ar\/index.php\/2018\/12\/11\/preocupacion-frente-a-la-falta-de-vacunas-antirrabicas-de-uso-humano\/#breadcrumb\",\"itemListElement\":[{\"@type\":\"ListItem\",\"position\":1,\"name\":\"Inicio\",\"item\":\"https:\/\/www.celttv.com.ar\/\"},{\"@type\":\"ListItem\",\"position\":2,\"name\":\"PREOCUPACI\u00d3N FRENTE A LA FALTA DE VACUNAS ANTIRR\u00c1BICAS DE USO HUMANO\"}]},{\"@type\":\"WebSite\",\"@id\":\"https:\/\/www.celttv.com.ar\/#website\",\"url\":\"https:\/\/www.celttv.com.ar\/\",\"name\":\"CELTTV\",\"description\":\"Cooperativa El\u00e9ctrica de Tornquist\",\"publisher\":{\"@id\":\"https:\/\/www.celttv.com.ar\/#organization\"},\"potentialAction\":[{\"@type\":\"SearchAction\",\"target\":{\"@type\":\"EntryPoint\",\"urlTemplate\":\"https:\/\/www.celttv.com.ar\/?s={search_term_string}\"},\"query-input\":\"required name=search_term_string\"}],\"inLanguage\":\"es\"},{\"@type\":\"Organization\",\"@id\":\"https:\/\/www.celttv.com.ar\/#organization\",\"name\":\"CELTTV\",\"url\":\"https:\/\/www.celttv.com.ar\/\",\"sameAs\":[\"https:\/\/www.youtube.com\/channel\/UCz_oIt8Hig64Ub-EmcNPIhg\",\"https:\/\/www.facebook.com\/celtTV\/\"],\"logo\":{\"@type\":\"ImageObject\",\"inLanguage\":\"es\",\"@id\":\"https:\/\/www.celttv.com.ar\/#\/schema\/logo\/image\/\",\"url\":\"http:\/\/www.celttv.com.ar\/wp-content\/uploads\/2022\/08\/logo-1.png\",\"contentUrl\":\"http:\/\/www.celttv.com.ar\/wp-content\/uploads\/2022\/08\/logo-1.png\",\"width\":461,\"height\":159,\"caption\":\"CELTTV\"},\"image\":{\"@id\":\"https:\/\/www.celttv.com.ar\/#\/schema\/logo\/image\/\"}},{\"@type\":\"Person\",\"@id\":\"https:\/\/www.celttv.com.ar\/#\/schema\/person\/6d99c072dba59953809c81446e9d0ace\",\"name\":\"ulises\",\"image\":{\"@type\":\"ImageObject\",\"inLanguage\":\"es\",\"@id\":\"https:\/\/www.celttv.com.ar\/#\/schema\/person\/image\/\",\"url\":\"https:\/\/secure.gravatar.com\/avatar\/7f2c48bdc33b30088f941fb6082e555f2874c98e20cb159d7b92b50eadfce793?s=96&d=mm&r=g\",\"contentUrl\":\"https:\/\/secure.gravatar.com\/avatar\/7f2c48bdc33b30088f941fb6082e555f2874c98e20cb159d7b92b50eadfce793?s=96&d=mm&r=g\",\"caption\":\"ulises\"},\"sameAs\":[\"http:\/\/www.celttv.com.ar\"]}]}<\/script>\n<!-- \/ Yoast SEO plugin. -->","yoast_head_json":{"title":"PREOCUPACI\u00d3N FRENTE A LA FALTA DE VACUNAS ANTIRR\u00c1BICAS DE USO HUMANO - CELTTV","description":"Sitio web de noticias de la localidad de Tornquist, provincia de Buenos Aires, Rep\u00fablica Argentina. Contenido propio originado por periodistas de CELTTV, el canal de TV local de la Cooperativa El\u00e9ctrica de Tornquist. Turismo, Pol\u00edtica, Sociedad, Deporte, Cultura y todo el contenido de inter\u00e9s general que la gente del pueblo y la regi\u00f3n debe conocer.","robots":{"index":"index","follow":"follow","max-snippet":"max-snippet:-1","max-image-preview":"max-image-preview:large","max-video-preview":"max-video-preview:-1"},"canonical":"https:\/\/www.celttv.com.ar\/index.php\/2018\/12\/11\/preocupacion-frente-a-la-falta-de-vacunas-antirrabicas-de-uso-humano\/","og_locale":"es_ES","og_type":"article","og_title":"PREOCUPACI\u00d3N FRENTE A LA FALTA DE VACUNAS ANTIRR\u00c1BICAS DE USO HUMANO - CELTTV","og_description":"Sitio web de noticias de la localidad de Tornquist, provincia de Buenos Aires, Rep\u00fablica Argentina. Contenido propio originado por periodistas de CELTTV, el canal de TV local de la Cooperativa El\u00e9ctrica de Tornquist. Turismo, Pol\u00edtica, Sociedad, Deporte, Cultura y todo el contenido de inter\u00e9s general que la gente del pueblo y la regi\u00f3n debe conocer.","og_url":"https:\/\/www.celttv.com.ar\/index.php\/2018\/12\/11\/preocupacion-frente-a-la-falta-de-vacunas-antirrabicas-de-uso-humano\/","og_site_name":"CELTTV","article_publisher":"https:\/\/www.facebook.com\/celtTV\/","article_published_time":"2018-12-11T22:56:10+00:00","og_image":[{"width":960,"height":640,"url":"https:\/\/www.celttv.com.ar\/wp-content\/uploads\/2018\/12\/murcu.jpg","type":"image\/jpeg"}],"author":"ulises","twitter_card":"summary_large_image","twitter_misc":{"Escrito por":"ulises","Tiempo de lectura":"2 minutos"},"schema":{"@context":"https:\/\/schema.org","@graph":[{"@type":"NewsArticle","@id":"https:\/\/www.celttv.com.ar\/index.php\/2018\/12\/11\/preocupacion-frente-a-la-falta-de-vacunas-antirrabicas-de-uso-humano\/#article","isPartOf":{"@id":"https:\/\/www.celttv.com.ar\/index.php\/2018\/12\/11\/preocupacion-frente-a-la-falta-de-vacunas-antirrabicas-de-uso-humano\/"},"author":{"name":"ulises","@id":"https:\/\/www.celttv.com.ar\/#\/schema\/person\/6d99c072dba59953809c81446e9d0ace"},"headline":"PREOCUPACI\u00d3N FRENTE A LA FALTA DE VACUNAS ANTIRR\u00c1BICAS DE USO HUMANO","datePublished":"2018-12-11T22:56:10+00:00","dateModified":"2018-12-11T22:56:10+00:00","mainEntityOfPage":{"@id":"https:\/\/www.celttv.com.ar\/index.php\/2018\/12\/11\/preocupacion-frente-a-la-falta-de-vacunas-antirrabicas-de-uso-humano\/"},"wordCount":442,"publisher":{"@id":"https:\/\/www.celttv.com.ar\/#organization"},"articleSection":["Comunidad","Destacadas"],"inLanguage":"es"},{"@type":"WebPage","@id":"https:\/\/www.celttv.com.ar\/index.php\/2018\/12\/11\/preocupacion-frente-a-la-falta-de-vacunas-antirrabicas-de-uso-humano\/","url":"https:\/\/www.celttv.com.ar\/index.php\/2018\/12\/11\/preocupacion-frente-a-la-falta-de-vacunas-antirrabicas-de-uso-humano\/","name":"PREOCUPACI\u00d3N FRENTE A LA FALTA DE VACUNAS ANTIRR\u00c1BICAS DE USO HUMANO - CELTTV","isPartOf":{"@id":"https:\/\/www.celttv.com.ar\/#website"},"datePublished":"2018-12-11T22:56:10+00:00","dateModified":"2018-12-11T22:56:10+00:00","description":"Sitio web de noticias de la localidad de Tornquist, provincia de Buenos Aires, Rep\u00fablica Argentina. Contenido propio originado por periodistas de CELTTV, el canal de TV local de la Cooperativa El\u00e9ctrica de Tornquist. Turismo, Pol\u00edtica, Sociedad, Deporte, Cultura y todo el contenido de inter\u00e9s general que la gente del pueblo y la regi\u00f3n debe conocer.","breadcrumb":{"@id":"https:\/\/www.celttv.com.ar\/index.php\/2018\/12\/11\/preocupacion-frente-a-la-falta-de-vacunas-antirrabicas-de-uso-humano\/#breadcrumb"},"inLanguage":"es","potentialAction":[{"@type":"ReadAction","target":["https:\/\/www.celttv.com.ar\/index.php\/2018\/12\/11\/preocupacion-frente-a-la-falta-de-vacunas-antirrabicas-de-uso-humano\/"]}]},{"@type":"BreadcrumbList","@id":"https:\/\/www.celttv.com.ar\/index.php\/2018\/12\/11\/preocupacion-frente-a-la-falta-de-vacunas-antirrabicas-de-uso-humano\/#breadcrumb","itemListElement":[{"@type":"ListItem","position":1,"name":"Inicio","item":"https:\/\/www.celttv.com.ar\/"},{"@type":"ListItem","position":2,"name":"PREOCUPACI\u00d3N FRENTE A LA FALTA DE VACUNAS ANTIRR\u00c1BICAS DE USO HUMANO"}]},{"@type":"WebSite","@id":"https:\/\/www.celttv.com.ar\/#website","url":"https:\/\/www.celttv.com.ar\/","name":"CELTTV","description":"Cooperativa El\u00e9ctrica de Tornquist","publisher":{"@id":"https:\/\/www.celttv.com.ar\/#organization"},"potentialAction":[{"@type":"SearchAction","target":{"@type":"EntryPoint","urlTemplate":"https:\/\/www.celttv.com.ar\/?s={search_term_string}"},"query-input":"required name=search_term_string"}],"inLanguage":"es"},{"@type":"Organization","@id":"https:\/\/www.celttv.com.ar\/#organization","name":"CELTTV","url":"https:\/\/www.celttv.com.ar\/","sameAs":["https:\/\/www.youtube.com\/channel\/UCz_oIt8Hig64Ub-EmcNPIhg","https:\/\/www.facebook.com\/celtTV\/"],"logo":{"@type":"ImageObject","inLanguage":"es","@id":"https:\/\/www.celttv.com.ar\/#\/schema\/logo\/image\/","url":"http:\/\/www.celttv.com.ar\/wp-content\/uploads\/2022\/08\/logo-1.png","contentUrl":"http:\/\/www.celttv.com.ar\/wp-content\/uploads\/2022\/08\/logo-1.png","width":461,"height":159,"caption":"CELTTV"},"image":{"@id":"https:\/\/www.celttv.com.ar\/#\/schema\/logo\/image\/"}},{"@type":"Person","@id":"https:\/\/www.celttv.com.ar\/#\/schema\/person\/6d99c072dba59953809c81446e9d0ace","name":"ulises","image":{"@type":"ImageObject","inLanguage":"es","@id":"https:\/\/www.celttv.com.ar\/#\/schema\/person\/image\/","url":"https:\/\/secure.gravatar.com\/avatar\/7f2c48bdc33b30088f941fb6082e555f2874c98e20cb159d7b92b50eadfce793?s=96&d=mm&r=g","contentUrl":"https:\/\/secure.gravatar.com\/avatar\/7f2c48bdc33b30088f941fb6082e555f2874c98e20cb159d7b92b50eadfce793?s=96&d=mm&r=g","caption":"ulises"},"sameAs":["http:\/\/www.celttv.com.ar"]}]}},"_links":{"self":[{"href":"https:\/\/www.celttv.com.ar\/index.php\/wp-json\/wp\/v2\/posts\/39019","targetHints":{"allow":["GET"]}}],"collection":[{"href":"https:\/\/www.celttv.com.ar\/index.php\/wp-json\/wp\/v2\/posts"}],"about":[{"href":"https:\/\/www.celttv.com.ar\/index.php\/wp-json\/wp\/v2\/types\/post"}],"author":[{"embeddable":true,"href":"https:\/\/www.celttv.com.ar\/index.php\/wp-json\/wp\/v2\/users\/1"}],"replies":[{"embeddable":true,"href":"https:\/\/www.celttv.com.ar\/index.php\/wp-json\/wp\/v2\/comments?post=39019"}],"version-history":[{"count":0,"href":"https:\/\/www.celttv.com.ar\/index.php\/wp-json\/wp\/v2\/posts\/39019\/revisions"}],"wp:featuredmedia":[{"embeddable":true,"href":"https:\/\/www.celttv.com.ar\/index.php\/wp-json\/wp\/v2\/media\/39020"}],"wp:attachment":[{"href":"https:\/\/www.celttv.com.ar\/index.php\/wp-json\/wp\/v2\/media?parent=39019"}],"wp:term":[{"taxonomy":"category","embeddable":true,"href":"https:\/\/www.celttv.com.ar\/index.php\/wp-json\/wp\/v2\/categories?post=39019"},{"taxonomy":"post_tag","embeddable":true,"href":"https:\/\/www.celttv.com.ar\/index.php\/wp-json\/wp\/v2\/tags?post=39019"}],"curies":[{"name":"wp","href":"https:\/\/api.w.org\/{rel}","templated":true}]}}