{"id":39066,"date":"2018-12-14T14:27:35","date_gmt":"2018-12-14T14:27:35","guid":{"rendered":"http:\/\/www.celttv.com.ar\/?p=39066"},"modified":"2018-12-14T14:27:35","modified_gmt":"2018-12-14T14:27:35","slug":"benito-a-rubio-fue-electo-presidente-de-la-cooperativa-electrica-de-tornquist-fotos-y-videoentrevistas","status":"publish","type":"post","link":"https:\/\/www.celttv.com.ar\/index.php\/2018\/12\/14\/benito-a-rubio-fue-electo-presidente-de-la-cooperativa-electrica-de-tornquist-fotos-y-videoentrevistas\/","title":{"rendered":"Benito A. Rubio fue electo presidente de la Cooperativa El\u00e9ctrica de Tornquist (fotos y videoentrevistas)"},"content":{"rendered":"<p>Tal como estaba previsto el pasado lunes 10 de Diciembre se realiz\u00f3 la Asamblea de la Cooperativa El\u00e9ctrica Limitada de nuestra ciudad,\u00a0 donde se analiz\u00f3 el ejercicio N\u00ba 61 de la entidad cooperativa ante una buena concurrencia de asociados.\u00a0\u00a0al como estaba previsto el pasado lunes 10 de Diciembre se realiz\u00f3 la Asamblea de la Cooperativa El\u00e9ctrica Limitada de nuestra ciudad,\u00a0 donde se analiz\u00f3 el ejercicio N\u00ba 61 de la entidad cooperativa ante una buena concurrencia de asociados.<br \/>\nEl ejercicio finalizado el 31 de Agosto de este a\u00f1o arroj\u00f3 un balance positivo de 12,6 millones de pesos. Gracias a ese n\u00famero 9,5 millones se destinan a inversiones y se ha realizado un anticipo a la empresa encargada del tendido de fibra \u00f3ptica al hogar de 4,8 millones. As\u00ed de esta manera se informaron adem\u00e1s otros detalles de la distribuci\u00f3n del excedente.<br \/>\nLo importante para el usuario, luego del impacto que sinti\u00f3 en el aumento de tarifas aplicado por el gobierno, es que con buen tino se pudo eliminar la cuota capital que desde 2004 se debi\u00f3 cobrar por las distintas crisis econ\u00f3micas que afectaban tambi\u00e9n en parte a la Cooperativa.<br \/>\nDentro del marco de la reuni\u00f3n se dio a conocer la \u00fanica lista presentada para la conformaci\u00f3n del nuevo Consejo de administraci\u00f3n integrada por\u00a0 el Dr. Francisco Frizza, Karen Callava, Jorge Schmidt, Gustavo Mutti, Sandra Parmigiani, Marcos Toy y Martin Echegu\u00eda continuando adem\u00e1s V\u00edctor Ant\u00f3n , Alberto Rubio y Nicolas Barrio que deja la presidencia. Tambi\u00e9n luego de 13 a\u00f1os deja el consejo el Cr. Ricardo Gabriel Artola.<br \/>\nReuni\u00f3n de distribuci\u00f3n de cargos Este jueves se realiz\u00f3 la reuni\u00f3n de distribuci\u00f3n de cargos y el nuevo consejo de administraci\u00f3n ser\u00e1 presidido por Benito A. Rubio, a quien acompa\u00f1ar\u00e1n por el nuevo per\u00edodo como Vicepresidente: Victor Ant\u00f3n, Secretaria: Mar\u00eda Laura Barrenechea, Prosecretaria: Karen Callava, Tesorero: Ruben Panzitta,\u00a0 Protesorero: Carlos Rossini, Vocales Titulares: Silvia Bonnin, Adrian Cutini, Francisco Frizza, Alfredo Herold, Adriana Muscillo, y Gustavo Mutti. Vocales Suplentes: Jorge Schmidt, Sandra Parmigiani\u00a0 y Marcos Toy. S\u00edndico Titular: Eduardo N. Barrio y S\u00edndico Suplente: Mart\u00edn Echeguia.<br \/>\n<div id='gallery_1' class='gallery galleryid-39066 gallery-columns-3 gallery-size-medium'><figure class='gallery-item'>\n            <div class='gallery-icon landscape'>\n                <a href='https:\/\/www.celttv.com.ar\/wp-content\/uploads\/2018\/12\/IMG_3278-Small-1.jpg'><img loading=\"lazy\" decoding=\"async\" width=\"300\" height=\"200\" src=\"\" class=\"attachment-medium size-medium lazyload\" alt=\"\" data-src=\"https:\/\/www.celttv.com.ar\/wp-content\/uploads\/2018\/12\/IMG_3278-Small-1-300x200.jpg\" data-sizes=\"auto\" data-srcset=\"https:\/\/www.celttv.com.ar\/wp-content\/uploads\/2018\/12\/IMG_3278-Small-1-300x200.jpg 300w, https:\/\/www.celttv.com.ar\/wp-content\/uploads\/2018\/12\/IMG_3278-Small-1.jpg 720w\" data-expand=\"700\" \/><\/a>\n            <\/div><\/figure><figure class='gallery-item'>\n            <div class='gallery-icon landscape'>\n                <a href='https:\/\/www.celttv.com.ar\/wp-content\/uploads\/2018\/12\/IMG_3277-Small-1.jpg'><img loading=\"lazy\" decoding=\"async\" width=\"300\" height=\"200\" src=\"\" class=\"attachment-medium size-medium lazyload\" alt=\"\" data-src=\"https:\/\/www.celttv.com.ar\/wp-content\/uploads\/2018\/12\/IMG_3277-Small-1-300x200.jpg\" data-sizes=\"auto\" data-srcset=\"https:\/\/www.celttv.com.ar\/wp-content\/uploads\/2018\/12\/IMG_3277-Small-1-300x200.jpg 300w, https:\/\/www.celttv.com.ar\/wp-content\/uploads\/2018\/12\/IMG_3277-Small-1.jpg 720w\" data-expand=\"700\" \/><\/a>\n            <\/div><\/figure><figure class='gallery-item'>\n            <div class='gallery-icon landscape'>\n                <a href='https:\/\/www.celttv.com.ar\/wp-content\/uploads\/2018\/12\/IMG_3276-Small-1.jpg'><img loading=\"lazy\" decoding=\"async\" width=\"300\" height=\"200\" src=\"\" class=\"attachment-medium size-medium lazyload\" alt=\"\" data-src=\"https:\/\/www.celttv.com.ar\/wp-content\/uploads\/2018\/12\/IMG_3276-Small-1-300x200.jpg\" data-sizes=\"auto\" data-srcset=\"https:\/\/www.celttv.com.ar\/wp-content\/uploads\/2018\/12\/IMG_3276-Small-1-300x200.jpg 300w, https:\/\/www.celttv.com.ar\/wp-content\/uploads\/2018\/12\/IMG_3276-Small-1.jpg 720w\" data-expand=\"700\" \/><\/a>\n            <\/div><\/figure><br style=\"clear: both\" \/><figure class='gallery-item'>\n            <div class='gallery-icon landscape'>\n                <a href='https:\/\/www.celttv.com.ar\/wp-content\/uploads\/2018\/12\/IMG_3275-Small-1.jpg'><img loading=\"lazy\" decoding=\"async\" width=\"300\" height=\"200\" src=\"\" class=\"attachment-medium size-medium lazyload\" alt=\"\" data-src=\"https:\/\/www.celttv.com.ar\/wp-content\/uploads\/2018\/12\/IMG_3275-Small-1-300x200.jpg\" data-sizes=\"auto\" data-srcset=\"https:\/\/www.celttv.com.ar\/wp-content\/uploads\/2018\/12\/IMG_3275-Small-1-300x200.jpg 300w, https:\/\/www.celttv.com.ar\/wp-content\/uploads\/2018\/12\/IMG_3275-Small-1.jpg 720w\" data-expand=\"700\" \/><\/a>\n            <\/div><\/figure>\n            <br style='clear: both' \/>\n        <\/div>\n<div class=\"jeg_video_container jeg_video_content\"><iframe loading=\"lazy\" title=\"2018 12 11 ASAMBLEA DE LA CELT 1 NICOLAS BARRIO\" width=\"500\" height=\"375\" src=\"https:\/\/www.youtube.com\/embed\/reJ84O5KbUw?feature=oembed\" frameborder=\"0\" allow=\"accelerometer; autoplay; clipboard-write; encrypted-media; gyroscope; picture-in-picture; web-share\" referrerpolicy=\"strict-origin-when-cross-origin\" allowfullscreen><\/iframe><\/div>\n<div class=\"jeg_video_container jeg_video_content\"><iframe loading=\"lazy\" title=\"2018 12 11 ASAMBLEA DE LA CELT 2 ALBERTO RUBIO\" width=\"500\" height=\"375\" src=\"https:\/\/www.youtube.com\/embed\/ivxVl1Ps1E4?feature=oembed\" frameborder=\"0\" allow=\"accelerometer; autoplay; clipboard-write; encrypted-media; gyroscope; picture-in-picture; web-share\" referrerpolicy=\"strict-origin-when-cross-origin\" allowfullscreen><\/iframe><\/div>\n<div class=\"jeg_video_container jeg_video_content\"><iframe loading=\"lazy\" title=\"2018 12 11 ASAMBLEA DE LA CELT 3 GABRIEL ARTOLA\" width=\"500\" height=\"375\" src=\"https:\/\/www.youtube.com\/embed\/3dEnCAltme8?feature=oembed\" frameborder=\"0\" allow=\"accelerometer; autoplay; clipboard-write; encrypted-media; gyroscope; picture-in-picture; web-share\" referrerpolicy=\"strict-origin-when-cross-origin\" allowfullscreen><\/iframe><\/div>\n<p>&nbsp;<br \/>\n&nbsp;<\/p>\n","protected":false},"excerpt":{"rendered":"<p>Tal como estaba previsto el pasado lunes 10 de Diciembre se realiz\u00f3 la Asamblea de la Cooperativa El\u00e9ctrica Limitada de nuestra ciudad,\u00a0 donde se analiz\u00f3 el ejercicio N\u00ba 61 de la entidad cooperativa ante una buena concurrencia de asociados.\u00a0\u00a0al como estaba previsto el pasado lunes 10 de Diciembre se realiz\u00f3 la Asamblea de la Cooperativa [&hellip;]<\/p>\n","protected":false},"author":1,"featured_media":39073,"comment_status":"closed","ping_status":"open","sticky":false,"template":"","format":"standard","meta":{"footnotes":""},"categories":[55,51,52],"tags":[],"class_list":["post-39066","post","type-post","status-publish","format-standard","has-post-thumbnail","hentry","category-celt-tv-noticias","category-comunidad","category-destacadas"],"yoast_head":"<!-- This site is optimized with the Yoast SEO plugin v19.7.1 - https:\/\/yoast.com\/wordpress\/plugins\/seo\/ -->\n<title>Benito A. Rubio fue electo presidente de la Cooperativa El\u00e9ctrica de Tornquist (fotos y videoentrevistas) - CELTTV<\/title>\n<meta name=\"description\" content=\"Sitio web de noticias de la localidad de Tornquist, provincia de Buenos Aires, Rep\u00fablica Argentina. Contenido propio originado por periodistas de CELTTV, el canal de TV local de la Cooperativa El\u00e9ctrica de Tornquist. Turismo, Pol\u00edtica, Sociedad, Deporte, Cultura y todo el contenido de inter\u00e9s general que la gente del pueblo y la regi\u00f3n debe conocer.\" \/>\n<meta name=\"robots\" content=\"index, follow, max-snippet:-1, max-image-preview:large, max-video-preview:-1\" \/>\n<link rel=\"canonical\" href=\"https:\/\/www.celttv.com.ar\/index.php\/2018\/12\/14\/benito-a-rubio-fue-electo-presidente-de-la-cooperativa-electrica-de-tornquist-fotos-y-videoentrevistas\/\" \/>\n<meta property=\"og:locale\" content=\"es_ES\" \/>\n<meta property=\"og:type\" content=\"article\" \/>\n<meta property=\"og:title\" content=\"Benito A. Rubio fue electo presidente de la Cooperativa El\u00e9ctrica de Tornquist (fotos y videoentrevistas) - CELTTV\" \/>\n<meta property=\"og:description\" content=\"Sitio web de noticias de la localidad de Tornquist, provincia de Buenos Aires, Rep\u00fablica Argentina. Contenido propio originado por periodistas de CELTTV, el canal de TV local de la Cooperativa El\u00e9ctrica de Tornquist. Turismo, Pol\u00edtica, Sociedad, Deporte, Cultura y todo el contenido de inter\u00e9s general que la gente del pueblo y la regi\u00f3n debe conocer.\" \/>\n<meta property=\"og:url\" content=\"https:\/\/www.celttv.com.ar\/index.php\/2018\/12\/14\/benito-a-rubio-fue-electo-presidente-de-la-cooperativa-electrica-de-tornquist-fotos-y-videoentrevistas\/\" \/>\n<meta property=\"og:site_name\" content=\"CELTTV\" \/>\n<meta property=\"article:publisher\" content=\"https:\/\/www.facebook.com\/celtTV\/\" \/>\n<meta property=\"article:published_time\" content=\"2018-12-14T14:27:35+00:00\" \/>\n<meta property=\"og:image\" content=\"https:\/\/www.celttv.com.ar\/wp-content\/uploads\/2018\/12\/IMG_3275-Small-1.jpg\" \/>\n\t<meta property=\"og:image:width\" content=\"720\" \/>\n\t<meta property=\"og:image:height\" content=\"480\" \/>\n\t<meta property=\"og:image:type\" content=\"image\/jpeg\" \/>\n<meta name=\"author\" content=\"ulises\" \/>\n<meta name=\"twitter:card\" content=\"summary_large_image\" \/>\n<meta name=\"twitter:label1\" content=\"Escrito por\" \/>\n\t<meta name=\"twitter:data1\" content=\"ulises\" \/>\n\t<meta name=\"twitter:label2\" content=\"Tiempo de lectura\" \/>\n\t<meta name=\"twitter:data2\" content=\"2 minutos\" \/>\n<script type=\"application\/ld+json\" class=\"yoast-schema-graph\">{\"@context\":\"https:\/\/schema.org\",\"@graph\":[{\"@type\":\"NewsArticle\",\"@id\":\"https:\/\/www.celttv.com.ar\/index.php\/2018\/12\/14\/benito-a-rubio-fue-electo-presidente-de-la-cooperativa-electrica-de-tornquist-fotos-y-videoentrevistas\/#article\",\"isPartOf\":{\"@id\":\"https:\/\/www.celttv.com.ar\/index.php\/2018\/12\/14\/benito-a-rubio-fue-electo-presidente-de-la-cooperativa-electrica-de-tornquist-fotos-y-videoentrevistas\/\"},\"author\":{\"name\":\"ulises\",\"@id\":\"https:\/\/www.celttv.com.ar\/#\/schema\/person\/6d99c072dba59953809c81446e9d0ace\"},\"headline\":\"Benito A. Rubio fue electo presidente de la Cooperativa El\u00e9ctrica de Tornquist (fotos y videoentrevistas)\",\"datePublished\":\"2018-12-14T14:27:35+00:00\",\"dateModified\":\"2018-12-14T14:27:35+00:00\",\"mainEntityOfPage\":{\"@id\":\"https:\/\/www.celttv.com.ar\/index.php\/2018\/12\/14\/benito-a-rubio-fue-electo-presidente-de-la-cooperativa-electrica-de-tornquist-fotos-y-videoentrevistas\/\"},\"wordCount\":409,\"publisher\":{\"@id\":\"https:\/\/www.celttv.com.ar\/#organization\"},\"articleSection\":[\"Celt TV Noticias\",\"Comunidad\",\"Destacadas\"],\"inLanguage\":\"es\"},{\"@type\":\"WebPage\",\"@id\":\"https:\/\/www.celttv.com.ar\/index.php\/2018\/12\/14\/benito-a-rubio-fue-electo-presidente-de-la-cooperativa-electrica-de-tornquist-fotos-y-videoentrevistas\/\",\"url\":\"https:\/\/www.celttv.com.ar\/index.php\/2018\/12\/14\/benito-a-rubio-fue-electo-presidente-de-la-cooperativa-electrica-de-tornquist-fotos-y-videoentrevistas\/\",\"name\":\"Benito A. Rubio fue electo presidente de la Cooperativa El\u00e9ctrica de Tornquist (fotos y videoentrevistas) - CELTTV\",\"isPartOf\":{\"@id\":\"https:\/\/www.celttv.com.ar\/#website\"},\"datePublished\":\"2018-12-14T14:27:35+00:00\",\"dateModified\":\"2018-12-14T14:27:35+00:00\",\"description\":\"Sitio web de noticias de la localidad de Tornquist, provincia de Buenos Aires, Rep\u00fablica Argentina. Contenido propio originado por periodistas de CELTTV, el canal de TV local de la Cooperativa El\u00e9ctrica de Tornquist. Turismo, Pol\u00edtica, Sociedad, Deporte, Cultura y todo el contenido de inter\u00e9s general que la gente del pueblo y la regi\u00f3n debe conocer.\",\"breadcrumb\":{\"@id\":\"https:\/\/www.celttv.com.ar\/index.php\/2018\/12\/14\/benito-a-rubio-fue-electo-presidente-de-la-cooperativa-electrica-de-tornquist-fotos-y-videoentrevistas\/#breadcrumb\"},\"inLanguage\":\"es\",\"potentialAction\":[{\"@type\":\"ReadAction\",\"target\":[\"https:\/\/www.celttv.com.ar\/index.php\/2018\/12\/14\/benito-a-rubio-fue-electo-presidente-de-la-cooperativa-electrica-de-tornquist-fotos-y-videoentrevistas\/\"]}]},{\"@type\":\"BreadcrumbList\",\"@id\":\"https:\/\/www.celttv.com.ar\/index.php\/2018\/12\/14\/benito-a-rubio-fue-electo-presidente-de-la-cooperativa-electrica-de-tornquist-fotos-y-videoentrevistas\/#breadcrumb\",\"itemListElement\":[{\"@type\":\"ListItem\",\"position\":1,\"name\":\"Inicio\",\"item\":\"https:\/\/www.celttv.com.ar\/\"},{\"@type\":\"ListItem\",\"position\":2,\"name\":\"Benito A. Rubio fue electo presidente de la Cooperativa El\u00e9ctrica de Tornquist (fotos y videoentrevistas)\"}]},{\"@type\":\"WebSite\",\"@id\":\"https:\/\/www.celttv.com.ar\/#website\",\"url\":\"https:\/\/www.celttv.com.ar\/\",\"name\":\"CELTTV\",\"description\":\"Cooperativa El\u00e9ctrica de Tornquist\",\"publisher\":{\"@id\":\"https:\/\/www.celttv.com.ar\/#organization\"},\"potentialAction\":[{\"@type\":\"SearchAction\",\"target\":{\"@type\":\"EntryPoint\",\"urlTemplate\":\"https:\/\/www.celttv.com.ar\/?s={search_term_string}\"},\"query-input\":\"required name=search_term_string\"}],\"inLanguage\":\"es\"},{\"@type\":\"Organization\",\"@id\":\"https:\/\/www.celttv.com.ar\/#organization\",\"name\":\"CELTTV\",\"url\":\"https:\/\/www.celttv.com.ar\/\",\"sameAs\":[\"https:\/\/www.youtube.com\/channel\/UCz_oIt8Hig64Ub-EmcNPIhg\",\"https:\/\/www.facebook.com\/celtTV\/\"],\"logo\":{\"@type\":\"ImageObject\",\"inLanguage\":\"es\",\"@id\":\"https:\/\/www.celttv.com.ar\/#\/schema\/logo\/image\/\",\"url\":\"http:\/\/www.celttv.com.ar\/wp-content\/uploads\/2022\/08\/logo-1.png\",\"contentUrl\":\"http:\/\/www.celttv.com.ar\/wp-content\/uploads\/2022\/08\/logo-1.png\",\"width\":461,\"height\":159,\"caption\":\"CELTTV\"},\"image\":{\"@id\":\"https:\/\/www.celttv.com.ar\/#\/schema\/logo\/image\/\"}},{\"@type\":\"Person\",\"@id\":\"https:\/\/www.celttv.com.ar\/#\/schema\/person\/6d99c072dba59953809c81446e9d0ace\",\"name\":\"ulises\",\"image\":{\"@type\":\"ImageObject\",\"inLanguage\":\"es\",\"@id\":\"https:\/\/www.celttv.com.ar\/#\/schema\/person\/image\/\",\"url\":\"https:\/\/secure.gravatar.com\/avatar\/7f2c48bdc33b30088f941fb6082e555f2874c98e20cb159d7b92b50eadfce793?s=96&d=mm&r=g\",\"contentUrl\":\"https:\/\/secure.gravatar.com\/avatar\/7f2c48bdc33b30088f941fb6082e555f2874c98e20cb159d7b92b50eadfce793?s=96&d=mm&r=g\",\"caption\":\"ulises\"},\"sameAs\":[\"http:\/\/www.celttv.com.ar\"]}]}<\/script>\n<!-- \/ Yoast SEO plugin. -->","yoast_head_json":{"title":"Benito A. Rubio fue electo presidente de la Cooperativa El\u00e9ctrica de Tornquist (fotos y videoentrevistas) - CELTTV","description":"Sitio web de noticias de la localidad de Tornquist, provincia de Buenos Aires, Rep\u00fablica Argentina. Contenido propio originado por periodistas de CELTTV, el canal de TV local de la Cooperativa El\u00e9ctrica de Tornquist. Turismo, Pol\u00edtica, Sociedad, Deporte, Cultura y todo el contenido de inter\u00e9s general que la gente del pueblo y la regi\u00f3n debe conocer.","robots":{"index":"index","follow":"follow","max-snippet":"max-snippet:-1","max-image-preview":"max-image-preview:large","max-video-preview":"max-video-preview:-1"},"canonical":"https:\/\/www.celttv.com.ar\/index.php\/2018\/12\/14\/benito-a-rubio-fue-electo-presidente-de-la-cooperativa-electrica-de-tornquist-fotos-y-videoentrevistas\/","og_locale":"es_ES","og_type":"article","og_title":"Benito A. Rubio fue electo presidente de la Cooperativa El\u00e9ctrica de Tornquist (fotos y videoentrevistas) - CELTTV","og_description":"Sitio web de noticias de la localidad de Tornquist, provincia de Buenos Aires, Rep\u00fablica Argentina. Contenido propio originado por periodistas de CELTTV, el canal de TV local de la Cooperativa El\u00e9ctrica de Tornquist. Turismo, Pol\u00edtica, Sociedad, Deporte, Cultura y todo el contenido de inter\u00e9s general que la gente del pueblo y la regi\u00f3n debe conocer.","og_url":"https:\/\/www.celttv.com.ar\/index.php\/2018\/12\/14\/benito-a-rubio-fue-electo-presidente-de-la-cooperativa-electrica-de-tornquist-fotos-y-videoentrevistas\/","og_site_name":"CELTTV","article_publisher":"https:\/\/www.facebook.com\/celtTV\/","article_published_time":"2018-12-14T14:27:35+00:00","og_image":[{"width":720,"height":480,"url":"https:\/\/www.celttv.com.ar\/wp-content\/uploads\/2018\/12\/IMG_3275-Small-1.jpg","type":"image\/jpeg"}],"author":"ulises","twitter_card":"summary_large_image","twitter_misc":{"Escrito por":"ulises","Tiempo de lectura":"2 minutos"},"schema":{"@context":"https:\/\/schema.org","@graph":[{"@type":"NewsArticle","@id":"https:\/\/www.celttv.com.ar\/index.php\/2018\/12\/14\/benito-a-rubio-fue-electo-presidente-de-la-cooperativa-electrica-de-tornquist-fotos-y-videoentrevistas\/#article","isPartOf":{"@id":"https:\/\/www.celttv.com.ar\/index.php\/2018\/12\/14\/benito-a-rubio-fue-electo-presidente-de-la-cooperativa-electrica-de-tornquist-fotos-y-videoentrevistas\/"},"author":{"name":"ulises","@id":"https:\/\/www.celttv.com.ar\/#\/schema\/person\/6d99c072dba59953809c81446e9d0ace"},"headline":"Benito A. Rubio fue electo presidente de la Cooperativa El\u00e9ctrica de Tornquist (fotos y videoentrevistas)","datePublished":"2018-12-14T14:27:35+00:00","dateModified":"2018-12-14T14:27:35+00:00","mainEntityOfPage":{"@id":"https:\/\/www.celttv.com.ar\/index.php\/2018\/12\/14\/benito-a-rubio-fue-electo-presidente-de-la-cooperativa-electrica-de-tornquist-fotos-y-videoentrevistas\/"},"wordCount":409,"publisher":{"@id":"https:\/\/www.celttv.com.ar\/#organization"},"articleSection":["Celt TV Noticias","Comunidad","Destacadas"],"inLanguage":"es"},{"@type":"WebPage","@id":"https:\/\/www.celttv.com.ar\/index.php\/2018\/12\/14\/benito-a-rubio-fue-electo-presidente-de-la-cooperativa-electrica-de-tornquist-fotos-y-videoentrevistas\/","url":"https:\/\/www.celttv.com.ar\/index.php\/2018\/12\/14\/benito-a-rubio-fue-electo-presidente-de-la-cooperativa-electrica-de-tornquist-fotos-y-videoentrevistas\/","name":"Benito A. Rubio fue electo presidente de la Cooperativa El\u00e9ctrica de Tornquist (fotos y videoentrevistas) - CELTTV","isPartOf":{"@id":"https:\/\/www.celttv.com.ar\/#website"},"datePublished":"2018-12-14T14:27:35+00:00","dateModified":"2018-12-14T14:27:35+00:00","description":"Sitio web de noticias de la localidad de Tornquist, provincia de Buenos Aires, Rep\u00fablica Argentina. Contenido propio originado por periodistas de CELTTV, el canal de TV local de la Cooperativa El\u00e9ctrica de Tornquist. Turismo, Pol\u00edtica, Sociedad, Deporte, Cultura y todo el contenido de inter\u00e9s general que la gente del pueblo y la regi\u00f3n debe conocer.","breadcrumb":{"@id":"https:\/\/www.celttv.com.ar\/index.php\/2018\/12\/14\/benito-a-rubio-fue-electo-presidente-de-la-cooperativa-electrica-de-tornquist-fotos-y-videoentrevistas\/#breadcrumb"},"inLanguage":"es","potentialAction":[{"@type":"ReadAction","target":["https:\/\/www.celttv.com.ar\/index.php\/2018\/12\/14\/benito-a-rubio-fue-electo-presidente-de-la-cooperativa-electrica-de-tornquist-fotos-y-videoentrevistas\/"]}]},{"@type":"BreadcrumbList","@id":"https:\/\/www.celttv.com.ar\/index.php\/2018\/12\/14\/benito-a-rubio-fue-electo-presidente-de-la-cooperativa-electrica-de-tornquist-fotos-y-videoentrevistas\/#breadcrumb","itemListElement":[{"@type":"ListItem","position":1,"name":"Inicio","item":"https:\/\/www.celttv.com.ar\/"},{"@type":"ListItem","position":2,"name":"Benito A. Rubio fue electo presidente de la Cooperativa El\u00e9ctrica de Tornquist (fotos y videoentrevistas)"}]},{"@type":"WebSite","@id":"https:\/\/www.celttv.com.ar\/#website","url":"https:\/\/www.celttv.com.ar\/","name":"CELTTV","description":"Cooperativa El\u00e9ctrica de Tornquist","publisher":{"@id":"https:\/\/www.celttv.com.ar\/#organization"},"potentialAction":[{"@type":"SearchAction","target":{"@type":"EntryPoint","urlTemplate":"https:\/\/www.celttv.com.ar\/?s={search_term_string}"},"query-input":"required name=search_term_string"}],"inLanguage":"es"},{"@type":"Organization","@id":"https:\/\/www.celttv.com.ar\/#organization","name":"CELTTV","url":"https:\/\/www.celttv.com.ar\/","sameAs":["https:\/\/www.youtube.com\/channel\/UCz_oIt8Hig64Ub-EmcNPIhg","https:\/\/www.facebook.com\/celtTV\/"],"logo":{"@type":"ImageObject","inLanguage":"es","@id":"https:\/\/www.celttv.com.ar\/#\/schema\/logo\/image\/","url":"http:\/\/www.celttv.com.ar\/wp-content\/uploads\/2022\/08\/logo-1.png","contentUrl":"http:\/\/www.celttv.com.ar\/wp-content\/uploads\/2022\/08\/logo-1.png","width":461,"height":159,"caption":"CELTTV"},"image":{"@id":"https:\/\/www.celttv.com.ar\/#\/schema\/logo\/image\/"}},{"@type":"Person","@id":"https:\/\/www.celttv.com.ar\/#\/schema\/person\/6d99c072dba59953809c81446e9d0ace","name":"ulises","image":{"@type":"ImageObject","inLanguage":"es","@id":"https:\/\/www.celttv.com.ar\/#\/schema\/person\/image\/","url":"https:\/\/secure.gravatar.com\/avatar\/7f2c48bdc33b30088f941fb6082e555f2874c98e20cb159d7b92b50eadfce793?s=96&d=mm&r=g","contentUrl":"https:\/\/secure.gravatar.com\/avatar\/7f2c48bdc33b30088f941fb6082e555f2874c98e20cb159d7b92b50eadfce793?s=96&d=mm&r=g","caption":"ulises"},"sameAs":["http:\/\/www.celttv.com.ar"]}]}},"_links":{"self":[{"href":"https:\/\/www.celttv.com.ar\/index.php\/wp-json\/wp\/v2\/posts\/39066","targetHints":{"allow":["GET"]}}],"collection":[{"href":"https:\/\/www.celttv.com.ar\/index.php\/wp-json\/wp\/v2\/posts"}],"about":[{"href":"https:\/\/www.celttv.com.ar\/index.php\/wp-json\/wp\/v2\/types\/post"}],"author":[{"embeddable":true,"href":"https:\/\/www.celttv.com.ar\/index.php\/wp-json\/wp\/v2\/users\/1"}],"replies":[{"embeddable":true,"href":"https:\/\/www.celttv.com.ar\/index.php\/wp-json\/wp\/v2\/comments?post=39066"}],"version-history":[{"count":0,"href":"https:\/\/www.celttv.com.ar\/index.php\/wp-json\/wp\/v2\/posts\/39066\/revisions"}],"wp:featuredmedia":[{"embeddable":true,"href":"https:\/\/www.celttv.com.ar\/index.php\/wp-json\/wp\/v2\/media\/39073"}],"wp:attachment":[{"href":"https:\/\/www.celttv.com.ar\/index.php\/wp-json\/wp\/v2\/media?parent=39066"}],"wp:term":[{"taxonomy":"category","embeddable":true,"href":"https:\/\/www.celttv.com.ar\/index.php\/wp-json\/wp\/v2\/categories?post=39066"},{"taxonomy":"post_tag","embeddable":true,"href":"https:\/\/www.celttv.com.ar\/index.php\/wp-json\/wp\/v2\/tags?post=39066"}],"curies":[{"name":"wp","href":"https:\/\/api.w.org\/{rel}","templated":true}]}}