{"id":39080,"date":"2018-12-14T18:21:14","date_gmt":"2018-12-14T18:21:14","guid":{"rendered":"http:\/\/www.celttv.com.ar\/?p=39080"},"modified":"2018-12-14T18:21:14","modified_gmt":"2018-12-14T18:21:14","slug":"con-la-tradicional-rueda-de-corderos-el-club-de-pesca-tornquist-inauguro-la-temporada-estival-fotos-videoentrevistas","status":"publish","type":"post","link":"https:\/\/www.celttv.com.ar\/index.php\/2018\/12\/14\/con-la-tradicional-rueda-de-corderos-el-club-de-pesca-tornquist-inauguro-la-temporada-estival-fotos-videoentrevistas\/","title":{"rendered":"Con la tradicional rueda de corderos El Club de Pesca Tornquist inaugur\u00f3 la temporada estival (fotos  videoentrevistas)"},"content":{"rendered":"<div id='gallery_1' class='gallery galleryid-39080 gallery-columns-3 gallery-size-medium'><figure class='gallery-item'>\n            <div class='gallery-icon landscape'>\n                <a href='https:\/\/www.celttv.com.ar\/wp-content\/uploads\/2018\/12\/IMG_3173-Small.jpg'><img loading=\"lazy\" decoding=\"async\" width=\"300\" height=\"200\" src=\"\" class=\"attachment-medium size-medium lazyload\" alt=\"\" data-src=\"https:\/\/www.celttv.com.ar\/wp-content\/uploads\/2018\/12\/IMG_3173-Small-300x200.jpg\" data-sizes=\"auto\" data-srcset=\"https:\/\/www.celttv.com.ar\/wp-content\/uploads\/2018\/12\/IMG_3173-Small-300x200.jpg 300w, https:\/\/www.celttv.com.ar\/wp-content\/uploads\/2018\/12\/IMG_3173-Small.jpg 720w\" data-expand=\"700\" \/><\/a>\n            <\/div><\/figure><figure class='gallery-item'>\n            <div class='gallery-icon landscape'>\n                <a href='https:\/\/www.celttv.com.ar\/wp-content\/uploads\/2018\/12\/IMG_3175-Small.jpg'><img loading=\"lazy\" decoding=\"async\" width=\"300\" height=\"200\" src=\"\" class=\"attachment-medium size-medium lazyload\" alt=\"\" data-src=\"https:\/\/www.celttv.com.ar\/wp-content\/uploads\/2018\/12\/IMG_3175-Small-300x200.jpg\" data-sizes=\"auto\" data-srcset=\"https:\/\/www.celttv.com.ar\/wp-content\/uploads\/2018\/12\/IMG_3175-Small-300x200.jpg 300w, https:\/\/www.celttv.com.ar\/wp-content\/uploads\/2018\/12\/IMG_3175-Small.jpg 720w\" data-expand=\"700\" \/><\/a>\n            <\/div><\/figure><figure class='gallery-item'>\n            <div class='gallery-icon landscape'>\n                <a href='https:\/\/www.celttv.com.ar\/wp-content\/uploads\/2018\/12\/IMG_3176-Small.jpg'><img loading=\"lazy\" decoding=\"async\" width=\"300\" height=\"200\" src=\"\" class=\"attachment-medium size-medium lazyload\" alt=\"\" data-src=\"https:\/\/www.celttv.com.ar\/wp-content\/uploads\/2018\/12\/IMG_3176-Small-300x200.jpg\" data-sizes=\"auto\" data-srcset=\"https:\/\/www.celttv.com.ar\/wp-content\/uploads\/2018\/12\/IMG_3176-Small-300x200.jpg 300w, https:\/\/www.celttv.com.ar\/wp-content\/uploads\/2018\/12\/IMG_3176-Small.jpg 720w\" data-expand=\"700\" \/><\/a>\n            <\/div><\/figure><br style=\"clear: both\" \/><figure class='gallery-item'>\n            <div class='gallery-icon landscape'>\n                <a href='https:\/\/www.celttv.com.ar\/wp-content\/uploads\/2018\/12\/IMG_3177-Small.jpg'><img loading=\"lazy\" decoding=\"async\" width=\"300\" height=\"200\" src=\"\" class=\"attachment-medium size-medium lazyload\" alt=\"\" data-src=\"https:\/\/www.celttv.com.ar\/wp-content\/uploads\/2018\/12\/IMG_3177-Small-300x200.jpg\" data-sizes=\"auto\" data-srcset=\"https:\/\/www.celttv.com.ar\/wp-content\/uploads\/2018\/12\/IMG_3177-Small-300x200.jpg 300w, https:\/\/www.celttv.com.ar\/wp-content\/uploads\/2018\/12\/IMG_3177-Small.jpg 720w\" data-expand=\"700\" \/><\/a>\n            <\/div><\/figure><figure class='gallery-item'>\n            <div class='gallery-icon landscape'>\n                <a href='https:\/\/www.celttv.com.ar\/wp-content\/uploads\/2018\/12\/IMG_3179-Small.jpg'><img loading=\"lazy\" decoding=\"async\" width=\"300\" height=\"200\" src=\"\" class=\"attachment-medium size-medium lazyload\" alt=\"\" data-src=\"https:\/\/www.celttv.com.ar\/wp-content\/uploads\/2018\/12\/IMG_3179-Small-300x200.jpg\" data-sizes=\"auto\" data-srcset=\"https:\/\/www.celttv.com.ar\/wp-content\/uploads\/2018\/12\/IMG_3179-Small-300x200.jpg 300w, https:\/\/www.celttv.com.ar\/wp-content\/uploads\/2018\/12\/IMG_3179-Small.jpg 720w\" data-expand=\"700\" \/><\/a>\n            <\/div><\/figure><figure class='gallery-item'>\n            <div class='gallery-icon landscape'>\n                <a href='https:\/\/www.celttv.com.ar\/wp-content\/uploads\/2018\/12\/IMG_3180-Small.jpg'><img loading=\"lazy\" decoding=\"async\" width=\"300\" height=\"200\" src=\"\" class=\"attachment-medium size-medium lazyload\" alt=\"\" data-src=\"https:\/\/www.celttv.com.ar\/wp-content\/uploads\/2018\/12\/IMG_3180-Small-300x200.jpg\" data-sizes=\"auto\" data-srcset=\"https:\/\/www.celttv.com.ar\/wp-content\/uploads\/2018\/12\/IMG_3180-Small-300x200.jpg 300w, https:\/\/www.celttv.com.ar\/wp-content\/uploads\/2018\/12\/IMG_3180-Small.jpg 720w\" data-expand=\"700\" \/><\/a>\n            <\/div><\/figure><br style=\"clear: both\" \/><figure class='gallery-item'>\n            <div class='gallery-icon landscape'>\n                <a href='https:\/\/www.celttv.com.ar\/wp-content\/uploads\/2018\/12\/IMG_3218-Small.jpg'><img loading=\"lazy\" decoding=\"async\" width=\"300\" height=\"200\" src=\"\" class=\"attachment-medium size-medium lazyload\" alt=\"\" data-src=\"https:\/\/www.celttv.com.ar\/wp-content\/uploads\/2018\/12\/IMG_3218-Small-300x200.jpg\" data-sizes=\"auto\" data-srcset=\"https:\/\/www.celttv.com.ar\/wp-content\/uploads\/2018\/12\/IMG_3218-Small-300x200.jpg 300w, https:\/\/www.celttv.com.ar\/wp-content\/uploads\/2018\/12\/IMG_3218-Small.jpg 720w\" data-expand=\"700\" \/><\/a>\n            <\/div><\/figure><figure class='gallery-item'>\n            <div class='gallery-icon landscape'>\n                <a href='https:\/\/www.celttv.com.ar\/wp-content\/uploads\/2018\/12\/IMG_3219-Small.jpg'><img loading=\"lazy\" decoding=\"async\" width=\"300\" height=\"200\" src=\"\" class=\"attachment-medium size-medium lazyload\" alt=\"\" data-src=\"https:\/\/www.celttv.com.ar\/wp-content\/uploads\/2018\/12\/IMG_3219-Small-300x200.jpg\" data-sizes=\"auto\" data-srcset=\"https:\/\/www.celttv.com.ar\/wp-content\/uploads\/2018\/12\/IMG_3219-Small-300x200.jpg 300w, https:\/\/www.celttv.com.ar\/wp-content\/uploads\/2018\/12\/IMG_3219-Small.jpg 720w\" data-expand=\"700\" \/><\/a>\n            <\/div><\/figure><figure class='gallery-item'>\n            <div class='gallery-icon landscape'>\n                <a href='https:\/\/www.celttv.com.ar\/wp-content\/uploads\/2018\/12\/IMG_3222-Small.jpg'><img loading=\"lazy\" decoding=\"async\" width=\"300\" height=\"200\" src=\"\" class=\"attachment-medium size-medium lazyload\" alt=\"\" data-src=\"https:\/\/www.celttv.com.ar\/wp-content\/uploads\/2018\/12\/IMG_3222-Small-300x200.jpg\" data-sizes=\"auto\" data-srcset=\"https:\/\/www.celttv.com.ar\/wp-content\/uploads\/2018\/12\/IMG_3222-Small-300x200.jpg 300w, https:\/\/www.celttv.com.ar\/wp-content\/uploads\/2018\/12\/IMG_3222-Small.jpg 720w\" data-expand=\"700\" \/><\/a>\n            <\/div><\/figure><br style=\"clear: both\" \/><figure class='gallery-item'>\n            <div class='gallery-icon landscape'>\n                <a href='https:\/\/www.celttv.com.ar\/wp-content\/uploads\/2018\/12\/IMG_3223-Small.jpg'><img loading=\"lazy\" decoding=\"async\" width=\"300\" height=\"200\" src=\"\" class=\"attachment-medium size-medium lazyload\" alt=\"\" data-src=\"https:\/\/www.celttv.com.ar\/wp-content\/uploads\/2018\/12\/IMG_3223-Small-300x200.jpg\" data-sizes=\"auto\" data-srcset=\"https:\/\/www.celttv.com.ar\/wp-content\/uploads\/2018\/12\/IMG_3223-Small-300x200.jpg 300w, https:\/\/www.celttv.com.ar\/wp-content\/uploads\/2018\/12\/IMG_3223-Small.jpg 720w\" data-expand=\"700\" \/><\/a>\n            <\/div><\/figure><figure class='gallery-item'>\n            <div class='gallery-icon landscape'>\n                <a href='https:\/\/www.celttv.com.ar\/wp-content\/uploads\/2018\/12\/IMG_3224-Small.jpg'><img loading=\"lazy\" decoding=\"async\" width=\"300\" height=\"200\" src=\"\" class=\"attachment-medium size-medium lazyload\" alt=\"\" data-src=\"https:\/\/www.celttv.com.ar\/wp-content\/uploads\/2018\/12\/IMG_3224-Small-300x200.jpg\" data-sizes=\"auto\" data-srcset=\"https:\/\/www.celttv.com.ar\/wp-content\/uploads\/2018\/12\/IMG_3224-Small-300x200.jpg 300w, https:\/\/www.celttv.com.ar\/wp-content\/uploads\/2018\/12\/IMG_3224-Small.jpg 720w\" data-expand=\"700\" \/><\/a>\n            <\/div><\/figure><figure class='gallery-item'>\n            <div class='gallery-icon landscape'>\n                <a href='https:\/\/www.celttv.com.ar\/wp-content\/uploads\/2018\/12\/IMG_3229-Small.jpg'><img loading=\"lazy\" decoding=\"async\" width=\"300\" height=\"200\" src=\"\" class=\"attachment-medium size-medium lazyload\" alt=\"\" data-src=\"https:\/\/www.celttv.com.ar\/wp-content\/uploads\/2018\/12\/IMG_3229-Small-300x200.jpg\" data-sizes=\"auto\" data-srcset=\"https:\/\/www.celttv.com.ar\/wp-content\/uploads\/2018\/12\/IMG_3229-Small-300x200.jpg 300w, https:\/\/www.celttv.com.ar\/wp-content\/uploads\/2018\/12\/IMG_3229-Small.jpg 720w\" data-expand=\"700\" \/><\/a>\n            <\/div><\/figure><br style=\"clear: both\" \/><figure class='gallery-item'>\n            <div class='gallery-icon landscape'>\n                <a href='https:\/\/www.celttv.com.ar\/wp-content\/uploads\/2018\/12\/IMG_3232-Small.jpg'><img loading=\"lazy\" decoding=\"async\" width=\"300\" height=\"200\" src=\"\" class=\"attachment-medium size-medium lazyload\" alt=\"\" data-src=\"https:\/\/www.celttv.com.ar\/wp-content\/uploads\/2018\/12\/IMG_3232-Small-300x200.jpg\" data-sizes=\"auto\" data-srcset=\"https:\/\/www.celttv.com.ar\/wp-content\/uploads\/2018\/12\/IMG_3232-Small-300x200.jpg 300w, https:\/\/www.celttv.com.ar\/wp-content\/uploads\/2018\/12\/IMG_3232-Small.jpg 720w\" data-expand=\"700\" \/><\/a>\n            <\/div><\/figure><figure class='gallery-item'>\n            <div class='gallery-icon landscape'>\n                <a href='https:\/\/www.celttv.com.ar\/wp-content\/uploads\/2018\/12\/IMG_3238-Small.jpg'><img loading=\"lazy\" decoding=\"async\" width=\"300\" height=\"200\" src=\"\" class=\"attachment-medium size-medium lazyload\" alt=\"\" data-src=\"https:\/\/www.celttv.com.ar\/wp-content\/uploads\/2018\/12\/IMG_3238-Small-300x200.jpg\" data-sizes=\"auto\" data-srcset=\"https:\/\/www.celttv.com.ar\/wp-content\/uploads\/2018\/12\/IMG_3238-Small-300x200.jpg 300w, https:\/\/www.celttv.com.ar\/wp-content\/uploads\/2018\/12\/IMG_3238-Small.jpg 720w\" data-expand=\"700\" \/><\/a>\n            <\/div><\/figure><figure class='gallery-item'>\n            <div class='gallery-icon landscape'>\n                <a href='https:\/\/www.celttv.com.ar\/wp-content\/uploads\/2018\/12\/IMG_3239-Small.jpg'><img loading=\"lazy\" decoding=\"async\" width=\"300\" height=\"200\" src=\"\" class=\"attachment-medium size-medium lazyload\" alt=\"\" data-src=\"https:\/\/www.celttv.com.ar\/wp-content\/uploads\/2018\/12\/IMG_3239-Small-300x200.jpg\" data-sizes=\"auto\" data-srcset=\"https:\/\/www.celttv.com.ar\/wp-content\/uploads\/2018\/12\/IMG_3239-Small-300x200.jpg 300w, https:\/\/www.celttv.com.ar\/wp-content\/uploads\/2018\/12\/IMG_3239-Small.jpg 720w\" data-expand=\"700\" \/><\/a>\n            <\/div><\/figure><br style=\"clear: both\" \/><figure class='gallery-item'>\n            <div class='gallery-icon landscape'>\n                <a href='https:\/\/www.celttv.com.ar\/wp-content\/uploads\/2018\/12\/IMG_3244-Small.jpg'><img loading=\"lazy\" decoding=\"async\" width=\"300\" height=\"200\" src=\"\" class=\"attachment-medium size-medium lazyload\" alt=\"\" data-src=\"https:\/\/www.celttv.com.ar\/wp-content\/uploads\/2018\/12\/IMG_3244-Small-300x200.jpg\" data-sizes=\"auto\" data-srcset=\"https:\/\/www.celttv.com.ar\/wp-content\/uploads\/2018\/12\/IMG_3244-Small-300x200.jpg 300w, https:\/\/www.celttv.com.ar\/wp-content\/uploads\/2018\/12\/IMG_3244-Small.jpg 720w\" data-expand=\"700\" \/><\/a>\n            <\/div><\/figure><figure class='gallery-item'>\n            <div class='gallery-icon landscape'>\n                <a href='https:\/\/www.celttv.com.ar\/wp-content\/uploads\/2018\/12\/IMG_3246-Small.jpg'><img loading=\"lazy\" decoding=\"async\" width=\"300\" height=\"200\" src=\"\" class=\"attachment-medium size-medium lazyload\" alt=\"\" data-src=\"https:\/\/www.celttv.com.ar\/wp-content\/uploads\/2018\/12\/IMG_3246-Small-300x200.jpg\" data-sizes=\"auto\" data-srcset=\"https:\/\/www.celttv.com.ar\/wp-content\/uploads\/2018\/12\/IMG_3246-Small-300x200.jpg 300w, https:\/\/www.celttv.com.ar\/wp-content\/uploads\/2018\/12\/IMG_3246-Small.jpg 720w\" data-expand=\"700\" \/><\/a>\n            <\/div><\/figure><figure class='gallery-item'>\n            <div class='gallery-icon landscape'>\n                <a href='https:\/\/www.celttv.com.ar\/wp-content\/uploads\/2018\/12\/IMG_3247-Small.jpg'><img loading=\"lazy\" decoding=\"async\" width=\"300\" height=\"200\" src=\"\" class=\"attachment-medium size-medium lazyload\" alt=\"\" data-src=\"https:\/\/www.celttv.com.ar\/wp-content\/uploads\/2018\/12\/IMG_3247-Small-300x200.jpg\" data-sizes=\"auto\" data-srcset=\"https:\/\/www.celttv.com.ar\/wp-content\/uploads\/2018\/12\/IMG_3247-Small-300x200.jpg 300w, https:\/\/www.celttv.com.ar\/wp-content\/uploads\/2018\/12\/IMG_3247-Small.jpg 720w\" data-expand=\"700\" \/><\/a>\n            <\/div><\/figure><br style=\"clear: both\" \/><figure class='gallery-item'>\n            <div class='gallery-icon landscape'>\n                <a href='https:\/\/www.celttv.com.ar\/wp-content\/uploads\/2018\/12\/IMG_3252-Small.jpg'><img loading=\"lazy\" decoding=\"async\" width=\"300\" height=\"200\" src=\"\" class=\"attachment-medium size-medium lazyload\" alt=\"\" data-src=\"https:\/\/www.celttv.com.ar\/wp-content\/uploads\/2018\/12\/IMG_3252-Small-300x200.jpg\" data-sizes=\"auto\" data-srcset=\"https:\/\/www.celttv.com.ar\/wp-content\/uploads\/2018\/12\/IMG_3252-Small-300x200.jpg 300w, https:\/\/www.celttv.com.ar\/wp-content\/uploads\/2018\/12\/IMG_3252-Small.jpg 720w\" data-expand=\"700\" \/><\/a>\n            <\/div><\/figure><figure class='gallery-item'>\n            <div class='gallery-icon landscape'>\n                <a href='https:\/\/www.celttv.com.ar\/wp-content\/uploads\/2018\/12\/IMG_3253-Small.jpg'><img loading=\"lazy\" decoding=\"async\" width=\"300\" height=\"200\" src=\"\" class=\"attachment-medium size-medium lazyload\" alt=\"\" data-src=\"https:\/\/www.celttv.com.ar\/wp-content\/uploads\/2018\/12\/IMG_3253-Small-300x200.jpg\" data-sizes=\"auto\" data-srcset=\"https:\/\/www.celttv.com.ar\/wp-content\/uploads\/2018\/12\/IMG_3253-Small-300x200.jpg 300w, https:\/\/www.celttv.com.ar\/wp-content\/uploads\/2018\/12\/IMG_3253-Small.jpg 720w\" data-expand=\"700\" \/><\/a>\n            <\/div><\/figure><figure class='gallery-item'>\n            <div class='gallery-icon landscape'>\n                <a href='https:\/\/www.celttv.com.ar\/wp-content\/uploads\/2018\/12\/IMG_3256-Small.jpg'><img loading=\"lazy\" decoding=\"async\" width=\"300\" height=\"200\" src=\"\" class=\"attachment-medium size-medium lazyload\" alt=\"\" data-src=\"https:\/\/www.celttv.com.ar\/wp-content\/uploads\/2018\/12\/IMG_3256-Small-300x200.jpg\" data-sizes=\"auto\" data-srcset=\"https:\/\/www.celttv.com.ar\/wp-content\/uploads\/2018\/12\/IMG_3256-Small-300x200.jpg 300w, https:\/\/www.celttv.com.ar\/wp-content\/uploads\/2018\/12\/IMG_3256-Small.jpg 720w\" data-expand=\"700\" \/><\/a>\n            <\/div><\/figure><br style=\"clear: both\" \/><figure class='gallery-item'>\n            <div class='gallery-icon landscape'>\n                <a href='https:\/\/www.celttv.com.ar\/wp-content\/uploads\/2018\/12\/IMG_3265-Small.jpg'><img loading=\"lazy\" decoding=\"async\" width=\"300\" height=\"200\" src=\"\" class=\"attachment-medium size-medium lazyload\" alt=\"\" data-src=\"https:\/\/www.celttv.com.ar\/wp-content\/uploads\/2018\/12\/IMG_3265-Small-300x200.jpg\" data-sizes=\"auto\" data-srcset=\"https:\/\/www.celttv.com.ar\/wp-content\/uploads\/2018\/12\/IMG_3265-Small-300x200.jpg 300w, https:\/\/www.celttv.com.ar\/wp-content\/uploads\/2018\/12\/IMG_3265-Small.jpg 720w\" data-expand=\"700\" \/><\/a>\n            <\/div><\/figure><figure class='gallery-item'>\n            <div class='gallery-icon landscape'>\n                <a href='https:\/\/www.celttv.com.ar\/wp-content\/uploads\/2018\/12\/IMG_3267-Small.jpg'><img loading=\"lazy\" decoding=\"async\" width=\"300\" height=\"200\" src=\"\" class=\"attachment-medium size-medium lazyload\" alt=\"\" data-src=\"https:\/\/www.celttv.com.ar\/wp-content\/uploads\/2018\/12\/IMG_3267-Small-300x200.jpg\" data-sizes=\"auto\" data-srcset=\"https:\/\/www.celttv.com.ar\/wp-content\/uploads\/2018\/12\/IMG_3267-Small-300x200.jpg 300w, https:\/\/www.celttv.com.ar\/wp-content\/uploads\/2018\/12\/IMG_3267-Small.jpg 720w\" data-expand=\"700\" \/><\/a>\n            <\/div><\/figure>\n            <br style='clear: both' \/>\n        <\/div>\n<br \/>\n<iframe loading=\"lazy\" src=\"https:\/\/www.youtube.com\/embed\/-ULhDIu04XM\" width=\"450\" height=\"360\" frameborder=\"0\" allowfullscreen=\"allowfullscreen\" data-mce-fragment=\"1\"><\/iframe>\u00a0<iframe loading=\"lazy\" src=\"https:\/\/www.youtube.com\/embed\/nHNkFROYDHQ\" width=\"450\" height=\"360\" frameborder=\"0\" allowfullscreen=\"allowfullscreen\" data-mce-fragment=\"1\"><\/iframe>\u00a0<iframe loading=\"lazy\" src=\"https:\/\/www.youtube.com\/embed\/bb0-gZPCQYk\" width=\"450\" height=\"360\" frameborder=\"0\" allowfullscreen=\"allowfullscreen\" data-mce-fragment=\"1\"><\/iframe>\u00a0<iframe loading=\"lazy\" src=\"https:\/\/www.youtube.com\/embed\/INXm-T__P20\" width=\"450\" height=\"360\" frameborder=\"0\" allowfullscreen=\"allowfullscreen\" data-mce-fragment=\"1\"><\/iframe><br \/>\nEn una estupenda jornada veraniega y con una buena afluencia de \u201claguneros\u201d y turistas,\u00a0 el Club de Pesca Tornquist inaugur\u00f3 la temporada estival.<br \/>\n&nbsp;<br \/>\nDe la mano de Gonzalo Lambichi y Diego Herbalejo se pudo disfrutar de un verdadero manjar cocinado \u201ca punto\u201d, en lo que fue, como todos los a\u00f1os, lo que concentr\u00f3 la atenci\u00f3n de propios y extra\u00f1os que registraron con filmadoras, c\u00e1maras fotogr\u00e1ficas y celulares esa postal obligada que se repite y siempre mantiene su vigencia.<br \/>\n&nbsp;<br \/>\nLa procesi\u00f3n acu\u00e1tica<br \/>\nOtro de los acontecimientos que distinguen a la inauguraci\u00f3n de la temporada lagunera es la procesi\u00f3n acu\u00e1tica de la cual participan embarcaciones que parten desde el espig\u00f3n de lanchas con la imagen de la Virgen de Luj\u00e1n, el Sagrado Coraz\u00f3n y Rosa M\u00edstica.<br \/>\nTras una corta navegaci\u00f3n por la laguna se realiz\u00f3 el desembarco a orillas de la playa desde donde cada imagen fue trasladada por los feligreses hasta su capillita y la ermita respectivamente.<br \/>\n&nbsp;<br \/>\nInauguran la biblioteca lagunera<br \/>\nOtro\u00a0 acontecimiento en el marco de la jornada inaugural tuvo que ver con la inauguraci\u00f3n de la biblioteca lagunera. Una idea que surgi\u00f3 hace alg\u00fan tiempo y enseguida cont\u00f3 la aprobaci\u00f3n de la comisi\u00f3n directiva.<br \/>\nSe logr\u00f3 recuperar una de las viviendas \u00edcono de la villa lagunera y en su interior se adapt\u00f3 el lugar donde distinto tipo de literatura cuenta con un espacio apropiado y en el cual la familia lagunera y los ocasionales visitante podr\u00e1n echar a volar su imaginaci\u00f3n a trav\u00e9s de distintos textos.<br \/>\nCabe mencionar que la Biblioteca Popular Ernesto Tornquist hizo entrega del libro \u201cAnimales Salvajes\u201d y el lagunero Roberto Mutti y su esposa Mirta Ruffener obsequiaron la obra del autor local Patricio Chaija\u00a0 \u201cLos Familiares\u201d.<br \/>\nEstas donaciones se suman a las ya realizadas por otras familias laguneras y vecinos de la comarca.<br \/>\n&nbsp;<br \/>\nSe inaugur\u00f3 un estupendo punto panor\u00e1mico<br \/>\nEn otro de los estupendos lugares que la naturaleza le ha regalado a la villa lagunera, se dej\u00f3 inaugurado un estupendo \u201cmirador lagunero\u201d ubicado a pocos metros de la gruta donde descansa la imagen de la Virgen Nuestra Se\u00f1ora de Luj\u00e1n.<br \/>\nOtra alternativa de observar el paisaje lagunero desde un lugar privilegiado donde se aprecia el sector del espig\u00f3n de pesca y la diversidad de flora y fauna que all\u00ed se aprecia.<br \/>\n&nbsp;<br \/>\n\u201cApostamos a que esta temporada tengamos una gran afluencia de p\u00fablico\u201d<br \/>\nAlberto \u201cTito\u201d Musso,presidente del Club de Pesca Tornquist<br \/>\nEstamos muy conformes porque hemos recibido una muy buena respuesta de la gente de la villa y esperemos que este sea el puntapi\u00e9 inicial como para tener una buena temporada\u201d dijo el presidente del Club de Pesca Alberto \u201cTito\u201d Musso.<br \/>\nMusso calific\u00f3 como muy positivo para la instituci\u00f3n el a\u00f1o que concluye \u201cmas all\u00e1 de como est\u00e1 la situaci\u00f3n a nivel nacional, nosotros estamos muy conformes con lo realizado en el a\u00f1o que concluye\u201d<br \/>\nRespecto al a inauguraci\u00f3n de la Biblioteca, Musso dijo que \u201cera una asignatura pendiente y ahora vamos a tener un lugar donde queremos reconstruir la historia de club\u00a0 y un espacio donde vamos a poder reunirnos las veces que sean necesarias y donde el \u201cvillero\u201d podr\u00e1 ir a consultar\u00a0 y retirar los libros que est\u00e9n en disponibilidad\u201d agreg\u00f3.<br \/>\nRespecto al mirador de la ermita opin\u00f3 que \u201ctenemos una vista espectacular de la laguna desde donde se disfruta un estupendo panorama\u201d subray\u00f3<br \/>\n\u201cApostamos a que esta temporada tengamos una gran afluencia de p\u00fablico porque sabemos que hay un alto porcentaje de turistas que elegir\u00edan estos parajes para sus vacaciones y nos estamos preparando para eso\u201d agreg\u00f3.<br \/>\n&nbsp;<br \/>\n\u201cSencillamente espectacular<br \/>\nRoberto Mutti, entusiasta lagunero<br \/>\n\u201cLa rueda de corderos es un acontecimiento en si mismo y se constituye en un gran atractivo\u201d dijo Mutti.<br \/>\nRespecto a la procesi\u00f3n n\u00e1utica Mutti abog\u00f3 por que en el futuro haya una mayor participaci\u00f3n de embarcaciones y tambi\u00e9n se refiri\u00f3 al mirador que se dej\u00f3 inaugurado el pasado domingo \u201cEs sencillamente espectacular, con una vista extraordinaria, con la humilde ermita que est\u00e1 a pocos metros y que tiene\u00a0 un valor espiritual bastante importante y con el agregado que ahora la gente puede disfrutar con un vista excepcional\u201d resalt\u00f3.<br \/>\n\u201cLa biblioteca ha sido una inversi\u00f3n y no un\u00a0 gasto\u201d dijo Roberto Mutti cuando se refiri\u00f3 a la flamante biblioteca lagunera.<br \/>\n\u201cGuillermina (Mutti) le dio el toque que el lugar necesitaba y ese es el lugar donde los laguneros nos encontraremos y podremos trasladar proyectos, inquietudes, concursos o exposiciones\u00a0 y tenemos que recuperar all\u00ed la historia lagunera que ya tiene 60 a\u00f1os\u201d se\u00f1al\u00f3.<br \/>\nPor \u00faltimo Roberto Mutti anticip\u00f3 para el d\u00eda 12 de enero\u00a0 la edici\u00f3n N\u00ba30 de la llegada de los Reyes Magos a la villa lagunera.<br \/>\n&nbsp;<br \/>\n\u201cTenemos que estar preparados para recibir al turista\u201d<br \/>\nSergio Bordoni, Intendente Municipal<br \/>\n&nbsp;<br \/>\n\u201cVamos a disfrutar un d\u00eda placentero en la laguna, despu\u00e9s de una noche de karaoke y de la rueda de corderos\u201d dijo el jefe comunal.<br \/>\nRefiri\u00e9ndose a la actual comisi\u00f3n lagunera Bordoni opin\u00f3 que \u201cpara nosotros es muy importante porque somos una comarca netamente tur\u00edstica y tenemos que estar preparados en cada lugar para recibir bien al turista\u201d<br \/>\n\u201cEntre todos se logran cosas buenas como en este caso la comisi\u00f3n de la laguna y el municipio. El municipio no puede hacer todo solo y las instituciones intermedias tampoco\u201d agreg\u00f3 Bordoni.<br \/>\n\u201cSigo siendo \u201cPino\u201d Bordoni ac\u00e1 y en cualquier lado, pero para mi este es un lugar de distensi\u00f3n, donde se olvida al menos por alg\u00fan momento de su funci\u00f3n y trato de hacer lo que hago en mi casa como hacer karaoke y cantar, juntarnos con la gente y charlar, siendo uno mas de la laguna, no como intendente sino como un habitante m\u00e1s\u201d subray\u00f3.<br \/>\nApara mi la laguna es e lugar en el mundo; un lugar donde descansas y podes conciliar el sue\u00f1o. Ojal\u00e1 pueda tener alguna vivienda y que mis nietos puedan disfrutar de la laguna como yo lo hago\u201d concluy\u00f3. Sergio Bordoni.<br \/>\n&nbsp;<br \/>\n&nbsp;<br \/>\n&nbsp;<br \/>\n&nbsp;<\/p>\n","protected":false},"excerpt":{"rendered":"<p>\u00a0\u00a0\u00a0 En una estupenda jornada veraniega y con una buena afluencia de \u201claguneros\u201d y turistas,\u00a0 el Club de Pesca Tornquist inaugur\u00f3 la temporada estival. &nbsp; De la mano de Gonzalo Lambichi y Diego Herbalejo se pudo disfrutar de un verdadero manjar cocinado \u201ca punto\u201d, en lo que fue, como todos los a\u00f1os, lo que concentr\u00f3 [&hellip;]<\/p>\n","protected":false},"author":1,"featured_media":39097,"comment_status":"closed","ping_status":"open","sticky":false,"template":"","format":"standard","meta":{"footnotes":""},"categories":[51,52,58],"tags":[],"class_list":["post-39080","post","type-post","status-publish","format-standard","has-post-thumbnail","hentry","category-comunidad","category-destacadas","category-turismo"],"yoast_head":"<!-- This site is optimized with the Yoast SEO plugin v19.7.1 - https:\/\/yoast.com\/wordpress\/plugins\/seo\/ -->\n<title>Con la tradicional rueda de corderos El Club de Pesca Tornquist inaugur\u00f3 la temporada estival (fotos videoentrevistas) - CELTTV<\/title>\n<meta name=\"description\" content=\"Sitio web de noticias de la localidad de Tornquist, provincia de Buenos Aires, Rep\u00fablica Argentina. Contenido propio originado por periodistas de CELTTV, el canal de TV local de la Cooperativa El\u00e9ctrica de Tornquist. Turismo, Pol\u00edtica, Sociedad, Deporte, Cultura y todo el contenido de inter\u00e9s general que la gente del pueblo y la regi\u00f3n debe conocer.\" \/>\n<meta name=\"robots\" content=\"index, follow, max-snippet:-1, max-image-preview:large, max-video-preview:-1\" \/>\n<link rel=\"canonical\" href=\"https:\/\/www.celttv.com.ar\/index.php\/2018\/12\/14\/con-la-tradicional-rueda-de-corderos-el-club-de-pesca-tornquist-inauguro-la-temporada-estival-fotos-videoentrevistas\/\" \/>\n<meta property=\"og:locale\" content=\"es_ES\" \/>\n<meta property=\"og:type\" content=\"article\" \/>\n<meta property=\"og:title\" content=\"Con la tradicional rueda de corderos El Club de Pesca Tornquist inaugur\u00f3 la temporada estival (fotos videoentrevistas) - CELTTV\" \/>\n<meta property=\"og:description\" content=\"Sitio web de noticias de la localidad de Tornquist, provincia de Buenos Aires, Rep\u00fablica Argentina. Contenido propio originado por periodistas de CELTTV, el canal de TV local de la Cooperativa El\u00e9ctrica de Tornquist. Turismo, Pol\u00edtica, Sociedad, Deporte, Cultura y todo el contenido de inter\u00e9s general que la gente del pueblo y la regi\u00f3n debe conocer.\" \/>\n<meta property=\"og:url\" content=\"https:\/\/www.celttv.com.ar\/index.php\/2018\/12\/14\/con-la-tradicional-rueda-de-corderos-el-club-de-pesca-tornquist-inauguro-la-temporada-estival-fotos-videoentrevistas\/\" \/>\n<meta property=\"og:site_name\" content=\"CELTTV\" \/>\n<meta property=\"article:publisher\" content=\"https:\/\/www.facebook.com\/celtTV\/\" \/>\n<meta property=\"article:published_time\" content=\"2018-12-14T18:21:14+00:00\" \/>\n<meta property=\"og:image\" content=\"https:\/\/www.celttv.com.ar\/wp-content\/uploads\/2018\/12\/IMG_3244-Small.jpg\" \/>\n\t<meta property=\"og:image:width\" content=\"720\" \/>\n\t<meta property=\"og:image:height\" content=\"480\" \/>\n\t<meta property=\"og:image:type\" content=\"image\/jpeg\" \/>\n<meta name=\"author\" content=\"ulises\" \/>\n<meta name=\"twitter:card\" content=\"summary_large_image\" \/>\n<meta name=\"twitter:label1\" content=\"Escrito por\" \/>\n\t<meta name=\"twitter:data1\" content=\"ulises\" \/>\n\t<meta name=\"twitter:label2\" content=\"Tiempo de lectura\" \/>\n\t<meta name=\"twitter:data2\" content=\"5 minutos\" \/>\n<script type=\"application\/ld+json\" class=\"yoast-schema-graph\">{\"@context\":\"https:\/\/schema.org\",\"@graph\":[{\"@type\":\"NewsArticle\",\"@id\":\"https:\/\/www.celttv.com.ar\/index.php\/2018\/12\/14\/con-la-tradicional-rueda-de-corderos-el-club-de-pesca-tornquist-inauguro-la-temporada-estival-fotos-videoentrevistas\/#article\",\"isPartOf\":{\"@id\":\"https:\/\/www.celttv.com.ar\/index.php\/2018\/12\/14\/con-la-tradicional-rueda-de-corderos-el-club-de-pesca-tornquist-inauguro-la-temporada-estival-fotos-videoentrevistas\/\"},\"author\":{\"name\":\"ulises\",\"@id\":\"https:\/\/www.celttv.com.ar\/#\/schema\/person\/6d99c072dba59953809c81446e9d0ace\"},\"headline\":\"Con la tradicional rueda de corderos El Club de Pesca Tornquist inaugur\u00f3 la temporada estival (fotos videoentrevistas)\",\"datePublished\":\"2018-12-14T18:21:14+00:00\",\"dateModified\":\"2018-12-14T18:21:14+00:00\",\"mainEntityOfPage\":{\"@id\":\"https:\/\/www.celttv.com.ar\/index.php\/2018\/12\/14\/con-la-tradicional-rueda-de-corderos-el-club-de-pesca-tornquist-inauguro-la-temporada-estival-fotos-videoentrevistas\/\"},\"wordCount\":1061,\"publisher\":{\"@id\":\"https:\/\/www.celttv.com.ar\/#organization\"},\"articleSection\":[\"Comunidad\",\"Destacadas\",\"Turismo\"],\"inLanguage\":\"es\"},{\"@type\":\"WebPage\",\"@id\":\"https:\/\/www.celttv.com.ar\/index.php\/2018\/12\/14\/con-la-tradicional-rueda-de-corderos-el-club-de-pesca-tornquist-inauguro-la-temporada-estival-fotos-videoentrevistas\/\",\"url\":\"https:\/\/www.celttv.com.ar\/index.php\/2018\/12\/14\/con-la-tradicional-rueda-de-corderos-el-club-de-pesca-tornquist-inauguro-la-temporada-estival-fotos-videoentrevistas\/\",\"name\":\"Con la tradicional rueda de corderos El Club de Pesca Tornquist inaugur\u00f3 la temporada estival (fotos videoentrevistas) - CELTTV\",\"isPartOf\":{\"@id\":\"https:\/\/www.celttv.com.ar\/#website\"},\"datePublished\":\"2018-12-14T18:21:14+00:00\",\"dateModified\":\"2018-12-14T18:21:14+00:00\",\"description\":\"Sitio web de noticias de la localidad de Tornquist, provincia de Buenos Aires, Rep\u00fablica Argentina. Contenido propio originado por periodistas de CELTTV, el canal de TV local de la Cooperativa El\u00e9ctrica de Tornquist. Turismo, Pol\u00edtica, Sociedad, Deporte, Cultura y todo el contenido de inter\u00e9s general que la gente del pueblo y la regi\u00f3n debe conocer.\",\"breadcrumb\":{\"@id\":\"https:\/\/www.celttv.com.ar\/index.php\/2018\/12\/14\/con-la-tradicional-rueda-de-corderos-el-club-de-pesca-tornquist-inauguro-la-temporada-estival-fotos-videoentrevistas\/#breadcrumb\"},\"inLanguage\":\"es\",\"potentialAction\":[{\"@type\":\"ReadAction\",\"target\":[\"https:\/\/www.celttv.com.ar\/index.php\/2018\/12\/14\/con-la-tradicional-rueda-de-corderos-el-club-de-pesca-tornquist-inauguro-la-temporada-estival-fotos-videoentrevistas\/\"]}]},{\"@type\":\"BreadcrumbList\",\"@id\":\"https:\/\/www.celttv.com.ar\/index.php\/2018\/12\/14\/con-la-tradicional-rueda-de-corderos-el-club-de-pesca-tornquist-inauguro-la-temporada-estival-fotos-videoentrevistas\/#breadcrumb\",\"itemListElement\":[{\"@type\":\"ListItem\",\"position\":1,\"name\":\"Inicio\",\"item\":\"https:\/\/www.celttv.com.ar\/\"},{\"@type\":\"ListItem\",\"position\":2,\"name\":\"Con la tradicional rueda de corderos El Club de Pesca Tornquist inaugur\u00f3 la temporada estival (fotos videoentrevistas)\"}]},{\"@type\":\"WebSite\",\"@id\":\"https:\/\/www.celttv.com.ar\/#website\",\"url\":\"https:\/\/www.celttv.com.ar\/\",\"name\":\"CELTTV\",\"description\":\"Cooperativa El\u00e9ctrica de Tornquist\",\"publisher\":{\"@id\":\"https:\/\/www.celttv.com.ar\/#organization\"},\"potentialAction\":[{\"@type\":\"SearchAction\",\"target\":{\"@type\":\"EntryPoint\",\"urlTemplate\":\"https:\/\/www.celttv.com.ar\/?s={search_term_string}\"},\"query-input\":\"required name=search_term_string\"}],\"inLanguage\":\"es\"},{\"@type\":\"Organization\",\"@id\":\"https:\/\/www.celttv.com.ar\/#organization\",\"name\":\"CELTTV\",\"url\":\"https:\/\/www.celttv.com.ar\/\",\"sameAs\":[\"https:\/\/www.youtube.com\/channel\/UCz_oIt8Hig64Ub-EmcNPIhg\",\"https:\/\/www.facebook.com\/celtTV\/\"],\"logo\":{\"@type\":\"ImageObject\",\"inLanguage\":\"es\",\"@id\":\"https:\/\/www.celttv.com.ar\/#\/schema\/logo\/image\/\",\"url\":\"http:\/\/www.celttv.com.ar\/wp-content\/uploads\/2022\/08\/logo-1.png\",\"contentUrl\":\"http:\/\/www.celttv.com.ar\/wp-content\/uploads\/2022\/08\/logo-1.png\",\"width\":461,\"height\":159,\"caption\":\"CELTTV\"},\"image\":{\"@id\":\"https:\/\/www.celttv.com.ar\/#\/schema\/logo\/image\/\"}},{\"@type\":\"Person\",\"@id\":\"https:\/\/www.celttv.com.ar\/#\/schema\/person\/6d99c072dba59953809c81446e9d0ace\",\"name\":\"ulises\",\"image\":{\"@type\":\"ImageObject\",\"inLanguage\":\"es\",\"@id\":\"https:\/\/www.celttv.com.ar\/#\/schema\/person\/image\/\",\"url\":\"https:\/\/secure.gravatar.com\/avatar\/7f2c48bdc33b30088f941fb6082e555f2874c98e20cb159d7b92b50eadfce793?s=96&d=mm&r=g\",\"contentUrl\":\"https:\/\/secure.gravatar.com\/avatar\/7f2c48bdc33b30088f941fb6082e555f2874c98e20cb159d7b92b50eadfce793?s=96&d=mm&r=g\",\"caption\":\"ulises\"},\"sameAs\":[\"http:\/\/www.celttv.com.ar\"]}]}<\/script>\n<!-- \/ Yoast SEO plugin. -->","yoast_head_json":{"title":"Con la tradicional rueda de corderos El Club de Pesca Tornquist inaugur\u00f3 la temporada estival (fotos videoentrevistas) - CELTTV","description":"Sitio web de noticias de la localidad de Tornquist, provincia de Buenos Aires, Rep\u00fablica Argentina. Contenido propio originado por periodistas de CELTTV, el canal de TV local de la Cooperativa El\u00e9ctrica de Tornquist. Turismo, Pol\u00edtica, Sociedad, Deporte, Cultura y todo el contenido de inter\u00e9s general que la gente del pueblo y la regi\u00f3n debe conocer.","robots":{"index":"index","follow":"follow","max-snippet":"max-snippet:-1","max-image-preview":"max-image-preview:large","max-video-preview":"max-video-preview:-1"},"canonical":"https:\/\/www.celttv.com.ar\/index.php\/2018\/12\/14\/con-la-tradicional-rueda-de-corderos-el-club-de-pesca-tornquist-inauguro-la-temporada-estival-fotos-videoentrevistas\/","og_locale":"es_ES","og_type":"article","og_title":"Con la tradicional rueda de corderos El Club de Pesca Tornquist inaugur\u00f3 la temporada estival (fotos videoentrevistas) - CELTTV","og_description":"Sitio web de noticias de la localidad de Tornquist, provincia de Buenos Aires, Rep\u00fablica Argentina. Contenido propio originado por periodistas de CELTTV, el canal de TV local de la Cooperativa El\u00e9ctrica de Tornquist. Turismo, Pol\u00edtica, Sociedad, Deporte, Cultura y todo el contenido de inter\u00e9s general que la gente del pueblo y la regi\u00f3n debe conocer.","og_url":"https:\/\/www.celttv.com.ar\/index.php\/2018\/12\/14\/con-la-tradicional-rueda-de-corderos-el-club-de-pesca-tornquist-inauguro-la-temporada-estival-fotos-videoentrevistas\/","og_site_name":"CELTTV","article_publisher":"https:\/\/www.facebook.com\/celtTV\/","article_published_time":"2018-12-14T18:21:14+00:00","og_image":[{"width":720,"height":480,"url":"https:\/\/www.celttv.com.ar\/wp-content\/uploads\/2018\/12\/IMG_3244-Small.jpg","type":"image\/jpeg"}],"author":"ulises","twitter_card":"summary_large_image","twitter_misc":{"Escrito por":"ulises","Tiempo de lectura":"5 minutos"},"schema":{"@context":"https:\/\/schema.org","@graph":[{"@type":"NewsArticle","@id":"https:\/\/www.celttv.com.ar\/index.php\/2018\/12\/14\/con-la-tradicional-rueda-de-corderos-el-club-de-pesca-tornquist-inauguro-la-temporada-estival-fotos-videoentrevistas\/#article","isPartOf":{"@id":"https:\/\/www.celttv.com.ar\/index.php\/2018\/12\/14\/con-la-tradicional-rueda-de-corderos-el-club-de-pesca-tornquist-inauguro-la-temporada-estival-fotos-videoentrevistas\/"},"author":{"name":"ulises","@id":"https:\/\/www.celttv.com.ar\/#\/schema\/person\/6d99c072dba59953809c81446e9d0ace"},"headline":"Con la tradicional rueda de corderos El Club de Pesca Tornquist inaugur\u00f3 la temporada estival (fotos videoentrevistas)","datePublished":"2018-12-14T18:21:14+00:00","dateModified":"2018-12-14T18:21:14+00:00","mainEntityOfPage":{"@id":"https:\/\/www.celttv.com.ar\/index.php\/2018\/12\/14\/con-la-tradicional-rueda-de-corderos-el-club-de-pesca-tornquist-inauguro-la-temporada-estival-fotos-videoentrevistas\/"},"wordCount":1061,"publisher":{"@id":"https:\/\/www.celttv.com.ar\/#organization"},"articleSection":["Comunidad","Destacadas","Turismo"],"inLanguage":"es"},{"@type":"WebPage","@id":"https:\/\/www.celttv.com.ar\/index.php\/2018\/12\/14\/con-la-tradicional-rueda-de-corderos-el-club-de-pesca-tornquist-inauguro-la-temporada-estival-fotos-videoentrevistas\/","url":"https:\/\/www.celttv.com.ar\/index.php\/2018\/12\/14\/con-la-tradicional-rueda-de-corderos-el-club-de-pesca-tornquist-inauguro-la-temporada-estival-fotos-videoentrevistas\/","name":"Con la tradicional rueda de corderos El Club de Pesca Tornquist inaugur\u00f3 la temporada estival (fotos videoentrevistas) - CELTTV","isPartOf":{"@id":"https:\/\/www.celttv.com.ar\/#website"},"datePublished":"2018-12-14T18:21:14+00:00","dateModified":"2018-12-14T18:21:14+00:00","description":"Sitio web de noticias de la localidad de Tornquist, provincia de Buenos Aires, Rep\u00fablica Argentina. Contenido propio originado por periodistas de CELTTV, el canal de TV local de la Cooperativa El\u00e9ctrica de Tornquist. Turismo, Pol\u00edtica, Sociedad, Deporte, Cultura y todo el contenido de inter\u00e9s general que la gente del pueblo y la regi\u00f3n debe conocer.","breadcrumb":{"@id":"https:\/\/www.celttv.com.ar\/index.php\/2018\/12\/14\/con-la-tradicional-rueda-de-corderos-el-club-de-pesca-tornquist-inauguro-la-temporada-estival-fotos-videoentrevistas\/#breadcrumb"},"inLanguage":"es","potentialAction":[{"@type":"ReadAction","target":["https:\/\/www.celttv.com.ar\/index.php\/2018\/12\/14\/con-la-tradicional-rueda-de-corderos-el-club-de-pesca-tornquist-inauguro-la-temporada-estival-fotos-videoentrevistas\/"]}]},{"@type":"BreadcrumbList","@id":"https:\/\/www.celttv.com.ar\/index.php\/2018\/12\/14\/con-la-tradicional-rueda-de-corderos-el-club-de-pesca-tornquist-inauguro-la-temporada-estival-fotos-videoentrevistas\/#breadcrumb","itemListElement":[{"@type":"ListItem","position":1,"name":"Inicio","item":"https:\/\/www.celttv.com.ar\/"},{"@type":"ListItem","position":2,"name":"Con la tradicional rueda de corderos El Club de Pesca Tornquist inaugur\u00f3 la temporada estival (fotos videoentrevistas)"}]},{"@type":"WebSite","@id":"https:\/\/www.celttv.com.ar\/#website","url":"https:\/\/www.celttv.com.ar\/","name":"CELTTV","description":"Cooperativa El\u00e9ctrica de Tornquist","publisher":{"@id":"https:\/\/www.celttv.com.ar\/#organization"},"potentialAction":[{"@type":"SearchAction","target":{"@type":"EntryPoint","urlTemplate":"https:\/\/www.celttv.com.ar\/?s={search_term_string}"},"query-input":"required name=search_term_string"}],"inLanguage":"es"},{"@type":"Organization","@id":"https:\/\/www.celttv.com.ar\/#organization","name":"CELTTV","url":"https:\/\/www.celttv.com.ar\/","sameAs":["https:\/\/www.youtube.com\/channel\/UCz_oIt8Hig64Ub-EmcNPIhg","https:\/\/www.facebook.com\/celtTV\/"],"logo":{"@type":"ImageObject","inLanguage":"es","@id":"https:\/\/www.celttv.com.ar\/#\/schema\/logo\/image\/","url":"http:\/\/www.celttv.com.ar\/wp-content\/uploads\/2022\/08\/logo-1.png","contentUrl":"http:\/\/www.celttv.com.ar\/wp-content\/uploads\/2022\/08\/logo-1.png","width":461,"height":159,"caption":"CELTTV"},"image":{"@id":"https:\/\/www.celttv.com.ar\/#\/schema\/logo\/image\/"}},{"@type":"Person","@id":"https:\/\/www.celttv.com.ar\/#\/schema\/person\/6d99c072dba59953809c81446e9d0ace","name":"ulises","image":{"@type":"ImageObject","inLanguage":"es","@id":"https:\/\/www.celttv.com.ar\/#\/schema\/person\/image\/","url":"https:\/\/secure.gravatar.com\/avatar\/7f2c48bdc33b30088f941fb6082e555f2874c98e20cb159d7b92b50eadfce793?s=96&d=mm&r=g","contentUrl":"https:\/\/secure.gravatar.com\/avatar\/7f2c48bdc33b30088f941fb6082e555f2874c98e20cb159d7b92b50eadfce793?s=96&d=mm&r=g","caption":"ulises"},"sameAs":["http:\/\/www.celttv.com.ar"]}]}},"_links":{"self":[{"href":"https:\/\/www.celttv.com.ar\/index.php\/wp-json\/wp\/v2\/posts\/39080","targetHints":{"allow":["GET"]}}],"collection":[{"href":"https:\/\/www.celttv.com.ar\/index.php\/wp-json\/wp\/v2\/posts"}],"about":[{"href":"https:\/\/www.celttv.com.ar\/index.php\/wp-json\/wp\/v2\/types\/post"}],"author":[{"embeddable":true,"href":"https:\/\/www.celttv.com.ar\/index.php\/wp-json\/wp\/v2\/users\/1"}],"replies":[{"embeddable":true,"href":"https:\/\/www.celttv.com.ar\/index.php\/wp-json\/wp\/v2\/comments?post=39080"}],"version-history":[{"count":0,"href":"https:\/\/www.celttv.com.ar\/index.php\/wp-json\/wp\/v2\/posts\/39080\/revisions"}],"wp:featuredmedia":[{"embeddable":true,"href":"https:\/\/www.celttv.com.ar\/index.php\/wp-json\/wp\/v2\/media\/39097"}],"wp:attachment":[{"href":"https:\/\/www.celttv.com.ar\/index.php\/wp-json\/wp\/v2\/media?parent=39080"}],"wp:term":[{"taxonomy":"category","embeddable":true,"href":"https:\/\/www.celttv.com.ar\/index.php\/wp-json\/wp\/v2\/categories?post=39080"},{"taxonomy":"post_tag","embeddable":true,"href":"https:\/\/www.celttv.com.ar\/index.php\/wp-json\/wp\/v2\/tags?post=39080"}],"curies":[{"name":"wp","href":"https:\/\/api.w.org\/{rel}","templated":true}]}}