{"id":39110,"date":"2018-12-17T01:18:38","date_gmt":"2018-12-17T01:18:38","guid":{"rendered":"http:\/\/www.celttv.com.ar\/?p=39110"},"modified":"2018-12-17T01:18:38","modified_gmt":"2018-12-17T01:18:38","slug":"union-semifinalista-de-ano","status":"publish","type":"post","link":"https:\/\/www.celttv.com.ar\/index.php\/2018\/12\/17\/union-semifinalista-de-ano\/","title":{"rendered":"UNION SEMIFINALISTA DE A\u00d1O"},"content":{"rendered":"<p>Con la gran actuaci\u00f3n de Juan Manuel Stefanof en la tanda de penales, Uni\u00f3n elimin\u00f3 a San Mart\u00edn de Carhu\u00e9 e ir\u00e1 contra Boca en la semifinal de a\u00f1o. El \u201cgordo\u201d contuvo los penales de Schmidt y Torres, mientras que el verde tuvo efectividad plena.<br \/>\nEn un partido de tramite muy parejo, Uni\u00f3n fue un poquito m\u00e1s pero no le alcanz\u00f3 para superar a San Mart\u00edn en el tiempo regular. La primera media hora de partido fue para estudiarse, saber c\u00f3mo se paraba el rival en la cancha y sacar el mayor provecho posible a las virtudes y defectos de uno y otro.<br \/>\nLo mejor del primer tiempo lleg\u00f3 en el final. Sobre los 40minutos pifi\u00f3 F\u00f3gel y Angelini qued\u00f3 mano a mano con Del Valle, el \u201c1\u201d gan\u00f3 el duelo. Un minuto despu\u00e9s Torres gan\u00f3 en el \u00e1rea rival y cabece\u00f3 desviado. Ah\u00ed nom\u00e1s la m\u00e1s clara. Callava anticipa en la mitad de la cancha y sale a toda velocidad, habilita a Angelini pero lo traban justo y la pelota le queda nuevamente al central del verde que abri\u00f3 el pie para ponerla a colocar al palo izquierdo de Del Valle y el disparo se fue cerca.<br \/>\nLa \u00faltima fue para San Mart\u00edn, con un disparo de Casas que se fue desviado.<br \/>\nEn el segundo per\u00edodo al minuto lo iba a tener el \u201csanto\u201d, cuando Gonz\u00e1lez encar\u00f3 por el centro y remat\u00f3 cuando pod\u00eda haber habilitado a Luna que estaba libre. Un rato despu\u00e9s nuevamente se salva el verde cuando Kloster en el af\u00e1n de despejar manda la pelota por arriba del travesa\u00f1o.<br \/>\nUni\u00f3n emparej\u00f3 y empez\u00f3 a llegar con peligro al arco de Del Valle. Primero con Angelini y luego con Grassi, ambos probando de media distancia. En el medio Kloster trab\u00f3 justito a Luna cuando ten\u00eda el primero.<br \/>\nAntes de los 20\u2019 Torraco se escap\u00f3 por en\u00e9sima por el sector izquierdo, tir\u00f3 el centro y Luna no lleg\u00f3 a conectar.<br \/>\nA los 25\u2019 una para cada uno. Primer Del Valle le saca pr\u00e1cticamente la pelota de la cabeza a Angelini cuando ten\u00eda el primero, y luego Casas, en la primera que se pudo sacar de encima a Franco que lo sigui\u00f3 todo el partido, termin\u00f3 rematando cerca.<br \/>\nA mitad de hora del segundo tiempo el infresado Fritz enganch\u00f3 dentro del \u00e1rea, se acomod\u00f3 para la zurda y el remate se fue cerca.<br \/>\nLa m\u00e1s clara de la segunda mitad la volvi\u00f3 a tener Uni\u00f3n con un centro de Correa que conect\u00f3 de cabeza Heiland, la pelota da en la base del poste y le queda a Angelini que de media vuelta remata lejos.<br \/>\nLa \u00faltima fue tambi\u00e9n para el verde, con un centro de Heiland y la aparici\u00f3n justa de Ayala para sacarle la pelota a Correa que aparec\u00eda solo.<br \/>\nEl partido se muri\u00f3. Arce tuvo un aceptable arbitraje pese a la cantidad de amarillas que sac\u00f3 (siete para Uni\u00f3n y dos para San Mart\u00edn). Hab\u00eda que definir desde el punto penal.<br \/>\nEl primero en patear fue Schmidt y Stefanof ataj\u00f3 arroj\u00e1ndose al palo derecho. El Schmidt de Uni\u00f3n convirti\u00f3. Tambi\u00e9n lo hicieron Calzetta y Belleggia para el santo y Grassi y Terrugi en el verde. Lleg\u00f3 el turno de Torres y Stefanof volvi\u00f3 a adivinar el disparo y sac\u00f3 la pelota. Las fotos, adem\u00e1s de para Stefanof fueron para Angelini que pate\u00f3 el cuarto y con ese penal le dio el pasaje a Uni\u00f3n a la semifinal de a\u00f1o.<br \/>\nAhora espera a un Boca con algunas bajas. De estos dos saldr\u00e1 el rival de Racing que hace un par de semanas espera tranquilo en la final de a\u00f1o.<br \/>\n<strong>Uni\u00f3n:<\/strong> Juan Manuel Stefanof; Federico Franco, Tom\u00e1s Terrugi, Sebasti\u00e1n Callava, Dylan Kloster; Juan Jos\u00e9 Heiland, \u00c1ngelo Grassi, Lucas Sotelo, Ezequiel Schmidt; Joaqu\u00edn Correa y Esteban Angelini. DT: Carlos Graff.<br \/>\n<u>Cambios:<\/u> ST: 21\u2019 Marcelo Maccari por Kloster, 23\u2019 Mat\u00edas Fritz por Sotelo, 32\u2019 Cristian Le\u00f3n por Callava.<br \/>\n<u>Supl:<\/u> Adri\u00e1n Buoncompagni y Fernando Salazar.<br \/>\n<strong>San Mart\u00edn:<\/strong> Leonardo Del Valle; Facundo Ayala, Franco belleggia, H\u00e9ctor F\u00f3gel, Emiliano Santos; Cristian Ferreira, Gianfranco Gonz\u00e1lez, Mart\u00edn Torres, Guillermo Torraco; Renato Casas y Sebasti\u00e1n Luna. DT: Eduardo L\u00f3pez.<br \/>\n<u>Cambios:<\/u> ST: 27\u2019 Leonel Alonso por Luna, 32\u2019 Mart\u00edn Schmidt por Ferreira, 35\u2019 Juan Emilio Calzetta por Torraco.<br \/>\n<u>Supl:<\/u> Facundo Alonso y Gonzalo Ruiz.<br \/>\n<u>Goles:<\/u> No Hubo<br \/>\n<u>Penales:<\/u> Para Union convirtieron Schmidt, Grassi, Terrugi y Angelini. Para San Mart\u00edn lo hicieron Calzetta y Belleggia. Stefanof le contuvo los penales a Schmidt y Torres.<br \/>\n<u>\u00c1rbitro:<\/u> Cristian Arce (6) de Olavarr\u00eda<br \/>\n<u>Cancha:<\/u> Estadio 19 de marzo de Pe\u00f1arol de Pig\u00fc\u00e9.<br \/>\n<a href=\"https:\/\/www.facebook.com\/pg\/solofutbolcanal2\/photos\/?tab=album&amp;album_id=962833270592530\" target=\"_blank\" rel=\"noopener\">\u00c1lbum de Fotos: Solo F\u00fatbol<\/a><br \/>\n<a href=\"http:\/\/www.celttv.com.ar\/?attachment_id=39111\" rel=\"attachment wp-att-39111\"><img loading=\"lazy\" decoding=\"async\" class=\"alignleft size-medium wp-image-39111\" src=\"http:\/\/www.celttv.com.ar\/wp-content\/uploads\/2018\/12\/DSC_0081-780x520.jpg\" alt=\"\" width=\"780\" height=\"520\" \/><\/a> <a href=\"http:\/\/www.celttv.com.ar\/?attachment_id=39112\" rel=\"attachment wp-att-39112\"><img loading=\"lazy\" decoding=\"async\" class=\"alignleft size-medium wp-image-39112\" src=\"http:\/\/www.celttv.com.ar\/wp-content\/uploads\/2018\/12\/DSC_0082-1-780x520.jpg\" alt=\"\" width=\"780\" height=\"520\" \/><\/a> <a href=\"http:\/\/www.celttv.com.ar\/?attachment_id=39113\" rel=\"attachment wp-att-39113\"><img loading=\"lazy\" decoding=\"async\" class=\"alignleft size-medium wp-image-39113\" src=\"http:\/\/www.celttv.com.ar\/wp-content\/uploads\/2018\/12\/DSC_0086-780x520.jpg\" alt=\"\" width=\"780\" height=\"520\" \/><\/a> <a href=\"http:\/\/www.celttv.com.ar\/?attachment_id=39114\" rel=\"attachment wp-att-39114\"><img loading=\"lazy\" decoding=\"async\" class=\"alignleft size-medium wp-image-39114\" src=\"http:\/\/www.celttv.com.ar\/wp-content\/uploads\/2018\/12\/DSC_0088-780x520.jpg\" alt=\"\" width=\"780\" height=\"520\" \/><\/a> <a href=\"http:\/\/www.celttv.com.ar\/?attachment_id=39115\" rel=\"attachment wp-att-39115\"><img loading=\"lazy\" decoding=\"async\" class=\"alignleft size-medium wp-image-39115\" src=\"http:\/\/www.celttv.com.ar\/wp-content\/uploads\/2018\/12\/DSC_0090-780x520.jpg\" alt=\"\" width=\"780\" height=\"520\" \/><\/a> <a href=\"http:\/\/www.celttv.com.ar\/?attachment_id=39116\" rel=\"attachment wp-att-39116\"><img loading=\"lazy\" decoding=\"async\" class=\"alignleft size-medium wp-image-39116\" src=\"http:\/\/www.celttv.com.ar\/wp-content\/uploads\/2018\/12\/DSC_0096-780x520.jpg\" alt=\"\" width=\"780\" height=\"520\" \/><\/a><\/p>\n","protected":false},"excerpt":{"rendered":"<p>Con la gran actuaci\u00f3n de Juan Manuel Stefanof en la tanda de penales, Uni\u00f3n elimin\u00f3 a San Mart\u00edn de Carhu\u00e9 e ir\u00e1 contra Boca en la semifinal de a\u00f1o. El \u201cgordo\u201d contuvo los penales de Schmidt y Torres, mientras que el verde tuvo efectividad plena. En un partido de tramite muy parejo, Uni\u00f3n fue un [&hellip;]<\/p>\n","protected":false},"author":1,"featured_media":39116,"comment_status":"closed","ping_status":"open","sticky":false,"template":"","format":"standard","meta":{"footnotes":""},"categories":[60,52,76],"tags":[],"class_list":["post-39110","post","type-post","status-publish","format-standard","has-post-thumbnail","hentry","category-deporte","category-destacadas","category-solo-futbol"],"yoast_head":"<!-- This site is optimized with the Yoast SEO plugin v19.7.1 - https:\/\/yoast.com\/wordpress\/plugins\/seo\/ -->\n<title>UNION SEMIFINALISTA DE A\u00d1O - CELTTV<\/title>\n<meta name=\"description\" content=\"Sitio web de noticias de la localidad de Tornquist, provincia de Buenos Aires, Rep\u00fablica Argentina. Contenido propio originado por periodistas de CELTTV, el canal de TV local de la Cooperativa El\u00e9ctrica de Tornquist. Turismo, Pol\u00edtica, Sociedad, Deporte, Cultura y todo el contenido de inter\u00e9s general que la gente del pueblo y la regi\u00f3n debe conocer.\" \/>\n<meta name=\"robots\" content=\"index, follow, max-snippet:-1, max-image-preview:large, max-video-preview:-1\" \/>\n<link rel=\"canonical\" href=\"https:\/\/www.celttv.com.ar\/index.php\/2018\/12\/17\/union-semifinalista-de-ano\/\" \/>\n<meta property=\"og:locale\" content=\"es_ES\" \/>\n<meta property=\"og:type\" content=\"article\" \/>\n<meta property=\"og:title\" content=\"UNION SEMIFINALISTA DE A\u00d1O - CELTTV\" \/>\n<meta property=\"og:description\" content=\"Sitio web de noticias de la localidad de Tornquist, provincia de Buenos Aires, Rep\u00fablica Argentina. Contenido propio originado por periodistas de CELTTV, el canal de TV local de la Cooperativa El\u00e9ctrica de Tornquist. Turismo, Pol\u00edtica, Sociedad, Deporte, Cultura y todo el contenido de inter\u00e9s general que la gente del pueblo y la regi\u00f3n debe conocer.\" \/>\n<meta property=\"og:url\" content=\"https:\/\/www.celttv.com.ar\/index.php\/2018\/12\/17\/union-semifinalista-de-ano\/\" \/>\n<meta property=\"og:site_name\" content=\"CELTTV\" \/>\n<meta property=\"article:publisher\" content=\"https:\/\/www.facebook.com\/celtTV\/\" \/>\n<meta property=\"article:published_time\" content=\"2018-12-17T01:18:38+00:00\" \/>\n<meta property=\"og:image\" content=\"https:\/\/www.celttv.com.ar\/wp-content\/uploads\/2018\/12\/DSC_0096.jpg\" \/>\n\t<meta property=\"og:image:width\" content=\"960\" \/>\n\t<meta property=\"og:image:height\" content=\"640\" \/>\n\t<meta property=\"og:image:type\" content=\"image\/jpeg\" \/>\n<meta name=\"author\" content=\"ulises\" \/>\n<meta name=\"twitter:card\" content=\"summary_large_image\" \/>\n<meta name=\"twitter:label1\" content=\"Escrito por\" \/>\n\t<meta name=\"twitter:data1\" content=\"ulises\" \/>\n\t<meta name=\"twitter:label2\" content=\"Tiempo de lectura\" \/>\n\t<meta name=\"twitter:data2\" content=\"4 minutos\" \/>\n<script type=\"application\/ld+json\" class=\"yoast-schema-graph\">{\"@context\":\"https:\/\/schema.org\",\"@graph\":[{\"@type\":\"NewsArticle\",\"@id\":\"https:\/\/www.celttv.com.ar\/index.php\/2018\/12\/17\/union-semifinalista-de-ano\/#article\",\"isPartOf\":{\"@id\":\"https:\/\/www.celttv.com.ar\/index.php\/2018\/12\/17\/union-semifinalista-de-ano\/\"},\"author\":{\"name\":\"ulises\",\"@id\":\"https:\/\/www.celttv.com.ar\/#\/schema\/person\/6d99c072dba59953809c81446e9d0ace\"},\"headline\":\"UNION SEMIFINALISTA DE A\u00d1O\",\"datePublished\":\"2018-12-17T01:18:38+00:00\",\"dateModified\":\"2018-12-17T01:18:38+00:00\",\"mainEntityOfPage\":{\"@id\":\"https:\/\/www.celttv.com.ar\/index.php\/2018\/12\/17\/union-semifinalista-de-ano\/\"},\"wordCount\":808,\"publisher\":{\"@id\":\"https:\/\/www.celttv.com.ar\/#organization\"},\"articleSection\":[\"Deporte\",\"Destacadas\",\"Solo Futbol\"],\"inLanguage\":\"es\"},{\"@type\":\"WebPage\",\"@id\":\"https:\/\/www.celttv.com.ar\/index.php\/2018\/12\/17\/union-semifinalista-de-ano\/\",\"url\":\"https:\/\/www.celttv.com.ar\/index.php\/2018\/12\/17\/union-semifinalista-de-ano\/\",\"name\":\"UNION SEMIFINALISTA DE A\u00d1O - CELTTV\",\"isPartOf\":{\"@id\":\"https:\/\/www.celttv.com.ar\/#website\"},\"datePublished\":\"2018-12-17T01:18:38+00:00\",\"dateModified\":\"2018-12-17T01:18:38+00:00\",\"description\":\"Sitio web de noticias de la localidad de Tornquist, provincia de Buenos Aires, Rep\u00fablica Argentina. Contenido propio originado por periodistas de CELTTV, el canal de TV local de la Cooperativa El\u00e9ctrica de Tornquist. Turismo, Pol\u00edtica, Sociedad, Deporte, Cultura y todo el contenido de inter\u00e9s general que la gente del pueblo y la regi\u00f3n debe conocer.\",\"breadcrumb\":{\"@id\":\"https:\/\/www.celttv.com.ar\/index.php\/2018\/12\/17\/union-semifinalista-de-ano\/#breadcrumb\"},\"inLanguage\":\"es\",\"potentialAction\":[{\"@type\":\"ReadAction\",\"target\":[\"https:\/\/www.celttv.com.ar\/index.php\/2018\/12\/17\/union-semifinalista-de-ano\/\"]}]},{\"@type\":\"BreadcrumbList\",\"@id\":\"https:\/\/www.celttv.com.ar\/index.php\/2018\/12\/17\/union-semifinalista-de-ano\/#breadcrumb\",\"itemListElement\":[{\"@type\":\"ListItem\",\"position\":1,\"name\":\"Inicio\",\"item\":\"https:\/\/www.celttv.com.ar\/\"},{\"@type\":\"ListItem\",\"position\":2,\"name\":\"UNION SEMIFINALISTA DE A\u00d1O\"}]},{\"@type\":\"WebSite\",\"@id\":\"https:\/\/www.celttv.com.ar\/#website\",\"url\":\"https:\/\/www.celttv.com.ar\/\",\"name\":\"CELTTV\",\"description\":\"Cooperativa El\u00e9ctrica de Tornquist\",\"publisher\":{\"@id\":\"https:\/\/www.celttv.com.ar\/#organization\"},\"potentialAction\":[{\"@type\":\"SearchAction\",\"target\":{\"@type\":\"EntryPoint\",\"urlTemplate\":\"https:\/\/www.celttv.com.ar\/?s={search_term_string}\"},\"query-input\":\"required name=search_term_string\"}],\"inLanguage\":\"es\"},{\"@type\":\"Organization\",\"@id\":\"https:\/\/www.celttv.com.ar\/#organization\",\"name\":\"CELTTV\",\"url\":\"https:\/\/www.celttv.com.ar\/\",\"sameAs\":[\"https:\/\/www.youtube.com\/channel\/UCz_oIt8Hig64Ub-EmcNPIhg\",\"https:\/\/www.facebook.com\/celtTV\/\"],\"logo\":{\"@type\":\"ImageObject\",\"inLanguage\":\"es\",\"@id\":\"https:\/\/www.celttv.com.ar\/#\/schema\/logo\/image\/\",\"url\":\"http:\/\/www.celttv.com.ar\/wp-content\/uploads\/2022\/08\/logo-1.png\",\"contentUrl\":\"http:\/\/www.celttv.com.ar\/wp-content\/uploads\/2022\/08\/logo-1.png\",\"width\":461,\"height\":159,\"caption\":\"CELTTV\"},\"image\":{\"@id\":\"https:\/\/www.celttv.com.ar\/#\/schema\/logo\/image\/\"}},{\"@type\":\"Person\",\"@id\":\"https:\/\/www.celttv.com.ar\/#\/schema\/person\/6d99c072dba59953809c81446e9d0ace\",\"name\":\"ulises\",\"image\":{\"@type\":\"ImageObject\",\"inLanguage\":\"es\",\"@id\":\"https:\/\/www.celttv.com.ar\/#\/schema\/person\/image\/\",\"url\":\"https:\/\/secure.gravatar.com\/avatar\/7f2c48bdc33b30088f941fb6082e555f2874c98e20cb159d7b92b50eadfce793?s=96&d=mm&r=g\",\"contentUrl\":\"https:\/\/secure.gravatar.com\/avatar\/7f2c48bdc33b30088f941fb6082e555f2874c98e20cb159d7b92b50eadfce793?s=96&d=mm&r=g\",\"caption\":\"ulises\"},\"sameAs\":[\"http:\/\/www.celttv.com.ar\"]}]}<\/script>\n<!-- \/ Yoast SEO plugin. -->","yoast_head_json":{"title":"UNION SEMIFINALISTA DE A\u00d1O - CELTTV","description":"Sitio web de noticias de la localidad de Tornquist, provincia de Buenos Aires, Rep\u00fablica Argentina. Contenido propio originado por periodistas de CELTTV, el canal de TV local de la Cooperativa El\u00e9ctrica de Tornquist. Turismo, Pol\u00edtica, Sociedad, Deporte, Cultura y todo el contenido de inter\u00e9s general que la gente del pueblo y la regi\u00f3n debe conocer.","robots":{"index":"index","follow":"follow","max-snippet":"max-snippet:-1","max-image-preview":"max-image-preview:large","max-video-preview":"max-video-preview:-1"},"canonical":"https:\/\/www.celttv.com.ar\/index.php\/2018\/12\/17\/union-semifinalista-de-ano\/","og_locale":"es_ES","og_type":"article","og_title":"UNION SEMIFINALISTA DE A\u00d1O - CELTTV","og_description":"Sitio web de noticias de la localidad de Tornquist, provincia de Buenos Aires, Rep\u00fablica Argentina. Contenido propio originado por periodistas de CELTTV, el canal de TV local de la Cooperativa El\u00e9ctrica de Tornquist. Turismo, Pol\u00edtica, Sociedad, Deporte, Cultura y todo el contenido de inter\u00e9s general que la gente del pueblo y la regi\u00f3n debe conocer.","og_url":"https:\/\/www.celttv.com.ar\/index.php\/2018\/12\/17\/union-semifinalista-de-ano\/","og_site_name":"CELTTV","article_publisher":"https:\/\/www.facebook.com\/celtTV\/","article_published_time":"2018-12-17T01:18:38+00:00","og_image":[{"width":960,"height":640,"url":"https:\/\/www.celttv.com.ar\/wp-content\/uploads\/2018\/12\/DSC_0096.jpg","type":"image\/jpeg"}],"author":"ulises","twitter_card":"summary_large_image","twitter_misc":{"Escrito por":"ulises","Tiempo de lectura":"4 minutos"},"schema":{"@context":"https:\/\/schema.org","@graph":[{"@type":"NewsArticle","@id":"https:\/\/www.celttv.com.ar\/index.php\/2018\/12\/17\/union-semifinalista-de-ano\/#article","isPartOf":{"@id":"https:\/\/www.celttv.com.ar\/index.php\/2018\/12\/17\/union-semifinalista-de-ano\/"},"author":{"name":"ulises","@id":"https:\/\/www.celttv.com.ar\/#\/schema\/person\/6d99c072dba59953809c81446e9d0ace"},"headline":"UNION SEMIFINALISTA DE A\u00d1O","datePublished":"2018-12-17T01:18:38+00:00","dateModified":"2018-12-17T01:18:38+00:00","mainEntityOfPage":{"@id":"https:\/\/www.celttv.com.ar\/index.php\/2018\/12\/17\/union-semifinalista-de-ano\/"},"wordCount":808,"publisher":{"@id":"https:\/\/www.celttv.com.ar\/#organization"},"articleSection":["Deporte","Destacadas","Solo Futbol"],"inLanguage":"es"},{"@type":"WebPage","@id":"https:\/\/www.celttv.com.ar\/index.php\/2018\/12\/17\/union-semifinalista-de-ano\/","url":"https:\/\/www.celttv.com.ar\/index.php\/2018\/12\/17\/union-semifinalista-de-ano\/","name":"UNION SEMIFINALISTA DE A\u00d1O - CELTTV","isPartOf":{"@id":"https:\/\/www.celttv.com.ar\/#website"},"datePublished":"2018-12-17T01:18:38+00:00","dateModified":"2018-12-17T01:18:38+00:00","description":"Sitio web de noticias de la localidad de Tornquist, provincia de Buenos Aires, Rep\u00fablica Argentina. Contenido propio originado por periodistas de CELTTV, el canal de TV local de la Cooperativa El\u00e9ctrica de Tornquist. Turismo, Pol\u00edtica, Sociedad, Deporte, Cultura y todo el contenido de inter\u00e9s general que la gente del pueblo y la regi\u00f3n debe conocer.","breadcrumb":{"@id":"https:\/\/www.celttv.com.ar\/index.php\/2018\/12\/17\/union-semifinalista-de-ano\/#breadcrumb"},"inLanguage":"es","potentialAction":[{"@type":"ReadAction","target":["https:\/\/www.celttv.com.ar\/index.php\/2018\/12\/17\/union-semifinalista-de-ano\/"]}]},{"@type":"BreadcrumbList","@id":"https:\/\/www.celttv.com.ar\/index.php\/2018\/12\/17\/union-semifinalista-de-ano\/#breadcrumb","itemListElement":[{"@type":"ListItem","position":1,"name":"Inicio","item":"https:\/\/www.celttv.com.ar\/"},{"@type":"ListItem","position":2,"name":"UNION SEMIFINALISTA DE A\u00d1O"}]},{"@type":"WebSite","@id":"https:\/\/www.celttv.com.ar\/#website","url":"https:\/\/www.celttv.com.ar\/","name":"CELTTV","description":"Cooperativa El\u00e9ctrica de Tornquist","publisher":{"@id":"https:\/\/www.celttv.com.ar\/#organization"},"potentialAction":[{"@type":"SearchAction","target":{"@type":"EntryPoint","urlTemplate":"https:\/\/www.celttv.com.ar\/?s={search_term_string}"},"query-input":"required name=search_term_string"}],"inLanguage":"es"},{"@type":"Organization","@id":"https:\/\/www.celttv.com.ar\/#organization","name":"CELTTV","url":"https:\/\/www.celttv.com.ar\/","sameAs":["https:\/\/www.youtube.com\/channel\/UCz_oIt8Hig64Ub-EmcNPIhg","https:\/\/www.facebook.com\/celtTV\/"],"logo":{"@type":"ImageObject","inLanguage":"es","@id":"https:\/\/www.celttv.com.ar\/#\/schema\/logo\/image\/","url":"http:\/\/www.celttv.com.ar\/wp-content\/uploads\/2022\/08\/logo-1.png","contentUrl":"http:\/\/www.celttv.com.ar\/wp-content\/uploads\/2022\/08\/logo-1.png","width":461,"height":159,"caption":"CELTTV"},"image":{"@id":"https:\/\/www.celttv.com.ar\/#\/schema\/logo\/image\/"}},{"@type":"Person","@id":"https:\/\/www.celttv.com.ar\/#\/schema\/person\/6d99c072dba59953809c81446e9d0ace","name":"ulises","image":{"@type":"ImageObject","inLanguage":"es","@id":"https:\/\/www.celttv.com.ar\/#\/schema\/person\/image\/","url":"https:\/\/secure.gravatar.com\/avatar\/7f2c48bdc33b30088f941fb6082e555f2874c98e20cb159d7b92b50eadfce793?s=96&d=mm&r=g","contentUrl":"https:\/\/secure.gravatar.com\/avatar\/7f2c48bdc33b30088f941fb6082e555f2874c98e20cb159d7b92b50eadfce793?s=96&d=mm&r=g","caption":"ulises"},"sameAs":["http:\/\/www.celttv.com.ar"]}]}},"_links":{"self":[{"href":"https:\/\/www.celttv.com.ar\/index.php\/wp-json\/wp\/v2\/posts\/39110","targetHints":{"allow":["GET"]}}],"collection":[{"href":"https:\/\/www.celttv.com.ar\/index.php\/wp-json\/wp\/v2\/posts"}],"about":[{"href":"https:\/\/www.celttv.com.ar\/index.php\/wp-json\/wp\/v2\/types\/post"}],"author":[{"embeddable":true,"href":"https:\/\/www.celttv.com.ar\/index.php\/wp-json\/wp\/v2\/users\/1"}],"replies":[{"embeddable":true,"href":"https:\/\/www.celttv.com.ar\/index.php\/wp-json\/wp\/v2\/comments?post=39110"}],"version-history":[{"count":0,"href":"https:\/\/www.celttv.com.ar\/index.php\/wp-json\/wp\/v2\/posts\/39110\/revisions"}],"wp:featuredmedia":[{"embeddable":true,"href":"https:\/\/www.celttv.com.ar\/index.php\/wp-json\/wp\/v2\/media\/39116"}],"wp:attachment":[{"href":"https:\/\/www.celttv.com.ar\/index.php\/wp-json\/wp\/v2\/media?parent=39110"}],"wp:term":[{"taxonomy":"category","embeddable":true,"href":"https:\/\/www.celttv.com.ar\/index.php\/wp-json\/wp\/v2\/categories?post=39110"},{"taxonomy":"post_tag","embeddable":true,"href":"https:\/\/www.celttv.com.ar\/index.php\/wp-json\/wp\/v2\/tags?post=39110"}],"curies":[{"name":"wp","href":"https:\/\/api.w.org\/{rel}","templated":true}]}}