{"id":39131,"date":"2018-12-18T20:29:45","date_gmt":"2018-12-18T20:29:45","guid":{"rendered":"http:\/\/www.celttv.com.ar\/?p=39131"},"modified":"2018-12-18T20:29:45","modified_gmt":"2018-12-18T20:29:45","slug":"asi-fue-la-campana-de-la-septima-de-automoto","status":"publish","type":"post","link":"https:\/\/www.celttv.com.ar\/index.php\/2018\/12\/18\/asi-fue-la-campana-de-la-septima-de-automoto\/","title":{"rendered":"As\u00ed fue la campa\u00f1a de la S\u00e9ptima de Automoto"},"content":{"rendered":"<p>Con una impresionante fase regular y mucha determinaci\u00f3n a la hora de definir desde el punto del penal (gan\u00f3 las tres definiciones que debi\u00f3 enfrentar), la S\u00e9ptima divisi\u00f3n de Automoto se adjudic\u00f3 el torneo Extra de inferiores de la Liga Regional de F\u00fatbol de Coronel Su\u00e1rez.<br \/>\nLa campa\u00f1a incluy\u00f3 seis encuentros, de los cuales gan\u00f3 tres y empat\u00f3 tres, con 20 goles a favor y siete en contra. Un dato para resaltar es que obtuvo las tres definiciones por penales que disput\u00f3.<br \/>\nEl camino hacia el t\u00edtulo fue el siguiente:<\/p>\n<table>\n<tbody>\n<tr>\n<td><strong>Fecha<\/strong><\/td>\n<td><strong>Rival<\/strong><\/td>\n<td><strong>Condici\u00f3n<\/strong><\/td>\n<td><strong>Resultado<\/strong><\/td>\n<td><strong>Goles<\/strong><\/td>\n<\/tr>\n<tr>\n<td>1<\/td>\n<td>Pe\u00f1arol P<\/td>\n<td>L<\/td>\n<td>6-2<\/td>\n<td>Valent\u00edn Alric (2), Luca Marzialletti (2), Juan Mart\u00edn Toy y Nicol\u00e1s Abreg\u00fa<\/td>\n<\/tr>\n<tr>\n<td>2<\/td>\n<td>Dep. Argentino<\/td>\n<td>L<\/td>\n<td>4-0<\/td>\n<td>Valent\u00edn Alric (4)<\/td>\n<\/tr>\n<tr>\n<td>3<\/td>\n<td>Uni\u00f3n T<\/td>\n<td>V<\/td>\n<td>6-1<\/td>\n<td>Aaron Bonamino (3), Valent\u00edn Alric (2) y Emilio Sgammini<\/td>\n<\/tr>\n<tr>\n<td>Cuartos<\/td>\n<td>B. y Negro<\/td>\n<td>Neutral<\/td>\n<td>2-2 (4-2)<\/td>\n<td>Aaron Bonamino y Emilio Sgammini<\/td>\n<\/tr>\n<tr>\n<td>Semifinal<\/td>\n<td>A. Huanguel\u00e9n<\/td>\n<td>Neutral<\/td>\n<td>1-1 (13-12)<\/td>\n<td>Nicol\u00e1s Abreg\u00fa<\/td>\n<\/tr>\n<tr>\n<td>Final<\/td>\n<td>Club Sarmiento<\/td>\n<td>Neutral<\/td>\n<td>1-1 (9-8)<\/td>\n<td>Nicol\u00e1s Abreg\u00fa<\/td>\n<\/tr>\n<\/tbody>\n<\/table>\n<p><strong>\u00a0<\/strong><br \/>\n<strong>El plantel<\/strong><br \/>\nFormaron parte del equipo en este segundo tramo de la temporada: Joaqu\u00edn Cisternas, Blas Schwindt, Ignacio Gonz\u00e1lez Aburto, Juan Mu\u00f1oz, Emilio Sgammini, Juan C\u00f3nsoli, Tom\u00e1s Fuhr, Juan Toy, Luca Marzialetti, Nicol\u00e1s Abreg\u00fa, Valent\u00edn Alric, Aaron Bonamino, Tom\u00e1s Dorregaray, Gian Cartuccia, Genaro Gandini, Mateo Bolletta, Mirko Lencina, Lucas Hekel, Tom\u00e1s Aldecoa, Tom\u00e1s Graff, Tom\u00e1s Oro\u00f1o y Lucas Dietz.<br \/>\nLa conducci\u00f3n estuvo a cargo de Mauricio Kugler (coordinador), Juan Salazar (DT) y Juan Gisler (PF).<br \/>\n<strong>Los goleadores<\/strong><br \/>\nEl m\u00e1ximo artillero del equipo en este certamen fue Valent\u00edn Alric, con 8 conquistas. Lo siguieron Aaron Bonamino, 4; Nicol\u00e1s Abreg\u00fa, 3, Luca Marzialetti y Emilio Sgammini, 2; y Juan Toy, 1.<br \/>\n<strong>Los gritos de la temporada<\/strong><br \/>\nA lo largo del a\u00f1o, la S\u00e9ptima de Automoto anot\u00f3 65 goles. Los mismos se dividieron de la siguiente manera: Valent\u00edn Alric, 18 tantos; Nicol\u00e1s Abreg\u00fa, 14; Emilio Sgammini, 8; Tom\u00e1s Fuhr, Luca Marzialetti y Aaron Bonamino, 7; y Juan C\u00f3nsoli y Juan M. Toy, 4.<br \/>\n&nbsp;<br \/>\nDepartamento de Prensa \u2013 Automoto Club Deportivo<br \/>\nwww.clubautomotopasion.com.ar<br \/>\nFacebook: \/automototornquist<br \/>\nTwitter: @ClubAutomoto<br \/>\n&nbsp;<\/p>\n","protected":false},"excerpt":{"rendered":"<p>Con una impresionante fase regular y mucha determinaci\u00f3n a la hora de definir desde el punto del penal (gan\u00f3 las tres definiciones que debi\u00f3 enfrentar), la S\u00e9ptima divisi\u00f3n de Automoto se adjudic\u00f3 el torneo Extra de inferiores de la Liga Regional de F\u00fatbol de Coronel Su\u00e1rez. La campa\u00f1a incluy\u00f3 seis encuentros, de los cuales gan\u00f3 [&hellip;]<\/p>\n","protected":false},"author":1,"featured_media":39132,"comment_status":"closed","ping_status":"open","sticky":false,"template":"","format":"standard","meta":{"footnotes":""},"categories":[55,60,52,63],"tags":[],"class_list":["post-39131","post","type-post","status-publish","format-standard","has-post-thumbnail","hentry","category-celt-tv-noticias","category-deporte","category-destacadas","category-magazine-sport"],"yoast_head":"<!-- This site is optimized with the Yoast SEO plugin v19.7.1 - https:\/\/yoast.com\/wordpress\/plugins\/seo\/ -->\n<title>As\u00ed fue la campa\u00f1a de la S\u00e9ptima de Automoto - CELTTV<\/title>\n<meta name=\"description\" content=\"Sitio web de noticias de la localidad de Tornquist, provincia de Buenos Aires, Rep\u00fablica Argentina. Contenido propio originado por periodistas de CELTTV, el canal de TV local de la Cooperativa El\u00e9ctrica de Tornquist. Turismo, Pol\u00edtica, Sociedad, Deporte, Cultura y todo el contenido de inter\u00e9s general que la gente del pueblo y la regi\u00f3n debe conocer.\" \/>\n<meta name=\"robots\" content=\"index, follow, max-snippet:-1, max-image-preview:large, max-video-preview:-1\" \/>\n<link rel=\"canonical\" href=\"https:\/\/www.celttv.com.ar\/index.php\/2018\/12\/18\/asi-fue-la-campana-de-la-septima-de-automoto\/\" \/>\n<meta property=\"og:locale\" content=\"es_ES\" \/>\n<meta property=\"og:type\" content=\"article\" \/>\n<meta property=\"og:title\" content=\"As\u00ed fue la campa\u00f1a de la S\u00e9ptima de Automoto - CELTTV\" \/>\n<meta property=\"og:description\" content=\"Sitio web de noticias de la localidad de Tornquist, provincia de Buenos Aires, Rep\u00fablica Argentina. Contenido propio originado por periodistas de CELTTV, el canal de TV local de la Cooperativa El\u00e9ctrica de Tornquist. Turismo, Pol\u00edtica, Sociedad, Deporte, Cultura y todo el contenido de inter\u00e9s general que la gente del pueblo y la regi\u00f3n debe conocer.\" \/>\n<meta property=\"og:url\" content=\"https:\/\/www.celttv.com.ar\/index.php\/2018\/12\/18\/asi-fue-la-campana-de-la-septima-de-automoto\/\" \/>\n<meta property=\"og:site_name\" content=\"CELTTV\" \/>\n<meta property=\"article:publisher\" content=\"https:\/\/www.facebook.com\/celtTV\/\" \/>\n<meta property=\"article:published_time\" content=\"2018-12-18T20:29:45+00:00\" \/>\n<meta property=\"og:image\" content=\"https:\/\/www.celttv.com.ar\/wp-content\/uploads\/2018\/12\/DSC_3579.jpg\" \/>\n\t<meta property=\"og:image:width\" content=\"960\" \/>\n\t<meta property=\"og:image:height\" content=\"540\" \/>\n\t<meta property=\"og:image:type\" content=\"image\/jpeg\" \/>\n<meta name=\"author\" content=\"ulises\" \/>\n<meta name=\"twitter:card\" content=\"summary_large_image\" \/>\n<meta name=\"twitter:label1\" content=\"Escrito por\" \/>\n\t<meta name=\"twitter:data1\" content=\"ulises\" \/>\n\t<meta name=\"twitter:label2\" content=\"Tiempo de lectura\" \/>\n\t<meta name=\"twitter:data2\" content=\"2 minutos\" \/>\n<script type=\"application\/ld+json\" class=\"yoast-schema-graph\">{\"@context\":\"https:\/\/schema.org\",\"@graph\":[{\"@type\":\"NewsArticle\",\"@id\":\"https:\/\/www.celttv.com.ar\/index.php\/2018\/12\/18\/asi-fue-la-campana-de-la-septima-de-automoto\/#article\",\"isPartOf\":{\"@id\":\"https:\/\/www.celttv.com.ar\/index.php\/2018\/12\/18\/asi-fue-la-campana-de-la-septima-de-automoto\/\"},\"author\":{\"name\":\"ulises\",\"@id\":\"https:\/\/www.celttv.com.ar\/#\/schema\/person\/6d99c072dba59953809c81446e9d0ace\"},\"headline\":\"As\u00ed fue la campa\u00f1a de la S\u00e9ptima de Automoto\",\"datePublished\":\"2018-12-18T20:29:45+00:00\",\"dateModified\":\"2018-12-18T20:29:45+00:00\",\"mainEntityOfPage\":{\"@id\":\"https:\/\/www.celttv.com.ar\/index.php\/2018\/12\/18\/asi-fue-la-campana-de-la-septima-de-automoto\/\"},\"wordCount\":369,\"publisher\":{\"@id\":\"https:\/\/www.celttv.com.ar\/#organization\"},\"articleSection\":[\"Celt TV Noticias\",\"Deporte\",\"Destacadas\",\"Magazine Sport\"],\"inLanguage\":\"es\"},{\"@type\":\"WebPage\",\"@id\":\"https:\/\/www.celttv.com.ar\/index.php\/2018\/12\/18\/asi-fue-la-campana-de-la-septima-de-automoto\/\",\"url\":\"https:\/\/www.celttv.com.ar\/index.php\/2018\/12\/18\/asi-fue-la-campana-de-la-septima-de-automoto\/\",\"name\":\"As\u00ed fue la campa\u00f1a de la S\u00e9ptima de Automoto - CELTTV\",\"isPartOf\":{\"@id\":\"https:\/\/www.celttv.com.ar\/#website\"},\"datePublished\":\"2018-12-18T20:29:45+00:00\",\"dateModified\":\"2018-12-18T20:29:45+00:00\",\"description\":\"Sitio web de noticias de la localidad de Tornquist, provincia de Buenos Aires, Rep\u00fablica Argentina. Contenido propio originado por periodistas de CELTTV, el canal de TV local de la Cooperativa El\u00e9ctrica de Tornquist. Turismo, Pol\u00edtica, Sociedad, Deporte, Cultura y todo el contenido de inter\u00e9s general que la gente del pueblo y la regi\u00f3n debe conocer.\",\"breadcrumb\":{\"@id\":\"https:\/\/www.celttv.com.ar\/index.php\/2018\/12\/18\/asi-fue-la-campana-de-la-septima-de-automoto\/#breadcrumb\"},\"inLanguage\":\"es\",\"potentialAction\":[{\"@type\":\"ReadAction\",\"target\":[\"https:\/\/www.celttv.com.ar\/index.php\/2018\/12\/18\/asi-fue-la-campana-de-la-septima-de-automoto\/\"]}]},{\"@type\":\"BreadcrumbList\",\"@id\":\"https:\/\/www.celttv.com.ar\/index.php\/2018\/12\/18\/asi-fue-la-campana-de-la-septima-de-automoto\/#breadcrumb\",\"itemListElement\":[{\"@type\":\"ListItem\",\"position\":1,\"name\":\"Inicio\",\"item\":\"https:\/\/www.celttv.com.ar\/\"},{\"@type\":\"ListItem\",\"position\":2,\"name\":\"As\u00ed fue la campa\u00f1a de la S\u00e9ptima de Automoto\"}]},{\"@type\":\"WebSite\",\"@id\":\"https:\/\/www.celttv.com.ar\/#website\",\"url\":\"https:\/\/www.celttv.com.ar\/\",\"name\":\"CELTTV\",\"description\":\"Cooperativa El\u00e9ctrica de Tornquist\",\"publisher\":{\"@id\":\"https:\/\/www.celttv.com.ar\/#organization\"},\"potentialAction\":[{\"@type\":\"SearchAction\",\"target\":{\"@type\":\"EntryPoint\",\"urlTemplate\":\"https:\/\/www.celttv.com.ar\/?s={search_term_string}\"},\"query-input\":\"required name=search_term_string\"}],\"inLanguage\":\"es\"},{\"@type\":\"Organization\",\"@id\":\"https:\/\/www.celttv.com.ar\/#organization\",\"name\":\"CELTTV\",\"url\":\"https:\/\/www.celttv.com.ar\/\",\"sameAs\":[\"https:\/\/www.youtube.com\/channel\/UCz_oIt8Hig64Ub-EmcNPIhg\",\"https:\/\/www.facebook.com\/celtTV\/\"],\"logo\":{\"@type\":\"ImageObject\",\"inLanguage\":\"es\",\"@id\":\"https:\/\/www.celttv.com.ar\/#\/schema\/logo\/image\/\",\"url\":\"http:\/\/www.celttv.com.ar\/wp-content\/uploads\/2022\/08\/logo-1.png\",\"contentUrl\":\"http:\/\/www.celttv.com.ar\/wp-content\/uploads\/2022\/08\/logo-1.png\",\"width\":461,\"height\":159,\"caption\":\"CELTTV\"},\"image\":{\"@id\":\"https:\/\/www.celttv.com.ar\/#\/schema\/logo\/image\/\"}},{\"@type\":\"Person\",\"@id\":\"https:\/\/www.celttv.com.ar\/#\/schema\/person\/6d99c072dba59953809c81446e9d0ace\",\"name\":\"ulises\",\"image\":{\"@type\":\"ImageObject\",\"inLanguage\":\"es\",\"@id\":\"https:\/\/www.celttv.com.ar\/#\/schema\/person\/image\/\",\"url\":\"https:\/\/secure.gravatar.com\/avatar\/7f2c48bdc33b30088f941fb6082e555f2874c98e20cb159d7b92b50eadfce793?s=96&d=mm&r=g\",\"contentUrl\":\"https:\/\/secure.gravatar.com\/avatar\/7f2c48bdc33b30088f941fb6082e555f2874c98e20cb159d7b92b50eadfce793?s=96&d=mm&r=g\",\"caption\":\"ulises\"},\"sameAs\":[\"http:\/\/www.celttv.com.ar\"]}]}<\/script>\n<!-- \/ Yoast SEO plugin. -->","yoast_head_json":{"title":"As\u00ed fue la campa\u00f1a de la S\u00e9ptima de Automoto - CELTTV","description":"Sitio web de noticias de la localidad de Tornquist, provincia de Buenos Aires, Rep\u00fablica Argentina. Contenido propio originado por periodistas de CELTTV, el canal de TV local de la Cooperativa El\u00e9ctrica de Tornquist. Turismo, Pol\u00edtica, Sociedad, Deporte, Cultura y todo el contenido de inter\u00e9s general que la gente del pueblo y la regi\u00f3n debe conocer.","robots":{"index":"index","follow":"follow","max-snippet":"max-snippet:-1","max-image-preview":"max-image-preview:large","max-video-preview":"max-video-preview:-1"},"canonical":"https:\/\/www.celttv.com.ar\/index.php\/2018\/12\/18\/asi-fue-la-campana-de-la-septima-de-automoto\/","og_locale":"es_ES","og_type":"article","og_title":"As\u00ed fue la campa\u00f1a de la S\u00e9ptima de Automoto - CELTTV","og_description":"Sitio web de noticias de la localidad de Tornquist, provincia de Buenos Aires, Rep\u00fablica Argentina. Contenido propio originado por periodistas de CELTTV, el canal de TV local de la Cooperativa El\u00e9ctrica de Tornquist. Turismo, Pol\u00edtica, Sociedad, Deporte, Cultura y todo el contenido de inter\u00e9s general que la gente del pueblo y la regi\u00f3n debe conocer.","og_url":"https:\/\/www.celttv.com.ar\/index.php\/2018\/12\/18\/asi-fue-la-campana-de-la-septima-de-automoto\/","og_site_name":"CELTTV","article_publisher":"https:\/\/www.facebook.com\/celtTV\/","article_published_time":"2018-12-18T20:29:45+00:00","og_image":[{"width":960,"height":540,"url":"https:\/\/www.celttv.com.ar\/wp-content\/uploads\/2018\/12\/DSC_3579.jpg","type":"image\/jpeg"}],"author":"ulises","twitter_card":"summary_large_image","twitter_misc":{"Escrito por":"ulises","Tiempo de lectura":"2 minutos"},"schema":{"@context":"https:\/\/schema.org","@graph":[{"@type":"NewsArticle","@id":"https:\/\/www.celttv.com.ar\/index.php\/2018\/12\/18\/asi-fue-la-campana-de-la-septima-de-automoto\/#article","isPartOf":{"@id":"https:\/\/www.celttv.com.ar\/index.php\/2018\/12\/18\/asi-fue-la-campana-de-la-septima-de-automoto\/"},"author":{"name":"ulises","@id":"https:\/\/www.celttv.com.ar\/#\/schema\/person\/6d99c072dba59953809c81446e9d0ace"},"headline":"As\u00ed fue la campa\u00f1a de la S\u00e9ptima de Automoto","datePublished":"2018-12-18T20:29:45+00:00","dateModified":"2018-12-18T20:29:45+00:00","mainEntityOfPage":{"@id":"https:\/\/www.celttv.com.ar\/index.php\/2018\/12\/18\/asi-fue-la-campana-de-la-septima-de-automoto\/"},"wordCount":369,"publisher":{"@id":"https:\/\/www.celttv.com.ar\/#organization"},"articleSection":["Celt TV Noticias","Deporte","Destacadas","Magazine Sport"],"inLanguage":"es"},{"@type":"WebPage","@id":"https:\/\/www.celttv.com.ar\/index.php\/2018\/12\/18\/asi-fue-la-campana-de-la-septima-de-automoto\/","url":"https:\/\/www.celttv.com.ar\/index.php\/2018\/12\/18\/asi-fue-la-campana-de-la-septima-de-automoto\/","name":"As\u00ed fue la campa\u00f1a de la S\u00e9ptima de Automoto - CELTTV","isPartOf":{"@id":"https:\/\/www.celttv.com.ar\/#website"},"datePublished":"2018-12-18T20:29:45+00:00","dateModified":"2018-12-18T20:29:45+00:00","description":"Sitio web de noticias de la localidad de Tornquist, provincia de Buenos Aires, Rep\u00fablica Argentina. Contenido propio originado por periodistas de CELTTV, el canal de TV local de la Cooperativa El\u00e9ctrica de Tornquist. Turismo, Pol\u00edtica, Sociedad, Deporte, Cultura y todo el contenido de inter\u00e9s general que la gente del pueblo y la regi\u00f3n debe conocer.","breadcrumb":{"@id":"https:\/\/www.celttv.com.ar\/index.php\/2018\/12\/18\/asi-fue-la-campana-de-la-septima-de-automoto\/#breadcrumb"},"inLanguage":"es","potentialAction":[{"@type":"ReadAction","target":["https:\/\/www.celttv.com.ar\/index.php\/2018\/12\/18\/asi-fue-la-campana-de-la-septima-de-automoto\/"]}]},{"@type":"BreadcrumbList","@id":"https:\/\/www.celttv.com.ar\/index.php\/2018\/12\/18\/asi-fue-la-campana-de-la-septima-de-automoto\/#breadcrumb","itemListElement":[{"@type":"ListItem","position":1,"name":"Inicio","item":"https:\/\/www.celttv.com.ar\/"},{"@type":"ListItem","position":2,"name":"As\u00ed fue la campa\u00f1a de la S\u00e9ptima de Automoto"}]},{"@type":"WebSite","@id":"https:\/\/www.celttv.com.ar\/#website","url":"https:\/\/www.celttv.com.ar\/","name":"CELTTV","description":"Cooperativa El\u00e9ctrica de Tornquist","publisher":{"@id":"https:\/\/www.celttv.com.ar\/#organization"},"potentialAction":[{"@type":"SearchAction","target":{"@type":"EntryPoint","urlTemplate":"https:\/\/www.celttv.com.ar\/?s={search_term_string}"},"query-input":"required name=search_term_string"}],"inLanguage":"es"},{"@type":"Organization","@id":"https:\/\/www.celttv.com.ar\/#organization","name":"CELTTV","url":"https:\/\/www.celttv.com.ar\/","sameAs":["https:\/\/www.youtube.com\/channel\/UCz_oIt8Hig64Ub-EmcNPIhg","https:\/\/www.facebook.com\/celtTV\/"],"logo":{"@type":"ImageObject","inLanguage":"es","@id":"https:\/\/www.celttv.com.ar\/#\/schema\/logo\/image\/","url":"http:\/\/www.celttv.com.ar\/wp-content\/uploads\/2022\/08\/logo-1.png","contentUrl":"http:\/\/www.celttv.com.ar\/wp-content\/uploads\/2022\/08\/logo-1.png","width":461,"height":159,"caption":"CELTTV"},"image":{"@id":"https:\/\/www.celttv.com.ar\/#\/schema\/logo\/image\/"}},{"@type":"Person","@id":"https:\/\/www.celttv.com.ar\/#\/schema\/person\/6d99c072dba59953809c81446e9d0ace","name":"ulises","image":{"@type":"ImageObject","inLanguage":"es","@id":"https:\/\/www.celttv.com.ar\/#\/schema\/person\/image\/","url":"https:\/\/secure.gravatar.com\/avatar\/7f2c48bdc33b30088f941fb6082e555f2874c98e20cb159d7b92b50eadfce793?s=96&d=mm&r=g","contentUrl":"https:\/\/secure.gravatar.com\/avatar\/7f2c48bdc33b30088f941fb6082e555f2874c98e20cb159d7b92b50eadfce793?s=96&d=mm&r=g","caption":"ulises"},"sameAs":["http:\/\/www.celttv.com.ar"]}]}},"_links":{"self":[{"href":"https:\/\/www.celttv.com.ar\/index.php\/wp-json\/wp\/v2\/posts\/39131","targetHints":{"allow":["GET"]}}],"collection":[{"href":"https:\/\/www.celttv.com.ar\/index.php\/wp-json\/wp\/v2\/posts"}],"about":[{"href":"https:\/\/www.celttv.com.ar\/index.php\/wp-json\/wp\/v2\/types\/post"}],"author":[{"embeddable":true,"href":"https:\/\/www.celttv.com.ar\/index.php\/wp-json\/wp\/v2\/users\/1"}],"replies":[{"embeddable":true,"href":"https:\/\/www.celttv.com.ar\/index.php\/wp-json\/wp\/v2\/comments?post=39131"}],"version-history":[{"count":0,"href":"https:\/\/www.celttv.com.ar\/index.php\/wp-json\/wp\/v2\/posts\/39131\/revisions"}],"wp:featuredmedia":[{"embeddable":true,"href":"https:\/\/www.celttv.com.ar\/index.php\/wp-json\/wp\/v2\/media\/39132"}],"wp:attachment":[{"href":"https:\/\/www.celttv.com.ar\/index.php\/wp-json\/wp\/v2\/media?parent=39131"}],"wp:term":[{"taxonomy":"category","embeddable":true,"href":"https:\/\/www.celttv.com.ar\/index.php\/wp-json\/wp\/v2\/categories?post=39131"},{"taxonomy":"post_tag","embeddable":true,"href":"https:\/\/www.celttv.com.ar\/index.php\/wp-json\/wp\/v2\/tags?post=39131"}],"curies":[{"name":"wp","href":"https:\/\/api.w.org\/{rel}","templated":true}]}}