{"id":39137,"date":"2018-12-19T14:40:00","date_gmt":"2018-12-19T14:40:00","guid":{"rendered":"http:\/\/www.celttv.com.ar\/?p=39137"},"modified":"2018-12-19T14:40:00","modified_gmt":"2018-12-19T14:40:00","slug":"cfp-n-402-la-1-estacion-electrica-de-energia-solar-ya-es-una-realidad-videos-entrevistas-y-fotos","status":"publish","type":"post","link":"https:\/\/www.celttv.com.ar\/index.php\/2018\/12\/19\/cfp-n-402-la-1-estacion-electrica-de-energia-solar-ya-es-una-realidad-videos-entrevistas-y-fotos\/","title":{"rendered":"CFP N\u00b0 402: La 1\u00b0 Estaci\u00f3n El\u00e9ctrica de Energ\u00eda Solar ya es una realidad (Videos entrevistas y fotos)"},"content":{"rendered":"<p>CELTTV&#8212; El Centro de Formaci\u00f3n Profesional inaugurada la 1\u00b0 Estaci\u00f3n El\u00e9ctrica de Energ\u00eda Solar, ubicada en el predio de la instituci\u00f3n.<br \/>\nInspectores, directivos, docentes, alumnos, municipio y la CELT, forman parte de un equipo de trabajo que permiti\u00f3 cristalizar el primer tramo del proyecto.<\/p>\n<div class=\"jeg_video_container jeg_video_content\"><iframe loading=\"lazy\" title=\"2018 12 18 ENERGIAS RENOVABLES 1   DANTE PERALTA\" width=\"500\" height=\"375\" src=\"https:\/\/www.youtube.com\/embed\/i7D_ELTh-HI?feature=oembed\" frameborder=\"0\" allow=\"accelerometer; autoplay; clipboard-write; encrypted-media; gyroscope; picture-in-picture; web-share\" referrerpolicy=\"strict-origin-when-cross-origin\" allowfullscreen><\/iframe><\/div>\n<div class=\"jeg_video_container jeg_video_content\"><iframe loading=\"lazy\" title=\"2018 12 18 ENERGIAS RENOVABLES 2   GERARDO BRAS\" width=\"500\" height=\"375\" src=\"https:\/\/www.youtube.com\/embed\/llvxGCmCefA?feature=oembed\" frameborder=\"0\" allow=\"accelerometer; autoplay; clipboard-write; encrypted-media; gyroscope; picture-in-picture; web-share\" referrerpolicy=\"strict-origin-when-cross-origin\" allowfullscreen><\/iframe><\/div>\n<div class=\"jeg_video_container jeg_video_content\"><iframe loading=\"lazy\" title=\"2018 12 18 ENERGIAS RENOVABLES 3   FABIAN MAURER\" width=\"500\" height=\"375\" src=\"https:\/\/www.youtube.com\/embed\/ep9UaMpMpHA?feature=oembed\" frameborder=\"0\" allow=\"accelerometer; autoplay; clipboard-write; encrypted-media; gyroscope; picture-in-picture; web-share\" referrerpolicy=\"strict-origin-when-cross-origin\" allowfullscreen><\/iframe><\/div>\n<p><a href=\"http:\/\/www.celttv.com.ar\/?attachment_id=39139\" rel=\"attachment wp-att-39139\"><img loading=\"lazy\" decoding=\"async\" class=\"alignleft size-medium wp-image-39139\" src=\"http:\/\/www.celttv.com.ar\/wp-content\/uploads\/2018\/12\/20181217_200253-780x439.jpg\" alt=\"\" width=\"780\" height=\"439\" \/><\/a> <a href=\"http:\/\/www.celttv.com.ar\/?attachment_id=39140\" rel=\"attachment wp-att-39140\"><img loading=\"lazy\" decoding=\"async\" class=\"alignleft size-medium wp-image-39140\" src=\"http:\/\/www.celttv.com.ar\/wp-content\/uploads\/2018\/12\/20181217_200520-780x439.jpg\" alt=\"\" width=\"780\" height=\"439\" \/><\/a><\/p>\n","protected":false},"excerpt":{"rendered":"<p>CELTTV&#8212; El Centro de Formaci\u00f3n Profesional inaugurada la 1\u00b0 Estaci\u00f3n El\u00e9ctrica de Energ\u00eda Solar, ubicada en el predio de la instituci\u00f3n. Inspectores, directivos, docentes, alumnos, municipio y la CELT, forman parte de un equipo de trabajo que permiti\u00f3 cristalizar el primer tramo del proyecto.<\/p>\n","protected":false},"author":1,"featured_media":39138,"comment_status":"closed","ping_status":"open","sticky":false,"template":"","format":"standard","meta":{"footnotes":""},"categories":[55,52,66],"tags":[],"class_list":["post-39137","post","type-post","status-publish","format-standard","has-post-thumbnail","hentry","category-celt-tv-noticias","category-destacadas","category-informacion-cooperativa"],"yoast_head":"<!-- This site is optimized with the Yoast SEO plugin v19.7.1 - https:\/\/yoast.com\/wordpress\/plugins\/seo\/ -->\n<title>CFP N\u00b0 402: La 1\u00b0 Estaci\u00f3n El\u00e9ctrica de Energ\u00eda Solar ya es una realidad (Videos entrevistas y fotos) - CELTTV<\/title>\n<meta name=\"description\" content=\"Sitio web de noticias de la localidad de Tornquist, provincia de Buenos Aires, Rep\u00fablica Argentina. Contenido propio originado por periodistas de CELTTV, el canal de TV local de la Cooperativa El\u00e9ctrica de Tornquist. Turismo, Pol\u00edtica, Sociedad, Deporte, Cultura y todo el contenido de inter\u00e9s general que la gente del pueblo y la regi\u00f3n debe conocer.\" \/>\n<meta name=\"robots\" content=\"index, follow, max-snippet:-1, max-image-preview:large, max-video-preview:-1\" \/>\n<link rel=\"canonical\" href=\"https:\/\/www.celttv.com.ar\/index.php\/2018\/12\/19\/cfp-n-402-la-1-estacion-electrica-de-energia-solar-ya-es-una-realidad-videos-entrevistas-y-fotos\/\" \/>\n<meta property=\"og:locale\" content=\"es_ES\" \/>\n<meta property=\"og:type\" content=\"article\" \/>\n<meta property=\"og:title\" content=\"CFP N\u00b0 402: La 1\u00b0 Estaci\u00f3n El\u00e9ctrica de Energ\u00eda Solar ya es una realidad (Videos entrevistas y fotos) - CELTTV\" \/>\n<meta property=\"og:description\" content=\"Sitio web de noticias de la localidad de Tornquist, provincia de Buenos Aires, Rep\u00fablica Argentina. Contenido propio originado por periodistas de CELTTV, el canal de TV local de la Cooperativa El\u00e9ctrica de Tornquist. Turismo, Pol\u00edtica, Sociedad, Deporte, Cultura y todo el contenido de inter\u00e9s general que la gente del pueblo y la regi\u00f3n debe conocer.\" \/>\n<meta property=\"og:url\" content=\"https:\/\/www.celttv.com.ar\/index.php\/2018\/12\/19\/cfp-n-402-la-1-estacion-electrica-de-energia-solar-ya-es-una-realidad-videos-entrevistas-y-fotos\/\" \/>\n<meta property=\"og:site_name\" content=\"CELTTV\" \/>\n<meta property=\"article:publisher\" content=\"https:\/\/www.facebook.com\/celtTV\/\" \/>\n<meta property=\"article:published_time\" content=\"2018-12-19T14:40:00+00:00\" \/>\n<meta property=\"og:image\" content=\"https:\/\/www.celttv.com.ar\/wp-content\/uploads\/2018\/12\/20181217_200143-scaled.jpg\" \/>\n\t<meta property=\"og:image:width\" content=\"2560\" \/>\n\t<meta property=\"og:image:height\" content=\"1440\" \/>\n\t<meta property=\"og:image:type\" content=\"image\/jpeg\" \/>\n<meta name=\"author\" content=\"ulises\" \/>\n<meta name=\"twitter:card\" content=\"summary_large_image\" \/>\n<meta name=\"twitter:label1\" content=\"Escrito por\" \/>\n\t<meta name=\"twitter:data1\" content=\"ulises\" \/>\n<script type=\"application\/ld+json\" class=\"yoast-schema-graph\">{\"@context\":\"https:\/\/schema.org\",\"@graph\":[{\"@type\":\"NewsArticle\",\"@id\":\"https:\/\/www.celttv.com.ar\/index.php\/2018\/12\/19\/cfp-n-402-la-1-estacion-electrica-de-energia-solar-ya-es-una-realidad-videos-entrevistas-y-fotos\/#article\",\"isPartOf\":{\"@id\":\"https:\/\/www.celttv.com.ar\/index.php\/2018\/12\/19\/cfp-n-402-la-1-estacion-electrica-de-energia-solar-ya-es-una-realidad-videos-entrevistas-y-fotos\/\"},\"author\":{\"name\":\"ulises\",\"@id\":\"https:\/\/www.celttv.com.ar\/#\/schema\/person\/6d99c072dba59953809c81446e9d0ace\"},\"headline\":\"CFP N\u00b0 402: La 1\u00b0 Estaci\u00f3n El\u00e9ctrica de Energ\u00eda Solar ya es una realidad (Videos entrevistas y fotos)\",\"datePublished\":\"2018-12-19T14:40:00+00:00\",\"dateModified\":\"2018-12-19T14:40:00+00:00\",\"mainEntityOfPage\":{\"@id\":\"https:\/\/www.celttv.com.ar\/index.php\/2018\/12\/19\/cfp-n-402-la-1-estacion-electrica-de-energia-solar-ya-es-una-realidad-videos-entrevistas-y-fotos\/\"},\"wordCount\":91,\"publisher\":{\"@id\":\"https:\/\/www.celttv.com.ar\/#organization\"},\"articleSection\":[\"Celt TV Noticias\",\"Destacadas\",\"Informaci\u00f3n Cooperativa\"],\"inLanguage\":\"es\"},{\"@type\":\"WebPage\",\"@id\":\"https:\/\/www.celttv.com.ar\/index.php\/2018\/12\/19\/cfp-n-402-la-1-estacion-electrica-de-energia-solar-ya-es-una-realidad-videos-entrevistas-y-fotos\/\",\"url\":\"https:\/\/www.celttv.com.ar\/index.php\/2018\/12\/19\/cfp-n-402-la-1-estacion-electrica-de-energia-solar-ya-es-una-realidad-videos-entrevistas-y-fotos\/\",\"name\":\"CFP N\u00b0 402: La 1\u00b0 Estaci\u00f3n El\u00e9ctrica de Energ\u00eda Solar ya es una realidad (Videos entrevistas y fotos) - CELTTV\",\"isPartOf\":{\"@id\":\"https:\/\/www.celttv.com.ar\/#website\"},\"datePublished\":\"2018-12-19T14:40:00+00:00\",\"dateModified\":\"2018-12-19T14:40:00+00:00\",\"description\":\"Sitio web de noticias de la localidad de Tornquist, provincia de Buenos Aires, Rep\u00fablica Argentina. Contenido propio originado por periodistas de CELTTV, el canal de TV local de la Cooperativa El\u00e9ctrica de Tornquist. Turismo, Pol\u00edtica, Sociedad, Deporte, Cultura y todo el contenido de inter\u00e9s general que la gente del pueblo y la regi\u00f3n debe conocer.\",\"breadcrumb\":{\"@id\":\"https:\/\/www.celttv.com.ar\/index.php\/2018\/12\/19\/cfp-n-402-la-1-estacion-electrica-de-energia-solar-ya-es-una-realidad-videos-entrevistas-y-fotos\/#breadcrumb\"},\"inLanguage\":\"es\",\"potentialAction\":[{\"@type\":\"ReadAction\",\"target\":[\"https:\/\/www.celttv.com.ar\/index.php\/2018\/12\/19\/cfp-n-402-la-1-estacion-electrica-de-energia-solar-ya-es-una-realidad-videos-entrevistas-y-fotos\/\"]}]},{\"@type\":\"BreadcrumbList\",\"@id\":\"https:\/\/www.celttv.com.ar\/index.php\/2018\/12\/19\/cfp-n-402-la-1-estacion-electrica-de-energia-solar-ya-es-una-realidad-videos-entrevistas-y-fotos\/#breadcrumb\",\"itemListElement\":[{\"@type\":\"ListItem\",\"position\":1,\"name\":\"Inicio\",\"item\":\"https:\/\/www.celttv.com.ar\/\"},{\"@type\":\"ListItem\",\"position\":2,\"name\":\"CFP N\u00b0 402: La 1\u00b0 Estaci\u00f3n El\u00e9ctrica de Energ\u00eda Solar ya es una realidad (Videos entrevistas y fotos)\"}]},{\"@type\":\"WebSite\",\"@id\":\"https:\/\/www.celttv.com.ar\/#website\",\"url\":\"https:\/\/www.celttv.com.ar\/\",\"name\":\"CELTTV\",\"description\":\"Cooperativa El\u00e9ctrica de Tornquist\",\"publisher\":{\"@id\":\"https:\/\/www.celttv.com.ar\/#organization\"},\"potentialAction\":[{\"@type\":\"SearchAction\",\"target\":{\"@type\":\"EntryPoint\",\"urlTemplate\":\"https:\/\/www.celttv.com.ar\/?s={search_term_string}\"},\"query-input\":\"required name=search_term_string\"}],\"inLanguage\":\"es\"},{\"@type\":\"Organization\",\"@id\":\"https:\/\/www.celttv.com.ar\/#organization\",\"name\":\"CELTTV\",\"url\":\"https:\/\/www.celttv.com.ar\/\",\"sameAs\":[\"https:\/\/www.youtube.com\/channel\/UCz_oIt8Hig64Ub-EmcNPIhg\",\"https:\/\/www.facebook.com\/celtTV\/\"],\"logo\":{\"@type\":\"ImageObject\",\"inLanguage\":\"es\",\"@id\":\"https:\/\/www.celttv.com.ar\/#\/schema\/logo\/image\/\",\"url\":\"http:\/\/www.celttv.com.ar\/wp-content\/uploads\/2022\/08\/logo-1.png\",\"contentUrl\":\"http:\/\/www.celttv.com.ar\/wp-content\/uploads\/2022\/08\/logo-1.png\",\"width\":461,\"height\":159,\"caption\":\"CELTTV\"},\"image\":{\"@id\":\"https:\/\/www.celttv.com.ar\/#\/schema\/logo\/image\/\"}},{\"@type\":\"Person\",\"@id\":\"https:\/\/www.celttv.com.ar\/#\/schema\/person\/6d99c072dba59953809c81446e9d0ace\",\"name\":\"ulises\",\"image\":{\"@type\":\"ImageObject\",\"inLanguage\":\"es\",\"@id\":\"https:\/\/www.celttv.com.ar\/#\/schema\/person\/image\/\",\"url\":\"https:\/\/secure.gravatar.com\/avatar\/7f2c48bdc33b30088f941fb6082e555f2874c98e20cb159d7b92b50eadfce793?s=96&d=mm&r=g\",\"contentUrl\":\"https:\/\/secure.gravatar.com\/avatar\/7f2c48bdc33b30088f941fb6082e555f2874c98e20cb159d7b92b50eadfce793?s=96&d=mm&r=g\",\"caption\":\"ulises\"},\"sameAs\":[\"http:\/\/www.celttv.com.ar\"]}]}<\/script>\n<!-- \/ Yoast SEO plugin. -->","yoast_head_json":{"title":"CFP N\u00b0 402: La 1\u00b0 Estaci\u00f3n El\u00e9ctrica de Energ\u00eda Solar ya es una realidad (Videos entrevistas y fotos) - CELTTV","description":"Sitio web de noticias de la localidad de Tornquist, provincia de Buenos Aires, Rep\u00fablica Argentina. Contenido propio originado por periodistas de CELTTV, el canal de TV local de la Cooperativa El\u00e9ctrica de Tornquist. Turismo, Pol\u00edtica, Sociedad, Deporte, Cultura y todo el contenido de inter\u00e9s general que la gente del pueblo y la regi\u00f3n debe conocer.","robots":{"index":"index","follow":"follow","max-snippet":"max-snippet:-1","max-image-preview":"max-image-preview:large","max-video-preview":"max-video-preview:-1"},"canonical":"https:\/\/www.celttv.com.ar\/index.php\/2018\/12\/19\/cfp-n-402-la-1-estacion-electrica-de-energia-solar-ya-es-una-realidad-videos-entrevistas-y-fotos\/","og_locale":"es_ES","og_type":"article","og_title":"CFP N\u00b0 402: La 1\u00b0 Estaci\u00f3n El\u00e9ctrica de Energ\u00eda Solar ya es una realidad (Videos entrevistas y fotos) - CELTTV","og_description":"Sitio web de noticias de la localidad de Tornquist, provincia de Buenos Aires, Rep\u00fablica Argentina. Contenido propio originado por periodistas de CELTTV, el canal de TV local de la Cooperativa El\u00e9ctrica de Tornquist. Turismo, Pol\u00edtica, Sociedad, Deporte, Cultura y todo el contenido de inter\u00e9s general que la gente del pueblo y la regi\u00f3n debe conocer.","og_url":"https:\/\/www.celttv.com.ar\/index.php\/2018\/12\/19\/cfp-n-402-la-1-estacion-electrica-de-energia-solar-ya-es-una-realidad-videos-entrevistas-y-fotos\/","og_site_name":"CELTTV","article_publisher":"https:\/\/www.facebook.com\/celtTV\/","article_published_time":"2018-12-19T14:40:00+00:00","og_image":[{"width":2560,"height":1440,"url":"https:\/\/www.celttv.com.ar\/wp-content\/uploads\/2018\/12\/20181217_200143-scaled.jpg","type":"image\/jpeg"}],"author":"ulises","twitter_card":"summary_large_image","twitter_misc":{"Escrito por":"ulises"},"schema":{"@context":"https:\/\/schema.org","@graph":[{"@type":"NewsArticle","@id":"https:\/\/www.celttv.com.ar\/index.php\/2018\/12\/19\/cfp-n-402-la-1-estacion-electrica-de-energia-solar-ya-es-una-realidad-videos-entrevistas-y-fotos\/#article","isPartOf":{"@id":"https:\/\/www.celttv.com.ar\/index.php\/2018\/12\/19\/cfp-n-402-la-1-estacion-electrica-de-energia-solar-ya-es-una-realidad-videos-entrevistas-y-fotos\/"},"author":{"name":"ulises","@id":"https:\/\/www.celttv.com.ar\/#\/schema\/person\/6d99c072dba59953809c81446e9d0ace"},"headline":"CFP N\u00b0 402: La 1\u00b0 Estaci\u00f3n El\u00e9ctrica de Energ\u00eda Solar ya es una realidad (Videos entrevistas y fotos)","datePublished":"2018-12-19T14:40:00+00:00","dateModified":"2018-12-19T14:40:00+00:00","mainEntityOfPage":{"@id":"https:\/\/www.celttv.com.ar\/index.php\/2018\/12\/19\/cfp-n-402-la-1-estacion-electrica-de-energia-solar-ya-es-una-realidad-videos-entrevistas-y-fotos\/"},"wordCount":91,"publisher":{"@id":"https:\/\/www.celttv.com.ar\/#organization"},"articleSection":["Celt TV Noticias","Destacadas","Informaci\u00f3n Cooperativa"],"inLanguage":"es"},{"@type":"WebPage","@id":"https:\/\/www.celttv.com.ar\/index.php\/2018\/12\/19\/cfp-n-402-la-1-estacion-electrica-de-energia-solar-ya-es-una-realidad-videos-entrevistas-y-fotos\/","url":"https:\/\/www.celttv.com.ar\/index.php\/2018\/12\/19\/cfp-n-402-la-1-estacion-electrica-de-energia-solar-ya-es-una-realidad-videos-entrevistas-y-fotos\/","name":"CFP N\u00b0 402: La 1\u00b0 Estaci\u00f3n El\u00e9ctrica de Energ\u00eda Solar ya es una realidad (Videos entrevistas y fotos) - CELTTV","isPartOf":{"@id":"https:\/\/www.celttv.com.ar\/#website"},"datePublished":"2018-12-19T14:40:00+00:00","dateModified":"2018-12-19T14:40:00+00:00","description":"Sitio web de noticias de la localidad de Tornquist, provincia de Buenos Aires, Rep\u00fablica Argentina. Contenido propio originado por periodistas de CELTTV, el canal de TV local de la Cooperativa El\u00e9ctrica de Tornquist. Turismo, Pol\u00edtica, Sociedad, Deporte, Cultura y todo el contenido de inter\u00e9s general que la gente del pueblo y la regi\u00f3n debe conocer.","breadcrumb":{"@id":"https:\/\/www.celttv.com.ar\/index.php\/2018\/12\/19\/cfp-n-402-la-1-estacion-electrica-de-energia-solar-ya-es-una-realidad-videos-entrevistas-y-fotos\/#breadcrumb"},"inLanguage":"es","potentialAction":[{"@type":"ReadAction","target":["https:\/\/www.celttv.com.ar\/index.php\/2018\/12\/19\/cfp-n-402-la-1-estacion-electrica-de-energia-solar-ya-es-una-realidad-videos-entrevistas-y-fotos\/"]}]},{"@type":"BreadcrumbList","@id":"https:\/\/www.celttv.com.ar\/index.php\/2018\/12\/19\/cfp-n-402-la-1-estacion-electrica-de-energia-solar-ya-es-una-realidad-videos-entrevistas-y-fotos\/#breadcrumb","itemListElement":[{"@type":"ListItem","position":1,"name":"Inicio","item":"https:\/\/www.celttv.com.ar\/"},{"@type":"ListItem","position":2,"name":"CFP N\u00b0 402: La 1\u00b0 Estaci\u00f3n El\u00e9ctrica de Energ\u00eda Solar ya es una realidad (Videos entrevistas y fotos)"}]},{"@type":"WebSite","@id":"https:\/\/www.celttv.com.ar\/#website","url":"https:\/\/www.celttv.com.ar\/","name":"CELTTV","description":"Cooperativa El\u00e9ctrica de Tornquist","publisher":{"@id":"https:\/\/www.celttv.com.ar\/#organization"},"potentialAction":[{"@type":"SearchAction","target":{"@type":"EntryPoint","urlTemplate":"https:\/\/www.celttv.com.ar\/?s={search_term_string}"},"query-input":"required name=search_term_string"}],"inLanguage":"es"},{"@type":"Organization","@id":"https:\/\/www.celttv.com.ar\/#organization","name":"CELTTV","url":"https:\/\/www.celttv.com.ar\/","sameAs":["https:\/\/www.youtube.com\/channel\/UCz_oIt8Hig64Ub-EmcNPIhg","https:\/\/www.facebook.com\/celtTV\/"],"logo":{"@type":"ImageObject","inLanguage":"es","@id":"https:\/\/www.celttv.com.ar\/#\/schema\/logo\/image\/","url":"http:\/\/www.celttv.com.ar\/wp-content\/uploads\/2022\/08\/logo-1.png","contentUrl":"http:\/\/www.celttv.com.ar\/wp-content\/uploads\/2022\/08\/logo-1.png","width":461,"height":159,"caption":"CELTTV"},"image":{"@id":"https:\/\/www.celttv.com.ar\/#\/schema\/logo\/image\/"}},{"@type":"Person","@id":"https:\/\/www.celttv.com.ar\/#\/schema\/person\/6d99c072dba59953809c81446e9d0ace","name":"ulises","image":{"@type":"ImageObject","inLanguage":"es","@id":"https:\/\/www.celttv.com.ar\/#\/schema\/person\/image\/","url":"https:\/\/secure.gravatar.com\/avatar\/7f2c48bdc33b30088f941fb6082e555f2874c98e20cb159d7b92b50eadfce793?s=96&d=mm&r=g","contentUrl":"https:\/\/secure.gravatar.com\/avatar\/7f2c48bdc33b30088f941fb6082e555f2874c98e20cb159d7b92b50eadfce793?s=96&d=mm&r=g","caption":"ulises"},"sameAs":["http:\/\/www.celttv.com.ar"]}]}},"_links":{"self":[{"href":"https:\/\/www.celttv.com.ar\/index.php\/wp-json\/wp\/v2\/posts\/39137","targetHints":{"allow":["GET"]}}],"collection":[{"href":"https:\/\/www.celttv.com.ar\/index.php\/wp-json\/wp\/v2\/posts"}],"about":[{"href":"https:\/\/www.celttv.com.ar\/index.php\/wp-json\/wp\/v2\/types\/post"}],"author":[{"embeddable":true,"href":"https:\/\/www.celttv.com.ar\/index.php\/wp-json\/wp\/v2\/users\/1"}],"replies":[{"embeddable":true,"href":"https:\/\/www.celttv.com.ar\/index.php\/wp-json\/wp\/v2\/comments?post=39137"}],"version-history":[{"count":0,"href":"https:\/\/www.celttv.com.ar\/index.php\/wp-json\/wp\/v2\/posts\/39137\/revisions"}],"wp:featuredmedia":[{"embeddable":true,"href":"https:\/\/www.celttv.com.ar\/index.php\/wp-json\/wp\/v2\/media\/39138"}],"wp:attachment":[{"href":"https:\/\/www.celttv.com.ar\/index.php\/wp-json\/wp\/v2\/media?parent=39137"}],"wp:term":[{"taxonomy":"category","embeddable":true,"href":"https:\/\/www.celttv.com.ar\/index.php\/wp-json\/wp\/v2\/categories?post=39137"},{"taxonomy":"post_tag","embeddable":true,"href":"https:\/\/www.celttv.com.ar\/index.php\/wp-json\/wp\/v2\/tags?post=39137"}],"curies":[{"name":"wp","href":"https:\/\/api.w.org\/{rel}","templated":true}]}}