{"id":39173,"date":"2018-12-22T03:03:40","date_gmt":"2018-12-22T03:03:40","guid":{"rendered":"http:\/\/www.celttv.com.ar\/?p=39173"},"modified":"2018-12-22T03:03:40","modified_gmt":"2018-12-22T03:03:40","slug":"con-la-particiapcion-de-jovenes-de-tornquist-y-la-region-se-realizo-el-1o-campus-de-basquet-videos-entrevistas","status":"publish","type":"post","link":"https:\/\/www.celttv.com.ar\/index.php\/2018\/12\/22\/con-la-particiapcion-de-jovenes-de-tornquist-y-la-region-se-realizo-el-1o-campus-de-basquet-videos-entrevistas\/","title":{"rendered":"CON LA PARTICIPACI\u00d3N DE J\u00d3VENES DE TORNQUIST Y LA REGI\u00d3N, SE REALIZ\u00d3 EL 1\u00ba CAMPUS DE BASQUET (VIDEOS ENTREVISTAS)"},"content":{"rendered":"<p>CELTTV&#8212; Con la participaci\u00f3n de varios chicos del distrito\u00a0 y la regi\u00f3n, se realiz\u00f3 el primer campus de basquet, en el gimnasio municipal de Tornquist.<br \/>\nDurante el campus, la directora de Deportes, Sof\u00eda Urriaga, cont\u00f3 como surgi\u00f3 la posibilidad de llevar dicha actividad en Tornquist y, a su vez, se refiri\u00f3 a las actividades que se desarrollar\u00e1n en las piscinas municipales durante la temporada estival.<\/p>\n<div class=\"jeg_video_container jeg_video_content\"><iframe loading=\"lazy\" title=\"2018 12 21 CAMPUS DE BASQUET 1 SOFIA URRIAGA\" width=\"500\" height=\"281\" src=\"https:\/\/www.youtube.com\/embed\/SVAfUqzbCeY?feature=oembed\" frameborder=\"0\" allow=\"accelerometer; autoplay; clipboard-write; encrypted-media; gyroscope; picture-in-picture; web-share\" referrerpolicy=\"strict-origin-when-cross-origin\" allowfullscreen><\/iframe><\/div>\n<p>Por su parte, Juan Pablo Rasmusen, fue el responsable de llevar adelante dicho campus en Tornquist y, brind\u00f3 detalles, del que se llevar\u00e1 a cabo en la ciudad de Monte Hermoso a mediados de enero de 2019.<\/p>\n<div class=\"jeg_video_container jeg_video_content\"><iframe loading=\"lazy\" title=\"2018 12 21 CAMPUS DE BASQUET 2 JUAN PABLO RASMUSEN\" width=\"500\" height=\"281\" src=\"https:\/\/www.youtube.com\/embed\/TIooIGCW2DE?feature=oembed\" frameborder=\"0\" allow=\"accelerometer; autoplay; clipboard-write; encrypted-media; gyroscope; picture-in-picture; web-share\" referrerpolicy=\"strict-origin-when-cross-origin\" allowfullscreen><\/iframe><\/div>\n<p>Durante el campus, la Escuela Municipal de Basquet de Tornquist estuvo presente con varios alumnos, los cuales est\u00e1n bajo la coordinaci\u00f3n de Sergio Pettorosso. El ex-basquetbolista cont\u00f3 como viene llevando adelante dicho trabajo en el distrito.<\/p>\n<div class=\"jeg_video_container jeg_video_content\"><iframe loading=\"lazy\" title=\"2018 12 21 CAMPUS DE BASQUET 3 SERGIO PETTOROSSO\" width=\"500\" height=\"281\" src=\"https:\/\/www.youtube.com\/embed\/gITv1y1aHmU?feature=oembed\" frameborder=\"0\" allow=\"accelerometer; autoplay; clipboard-write; encrypted-media; gyroscope; picture-in-picture; web-share\" referrerpolicy=\"strict-origin-when-cross-origin\" allowfullscreen><\/iframe><\/div>\n<p><a href=\"http:\/\/www.celttv.com.ar\/?attachment_id=39177\" rel=\"attachment wp-att-39177\"><img loading=\"lazy\" decoding=\"async\" class=\"alignleft size-medium wp-image-39177\" src=\"http:\/\/www.celttv.com.ar\/wp-content\/uploads\/2018\/12\/20181221_112125-780x439.jpg\" alt=\"\" width=\"780\" height=\"439\" \/><\/a><br \/>\n<a href=\"http:\/\/www.celttv.com.ar\/?attachment_id=39174\" rel=\"attachment wp-att-39174\"><img loading=\"lazy\" decoding=\"async\" class=\"alignleft size-medium wp-image-39174\" src=\"http:\/\/www.celttv.com.ar\/wp-content\/uploads\/2018\/12\/20181221_111258-780x439.jpg\" alt=\"\" width=\"780\" height=\"439\" \/><\/a> <a href=\"http:\/\/www.celttv.com.ar\/?attachment_id=39175\" rel=\"attachment wp-att-39175\"><img loading=\"lazy\" decoding=\"async\" class=\"alignleft size-medium wp-image-39175\" src=\"http:\/\/www.celttv.com.ar\/wp-content\/uploads\/2018\/12\/20181221_111412-780x439.jpg\" alt=\"\" width=\"780\" height=\"439\" \/><\/a><\/p>\n","protected":false},"excerpt":{"rendered":"<p>CELTTV&#8212; Con la participaci\u00f3n de varios chicos del distrito\u00a0 y la regi\u00f3n, se realiz\u00f3 el primer campus de basquet, en el gimnasio municipal de Tornquist. Durante el campus, la directora de Deportes, Sof\u00eda Urriaga, cont\u00f3 como surgi\u00f3 la posibilidad de llevar dicha actividad en Tornquist y, a su vez, se refiri\u00f3 a las actividades que [&hellip;]<\/p>\n","protected":false},"author":1,"featured_media":39176,"comment_status":"closed","ping_status":"open","sticky":false,"template":"","format":"standard","meta":{"footnotes":""},"categories":[55,60,52,63],"tags":[],"class_list":["post-39173","post","type-post","status-publish","format-standard","has-post-thumbnail","hentry","category-celt-tv-noticias","category-deporte","category-destacadas","category-magazine-sport"],"yoast_head":"<!-- This site is optimized with the Yoast SEO plugin v19.7.1 - https:\/\/yoast.com\/wordpress\/plugins\/seo\/ -->\n<title>CON LA PARTICIPACI\u00d3N DE J\u00d3VENES DE TORNQUIST Y LA REGI\u00d3N, SE REALIZ\u00d3 EL 1\u00ba CAMPUS DE BASQUET (VIDEOS ENTREVISTAS) - CELTTV<\/title>\n<meta name=\"description\" content=\"Sitio web de noticias de la localidad de Tornquist, provincia de Buenos Aires, Rep\u00fablica Argentina. Contenido propio originado por periodistas de CELTTV, el canal de TV local de la Cooperativa El\u00e9ctrica de Tornquist. Turismo, Pol\u00edtica, Sociedad, Deporte, Cultura y todo el contenido de inter\u00e9s general que la gente del pueblo y la regi\u00f3n debe conocer.\" \/>\n<meta name=\"robots\" content=\"index, follow, max-snippet:-1, max-image-preview:large, max-video-preview:-1\" \/>\n<link rel=\"canonical\" href=\"https:\/\/www.celttv.com.ar\/index.php\/2018\/12\/22\/con-la-particiapcion-de-jovenes-de-tornquist-y-la-region-se-realizo-el-1o-campus-de-basquet-videos-entrevistas\/\" \/>\n<meta property=\"og:locale\" content=\"es_ES\" \/>\n<meta property=\"og:type\" content=\"article\" \/>\n<meta property=\"og:title\" content=\"CON LA PARTICIPACI\u00d3N DE J\u00d3VENES DE TORNQUIST Y LA REGI\u00d3N, SE REALIZ\u00d3 EL 1\u00ba CAMPUS DE BASQUET (VIDEOS ENTREVISTAS) - CELTTV\" \/>\n<meta property=\"og:description\" content=\"Sitio web de noticias de la localidad de Tornquist, provincia de Buenos Aires, Rep\u00fablica Argentina. Contenido propio originado por periodistas de CELTTV, el canal de TV local de la Cooperativa El\u00e9ctrica de Tornquist. Turismo, Pol\u00edtica, Sociedad, Deporte, Cultura y todo el contenido de inter\u00e9s general que la gente del pueblo y la regi\u00f3n debe conocer.\" \/>\n<meta property=\"og:url\" content=\"https:\/\/www.celttv.com.ar\/index.php\/2018\/12\/22\/con-la-particiapcion-de-jovenes-de-tornquist-y-la-region-se-realizo-el-1o-campus-de-basquet-videos-entrevistas\/\" \/>\n<meta property=\"og:site_name\" content=\"CELTTV\" \/>\n<meta property=\"article:publisher\" content=\"https:\/\/www.facebook.com\/celtTV\/\" \/>\n<meta property=\"article:published_time\" content=\"2018-12-22T03:03:40+00:00\" \/>\n<meta property=\"og:image\" content=\"https:\/\/www.celttv.com.ar\/wp-content\/uploads\/2018\/12\/20181221_121041.jpg\" \/>\n\t<meta property=\"og:image:width\" content=\"1959\" \/>\n\t<meta property=\"og:image:height\" content=\"1102\" \/>\n\t<meta property=\"og:image:type\" content=\"image\/jpeg\" \/>\n<meta name=\"author\" content=\"ulises\" \/>\n<meta name=\"twitter:card\" content=\"summary_large_image\" \/>\n<meta name=\"twitter:label1\" content=\"Escrito por\" \/>\n\t<meta name=\"twitter:data1\" content=\"ulises\" \/>\n\t<meta name=\"twitter:label2\" content=\"Tiempo de lectura\" \/>\n\t<meta name=\"twitter:data2\" content=\"1 minuto\" \/>\n<script type=\"application\/ld+json\" class=\"yoast-schema-graph\">{\"@context\":\"https:\/\/schema.org\",\"@graph\":[{\"@type\":\"NewsArticle\",\"@id\":\"https:\/\/www.celttv.com.ar\/index.php\/2018\/12\/22\/con-la-particiapcion-de-jovenes-de-tornquist-y-la-region-se-realizo-el-1o-campus-de-basquet-videos-entrevistas\/#article\",\"isPartOf\":{\"@id\":\"https:\/\/www.celttv.com.ar\/index.php\/2018\/12\/22\/con-la-particiapcion-de-jovenes-de-tornquist-y-la-region-se-realizo-el-1o-campus-de-basquet-videos-entrevistas\/\"},\"author\":{\"name\":\"ulises\",\"@id\":\"https:\/\/www.celttv.com.ar\/#\/schema\/person\/6d99c072dba59953809c81446e9d0ace\"},\"headline\":\"CON LA PARTICIPACI\u00d3N DE J\u00d3VENES DE TORNQUIST Y LA REGI\u00d3N, SE REALIZ\u00d3 EL 1\u00ba CAMPUS DE BASQUET (VIDEOS ENTREVISTAS)\",\"datePublished\":\"2018-12-22T03:03:40+00:00\",\"dateModified\":\"2018-12-22T03:03:40+00:00\",\"mainEntityOfPage\":{\"@id\":\"https:\/\/www.celttv.com.ar\/index.php\/2018\/12\/22\/con-la-particiapcion-de-jovenes-de-tornquist-y-la-region-se-realizo-el-1o-campus-de-basquet-videos-entrevistas\/\"},\"wordCount\":188,\"publisher\":{\"@id\":\"https:\/\/www.celttv.com.ar\/#organization\"},\"articleSection\":[\"Celt TV Noticias\",\"Deporte\",\"Destacadas\",\"Magazine Sport\"],\"inLanguage\":\"es\"},{\"@type\":\"WebPage\",\"@id\":\"https:\/\/www.celttv.com.ar\/index.php\/2018\/12\/22\/con-la-particiapcion-de-jovenes-de-tornquist-y-la-region-se-realizo-el-1o-campus-de-basquet-videos-entrevistas\/\",\"url\":\"https:\/\/www.celttv.com.ar\/index.php\/2018\/12\/22\/con-la-particiapcion-de-jovenes-de-tornquist-y-la-region-se-realizo-el-1o-campus-de-basquet-videos-entrevistas\/\",\"name\":\"CON LA PARTICIPACI\u00d3N DE J\u00d3VENES DE TORNQUIST Y LA REGI\u00d3N, SE REALIZ\u00d3 EL 1\u00ba CAMPUS DE BASQUET (VIDEOS ENTREVISTAS) - CELTTV\",\"isPartOf\":{\"@id\":\"https:\/\/www.celttv.com.ar\/#website\"},\"datePublished\":\"2018-12-22T03:03:40+00:00\",\"dateModified\":\"2018-12-22T03:03:40+00:00\",\"description\":\"Sitio web de noticias de la localidad de Tornquist, provincia de Buenos Aires, Rep\u00fablica Argentina. Contenido propio originado por periodistas de CELTTV, el canal de TV local de la Cooperativa El\u00e9ctrica de Tornquist. Turismo, Pol\u00edtica, Sociedad, Deporte, Cultura y todo el contenido de inter\u00e9s general que la gente del pueblo y la regi\u00f3n debe conocer.\",\"breadcrumb\":{\"@id\":\"https:\/\/www.celttv.com.ar\/index.php\/2018\/12\/22\/con-la-particiapcion-de-jovenes-de-tornquist-y-la-region-se-realizo-el-1o-campus-de-basquet-videos-entrevistas\/#breadcrumb\"},\"inLanguage\":\"es\",\"potentialAction\":[{\"@type\":\"ReadAction\",\"target\":[\"https:\/\/www.celttv.com.ar\/index.php\/2018\/12\/22\/con-la-particiapcion-de-jovenes-de-tornquist-y-la-region-se-realizo-el-1o-campus-de-basquet-videos-entrevistas\/\"]}]},{\"@type\":\"BreadcrumbList\",\"@id\":\"https:\/\/www.celttv.com.ar\/index.php\/2018\/12\/22\/con-la-particiapcion-de-jovenes-de-tornquist-y-la-region-se-realizo-el-1o-campus-de-basquet-videos-entrevistas\/#breadcrumb\",\"itemListElement\":[{\"@type\":\"ListItem\",\"position\":1,\"name\":\"Inicio\",\"item\":\"https:\/\/www.celttv.com.ar\/\"},{\"@type\":\"ListItem\",\"position\":2,\"name\":\"CON LA PARTICIPACI\u00d3N DE J\u00d3VENES DE TORNQUIST Y LA REGI\u00d3N, SE REALIZ\u00d3 EL 1\u00ba CAMPUS DE BASQUET (VIDEOS ENTREVISTAS)\"}]},{\"@type\":\"WebSite\",\"@id\":\"https:\/\/www.celttv.com.ar\/#website\",\"url\":\"https:\/\/www.celttv.com.ar\/\",\"name\":\"CELTTV\",\"description\":\"Cooperativa El\u00e9ctrica de Tornquist\",\"publisher\":{\"@id\":\"https:\/\/www.celttv.com.ar\/#organization\"},\"potentialAction\":[{\"@type\":\"SearchAction\",\"target\":{\"@type\":\"EntryPoint\",\"urlTemplate\":\"https:\/\/www.celttv.com.ar\/?s={search_term_string}\"},\"query-input\":\"required name=search_term_string\"}],\"inLanguage\":\"es\"},{\"@type\":\"Organization\",\"@id\":\"https:\/\/www.celttv.com.ar\/#organization\",\"name\":\"CELTTV\",\"url\":\"https:\/\/www.celttv.com.ar\/\",\"sameAs\":[\"https:\/\/www.youtube.com\/channel\/UCz_oIt8Hig64Ub-EmcNPIhg\",\"https:\/\/www.facebook.com\/celtTV\/\"],\"logo\":{\"@type\":\"ImageObject\",\"inLanguage\":\"es\",\"@id\":\"https:\/\/www.celttv.com.ar\/#\/schema\/logo\/image\/\",\"url\":\"http:\/\/www.celttv.com.ar\/wp-content\/uploads\/2022\/08\/logo-1.png\",\"contentUrl\":\"http:\/\/www.celttv.com.ar\/wp-content\/uploads\/2022\/08\/logo-1.png\",\"width\":461,\"height\":159,\"caption\":\"CELTTV\"},\"image\":{\"@id\":\"https:\/\/www.celttv.com.ar\/#\/schema\/logo\/image\/\"}},{\"@type\":\"Person\",\"@id\":\"https:\/\/www.celttv.com.ar\/#\/schema\/person\/6d99c072dba59953809c81446e9d0ace\",\"name\":\"ulises\",\"image\":{\"@type\":\"ImageObject\",\"inLanguage\":\"es\",\"@id\":\"https:\/\/www.celttv.com.ar\/#\/schema\/person\/image\/\",\"url\":\"https:\/\/secure.gravatar.com\/avatar\/7f2c48bdc33b30088f941fb6082e555f2874c98e20cb159d7b92b50eadfce793?s=96&d=mm&r=g\",\"contentUrl\":\"https:\/\/secure.gravatar.com\/avatar\/7f2c48bdc33b30088f941fb6082e555f2874c98e20cb159d7b92b50eadfce793?s=96&d=mm&r=g\",\"caption\":\"ulises\"},\"sameAs\":[\"http:\/\/www.celttv.com.ar\"]}]}<\/script>\n<!-- \/ Yoast SEO plugin. -->","yoast_head_json":{"title":"CON LA PARTICIPACI\u00d3N DE J\u00d3VENES DE TORNQUIST Y LA REGI\u00d3N, SE REALIZ\u00d3 EL 1\u00ba CAMPUS DE BASQUET (VIDEOS ENTREVISTAS) - CELTTV","description":"Sitio web de noticias de la localidad de Tornquist, provincia de Buenos Aires, Rep\u00fablica Argentina. Contenido propio originado por periodistas de CELTTV, el canal de TV local de la Cooperativa El\u00e9ctrica de Tornquist. Turismo, Pol\u00edtica, Sociedad, Deporte, Cultura y todo el contenido de inter\u00e9s general que la gente del pueblo y la regi\u00f3n debe conocer.","robots":{"index":"index","follow":"follow","max-snippet":"max-snippet:-1","max-image-preview":"max-image-preview:large","max-video-preview":"max-video-preview:-1"},"canonical":"https:\/\/www.celttv.com.ar\/index.php\/2018\/12\/22\/con-la-particiapcion-de-jovenes-de-tornquist-y-la-region-se-realizo-el-1o-campus-de-basquet-videos-entrevistas\/","og_locale":"es_ES","og_type":"article","og_title":"CON LA PARTICIPACI\u00d3N DE J\u00d3VENES DE TORNQUIST Y LA REGI\u00d3N, SE REALIZ\u00d3 EL 1\u00ba CAMPUS DE BASQUET (VIDEOS ENTREVISTAS) - CELTTV","og_description":"Sitio web de noticias de la localidad de Tornquist, provincia de Buenos Aires, Rep\u00fablica Argentina. Contenido propio originado por periodistas de CELTTV, el canal de TV local de la Cooperativa El\u00e9ctrica de Tornquist. Turismo, Pol\u00edtica, Sociedad, Deporte, Cultura y todo el contenido de inter\u00e9s general que la gente del pueblo y la regi\u00f3n debe conocer.","og_url":"https:\/\/www.celttv.com.ar\/index.php\/2018\/12\/22\/con-la-particiapcion-de-jovenes-de-tornquist-y-la-region-se-realizo-el-1o-campus-de-basquet-videos-entrevistas\/","og_site_name":"CELTTV","article_publisher":"https:\/\/www.facebook.com\/celtTV\/","article_published_time":"2018-12-22T03:03:40+00:00","og_image":[{"width":1959,"height":1102,"url":"https:\/\/www.celttv.com.ar\/wp-content\/uploads\/2018\/12\/20181221_121041.jpg","type":"image\/jpeg"}],"author":"ulises","twitter_card":"summary_large_image","twitter_misc":{"Escrito por":"ulises","Tiempo de lectura":"1 minuto"},"schema":{"@context":"https:\/\/schema.org","@graph":[{"@type":"NewsArticle","@id":"https:\/\/www.celttv.com.ar\/index.php\/2018\/12\/22\/con-la-particiapcion-de-jovenes-de-tornquist-y-la-region-se-realizo-el-1o-campus-de-basquet-videos-entrevistas\/#article","isPartOf":{"@id":"https:\/\/www.celttv.com.ar\/index.php\/2018\/12\/22\/con-la-particiapcion-de-jovenes-de-tornquist-y-la-region-se-realizo-el-1o-campus-de-basquet-videos-entrevistas\/"},"author":{"name":"ulises","@id":"https:\/\/www.celttv.com.ar\/#\/schema\/person\/6d99c072dba59953809c81446e9d0ace"},"headline":"CON LA PARTICIPACI\u00d3N DE J\u00d3VENES DE TORNQUIST Y LA REGI\u00d3N, SE REALIZ\u00d3 EL 1\u00ba CAMPUS DE BASQUET (VIDEOS ENTREVISTAS)","datePublished":"2018-12-22T03:03:40+00:00","dateModified":"2018-12-22T03:03:40+00:00","mainEntityOfPage":{"@id":"https:\/\/www.celttv.com.ar\/index.php\/2018\/12\/22\/con-la-particiapcion-de-jovenes-de-tornquist-y-la-region-se-realizo-el-1o-campus-de-basquet-videos-entrevistas\/"},"wordCount":188,"publisher":{"@id":"https:\/\/www.celttv.com.ar\/#organization"},"articleSection":["Celt TV Noticias","Deporte","Destacadas","Magazine Sport"],"inLanguage":"es"},{"@type":"WebPage","@id":"https:\/\/www.celttv.com.ar\/index.php\/2018\/12\/22\/con-la-particiapcion-de-jovenes-de-tornquist-y-la-region-se-realizo-el-1o-campus-de-basquet-videos-entrevistas\/","url":"https:\/\/www.celttv.com.ar\/index.php\/2018\/12\/22\/con-la-particiapcion-de-jovenes-de-tornquist-y-la-region-se-realizo-el-1o-campus-de-basquet-videos-entrevistas\/","name":"CON LA PARTICIPACI\u00d3N DE J\u00d3VENES DE TORNQUIST Y LA REGI\u00d3N, SE REALIZ\u00d3 EL 1\u00ba CAMPUS DE BASQUET (VIDEOS ENTREVISTAS) - CELTTV","isPartOf":{"@id":"https:\/\/www.celttv.com.ar\/#website"},"datePublished":"2018-12-22T03:03:40+00:00","dateModified":"2018-12-22T03:03:40+00:00","description":"Sitio web de noticias de la localidad de Tornquist, provincia de Buenos Aires, Rep\u00fablica Argentina. Contenido propio originado por periodistas de CELTTV, el canal de TV local de la Cooperativa El\u00e9ctrica de Tornquist. Turismo, Pol\u00edtica, Sociedad, Deporte, Cultura y todo el contenido de inter\u00e9s general que la gente del pueblo y la regi\u00f3n debe conocer.","breadcrumb":{"@id":"https:\/\/www.celttv.com.ar\/index.php\/2018\/12\/22\/con-la-particiapcion-de-jovenes-de-tornquist-y-la-region-se-realizo-el-1o-campus-de-basquet-videos-entrevistas\/#breadcrumb"},"inLanguage":"es","potentialAction":[{"@type":"ReadAction","target":["https:\/\/www.celttv.com.ar\/index.php\/2018\/12\/22\/con-la-particiapcion-de-jovenes-de-tornquist-y-la-region-se-realizo-el-1o-campus-de-basquet-videos-entrevistas\/"]}]},{"@type":"BreadcrumbList","@id":"https:\/\/www.celttv.com.ar\/index.php\/2018\/12\/22\/con-la-particiapcion-de-jovenes-de-tornquist-y-la-region-se-realizo-el-1o-campus-de-basquet-videos-entrevistas\/#breadcrumb","itemListElement":[{"@type":"ListItem","position":1,"name":"Inicio","item":"https:\/\/www.celttv.com.ar\/"},{"@type":"ListItem","position":2,"name":"CON LA PARTICIPACI\u00d3N DE J\u00d3VENES DE TORNQUIST Y LA REGI\u00d3N, SE REALIZ\u00d3 EL 1\u00ba CAMPUS DE BASQUET (VIDEOS ENTREVISTAS)"}]},{"@type":"WebSite","@id":"https:\/\/www.celttv.com.ar\/#website","url":"https:\/\/www.celttv.com.ar\/","name":"CELTTV","description":"Cooperativa El\u00e9ctrica de Tornquist","publisher":{"@id":"https:\/\/www.celttv.com.ar\/#organization"},"potentialAction":[{"@type":"SearchAction","target":{"@type":"EntryPoint","urlTemplate":"https:\/\/www.celttv.com.ar\/?s={search_term_string}"},"query-input":"required name=search_term_string"}],"inLanguage":"es"},{"@type":"Organization","@id":"https:\/\/www.celttv.com.ar\/#organization","name":"CELTTV","url":"https:\/\/www.celttv.com.ar\/","sameAs":["https:\/\/www.youtube.com\/channel\/UCz_oIt8Hig64Ub-EmcNPIhg","https:\/\/www.facebook.com\/celtTV\/"],"logo":{"@type":"ImageObject","inLanguage":"es","@id":"https:\/\/www.celttv.com.ar\/#\/schema\/logo\/image\/","url":"http:\/\/www.celttv.com.ar\/wp-content\/uploads\/2022\/08\/logo-1.png","contentUrl":"http:\/\/www.celttv.com.ar\/wp-content\/uploads\/2022\/08\/logo-1.png","width":461,"height":159,"caption":"CELTTV"},"image":{"@id":"https:\/\/www.celttv.com.ar\/#\/schema\/logo\/image\/"}},{"@type":"Person","@id":"https:\/\/www.celttv.com.ar\/#\/schema\/person\/6d99c072dba59953809c81446e9d0ace","name":"ulises","image":{"@type":"ImageObject","inLanguage":"es","@id":"https:\/\/www.celttv.com.ar\/#\/schema\/person\/image\/","url":"https:\/\/secure.gravatar.com\/avatar\/7f2c48bdc33b30088f941fb6082e555f2874c98e20cb159d7b92b50eadfce793?s=96&d=mm&r=g","contentUrl":"https:\/\/secure.gravatar.com\/avatar\/7f2c48bdc33b30088f941fb6082e555f2874c98e20cb159d7b92b50eadfce793?s=96&d=mm&r=g","caption":"ulises"},"sameAs":["http:\/\/www.celttv.com.ar"]}]}},"_links":{"self":[{"href":"https:\/\/www.celttv.com.ar\/index.php\/wp-json\/wp\/v2\/posts\/39173","targetHints":{"allow":["GET"]}}],"collection":[{"href":"https:\/\/www.celttv.com.ar\/index.php\/wp-json\/wp\/v2\/posts"}],"about":[{"href":"https:\/\/www.celttv.com.ar\/index.php\/wp-json\/wp\/v2\/types\/post"}],"author":[{"embeddable":true,"href":"https:\/\/www.celttv.com.ar\/index.php\/wp-json\/wp\/v2\/users\/1"}],"replies":[{"embeddable":true,"href":"https:\/\/www.celttv.com.ar\/index.php\/wp-json\/wp\/v2\/comments?post=39173"}],"version-history":[{"count":0,"href":"https:\/\/www.celttv.com.ar\/index.php\/wp-json\/wp\/v2\/posts\/39173\/revisions"}],"wp:featuredmedia":[{"embeddable":true,"href":"https:\/\/www.celttv.com.ar\/index.php\/wp-json\/wp\/v2\/media\/39176"}],"wp:attachment":[{"href":"https:\/\/www.celttv.com.ar\/index.php\/wp-json\/wp\/v2\/media?parent=39173"}],"wp:term":[{"taxonomy":"category","embeddable":true,"href":"https:\/\/www.celttv.com.ar\/index.php\/wp-json\/wp\/v2\/categories?post=39173"},{"taxonomy":"post_tag","embeddable":true,"href":"https:\/\/www.celttv.com.ar\/index.php\/wp-json\/wp\/v2\/tags?post=39173"}],"curies":[{"name":"wp","href":"https:\/\/api.w.org\/{rel}","templated":true}]}}