{"id":39179,"date":"2018-12-22T03:12:04","date_gmt":"2018-12-22T03:12:04","guid":{"rendered":"http:\/\/www.celttv.com.ar\/?p=39179"},"modified":"2018-12-22T03:12:04","modified_gmt":"2018-12-22T03:12:04","slug":"leonardo-woodward-realizo-un-balance-del-2018-y-adelanto-cual-sera-su-rol-a-partir-del-proximo-ano-video-entrevista","status":"publish","type":"post","link":"https:\/\/www.celttv.com.ar\/index.php\/2018\/12\/22\/leonardo-woodward-realizo-un-balance-del-2018-y-adelanto-cual-sera-su-rol-a-partir-del-proximo-ano-video-entrevista\/","title":{"rendered":"LEONARDO WOODWARD REALIZ\u00d3 UN BALANCE DEL 2018 Y ADELANT\u00d3 CUAL SER\u00c1 SU ROL A PARTIR DEL PR\u00d3XIMO A\u00d1O (VIDEO ENTREVISTA)"},"content":{"rendered":"<p>CELTTV&#8212; El hockey del Club Uni\u00f3n (T) tuvo su cierre de actividades, con una cena de camarader\u00eda donde se brindaron reconocimientos a quienes defendieron la camiseta del &#8220;verde&#8221; durante el 2018.<br \/>\nEl profesor Leonardo Woodward, realiz\u00f3 un balance del a\u00f1o y cont\u00f3 cu\u00e1l ser\u00e1 su nuevo rol dentro del hockey de Uni\u00f3n (T) a partir del 2019.<\/p>\n<div class=\"jeg_video_container jeg_video_content\"><iframe loading=\"lazy\" title=\"2018 12 18 \/\/ MAGAZINE SPORT: PROF. LEONARDO WOODWARD (HOCKEY CLUB UNI\u00d3N)\" width=\"500\" height=\"281\" src=\"https:\/\/www.youtube.com\/embed\/ZcgSdLamQ5w?feature=oembed\" frameborder=\"0\" allow=\"accelerometer; autoplay; clipboard-write; encrypted-media; gyroscope; picture-in-picture; web-share\" referrerpolicy=\"strict-origin-when-cross-origin\" allowfullscreen><\/iframe><\/div>\n","protected":false},"excerpt":{"rendered":"<p>CELTTV&#8212; El hockey del Club Uni\u00f3n (T) tuvo su cierre de actividades, con una cena de camarader\u00eda donde se brindaron reconocimientos a quienes defendieron la camiseta del &#8220;verde&#8221; durante el 2018. El profesor Leonardo Woodward, realiz\u00f3 un balance del a\u00f1o y cont\u00f3 cu\u00e1l ser\u00e1 su nuevo rol dentro del hockey de Uni\u00f3n (T) a partir [&hellip;]<\/p>\n","protected":false},"author":1,"featured_media":39180,"comment_status":"closed","ping_status":"open","sticky":false,"template":"","format":"standard","meta":{"footnotes":""},"categories":[55,60,52,63],"tags":[],"class_list":["post-39179","post","type-post","status-publish","format-standard","has-post-thumbnail","hentry","category-celt-tv-noticias","category-deporte","category-destacadas","category-magazine-sport"],"yoast_head":"<!-- This site is optimized with the Yoast SEO plugin v19.7.1 - https:\/\/yoast.com\/wordpress\/plugins\/seo\/ -->\n<title>LEONARDO WOODWARD REALIZ\u00d3 UN BALANCE DEL 2018 Y ADELANT\u00d3 CUAL SER\u00c1 SU ROL A PARTIR DEL PR\u00d3XIMO A\u00d1O (VIDEO ENTREVISTA) - CELTTV<\/title>\n<meta name=\"description\" content=\"Sitio web de noticias de la localidad de Tornquist, provincia de Buenos Aires, Rep\u00fablica Argentina. Contenido propio originado por periodistas de CELTTV, el canal de TV local de la Cooperativa El\u00e9ctrica de Tornquist. Turismo, Pol\u00edtica, Sociedad, Deporte, Cultura y todo el contenido de inter\u00e9s general que la gente del pueblo y la regi\u00f3n debe conocer.\" \/>\n<meta name=\"robots\" content=\"index, follow, max-snippet:-1, max-image-preview:large, max-video-preview:-1\" \/>\n<link rel=\"canonical\" href=\"https:\/\/www.celttv.com.ar\/index.php\/2018\/12\/22\/leonardo-woodward-realizo-un-balance-del-2018-y-adelanto-cual-sera-su-rol-a-partir-del-proximo-ano-video-entrevista\/\" \/>\n<meta property=\"og:locale\" content=\"es_ES\" \/>\n<meta property=\"og:type\" content=\"article\" \/>\n<meta property=\"og:title\" content=\"LEONARDO WOODWARD REALIZ\u00d3 UN BALANCE DEL 2018 Y ADELANT\u00d3 CUAL SER\u00c1 SU ROL A PARTIR DEL PR\u00d3XIMO A\u00d1O (VIDEO ENTREVISTA) - CELTTV\" \/>\n<meta property=\"og:description\" content=\"Sitio web de noticias de la localidad de Tornquist, provincia de Buenos Aires, Rep\u00fablica Argentina. Contenido propio originado por periodistas de CELTTV, el canal de TV local de la Cooperativa El\u00e9ctrica de Tornquist. Turismo, Pol\u00edtica, Sociedad, Deporte, Cultura y todo el contenido de inter\u00e9s general que la gente del pueblo y la regi\u00f3n debe conocer.\" \/>\n<meta property=\"og:url\" content=\"https:\/\/www.celttv.com.ar\/index.php\/2018\/12\/22\/leonardo-woodward-realizo-un-balance-del-2018-y-adelanto-cual-sera-su-rol-a-partir-del-proximo-ano-video-entrevista\/\" \/>\n<meta property=\"og:site_name\" content=\"CELTTV\" \/>\n<meta property=\"article:publisher\" content=\"https:\/\/www.facebook.com\/celtTV\/\" \/>\n<meta property=\"article:published_time\" content=\"2018-12-22T03:12:04+00:00\" \/>\n<meta property=\"og:image\" content=\"https:\/\/www.celttv.com.ar\/wp-content\/uploads\/2018\/12\/images-1.jpg\" \/>\n\t<meta property=\"og:image:width\" content=\"300\" \/>\n\t<meta property=\"og:image:height\" content=\"168\" \/>\n\t<meta property=\"og:image:type\" content=\"image\/jpeg\" \/>\n<meta name=\"author\" content=\"ulises\" \/>\n<meta name=\"twitter:card\" content=\"summary_large_image\" \/>\n<meta name=\"twitter:label1\" content=\"Escrito por\" \/>\n\t<meta name=\"twitter:data1\" content=\"ulises\" \/>\n<script type=\"application\/ld+json\" class=\"yoast-schema-graph\">{\"@context\":\"https:\/\/schema.org\",\"@graph\":[{\"@type\":\"NewsArticle\",\"@id\":\"https:\/\/www.celttv.com.ar\/index.php\/2018\/12\/22\/leonardo-woodward-realizo-un-balance-del-2018-y-adelanto-cual-sera-su-rol-a-partir-del-proximo-ano-video-entrevista\/#article\",\"isPartOf\":{\"@id\":\"https:\/\/www.celttv.com.ar\/index.php\/2018\/12\/22\/leonardo-woodward-realizo-un-balance-del-2018-y-adelanto-cual-sera-su-rol-a-partir-del-proximo-ano-video-entrevista\/\"},\"author\":{\"name\":\"ulises\",\"@id\":\"https:\/\/www.celttv.com.ar\/#\/schema\/person\/6d99c072dba59953809c81446e9d0ace\"},\"headline\":\"LEONARDO WOODWARD REALIZ\u00d3 UN BALANCE DEL 2018 Y ADELANT\u00d3 CUAL SER\u00c1 SU ROL A PARTIR DEL PR\u00d3XIMO A\u00d1O (VIDEO ENTREVISTA)\",\"datePublished\":\"2018-12-22T03:12:04+00:00\",\"dateModified\":\"2018-12-22T03:12:04+00:00\",\"mainEntityOfPage\":{\"@id\":\"https:\/\/www.celttv.com.ar\/index.php\/2018\/12\/22\/leonardo-woodward-realizo-un-balance-del-2018-y-adelanto-cual-sera-su-rol-a-partir-del-proximo-ano-video-entrevista\/\"},\"wordCount\":89,\"publisher\":{\"@id\":\"https:\/\/www.celttv.com.ar\/#organization\"},\"articleSection\":[\"Celt TV Noticias\",\"Deporte\",\"Destacadas\",\"Magazine Sport\"],\"inLanguage\":\"es\"},{\"@type\":\"WebPage\",\"@id\":\"https:\/\/www.celttv.com.ar\/index.php\/2018\/12\/22\/leonardo-woodward-realizo-un-balance-del-2018-y-adelanto-cual-sera-su-rol-a-partir-del-proximo-ano-video-entrevista\/\",\"url\":\"https:\/\/www.celttv.com.ar\/index.php\/2018\/12\/22\/leonardo-woodward-realizo-un-balance-del-2018-y-adelanto-cual-sera-su-rol-a-partir-del-proximo-ano-video-entrevista\/\",\"name\":\"LEONARDO WOODWARD REALIZ\u00d3 UN BALANCE DEL 2018 Y ADELANT\u00d3 CUAL SER\u00c1 SU ROL A PARTIR DEL PR\u00d3XIMO A\u00d1O (VIDEO ENTREVISTA) - CELTTV\",\"isPartOf\":{\"@id\":\"https:\/\/www.celttv.com.ar\/#website\"},\"datePublished\":\"2018-12-22T03:12:04+00:00\",\"dateModified\":\"2018-12-22T03:12:04+00:00\",\"description\":\"Sitio web de noticias de la localidad de Tornquist, provincia de Buenos Aires, Rep\u00fablica Argentina. Contenido propio originado por periodistas de CELTTV, el canal de TV local de la Cooperativa El\u00e9ctrica de Tornquist. Turismo, Pol\u00edtica, Sociedad, Deporte, Cultura y todo el contenido de inter\u00e9s general que la gente del pueblo y la regi\u00f3n debe conocer.\",\"breadcrumb\":{\"@id\":\"https:\/\/www.celttv.com.ar\/index.php\/2018\/12\/22\/leonardo-woodward-realizo-un-balance-del-2018-y-adelanto-cual-sera-su-rol-a-partir-del-proximo-ano-video-entrevista\/#breadcrumb\"},\"inLanguage\":\"es\",\"potentialAction\":[{\"@type\":\"ReadAction\",\"target\":[\"https:\/\/www.celttv.com.ar\/index.php\/2018\/12\/22\/leonardo-woodward-realizo-un-balance-del-2018-y-adelanto-cual-sera-su-rol-a-partir-del-proximo-ano-video-entrevista\/\"]}]},{\"@type\":\"BreadcrumbList\",\"@id\":\"https:\/\/www.celttv.com.ar\/index.php\/2018\/12\/22\/leonardo-woodward-realizo-un-balance-del-2018-y-adelanto-cual-sera-su-rol-a-partir-del-proximo-ano-video-entrevista\/#breadcrumb\",\"itemListElement\":[{\"@type\":\"ListItem\",\"position\":1,\"name\":\"Inicio\",\"item\":\"https:\/\/www.celttv.com.ar\/\"},{\"@type\":\"ListItem\",\"position\":2,\"name\":\"LEONARDO WOODWARD REALIZ\u00d3 UN BALANCE DEL 2018 Y ADELANT\u00d3 CUAL SER\u00c1 SU ROL A PARTIR DEL PR\u00d3XIMO A\u00d1O (VIDEO ENTREVISTA)\"}]},{\"@type\":\"WebSite\",\"@id\":\"https:\/\/www.celttv.com.ar\/#website\",\"url\":\"https:\/\/www.celttv.com.ar\/\",\"name\":\"CELTTV\",\"description\":\"Cooperativa El\u00e9ctrica de Tornquist\",\"publisher\":{\"@id\":\"https:\/\/www.celttv.com.ar\/#organization\"},\"potentialAction\":[{\"@type\":\"SearchAction\",\"target\":{\"@type\":\"EntryPoint\",\"urlTemplate\":\"https:\/\/www.celttv.com.ar\/?s={search_term_string}\"},\"query-input\":\"required name=search_term_string\"}],\"inLanguage\":\"es\"},{\"@type\":\"Organization\",\"@id\":\"https:\/\/www.celttv.com.ar\/#organization\",\"name\":\"CELTTV\",\"url\":\"https:\/\/www.celttv.com.ar\/\",\"sameAs\":[\"https:\/\/www.youtube.com\/channel\/UCz_oIt8Hig64Ub-EmcNPIhg\",\"https:\/\/www.facebook.com\/celtTV\/\"],\"logo\":{\"@type\":\"ImageObject\",\"inLanguage\":\"es\",\"@id\":\"https:\/\/www.celttv.com.ar\/#\/schema\/logo\/image\/\",\"url\":\"http:\/\/www.celttv.com.ar\/wp-content\/uploads\/2022\/08\/logo-1.png\",\"contentUrl\":\"http:\/\/www.celttv.com.ar\/wp-content\/uploads\/2022\/08\/logo-1.png\",\"width\":461,\"height\":159,\"caption\":\"CELTTV\"},\"image\":{\"@id\":\"https:\/\/www.celttv.com.ar\/#\/schema\/logo\/image\/\"}},{\"@type\":\"Person\",\"@id\":\"https:\/\/www.celttv.com.ar\/#\/schema\/person\/6d99c072dba59953809c81446e9d0ace\",\"name\":\"ulises\",\"image\":{\"@type\":\"ImageObject\",\"inLanguage\":\"es\",\"@id\":\"https:\/\/www.celttv.com.ar\/#\/schema\/person\/image\/\",\"url\":\"https:\/\/secure.gravatar.com\/avatar\/7f2c48bdc33b30088f941fb6082e555f2874c98e20cb159d7b92b50eadfce793?s=96&d=mm&r=g\",\"contentUrl\":\"https:\/\/secure.gravatar.com\/avatar\/7f2c48bdc33b30088f941fb6082e555f2874c98e20cb159d7b92b50eadfce793?s=96&d=mm&r=g\",\"caption\":\"ulises\"},\"sameAs\":[\"http:\/\/www.celttv.com.ar\"]}]}<\/script>\n<!-- \/ Yoast SEO plugin. -->","yoast_head_json":{"title":"LEONARDO WOODWARD REALIZ\u00d3 UN BALANCE DEL 2018 Y ADELANT\u00d3 CUAL SER\u00c1 SU ROL A PARTIR DEL PR\u00d3XIMO A\u00d1O (VIDEO ENTREVISTA) - CELTTV","description":"Sitio web de noticias de la localidad de Tornquist, provincia de Buenos Aires, Rep\u00fablica Argentina. Contenido propio originado por periodistas de CELTTV, el canal de TV local de la Cooperativa El\u00e9ctrica de Tornquist. Turismo, Pol\u00edtica, Sociedad, Deporte, Cultura y todo el contenido de inter\u00e9s general que la gente del pueblo y la regi\u00f3n debe conocer.","robots":{"index":"index","follow":"follow","max-snippet":"max-snippet:-1","max-image-preview":"max-image-preview:large","max-video-preview":"max-video-preview:-1"},"canonical":"https:\/\/www.celttv.com.ar\/index.php\/2018\/12\/22\/leonardo-woodward-realizo-un-balance-del-2018-y-adelanto-cual-sera-su-rol-a-partir-del-proximo-ano-video-entrevista\/","og_locale":"es_ES","og_type":"article","og_title":"LEONARDO WOODWARD REALIZ\u00d3 UN BALANCE DEL 2018 Y ADELANT\u00d3 CUAL SER\u00c1 SU ROL A PARTIR DEL PR\u00d3XIMO A\u00d1O (VIDEO ENTREVISTA) - CELTTV","og_description":"Sitio web de noticias de la localidad de Tornquist, provincia de Buenos Aires, Rep\u00fablica Argentina. Contenido propio originado por periodistas de CELTTV, el canal de TV local de la Cooperativa El\u00e9ctrica de Tornquist. Turismo, Pol\u00edtica, Sociedad, Deporte, Cultura y todo el contenido de inter\u00e9s general que la gente del pueblo y la regi\u00f3n debe conocer.","og_url":"https:\/\/www.celttv.com.ar\/index.php\/2018\/12\/22\/leonardo-woodward-realizo-un-balance-del-2018-y-adelanto-cual-sera-su-rol-a-partir-del-proximo-ano-video-entrevista\/","og_site_name":"CELTTV","article_publisher":"https:\/\/www.facebook.com\/celtTV\/","article_published_time":"2018-12-22T03:12:04+00:00","og_image":[{"width":300,"height":168,"url":"https:\/\/www.celttv.com.ar\/wp-content\/uploads\/2018\/12\/images-1.jpg","type":"image\/jpeg"}],"author":"ulises","twitter_card":"summary_large_image","twitter_misc":{"Escrito por":"ulises"},"schema":{"@context":"https:\/\/schema.org","@graph":[{"@type":"NewsArticle","@id":"https:\/\/www.celttv.com.ar\/index.php\/2018\/12\/22\/leonardo-woodward-realizo-un-balance-del-2018-y-adelanto-cual-sera-su-rol-a-partir-del-proximo-ano-video-entrevista\/#article","isPartOf":{"@id":"https:\/\/www.celttv.com.ar\/index.php\/2018\/12\/22\/leonardo-woodward-realizo-un-balance-del-2018-y-adelanto-cual-sera-su-rol-a-partir-del-proximo-ano-video-entrevista\/"},"author":{"name":"ulises","@id":"https:\/\/www.celttv.com.ar\/#\/schema\/person\/6d99c072dba59953809c81446e9d0ace"},"headline":"LEONARDO WOODWARD REALIZ\u00d3 UN BALANCE DEL 2018 Y ADELANT\u00d3 CUAL SER\u00c1 SU ROL A PARTIR DEL PR\u00d3XIMO A\u00d1O (VIDEO ENTREVISTA)","datePublished":"2018-12-22T03:12:04+00:00","dateModified":"2018-12-22T03:12:04+00:00","mainEntityOfPage":{"@id":"https:\/\/www.celttv.com.ar\/index.php\/2018\/12\/22\/leonardo-woodward-realizo-un-balance-del-2018-y-adelanto-cual-sera-su-rol-a-partir-del-proximo-ano-video-entrevista\/"},"wordCount":89,"publisher":{"@id":"https:\/\/www.celttv.com.ar\/#organization"},"articleSection":["Celt TV Noticias","Deporte","Destacadas","Magazine Sport"],"inLanguage":"es"},{"@type":"WebPage","@id":"https:\/\/www.celttv.com.ar\/index.php\/2018\/12\/22\/leonardo-woodward-realizo-un-balance-del-2018-y-adelanto-cual-sera-su-rol-a-partir-del-proximo-ano-video-entrevista\/","url":"https:\/\/www.celttv.com.ar\/index.php\/2018\/12\/22\/leonardo-woodward-realizo-un-balance-del-2018-y-adelanto-cual-sera-su-rol-a-partir-del-proximo-ano-video-entrevista\/","name":"LEONARDO WOODWARD REALIZ\u00d3 UN BALANCE DEL 2018 Y ADELANT\u00d3 CUAL SER\u00c1 SU ROL A PARTIR DEL PR\u00d3XIMO A\u00d1O (VIDEO ENTREVISTA) - CELTTV","isPartOf":{"@id":"https:\/\/www.celttv.com.ar\/#website"},"datePublished":"2018-12-22T03:12:04+00:00","dateModified":"2018-12-22T03:12:04+00:00","description":"Sitio web de noticias de la localidad de Tornquist, provincia de Buenos Aires, Rep\u00fablica Argentina. Contenido propio originado por periodistas de CELTTV, el canal de TV local de la Cooperativa El\u00e9ctrica de Tornquist. Turismo, Pol\u00edtica, Sociedad, Deporte, Cultura y todo el contenido de inter\u00e9s general que la gente del pueblo y la regi\u00f3n debe conocer.","breadcrumb":{"@id":"https:\/\/www.celttv.com.ar\/index.php\/2018\/12\/22\/leonardo-woodward-realizo-un-balance-del-2018-y-adelanto-cual-sera-su-rol-a-partir-del-proximo-ano-video-entrevista\/#breadcrumb"},"inLanguage":"es","potentialAction":[{"@type":"ReadAction","target":["https:\/\/www.celttv.com.ar\/index.php\/2018\/12\/22\/leonardo-woodward-realizo-un-balance-del-2018-y-adelanto-cual-sera-su-rol-a-partir-del-proximo-ano-video-entrevista\/"]}]},{"@type":"BreadcrumbList","@id":"https:\/\/www.celttv.com.ar\/index.php\/2018\/12\/22\/leonardo-woodward-realizo-un-balance-del-2018-y-adelanto-cual-sera-su-rol-a-partir-del-proximo-ano-video-entrevista\/#breadcrumb","itemListElement":[{"@type":"ListItem","position":1,"name":"Inicio","item":"https:\/\/www.celttv.com.ar\/"},{"@type":"ListItem","position":2,"name":"LEONARDO WOODWARD REALIZ\u00d3 UN BALANCE DEL 2018 Y ADELANT\u00d3 CUAL SER\u00c1 SU ROL A PARTIR DEL PR\u00d3XIMO A\u00d1O (VIDEO ENTREVISTA)"}]},{"@type":"WebSite","@id":"https:\/\/www.celttv.com.ar\/#website","url":"https:\/\/www.celttv.com.ar\/","name":"CELTTV","description":"Cooperativa El\u00e9ctrica de Tornquist","publisher":{"@id":"https:\/\/www.celttv.com.ar\/#organization"},"potentialAction":[{"@type":"SearchAction","target":{"@type":"EntryPoint","urlTemplate":"https:\/\/www.celttv.com.ar\/?s={search_term_string}"},"query-input":"required name=search_term_string"}],"inLanguage":"es"},{"@type":"Organization","@id":"https:\/\/www.celttv.com.ar\/#organization","name":"CELTTV","url":"https:\/\/www.celttv.com.ar\/","sameAs":["https:\/\/www.youtube.com\/channel\/UCz_oIt8Hig64Ub-EmcNPIhg","https:\/\/www.facebook.com\/celtTV\/"],"logo":{"@type":"ImageObject","inLanguage":"es","@id":"https:\/\/www.celttv.com.ar\/#\/schema\/logo\/image\/","url":"http:\/\/www.celttv.com.ar\/wp-content\/uploads\/2022\/08\/logo-1.png","contentUrl":"http:\/\/www.celttv.com.ar\/wp-content\/uploads\/2022\/08\/logo-1.png","width":461,"height":159,"caption":"CELTTV"},"image":{"@id":"https:\/\/www.celttv.com.ar\/#\/schema\/logo\/image\/"}},{"@type":"Person","@id":"https:\/\/www.celttv.com.ar\/#\/schema\/person\/6d99c072dba59953809c81446e9d0ace","name":"ulises","image":{"@type":"ImageObject","inLanguage":"es","@id":"https:\/\/www.celttv.com.ar\/#\/schema\/person\/image\/","url":"https:\/\/secure.gravatar.com\/avatar\/7f2c48bdc33b30088f941fb6082e555f2874c98e20cb159d7b92b50eadfce793?s=96&d=mm&r=g","contentUrl":"https:\/\/secure.gravatar.com\/avatar\/7f2c48bdc33b30088f941fb6082e555f2874c98e20cb159d7b92b50eadfce793?s=96&d=mm&r=g","caption":"ulises"},"sameAs":["http:\/\/www.celttv.com.ar"]}]}},"_links":{"self":[{"href":"https:\/\/www.celttv.com.ar\/index.php\/wp-json\/wp\/v2\/posts\/39179","targetHints":{"allow":["GET"]}}],"collection":[{"href":"https:\/\/www.celttv.com.ar\/index.php\/wp-json\/wp\/v2\/posts"}],"about":[{"href":"https:\/\/www.celttv.com.ar\/index.php\/wp-json\/wp\/v2\/types\/post"}],"author":[{"embeddable":true,"href":"https:\/\/www.celttv.com.ar\/index.php\/wp-json\/wp\/v2\/users\/1"}],"replies":[{"embeddable":true,"href":"https:\/\/www.celttv.com.ar\/index.php\/wp-json\/wp\/v2\/comments?post=39179"}],"version-history":[{"count":0,"href":"https:\/\/www.celttv.com.ar\/index.php\/wp-json\/wp\/v2\/posts\/39179\/revisions"}],"wp:featuredmedia":[{"embeddable":true,"href":"https:\/\/www.celttv.com.ar\/index.php\/wp-json\/wp\/v2\/media\/39180"}],"wp:attachment":[{"href":"https:\/\/www.celttv.com.ar\/index.php\/wp-json\/wp\/v2\/media?parent=39179"}],"wp:term":[{"taxonomy":"category","embeddable":true,"href":"https:\/\/www.celttv.com.ar\/index.php\/wp-json\/wp\/v2\/categories?post=39179"},{"taxonomy":"post_tag","embeddable":true,"href":"https:\/\/www.celttv.com.ar\/index.php\/wp-json\/wp\/v2\/tags?post=39179"}],"curies":[{"name":"wp","href":"https:\/\/api.w.org\/{rel}","templated":true}]}}