{"id":39191,"date":"2018-12-24T01:33:58","date_gmt":"2018-12-24T01:33:58","guid":{"rendered":"http:\/\/www.celttv.com.ar\/?p=39191"},"modified":"2018-12-24T01:33:58","modified_gmt":"2018-12-24T01:33:58","slug":"boca-se-metio-en-la-final","status":"publish","type":"post","link":"https:\/\/www.celttv.com.ar\/index.php\/2018\/12\/24\/boca-se-metio-en-la-final\/","title":{"rendered":"BOCA SE METIO EN LA FINAL"},"content":{"rendered":"<p>En un partido muy pol\u00e9mico Boca le gan\u00f3 a Uni\u00f3n de nuestra ciudad 2 a 0 y jugar\u00e1 las finales de a\u00f1o con Racing de Carhue. Sebasti\u00e1n Zapatero y Emanuel Merkel marcaron los tantos del auriazul. En el verde se fueron expulsados Federico Franco y Tom\u00e1s Terrugi, despu\u00e9s de la jugada donde el arquero saca la pelota de adentro del arco y luego un defensor de xeneize le pega un manotazo. Mal partido de la terna arbitral.<br \/>\nEn el primer tiempo el verde fue m\u00e1s. Boca se par\u00f3 con un solo punta y apost\u00f3 a alguna contra. El que tuvo la iniciativa fue Uni\u00f3n.<br \/>\nEl equipo de Graff cont\u00f3 con varias chances para abrir el marcador pero se encontr\u00f3 con el bueno de Romero que intervino bien. Por los de Kessler una sola con Novgorosky que remat\u00f3 apenas alto.<br \/>\nEn el segundo tiempo temprano Boca abri\u00f3 el marcador. A los 7 minutos despu\u00e9s de un tiro de esquina, la pelota le cae fuera del \u00e1rea para que Merkel tire un buscapi\u00e9 y Sebasti\u00e1n Zapatero la empuje.<br \/>\nAll\u00ed Uni\u00f3n fue con todo. Sac\u00f3 un defensor, puso un delantero, atac\u00f3 con much\u00edsima gente pero se encontr\u00f3 con una muralla de seis hombres de Boca, dispuestos a defender el resultado como sea.<br \/>\nUna clara tuvo Angelini despu\u00e9s de un centro, cabece\u00f3 el \u201cTopo\u201d y Romero literalmente la encontr\u00f3.<br \/>\nNovgorosky pudo ampliar con un disparo de mitad de cancha que peg\u00f3 en el techo del arco.<br \/>\nEn el final, la pol\u00e9mica. Un remate violent\u00edsimo de Terrugi, el arquero saca para arriba, cabecea Angelini nuevamente saca Romero cayendo dentro del arco, y cuando remata Heiland, el \u201c1\u201d la saca de adentro del arco (Jaime no lo vio) y luego Nicol\u00e1s Suppes le pega un manotazo al bal\u00f3n para despejar. All\u00ed ve la roja Franco (Gallo marc\u00f3 expresi\u00f3n verbal) y luego unos minutos m\u00e1s tardes Terrugi tambi\u00e9n es expulsado por una patada de atr\u00e1s a Ib\u00e1\u00f1ez.<br \/>\nEn la \u00faltima, se escap\u00f3 Emanuel Merkel mano a mano con Stefanof, lo eludi\u00f3 y cerr\u00f3 el partido.<br \/>\n<strong>Uni\u00f3n:<\/strong> Juan Manuel Stefanof; Federico Franco, Jos\u00e9 Luis Teysseyre, Sebasti\u00e1n Callava, Hern\u00e1n Delgado; \u00c1ngelo Grassi, Lucas Sotelo, Tom\u00e1s Terrugi, Ezequiel Schmidt; Joaqu\u00edn Correa y Esteban Angelini. DT: Carlos Graff.<br \/>\n<u>Cambios:<\/u> ST: 16\u2019 Mat\u00edas Fritz por Callava, 21\u2019 Juan Heiland por Grassi.<br \/>\n<u>Supl:<\/u> Adri\u00e1n Buoncompagni, Dylan Kloster y Marcelo Maccari.<br \/>\n<strong>Boca:<\/strong> Emiliano Romero; Nicol\u00e1s Suppes, Sebasti\u00e1n Zapatero, Mauro Suppes, Santiago Abad; Alejandro Novgorosky, Mat\u00edas Suppes, Gonzalo Vivas, Emanuel Merkel, Bruno Rohvein; Maximiliano Graff. DT: Rodrigo Kessler.<br \/>\n<u>Cambios:<\/u> ST: 24\u2019 Kevin Aguirre por Rohvein, 34\u2019 Juan Ib\u00e1\u00f1ez por Mauro Suppes, 51\u2019 Tom\u00e1s Steimbach por Graff.<br \/>\n<u>Supl:<\/u> Hern\u00e1n Romeo y Ger\u00f3nimo Bender.<br \/>\n<u>Goles:<\/u> ST: 7\u2019 Sebasti\u00e1n Zapatero, 50\u2019 Emanuel Merkel.<br \/>\n<u>Expulsados:<\/u> ST: 43\u2019 Federico Franco, 48\u2019 Tomas Terrugi (ambos en Uni\u00f3n)<br \/>\n<u>\u00c1rbitro:<\/u> Ger\u00f3nimo Gallo (2) de Olavarr\u00eda<br \/>\n<u>Asistentes:<\/u> Daniel Jaime y Agust\u00edn Cardozo<br \/>\n<u>Cancha:<\/u> Estadio 19 de Marzo de Pe\u00f1arol de Pig\u00fc\u00e9<br \/>\n<a href=\"https:\/\/www.facebook.com\/pg\/solofutbolcanal2\/photos\/?tab=album&amp;album_id=967635106779013\" target=\"_blank\" rel=\"noopener\">\u00c1lbum de Fotos: Solo F\u00fatbol<\/a><br \/>\n<a href=\"http:\/\/www.celttv.com.ar\/?attachment_id=39193\" rel=\"attachment wp-att-39193\"><img loading=\"lazy\" decoding=\"async\" class=\"alignleft size-medium wp-image-39193\" src=\"http:\/\/www.celttv.com.ar\/wp-content\/uploads\/2018\/12\/DSC_0090-1-780x520.jpg\" alt=\"\" width=\"780\" height=\"520\" \/><\/a> <a href=\"http:\/\/www.celttv.com.ar\/?attachment_id=39194\" rel=\"attachment wp-att-39194\"><img loading=\"lazy\" decoding=\"async\" class=\"alignleft size-medium wp-image-39194\" src=\"http:\/\/www.celttv.com.ar\/wp-content\/uploads\/2018\/12\/DSC_0118-780x520.jpg\" alt=\"\" width=\"780\" height=\"520\" \/><\/a> <a href=\"http:\/\/www.celttv.com.ar\/?attachment_id=39195\" rel=\"attachment wp-att-39195\"><img loading=\"lazy\" decoding=\"async\" class=\"alignleft size-medium wp-image-39195\" src=\"http:\/\/www.celttv.com.ar\/wp-content\/uploads\/2018\/12\/DSC_0135-780x520.jpg\" alt=\"\" width=\"780\" height=\"520\" \/><\/a> <a href=\"http:\/\/www.celttv.com.ar\/?attachment_id=39196\" rel=\"attachment wp-att-39196\"><img loading=\"lazy\" decoding=\"async\" class=\"alignleft size-medium wp-image-39196\" src=\"http:\/\/www.celttv.com.ar\/wp-content\/uploads\/2018\/12\/DSC_0143-780x520.jpg\" alt=\"\" width=\"780\" height=\"520\" \/><\/a><\/p>\n","protected":false},"excerpt":{"rendered":"<p>En un partido muy pol\u00e9mico Boca le gan\u00f3 a Uni\u00f3n de nuestra ciudad 2 a 0 y jugar\u00e1 las finales de a\u00f1o con Racing de Carhue. Sebasti\u00e1n Zapatero y Emanuel Merkel marcaron los tantos del auriazul. En el verde se fueron expulsados Federico Franco y Tom\u00e1s Terrugi, despu\u00e9s de la jugada donde el arquero saca [&hellip;]<\/p>\n","protected":false},"author":1,"featured_media":39192,"comment_status":"closed","ping_status":"open","sticky":false,"template":"","format":"standard","meta":{"footnotes":""},"categories":[60,52,76],"tags":[],"class_list":["post-39191","post","type-post","status-publish","format-standard","has-post-thumbnail","hentry","category-deporte","category-destacadas","category-solo-futbol"],"yoast_head":"<!-- This site is optimized with the Yoast SEO plugin v19.7.1 - https:\/\/yoast.com\/wordpress\/plugins\/seo\/ -->\n<title>BOCA SE METIO EN LA FINAL - CELTTV<\/title>\n<meta name=\"description\" content=\"Sitio web de noticias de la localidad de Tornquist, provincia de Buenos Aires, Rep\u00fablica Argentina. Contenido propio originado por periodistas de CELTTV, el canal de TV local de la Cooperativa El\u00e9ctrica de Tornquist. Turismo, Pol\u00edtica, Sociedad, Deporte, Cultura y todo el contenido de inter\u00e9s general que la gente del pueblo y la regi\u00f3n debe conocer.\" \/>\n<meta name=\"robots\" content=\"index, follow, max-snippet:-1, max-image-preview:large, max-video-preview:-1\" \/>\n<link rel=\"canonical\" href=\"https:\/\/www.celttv.com.ar\/index.php\/2018\/12\/24\/boca-se-metio-en-la-final\/\" \/>\n<meta property=\"og:locale\" content=\"es_ES\" \/>\n<meta property=\"og:type\" content=\"article\" \/>\n<meta property=\"og:title\" content=\"BOCA SE METIO EN LA FINAL - CELTTV\" \/>\n<meta property=\"og:description\" content=\"Sitio web de noticias de la localidad de Tornquist, provincia de Buenos Aires, Rep\u00fablica Argentina. Contenido propio originado por periodistas de CELTTV, el canal de TV local de la Cooperativa El\u00e9ctrica de Tornquist. Turismo, Pol\u00edtica, Sociedad, Deporte, Cultura y todo el contenido de inter\u00e9s general que la gente del pueblo y la regi\u00f3n debe conocer.\" \/>\n<meta property=\"og:url\" content=\"https:\/\/www.celttv.com.ar\/index.php\/2018\/12\/24\/boca-se-metio-en-la-final\/\" \/>\n<meta property=\"og:site_name\" content=\"CELTTV\" \/>\n<meta property=\"article:publisher\" content=\"https:\/\/www.facebook.com\/celtTV\/\" \/>\n<meta property=\"article:published_time\" content=\"2018-12-24T01:33:58+00:00\" \/>\n<meta property=\"og:image\" content=\"https:\/\/www.celttv.com.ar\/wp-content\/uploads\/2018\/12\/DSC_0117.jpg\" \/>\n\t<meta property=\"og:image:width\" content=\"960\" \/>\n\t<meta property=\"og:image:height\" content=\"640\" \/>\n\t<meta property=\"og:image:type\" content=\"image\/jpeg\" \/>\n<meta name=\"author\" content=\"ulises\" \/>\n<meta name=\"twitter:card\" content=\"summary_large_image\" \/>\n<meta name=\"twitter:label1\" content=\"Escrito por\" \/>\n\t<meta name=\"twitter:data1\" content=\"ulises\" \/>\n\t<meta name=\"twitter:label2\" content=\"Tiempo de lectura\" \/>\n\t<meta name=\"twitter:data2\" content=\"3 minutos\" \/>\n<script type=\"application\/ld+json\" class=\"yoast-schema-graph\">{\"@context\":\"https:\/\/schema.org\",\"@graph\":[{\"@type\":\"NewsArticle\",\"@id\":\"https:\/\/www.celttv.com.ar\/index.php\/2018\/12\/24\/boca-se-metio-en-la-final\/#article\",\"isPartOf\":{\"@id\":\"https:\/\/www.celttv.com.ar\/index.php\/2018\/12\/24\/boca-se-metio-en-la-final\/\"},\"author\":{\"name\":\"ulises\",\"@id\":\"https:\/\/www.celttv.com.ar\/#\/schema\/person\/6d99c072dba59953809c81446e9d0ace\"},\"headline\":\"BOCA SE METIO EN LA FINAL\",\"datePublished\":\"2018-12-24T01:33:58+00:00\",\"dateModified\":\"2018-12-24T01:33:58+00:00\",\"mainEntityOfPage\":{\"@id\":\"https:\/\/www.celttv.com.ar\/index.php\/2018\/12\/24\/boca-se-metio-en-la-final\/\"},\"wordCount\":516,\"publisher\":{\"@id\":\"https:\/\/www.celttv.com.ar\/#organization\"},\"articleSection\":[\"Deporte\",\"Destacadas\",\"Solo Futbol\"],\"inLanguage\":\"es\"},{\"@type\":\"WebPage\",\"@id\":\"https:\/\/www.celttv.com.ar\/index.php\/2018\/12\/24\/boca-se-metio-en-la-final\/\",\"url\":\"https:\/\/www.celttv.com.ar\/index.php\/2018\/12\/24\/boca-se-metio-en-la-final\/\",\"name\":\"BOCA SE METIO EN LA FINAL - CELTTV\",\"isPartOf\":{\"@id\":\"https:\/\/www.celttv.com.ar\/#website\"},\"datePublished\":\"2018-12-24T01:33:58+00:00\",\"dateModified\":\"2018-12-24T01:33:58+00:00\",\"description\":\"Sitio web de noticias de la localidad de Tornquist, provincia de Buenos Aires, Rep\u00fablica Argentina. Contenido propio originado por periodistas de CELTTV, el canal de TV local de la Cooperativa El\u00e9ctrica de Tornquist. Turismo, Pol\u00edtica, Sociedad, Deporte, Cultura y todo el contenido de inter\u00e9s general que la gente del pueblo y la regi\u00f3n debe conocer.\",\"breadcrumb\":{\"@id\":\"https:\/\/www.celttv.com.ar\/index.php\/2018\/12\/24\/boca-se-metio-en-la-final\/#breadcrumb\"},\"inLanguage\":\"es\",\"potentialAction\":[{\"@type\":\"ReadAction\",\"target\":[\"https:\/\/www.celttv.com.ar\/index.php\/2018\/12\/24\/boca-se-metio-en-la-final\/\"]}]},{\"@type\":\"BreadcrumbList\",\"@id\":\"https:\/\/www.celttv.com.ar\/index.php\/2018\/12\/24\/boca-se-metio-en-la-final\/#breadcrumb\",\"itemListElement\":[{\"@type\":\"ListItem\",\"position\":1,\"name\":\"Inicio\",\"item\":\"https:\/\/www.celttv.com.ar\/\"},{\"@type\":\"ListItem\",\"position\":2,\"name\":\"BOCA SE METIO EN LA FINAL\"}]},{\"@type\":\"WebSite\",\"@id\":\"https:\/\/www.celttv.com.ar\/#website\",\"url\":\"https:\/\/www.celttv.com.ar\/\",\"name\":\"CELTTV\",\"description\":\"Cooperativa El\u00e9ctrica de Tornquist\",\"publisher\":{\"@id\":\"https:\/\/www.celttv.com.ar\/#organization\"},\"potentialAction\":[{\"@type\":\"SearchAction\",\"target\":{\"@type\":\"EntryPoint\",\"urlTemplate\":\"https:\/\/www.celttv.com.ar\/?s={search_term_string}\"},\"query-input\":\"required name=search_term_string\"}],\"inLanguage\":\"es\"},{\"@type\":\"Organization\",\"@id\":\"https:\/\/www.celttv.com.ar\/#organization\",\"name\":\"CELTTV\",\"url\":\"https:\/\/www.celttv.com.ar\/\",\"sameAs\":[\"https:\/\/www.youtube.com\/channel\/UCz_oIt8Hig64Ub-EmcNPIhg\",\"https:\/\/www.facebook.com\/celtTV\/\"],\"logo\":{\"@type\":\"ImageObject\",\"inLanguage\":\"es\",\"@id\":\"https:\/\/www.celttv.com.ar\/#\/schema\/logo\/image\/\",\"url\":\"http:\/\/www.celttv.com.ar\/wp-content\/uploads\/2022\/08\/logo-1.png\",\"contentUrl\":\"http:\/\/www.celttv.com.ar\/wp-content\/uploads\/2022\/08\/logo-1.png\",\"width\":461,\"height\":159,\"caption\":\"CELTTV\"},\"image\":{\"@id\":\"https:\/\/www.celttv.com.ar\/#\/schema\/logo\/image\/\"}},{\"@type\":\"Person\",\"@id\":\"https:\/\/www.celttv.com.ar\/#\/schema\/person\/6d99c072dba59953809c81446e9d0ace\",\"name\":\"ulises\",\"image\":{\"@type\":\"ImageObject\",\"inLanguage\":\"es\",\"@id\":\"https:\/\/www.celttv.com.ar\/#\/schema\/person\/image\/\",\"url\":\"https:\/\/secure.gravatar.com\/avatar\/7f2c48bdc33b30088f941fb6082e555f2874c98e20cb159d7b92b50eadfce793?s=96&d=mm&r=g\",\"contentUrl\":\"https:\/\/secure.gravatar.com\/avatar\/7f2c48bdc33b30088f941fb6082e555f2874c98e20cb159d7b92b50eadfce793?s=96&d=mm&r=g\",\"caption\":\"ulises\"},\"sameAs\":[\"http:\/\/www.celttv.com.ar\"]}]}<\/script>\n<!-- \/ Yoast SEO plugin. -->","yoast_head_json":{"title":"BOCA SE METIO EN LA FINAL - CELTTV","description":"Sitio web de noticias de la localidad de Tornquist, provincia de Buenos Aires, Rep\u00fablica Argentina. Contenido propio originado por periodistas de CELTTV, el canal de TV local de la Cooperativa El\u00e9ctrica de Tornquist. Turismo, Pol\u00edtica, Sociedad, Deporte, Cultura y todo el contenido de inter\u00e9s general que la gente del pueblo y la regi\u00f3n debe conocer.","robots":{"index":"index","follow":"follow","max-snippet":"max-snippet:-1","max-image-preview":"max-image-preview:large","max-video-preview":"max-video-preview:-1"},"canonical":"https:\/\/www.celttv.com.ar\/index.php\/2018\/12\/24\/boca-se-metio-en-la-final\/","og_locale":"es_ES","og_type":"article","og_title":"BOCA SE METIO EN LA FINAL - CELTTV","og_description":"Sitio web de noticias de la localidad de Tornquist, provincia de Buenos Aires, Rep\u00fablica Argentina. Contenido propio originado por periodistas de CELTTV, el canal de TV local de la Cooperativa El\u00e9ctrica de Tornquist. Turismo, Pol\u00edtica, Sociedad, Deporte, Cultura y todo el contenido de inter\u00e9s general que la gente del pueblo y la regi\u00f3n debe conocer.","og_url":"https:\/\/www.celttv.com.ar\/index.php\/2018\/12\/24\/boca-se-metio-en-la-final\/","og_site_name":"CELTTV","article_publisher":"https:\/\/www.facebook.com\/celtTV\/","article_published_time":"2018-12-24T01:33:58+00:00","og_image":[{"width":960,"height":640,"url":"https:\/\/www.celttv.com.ar\/wp-content\/uploads\/2018\/12\/DSC_0117.jpg","type":"image\/jpeg"}],"author":"ulises","twitter_card":"summary_large_image","twitter_misc":{"Escrito por":"ulises","Tiempo de lectura":"3 minutos"},"schema":{"@context":"https:\/\/schema.org","@graph":[{"@type":"NewsArticle","@id":"https:\/\/www.celttv.com.ar\/index.php\/2018\/12\/24\/boca-se-metio-en-la-final\/#article","isPartOf":{"@id":"https:\/\/www.celttv.com.ar\/index.php\/2018\/12\/24\/boca-se-metio-en-la-final\/"},"author":{"name":"ulises","@id":"https:\/\/www.celttv.com.ar\/#\/schema\/person\/6d99c072dba59953809c81446e9d0ace"},"headline":"BOCA SE METIO EN LA FINAL","datePublished":"2018-12-24T01:33:58+00:00","dateModified":"2018-12-24T01:33:58+00:00","mainEntityOfPage":{"@id":"https:\/\/www.celttv.com.ar\/index.php\/2018\/12\/24\/boca-se-metio-en-la-final\/"},"wordCount":516,"publisher":{"@id":"https:\/\/www.celttv.com.ar\/#organization"},"articleSection":["Deporte","Destacadas","Solo Futbol"],"inLanguage":"es"},{"@type":"WebPage","@id":"https:\/\/www.celttv.com.ar\/index.php\/2018\/12\/24\/boca-se-metio-en-la-final\/","url":"https:\/\/www.celttv.com.ar\/index.php\/2018\/12\/24\/boca-se-metio-en-la-final\/","name":"BOCA SE METIO EN LA FINAL - CELTTV","isPartOf":{"@id":"https:\/\/www.celttv.com.ar\/#website"},"datePublished":"2018-12-24T01:33:58+00:00","dateModified":"2018-12-24T01:33:58+00:00","description":"Sitio web de noticias de la localidad de Tornquist, provincia de Buenos Aires, Rep\u00fablica Argentina. Contenido propio originado por periodistas de CELTTV, el canal de TV local de la Cooperativa El\u00e9ctrica de Tornquist. Turismo, Pol\u00edtica, Sociedad, Deporte, Cultura y todo el contenido de inter\u00e9s general que la gente del pueblo y la regi\u00f3n debe conocer.","breadcrumb":{"@id":"https:\/\/www.celttv.com.ar\/index.php\/2018\/12\/24\/boca-se-metio-en-la-final\/#breadcrumb"},"inLanguage":"es","potentialAction":[{"@type":"ReadAction","target":["https:\/\/www.celttv.com.ar\/index.php\/2018\/12\/24\/boca-se-metio-en-la-final\/"]}]},{"@type":"BreadcrumbList","@id":"https:\/\/www.celttv.com.ar\/index.php\/2018\/12\/24\/boca-se-metio-en-la-final\/#breadcrumb","itemListElement":[{"@type":"ListItem","position":1,"name":"Inicio","item":"https:\/\/www.celttv.com.ar\/"},{"@type":"ListItem","position":2,"name":"BOCA SE METIO EN LA FINAL"}]},{"@type":"WebSite","@id":"https:\/\/www.celttv.com.ar\/#website","url":"https:\/\/www.celttv.com.ar\/","name":"CELTTV","description":"Cooperativa El\u00e9ctrica de Tornquist","publisher":{"@id":"https:\/\/www.celttv.com.ar\/#organization"},"potentialAction":[{"@type":"SearchAction","target":{"@type":"EntryPoint","urlTemplate":"https:\/\/www.celttv.com.ar\/?s={search_term_string}"},"query-input":"required name=search_term_string"}],"inLanguage":"es"},{"@type":"Organization","@id":"https:\/\/www.celttv.com.ar\/#organization","name":"CELTTV","url":"https:\/\/www.celttv.com.ar\/","sameAs":["https:\/\/www.youtube.com\/channel\/UCz_oIt8Hig64Ub-EmcNPIhg","https:\/\/www.facebook.com\/celtTV\/"],"logo":{"@type":"ImageObject","inLanguage":"es","@id":"https:\/\/www.celttv.com.ar\/#\/schema\/logo\/image\/","url":"http:\/\/www.celttv.com.ar\/wp-content\/uploads\/2022\/08\/logo-1.png","contentUrl":"http:\/\/www.celttv.com.ar\/wp-content\/uploads\/2022\/08\/logo-1.png","width":461,"height":159,"caption":"CELTTV"},"image":{"@id":"https:\/\/www.celttv.com.ar\/#\/schema\/logo\/image\/"}},{"@type":"Person","@id":"https:\/\/www.celttv.com.ar\/#\/schema\/person\/6d99c072dba59953809c81446e9d0ace","name":"ulises","image":{"@type":"ImageObject","inLanguage":"es","@id":"https:\/\/www.celttv.com.ar\/#\/schema\/person\/image\/","url":"https:\/\/secure.gravatar.com\/avatar\/7f2c48bdc33b30088f941fb6082e555f2874c98e20cb159d7b92b50eadfce793?s=96&d=mm&r=g","contentUrl":"https:\/\/secure.gravatar.com\/avatar\/7f2c48bdc33b30088f941fb6082e555f2874c98e20cb159d7b92b50eadfce793?s=96&d=mm&r=g","caption":"ulises"},"sameAs":["http:\/\/www.celttv.com.ar"]}]}},"_links":{"self":[{"href":"https:\/\/www.celttv.com.ar\/index.php\/wp-json\/wp\/v2\/posts\/39191","targetHints":{"allow":["GET"]}}],"collection":[{"href":"https:\/\/www.celttv.com.ar\/index.php\/wp-json\/wp\/v2\/posts"}],"about":[{"href":"https:\/\/www.celttv.com.ar\/index.php\/wp-json\/wp\/v2\/types\/post"}],"author":[{"embeddable":true,"href":"https:\/\/www.celttv.com.ar\/index.php\/wp-json\/wp\/v2\/users\/1"}],"replies":[{"embeddable":true,"href":"https:\/\/www.celttv.com.ar\/index.php\/wp-json\/wp\/v2\/comments?post=39191"}],"version-history":[{"count":0,"href":"https:\/\/www.celttv.com.ar\/index.php\/wp-json\/wp\/v2\/posts\/39191\/revisions"}],"wp:featuredmedia":[{"embeddable":true,"href":"https:\/\/www.celttv.com.ar\/index.php\/wp-json\/wp\/v2\/media\/39192"}],"wp:attachment":[{"href":"https:\/\/www.celttv.com.ar\/index.php\/wp-json\/wp\/v2\/media?parent=39191"}],"wp:term":[{"taxonomy":"category","embeddable":true,"href":"https:\/\/www.celttv.com.ar\/index.php\/wp-json\/wp\/v2\/categories?post=39191"},{"taxonomy":"post_tag","embeddable":true,"href":"https:\/\/www.celttv.com.ar\/index.php\/wp-json\/wp\/v2\/tags?post=39191"}],"curies":[{"name":"wp","href":"https:\/\/api.w.org\/{rel}","templated":true}]}}