{"id":39198,"date":"2018-12-26T22:27:39","date_gmt":"2018-12-26T22:27:39","guid":{"rendered":"http:\/\/www.celttv.com.ar\/?p=39198"},"modified":"2018-12-26T22:27:39","modified_gmt":"2018-12-26T22:27:39","slug":"parque-norte-comenzo-la-temporada-estival-a-pleno-video-entrevista-y-fotos","status":"publish","type":"post","link":"https:\/\/www.celttv.com.ar\/index.php\/2018\/12\/26\/parque-norte-comenzo-la-temporada-estival-a-pleno-video-entrevista-y-fotos\/","title":{"rendered":"PARQUE NORTE COMENZ\u00d3 LA TEMPORADA ESTIVAL A PLENO (VIDEO ENTREVISTA Y FOTOS)"},"content":{"rendered":"<p>CELTTV&#8212; Con una jornada a pleno sol, el balneario municipal Parque Norte se vio colmado de turistas y vecinos de la Comarca Serrana.<br \/>\nAlrededor de 2500 personas, disfrutaron a pleno de las bondades naturales que brinda el balneario junto a los tradicionales asados a la vera del arroyo.<\/p>\n<div class=\"jeg_video_container jeg_video_content\"><iframe loading=\"lazy\" title=\"2018 12 26 PARQUE NORTE   NOTA CON HUGO RODRIGUEZ\" width=\"500\" height=\"281\" src=\"https:\/\/www.youtube.com\/embed\/63CAGm2KSi4?feature=oembed\" frameborder=\"0\" allow=\"accelerometer; autoplay; clipboard-write; encrypted-media; gyroscope; picture-in-picture; web-share\" referrerpolicy=\"strict-origin-when-cross-origin\" allowfullscreen><\/iframe><\/div>\n<p><a href=\"http:\/\/www.celttv.com.ar\/?attachment_id=39199\" rel=\"attachment wp-att-39199\"><img loading=\"lazy\" decoding=\"async\" class=\"alignleft size-medium wp-image-39199\" src=\"http:\/\/www.celttv.com.ar\/wp-content\/uploads\/2018\/12\/20181225_163453-780x439.jpg\" alt=\"\" width=\"780\" height=\"439\" \/><\/a> <a href=\"http:\/\/www.celttv.com.ar\/?attachment_id=39200\" rel=\"attachment wp-att-39200\"><img loading=\"lazy\" decoding=\"async\" class=\"alignleft size-medium wp-image-39200\" src=\"http:\/\/www.celttv.com.ar\/wp-content\/uploads\/2018\/12\/20181225_163501-780x439.jpg\" alt=\"\" width=\"780\" height=\"439\" \/><\/a> <a href=\"http:\/\/www.celttv.com.ar\/?attachment_id=39201\" rel=\"attachment wp-att-39201\"><img loading=\"lazy\" decoding=\"async\" class=\"alignleft size-medium wp-image-39201\" src=\"http:\/\/www.celttv.com.ar\/wp-content\/uploads\/2018\/12\/20181225_163518-780x439.jpg\" alt=\"\" width=\"780\" height=\"439\" \/><\/a> <a href=\"http:\/\/www.celttv.com.ar\/?attachment_id=39202\" rel=\"attachment wp-att-39202\"><img loading=\"lazy\" decoding=\"async\" class=\"alignleft size-medium wp-image-39202\" src=\"http:\/\/www.celttv.com.ar\/wp-content\/uploads\/2018\/12\/20181225_163530-780x439.jpg\" alt=\"\" width=\"780\" height=\"439\" \/><\/a> <a href=\"http:\/\/www.celttv.com.ar\/?attachment_id=39204\" rel=\"attachment wp-att-39204\"><img loading=\"lazy\" decoding=\"async\" class=\"alignleft size-medium wp-image-39204\" src=\"http:\/\/www.celttv.com.ar\/wp-content\/uploads\/2018\/12\/20181225_164011-780x439.jpg\" alt=\"\" width=\"780\" height=\"439\" \/><\/a><\/p>\n","protected":false},"excerpt":{"rendered":"<p>CELTTV&#8212; Con una jornada a pleno sol, el balneario municipal Parque Norte se vio colmado de turistas y vecinos de la Comarca Serrana. Alrededor de 2500 personas, disfrutaron a pleno de las bondades naturales que brinda el balneario junto a los tradicionales asados a la vera del arroyo.<\/p>\n","protected":false},"author":1,"featured_media":39203,"comment_status":"closed","ping_status":"open","sticky":false,"template":"","format":"standard","meta":{"footnotes":""},"categories":[55,51,52,58],"tags":[],"class_list":["post-39198","post","type-post","status-publish","format-standard","has-post-thumbnail","hentry","category-celt-tv-noticias","category-comunidad","category-destacadas","category-turismo"],"yoast_head":"<!-- This site is optimized with the Yoast SEO plugin v19.7.1 - https:\/\/yoast.com\/wordpress\/plugins\/seo\/ -->\n<title>PARQUE NORTE COMENZ\u00d3 LA TEMPORADA ESTIVAL A PLENO (VIDEO ENTREVISTA Y FOTOS) - CELTTV<\/title>\n<meta name=\"description\" content=\"Sitio web de noticias de la localidad de Tornquist, provincia de Buenos Aires, Rep\u00fablica Argentina. Contenido propio originado por periodistas de CELTTV, el canal de TV local de la Cooperativa El\u00e9ctrica de Tornquist. Turismo, Pol\u00edtica, Sociedad, Deporte, Cultura y todo el contenido de inter\u00e9s general que la gente del pueblo y la regi\u00f3n debe conocer.\" \/>\n<meta name=\"robots\" content=\"index, follow, max-snippet:-1, max-image-preview:large, max-video-preview:-1\" \/>\n<link rel=\"canonical\" href=\"https:\/\/www.celttv.com.ar\/index.php\/2018\/12\/26\/parque-norte-comenzo-la-temporada-estival-a-pleno-video-entrevista-y-fotos\/\" \/>\n<meta property=\"og:locale\" content=\"es_ES\" \/>\n<meta property=\"og:type\" content=\"article\" \/>\n<meta property=\"og:title\" content=\"PARQUE NORTE COMENZ\u00d3 LA TEMPORADA ESTIVAL A PLENO (VIDEO ENTREVISTA Y FOTOS) - CELTTV\" \/>\n<meta property=\"og:description\" content=\"Sitio web de noticias de la localidad de Tornquist, provincia de Buenos Aires, Rep\u00fablica Argentina. Contenido propio originado por periodistas de CELTTV, el canal de TV local de la Cooperativa El\u00e9ctrica de Tornquist. Turismo, Pol\u00edtica, Sociedad, Deporte, Cultura y todo el contenido de inter\u00e9s general que la gente del pueblo y la regi\u00f3n debe conocer.\" \/>\n<meta property=\"og:url\" content=\"https:\/\/www.celttv.com.ar\/index.php\/2018\/12\/26\/parque-norte-comenzo-la-temporada-estival-a-pleno-video-entrevista-y-fotos\/\" \/>\n<meta property=\"og:site_name\" content=\"CELTTV\" \/>\n<meta property=\"article:publisher\" content=\"https:\/\/www.facebook.com\/celtTV\/\" \/>\n<meta property=\"article:published_time\" content=\"2018-12-26T22:27:39+00:00\" \/>\n<meta property=\"og:image\" content=\"https:\/\/www.celttv.com.ar\/wp-content\/uploads\/2018\/12\/20181225_163540.jpg\" \/>\n\t<meta property=\"og:image:width\" content=\"1959\" \/>\n\t<meta property=\"og:image:height\" content=\"1102\" \/>\n\t<meta property=\"og:image:type\" content=\"image\/jpeg\" \/>\n<meta name=\"author\" content=\"ulises\" \/>\n<meta name=\"twitter:card\" content=\"summary_large_image\" \/>\n<meta name=\"twitter:label1\" content=\"Escrito por\" \/>\n\t<meta name=\"twitter:data1\" content=\"ulises\" \/>\n<script type=\"application\/ld+json\" class=\"yoast-schema-graph\">{\"@context\":\"https:\/\/schema.org\",\"@graph\":[{\"@type\":\"NewsArticle\",\"@id\":\"https:\/\/www.celttv.com.ar\/index.php\/2018\/12\/26\/parque-norte-comenzo-la-temporada-estival-a-pleno-video-entrevista-y-fotos\/#article\",\"isPartOf\":{\"@id\":\"https:\/\/www.celttv.com.ar\/index.php\/2018\/12\/26\/parque-norte-comenzo-la-temporada-estival-a-pleno-video-entrevista-y-fotos\/\"},\"author\":{\"name\":\"ulises\",\"@id\":\"https:\/\/www.celttv.com.ar\/#\/schema\/person\/6d99c072dba59953809c81446e9d0ace\"},\"headline\":\"PARQUE NORTE COMENZ\u00d3 LA TEMPORADA ESTIVAL A PLENO (VIDEO ENTREVISTA Y FOTOS)\",\"datePublished\":\"2018-12-26T22:27:39+00:00\",\"dateModified\":\"2018-12-26T22:27:39+00:00\",\"mainEntityOfPage\":{\"@id\":\"https:\/\/www.celttv.com.ar\/index.php\/2018\/12\/26\/parque-norte-comenzo-la-temporada-estival-a-pleno-video-entrevista-y-fotos\/\"},\"wordCount\":67,\"publisher\":{\"@id\":\"https:\/\/www.celttv.com.ar\/#organization\"},\"articleSection\":[\"Celt TV Noticias\",\"Comunidad\",\"Destacadas\",\"Turismo\"],\"inLanguage\":\"es\"},{\"@type\":\"WebPage\",\"@id\":\"https:\/\/www.celttv.com.ar\/index.php\/2018\/12\/26\/parque-norte-comenzo-la-temporada-estival-a-pleno-video-entrevista-y-fotos\/\",\"url\":\"https:\/\/www.celttv.com.ar\/index.php\/2018\/12\/26\/parque-norte-comenzo-la-temporada-estival-a-pleno-video-entrevista-y-fotos\/\",\"name\":\"PARQUE NORTE COMENZ\u00d3 LA TEMPORADA ESTIVAL A PLENO (VIDEO ENTREVISTA Y FOTOS) - CELTTV\",\"isPartOf\":{\"@id\":\"https:\/\/www.celttv.com.ar\/#website\"},\"datePublished\":\"2018-12-26T22:27:39+00:00\",\"dateModified\":\"2018-12-26T22:27:39+00:00\",\"description\":\"Sitio web de noticias de la localidad de Tornquist, provincia de Buenos Aires, Rep\u00fablica Argentina. Contenido propio originado por periodistas de CELTTV, el canal de TV local de la Cooperativa El\u00e9ctrica de Tornquist. Turismo, Pol\u00edtica, Sociedad, Deporte, Cultura y todo el contenido de inter\u00e9s general que la gente del pueblo y la regi\u00f3n debe conocer.\",\"breadcrumb\":{\"@id\":\"https:\/\/www.celttv.com.ar\/index.php\/2018\/12\/26\/parque-norte-comenzo-la-temporada-estival-a-pleno-video-entrevista-y-fotos\/#breadcrumb\"},\"inLanguage\":\"es\",\"potentialAction\":[{\"@type\":\"ReadAction\",\"target\":[\"https:\/\/www.celttv.com.ar\/index.php\/2018\/12\/26\/parque-norte-comenzo-la-temporada-estival-a-pleno-video-entrevista-y-fotos\/\"]}]},{\"@type\":\"BreadcrumbList\",\"@id\":\"https:\/\/www.celttv.com.ar\/index.php\/2018\/12\/26\/parque-norte-comenzo-la-temporada-estival-a-pleno-video-entrevista-y-fotos\/#breadcrumb\",\"itemListElement\":[{\"@type\":\"ListItem\",\"position\":1,\"name\":\"Inicio\",\"item\":\"https:\/\/www.celttv.com.ar\/\"},{\"@type\":\"ListItem\",\"position\":2,\"name\":\"PARQUE NORTE COMENZ\u00d3 LA TEMPORADA ESTIVAL A PLENO (VIDEO ENTREVISTA Y FOTOS)\"}]},{\"@type\":\"WebSite\",\"@id\":\"https:\/\/www.celttv.com.ar\/#website\",\"url\":\"https:\/\/www.celttv.com.ar\/\",\"name\":\"CELTTV\",\"description\":\"Cooperativa El\u00e9ctrica de Tornquist\",\"publisher\":{\"@id\":\"https:\/\/www.celttv.com.ar\/#organization\"},\"potentialAction\":[{\"@type\":\"SearchAction\",\"target\":{\"@type\":\"EntryPoint\",\"urlTemplate\":\"https:\/\/www.celttv.com.ar\/?s={search_term_string}\"},\"query-input\":\"required name=search_term_string\"}],\"inLanguage\":\"es\"},{\"@type\":\"Organization\",\"@id\":\"https:\/\/www.celttv.com.ar\/#organization\",\"name\":\"CELTTV\",\"url\":\"https:\/\/www.celttv.com.ar\/\",\"sameAs\":[\"https:\/\/www.youtube.com\/channel\/UCz_oIt8Hig64Ub-EmcNPIhg\",\"https:\/\/www.facebook.com\/celtTV\/\"],\"logo\":{\"@type\":\"ImageObject\",\"inLanguage\":\"es\",\"@id\":\"https:\/\/www.celttv.com.ar\/#\/schema\/logo\/image\/\",\"url\":\"http:\/\/www.celttv.com.ar\/wp-content\/uploads\/2022\/08\/logo-1.png\",\"contentUrl\":\"http:\/\/www.celttv.com.ar\/wp-content\/uploads\/2022\/08\/logo-1.png\",\"width\":461,\"height\":159,\"caption\":\"CELTTV\"},\"image\":{\"@id\":\"https:\/\/www.celttv.com.ar\/#\/schema\/logo\/image\/\"}},{\"@type\":\"Person\",\"@id\":\"https:\/\/www.celttv.com.ar\/#\/schema\/person\/6d99c072dba59953809c81446e9d0ace\",\"name\":\"ulises\",\"image\":{\"@type\":\"ImageObject\",\"inLanguage\":\"es\",\"@id\":\"https:\/\/www.celttv.com.ar\/#\/schema\/person\/image\/\",\"url\":\"https:\/\/secure.gravatar.com\/avatar\/7f2c48bdc33b30088f941fb6082e555f2874c98e20cb159d7b92b50eadfce793?s=96&d=mm&r=g\",\"contentUrl\":\"https:\/\/secure.gravatar.com\/avatar\/7f2c48bdc33b30088f941fb6082e555f2874c98e20cb159d7b92b50eadfce793?s=96&d=mm&r=g\",\"caption\":\"ulises\"},\"sameAs\":[\"http:\/\/www.celttv.com.ar\"]}]}<\/script>\n<!-- \/ Yoast SEO plugin. -->","yoast_head_json":{"title":"PARQUE NORTE COMENZ\u00d3 LA TEMPORADA ESTIVAL A PLENO (VIDEO ENTREVISTA Y FOTOS) - CELTTV","description":"Sitio web de noticias de la localidad de Tornquist, provincia de Buenos Aires, Rep\u00fablica Argentina. Contenido propio originado por periodistas de CELTTV, el canal de TV local de la Cooperativa El\u00e9ctrica de Tornquist. Turismo, Pol\u00edtica, Sociedad, Deporte, Cultura y todo el contenido de inter\u00e9s general que la gente del pueblo y la regi\u00f3n debe conocer.","robots":{"index":"index","follow":"follow","max-snippet":"max-snippet:-1","max-image-preview":"max-image-preview:large","max-video-preview":"max-video-preview:-1"},"canonical":"https:\/\/www.celttv.com.ar\/index.php\/2018\/12\/26\/parque-norte-comenzo-la-temporada-estival-a-pleno-video-entrevista-y-fotos\/","og_locale":"es_ES","og_type":"article","og_title":"PARQUE NORTE COMENZ\u00d3 LA TEMPORADA ESTIVAL A PLENO (VIDEO ENTREVISTA Y FOTOS) - CELTTV","og_description":"Sitio web de noticias de la localidad de Tornquist, provincia de Buenos Aires, Rep\u00fablica Argentina. Contenido propio originado por periodistas de CELTTV, el canal de TV local de la Cooperativa El\u00e9ctrica de Tornquist. Turismo, Pol\u00edtica, Sociedad, Deporte, Cultura y todo el contenido de inter\u00e9s general que la gente del pueblo y la regi\u00f3n debe conocer.","og_url":"https:\/\/www.celttv.com.ar\/index.php\/2018\/12\/26\/parque-norte-comenzo-la-temporada-estival-a-pleno-video-entrevista-y-fotos\/","og_site_name":"CELTTV","article_publisher":"https:\/\/www.facebook.com\/celtTV\/","article_published_time":"2018-12-26T22:27:39+00:00","og_image":[{"width":1959,"height":1102,"url":"https:\/\/www.celttv.com.ar\/wp-content\/uploads\/2018\/12\/20181225_163540.jpg","type":"image\/jpeg"}],"author":"ulises","twitter_card":"summary_large_image","twitter_misc":{"Escrito por":"ulises"},"schema":{"@context":"https:\/\/schema.org","@graph":[{"@type":"NewsArticle","@id":"https:\/\/www.celttv.com.ar\/index.php\/2018\/12\/26\/parque-norte-comenzo-la-temporada-estival-a-pleno-video-entrevista-y-fotos\/#article","isPartOf":{"@id":"https:\/\/www.celttv.com.ar\/index.php\/2018\/12\/26\/parque-norte-comenzo-la-temporada-estival-a-pleno-video-entrevista-y-fotos\/"},"author":{"name":"ulises","@id":"https:\/\/www.celttv.com.ar\/#\/schema\/person\/6d99c072dba59953809c81446e9d0ace"},"headline":"PARQUE NORTE COMENZ\u00d3 LA TEMPORADA ESTIVAL A PLENO (VIDEO ENTREVISTA Y FOTOS)","datePublished":"2018-12-26T22:27:39+00:00","dateModified":"2018-12-26T22:27:39+00:00","mainEntityOfPage":{"@id":"https:\/\/www.celttv.com.ar\/index.php\/2018\/12\/26\/parque-norte-comenzo-la-temporada-estival-a-pleno-video-entrevista-y-fotos\/"},"wordCount":67,"publisher":{"@id":"https:\/\/www.celttv.com.ar\/#organization"},"articleSection":["Celt TV Noticias","Comunidad","Destacadas","Turismo"],"inLanguage":"es"},{"@type":"WebPage","@id":"https:\/\/www.celttv.com.ar\/index.php\/2018\/12\/26\/parque-norte-comenzo-la-temporada-estival-a-pleno-video-entrevista-y-fotos\/","url":"https:\/\/www.celttv.com.ar\/index.php\/2018\/12\/26\/parque-norte-comenzo-la-temporada-estival-a-pleno-video-entrevista-y-fotos\/","name":"PARQUE NORTE COMENZ\u00d3 LA TEMPORADA ESTIVAL A PLENO (VIDEO ENTREVISTA Y FOTOS) - CELTTV","isPartOf":{"@id":"https:\/\/www.celttv.com.ar\/#website"},"datePublished":"2018-12-26T22:27:39+00:00","dateModified":"2018-12-26T22:27:39+00:00","description":"Sitio web de noticias de la localidad de Tornquist, provincia de Buenos Aires, Rep\u00fablica Argentina. Contenido propio originado por periodistas de CELTTV, el canal de TV local de la Cooperativa El\u00e9ctrica de Tornquist. Turismo, Pol\u00edtica, Sociedad, Deporte, Cultura y todo el contenido de inter\u00e9s general que la gente del pueblo y la regi\u00f3n debe conocer.","breadcrumb":{"@id":"https:\/\/www.celttv.com.ar\/index.php\/2018\/12\/26\/parque-norte-comenzo-la-temporada-estival-a-pleno-video-entrevista-y-fotos\/#breadcrumb"},"inLanguage":"es","potentialAction":[{"@type":"ReadAction","target":["https:\/\/www.celttv.com.ar\/index.php\/2018\/12\/26\/parque-norte-comenzo-la-temporada-estival-a-pleno-video-entrevista-y-fotos\/"]}]},{"@type":"BreadcrumbList","@id":"https:\/\/www.celttv.com.ar\/index.php\/2018\/12\/26\/parque-norte-comenzo-la-temporada-estival-a-pleno-video-entrevista-y-fotos\/#breadcrumb","itemListElement":[{"@type":"ListItem","position":1,"name":"Inicio","item":"https:\/\/www.celttv.com.ar\/"},{"@type":"ListItem","position":2,"name":"PARQUE NORTE COMENZ\u00d3 LA TEMPORADA ESTIVAL A PLENO (VIDEO ENTREVISTA Y FOTOS)"}]},{"@type":"WebSite","@id":"https:\/\/www.celttv.com.ar\/#website","url":"https:\/\/www.celttv.com.ar\/","name":"CELTTV","description":"Cooperativa El\u00e9ctrica de Tornquist","publisher":{"@id":"https:\/\/www.celttv.com.ar\/#organization"},"potentialAction":[{"@type":"SearchAction","target":{"@type":"EntryPoint","urlTemplate":"https:\/\/www.celttv.com.ar\/?s={search_term_string}"},"query-input":"required name=search_term_string"}],"inLanguage":"es"},{"@type":"Organization","@id":"https:\/\/www.celttv.com.ar\/#organization","name":"CELTTV","url":"https:\/\/www.celttv.com.ar\/","sameAs":["https:\/\/www.youtube.com\/channel\/UCz_oIt8Hig64Ub-EmcNPIhg","https:\/\/www.facebook.com\/celtTV\/"],"logo":{"@type":"ImageObject","inLanguage":"es","@id":"https:\/\/www.celttv.com.ar\/#\/schema\/logo\/image\/","url":"http:\/\/www.celttv.com.ar\/wp-content\/uploads\/2022\/08\/logo-1.png","contentUrl":"http:\/\/www.celttv.com.ar\/wp-content\/uploads\/2022\/08\/logo-1.png","width":461,"height":159,"caption":"CELTTV"},"image":{"@id":"https:\/\/www.celttv.com.ar\/#\/schema\/logo\/image\/"}},{"@type":"Person","@id":"https:\/\/www.celttv.com.ar\/#\/schema\/person\/6d99c072dba59953809c81446e9d0ace","name":"ulises","image":{"@type":"ImageObject","inLanguage":"es","@id":"https:\/\/www.celttv.com.ar\/#\/schema\/person\/image\/","url":"https:\/\/secure.gravatar.com\/avatar\/7f2c48bdc33b30088f941fb6082e555f2874c98e20cb159d7b92b50eadfce793?s=96&d=mm&r=g","contentUrl":"https:\/\/secure.gravatar.com\/avatar\/7f2c48bdc33b30088f941fb6082e555f2874c98e20cb159d7b92b50eadfce793?s=96&d=mm&r=g","caption":"ulises"},"sameAs":["http:\/\/www.celttv.com.ar"]}]}},"_links":{"self":[{"href":"https:\/\/www.celttv.com.ar\/index.php\/wp-json\/wp\/v2\/posts\/39198","targetHints":{"allow":["GET"]}}],"collection":[{"href":"https:\/\/www.celttv.com.ar\/index.php\/wp-json\/wp\/v2\/posts"}],"about":[{"href":"https:\/\/www.celttv.com.ar\/index.php\/wp-json\/wp\/v2\/types\/post"}],"author":[{"embeddable":true,"href":"https:\/\/www.celttv.com.ar\/index.php\/wp-json\/wp\/v2\/users\/1"}],"replies":[{"embeddable":true,"href":"https:\/\/www.celttv.com.ar\/index.php\/wp-json\/wp\/v2\/comments?post=39198"}],"version-history":[{"count":0,"href":"https:\/\/www.celttv.com.ar\/index.php\/wp-json\/wp\/v2\/posts\/39198\/revisions"}],"wp:featuredmedia":[{"embeddable":true,"href":"https:\/\/www.celttv.com.ar\/index.php\/wp-json\/wp\/v2\/media\/39203"}],"wp:attachment":[{"href":"https:\/\/www.celttv.com.ar\/index.php\/wp-json\/wp\/v2\/media?parent=39198"}],"wp:term":[{"taxonomy":"category","embeddable":true,"href":"https:\/\/www.celttv.com.ar\/index.php\/wp-json\/wp\/v2\/categories?post=39198"},{"taxonomy":"post_tag","embeddable":true,"href":"https:\/\/www.celttv.com.ar\/index.php\/wp-json\/wp\/v2\/tags?post=39198"}],"curies":[{"name":"wp","href":"https:\/\/api.w.org\/{rel}","templated":true}]}}