{"id":39212,"date":"2018-12-26T22:50:21","date_gmt":"2018-12-26T22:50:21","guid":{"rendered":"http:\/\/www.celttv.com.ar\/?p=39212"},"modified":"2018-12-26T22:50:21","modified_gmt":"2018-12-26T22:50:21","slug":"secretaria-de-seguridad-del-municipio-de-tornquist-hechos-policiales","status":"publish","type":"post","link":"https:\/\/www.celttv.com.ar\/index.php\/2018\/12\/26\/secretaria-de-seguridad-del-municipio-de-tornquist-hechos-policiales\/","title":{"rendered":"SECRETARIA DE SEGURIDAD DEL MUNICIPIO DE TORNQUIST: HECHOS POLICIALES"},"content":{"rendered":"<p>Se lleva a conocimiento de la comunidad que con fecha Viernes 21 del corriente mes y a\u00f1o siendo las 15:45 horas personal policial de la Estaci\u00f3n Polic\u00eda Comunal Tornquist es alertado respecto de un accidente vehicular acaecido sobre Ruta Nacional 35 a la altura del Kilometro 38 con el saldo de una persona fallecida.<br \/>\nAsimismo comisionado los efectivos policiales sobre dicha Ruta constatan la veracidad del siniestro debido a la colisi\u00f3n entre cami\u00f3n Fiat Iveco conducido por el Se\u00f1or Fasano Federico Alberto, de 25 a\u00f1os, oriundo de la Provincia de Santa Fe, contra rodado menor Renault Oroch conducida por quien en vida fuera An\u00edbal Romano de 67 a\u00f1os de edad y oriundo de la Provincia de La Pampa, quien perdiera la vida en el acto al momento del impacto quedando en el interior del habit\u00e1culo. Se investigan las causales del accidente y se hizo presente en el lugar personal de Bomberos, personal de Polic\u00eda Cient\u00edfica, Polic\u00eda de Seguridad Vial y Transito Municipal.-<br \/>\nPor lo expuesto la Estaci\u00f3n de Polic\u00eda Comunal Tornquist sustancia DE OFICIO actuaciones caratulas HOMICIDIO CULPOSO con injerencia de la Unidad Funcional de Instrucci\u00f3n y Juicio nro. 12 en concordancia con la Ayudant\u00eda Fiscal de este medio, ambos pertenecientes al Departamento Judicial Bah\u00eda Blanca.-<br \/>\n<strong>ALLANAMIENTO POSITIVO<\/strong><br \/>\nCon fecha Viernes 21 del corriente personal policial de la Estaci\u00f3n de Polic\u00eda Comunal Tornquist en el marco de la Actuaciones Prevencionales caratuladas HURTO de las que resulta denunciante\/damnificado el se\u00f1or Miguel Pagnotta domiciliado en este medio, y tras las tareas investigativas realizadas por el gabinete de Prevenci\u00f3n Delitos dependiente a la Estaci\u00f3n de Polic\u00eda Comunal Local aportando medios de prueba suficientes y culpabilizar la responsabilidad delictual para con el se\u00f1or de nombres ANIBAL DARIO GERTNER alias \u201cRAMBO\u201d, de 48 a\u00f1os de edad oriundo de este medio, se procedi\u00f3 a dar cumplimiento del ALLANAMIENTO dispuesto en el domicilio de dicho imputado (An\u00edbal Dar\u00edo Gertner) sobre calle Rawson nro. 896 de este medio en cuyo interior los efectivos policiales secuestraron elementos punzo-cortantes, una mira telesc\u00f3pica y una culata de carabina reconocidos como propiedad del se\u00f1or Pagnota.-<br \/>\n<strong>APREHENDIDO POR DESOBEDIENCIA, RESISTENCIA A LA AUTORIDAD Y AMENAZAS<\/strong><br \/>\nCon fecha Domingo 23 del corriente en horas de la madrugada personal Policial de la Estaci\u00f3n de Polic\u00eda Comunal Tornquist procedi\u00f3 a la aprehensi\u00f3n del ciudadano BRIAN ANDRES SALAZAR por resultar prima facie penalmente responsable de los delitos caratulados \u201cDesobediencia, Resistencia a la Autoridad y Amenazas\u201d con intervenci\u00f3n de la Unidad Funcional de Instrucci\u00f3n y Juicio Nro. 15 del Departamento Judicial Bah\u00eda Blanca, ra\u00edz llamado telef\u00f3nico de un vecino domiciliado en calle Mitre al 600 de este medio alertando respecto disturbios producidos sobre la vereda de su domicilio comision\u00e1ndose inmediatamente los efectivos policiales procediendo a la aprehensi\u00f3n de Salazar para posteriormente alojarlo en los calabozos de la Estaci\u00f3n Policial local, quedando en car\u00e1cter de comunicado. Asimismo con fecha Lunes 24 del corriente previo ser trasladado a sala judicial de Bah\u00eda Blanca fines cumplimentar los dispuesto en el Art\u00edculo 308 del C\u00f3digo de Procedimiento Penal (declaraci\u00f3n indagatoria) recupero su LIBERTAD.-<br \/>\n&nbsp;<br \/>\n<strong>APREHENDIDO POR DA\u00d1O, DESOBEDIENCIA Y RESISTENCIA A LA AUTORIDAD<\/strong><br \/>\nCon fecha Domingo 23 del corriente siendo las 22:00 horas Personal Policial es alertado respecto de una colisi\u00f3n vehicular ocurrida entre un veh\u00edculo Ford Ka propiedad de la Se\u00f1ora Liliana Graciela Lugones el cual estaba estacionado sobre Avenida Ernesto Tornquist entre Mitre y Avenida Alem de este medio contra un Chevrolet Corsa cuyo conductor una vez ocurrida la colisi\u00f3n se habr\u00eda dado a la fuga logr\u00e1ndoselo interceptar sobre intersecci\u00f3n de esquinas Libertad y Sarmiento de este medio, identificando a su conductor como Holzman Lautaro Ivan de actuales 21 a\u00f1os de edad, oriundo de Tornquist quien previo descender del interior rodado Chevrolet Corsa dominio HSI-202 comenz\u00f3 a increpar a los efectivos policiales mediante insultos y agravios procediendo a la inmediata aprehensi\u00f3n por resultar prima facie penalmente responsable de los delitos Caratulados \u201cDa\u00f1o, Desobediencia y Resistencia a la Autoridad\u201d quedando a disposici\u00f3n de la Unidad Funcional de Instrucci\u00f3n y Juicio nro. 15 (flagrancia delito), como tambi\u00e9n al secuestro del mismo Chevrolet Corsa dominio HSI-202 a disposici\u00f3n del mismo magistrado judicial y paralelamente al secuestro por infracci\u00f3n de la Ley 24.449 (Ley de Transito) a disposici\u00f3n del Juzgado de Faltas del Partido de Tornquist a cargo del Dr. Oscar Francisco Lanaro, asimismo el D\u00eda Lunes 24 en horas del mediod\u00eda y luego de cumplimentarse los recaudos legales por as\u00ed haberlo resuelto la Fiscal\u00eda de Intervenci\u00f3n Holzman desde el asiento de la Ayudant\u00eda Fiscal Local recupero su LIBERTAD.-<br \/>\n&nbsp;<br \/>\n<strong>SECRETARIA DE SEGURIDAD \u2013 MUNICIPALIDAD DE TORNQUIST.-<\/strong><\/p>\n","protected":false},"excerpt":{"rendered":"<p>Se lleva a conocimiento de la comunidad que con fecha Viernes 21 del corriente mes y a\u00f1o siendo las 15:45 horas personal policial de la Estaci\u00f3n Polic\u00eda Comunal Tornquist es alertado respecto de un accidente vehicular acaecido sobre Ruta Nacional 35 a la altura del Kilometro 38 con el saldo de una persona fallecida. Asimismo [&hellip;]<\/p>\n","protected":false},"author":1,"featured_media":39213,"comment_status":"closed","ping_status":"open","sticky":false,"template":"","format":"standard","meta":{"footnotes":""},"categories":[55,51,52,61],"tags":[],"class_list":["post-39212","post","type-post","status-publish","format-standard","has-post-thumbnail","hentry","category-celt-tv-noticias","category-comunidad","category-destacadas","category-policiales"],"yoast_head":"<!-- This site is optimized with the Yoast SEO plugin v19.7.1 - https:\/\/yoast.com\/wordpress\/plugins\/seo\/ -->\n<title>SECRETARIA DE SEGURIDAD DEL MUNICIPIO DE TORNQUIST: HECHOS POLICIALES - CELTTV<\/title>\n<meta name=\"description\" content=\"Sitio web de noticias de la localidad de Tornquist, provincia de Buenos Aires, Rep\u00fablica Argentina. Contenido propio originado por periodistas de CELTTV, el canal de TV local de la Cooperativa El\u00e9ctrica de Tornquist. Turismo, Pol\u00edtica, Sociedad, Deporte, Cultura y todo el contenido de inter\u00e9s general que la gente del pueblo y la regi\u00f3n debe conocer.\" \/>\n<meta name=\"robots\" content=\"index, follow, max-snippet:-1, max-image-preview:large, max-video-preview:-1\" \/>\n<link rel=\"canonical\" href=\"https:\/\/www.celttv.com.ar\/index.php\/2018\/12\/26\/secretaria-de-seguridad-del-municipio-de-tornquist-hechos-policiales\/\" \/>\n<meta property=\"og:locale\" content=\"es_ES\" \/>\n<meta property=\"og:type\" content=\"article\" \/>\n<meta property=\"og:title\" content=\"SECRETARIA DE SEGURIDAD DEL MUNICIPIO DE TORNQUIST: HECHOS POLICIALES - CELTTV\" \/>\n<meta property=\"og:description\" content=\"Sitio web de noticias de la localidad de Tornquist, provincia de Buenos Aires, Rep\u00fablica Argentina. Contenido propio originado por periodistas de CELTTV, el canal de TV local de la Cooperativa El\u00e9ctrica de Tornquist. Turismo, Pol\u00edtica, Sociedad, Deporte, Cultura y todo el contenido de inter\u00e9s general que la gente del pueblo y la regi\u00f3n debe conocer.\" \/>\n<meta property=\"og:url\" content=\"https:\/\/www.celttv.com.ar\/index.php\/2018\/12\/26\/secretaria-de-seguridad-del-municipio-de-tornquist-hechos-policiales\/\" \/>\n<meta property=\"og:site_name\" content=\"CELTTV\" \/>\n<meta property=\"article:publisher\" content=\"https:\/\/www.facebook.com\/celtTV\/\" \/>\n<meta property=\"article:published_time\" content=\"2018-12-26T22:50:21+00:00\" \/>\n<meta property=\"og:image\" content=\"https:\/\/www.celttv.com.ar\/wp-content\/uploads\/2018\/12\/choquee.jpg\" \/>\n\t<meta property=\"og:image:width\" content=\"700\" \/>\n\t<meta property=\"og:image:height\" content=\"497\" \/>\n\t<meta property=\"og:image:type\" content=\"image\/jpeg\" \/>\n<meta name=\"author\" content=\"ulises\" \/>\n<meta name=\"twitter:card\" content=\"summary_large_image\" \/>\n<meta name=\"twitter:label1\" content=\"Escrito por\" \/>\n\t<meta name=\"twitter:data1\" content=\"ulises\" \/>\n\t<meta name=\"twitter:label2\" content=\"Tiempo de lectura\" \/>\n\t<meta name=\"twitter:data2\" content=\"4 minutos\" \/>\n<script type=\"application\/ld+json\" class=\"yoast-schema-graph\">{\"@context\":\"https:\/\/schema.org\",\"@graph\":[{\"@type\":\"NewsArticle\",\"@id\":\"https:\/\/www.celttv.com.ar\/index.php\/2018\/12\/26\/secretaria-de-seguridad-del-municipio-de-tornquist-hechos-policiales\/#article\",\"isPartOf\":{\"@id\":\"https:\/\/www.celttv.com.ar\/index.php\/2018\/12\/26\/secretaria-de-seguridad-del-municipio-de-tornquist-hechos-policiales\/\"},\"author\":{\"name\":\"ulises\",\"@id\":\"https:\/\/www.celttv.com.ar\/#\/schema\/person\/6d99c072dba59953809c81446e9d0ace\"},\"headline\":\"SECRETARIA DE SEGURIDAD DEL MUNICIPIO DE TORNQUIST: HECHOS POLICIALES\",\"datePublished\":\"2018-12-26T22:50:21+00:00\",\"dateModified\":\"2018-12-26T22:50:21+00:00\",\"mainEntityOfPage\":{\"@id\":\"https:\/\/www.celttv.com.ar\/index.php\/2018\/12\/26\/secretaria-de-seguridad-del-municipio-de-tornquist-hechos-policiales\/\"},\"wordCount\":814,\"publisher\":{\"@id\":\"https:\/\/www.celttv.com.ar\/#organization\"},\"articleSection\":[\"Celt TV Noticias\",\"Comunidad\",\"Destacadas\",\"Policiales\"],\"inLanguage\":\"es\"},{\"@type\":\"WebPage\",\"@id\":\"https:\/\/www.celttv.com.ar\/index.php\/2018\/12\/26\/secretaria-de-seguridad-del-municipio-de-tornquist-hechos-policiales\/\",\"url\":\"https:\/\/www.celttv.com.ar\/index.php\/2018\/12\/26\/secretaria-de-seguridad-del-municipio-de-tornquist-hechos-policiales\/\",\"name\":\"SECRETARIA DE SEGURIDAD DEL MUNICIPIO DE TORNQUIST: HECHOS POLICIALES - CELTTV\",\"isPartOf\":{\"@id\":\"https:\/\/www.celttv.com.ar\/#website\"},\"datePublished\":\"2018-12-26T22:50:21+00:00\",\"dateModified\":\"2018-12-26T22:50:21+00:00\",\"description\":\"Sitio web de noticias de la localidad de Tornquist, provincia de Buenos Aires, Rep\u00fablica Argentina. Contenido propio originado por periodistas de CELTTV, el canal de TV local de la Cooperativa El\u00e9ctrica de Tornquist. Turismo, Pol\u00edtica, Sociedad, Deporte, Cultura y todo el contenido de inter\u00e9s general que la gente del pueblo y la regi\u00f3n debe conocer.\",\"breadcrumb\":{\"@id\":\"https:\/\/www.celttv.com.ar\/index.php\/2018\/12\/26\/secretaria-de-seguridad-del-municipio-de-tornquist-hechos-policiales\/#breadcrumb\"},\"inLanguage\":\"es\",\"potentialAction\":[{\"@type\":\"ReadAction\",\"target\":[\"https:\/\/www.celttv.com.ar\/index.php\/2018\/12\/26\/secretaria-de-seguridad-del-municipio-de-tornquist-hechos-policiales\/\"]}]},{\"@type\":\"BreadcrumbList\",\"@id\":\"https:\/\/www.celttv.com.ar\/index.php\/2018\/12\/26\/secretaria-de-seguridad-del-municipio-de-tornquist-hechos-policiales\/#breadcrumb\",\"itemListElement\":[{\"@type\":\"ListItem\",\"position\":1,\"name\":\"Inicio\",\"item\":\"https:\/\/www.celttv.com.ar\/\"},{\"@type\":\"ListItem\",\"position\":2,\"name\":\"SECRETARIA DE SEGURIDAD DEL MUNICIPIO DE TORNQUIST: HECHOS POLICIALES\"}]},{\"@type\":\"WebSite\",\"@id\":\"https:\/\/www.celttv.com.ar\/#website\",\"url\":\"https:\/\/www.celttv.com.ar\/\",\"name\":\"CELTTV\",\"description\":\"Cooperativa El\u00e9ctrica de Tornquist\",\"publisher\":{\"@id\":\"https:\/\/www.celttv.com.ar\/#organization\"},\"potentialAction\":[{\"@type\":\"SearchAction\",\"target\":{\"@type\":\"EntryPoint\",\"urlTemplate\":\"https:\/\/www.celttv.com.ar\/?s={search_term_string}\"},\"query-input\":\"required name=search_term_string\"}],\"inLanguage\":\"es\"},{\"@type\":\"Organization\",\"@id\":\"https:\/\/www.celttv.com.ar\/#organization\",\"name\":\"CELTTV\",\"url\":\"https:\/\/www.celttv.com.ar\/\",\"sameAs\":[\"https:\/\/www.youtube.com\/channel\/UCz_oIt8Hig64Ub-EmcNPIhg\",\"https:\/\/www.facebook.com\/celtTV\/\"],\"logo\":{\"@type\":\"ImageObject\",\"inLanguage\":\"es\",\"@id\":\"https:\/\/www.celttv.com.ar\/#\/schema\/logo\/image\/\",\"url\":\"http:\/\/www.celttv.com.ar\/wp-content\/uploads\/2022\/08\/logo-1.png\",\"contentUrl\":\"http:\/\/www.celttv.com.ar\/wp-content\/uploads\/2022\/08\/logo-1.png\",\"width\":461,\"height\":159,\"caption\":\"CELTTV\"},\"image\":{\"@id\":\"https:\/\/www.celttv.com.ar\/#\/schema\/logo\/image\/\"}},{\"@type\":\"Person\",\"@id\":\"https:\/\/www.celttv.com.ar\/#\/schema\/person\/6d99c072dba59953809c81446e9d0ace\",\"name\":\"ulises\",\"image\":{\"@type\":\"ImageObject\",\"inLanguage\":\"es\",\"@id\":\"https:\/\/www.celttv.com.ar\/#\/schema\/person\/image\/\",\"url\":\"https:\/\/secure.gravatar.com\/avatar\/7f2c48bdc33b30088f941fb6082e555f2874c98e20cb159d7b92b50eadfce793?s=96&d=mm&r=g\",\"contentUrl\":\"https:\/\/secure.gravatar.com\/avatar\/7f2c48bdc33b30088f941fb6082e555f2874c98e20cb159d7b92b50eadfce793?s=96&d=mm&r=g\",\"caption\":\"ulises\"},\"sameAs\":[\"http:\/\/www.celttv.com.ar\"]}]}<\/script>\n<!-- \/ Yoast SEO plugin. -->","yoast_head_json":{"title":"SECRETARIA DE SEGURIDAD DEL MUNICIPIO DE TORNQUIST: HECHOS POLICIALES - CELTTV","description":"Sitio web de noticias de la localidad de Tornquist, provincia de Buenos Aires, Rep\u00fablica Argentina. Contenido propio originado por periodistas de CELTTV, el canal de TV local de la Cooperativa El\u00e9ctrica de Tornquist. Turismo, Pol\u00edtica, Sociedad, Deporte, Cultura y todo el contenido de inter\u00e9s general que la gente del pueblo y la regi\u00f3n debe conocer.","robots":{"index":"index","follow":"follow","max-snippet":"max-snippet:-1","max-image-preview":"max-image-preview:large","max-video-preview":"max-video-preview:-1"},"canonical":"https:\/\/www.celttv.com.ar\/index.php\/2018\/12\/26\/secretaria-de-seguridad-del-municipio-de-tornquist-hechos-policiales\/","og_locale":"es_ES","og_type":"article","og_title":"SECRETARIA DE SEGURIDAD DEL MUNICIPIO DE TORNQUIST: HECHOS POLICIALES - CELTTV","og_description":"Sitio web de noticias de la localidad de Tornquist, provincia de Buenos Aires, Rep\u00fablica Argentina. Contenido propio originado por periodistas de CELTTV, el canal de TV local de la Cooperativa El\u00e9ctrica de Tornquist. Turismo, Pol\u00edtica, Sociedad, Deporte, Cultura y todo el contenido de inter\u00e9s general que la gente del pueblo y la regi\u00f3n debe conocer.","og_url":"https:\/\/www.celttv.com.ar\/index.php\/2018\/12\/26\/secretaria-de-seguridad-del-municipio-de-tornquist-hechos-policiales\/","og_site_name":"CELTTV","article_publisher":"https:\/\/www.facebook.com\/celtTV\/","article_published_time":"2018-12-26T22:50:21+00:00","og_image":[{"width":700,"height":497,"url":"https:\/\/www.celttv.com.ar\/wp-content\/uploads\/2018\/12\/choquee.jpg","type":"image\/jpeg"}],"author":"ulises","twitter_card":"summary_large_image","twitter_misc":{"Escrito por":"ulises","Tiempo de lectura":"4 minutos"},"schema":{"@context":"https:\/\/schema.org","@graph":[{"@type":"NewsArticle","@id":"https:\/\/www.celttv.com.ar\/index.php\/2018\/12\/26\/secretaria-de-seguridad-del-municipio-de-tornquist-hechos-policiales\/#article","isPartOf":{"@id":"https:\/\/www.celttv.com.ar\/index.php\/2018\/12\/26\/secretaria-de-seguridad-del-municipio-de-tornquist-hechos-policiales\/"},"author":{"name":"ulises","@id":"https:\/\/www.celttv.com.ar\/#\/schema\/person\/6d99c072dba59953809c81446e9d0ace"},"headline":"SECRETARIA DE SEGURIDAD DEL MUNICIPIO DE TORNQUIST: HECHOS POLICIALES","datePublished":"2018-12-26T22:50:21+00:00","dateModified":"2018-12-26T22:50:21+00:00","mainEntityOfPage":{"@id":"https:\/\/www.celttv.com.ar\/index.php\/2018\/12\/26\/secretaria-de-seguridad-del-municipio-de-tornquist-hechos-policiales\/"},"wordCount":814,"publisher":{"@id":"https:\/\/www.celttv.com.ar\/#organization"},"articleSection":["Celt TV Noticias","Comunidad","Destacadas","Policiales"],"inLanguage":"es"},{"@type":"WebPage","@id":"https:\/\/www.celttv.com.ar\/index.php\/2018\/12\/26\/secretaria-de-seguridad-del-municipio-de-tornquist-hechos-policiales\/","url":"https:\/\/www.celttv.com.ar\/index.php\/2018\/12\/26\/secretaria-de-seguridad-del-municipio-de-tornquist-hechos-policiales\/","name":"SECRETARIA DE SEGURIDAD DEL MUNICIPIO DE TORNQUIST: HECHOS POLICIALES - CELTTV","isPartOf":{"@id":"https:\/\/www.celttv.com.ar\/#website"},"datePublished":"2018-12-26T22:50:21+00:00","dateModified":"2018-12-26T22:50:21+00:00","description":"Sitio web de noticias de la localidad de Tornquist, provincia de Buenos Aires, Rep\u00fablica Argentina. Contenido propio originado por periodistas de CELTTV, el canal de TV local de la Cooperativa El\u00e9ctrica de Tornquist. Turismo, Pol\u00edtica, Sociedad, Deporte, Cultura y todo el contenido de inter\u00e9s general que la gente del pueblo y la regi\u00f3n debe conocer.","breadcrumb":{"@id":"https:\/\/www.celttv.com.ar\/index.php\/2018\/12\/26\/secretaria-de-seguridad-del-municipio-de-tornquist-hechos-policiales\/#breadcrumb"},"inLanguage":"es","potentialAction":[{"@type":"ReadAction","target":["https:\/\/www.celttv.com.ar\/index.php\/2018\/12\/26\/secretaria-de-seguridad-del-municipio-de-tornquist-hechos-policiales\/"]}]},{"@type":"BreadcrumbList","@id":"https:\/\/www.celttv.com.ar\/index.php\/2018\/12\/26\/secretaria-de-seguridad-del-municipio-de-tornquist-hechos-policiales\/#breadcrumb","itemListElement":[{"@type":"ListItem","position":1,"name":"Inicio","item":"https:\/\/www.celttv.com.ar\/"},{"@type":"ListItem","position":2,"name":"SECRETARIA DE SEGURIDAD DEL MUNICIPIO DE TORNQUIST: HECHOS POLICIALES"}]},{"@type":"WebSite","@id":"https:\/\/www.celttv.com.ar\/#website","url":"https:\/\/www.celttv.com.ar\/","name":"CELTTV","description":"Cooperativa El\u00e9ctrica de Tornquist","publisher":{"@id":"https:\/\/www.celttv.com.ar\/#organization"},"potentialAction":[{"@type":"SearchAction","target":{"@type":"EntryPoint","urlTemplate":"https:\/\/www.celttv.com.ar\/?s={search_term_string}"},"query-input":"required name=search_term_string"}],"inLanguage":"es"},{"@type":"Organization","@id":"https:\/\/www.celttv.com.ar\/#organization","name":"CELTTV","url":"https:\/\/www.celttv.com.ar\/","sameAs":["https:\/\/www.youtube.com\/channel\/UCz_oIt8Hig64Ub-EmcNPIhg","https:\/\/www.facebook.com\/celtTV\/"],"logo":{"@type":"ImageObject","inLanguage":"es","@id":"https:\/\/www.celttv.com.ar\/#\/schema\/logo\/image\/","url":"http:\/\/www.celttv.com.ar\/wp-content\/uploads\/2022\/08\/logo-1.png","contentUrl":"http:\/\/www.celttv.com.ar\/wp-content\/uploads\/2022\/08\/logo-1.png","width":461,"height":159,"caption":"CELTTV"},"image":{"@id":"https:\/\/www.celttv.com.ar\/#\/schema\/logo\/image\/"}},{"@type":"Person","@id":"https:\/\/www.celttv.com.ar\/#\/schema\/person\/6d99c072dba59953809c81446e9d0ace","name":"ulises","image":{"@type":"ImageObject","inLanguage":"es","@id":"https:\/\/www.celttv.com.ar\/#\/schema\/person\/image\/","url":"https:\/\/secure.gravatar.com\/avatar\/7f2c48bdc33b30088f941fb6082e555f2874c98e20cb159d7b92b50eadfce793?s=96&d=mm&r=g","contentUrl":"https:\/\/secure.gravatar.com\/avatar\/7f2c48bdc33b30088f941fb6082e555f2874c98e20cb159d7b92b50eadfce793?s=96&d=mm&r=g","caption":"ulises"},"sameAs":["http:\/\/www.celttv.com.ar"]}]}},"_links":{"self":[{"href":"https:\/\/www.celttv.com.ar\/index.php\/wp-json\/wp\/v2\/posts\/39212","targetHints":{"allow":["GET"]}}],"collection":[{"href":"https:\/\/www.celttv.com.ar\/index.php\/wp-json\/wp\/v2\/posts"}],"about":[{"href":"https:\/\/www.celttv.com.ar\/index.php\/wp-json\/wp\/v2\/types\/post"}],"author":[{"embeddable":true,"href":"https:\/\/www.celttv.com.ar\/index.php\/wp-json\/wp\/v2\/users\/1"}],"replies":[{"embeddable":true,"href":"https:\/\/www.celttv.com.ar\/index.php\/wp-json\/wp\/v2\/comments?post=39212"}],"version-history":[{"count":0,"href":"https:\/\/www.celttv.com.ar\/index.php\/wp-json\/wp\/v2\/posts\/39212\/revisions"}],"wp:featuredmedia":[{"embeddable":true,"href":"https:\/\/www.celttv.com.ar\/index.php\/wp-json\/wp\/v2\/media\/39213"}],"wp:attachment":[{"href":"https:\/\/www.celttv.com.ar\/index.php\/wp-json\/wp\/v2\/media?parent=39212"}],"wp:term":[{"taxonomy":"category","embeddable":true,"href":"https:\/\/www.celttv.com.ar\/index.php\/wp-json\/wp\/v2\/categories?post=39212"},{"taxonomy":"post_tag","embeddable":true,"href":"https:\/\/www.celttv.com.ar\/index.php\/wp-json\/wp\/v2\/tags?post=39212"}],"curies":[{"name":"wp","href":"https:\/\/api.w.org\/{rel}","templated":true}]}}